{"id":15164,"date":"2025-06-01T13:04:49","date_gmt":"2025-06-01T16:04:49","guid":{"rendered":"https:\/\/nuevodigitaldeescobar.com.ar\/?p=15164"},"modified":"2025-06-01T13:05:01","modified_gmt":"2025-06-01T16:05:01","slug":"marcas-de-ropa-bajan-precios-y-adelantan-liquidaciones-por-la-caida-del-consumo-y-el-avance-de-la-importacion","status":"publish","type":"post","link":"https:\/\/nuevodigitaldeescobar.com.ar\/?p=15164","title":{"rendered":"Marcas de ropa bajan precios y adelantan liquidaciones por la ca\u00edda del consumo y el avance de la importaci\u00f3n"},"content":{"rendered":"\n<p class=\"has-vivid-cyan-blue-color has-text-color has-link-color wp-elements-16c8d4fe1762578cc3105bb8176950cc\"><em><strong>Ante un escenario de ventas en picada, precios en baja y presi\u00f3n externa, las principales marcas de indumentaria del pa\u00eds ajustan sus estrategias. Desde grandes cadenas hasta etiquetas urbanas y de dise\u00f1o, el sector textil atraviesa un momento delicado: el consumo se retrae y las importaciones crecen de forma acelerada.<\/strong><\/em><\/p>\n\n\n\n<!--more-->\n\n\n\n<p>Seg\u00fan datos recientes de la C\u00e1mara Industrial Argentina de la Indumentaria (CIAI), entre enero y abril de este a\u00f1o las importaciones crecieron un 83% en d\u00f3lares y un 121% en volumen, con un precio promedio por prenda un 17% m\u00e1s bajo que en 2024. Esta situaci\u00f3n deriv\u00f3 en promociones agresivas, ajustes de m\u00e1rgenes y liquidaciones anticipadas.<\/p>\n\n\n\n<p>Algunas marcas como <strong>Etiqueta Negra<\/strong>, <strong>Gola<\/strong> y <strong>Equus<\/strong> bajaron sus precios de lista entre un 10% y un 40%, en un intento por recuperar terreno frente al aumento de productos extranjeros. <em>\u201cNos adaptamos a la reducci\u00f3n de aranceles para importaci\u00f3n y lo trasladamos al consumidor\u201d<\/em>, explic\u00f3 Federico \u00c1lvarez Castillo, titular de las dos primeras marcas.<\/p>\n\n\n\n<p>Desde <strong>Equus<\/strong>, sus CEOs Pedro y Mart\u00edn Wolfsohn remarcaron que buscan acompa\u00f1ar al consumidor argentino <em>\u201ccon calidad y precios accesibles\u201d<\/em>, en una estrategia de largo plazo.<\/p>\n\n\n\n<p>La baja de aranceles dispuesta por el Gobierno \u2014que pas\u00f3 del 35% al 20% para indumentaria y calzado, y baj\u00f3 tambi\u00e9n para tejidos e hilados\u2014 tambi\u00e9n gener\u00f3 un nuevo mapa para los fabricantes locales. Marcas como <strong>Cheeky<\/strong>, <strong>Como Quieras<\/strong> y <strong>Awada<\/strong>, pertenecientes al grupo Altatex, ya ven\u00edan preparando una estrategia de ajuste: redujeron m\u00e1rgenes, mantuvieron promociones activas y priorizaron el volumen de ventas antes que la rentabilidad.<\/p>\n\n\n\n<p><em>\u201cSi import\u00e1ramos m\u00e1s, bajar\u00edan los costos, pero destruir\u00edamos empleo nacional. Buscamos un equilibrio\u201d<\/em>, dijeron desde Altatex, que tambi\u00e9n modific\u00f3 su pol\u00edtica de precios internos y mantuvo ofertas como 2&#215;1 y 3&#215;2 en muchos productos.<\/p>\n\n\n\n<p><strong>Grisino<\/strong> y <strong>Mimo<\/strong> tambi\u00e9n se sumaron a las rebajas, con descuentos de hasta 50%. En tanto, el grupo <strong>Mazalosa<\/strong> (Portsaid, System Basic y Desiderata) adopt\u00f3 una pol\u00edtica de precios sostenida, revisando estructuras internas y fortaleciendo su programa de fidelizaci\u00f3n, que ya tiene 15 a\u00f1os de vigencia. <em>\u201cTrabajamos precio sobre precio desde hace dos temporadas. Analizamos art\u00edculo por art\u00edculo lo que pasa con nuestras clientas\u201d<\/em>, indic\u00f3 \u00c1lvaro P\u00e9rez Esquivel, vocero del grupo.<\/p>\n\n\n\n<p>Por otro lado, el empresario Roly Tarrab \u2014due\u00f1o de <strong>Billabong<\/strong> y <strong>Element<\/strong>\u2014 sostuvo que no apelar\u00e1n a promociones masivas porque sus precios ya est\u00e1n alineados con los valores internacionales. En cambio, invirtieron en la apertura de nuevos locales y mantendr\u00e1n los precios de esta temporada iguales a los del verano pasado.<\/p>\n\n\n\n<p>Desde la industria textil coinciden: <em>\u201cEn mayo, el consumo se fren\u00f3. El mercado est\u00e1 parado y las marcas necesitan liquidez para afrontar la pr\u00f3xima producci\u00f3n\u201d<\/em>. Las rebajas, por tanto, son tan necesarias como inevitables.<\/p>\n\n\n\n<h3 class=\"wp-block-heading has-text-color has-link-color wp-elements-0e95c8fe49a7e98171c171ca1a76877e\" style=\"color:#0648c2\"><em>Importaciones en alza y exportaciones en baja<\/em><\/h3>\n\n\n\n<p>El nuevo esquema de apertura comercial impact\u00f3 de lleno en el mercado local. En los primeros cuatro meses del a\u00f1o, Argentina import\u00f3 ropa por USD 224 millones, con un salto del 171% solo en abril. El 57% del volumen provino de China, con un precio promedio por unidad de apenas USD 13.<\/p>\n\n\n\n<p>Los productos m\u00e1s ingresados fueron abrigos, sweaters y pantalones, que aumentaron m\u00e1s de un 70% en valor y hasta un 90% en volumen. En el caso de remeras y ropa interior femenina, los precios promedios bajaron hasta un 48%, generando una fuerte presi\u00f3n sobre la producci\u00f3n nacional.<\/p>\n\n\n\n<p>A contramano, las exportaciones cayeron un 18% en d\u00f3lares y un 21% en volumen. El valor promedio por prenda exportada fue de USD 32,3, una suba marginal del 3,8%, insuficiente para compensar la ca\u00edda del mercado interno.<\/p>\n\n\n\n<p>En un contexto en el que el consumidor cuida cada peso, las marcas locales apuestan a descuentos, promociones y precios m\u00e1s competitivos para sobrevivir a una temporada que \u2014seg\u00fan advierten desde el sector\u2014 ser\u00e1 de alto riesgo.<\/p>\n","protected":false},"excerpt":{"rendered":"<p>Ante un escenario de ventas en picada, precios en baja y presi\u00f3n externa, las principales marcas de indumentaria del pa\u00eds ajustan sus estrategias. Desde grandes [&hellip;]<\/p>\n","protected":false},"author":1,"featured_media":8316,"comment_status":"open","ping_status":"open","sticky":false,"template":"","format":"standard","meta":{"footnotes":""},"categories":[10],"tags":[],"class_list":["post-15164","post","type-post","status-publish","format-standard","has-post-thumbnail","hentry","category-economia"],"better_featured_image":{"id":8316,"alt_text":"","caption":"","description":"","media_type":"image","media_details":{"width":720,"height":479,"file":"2024\/09\/consumo-masivo-ropa-vestimenta-e1727284197804.jpg","filesize":116417,"sizes":{"medium":{"file":"consumo-masivo-ropa-vestimenta-300x200.jpg","width":300,"height":200,"mime-type":"image\/jpeg","filesize":13770,"source_url":"https:\/\/nuevodigitaldeescobar.com.ar\/wp-content\/uploads\/2024\/09\/consumo-masivo-ropa-vestimenta-300x200.jpg"},"large":{"file":"consumo-masivo-ropa-vestimenta-1024x681.jpg","width":1024,"height":681,"mime-type":"image\/jpeg","filesize":77857,"source_url":"https:\/\/nuevodigitaldeescobar.com.ar\/wp-content\/uploads\/2024\/09\/consumo-masivo-ropa-vestimenta-1024x681.jpg"},"thumbnail":{"file":"consumo-masivo-ropa-vestimenta-150x150.jpg","width":150,"height":150,"mime-type":"image\/jpeg","filesize":6737,"source_url":"https:\/\/nuevodigitaldeescobar.com.ar\/wp-content\/uploads\/2024\/09\/consumo-masivo-ropa-vestimenta-150x150.jpg"},"medium_large":{"file":"consumo-masivo-ropa-vestimenta-768x511.jpg","width":768,"height":511,"mime-type":"image\/jpeg","filesize":51574,"source_url":"https:\/\/nuevodigitaldeescobar.com.ar\/wp-content\/uploads\/2024\/09\/consumo-masivo-ropa-vestimenta-768x511.jpg"}},"image_meta":{"aperture":"0","credit":"","camera":"","caption":"","created_timestamp":"0","copyright":"","focal_length":"0","iso":"0","shutter_speed":"0","title":"","orientation":"0","keywords":[]}},"post":8315,"source_url":"https:\/\/nuevodigitaldeescobar.com.ar\/wp-content\/uploads\/2024\/09\/consumo-masivo-ropa-vestimenta-e1727284197804.jpg"},"yoast_head":"<!-- This site is optimized with the Yoast SEO plugin v26.1.1 - https:\/\/yoast.com\/wordpress\/plugins\/seo\/ -->\n<title>Marcas de ropa bajan precios y adelantan liquidaciones por la ca\u00edda del consumo y el avance de la importaci\u00f3n - Nuevo Digital de Escobar<\/title>\n<meta name=\"robots\" content=\"index, follow, max-snippet:-1, max-image-preview:large, max-video-preview:-1\" \/>\n<link rel=\"canonical\" href=\"https:\/\/nuevodigitaldeescobar.com.ar\/?p=15164\" \/>\n<meta property=\"og:locale\" content=\"es_ES\" \/>\n<meta property=\"og:type\" content=\"article\" \/>\n<meta property=\"og:title\" content=\"Marcas de ropa bajan precios y adelantan liquidaciones por la ca\u00edda del consumo y el avance de la importaci\u00f3n - Nuevo Digital de Escobar\" \/>\n<meta property=\"og:description\" content=\"Ante un escenario de ventas en picada, precios en baja y presi\u00f3n externa, las principales marcas de indumentaria del pa\u00eds ajustan sus estrategias. Desde grandes [&hellip;]\" \/>\n<meta property=\"og:url\" content=\"https:\/\/nuevodigitaldeescobar.com.ar\/?p=15164\" \/>\n<meta property=\"og:site_name\" content=\"Nuevo Digital de Escobar\" \/>\n<meta property=\"article:publisher\" content=\"https:\/\/www.facebook.com\/NUEVODigitalDeEscobar\" \/>\n<meta property=\"article:published_time\" content=\"2025-06-01T16:04:49+00:00\" \/>\n<meta property=\"article:modified_time\" content=\"2025-06-01T16:05:01+00:00\" \/>\n<meta property=\"og:image\" content=\"https:\/\/nuevodigitaldeescobar.com.ar\/wp-content\/uploads\/2024\/09\/consumo-masivo-ropa-vestimenta-e1727284197804.jpg\" \/>\n\t<meta property=\"og:image:width\" content=\"720\" \/>\n\t<meta property=\"og:image:height\" content=\"479\" \/>\n\t<meta property=\"og:image:type\" content=\"image\/jpeg\" \/>\n<meta name=\"author\" content=\"Redacci\u00f3n\" \/>\n<meta name=\"twitter:card\" content=\"summary_large_image\" \/>\n<meta name=\"twitter:creator\" content=\"@nuevodigescobar\" \/>\n<meta name=\"twitter:site\" content=\"@nuevodigescobar\" \/>\n<meta name=\"twitter:label1\" content=\"Escrito por\" \/>\n\t<meta name=\"twitter:data1\" content=\"Redacci\u00f3n\" \/>\n\t<meta name=\"twitter:label2\" content=\"Tiempo de lectura\" \/>\n\t<meta name=\"twitter:data2\" content=\"3 minutos\" \/>\n<script type=\"application\/ld+json\" class=\"yoast-schema-graph\">{\"@context\":\"https:\/\/schema.org\",\"@graph\":[{\"@type\":\"Article\",\"@id\":\"https:\/\/nuevodigitaldeescobar.com.ar\/?p=15164#article\",\"isPartOf\":{\"@id\":\"https:\/\/nuevodigitaldeescobar.com.ar\/?p=15164\"},\"author\":{\"name\":\"Redacci\u00f3n\",\"@id\":\"https:\/\/nuevodigitaldeescobar.com.ar\/#\/schema\/person\/035e90a8efe9a80e6eec22656ad6ea4c\"},\"headline\":\"Marcas de ropa bajan precios y adelantan liquidaciones por la ca\u00edda del consumo y el avance de la importaci\u00f3n\",\"datePublished\":\"2025-06-01T16:04:49+00:00\",\"dateModified\":\"2025-06-01T16:05:01+00:00\",\"mainEntityOfPage\":{\"@id\":\"https:\/\/nuevodigitaldeescobar.com.ar\/?p=15164\"},\"wordCount\":670,\"commentCount\":0,\"publisher\":{\"@id\":\"https:\/\/nuevodigitaldeescobar.com.ar\/#organization\"},\"image\":{\"@id\":\"https:\/\/nuevodigitaldeescobar.com.ar\/?p=15164#primaryimage\"},\"thumbnailUrl\":\"https:\/\/nuevodigitaldeescobar.com.ar\/wp-content\/uploads\/2024\/09\/consumo-masivo-ropa-vestimenta-e1727284197804.jpg\",\"articleSection\":[\"Econom\u00eda\"],\"inLanguage\":\"es\",\"potentialAction\":[{\"@type\":\"CommentAction\",\"name\":\"Comment\",\"target\":[\"https:\/\/nuevodigitaldeescobar.com.ar\/?p=15164#respond\"]}]},{\"@type\":\"WebPage\",\"@id\":\"https:\/\/nuevodigitaldeescobar.com.ar\/?p=15164\",\"url\":\"https:\/\/nuevodigitaldeescobar.com.ar\/?p=15164\",\"name\":\"Marcas de ropa bajan precios y adelantan liquidaciones por la ca\u00edda del consumo y el avance de la importaci\u00f3n - Nuevo Digital de Escobar\",\"isPartOf\":{\"@id\":\"https:\/\/nuevodigitaldeescobar.com.ar\/#website\"},\"primaryImageOfPage\":{\"@id\":\"https:\/\/nuevodigitaldeescobar.com.ar\/?p=15164#primaryimage\"},\"image\":{\"@id\":\"https:\/\/nuevodigitaldeescobar.com.ar\/?p=15164#primaryimage\"},\"thumbnailUrl\":\"https:\/\/nuevodigitaldeescobar.com.ar\/wp-content\/uploads\/2024\/09\/consumo-masivo-ropa-vestimenta-e1727284197804.jpg\",\"datePublished\":\"2025-06-01T16:04:49+00:00\",\"dateModified\":\"2025-06-01T16:05:01+00:00\",\"breadcrumb\":{\"@id\":\"https:\/\/nuevodigitaldeescobar.com.ar\/?p=15164#breadcrumb\"},\"inLanguage\":\"es\",\"potentialAction\":[{\"@type\":\"ReadAction\",\"target\":[\"https:\/\/nuevodigitaldeescobar.com.ar\/?p=15164\"]}]},{\"@type\":\"ImageObject\",\"inLanguage\":\"es\",\"@id\":\"https:\/\/nuevodigitaldeescobar.com.ar\/?p=15164#primaryimage\",\"url\":\"https:\/\/nuevodigitaldeescobar.com.ar\/wp-content\/uploads\/2024\/09\/consumo-masivo-ropa-vestimenta-e1727284197804.jpg\",\"contentUrl\":\"https:\/\/nuevodigitaldeescobar.com.ar\/wp-content\/uploads\/2024\/09\/consumo-masivo-ropa-vestimenta-e1727284197804.jpg\",\"width\":720,\"height\":479},{\"@type\":\"BreadcrumbList\",\"@id\":\"https:\/\/nuevodigitaldeescobar.com.ar\/?p=15164#breadcrumb\",\"itemListElement\":[{\"@type\":\"ListItem\",\"position\":1,\"name\":\"Portada\",\"item\":\"https:\/\/nuevodigitaldeescobar.com.ar\/\"},{\"@type\":\"ListItem\",\"position\":2,\"name\":\"Marcas de ropa bajan precios y adelantan liquidaciones por la ca\u00edda del consumo y el avance de la importaci\u00f3n\"}]},{\"@type\":\"WebSite\",\"@id\":\"https:\/\/nuevodigitaldeescobar.com.ar\/#website\",\"url\":\"https:\/\/nuevodigitaldeescobar.com.ar\/\",\"name\":\"Nuevo Digital de Escobar\",\"description\":\"La vida escobarense. Directora: Rosana Brunner\",\"publisher\":{\"@id\":\"https:\/\/nuevodigitaldeescobar.com.ar\/#organization\"},\"potentialAction\":[{\"@type\":\"SearchAction\",\"target\":{\"@type\":\"EntryPoint\",\"urlTemplate\":\"https:\/\/nuevodigitaldeescobar.com.ar\/?s={search_term_string}\"},\"query-input\":{\"@type\":\"PropertyValueSpecification\",\"valueRequired\":true,\"valueName\":\"search_term_string\"}}],\"inLanguage\":\"es\"},{\"@type\":\"Organization\",\"@id\":\"https:\/\/nuevodigitaldeescobar.com.ar\/#organization\",\"name\":\"Nuevo Digital de Escobar\",\"url\":\"https:\/\/nuevodigitaldeescobar.com.ar\/\",\"logo\":{\"@type\":\"ImageObject\",\"inLanguage\":\"es\",\"@id\":\"https:\/\/nuevodigitaldeescobar.com.ar\/#\/schema\/logo\/image\/\",\"url\":\"https:\/\/nuevodigitaldeescobar.com.ar\/wp-content\/uploads\/2025\/05\/cropped-logo-nuevo2.jpg\",\"contentUrl\":\"https:\/\/nuevodigitaldeescobar.com.ar\/wp-content\/uploads\/2025\/05\/cropped-logo-nuevo2.jpg\",\"width\":305,\"height\":305,\"caption\":\"Nuevo Digital de Escobar\"},\"image\":{\"@id\":\"https:\/\/nuevodigitaldeescobar.com.ar\/#\/schema\/logo\/image\/\"},\"sameAs\":[\"https:\/\/www.facebook.com\/NUEVODigitalDeEscobar\",\"https:\/\/x.com\/nuevodigescobar\",\"https:\/\/www.instagram.com\/nuevodigitaldeescobar\"]},{\"@type\":\"Person\",\"@id\":\"https:\/\/nuevodigitaldeescobar.com.ar\/#\/schema\/person\/035e90a8efe9a80e6eec22656ad6ea4c\",\"name\":\"Redacci\u00f3n\",\"image\":{\"@type\":\"ImageObject\",\"inLanguage\":\"es\",\"@id\":\"https:\/\/nuevodigitaldeescobar.com.ar\/#\/schema\/person\/image\/\",\"url\":\"https:\/\/secure.gravatar.com\/avatar\/8af8f40000c24e9eef3034f2be5998a372bb1389e64b1a4a36b3a7979142220d?s=96&d=mm&r=g\",\"contentUrl\":\"https:\/\/secure.gravatar.com\/avatar\/8af8f40000c24e9eef3034f2be5998a372bb1389e64b1a4a36b3a7979142220d?s=96&d=mm&r=g\",\"caption\":\"Redacci\u00f3n\"},\"sameAs\":[\"http:\/\/nuevodigitaldeescobar.com.ar\"],\"url\":\"https:\/\/nuevodigitaldeescobar.com.ar\/?author=1\"}]}<\/script>\n<!-- \/ Yoast SEO plugin. -->","yoast_head_json":{"title":"Marcas de ropa bajan precios y adelantan liquidaciones por la ca\u00edda del consumo y el avance de la importaci\u00f3n - Nuevo Digital de Escobar","robots":{"index":"index","follow":"follow","max-snippet":"max-snippet:-1","max-image-preview":"max-image-preview:large","max-video-preview":"max-video-preview:-1"},"canonical":"https:\/\/nuevodigitaldeescobar.com.ar\/?p=15164","og_locale":"es_ES","og_type":"article","og_title":"Marcas de ropa bajan precios y adelantan liquidaciones por la ca\u00edda del consumo y el avance de la importaci\u00f3n - Nuevo Digital de Escobar","og_description":"Ante un escenario de ventas en picada, precios en baja y presi\u00f3n externa, las principales marcas de indumentaria del pa\u00eds ajustan sus estrategias. Desde grandes [&hellip;]","og_url":"https:\/\/nuevodigitaldeescobar.com.ar\/?p=15164","og_site_name":"Nuevo Digital de Escobar","article_publisher":"https:\/\/www.facebook.com\/NUEVODigitalDeEscobar","article_published_time":"2025-06-01T16:04:49+00:00","article_modified_time":"2025-06-01T16:05:01+00:00","og_image":[{"width":720,"height":479,"url":"https:\/\/nuevodigitaldeescobar.com.ar\/wp-content\/uploads\/2024\/09\/consumo-masivo-ropa-vestimenta-e1727284197804.jpg","type":"image\/jpeg"}],"author":"Redacci\u00f3n","twitter_card":"summary_large_image","twitter_creator":"@nuevodigescobar","twitter_site":"@nuevodigescobar","twitter_misc":{"Escrito por":"Redacci\u00f3n","Tiempo de lectura":"3 minutos"},"schema":{"@context":"https:\/\/schema.org","@graph":[{"@type":"Article","@id":"https:\/\/nuevodigitaldeescobar.com.ar\/?p=15164#article","isPartOf":{"@id":"https:\/\/nuevodigitaldeescobar.com.ar\/?p=15164"},"author":{"name":"Redacci\u00f3n","@id":"https:\/\/nuevodigitaldeescobar.com.ar\/#\/schema\/person\/035e90a8efe9a80e6eec22656ad6ea4c"},"headline":"Marcas de ropa bajan precios y adelantan liquidaciones por la ca\u00edda del consumo y el avance de la importaci\u00f3n","datePublished":"2025-06-01T16:04:49+00:00","dateModified":"2025-06-01T16:05:01+00:00","mainEntityOfPage":{"@id":"https:\/\/nuevodigitaldeescobar.com.ar\/?p=15164"},"wordCount":670,"commentCount":0,"publisher":{"@id":"https:\/\/nuevodigitaldeescobar.com.ar\/#organization"},"image":{"@id":"https:\/\/nuevodigitaldeescobar.com.ar\/?p=15164#primaryimage"},"thumbnailUrl":"https:\/\/nuevodigitaldeescobar.com.ar\/wp-content\/uploads\/2024\/09\/consumo-masivo-ropa-vestimenta-e1727284197804.jpg","articleSection":["Econom\u00eda"],"inLanguage":"es","potentialAction":[{"@type":"CommentAction","name":"Comment","target":["https:\/\/nuevodigitaldeescobar.com.ar\/?p=15164#respond"]}]},{"@type":"WebPage","@id":"https:\/\/nuevodigitaldeescobar.com.ar\/?p=15164","url":"https:\/\/nuevodigitaldeescobar.com.ar\/?p=15164","name":"Marcas de ropa bajan precios y adelantan liquidaciones por la ca\u00edda del consumo y el avance de la importaci\u00f3n - Nuevo Digital de Escobar","isPartOf":{"@id":"https:\/\/nuevodigitaldeescobar.com.ar\/#website"},"primaryImageOfPage":{"@id":"https:\/\/nuevodigitaldeescobar.com.ar\/?p=15164#primaryimage"},"image":{"@id":"https:\/\/nuevodigitaldeescobar.com.ar\/?p=15164#primaryimage"},"thumbnailUrl":"https:\/\/nuevodigitaldeescobar.com.ar\/wp-content\/uploads\/2024\/09\/consumo-masivo-ropa-vestimenta-e1727284197804.jpg","datePublished":"2025-06-01T16:04:49+00:00","dateModified":"2025-06-01T16:05:01+00:00","breadcrumb":{"@id":"https:\/\/nuevodigitaldeescobar.com.ar\/?p=15164#breadcrumb"},"inLanguage":"es","potentialAction":[{"@type":"ReadAction","target":["https:\/\/nuevodigitaldeescobar.com.ar\/?p=15164"]}]},{"@type":"ImageObject","inLanguage":"es","@id":"https:\/\/nuevodigitaldeescobar.com.ar\/?p=15164#primaryimage","url":"https:\/\/nuevodigitaldeescobar.com.ar\/wp-content\/uploads\/2024\/09\/consumo-masivo-ropa-vestimenta-e1727284197804.jpg","contentUrl":"https:\/\/nuevodigitaldeescobar.com.ar\/wp-content\/uploads\/2024\/09\/consumo-masivo-ropa-vestimenta-e1727284197804.jpg","width":720,"height":479},{"@type":"BreadcrumbList","@id":"https:\/\/nuevodigitaldeescobar.com.ar\/?p=15164#breadcrumb","itemListElement":[{"@type":"ListItem","position":1,"name":"Portada","item":"https:\/\/nuevodigitaldeescobar.com.ar\/"},{"@type":"ListItem","position":2,"name":"Marcas de ropa bajan precios y adelantan liquidaciones por la ca\u00edda del consumo y el avance de la importaci\u00f3n"}]},{"@type":"WebSite","@id":"https:\/\/nuevodigitaldeescobar.com.ar\/#website","url":"https:\/\/nuevodigitaldeescobar.com.ar\/","name":"Nuevo Digital de Escobar","description":"La vida escobarense. Directora: Rosana Brunner","publisher":{"@id":"https:\/\/nuevodigitaldeescobar.com.ar\/#organization"},"potentialAction":[{"@type":"SearchAction","target":{"@type":"EntryPoint","urlTemplate":"https:\/\/nuevodigitaldeescobar.com.ar\/?s={search_term_string}"},"query-input":{"@type":"PropertyValueSpecification","valueRequired":true,"valueName":"search_term_string"}}],"inLanguage":"es"},{"@type":"Organization","@id":"https:\/\/nuevodigitaldeescobar.com.ar\/#organization","name":"Nuevo Digital de Escobar","url":"https:\/\/nuevodigitaldeescobar.com.ar\/","logo":{"@type":"ImageObject","inLanguage":"es","@id":"https:\/\/nuevodigitaldeescobar.com.ar\/#\/schema\/logo\/image\/","url":"https:\/\/nuevodigitaldeescobar.com.ar\/wp-content\/uploads\/2025\/05\/cropped-logo-nuevo2.jpg","contentUrl":"https:\/\/nuevodigitaldeescobar.com.ar\/wp-content\/uploads\/2025\/05\/cropped-logo-nuevo2.jpg","width":305,"height":305,"caption":"Nuevo Digital de Escobar"},"image":{"@id":"https:\/\/nuevodigitaldeescobar.com.ar\/#\/schema\/logo\/image\/"},"sameAs":["https:\/\/www.facebook.com\/NUEVODigitalDeEscobar","https:\/\/x.com\/nuevodigescobar","https:\/\/www.instagram.com\/nuevodigitaldeescobar"]},{"@type":"Person","@id":"https:\/\/nuevodigitaldeescobar.com.ar\/#\/schema\/person\/035e90a8efe9a80e6eec22656ad6ea4c","name":"Redacci\u00f3n","image":{"@type":"ImageObject","inLanguage":"es","@id":"https:\/\/nuevodigitaldeescobar.com.ar\/#\/schema\/person\/image\/","url":"https:\/\/secure.gravatar.com\/avatar\/8af8f40000c24e9eef3034f2be5998a372bb1389e64b1a4a36b3a7979142220d?s=96&d=mm&r=g","contentUrl":"https:\/\/secure.gravatar.com\/avatar\/8af8f40000c24e9eef3034f2be5998a372bb1389e64b1a4a36b3a7979142220d?s=96&d=mm&r=g","caption":"Redacci\u00f3n"},"sameAs":["http:\/\/nuevodigitaldeescobar.com.ar"],"url":"https:\/\/nuevodigitaldeescobar.com.ar\/?author=1"}]}},"featured_image_urls":{"full":["https:\/\/nuevodigitaldeescobar.com.ar\/wp-content\/uploads\/2024\/09\/consumo-masivo-ropa-vestimenta-e1727284197804.jpg",720,479,false],"thumbnail":["https:\/\/nuevodigitaldeescobar.com.ar\/wp-content\/uploads\/2024\/09\/consumo-masivo-ropa-vestimenta-150x150.jpg",150,150,true],"medium":["https:\/\/nuevodigitaldeescobar.com.ar\/wp-content\/uploads\/2024\/09\/consumo-masivo-ropa-vestimenta-300x200.jpg",300,200,true],"medium_large":["https:\/\/nuevodigitaldeescobar.com.ar\/wp-content\/uploads\/2024\/09\/consumo-masivo-ropa-vestimenta-768x511.jpg",640,426,true],"large":["https:\/\/nuevodigitaldeescobar.com.ar\/wp-content\/uploads\/2024\/09\/consumo-masivo-ropa-vestimenta-1024x681.jpg",640,426,true],"1536x1536":["https:\/\/nuevodigitaldeescobar.com.ar\/wp-content\/uploads\/2024\/09\/consumo-masivo-ropa-vestimenta-e1727284197804.jpg",720,479,false],"2048x2048":["https:\/\/nuevodigitaldeescobar.com.ar\/wp-content\/uploads\/2024\/09\/consumo-masivo-ropa-vestimenta-e1727284197804.jpg",720,479,false]},"author_info":{"display_name":"Redacci\u00f3n","author_link":"https:\/\/nuevodigitaldeescobar.com.ar\/?author=1"},"category_info":"<a href=\"https:\/\/nuevodigitaldeescobar.com.ar\/?cat=10\" rel=\"category\">Econom\u00eda<\/a>","tag_info":"Econom\u00eda","comment_count":"0","_links":{"self":[{"href":"https:\/\/nuevodigitaldeescobar.com.ar\/index.php?rest_route=\/wp\/v2\/posts\/15164","targetHints":{"allow":["GET"]}}],"collection":[{"href":"https:\/\/nuevodigitaldeescobar.com.ar\/index.php?rest_route=\/wp\/v2\/posts"}],"about":[{"href":"https:\/\/nuevodigitaldeescobar.com.ar\/index.php?rest_route=\/wp\/v2\/types\/post"}],"author":[{"embeddable":true,"href":"https:\/\/nuevodigitaldeescobar.com.ar\/index.php?rest_route=\/wp\/v2\/users\/1"}],"replies":[{"embeddable":true,"href":"https:\/\/nuevodigitaldeescobar.com.ar\/index.php?rest_route=%2Fwp%2Fv2%2Fcomments&post=15164"}],"version-history":[{"count":1,"href":"https:\/\/nuevodigitaldeescobar.com.ar\/index.php?rest_route=\/wp\/v2\/posts\/15164\/revisions"}],"predecessor-version":[{"id":15165,"href":"https:\/\/nuevodigitaldeescobar.com.ar\/index.php?rest_route=\/wp\/v2\/posts\/15164\/revisions\/15165"}],"wp:featuredmedia":[{"embeddable":true,"href":"https:\/\/nuevodigitaldeescobar.com.ar\/index.php?rest_route=\/wp\/v2\/media\/8316"}],"wp:attachment":[{"href":"https:\/\/nuevodigitaldeescobar.com.ar\/index.php?rest_route=%2Fwp%2Fv2%2Fmedia&parent=15164"}],"wp:term":[{"taxonomy":"category","embeddable":true,"href":"https:\/\/nuevodigitaldeescobar.com.ar\/index.php?rest_route=%2Fwp%2Fv2%2Fcategories&post=15164"},{"taxonomy":"post_tag","embeddable":true,"href":"https:\/\/nuevodigitaldeescobar.com.ar\/index.php?rest_route=%2Fwp%2Fv2%2Ftags&post=15164"}],"curies":[{"name":"wp","href":"https:\/\/api.w.org\/{rel}","templated":true}]}}