{"id":1517,"date":"2023-12-02T07:00:00","date_gmt":"2023-12-02T10:00:00","guid":{"rendered":"https:\/\/nuevodigitaldeescobar.com.ar\/?p=1517"},"modified":"2023-12-01T19:17:45","modified_gmt":"2023-12-01T22:17:45","slug":"ypf-desplazo-a-su-gerente-financiero-y-otros-dos-directivos-fueron-desvinculados","status":"publish","type":"post","link":"https:\/\/nuevodigitaldeescobar.com.ar\/?p=1517","title":{"rendered":"YPF desplaz\u00f3 a su gerente financiero y otros dos directivos fueron desvinculados"},"content":{"rendered":"<p><span style=\"color: #003366;\"><strong><em>La compa\u00f1\u00eda petrolera inform\u00f3 que Alejandro Lew, gerente financiero de la compa\u00f1\u00eda, dej\u00f3 su cargo a partir de ayer. Adem\u00e1s, le aceptaron la renuncia a un director y anunciaron la desvinculaci\u00f3n del vicepresidente de Sustentabilidad y Excelencia Operacional.<\/em><\/strong><\/span><\/p>\n<p><!--more--><\/p>\n<hr \/>\n<p>YPF inform\u00f3 que Alejandro Lew, gerente financiero de la compa\u00f1\u00eda, dej\u00f3 su cargo a partir de este viernes 1 de diciembre. La compa\u00f1\u00eda petrolera inform\u00f3 su decisi\u00f3n a trav\u00e9s de un breve comunicado enviado a la Comisi\u00f3n Nacional de Valores (CNV).<\/p>\n<p>Por su parte, fuentes oficiales dejaron trascender que el ejecutivo fue desplazado de su cargo por la responsabilidad que habr\u00eda tenido en el desabastecimiento de combustibles que se produjo durante la \u00faltima campa\u00f1a electoral.<\/p>\n<p>En tanto, los faltantes de combustibles comenzaron a registrarse en las provincias durante la \u00faltima etapa de la campa\u00f1a electoral previa a la primera vuelta del 22 de octubre y se extendieron y agudizaron durante el s\u00e1bado anterior a la votaci\u00f3n, cuando el candidato opositor Javier Milei aparec\u00eda con mayores chances y se especulaba con un aumento de precios posterior a las elecciones. Los problemas continuaron en la semana y forzaron la intervenci\u00f3n del gobierno.<\/p>\n<p>En aquel momento, el ministro de Econom\u00eda Sergio Massa responsabiliz\u00f3 a las petroleras privadas por los faltantes. <em>\u00abEn alg\u00fan momento, hubo algunos que especularon que seg\u00fan el resultado electoral iba a haber una devaluaci\u00f3n, entonces por ah\u00ed guardaron. Despu\u00e9s hubo algunos otros que especularon con que venc\u00eda el acuerdo de descongelamiento, y se hablaba del 20 por ciento de aumento, de 40 por ciento de aumento\u00bb<\/em>, remarc\u00f3.<\/p>\n<p>YPF, Axion, Trafigura (Puma) y Ra\u00edzen (Shell), negaron ese fin de semana haber especulado y aseguraron que los faltantes fueron consecuencia de los <em>\u201cniveles extraordinarios de demanda\u201d<\/em>, <em>\u201cuna dependencia mayor a la habitual de importaciones de combustibles por paradas programadas en algunas refiner\u00edas\u201d<\/em> y <em>\u201cm\u00e1s recientemente, una sobredemanda generada por una expectativa de desabastecimiento\u201d<\/em>.<\/p>\n<p>YPF, controlada por el Estado Nacional, reconoci\u00f3 que no ten\u00eda el combustible suficiente para abastecer su demanda y ya desde comienzos de octubre ven\u00eda negociando con el Banco Central para que le habiliten los d\u00f3lares necesarios para importar, habilitaci\u00f3n que reci\u00e9n se destrab\u00f3 cuando el desabastecimiento ya era generalizado.<\/p>\n<p>Desde el gobierno aseguraron por lo bajo en ese momento que YPF hab\u00eda procedido mal porque, meses antes, la empresa se hab\u00eda comprometido con el ministro Massa a no demandar m\u00e1s d\u00f3lares oficiales hasta fin de a\u00f1o, y a financiarse con divisas generadas por sus propias exportaciones, e hicieron responsable a Lew por haber tensado la cuerda al punto de forzar el desabastecimiento. P\u00fablicamente, en cambio, se sigui\u00f3 apuntando contra las petroleras privadas a quienes se acus\u00f3 de especular, pero la relaci\u00f3n entre Massa y Lew qued\u00f3 da\u00f1ada.<\/p>\n<p>Asimismo, YPF tambi\u00e9n inform\u00f3 que le acept\u00f3 la renuncia a Santiago <em>\u201cPatucho\u201d<\/em> \u00c1lvarez a su cargo de director suplente por las acciones clase D, <em>\u201cpor razones de estricta \u00edndole personal\u201d<\/em>. Adem\u00e1s, se inform\u00f3 que \u00c1lvarez <em>\u201cdejar\u00e1 de desempe\u00f1arse como vicepresidente de Asuntos Corporativos, Comunicaci\u00f3n y Marketing a partir del 1 de diciembre\u201d<\/em>. Finalmente, la compa\u00f1\u00eda confirm\u00f3 que Gustavo Medele, dejar\u00e1 de desempe\u00f1arse como vicepresidente de Sustentabilidad y Excelencia Operacional a partir del 7 de diciembre.<\/p>\n<p><em>(Filo.news)<\/em><\/p>\n","protected":false},"excerpt":{"rendered":"<p>La compa\u00f1\u00eda petrolera inform\u00f3 que Alejandro Lew, gerente financiero de la compa\u00f1\u00eda, dej\u00f3 su cargo a partir de ayer. Adem\u00e1s, le aceptaron la renuncia a [&hellip;]<\/p>\n","protected":false},"author":1,"featured_media":1087,"comment_status":"open","ping_status":"closed","sticky":false,"template":"","format":"standard","meta":{"footnotes":""},"categories":[10,6],"tags":[],"class_list":["post-1517","post","type-post","status-publish","format-standard","has-post-thumbnail","hentry","category-economia","category-politica"],"better_featured_image":{"id":1087,"alt_text":"","caption":"","description":"","media_type":"image","media_details":{"width":720,"height":456,"file":"2023\/11\/YPF-e1700569917185.jpg","filesize":100356,"sizes":{"medium":{"file":"YPF-300x190.jpg","width":300,"height":190,"mime-type":"image\/jpeg","filesize":14488,"source_url":"https:\/\/nuevodigitaldeescobar.com.ar\/wp-content\/uploads\/2023\/11\/YPF-300x190.jpg"},"thumbnail":{"file":"YPF-150x150.jpg","width":150,"height":150,"mime-type":"image\/jpeg","filesize":6953,"source_url":"https:\/\/nuevodigitaldeescobar.com.ar\/wp-content\/uploads\/2023\/11\/YPF-150x150.jpg"},"covernews-medium":{"file":"YPF-540x340.jpg","width":540,"height":340,"mime-type":"image\/jpeg","filesize":39491,"source_url":"https:\/\/nuevodigitaldeescobar.com.ar\/wp-content\/uploads\/2023\/11\/YPF-540x340.jpg"},"covernews-medium-square":{"file":"YPF-400x250.jpg","width":400,"height":250,"mime-type":"image\/jpeg","filesize":23727,"source_url":"https:\/\/nuevodigitaldeescobar.com.ar\/wp-content\/uploads\/2023\/11\/YPF-400x250.jpg"}},"image_meta":{"aperture":"0","credit":"","camera":"","caption":"","created_timestamp":"0","copyright":"","focal_length":"0","iso":"0","shutter_speed":"0","title":"","orientation":"0","keywords":[]}},"post":1086,"source_url":"https:\/\/nuevodigitaldeescobar.com.ar\/wp-content\/uploads\/2023\/11\/YPF-e1700569917185.jpg"},"yoast_head":"<!-- This site is optimized with the Yoast SEO plugin v26.1.1 - https:\/\/yoast.com\/wordpress\/plugins\/seo\/ -->\n<title>YPF desplaz\u00f3 a su gerente financiero y otros dos directivos fueron desvinculados - Nuevo Digital de Escobar<\/title>\n<meta name=\"robots\" content=\"index, follow, max-snippet:-1, max-image-preview:large, max-video-preview:-1\" \/>\n<link rel=\"canonical\" href=\"https:\/\/nuevodigitaldeescobar.com.ar\/?p=1517\" \/>\n<meta property=\"og:locale\" content=\"es_ES\" \/>\n<meta property=\"og:type\" content=\"article\" \/>\n<meta property=\"og:title\" content=\"YPF desplaz\u00f3 a su gerente financiero y otros dos directivos fueron desvinculados - Nuevo Digital de Escobar\" \/>\n<meta property=\"og:description\" content=\"La compa\u00f1\u00eda petrolera inform\u00f3 que Alejandro Lew, gerente financiero de la compa\u00f1\u00eda, dej\u00f3 su cargo a partir de ayer. Adem\u00e1s, le aceptaron la renuncia a [&hellip;]\" \/>\n<meta property=\"og:url\" content=\"https:\/\/nuevodigitaldeescobar.com.ar\/?p=1517\" \/>\n<meta property=\"og:site_name\" content=\"Nuevo Digital de Escobar\" \/>\n<meta property=\"article:publisher\" content=\"https:\/\/www.facebook.com\/NUEVODigitalDeEscobar\" \/>\n<meta property=\"article:published_time\" content=\"2023-12-02T10:00:00+00:00\" \/>\n<meta property=\"og:image\" content=\"https:\/\/nuevodigitaldeescobar.com.ar\/wp-content\/uploads\/2023\/11\/YPF-e1700569917185.jpg\" \/>\n\t<meta property=\"og:image:width\" content=\"720\" \/>\n\t<meta property=\"og:image:height\" content=\"456\" \/>\n\t<meta property=\"og:image:type\" content=\"image\/jpeg\" \/>\n<meta name=\"author\" content=\"Redacci\u00f3n\" \/>\n<meta name=\"twitter:card\" content=\"summary_large_image\" \/>\n<meta name=\"twitter:creator\" content=\"@nuevodigescobar\" \/>\n<meta name=\"twitter:site\" content=\"@nuevodigescobar\" \/>\n<meta name=\"twitter:label1\" content=\"Escrito por\" \/>\n\t<meta name=\"twitter:data1\" content=\"Redacci\u00f3n\" \/>\n\t<meta name=\"twitter:label2\" content=\"Tiempo de lectura\" \/>\n\t<meta name=\"twitter:data2\" content=\"3 minutos\" \/>\n<script type=\"application\/ld+json\" class=\"yoast-schema-graph\">{\"@context\":\"https:\/\/schema.org\",\"@graph\":[{\"@type\":\"Article\",\"@id\":\"https:\/\/nuevodigitaldeescobar.com.ar\/?p=1517#article\",\"isPartOf\":{\"@id\":\"https:\/\/nuevodigitaldeescobar.com.ar\/?p=1517\"},\"author\":{\"name\":\"Redacci\u00f3n\",\"@id\":\"https:\/\/nuevodigitaldeescobar.com.ar\/#\/schema\/person\/035e90a8efe9a80e6eec22656ad6ea4c\"},\"headline\":\"YPF desplaz\u00f3 a su gerente financiero y otros dos directivos fueron desvinculados\",\"datePublished\":\"2023-12-02T10:00:00+00:00\",\"mainEntityOfPage\":{\"@id\":\"https:\/\/nuevodigitaldeescobar.com.ar\/?p=1517\"},\"wordCount\":573,\"commentCount\":0,\"publisher\":{\"@id\":\"https:\/\/nuevodigitaldeescobar.com.ar\/#organization\"},\"image\":{\"@id\":\"https:\/\/nuevodigitaldeescobar.com.ar\/?p=1517#primaryimage\"},\"thumbnailUrl\":\"https:\/\/nuevodigitaldeescobar.com.ar\/wp-content\/uploads\/2023\/11\/YPF-e1700569917185.jpg\",\"articleSection\":[\"Econom\u00eda\",\"Pol\u00edtica\"],\"inLanguage\":\"es\",\"potentialAction\":[{\"@type\":\"CommentAction\",\"name\":\"Comment\",\"target\":[\"https:\/\/nuevodigitaldeescobar.com.ar\/?p=1517#respond\"]}]},{\"@type\":\"WebPage\",\"@id\":\"https:\/\/nuevodigitaldeescobar.com.ar\/?p=1517\",\"url\":\"https:\/\/nuevodigitaldeescobar.com.ar\/?p=1517\",\"name\":\"YPF desplaz\u00f3 a su gerente financiero y otros dos directivos fueron desvinculados - Nuevo Digital de Escobar\",\"isPartOf\":{\"@id\":\"https:\/\/nuevodigitaldeescobar.com.ar\/#website\"},\"primaryImageOfPage\":{\"@id\":\"https:\/\/nuevodigitaldeescobar.com.ar\/?p=1517#primaryimage\"},\"image\":{\"@id\":\"https:\/\/nuevodigitaldeescobar.com.ar\/?p=1517#primaryimage\"},\"thumbnailUrl\":\"https:\/\/nuevodigitaldeescobar.com.ar\/wp-content\/uploads\/2023\/11\/YPF-e1700569917185.jpg\",\"datePublished\":\"2023-12-02T10:00:00+00:00\",\"breadcrumb\":{\"@id\":\"https:\/\/nuevodigitaldeescobar.com.ar\/?p=1517#breadcrumb\"},\"inLanguage\":\"es\",\"potentialAction\":[{\"@type\":\"ReadAction\",\"target\":[\"https:\/\/nuevodigitaldeescobar.com.ar\/?p=1517\"]}]},{\"@type\":\"ImageObject\",\"inLanguage\":\"es\",\"@id\":\"https:\/\/nuevodigitaldeescobar.com.ar\/?p=1517#primaryimage\",\"url\":\"https:\/\/nuevodigitaldeescobar.com.ar\/wp-content\/uploads\/2023\/11\/YPF-e1700569917185.jpg\",\"contentUrl\":\"https:\/\/nuevodigitaldeescobar.com.ar\/wp-content\/uploads\/2023\/11\/YPF-e1700569917185.jpg\",\"width\":720,\"height\":456},{\"@type\":\"BreadcrumbList\",\"@id\":\"https:\/\/nuevodigitaldeescobar.com.ar\/?p=1517#breadcrumb\",\"itemListElement\":[{\"@type\":\"ListItem\",\"position\":1,\"name\":\"Portada\",\"item\":\"https:\/\/nuevodigitaldeescobar.com.ar\/\"},{\"@type\":\"ListItem\",\"position\":2,\"name\":\"YPF desplaz\u00f3 a su gerente financiero y otros dos directivos fueron desvinculados\"}]},{\"@type\":\"WebSite\",\"@id\":\"https:\/\/nuevodigitaldeescobar.com.ar\/#website\",\"url\":\"https:\/\/nuevodigitaldeescobar.com.ar\/\",\"name\":\"Nuevo Digital de Escobar\",\"description\":\"La vida escobarense. Directora: Rosana Brunner\",\"publisher\":{\"@id\":\"https:\/\/nuevodigitaldeescobar.com.ar\/#organization\"},\"potentialAction\":[{\"@type\":\"SearchAction\",\"target\":{\"@type\":\"EntryPoint\",\"urlTemplate\":\"https:\/\/nuevodigitaldeescobar.com.ar\/?s={search_term_string}\"},\"query-input\":{\"@type\":\"PropertyValueSpecification\",\"valueRequired\":true,\"valueName\":\"search_term_string\"}}],\"inLanguage\":\"es\"},{\"@type\":\"Organization\",\"@id\":\"https:\/\/nuevodigitaldeescobar.com.ar\/#organization\",\"name\":\"Nuevo Digital de Escobar\",\"url\":\"https:\/\/nuevodigitaldeescobar.com.ar\/\",\"logo\":{\"@type\":\"ImageObject\",\"inLanguage\":\"es\",\"@id\":\"https:\/\/nuevodigitaldeescobar.com.ar\/#\/schema\/logo\/image\/\",\"url\":\"https:\/\/nuevodigitaldeescobar.com.ar\/wp-content\/uploads\/2025\/05\/cropped-logo-nuevo2.jpg\",\"contentUrl\":\"https:\/\/nuevodigitaldeescobar.com.ar\/wp-content\/uploads\/2025\/05\/cropped-logo-nuevo2.jpg\",\"width\":305,\"height\":305,\"caption\":\"Nuevo Digital de Escobar\"},\"image\":{\"@id\":\"https:\/\/nuevodigitaldeescobar.com.ar\/#\/schema\/logo\/image\/\"},\"sameAs\":[\"https:\/\/www.facebook.com\/NUEVODigitalDeEscobar\",\"https:\/\/x.com\/nuevodigescobar\",\"https:\/\/www.instagram.com\/nuevodigitaldeescobar\"]},{\"@type\":\"Person\",\"@id\":\"https:\/\/nuevodigitaldeescobar.com.ar\/#\/schema\/person\/035e90a8efe9a80e6eec22656ad6ea4c\",\"name\":\"Redacci\u00f3n\",\"image\":{\"@type\":\"ImageObject\",\"inLanguage\":\"es\",\"@id\":\"https:\/\/nuevodigitaldeescobar.com.ar\/#\/schema\/person\/image\/\",\"url\":\"https:\/\/secure.gravatar.com\/avatar\/8af8f40000c24e9eef3034f2be5998a372bb1389e64b1a4a36b3a7979142220d?s=96&d=mm&r=g\",\"contentUrl\":\"https:\/\/secure.gravatar.com\/avatar\/8af8f40000c24e9eef3034f2be5998a372bb1389e64b1a4a36b3a7979142220d?s=96&d=mm&r=g\",\"caption\":\"Redacci\u00f3n\"},\"sameAs\":[\"http:\/\/nuevodigitaldeescobar.com.ar\"],\"url\":\"https:\/\/nuevodigitaldeescobar.com.ar\/?author=1\"}]}<\/script>\n<!-- \/ Yoast SEO plugin. -->","yoast_head_json":{"title":"YPF desplaz\u00f3 a su gerente financiero y otros dos directivos fueron desvinculados - Nuevo Digital de Escobar","robots":{"index":"index","follow":"follow","max-snippet":"max-snippet:-1","max-image-preview":"max-image-preview:large","max-video-preview":"max-video-preview:-1"},"canonical":"https:\/\/nuevodigitaldeescobar.com.ar\/?p=1517","og_locale":"es_ES","og_type":"article","og_title":"YPF desplaz\u00f3 a su gerente financiero y otros dos directivos fueron desvinculados - Nuevo Digital de Escobar","og_description":"La compa\u00f1\u00eda petrolera inform\u00f3 que Alejandro Lew, gerente financiero de la compa\u00f1\u00eda, dej\u00f3 su cargo a partir de ayer. Adem\u00e1s, le aceptaron la renuncia a [&hellip;]","og_url":"https:\/\/nuevodigitaldeescobar.com.ar\/?p=1517","og_site_name":"Nuevo Digital de Escobar","article_publisher":"https:\/\/www.facebook.com\/NUEVODigitalDeEscobar","article_published_time":"2023-12-02T10:00:00+00:00","og_image":[{"width":720,"height":456,"url":"https:\/\/nuevodigitaldeescobar.com.ar\/wp-content\/uploads\/2023\/11\/YPF-e1700569917185.jpg","type":"image\/jpeg"}],"author":"Redacci\u00f3n","twitter_card":"summary_large_image","twitter_creator":"@nuevodigescobar","twitter_site":"@nuevodigescobar","twitter_misc":{"Escrito por":"Redacci\u00f3n","Tiempo de lectura":"3 minutos"},"schema":{"@context":"https:\/\/schema.org","@graph":[{"@type":"Article","@id":"https:\/\/nuevodigitaldeescobar.com.ar\/?p=1517#article","isPartOf":{"@id":"https:\/\/nuevodigitaldeescobar.com.ar\/?p=1517"},"author":{"name":"Redacci\u00f3n","@id":"https:\/\/nuevodigitaldeescobar.com.ar\/#\/schema\/person\/035e90a8efe9a80e6eec22656ad6ea4c"},"headline":"YPF desplaz\u00f3 a su gerente financiero y otros dos directivos fueron desvinculados","datePublished":"2023-12-02T10:00:00+00:00","mainEntityOfPage":{"@id":"https:\/\/nuevodigitaldeescobar.com.ar\/?p=1517"},"wordCount":573,"commentCount":0,"publisher":{"@id":"https:\/\/nuevodigitaldeescobar.com.ar\/#organization"},"image":{"@id":"https:\/\/nuevodigitaldeescobar.com.ar\/?p=1517#primaryimage"},"thumbnailUrl":"https:\/\/nuevodigitaldeescobar.com.ar\/wp-content\/uploads\/2023\/11\/YPF-e1700569917185.jpg","articleSection":["Econom\u00eda","Pol\u00edtica"],"inLanguage":"es","potentialAction":[{"@type":"CommentAction","name":"Comment","target":["https:\/\/nuevodigitaldeescobar.com.ar\/?p=1517#respond"]}]},{"@type":"WebPage","@id":"https:\/\/nuevodigitaldeescobar.com.ar\/?p=1517","url":"https:\/\/nuevodigitaldeescobar.com.ar\/?p=1517","name":"YPF desplaz\u00f3 a su gerente financiero y otros dos directivos fueron desvinculados - Nuevo Digital de Escobar","isPartOf":{"@id":"https:\/\/nuevodigitaldeescobar.com.ar\/#website"},"primaryImageOfPage":{"@id":"https:\/\/nuevodigitaldeescobar.com.ar\/?p=1517#primaryimage"},"image":{"@id":"https:\/\/nuevodigitaldeescobar.com.ar\/?p=1517#primaryimage"},"thumbnailUrl":"https:\/\/nuevodigitaldeescobar.com.ar\/wp-content\/uploads\/2023\/11\/YPF-e1700569917185.jpg","datePublished":"2023-12-02T10:00:00+00:00","breadcrumb":{"@id":"https:\/\/nuevodigitaldeescobar.com.ar\/?p=1517#breadcrumb"},"inLanguage":"es","potentialAction":[{"@type":"ReadAction","target":["https:\/\/nuevodigitaldeescobar.com.ar\/?p=1517"]}]},{"@type":"ImageObject","inLanguage":"es","@id":"https:\/\/nuevodigitaldeescobar.com.ar\/?p=1517#primaryimage","url":"https:\/\/nuevodigitaldeescobar.com.ar\/wp-content\/uploads\/2023\/11\/YPF-e1700569917185.jpg","contentUrl":"https:\/\/nuevodigitaldeescobar.com.ar\/wp-content\/uploads\/2023\/11\/YPF-e1700569917185.jpg","width":720,"height":456},{"@type":"BreadcrumbList","@id":"https:\/\/nuevodigitaldeescobar.com.ar\/?p=1517#breadcrumb","itemListElement":[{"@type":"ListItem","position":1,"name":"Portada","item":"https:\/\/nuevodigitaldeescobar.com.ar\/"},{"@type":"ListItem","position":2,"name":"YPF desplaz\u00f3 a su gerente financiero y otros dos directivos fueron desvinculados"}]},{"@type":"WebSite","@id":"https:\/\/nuevodigitaldeescobar.com.ar\/#website","url":"https:\/\/nuevodigitaldeescobar.com.ar\/","name":"Nuevo Digital de Escobar","description":"La vida escobarense. Directora: Rosana Brunner","publisher":{"@id":"https:\/\/nuevodigitaldeescobar.com.ar\/#organization"},"potentialAction":[{"@type":"SearchAction","target":{"@type":"EntryPoint","urlTemplate":"https:\/\/nuevodigitaldeescobar.com.ar\/?s={search_term_string}"},"query-input":{"@type":"PropertyValueSpecification","valueRequired":true,"valueName":"search_term_string"}}],"inLanguage":"es"},{"@type":"Organization","@id":"https:\/\/nuevodigitaldeescobar.com.ar\/#organization","name":"Nuevo Digital de Escobar","url":"https:\/\/nuevodigitaldeescobar.com.ar\/","logo":{"@type":"ImageObject","inLanguage":"es","@id":"https:\/\/nuevodigitaldeescobar.com.ar\/#\/schema\/logo\/image\/","url":"https:\/\/nuevodigitaldeescobar.com.ar\/wp-content\/uploads\/2025\/05\/cropped-logo-nuevo2.jpg","contentUrl":"https:\/\/nuevodigitaldeescobar.com.ar\/wp-content\/uploads\/2025\/05\/cropped-logo-nuevo2.jpg","width":305,"height":305,"caption":"Nuevo Digital de Escobar"},"image":{"@id":"https:\/\/nuevodigitaldeescobar.com.ar\/#\/schema\/logo\/image\/"},"sameAs":["https:\/\/www.facebook.com\/NUEVODigitalDeEscobar","https:\/\/x.com\/nuevodigescobar","https:\/\/www.instagram.com\/nuevodigitaldeescobar"]},{"@type":"Person","@id":"https:\/\/nuevodigitaldeescobar.com.ar\/#\/schema\/person\/035e90a8efe9a80e6eec22656ad6ea4c","name":"Redacci\u00f3n","image":{"@type":"ImageObject","inLanguage":"es","@id":"https:\/\/nuevodigitaldeescobar.com.ar\/#\/schema\/person\/image\/","url":"https:\/\/secure.gravatar.com\/avatar\/8af8f40000c24e9eef3034f2be5998a372bb1389e64b1a4a36b3a7979142220d?s=96&d=mm&r=g","contentUrl":"https:\/\/secure.gravatar.com\/avatar\/8af8f40000c24e9eef3034f2be5998a372bb1389e64b1a4a36b3a7979142220d?s=96&d=mm&r=g","caption":"Redacci\u00f3n"},"sameAs":["http:\/\/nuevodigitaldeescobar.com.ar"],"url":"https:\/\/nuevodigitaldeescobar.com.ar\/?author=1"}]}},"featured_image_urls":{"full":["https:\/\/nuevodigitaldeescobar.com.ar\/wp-content\/uploads\/2023\/11\/YPF-e1700569917185.jpg",720,456,false],"thumbnail":["https:\/\/nuevodigitaldeescobar.com.ar\/wp-content\/uploads\/2023\/11\/YPF-150x150.jpg",150,150,true],"medium":["https:\/\/nuevodigitaldeescobar.com.ar\/wp-content\/uploads\/2023\/11\/YPF-300x190.jpg",300,190,true],"medium_large":["https:\/\/nuevodigitaldeescobar.com.ar\/wp-content\/uploads\/2023\/11\/YPF-e1700569917185.jpg",640,405,false],"large":["https:\/\/nuevodigitaldeescobar.com.ar\/wp-content\/uploads\/2023\/11\/YPF-e1700569917185.jpg",640,405,false],"1536x1536":["https:\/\/nuevodigitaldeescobar.com.ar\/wp-content\/uploads\/2023\/11\/YPF-e1700569917185.jpg",720,456,false],"2048x2048":["https:\/\/nuevodigitaldeescobar.com.ar\/wp-content\/uploads\/2023\/11\/YPF-e1700569917185.jpg",720,456,false]},"author_info":{"display_name":"Redacci\u00f3n","author_link":"https:\/\/nuevodigitaldeescobar.com.ar\/?author=1"},"category_info":"<a href=\"https:\/\/nuevodigitaldeescobar.com.ar\/?cat=10\" rel=\"category\">Econom\u00eda<\/a> <a href=\"https:\/\/nuevodigitaldeescobar.com.ar\/?cat=6\" rel=\"category\">Pol\u00edtica<\/a>","tag_info":"Pol\u00edtica","comment_count":"0","_links":{"self":[{"href":"https:\/\/nuevodigitaldeescobar.com.ar\/index.php?rest_route=\/wp\/v2\/posts\/1517","targetHints":{"allow":["GET"]}}],"collection":[{"href":"https:\/\/nuevodigitaldeescobar.com.ar\/index.php?rest_route=\/wp\/v2\/posts"}],"about":[{"href":"https:\/\/nuevodigitaldeescobar.com.ar\/index.php?rest_route=\/wp\/v2\/types\/post"}],"author":[{"embeddable":true,"href":"https:\/\/nuevodigitaldeescobar.com.ar\/index.php?rest_route=\/wp\/v2\/users\/1"}],"replies":[{"embeddable":true,"href":"https:\/\/nuevodigitaldeescobar.com.ar\/index.php?rest_route=%2Fwp%2Fv2%2Fcomments&post=1517"}],"version-history":[{"count":1,"href":"https:\/\/nuevodigitaldeescobar.com.ar\/index.php?rest_route=\/wp\/v2\/posts\/1517\/revisions"}],"predecessor-version":[{"id":1518,"href":"https:\/\/nuevodigitaldeescobar.com.ar\/index.php?rest_route=\/wp\/v2\/posts\/1517\/revisions\/1518"}],"wp:featuredmedia":[{"embeddable":true,"href":"https:\/\/nuevodigitaldeescobar.com.ar\/index.php?rest_route=\/wp\/v2\/media\/1087"}],"wp:attachment":[{"href":"https:\/\/nuevodigitaldeescobar.com.ar\/index.php?rest_route=%2Fwp%2Fv2%2Fmedia&parent=1517"}],"wp:term":[{"taxonomy":"category","embeddable":true,"href":"https:\/\/nuevodigitaldeescobar.com.ar\/index.php?rest_route=%2Fwp%2Fv2%2Fcategories&post=1517"},{"taxonomy":"post_tag","embeddable":true,"href":"https:\/\/nuevodigitaldeescobar.com.ar\/index.php?rest_route=%2Fwp%2Fv2%2Ftags&post=1517"}],"curies":[{"name":"wp","href":"https:\/\/api.w.org\/{rel}","templated":true}]}}