{"id":15220,"date":"2025-06-02T21:23:38","date_gmt":"2025-06-03T00:23:38","guid":{"rendered":"https:\/\/nuevodigitaldeescobar.com.ar\/?p=15220"},"modified":"2025-06-02T21:23:42","modified_gmt":"2025-06-03T00:23:42","slug":"fuga-persecucion-y-aprehension-en-garin-dos-delincuentes-fueron-reducidos-tras-amenazar-con-un-arma-a-un-policia","status":"publish","type":"post","link":"https:\/\/nuevodigitaldeescobar.com.ar\/?p=15220","title":{"rendered":"Fuga, persecuci\u00f3n y aprehensi\u00f3n en Gar\u00edn: dos delincuentes fueron reducidos tras amenazar con un arma a un polic\u00eda"},"content":{"rendered":"\n<p>Efectivos de la Polic\u00eda Municipal de Escobar y personal del Subcomando lograron la aprehensi\u00f3n de dos sujetos que intentaron evadir un control policial a bordo de una motocicleta de alta cilindrada sin patente, y que posteriormente ingresaron a una vivienda tras intentar intimidar a los agentes con un arma de fuego.<\/p>\n\n\n\n<!--more-->\n\n\n\n<p>El hecho se inici\u00f3 durante un recorrido preventivo en la intersecci\u00f3n de Hip\u00f3lito Yrigoyen y De las Artes, donde personal de la Polic\u00eda Municipal intent\u00f3 identificar una motocicleta CF 400 color negro, sin dominio colocado, con dos ocupantes masculinos.<\/p>\n\n\n\n<p>Al advertir la presencia policial, los sospechosos abandonaron el veh\u00edculo y emprendieron la fuga a pie por calle Yrigoyen en direcci\u00f3n a La Paz. Durante la persecuci\u00f3n, uno de los individuos apunt\u00f3 con un arma de fuego a los efectivos, motivo por el cual un Agente de Polic\u00eda Municipal utiliz\u00f3 el arma no letal BYRNA, efectuando dos disparos que impactaron en la pierna del agresor neutraliz\u00e1ndolo.<\/p>\n\n\n\n<p>Luego, los sujetos intentaron refugiarse en una vivienda ubicada en calle La Paz al 900., Gracias a la acci\u00f3n conjunta de efectivos de PM Escobar y Comando de Patrullas, los individuos fueron reducidos y aprehendidos en el interior de la finca. Los detenidos fueron identificados como dos masculinos de 45 y 28 a\u00f1os.<\/p>\n\n\n\n<p>La UFI N.\u00ba 5 de Escobar, a cargo del Dr. Defagot, dispuso la apertura de actuaciones bajo la car\u00e1tula: \u201cAtentado y resistencia a la autoridad, violaci\u00f3n de domicilio y secuestro de motoveh\u00edculo\u201d.<\/p>\n\n\n\n<p>Ambos imputados fueron trasladados para la realizaci\u00f3n del precario m\u00e9dico correspondiente, y posteriormente a la Comisar\u00eda 3\u00aa de Gar\u00edn.<\/p>\n","protected":false},"excerpt":{"rendered":"<p>Efectivos de la Polic\u00eda Municipal de Escobar y personal del Subcomando lograron la aprehensi\u00f3n de dos sujetos que intentaron evadir un control policial a bordo [&hellip;]<\/p>\n","protected":false},"author":1,"featured_media":15221,"comment_status":"open","ping_status":"open","sticky":false,"template":"","format":"standard","meta":{"footnotes":""},"categories":[13],"tags":[],"class_list":["post-15220","post","type-post","status-publish","format-standard","has-post-thumbnail","hentry","category-policiales"],"better_featured_image":{"id":15221,"alt_text":"","caption":"","description":"","media_type":"image","media_details":{"width":720,"height":297,"file":"2025\/06\/garin.jpg","filesize":51793,"sizes":{"medium":{"file":"garin-300x124.jpg","width":300,"height":124,"mime-type":"image\/jpeg","filesize":7383,"source_url":"https:\/\/nuevodigitaldeescobar.com.ar\/wp-content\/uploads\/2025\/06\/garin-300x124.jpg"},"thumbnail":{"file":"garin-150x150.jpg","width":150,"height":150,"mime-type":"image\/jpeg","filesize":4665,"source_url":"https:\/\/nuevodigitaldeescobar.com.ar\/wp-content\/uploads\/2025\/06\/garin-150x150.jpg"}},"image_meta":{"aperture":"0","credit":"","camera":"","caption":"","created_timestamp":"0","copyright":"","focal_length":"0","iso":"0","shutter_speed":"0","title":"","orientation":"1","keywords":[]}},"post":15220,"source_url":"https:\/\/nuevodigitaldeescobar.com.ar\/wp-content\/uploads\/2025\/06\/garin.jpg"},"yoast_head":"<!-- This site is optimized with the Yoast SEO plugin v26.1.1 - https:\/\/yoast.com\/wordpress\/plugins\/seo\/ -->\n<title>Fuga, persecuci\u00f3n y aprehensi\u00f3n en Gar\u00edn: dos delincuentes fueron reducidos tras amenazar con un arma a un polic\u00eda - Nuevo Digital de Escobar<\/title>\n<meta name=\"robots\" content=\"index, follow, max-snippet:-1, max-image-preview:large, max-video-preview:-1\" \/>\n<link rel=\"canonical\" href=\"https:\/\/nuevodigitaldeescobar.com.ar\/?p=15220\" \/>\n<meta property=\"og:locale\" content=\"es_ES\" \/>\n<meta property=\"og:type\" content=\"article\" \/>\n<meta property=\"og:title\" content=\"Fuga, persecuci\u00f3n y aprehensi\u00f3n en Gar\u00edn: dos delincuentes fueron reducidos tras amenazar con un arma a un polic\u00eda - Nuevo Digital de Escobar\" \/>\n<meta property=\"og:description\" content=\"Efectivos de la Polic\u00eda Municipal de Escobar y personal del Subcomando lograron la aprehensi\u00f3n de dos sujetos que intentaron evadir un control policial a bordo [&hellip;]\" \/>\n<meta property=\"og:url\" content=\"https:\/\/nuevodigitaldeescobar.com.ar\/?p=15220\" \/>\n<meta property=\"og:site_name\" content=\"Nuevo Digital de Escobar\" \/>\n<meta property=\"article:publisher\" content=\"https:\/\/www.facebook.com\/NUEVODigitalDeEscobar\" \/>\n<meta property=\"article:published_time\" content=\"2025-06-03T00:23:38+00:00\" \/>\n<meta property=\"article:modified_time\" content=\"2025-06-03T00:23:42+00:00\" \/>\n<meta property=\"og:image\" content=\"https:\/\/nuevodigitaldeescobar.com.ar\/wp-content\/uploads\/2025\/06\/garin.jpg\" \/>\n\t<meta property=\"og:image:width\" content=\"720\" \/>\n\t<meta property=\"og:image:height\" content=\"297\" \/>\n\t<meta property=\"og:image:type\" content=\"image\/jpeg\" \/>\n<meta name=\"author\" content=\"Redacci\u00f3n\" \/>\n<meta name=\"twitter:card\" content=\"summary_large_image\" \/>\n<meta name=\"twitter:creator\" content=\"@nuevodigescobar\" \/>\n<meta name=\"twitter:site\" content=\"@nuevodigescobar\" \/>\n<meta name=\"twitter:label1\" content=\"Escrito por\" \/>\n\t<meta name=\"twitter:data1\" content=\"Redacci\u00f3n\" \/>\n\t<meta name=\"twitter:label2\" content=\"Tiempo de lectura\" \/>\n\t<meta name=\"twitter:data2\" content=\"1 minuto\" \/>\n<script type=\"application\/ld+json\" class=\"yoast-schema-graph\">{\"@context\":\"https:\/\/schema.org\",\"@graph\":[{\"@type\":\"Article\",\"@id\":\"https:\/\/nuevodigitaldeescobar.com.ar\/?p=15220#article\",\"isPartOf\":{\"@id\":\"https:\/\/nuevodigitaldeescobar.com.ar\/?p=15220\"},\"author\":{\"name\":\"Redacci\u00f3n\",\"@id\":\"https:\/\/nuevodigitaldeescobar.com.ar\/#\/schema\/person\/035e90a8efe9a80e6eec22656ad6ea4c\"},\"headline\":\"Fuga, persecuci\u00f3n y aprehensi\u00f3n en Gar\u00edn: dos delincuentes fueron reducidos tras amenazar con un arma a un polic\u00eda\",\"datePublished\":\"2025-06-03T00:23:38+00:00\",\"dateModified\":\"2025-06-03T00:23:42+00:00\",\"mainEntityOfPage\":{\"@id\":\"https:\/\/nuevodigitaldeescobar.com.ar\/?p=15220\"},\"wordCount\":295,\"commentCount\":0,\"publisher\":{\"@id\":\"https:\/\/nuevodigitaldeescobar.com.ar\/#organization\"},\"image\":{\"@id\":\"https:\/\/nuevodigitaldeescobar.com.ar\/?p=15220#primaryimage\"},\"thumbnailUrl\":\"https:\/\/nuevodigitaldeescobar.com.ar\/wp-content\/uploads\/2025\/06\/garin.jpg\",\"articleSection\":[\"Policiales\"],\"inLanguage\":\"es\",\"potentialAction\":[{\"@type\":\"CommentAction\",\"name\":\"Comment\",\"target\":[\"https:\/\/nuevodigitaldeescobar.com.ar\/?p=15220#respond\"]}]},{\"@type\":\"WebPage\",\"@id\":\"https:\/\/nuevodigitaldeescobar.com.ar\/?p=15220\",\"url\":\"https:\/\/nuevodigitaldeescobar.com.ar\/?p=15220\",\"name\":\"Fuga, persecuci\u00f3n y aprehensi\u00f3n en Gar\u00edn: dos delincuentes fueron reducidos tras amenazar con un arma a un polic\u00eda - Nuevo Digital de Escobar\",\"isPartOf\":{\"@id\":\"https:\/\/nuevodigitaldeescobar.com.ar\/#website\"},\"primaryImageOfPage\":{\"@id\":\"https:\/\/nuevodigitaldeescobar.com.ar\/?p=15220#primaryimage\"},\"image\":{\"@id\":\"https:\/\/nuevodigitaldeescobar.com.ar\/?p=15220#primaryimage\"},\"thumbnailUrl\":\"https:\/\/nuevodigitaldeescobar.com.ar\/wp-content\/uploads\/2025\/06\/garin.jpg\",\"datePublished\":\"2025-06-03T00:23:38+00:00\",\"dateModified\":\"2025-06-03T00:23:42+00:00\",\"breadcrumb\":{\"@id\":\"https:\/\/nuevodigitaldeescobar.com.ar\/?p=15220#breadcrumb\"},\"inLanguage\":\"es\",\"potentialAction\":[{\"@type\":\"ReadAction\",\"target\":[\"https:\/\/nuevodigitaldeescobar.com.ar\/?p=15220\"]}]},{\"@type\":\"ImageObject\",\"inLanguage\":\"es\",\"@id\":\"https:\/\/nuevodigitaldeescobar.com.ar\/?p=15220#primaryimage\",\"url\":\"https:\/\/nuevodigitaldeescobar.com.ar\/wp-content\/uploads\/2025\/06\/garin.jpg\",\"contentUrl\":\"https:\/\/nuevodigitaldeescobar.com.ar\/wp-content\/uploads\/2025\/06\/garin.jpg\",\"width\":720,\"height\":297},{\"@type\":\"BreadcrumbList\",\"@id\":\"https:\/\/nuevodigitaldeescobar.com.ar\/?p=15220#breadcrumb\",\"itemListElement\":[{\"@type\":\"ListItem\",\"position\":1,\"name\":\"Portada\",\"item\":\"https:\/\/nuevodigitaldeescobar.com.ar\/\"},{\"@type\":\"ListItem\",\"position\":2,\"name\":\"Fuga, persecuci\u00f3n y aprehensi\u00f3n en Gar\u00edn: dos delincuentes fueron reducidos tras amenazar con un arma a un polic\u00eda\"}]},{\"@type\":\"WebSite\",\"@id\":\"https:\/\/nuevodigitaldeescobar.com.ar\/#website\",\"url\":\"https:\/\/nuevodigitaldeescobar.com.ar\/\",\"name\":\"Nuevo Digital de Escobar\",\"description\":\"La vida escobarense. Directora: Rosana Brunner\",\"publisher\":{\"@id\":\"https:\/\/nuevodigitaldeescobar.com.ar\/#organization\"},\"potentialAction\":[{\"@type\":\"SearchAction\",\"target\":{\"@type\":\"EntryPoint\",\"urlTemplate\":\"https:\/\/nuevodigitaldeescobar.com.ar\/?s={search_term_string}\"},\"query-input\":{\"@type\":\"PropertyValueSpecification\",\"valueRequired\":true,\"valueName\":\"search_term_string\"}}],\"inLanguage\":\"es\"},{\"@type\":\"Organization\",\"@id\":\"https:\/\/nuevodigitaldeescobar.com.ar\/#organization\",\"name\":\"Nuevo Digital de Escobar\",\"url\":\"https:\/\/nuevodigitaldeescobar.com.ar\/\",\"logo\":{\"@type\":\"ImageObject\",\"inLanguage\":\"es\",\"@id\":\"https:\/\/nuevodigitaldeescobar.com.ar\/#\/schema\/logo\/image\/\",\"url\":\"https:\/\/nuevodigitaldeescobar.com.ar\/wp-content\/uploads\/2025\/05\/cropped-logo-nuevo2.jpg\",\"contentUrl\":\"https:\/\/nuevodigitaldeescobar.com.ar\/wp-content\/uploads\/2025\/05\/cropped-logo-nuevo2.jpg\",\"width\":305,\"height\":305,\"caption\":\"Nuevo Digital de Escobar\"},\"image\":{\"@id\":\"https:\/\/nuevodigitaldeescobar.com.ar\/#\/schema\/logo\/image\/\"},\"sameAs\":[\"https:\/\/www.facebook.com\/NUEVODigitalDeEscobar\",\"https:\/\/x.com\/nuevodigescobar\",\"https:\/\/www.instagram.com\/nuevodigitaldeescobar\"]},{\"@type\":\"Person\",\"@id\":\"https:\/\/nuevodigitaldeescobar.com.ar\/#\/schema\/person\/035e90a8efe9a80e6eec22656ad6ea4c\",\"name\":\"Redacci\u00f3n\",\"image\":{\"@type\":\"ImageObject\",\"inLanguage\":\"es\",\"@id\":\"https:\/\/nuevodigitaldeescobar.com.ar\/#\/schema\/person\/image\/\",\"url\":\"https:\/\/secure.gravatar.com\/avatar\/8af8f40000c24e9eef3034f2be5998a372bb1389e64b1a4a36b3a7979142220d?s=96&d=mm&r=g\",\"contentUrl\":\"https:\/\/secure.gravatar.com\/avatar\/8af8f40000c24e9eef3034f2be5998a372bb1389e64b1a4a36b3a7979142220d?s=96&d=mm&r=g\",\"caption\":\"Redacci\u00f3n\"},\"sameAs\":[\"http:\/\/nuevodigitaldeescobar.com.ar\"],\"url\":\"https:\/\/nuevodigitaldeescobar.com.ar\/?author=1\"}]}<\/script>\n<!-- \/ Yoast SEO plugin. -->","yoast_head_json":{"title":"Fuga, persecuci\u00f3n y aprehensi\u00f3n en Gar\u00edn: dos delincuentes fueron reducidos tras amenazar con un arma a un polic\u00eda - Nuevo Digital de Escobar","robots":{"index":"index","follow":"follow","max-snippet":"max-snippet:-1","max-image-preview":"max-image-preview:large","max-video-preview":"max-video-preview:-1"},"canonical":"https:\/\/nuevodigitaldeescobar.com.ar\/?p=15220","og_locale":"es_ES","og_type":"article","og_title":"Fuga, persecuci\u00f3n y aprehensi\u00f3n en Gar\u00edn: dos delincuentes fueron reducidos tras amenazar con un arma a un polic\u00eda - Nuevo Digital de Escobar","og_description":"Efectivos de la Polic\u00eda Municipal de Escobar y personal del Subcomando lograron la aprehensi\u00f3n de dos sujetos que intentaron evadir un control policial a bordo [&hellip;]","og_url":"https:\/\/nuevodigitaldeescobar.com.ar\/?p=15220","og_site_name":"Nuevo Digital de Escobar","article_publisher":"https:\/\/www.facebook.com\/NUEVODigitalDeEscobar","article_published_time":"2025-06-03T00:23:38+00:00","article_modified_time":"2025-06-03T00:23:42+00:00","og_image":[{"width":720,"height":297,"url":"https:\/\/nuevodigitaldeescobar.com.ar\/wp-content\/uploads\/2025\/06\/garin.jpg","type":"image\/jpeg"}],"author":"Redacci\u00f3n","twitter_card":"summary_large_image","twitter_creator":"@nuevodigescobar","twitter_site":"@nuevodigescobar","twitter_misc":{"Escrito por":"Redacci\u00f3n","Tiempo de lectura":"1 minuto"},"schema":{"@context":"https:\/\/schema.org","@graph":[{"@type":"Article","@id":"https:\/\/nuevodigitaldeescobar.com.ar\/?p=15220#article","isPartOf":{"@id":"https:\/\/nuevodigitaldeescobar.com.ar\/?p=15220"},"author":{"name":"Redacci\u00f3n","@id":"https:\/\/nuevodigitaldeescobar.com.ar\/#\/schema\/person\/035e90a8efe9a80e6eec22656ad6ea4c"},"headline":"Fuga, persecuci\u00f3n y aprehensi\u00f3n en Gar\u00edn: dos delincuentes fueron reducidos tras amenazar con un arma a un polic\u00eda","datePublished":"2025-06-03T00:23:38+00:00","dateModified":"2025-06-03T00:23:42+00:00","mainEntityOfPage":{"@id":"https:\/\/nuevodigitaldeescobar.com.ar\/?p=15220"},"wordCount":295,"commentCount":0,"publisher":{"@id":"https:\/\/nuevodigitaldeescobar.com.ar\/#organization"},"image":{"@id":"https:\/\/nuevodigitaldeescobar.com.ar\/?p=15220#primaryimage"},"thumbnailUrl":"https:\/\/nuevodigitaldeescobar.com.ar\/wp-content\/uploads\/2025\/06\/garin.jpg","articleSection":["Policiales"],"inLanguage":"es","potentialAction":[{"@type":"CommentAction","name":"Comment","target":["https:\/\/nuevodigitaldeescobar.com.ar\/?p=15220#respond"]}]},{"@type":"WebPage","@id":"https:\/\/nuevodigitaldeescobar.com.ar\/?p=15220","url":"https:\/\/nuevodigitaldeescobar.com.ar\/?p=15220","name":"Fuga, persecuci\u00f3n y aprehensi\u00f3n en Gar\u00edn: dos delincuentes fueron reducidos tras amenazar con un arma a un polic\u00eda - Nuevo Digital de Escobar","isPartOf":{"@id":"https:\/\/nuevodigitaldeescobar.com.ar\/#website"},"primaryImageOfPage":{"@id":"https:\/\/nuevodigitaldeescobar.com.ar\/?p=15220#primaryimage"},"image":{"@id":"https:\/\/nuevodigitaldeescobar.com.ar\/?p=15220#primaryimage"},"thumbnailUrl":"https:\/\/nuevodigitaldeescobar.com.ar\/wp-content\/uploads\/2025\/06\/garin.jpg","datePublished":"2025-06-03T00:23:38+00:00","dateModified":"2025-06-03T00:23:42+00:00","breadcrumb":{"@id":"https:\/\/nuevodigitaldeescobar.com.ar\/?p=15220#breadcrumb"},"inLanguage":"es","potentialAction":[{"@type":"ReadAction","target":["https:\/\/nuevodigitaldeescobar.com.ar\/?p=15220"]}]},{"@type":"ImageObject","inLanguage":"es","@id":"https:\/\/nuevodigitaldeescobar.com.ar\/?p=15220#primaryimage","url":"https:\/\/nuevodigitaldeescobar.com.ar\/wp-content\/uploads\/2025\/06\/garin.jpg","contentUrl":"https:\/\/nuevodigitaldeescobar.com.ar\/wp-content\/uploads\/2025\/06\/garin.jpg","width":720,"height":297},{"@type":"BreadcrumbList","@id":"https:\/\/nuevodigitaldeescobar.com.ar\/?p=15220#breadcrumb","itemListElement":[{"@type":"ListItem","position":1,"name":"Portada","item":"https:\/\/nuevodigitaldeescobar.com.ar\/"},{"@type":"ListItem","position":2,"name":"Fuga, persecuci\u00f3n y aprehensi\u00f3n en Gar\u00edn: dos delincuentes fueron reducidos tras amenazar con un arma a un polic\u00eda"}]},{"@type":"WebSite","@id":"https:\/\/nuevodigitaldeescobar.com.ar\/#website","url":"https:\/\/nuevodigitaldeescobar.com.ar\/","name":"Nuevo Digital de Escobar","description":"La vida escobarense. Directora: Rosana Brunner","publisher":{"@id":"https:\/\/nuevodigitaldeescobar.com.ar\/#organization"},"potentialAction":[{"@type":"SearchAction","target":{"@type":"EntryPoint","urlTemplate":"https:\/\/nuevodigitaldeescobar.com.ar\/?s={search_term_string}"},"query-input":{"@type":"PropertyValueSpecification","valueRequired":true,"valueName":"search_term_string"}}],"inLanguage":"es"},{"@type":"Organization","@id":"https:\/\/nuevodigitaldeescobar.com.ar\/#organization","name":"Nuevo Digital de Escobar","url":"https:\/\/nuevodigitaldeescobar.com.ar\/","logo":{"@type":"ImageObject","inLanguage":"es","@id":"https:\/\/nuevodigitaldeescobar.com.ar\/#\/schema\/logo\/image\/","url":"https:\/\/nuevodigitaldeescobar.com.ar\/wp-content\/uploads\/2025\/05\/cropped-logo-nuevo2.jpg","contentUrl":"https:\/\/nuevodigitaldeescobar.com.ar\/wp-content\/uploads\/2025\/05\/cropped-logo-nuevo2.jpg","width":305,"height":305,"caption":"Nuevo Digital de Escobar"},"image":{"@id":"https:\/\/nuevodigitaldeescobar.com.ar\/#\/schema\/logo\/image\/"},"sameAs":["https:\/\/www.facebook.com\/NUEVODigitalDeEscobar","https:\/\/x.com\/nuevodigescobar","https:\/\/www.instagram.com\/nuevodigitaldeescobar"]},{"@type":"Person","@id":"https:\/\/nuevodigitaldeescobar.com.ar\/#\/schema\/person\/035e90a8efe9a80e6eec22656ad6ea4c","name":"Redacci\u00f3n","image":{"@type":"ImageObject","inLanguage":"es","@id":"https:\/\/nuevodigitaldeescobar.com.ar\/#\/schema\/person\/image\/","url":"https:\/\/secure.gravatar.com\/avatar\/8af8f40000c24e9eef3034f2be5998a372bb1389e64b1a4a36b3a7979142220d?s=96&d=mm&r=g","contentUrl":"https:\/\/secure.gravatar.com\/avatar\/8af8f40000c24e9eef3034f2be5998a372bb1389e64b1a4a36b3a7979142220d?s=96&d=mm&r=g","caption":"Redacci\u00f3n"},"sameAs":["http:\/\/nuevodigitaldeescobar.com.ar"],"url":"https:\/\/nuevodigitaldeescobar.com.ar\/?author=1"}]}},"featured_image_urls":{"full":["https:\/\/nuevodigitaldeescobar.com.ar\/wp-content\/uploads\/2025\/06\/garin.jpg",720,297,false],"thumbnail":["https:\/\/nuevodigitaldeescobar.com.ar\/wp-content\/uploads\/2025\/06\/garin-150x150.jpg",150,150,true],"medium":["https:\/\/nuevodigitaldeescobar.com.ar\/wp-content\/uploads\/2025\/06\/garin-300x124.jpg",300,124,true],"medium_large":["https:\/\/nuevodigitaldeescobar.com.ar\/wp-content\/uploads\/2025\/06\/garin.jpg",640,264,false],"large":["https:\/\/nuevodigitaldeescobar.com.ar\/wp-content\/uploads\/2025\/06\/garin.jpg",640,264,false],"1536x1536":["https:\/\/nuevodigitaldeescobar.com.ar\/wp-content\/uploads\/2025\/06\/garin.jpg",720,297,false],"2048x2048":["https:\/\/nuevodigitaldeescobar.com.ar\/wp-content\/uploads\/2025\/06\/garin.jpg",720,297,false]},"author_info":{"display_name":"Redacci\u00f3n","author_link":"https:\/\/nuevodigitaldeescobar.com.ar\/?author=1"},"category_info":"<a href=\"https:\/\/nuevodigitaldeescobar.com.ar\/?cat=13\" rel=\"category\">Policiales<\/a>","tag_info":"Policiales","comment_count":"0","_links":{"self":[{"href":"https:\/\/nuevodigitaldeescobar.com.ar\/index.php?rest_route=\/wp\/v2\/posts\/15220","targetHints":{"allow":["GET"]}}],"collection":[{"href":"https:\/\/nuevodigitaldeescobar.com.ar\/index.php?rest_route=\/wp\/v2\/posts"}],"about":[{"href":"https:\/\/nuevodigitaldeescobar.com.ar\/index.php?rest_route=\/wp\/v2\/types\/post"}],"author":[{"embeddable":true,"href":"https:\/\/nuevodigitaldeescobar.com.ar\/index.php?rest_route=\/wp\/v2\/users\/1"}],"replies":[{"embeddable":true,"href":"https:\/\/nuevodigitaldeescobar.com.ar\/index.php?rest_route=%2Fwp%2Fv2%2Fcomments&post=15220"}],"version-history":[{"count":1,"href":"https:\/\/nuevodigitaldeescobar.com.ar\/index.php?rest_route=\/wp\/v2\/posts\/15220\/revisions"}],"predecessor-version":[{"id":15222,"href":"https:\/\/nuevodigitaldeescobar.com.ar\/index.php?rest_route=\/wp\/v2\/posts\/15220\/revisions\/15222"}],"wp:featuredmedia":[{"embeddable":true,"href":"https:\/\/nuevodigitaldeescobar.com.ar\/index.php?rest_route=\/wp\/v2\/media\/15221"}],"wp:attachment":[{"href":"https:\/\/nuevodigitaldeescobar.com.ar\/index.php?rest_route=%2Fwp%2Fv2%2Fmedia&parent=15220"}],"wp:term":[{"taxonomy":"category","embeddable":true,"href":"https:\/\/nuevodigitaldeescobar.com.ar\/index.php?rest_route=%2Fwp%2Fv2%2Fcategories&post=15220"},{"taxonomy":"post_tag","embeddable":true,"href":"https:\/\/nuevodigitaldeescobar.com.ar\/index.php?rest_route=%2Fwp%2Fv2%2Ftags&post=15220"}],"curies":[{"name":"wp","href":"https:\/\/api.w.org\/{rel}","templated":true}]}}