{"id":15263,"date":"2025-06-03T18:02:00","date_gmt":"2025-06-03T21:02:00","guid":{"rendered":"https:\/\/nuevodigitaldeescobar.com.ar\/?p=15263"},"modified":"2025-06-03T18:36:34","modified_gmt":"2025-06-03T21:36:34","slug":"que-barrios-cerrados-ya-no-tendran-subvenciones-en-escobar","status":"publish","type":"post","link":"https:\/\/nuevodigitaldeescobar.com.ar\/?p=15263","title":{"rendered":"\u00bfQu\u00e9 barrios cerrados ya no tendr\u00e1n subvenciones en Escobar?"},"content":{"rendered":"\n<p>A trav\u00e9s de la Disposici\u00f3n 1\/2025 de la Subsecretar\u00eda de Transici\u00f3n y Planeamiento Energ\u00e9tico, el Gobierno Nacional decidi\u00f3 incorporar un nuevo criterio de exclusi\u00f3n en la pol\u00edtica de subsidios a los servicios p\u00fablicos, en zonas georreferenciadas como de alto poder adquisitivo.<\/p>\n\n\n\n<!--more-->\n\n\n\n<p>Esta nueva medida entr\u00f3 en vigencia en el \u00c1rea Metropolitana de Buenos Aires (AMBA) e incluye a 62 barrios cerrados y countries del partido de Escobar.<\/p>\n\n\n\n<p>Muchas de estas urbanizaciones estaban inscriptas en el Registro de Acceso a los Subsidios a la Energ\u00eda (R.A.S.E.) como N\u00b02 (bajos ingresos) o N\u00b03 (ingresos medios). Este nuevo esquema permite identificar a esos hogares, que se ubican dentro de barrios cerrados o zonas de alto poder adquisitivo, para recategorizarlos como N\u00b01 (altos ingresos) y, por lo tanto, le negar\u00e1 el acceso al RASE.<\/p>\n\n\n\n<p>El subsidio del Estado Nacional hace que los argentinos y argentinas de menores ingresos puedan acceder a una tarifa reducida respecto al costo pleno de la electricidad y el gas. Las categor\u00edas se definen seg\u00fan los ingresos declarados por cada hogar en relaci\u00f3n con la Canasta B\u00e1sica Total (CBT), publicada por el INDEC.<\/p>\n\n\n\n<p>A continuaci\u00f3n, la lista de countries y barrios cerrados de Escobar que quedan excluidos de los subsidios a las tarifas de luz y de gas:<\/p>\n\n\n\n<p>-Acacias Blancas<br>-\u00c1lamo Alto<br>-Altos de Maschwitz Condominio<br>-Altos de Matheu<br>-Amarras de Escobar<br>-Aranjuez<br>-Aranzazu<br>-Bosque Chico<br>-C.U.B.E.<br>-Campo Chico<br>-Civis Tortugas Condominio<br>-Coba<br>-Country Roda<br>-El Aromo<br>-El Cant\u00f3n<br>-El Cazal<br>-El Ensue\u00f1o<br>-El Lucero<br>-El Naudir<br>-El Portillo<br>-El Recodo<br>-Fincas de Maschwitz<br>-Fincas del Lago<br>-Haras Santa Mar\u00eda<br>-Jardines de Escobar<br>-La Arboleda<br>-La Barra Village<br>-La Candelaria<br>-La Celina<br>-Las Liebres<br>-Loma Verde<br>-Los \u00c1ngeles Village<br>-Los Caracoles<br>-Los Horneros<br>-Los Laureles<br>-Los Nogales<br>-Los Robles de Maschwitz<br>-Los Tacos<br>-Manuel Belgrano<br>-Maschwitz Club<br>-Maschwitz Privado<br>-Maschwitz Village<br>-Miraflores<br>-N\u00e1utico Escobar<br>-Palmer&#8217;s Cottage<br>-Puertos del Lago<br>-Rinc\u00f3n de Maschwitz<br>-River Oaks<br>-San Benito<br>-San Lucas<br>-San Marco<br>-San Mat\u00edas<br>-Santa Isabel<br>-Santa Isabel II y III<br>-Santa Mar\u00eda<br>-Septiembre<br>-Tortugas I Condominios<br>-Tortugas II Condominios<br>-Tortugas Deck<br>-Villa Olivos<br>-Weekend<\/p>\n","protected":false},"excerpt":{"rendered":"<p>A trav\u00e9s de la Disposici\u00f3n 1\/2025 de la Subsecretar\u00eda de Transici\u00f3n y Planeamiento Energ\u00e9tico, el Gobierno Nacional decidi\u00f3 incorporar un nuevo criterio de exclusi\u00f3n en [&hellip;]<\/p>\n","protected":false},"author":1,"featured_media":15264,"comment_status":"open","ping_status":"open","sticky":false,"template":"","format":"standard","meta":{"footnotes":""},"categories":[7],"tags":[],"class_list":["post-15263","post","type-post","status-publish","format-standard","has-post-thumbnail","hentry","category-interes-general"],"better_featured_image":{"id":15264,"alt_text":"","caption":"","description":"","media_type":"image","media_details":{"width":799,"height":478,"file":"2025\/06\/438cc6a0-7900-4622-81c4-a30f14f90468.jpg","filesize":225222,"sizes":{"medium":{"file":"438cc6a0-7900-4622-81c4-a30f14f90468-300x179.jpg","width":300,"height":179,"mime-type":"image\/jpeg","filesize":10773,"source_url":"https:\/\/nuevodigitaldeescobar.com.ar\/wp-content\/uploads\/2025\/06\/438cc6a0-7900-4622-81c4-a30f14f90468-300x179.jpg"},"thumbnail":{"file":"438cc6a0-7900-4622-81c4-a30f14f90468-150x150.jpg","width":150,"height":150,"mime-type":"image\/jpeg","filesize":4872,"source_url":"https:\/\/nuevodigitaldeescobar.com.ar\/wp-content\/uploads\/2025\/06\/438cc6a0-7900-4622-81c4-a30f14f90468-150x150.jpg"},"medium_large":{"file":"438cc6a0-7900-4622-81c4-a30f14f90468-768x459.jpg","width":768,"height":459,"mime-type":"image\/jpeg","filesize":51723,"source_url":"https:\/\/nuevodigitaldeescobar.com.ar\/wp-content\/uploads\/2025\/06\/438cc6a0-7900-4622-81c4-a30f14f90468-768x459.jpg"}},"image_meta":{"aperture":"0","credit":"","camera":"","caption":"","created_timestamp":"0","copyright":"","focal_length":"0","iso":"0","shutter_speed":"0","title":"","orientation":"0","keywords":[]}},"post":15263,"source_url":"https:\/\/nuevodigitaldeescobar.com.ar\/wp-content\/uploads\/2025\/06\/438cc6a0-7900-4622-81c4-a30f14f90468.jpg"},"yoast_head":"<!-- This site is optimized with the Yoast SEO plugin v26.1.1 - https:\/\/yoast.com\/wordpress\/plugins\/seo\/ -->\n<title>\u00bfQu\u00e9 barrios cerrados ya no tendr\u00e1n subvenciones en Escobar? - Nuevo Digital de Escobar<\/title>\n<meta name=\"robots\" content=\"index, follow, max-snippet:-1, max-image-preview:large, max-video-preview:-1\" \/>\n<link rel=\"canonical\" href=\"https:\/\/nuevodigitaldeescobar.com.ar\/?p=15263\" \/>\n<meta property=\"og:locale\" content=\"es_ES\" \/>\n<meta property=\"og:type\" content=\"article\" \/>\n<meta property=\"og:title\" content=\"\u00bfQu\u00e9 barrios cerrados ya no tendr\u00e1n subvenciones en Escobar? - Nuevo Digital de Escobar\" \/>\n<meta property=\"og:description\" content=\"A trav\u00e9s de la Disposici\u00f3n 1\/2025 de la Subsecretar\u00eda de Transici\u00f3n y Planeamiento Energ\u00e9tico, el Gobierno Nacional decidi\u00f3 incorporar un nuevo criterio de exclusi\u00f3n en [&hellip;]\" \/>\n<meta property=\"og:url\" content=\"https:\/\/nuevodigitaldeescobar.com.ar\/?p=15263\" \/>\n<meta property=\"og:site_name\" content=\"Nuevo Digital de Escobar\" \/>\n<meta property=\"article:publisher\" content=\"https:\/\/www.facebook.com\/NUEVODigitalDeEscobar\" \/>\n<meta property=\"article:published_time\" content=\"2025-06-03T21:02:00+00:00\" \/>\n<meta property=\"article:modified_time\" content=\"2025-06-03T21:36:34+00:00\" \/>\n<meta property=\"og:image\" content=\"https:\/\/nuevodigitaldeescobar.com.ar\/wp-content\/uploads\/2025\/06\/438cc6a0-7900-4622-81c4-a30f14f90468.jpg\" \/>\n\t<meta property=\"og:image:width\" content=\"799\" \/>\n\t<meta property=\"og:image:height\" content=\"478\" \/>\n\t<meta property=\"og:image:type\" content=\"image\/jpeg\" \/>\n<meta name=\"author\" content=\"Redacci\u00f3n\" \/>\n<meta name=\"twitter:card\" content=\"summary_large_image\" \/>\n<meta name=\"twitter:creator\" content=\"@nuevodigescobar\" \/>\n<meta name=\"twitter:site\" content=\"@nuevodigescobar\" \/>\n<meta name=\"twitter:label1\" content=\"Escrito por\" \/>\n\t<meta name=\"twitter:data1\" content=\"Redacci\u00f3n\" \/>\n\t<meta name=\"twitter:label2\" content=\"Tiempo de lectura\" \/>\n\t<meta name=\"twitter:data2\" content=\"2 minutos\" \/>\n<script type=\"application\/ld+json\" class=\"yoast-schema-graph\">{\"@context\":\"https:\/\/schema.org\",\"@graph\":[{\"@type\":\"Article\",\"@id\":\"https:\/\/nuevodigitaldeescobar.com.ar\/?p=15263#article\",\"isPartOf\":{\"@id\":\"https:\/\/nuevodigitaldeescobar.com.ar\/?p=15263\"},\"author\":{\"name\":\"Redacci\u00f3n\",\"@id\":\"https:\/\/nuevodigitaldeescobar.com.ar\/#\/schema\/person\/035e90a8efe9a80e6eec22656ad6ea4c\"},\"headline\":\"\u00bfQu\u00e9 barrios cerrados ya no tendr\u00e1n subvenciones en Escobar?\",\"datePublished\":\"2025-06-03T21:02:00+00:00\",\"dateModified\":\"2025-06-03T21:36:34+00:00\",\"mainEntityOfPage\":{\"@id\":\"https:\/\/nuevodigitaldeescobar.com.ar\/?p=15263\"},\"wordCount\":320,\"commentCount\":0,\"publisher\":{\"@id\":\"https:\/\/nuevodigitaldeescobar.com.ar\/#organization\"},\"image\":{\"@id\":\"https:\/\/nuevodigitaldeescobar.com.ar\/?p=15263#primaryimage\"},\"thumbnailUrl\":\"https:\/\/nuevodigitaldeescobar.com.ar\/wp-content\/uploads\/2025\/06\/438cc6a0-7900-4622-81c4-a30f14f90468.jpg\",\"articleSection\":[\"Inter\u00e9s general\"],\"inLanguage\":\"es\",\"potentialAction\":[{\"@type\":\"CommentAction\",\"name\":\"Comment\",\"target\":[\"https:\/\/nuevodigitaldeescobar.com.ar\/?p=15263#respond\"]}]},{\"@type\":\"WebPage\",\"@id\":\"https:\/\/nuevodigitaldeescobar.com.ar\/?p=15263\",\"url\":\"https:\/\/nuevodigitaldeescobar.com.ar\/?p=15263\",\"name\":\"\u00bfQu\u00e9 barrios cerrados ya no tendr\u00e1n subvenciones en Escobar? - Nuevo Digital de Escobar\",\"isPartOf\":{\"@id\":\"https:\/\/nuevodigitaldeescobar.com.ar\/#website\"},\"primaryImageOfPage\":{\"@id\":\"https:\/\/nuevodigitaldeescobar.com.ar\/?p=15263#primaryimage\"},\"image\":{\"@id\":\"https:\/\/nuevodigitaldeescobar.com.ar\/?p=15263#primaryimage\"},\"thumbnailUrl\":\"https:\/\/nuevodigitaldeescobar.com.ar\/wp-content\/uploads\/2025\/06\/438cc6a0-7900-4622-81c4-a30f14f90468.jpg\",\"datePublished\":\"2025-06-03T21:02:00+00:00\",\"dateModified\":\"2025-06-03T21:36:34+00:00\",\"breadcrumb\":{\"@id\":\"https:\/\/nuevodigitaldeescobar.com.ar\/?p=15263#breadcrumb\"},\"inLanguage\":\"es\",\"potentialAction\":[{\"@type\":\"ReadAction\",\"target\":[\"https:\/\/nuevodigitaldeescobar.com.ar\/?p=15263\"]}]},{\"@type\":\"ImageObject\",\"inLanguage\":\"es\",\"@id\":\"https:\/\/nuevodigitaldeescobar.com.ar\/?p=15263#primaryimage\",\"url\":\"https:\/\/nuevodigitaldeescobar.com.ar\/wp-content\/uploads\/2025\/06\/438cc6a0-7900-4622-81c4-a30f14f90468.jpg\",\"contentUrl\":\"https:\/\/nuevodigitaldeescobar.com.ar\/wp-content\/uploads\/2025\/06\/438cc6a0-7900-4622-81c4-a30f14f90468.jpg\",\"width\":799,\"height\":478},{\"@type\":\"BreadcrumbList\",\"@id\":\"https:\/\/nuevodigitaldeescobar.com.ar\/?p=15263#breadcrumb\",\"itemListElement\":[{\"@type\":\"ListItem\",\"position\":1,\"name\":\"Portada\",\"item\":\"https:\/\/nuevodigitaldeescobar.com.ar\/\"},{\"@type\":\"ListItem\",\"position\":2,\"name\":\"\u00bfQu\u00e9 barrios cerrados ya no tendr\u00e1n subvenciones en Escobar?\"}]},{\"@type\":\"WebSite\",\"@id\":\"https:\/\/nuevodigitaldeescobar.com.ar\/#website\",\"url\":\"https:\/\/nuevodigitaldeescobar.com.ar\/\",\"name\":\"Nuevo Digital de Escobar\",\"description\":\"La vida escobarense. Directora: Rosana Brunner\",\"publisher\":{\"@id\":\"https:\/\/nuevodigitaldeescobar.com.ar\/#organization\"},\"potentialAction\":[{\"@type\":\"SearchAction\",\"target\":{\"@type\":\"EntryPoint\",\"urlTemplate\":\"https:\/\/nuevodigitaldeescobar.com.ar\/?s={search_term_string}\"},\"query-input\":{\"@type\":\"PropertyValueSpecification\",\"valueRequired\":true,\"valueName\":\"search_term_string\"}}],\"inLanguage\":\"es\"},{\"@type\":\"Organization\",\"@id\":\"https:\/\/nuevodigitaldeescobar.com.ar\/#organization\",\"name\":\"Nuevo Digital de Escobar\",\"url\":\"https:\/\/nuevodigitaldeescobar.com.ar\/\",\"logo\":{\"@type\":\"ImageObject\",\"inLanguage\":\"es\",\"@id\":\"https:\/\/nuevodigitaldeescobar.com.ar\/#\/schema\/logo\/image\/\",\"url\":\"https:\/\/nuevodigitaldeescobar.com.ar\/wp-content\/uploads\/2025\/05\/cropped-logo-nuevo2.jpg\",\"contentUrl\":\"https:\/\/nuevodigitaldeescobar.com.ar\/wp-content\/uploads\/2025\/05\/cropped-logo-nuevo2.jpg\",\"width\":305,\"height\":305,\"caption\":\"Nuevo Digital de Escobar\"},\"image\":{\"@id\":\"https:\/\/nuevodigitaldeescobar.com.ar\/#\/schema\/logo\/image\/\"},\"sameAs\":[\"https:\/\/www.facebook.com\/NUEVODigitalDeEscobar\",\"https:\/\/x.com\/nuevodigescobar\",\"https:\/\/www.instagram.com\/nuevodigitaldeescobar\"]},{\"@type\":\"Person\",\"@id\":\"https:\/\/nuevodigitaldeescobar.com.ar\/#\/schema\/person\/035e90a8efe9a80e6eec22656ad6ea4c\",\"name\":\"Redacci\u00f3n\",\"image\":{\"@type\":\"ImageObject\",\"inLanguage\":\"es\",\"@id\":\"https:\/\/nuevodigitaldeescobar.com.ar\/#\/schema\/person\/image\/\",\"url\":\"https:\/\/secure.gravatar.com\/avatar\/8af8f40000c24e9eef3034f2be5998a372bb1389e64b1a4a36b3a7979142220d?s=96&d=mm&r=g\",\"contentUrl\":\"https:\/\/secure.gravatar.com\/avatar\/8af8f40000c24e9eef3034f2be5998a372bb1389e64b1a4a36b3a7979142220d?s=96&d=mm&r=g\",\"caption\":\"Redacci\u00f3n\"},\"sameAs\":[\"http:\/\/nuevodigitaldeescobar.com.ar\"],\"url\":\"https:\/\/nuevodigitaldeescobar.com.ar\/?author=1\"}]}<\/script>\n<!-- \/ Yoast SEO plugin. -->","yoast_head_json":{"title":"\u00bfQu\u00e9 barrios cerrados ya no tendr\u00e1n subvenciones en Escobar? - Nuevo Digital de Escobar","robots":{"index":"index","follow":"follow","max-snippet":"max-snippet:-1","max-image-preview":"max-image-preview:large","max-video-preview":"max-video-preview:-1"},"canonical":"https:\/\/nuevodigitaldeescobar.com.ar\/?p=15263","og_locale":"es_ES","og_type":"article","og_title":"\u00bfQu\u00e9 barrios cerrados ya no tendr\u00e1n subvenciones en Escobar? - Nuevo Digital de Escobar","og_description":"A trav\u00e9s de la Disposici\u00f3n 1\/2025 de la Subsecretar\u00eda de Transici\u00f3n y Planeamiento Energ\u00e9tico, el Gobierno Nacional decidi\u00f3 incorporar un nuevo criterio de exclusi\u00f3n en [&hellip;]","og_url":"https:\/\/nuevodigitaldeescobar.com.ar\/?p=15263","og_site_name":"Nuevo Digital de Escobar","article_publisher":"https:\/\/www.facebook.com\/NUEVODigitalDeEscobar","article_published_time":"2025-06-03T21:02:00+00:00","article_modified_time":"2025-06-03T21:36:34+00:00","og_image":[{"width":799,"height":478,"url":"https:\/\/nuevodigitaldeescobar.com.ar\/wp-content\/uploads\/2025\/06\/438cc6a0-7900-4622-81c4-a30f14f90468.jpg","type":"image\/jpeg"}],"author":"Redacci\u00f3n","twitter_card":"summary_large_image","twitter_creator":"@nuevodigescobar","twitter_site":"@nuevodigescobar","twitter_misc":{"Escrito por":"Redacci\u00f3n","Tiempo de lectura":"2 minutos"},"schema":{"@context":"https:\/\/schema.org","@graph":[{"@type":"Article","@id":"https:\/\/nuevodigitaldeescobar.com.ar\/?p=15263#article","isPartOf":{"@id":"https:\/\/nuevodigitaldeescobar.com.ar\/?p=15263"},"author":{"name":"Redacci\u00f3n","@id":"https:\/\/nuevodigitaldeescobar.com.ar\/#\/schema\/person\/035e90a8efe9a80e6eec22656ad6ea4c"},"headline":"\u00bfQu\u00e9 barrios cerrados ya no tendr\u00e1n subvenciones en Escobar?","datePublished":"2025-06-03T21:02:00+00:00","dateModified":"2025-06-03T21:36:34+00:00","mainEntityOfPage":{"@id":"https:\/\/nuevodigitaldeescobar.com.ar\/?p=15263"},"wordCount":320,"commentCount":0,"publisher":{"@id":"https:\/\/nuevodigitaldeescobar.com.ar\/#organization"},"image":{"@id":"https:\/\/nuevodigitaldeescobar.com.ar\/?p=15263#primaryimage"},"thumbnailUrl":"https:\/\/nuevodigitaldeescobar.com.ar\/wp-content\/uploads\/2025\/06\/438cc6a0-7900-4622-81c4-a30f14f90468.jpg","articleSection":["Inter\u00e9s general"],"inLanguage":"es","potentialAction":[{"@type":"CommentAction","name":"Comment","target":["https:\/\/nuevodigitaldeescobar.com.ar\/?p=15263#respond"]}]},{"@type":"WebPage","@id":"https:\/\/nuevodigitaldeescobar.com.ar\/?p=15263","url":"https:\/\/nuevodigitaldeescobar.com.ar\/?p=15263","name":"\u00bfQu\u00e9 barrios cerrados ya no tendr\u00e1n subvenciones en Escobar? - Nuevo Digital de Escobar","isPartOf":{"@id":"https:\/\/nuevodigitaldeescobar.com.ar\/#website"},"primaryImageOfPage":{"@id":"https:\/\/nuevodigitaldeescobar.com.ar\/?p=15263#primaryimage"},"image":{"@id":"https:\/\/nuevodigitaldeescobar.com.ar\/?p=15263#primaryimage"},"thumbnailUrl":"https:\/\/nuevodigitaldeescobar.com.ar\/wp-content\/uploads\/2025\/06\/438cc6a0-7900-4622-81c4-a30f14f90468.jpg","datePublished":"2025-06-03T21:02:00+00:00","dateModified":"2025-06-03T21:36:34+00:00","breadcrumb":{"@id":"https:\/\/nuevodigitaldeescobar.com.ar\/?p=15263#breadcrumb"},"inLanguage":"es","potentialAction":[{"@type":"ReadAction","target":["https:\/\/nuevodigitaldeescobar.com.ar\/?p=15263"]}]},{"@type":"ImageObject","inLanguage":"es","@id":"https:\/\/nuevodigitaldeescobar.com.ar\/?p=15263#primaryimage","url":"https:\/\/nuevodigitaldeescobar.com.ar\/wp-content\/uploads\/2025\/06\/438cc6a0-7900-4622-81c4-a30f14f90468.jpg","contentUrl":"https:\/\/nuevodigitaldeescobar.com.ar\/wp-content\/uploads\/2025\/06\/438cc6a0-7900-4622-81c4-a30f14f90468.jpg","width":799,"height":478},{"@type":"BreadcrumbList","@id":"https:\/\/nuevodigitaldeescobar.com.ar\/?p=15263#breadcrumb","itemListElement":[{"@type":"ListItem","position":1,"name":"Portada","item":"https:\/\/nuevodigitaldeescobar.com.ar\/"},{"@type":"ListItem","position":2,"name":"\u00bfQu\u00e9 barrios cerrados ya no tendr\u00e1n subvenciones en Escobar?"}]},{"@type":"WebSite","@id":"https:\/\/nuevodigitaldeescobar.com.ar\/#website","url":"https:\/\/nuevodigitaldeescobar.com.ar\/","name":"Nuevo Digital de Escobar","description":"La vida escobarense. Directora: Rosana Brunner","publisher":{"@id":"https:\/\/nuevodigitaldeescobar.com.ar\/#organization"},"potentialAction":[{"@type":"SearchAction","target":{"@type":"EntryPoint","urlTemplate":"https:\/\/nuevodigitaldeescobar.com.ar\/?s={search_term_string}"},"query-input":{"@type":"PropertyValueSpecification","valueRequired":true,"valueName":"search_term_string"}}],"inLanguage":"es"},{"@type":"Organization","@id":"https:\/\/nuevodigitaldeescobar.com.ar\/#organization","name":"Nuevo Digital de Escobar","url":"https:\/\/nuevodigitaldeescobar.com.ar\/","logo":{"@type":"ImageObject","inLanguage":"es","@id":"https:\/\/nuevodigitaldeescobar.com.ar\/#\/schema\/logo\/image\/","url":"https:\/\/nuevodigitaldeescobar.com.ar\/wp-content\/uploads\/2025\/05\/cropped-logo-nuevo2.jpg","contentUrl":"https:\/\/nuevodigitaldeescobar.com.ar\/wp-content\/uploads\/2025\/05\/cropped-logo-nuevo2.jpg","width":305,"height":305,"caption":"Nuevo Digital de Escobar"},"image":{"@id":"https:\/\/nuevodigitaldeescobar.com.ar\/#\/schema\/logo\/image\/"},"sameAs":["https:\/\/www.facebook.com\/NUEVODigitalDeEscobar","https:\/\/x.com\/nuevodigescobar","https:\/\/www.instagram.com\/nuevodigitaldeescobar"]},{"@type":"Person","@id":"https:\/\/nuevodigitaldeescobar.com.ar\/#\/schema\/person\/035e90a8efe9a80e6eec22656ad6ea4c","name":"Redacci\u00f3n","image":{"@type":"ImageObject","inLanguage":"es","@id":"https:\/\/nuevodigitaldeescobar.com.ar\/#\/schema\/person\/image\/","url":"https:\/\/secure.gravatar.com\/avatar\/8af8f40000c24e9eef3034f2be5998a372bb1389e64b1a4a36b3a7979142220d?s=96&d=mm&r=g","contentUrl":"https:\/\/secure.gravatar.com\/avatar\/8af8f40000c24e9eef3034f2be5998a372bb1389e64b1a4a36b3a7979142220d?s=96&d=mm&r=g","caption":"Redacci\u00f3n"},"sameAs":["http:\/\/nuevodigitaldeescobar.com.ar"],"url":"https:\/\/nuevodigitaldeescobar.com.ar\/?author=1"}]}},"featured_image_urls":{"full":["https:\/\/nuevodigitaldeescobar.com.ar\/wp-content\/uploads\/2025\/06\/438cc6a0-7900-4622-81c4-a30f14f90468.jpg",799,478,false],"thumbnail":["https:\/\/nuevodigitaldeescobar.com.ar\/wp-content\/uploads\/2025\/06\/438cc6a0-7900-4622-81c4-a30f14f90468-150x150.jpg",150,150,true],"medium":["https:\/\/nuevodigitaldeescobar.com.ar\/wp-content\/uploads\/2025\/06\/438cc6a0-7900-4622-81c4-a30f14f90468-300x179.jpg",300,179,true],"medium_large":["https:\/\/nuevodigitaldeescobar.com.ar\/wp-content\/uploads\/2025\/06\/438cc6a0-7900-4622-81c4-a30f14f90468-768x459.jpg",640,383,true],"large":["https:\/\/nuevodigitaldeescobar.com.ar\/wp-content\/uploads\/2025\/06\/438cc6a0-7900-4622-81c4-a30f14f90468.jpg",640,383,false],"1536x1536":["https:\/\/nuevodigitaldeescobar.com.ar\/wp-content\/uploads\/2025\/06\/438cc6a0-7900-4622-81c4-a30f14f90468.jpg",799,478,false],"2048x2048":["https:\/\/nuevodigitaldeescobar.com.ar\/wp-content\/uploads\/2025\/06\/438cc6a0-7900-4622-81c4-a30f14f90468.jpg",799,478,false]},"author_info":{"display_name":"Redacci\u00f3n","author_link":"https:\/\/nuevodigitaldeescobar.com.ar\/?author=1"},"category_info":"<a href=\"https:\/\/nuevodigitaldeescobar.com.ar\/?cat=7\" rel=\"category\">Inter\u00e9s general<\/a>","tag_info":"Inter\u00e9s general","comment_count":"0","_links":{"self":[{"href":"https:\/\/nuevodigitaldeescobar.com.ar\/index.php?rest_route=\/wp\/v2\/posts\/15263","targetHints":{"allow":["GET"]}}],"collection":[{"href":"https:\/\/nuevodigitaldeescobar.com.ar\/index.php?rest_route=\/wp\/v2\/posts"}],"about":[{"href":"https:\/\/nuevodigitaldeescobar.com.ar\/index.php?rest_route=\/wp\/v2\/types\/post"}],"author":[{"embeddable":true,"href":"https:\/\/nuevodigitaldeescobar.com.ar\/index.php?rest_route=\/wp\/v2\/users\/1"}],"replies":[{"embeddable":true,"href":"https:\/\/nuevodigitaldeescobar.com.ar\/index.php?rest_route=%2Fwp%2Fv2%2Fcomments&post=15263"}],"version-history":[{"count":1,"href":"https:\/\/nuevodigitaldeescobar.com.ar\/index.php?rest_route=\/wp\/v2\/posts\/15263\/revisions"}],"predecessor-version":[{"id":15265,"href":"https:\/\/nuevodigitaldeescobar.com.ar\/index.php?rest_route=\/wp\/v2\/posts\/15263\/revisions\/15265"}],"wp:featuredmedia":[{"embeddable":true,"href":"https:\/\/nuevodigitaldeescobar.com.ar\/index.php?rest_route=\/wp\/v2\/media\/15264"}],"wp:attachment":[{"href":"https:\/\/nuevodigitaldeescobar.com.ar\/index.php?rest_route=%2Fwp%2Fv2%2Fmedia&parent=15263"}],"wp:term":[{"taxonomy":"category","embeddable":true,"href":"https:\/\/nuevodigitaldeescobar.com.ar\/index.php?rest_route=%2Fwp%2Fv2%2Fcategories&post=15263"},{"taxonomy":"post_tag","embeddable":true,"href":"https:\/\/nuevodigitaldeescobar.com.ar\/index.php?rest_route=%2Fwp%2Fv2%2Ftags&post=15263"}],"curies":[{"name":"wp","href":"https:\/\/api.w.org\/{rel}","templated":true}]}}