{"id":15290,"date":"2025-06-04T11:47:12","date_gmt":"2025-06-04T14:47:12","guid":{"rendered":"https:\/\/nuevodigitaldeescobar.com.ar\/?p=15290"},"modified":"2025-06-04T11:47:24","modified_gmt":"2025-06-04T14:47:24","slug":"bringeri-escobar-se-prepara-con-todo-para-el-dia-del-padre","status":"publish","type":"post","link":"https:\/\/nuevodigitaldeescobar.com.ar\/?p=15290","title":{"rendered":"Bringeri Escobar se prepara con todo para el D\u00eda del Padre"},"content":{"rendered":"\n<p>En el marco de su 60\u00b0 aniversario, Bringeri \u2013la hist\u00f3rica cadena de electrodom\u00e9sticos y tecnolog\u00eda\u2013 se prepara para celebrar el D\u00eda del Padre con una bater\u00eda de promociones pensadas para homenajear a los pap\u00e1s en su d\u00eda.<\/p>\n\n\n\n<!--more-->\n\n\n\n<p>La sucursal de Bringeri en Escobar, ubicada en Av. Eugenia Tapia de Cruz 252, ya comenz\u00f3 a exhibir una selecci\u00f3n especial de productos ideales para regalar este 16 de junio. Desde televisores y celulares hasta herramientas, cafeteras y art\u00edculos de cuidado personal, hay opciones para todos los gustos y presupuestos.<\/p>\n\n\n\n<p>\u00abEstamos trabajando en diversas ofertas y promociones exclusivas para el D\u00eda del Padre, que se activar\u00e1n en los pr\u00f3ximos d\u00edas\u00bb, comentaron desde la sucursal local. Adem\u00e1s, destacaron que los clientes podr\u00e1n acceder a financiaci\u00f3n en cuotas y beneficios adicionales con tarjetas seleccionadas.<\/p>\n\n\n\n<p>El local abre de lunes a s\u00e1bados y se ha convertido en una referencia comercial en la zona, combinando atenci\u00f3n personalizada con productos de primeras marcas. Este a\u00f1o, el festejo por sus seis d\u00e9cadas de trayectoria se suma como un motivo especial para agasajar a los padres con los mejores regalos.<\/p>\n\n\n\n<p>Ya sea para los pap\u00e1s fan\u00e1ticos de la tecnolog\u00eda, los que disfrutan del hogar o quienes buscan renovar alg\u00fan electrodom\u00e9stico, Bringeri Escobar promete ser una parada obligada para encontrar el obsequio perfecto.<\/p>\n","protected":false},"excerpt":{"rendered":"<p>En el marco de su 60\u00b0 aniversario, Bringeri \u2013la hist\u00f3rica cadena de electrodom\u00e9sticos y tecnolog\u00eda\u2013 se prepara para celebrar el D\u00eda del Padre con una [&hellip;]<\/p>\n","protected":false},"author":1,"featured_media":15291,"comment_status":"open","ping_status":"open","sticky":false,"template":"","format":"standard","meta":{"footnotes":""},"categories":[207],"tags":[407,408],"class_list":["post-15290","post","type-post","status-publish","format-standard","has-post-thumbnail","hentry","category-comercios","tag-bringeri","tag-dia-del-padre"],"better_featured_image":{"id":15291,"alt_text":"","caption":"","description":"","media_type":"image","media_details":{"width":660,"height":400,"file":"2025\/06\/4c351823-75d6-4310-a0e1-93331429010d-e1742331210260-660x400-1.jpg","filesize":58658,"sizes":{"medium":{"file":"4c351823-75d6-4310-a0e1-93331429010d-e1742331210260-660x400-1-300x182.jpg","width":300,"height":182,"mime-type":"image\/jpeg","filesize":15273,"source_url":"https:\/\/nuevodigitaldeescobar.com.ar\/wp-content\/uploads\/2025\/06\/4c351823-75d6-4310-a0e1-93331429010d-e1742331210260-660x400-1-300x182.jpg"},"thumbnail":{"file":"4c351823-75d6-4310-a0e1-93331429010d-e1742331210260-660x400-1-150x150.jpg","width":150,"height":150,"mime-type":"image\/jpeg","filesize":7230,"source_url":"https:\/\/nuevodigitaldeescobar.com.ar\/wp-content\/uploads\/2025\/06\/4c351823-75d6-4310-a0e1-93331429010d-e1742331210260-660x400-1-150x150.jpg"}},"image_meta":{"aperture":"0","credit":"","camera":"","caption":"","created_timestamp":"0","copyright":"","focal_length":"0","iso":"0","shutter_speed":"0","title":"","orientation":"0","keywords":[]}},"post":15290,"source_url":"https:\/\/nuevodigitaldeescobar.com.ar\/wp-content\/uploads\/2025\/06\/4c351823-75d6-4310-a0e1-93331429010d-e1742331210260-660x400-1.jpg"},"yoast_head":"<!-- This site is optimized with the Yoast SEO plugin v26.1.1 - https:\/\/yoast.com\/wordpress\/plugins\/seo\/ -->\n<title>Bringeri Escobar se prepara con todo para el D\u00eda del Padre - Nuevo Digital de Escobar<\/title>\n<meta name=\"robots\" content=\"index, follow, max-snippet:-1, max-image-preview:large, max-video-preview:-1\" \/>\n<link rel=\"canonical\" href=\"https:\/\/nuevodigitaldeescobar.com.ar\/?p=15290\" \/>\n<meta property=\"og:locale\" content=\"es_ES\" \/>\n<meta property=\"og:type\" content=\"article\" \/>\n<meta property=\"og:title\" content=\"Bringeri Escobar se prepara con todo para el D\u00eda del Padre - Nuevo Digital de Escobar\" \/>\n<meta property=\"og:description\" content=\"En el marco de su 60\u00b0 aniversario, Bringeri \u2013la hist\u00f3rica cadena de electrodom\u00e9sticos y tecnolog\u00eda\u2013 se prepara para celebrar el D\u00eda del Padre con una [&hellip;]\" \/>\n<meta property=\"og:url\" content=\"https:\/\/nuevodigitaldeescobar.com.ar\/?p=15290\" \/>\n<meta property=\"og:site_name\" content=\"Nuevo Digital de Escobar\" \/>\n<meta property=\"article:publisher\" content=\"https:\/\/www.facebook.com\/NUEVODigitalDeEscobar\" \/>\n<meta property=\"article:published_time\" content=\"2025-06-04T14:47:12+00:00\" \/>\n<meta property=\"article:modified_time\" content=\"2025-06-04T14:47:24+00:00\" \/>\n<meta property=\"og:image\" content=\"https:\/\/nuevodigitaldeescobar.com.ar\/wp-content\/uploads\/2025\/06\/4c351823-75d6-4310-a0e1-93331429010d-e1742331210260-660x400-1.jpg\" \/>\n\t<meta property=\"og:image:width\" content=\"660\" \/>\n\t<meta property=\"og:image:height\" content=\"400\" \/>\n\t<meta property=\"og:image:type\" content=\"image\/jpeg\" \/>\n<meta name=\"author\" content=\"Redacci\u00f3n\" \/>\n<meta name=\"twitter:card\" content=\"summary_large_image\" \/>\n<meta name=\"twitter:creator\" content=\"@nuevodigescobar\" \/>\n<meta name=\"twitter:site\" content=\"@nuevodigescobar\" \/>\n<meta name=\"twitter:label1\" content=\"Escrito por\" \/>\n\t<meta name=\"twitter:data1\" content=\"Redacci\u00f3n\" \/>\n\t<meta name=\"twitter:label2\" content=\"Tiempo de lectura\" \/>\n\t<meta name=\"twitter:data2\" content=\"1 minuto\" \/>\n<script type=\"application\/ld+json\" class=\"yoast-schema-graph\">{\"@context\":\"https:\/\/schema.org\",\"@graph\":[{\"@type\":\"Article\",\"@id\":\"https:\/\/nuevodigitaldeescobar.com.ar\/?p=15290#article\",\"isPartOf\":{\"@id\":\"https:\/\/nuevodigitaldeescobar.com.ar\/?p=15290\"},\"author\":{\"name\":\"Redacci\u00f3n\",\"@id\":\"https:\/\/nuevodigitaldeescobar.com.ar\/#\/schema\/person\/035e90a8efe9a80e6eec22656ad6ea4c\"},\"headline\":\"Bringeri Escobar se prepara con todo para el D\u00eda del Padre\",\"datePublished\":\"2025-06-04T14:47:12+00:00\",\"dateModified\":\"2025-06-04T14:47:24+00:00\",\"mainEntityOfPage\":{\"@id\":\"https:\/\/nuevodigitaldeescobar.com.ar\/?p=15290\"},\"wordCount\":246,\"commentCount\":0,\"publisher\":{\"@id\":\"https:\/\/nuevodigitaldeescobar.com.ar\/#organization\"},\"image\":{\"@id\":\"https:\/\/nuevodigitaldeescobar.com.ar\/?p=15290#primaryimage\"},\"thumbnailUrl\":\"https:\/\/nuevodigitaldeescobar.com.ar\/wp-content\/uploads\/2025\/06\/4c351823-75d6-4310-a0e1-93331429010d-e1742331210260-660x400-1.jpg\",\"keywords\":[\"Bringeri\",\"D\u00eda del Padre\"],\"articleSection\":[\"Comercios\"],\"inLanguage\":\"es\",\"potentialAction\":[{\"@type\":\"CommentAction\",\"name\":\"Comment\",\"target\":[\"https:\/\/nuevodigitaldeescobar.com.ar\/?p=15290#respond\"]}]},{\"@type\":\"WebPage\",\"@id\":\"https:\/\/nuevodigitaldeescobar.com.ar\/?p=15290\",\"url\":\"https:\/\/nuevodigitaldeescobar.com.ar\/?p=15290\",\"name\":\"Bringeri Escobar se prepara con todo para el D\u00eda del Padre - Nuevo Digital de Escobar\",\"isPartOf\":{\"@id\":\"https:\/\/nuevodigitaldeescobar.com.ar\/#website\"},\"primaryImageOfPage\":{\"@id\":\"https:\/\/nuevodigitaldeescobar.com.ar\/?p=15290#primaryimage\"},\"image\":{\"@id\":\"https:\/\/nuevodigitaldeescobar.com.ar\/?p=15290#primaryimage\"},\"thumbnailUrl\":\"https:\/\/nuevodigitaldeescobar.com.ar\/wp-content\/uploads\/2025\/06\/4c351823-75d6-4310-a0e1-93331429010d-e1742331210260-660x400-1.jpg\",\"datePublished\":\"2025-06-04T14:47:12+00:00\",\"dateModified\":\"2025-06-04T14:47:24+00:00\",\"breadcrumb\":{\"@id\":\"https:\/\/nuevodigitaldeescobar.com.ar\/?p=15290#breadcrumb\"},\"inLanguage\":\"es\",\"potentialAction\":[{\"@type\":\"ReadAction\",\"target\":[\"https:\/\/nuevodigitaldeescobar.com.ar\/?p=15290\"]}]},{\"@type\":\"ImageObject\",\"inLanguage\":\"es\",\"@id\":\"https:\/\/nuevodigitaldeescobar.com.ar\/?p=15290#primaryimage\",\"url\":\"https:\/\/nuevodigitaldeescobar.com.ar\/wp-content\/uploads\/2025\/06\/4c351823-75d6-4310-a0e1-93331429010d-e1742331210260-660x400-1.jpg\",\"contentUrl\":\"https:\/\/nuevodigitaldeescobar.com.ar\/wp-content\/uploads\/2025\/06\/4c351823-75d6-4310-a0e1-93331429010d-e1742331210260-660x400-1.jpg\",\"width\":660,\"height\":400},{\"@type\":\"BreadcrumbList\",\"@id\":\"https:\/\/nuevodigitaldeescobar.com.ar\/?p=15290#breadcrumb\",\"itemListElement\":[{\"@type\":\"ListItem\",\"position\":1,\"name\":\"Portada\",\"item\":\"https:\/\/nuevodigitaldeescobar.com.ar\/\"},{\"@type\":\"ListItem\",\"position\":2,\"name\":\"Bringeri Escobar se prepara con todo para el D\u00eda del Padre\"}]},{\"@type\":\"WebSite\",\"@id\":\"https:\/\/nuevodigitaldeescobar.com.ar\/#website\",\"url\":\"https:\/\/nuevodigitaldeescobar.com.ar\/\",\"name\":\"Nuevo Digital de Escobar\",\"description\":\"La vida escobarense. Directora: Rosana Brunner\",\"publisher\":{\"@id\":\"https:\/\/nuevodigitaldeescobar.com.ar\/#organization\"},\"potentialAction\":[{\"@type\":\"SearchAction\",\"target\":{\"@type\":\"EntryPoint\",\"urlTemplate\":\"https:\/\/nuevodigitaldeescobar.com.ar\/?s={search_term_string}\"},\"query-input\":{\"@type\":\"PropertyValueSpecification\",\"valueRequired\":true,\"valueName\":\"search_term_string\"}}],\"inLanguage\":\"es\"},{\"@type\":\"Organization\",\"@id\":\"https:\/\/nuevodigitaldeescobar.com.ar\/#organization\",\"name\":\"Nuevo Digital de Escobar\",\"url\":\"https:\/\/nuevodigitaldeescobar.com.ar\/\",\"logo\":{\"@type\":\"ImageObject\",\"inLanguage\":\"es\",\"@id\":\"https:\/\/nuevodigitaldeescobar.com.ar\/#\/schema\/logo\/image\/\",\"url\":\"https:\/\/nuevodigitaldeescobar.com.ar\/wp-content\/uploads\/2025\/05\/cropped-logo-nuevo2.jpg\",\"contentUrl\":\"https:\/\/nuevodigitaldeescobar.com.ar\/wp-content\/uploads\/2025\/05\/cropped-logo-nuevo2.jpg\",\"width\":305,\"height\":305,\"caption\":\"Nuevo Digital de Escobar\"},\"image\":{\"@id\":\"https:\/\/nuevodigitaldeescobar.com.ar\/#\/schema\/logo\/image\/\"},\"sameAs\":[\"https:\/\/www.facebook.com\/NUEVODigitalDeEscobar\",\"https:\/\/x.com\/nuevodigescobar\",\"https:\/\/www.instagram.com\/nuevodigitaldeescobar\"]},{\"@type\":\"Person\",\"@id\":\"https:\/\/nuevodigitaldeescobar.com.ar\/#\/schema\/person\/035e90a8efe9a80e6eec22656ad6ea4c\",\"name\":\"Redacci\u00f3n\",\"image\":{\"@type\":\"ImageObject\",\"inLanguage\":\"es\",\"@id\":\"https:\/\/nuevodigitaldeescobar.com.ar\/#\/schema\/person\/image\/\",\"url\":\"https:\/\/secure.gravatar.com\/avatar\/8af8f40000c24e9eef3034f2be5998a372bb1389e64b1a4a36b3a7979142220d?s=96&d=mm&r=g\",\"contentUrl\":\"https:\/\/secure.gravatar.com\/avatar\/8af8f40000c24e9eef3034f2be5998a372bb1389e64b1a4a36b3a7979142220d?s=96&d=mm&r=g\",\"caption\":\"Redacci\u00f3n\"},\"sameAs\":[\"http:\/\/nuevodigitaldeescobar.com.ar\"],\"url\":\"https:\/\/nuevodigitaldeescobar.com.ar\/?author=1\"}]}<\/script>\n<!-- \/ Yoast SEO plugin. -->","yoast_head_json":{"title":"Bringeri Escobar se prepara con todo para el D\u00eda del Padre - Nuevo Digital de Escobar","robots":{"index":"index","follow":"follow","max-snippet":"max-snippet:-1","max-image-preview":"max-image-preview:large","max-video-preview":"max-video-preview:-1"},"canonical":"https:\/\/nuevodigitaldeescobar.com.ar\/?p=15290","og_locale":"es_ES","og_type":"article","og_title":"Bringeri Escobar se prepara con todo para el D\u00eda del Padre - Nuevo Digital de Escobar","og_description":"En el marco de su 60\u00b0 aniversario, Bringeri \u2013la hist\u00f3rica cadena de electrodom\u00e9sticos y tecnolog\u00eda\u2013 se prepara para celebrar el D\u00eda del Padre con una [&hellip;]","og_url":"https:\/\/nuevodigitaldeescobar.com.ar\/?p=15290","og_site_name":"Nuevo Digital de Escobar","article_publisher":"https:\/\/www.facebook.com\/NUEVODigitalDeEscobar","article_published_time":"2025-06-04T14:47:12+00:00","article_modified_time":"2025-06-04T14:47:24+00:00","og_image":[{"width":660,"height":400,"url":"https:\/\/nuevodigitaldeescobar.com.ar\/wp-content\/uploads\/2025\/06\/4c351823-75d6-4310-a0e1-93331429010d-e1742331210260-660x400-1.jpg","type":"image\/jpeg"}],"author":"Redacci\u00f3n","twitter_card":"summary_large_image","twitter_creator":"@nuevodigescobar","twitter_site":"@nuevodigescobar","twitter_misc":{"Escrito por":"Redacci\u00f3n","Tiempo de lectura":"1 minuto"},"schema":{"@context":"https:\/\/schema.org","@graph":[{"@type":"Article","@id":"https:\/\/nuevodigitaldeescobar.com.ar\/?p=15290#article","isPartOf":{"@id":"https:\/\/nuevodigitaldeescobar.com.ar\/?p=15290"},"author":{"name":"Redacci\u00f3n","@id":"https:\/\/nuevodigitaldeescobar.com.ar\/#\/schema\/person\/035e90a8efe9a80e6eec22656ad6ea4c"},"headline":"Bringeri Escobar se prepara con todo para el D\u00eda del Padre","datePublished":"2025-06-04T14:47:12+00:00","dateModified":"2025-06-04T14:47:24+00:00","mainEntityOfPage":{"@id":"https:\/\/nuevodigitaldeescobar.com.ar\/?p=15290"},"wordCount":246,"commentCount":0,"publisher":{"@id":"https:\/\/nuevodigitaldeescobar.com.ar\/#organization"},"image":{"@id":"https:\/\/nuevodigitaldeescobar.com.ar\/?p=15290#primaryimage"},"thumbnailUrl":"https:\/\/nuevodigitaldeescobar.com.ar\/wp-content\/uploads\/2025\/06\/4c351823-75d6-4310-a0e1-93331429010d-e1742331210260-660x400-1.jpg","keywords":["Bringeri","D\u00eda del Padre"],"articleSection":["Comercios"],"inLanguage":"es","potentialAction":[{"@type":"CommentAction","name":"Comment","target":["https:\/\/nuevodigitaldeescobar.com.ar\/?p=15290#respond"]}]},{"@type":"WebPage","@id":"https:\/\/nuevodigitaldeescobar.com.ar\/?p=15290","url":"https:\/\/nuevodigitaldeescobar.com.ar\/?p=15290","name":"Bringeri Escobar se prepara con todo para el D\u00eda del Padre - Nuevo Digital de Escobar","isPartOf":{"@id":"https:\/\/nuevodigitaldeescobar.com.ar\/#website"},"primaryImageOfPage":{"@id":"https:\/\/nuevodigitaldeescobar.com.ar\/?p=15290#primaryimage"},"image":{"@id":"https:\/\/nuevodigitaldeescobar.com.ar\/?p=15290#primaryimage"},"thumbnailUrl":"https:\/\/nuevodigitaldeescobar.com.ar\/wp-content\/uploads\/2025\/06\/4c351823-75d6-4310-a0e1-93331429010d-e1742331210260-660x400-1.jpg","datePublished":"2025-06-04T14:47:12+00:00","dateModified":"2025-06-04T14:47:24+00:00","breadcrumb":{"@id":"https:\/\/nuevodigitaldeescobar.com.ar\/?p=15290#breadcrumb"},"inLanguage":"es","potentialAction":[{"@type":"ReadAction","target":["https:\/\/nuevodigitaldeescobar.com.ar\/?p=15290"]}]},{"@type":"ImageObject","inLanguage":"es","@id":"https:\/\/nuevodigitaldeescobar.com.ar\/?p=15290#primaryimage","url":"https:\/\/nuevodigitaldeescobar.com.ar\/wp-content\/uploads\/2025\/06\/4c351823-75d6-4310-a0e1-93331429010d-e1742331210260-660x400-1.jpg","contentUrl":"https:\/\/nuevodigitaldeescobar.com.ar\/wp-content\/uploads\/2025\/06\/4c351823-75d6-4310-a0e1-93331429010d-e1742331210260-660x400-1.jpg","width":660,"height":400},{"@type":"BreadcrumbList","@id":"https:\/\/nuevodigitaldeescobar.com.ar\/?p=15290#breadcrumb","itemListElement":[{"@type":"ListItem","position":1,"name":"Portada","item":"https:\/\/nuevodigitaldeescobar.com.ar\/"},{"@type":"ListItem","position":2,"name":"Bringeri Escobar se prepara con todo para el D\u00eda del Padre"}]},{"@type":"WebSite","@id":"https:\/\/nuevodigitaldeescobar.com.ar\/#website","url":"https:\/\/nuevodigitaldeescobar.com.ar\/","name":"Nuevo Digital de Escobar","description":"La vida escobarense. Directora: Rosana Brunner","publisher":{"@id":"https:\/\/nuevodigitaldeescobar.com.ar\/#organization"},"potentialAction":[{"@type":"SearchAction","target":{"@type":"EntryPoint","urlTemplate":"https:\/\/nuevodigitaldeescobar.com.ar\/?s={search_term_string}"},"query-input":{"@type":"PropertyValueSpecification","valueRequired":true,"valueName":"search_term_string"}}],"inLanguage":"es"},{"@type":"Organization","@id":"https:\/\/nuevodigitaldeescobar.com.ar\/#organization","name":"Nuevo Digital de Escobar","url":"https:\/\/nuevodigitaldeescobar.com.ar\/","logo":{"@type":"ImageObject","inLanguage":"es","@id":"https:\/\/nuevodigitaldeescobar.com.ar\/#\/schema\/logo\/image\/","url":"https:\/\/nuevodigitaldeescobar.com.ar\/wp-content\/uploads\/2025\/05\/cropped-logo-nuevo2.jpg","contentUrl":"https:\/\/nuevodigitaldeescobar.com.ar\/wp-content\/uploads\/2025\/05\/cropped-logo-nuevo2.jpg","width":305,"height":305,"caption":"Nuevo Digital de Escobar"},"image":{"@id":"https:\/\/nuevodigitaldeescobar.com.ar\/#\/schema\/logo\/image\/"},"sameAs":["https:\/\/www.facebook.com\/NUEVODigitalDeEscobar","https:\/\/x.com\/nuevodigescobar","https:\/\/www.instagram.com\/nuevodigitaldeescobar"]},{"@type":"Person","@id":"https:\/\/nuevodigitaldeescobar.com.ar\/#\/schema\/person\/035e90a8efe9a80e6eec22656ad6ea4c","name":"Redacci\u00f3n","image":{"@type":"ImageObject","inLanguage":"es","@id":"https:\/\/nuevodigitaldeescobar.com.ar\/#\/schema\/person\/image\/","url":"https:\/\/secure.gravatar.com\/avatar\/8af8f40000c24e9eef3034f2be5998a372bb1389e64b1a4a36b3a7979142220d?s=96&d=mm&r=g","contentUrl":"https:\/\/secure.gravatar.com\/avatar\/8af8f40000c24e9eef3034f2be5998a372bb1389e64b1a4a36b3a7979142220d?s=96&d=mm&r=g","caption":"Redacci\u00f3n"},"sameAs":["http:\/\/nuevodigitaldeescobar.com.ar"],"url":"https:\/\/nuevodigitaldeescobar.com.ar\/?author=1"}]}},"featured_image_urls":{"full":["https:\/\/nuevodigitaldeescobar.com.ar\/wp-content\/uploads\/2025\/06\/4c351823-75d6-4310-a0e1-93331429010d-e1742331210260-660x400-1.jpg",660,400,false],"thumbnail":["https:\/\/nuevodigitaldeescobar.com.ar\/wp-content\/uploads\/2025\/06\/4c351823-75d6-4310-a0e1-93331429010d-e1742331210260-660x400-1-150x150.jpg",150,150,true],"medium":["https:\/\/nuevodigitaldeescobar.com.ar\/wp-content\/uploads\/2025\/06\/4c351823-75d6-4310-a0e1-93331429010d-e1742331210260-660x400-1-300x182.jpg",300,182,true],"medium_large":["https:\/\/nuevodigitaldeescobar.com.ar\/wp-content\/uploads\/2025\/06\/4c351823-75d6-4310-a0e1-93331429010d-e1742331210260-660x400-1.jpg",640,388,false],"large":["https:\/\/nuevodigitaldeescobar.com.ar\/wp-content\/uploads\/2025\/06\/4c351823-75d6-4310-a0e1-93331429010d-e1742331210260-660x400-1.jpg",640,388,false],"1536x1536":["https:\/\/nuevodigitaldeescobar.com.ar\/wp-content\/uploads\/2025\/06\/4c351823-75d6-4310-a0e1-93331429010d-e1742331210260-660x400-1.jpg",660,400,false],"2048x2048":["https:\/\/nuevodigitaldeescobar.com.ar\/wp-content\/uploads\/2025\/06\/4c351823-75d6-4310-a0e1-93331429010d-e1742331210260-660x400-1.jpg",660,400,false]},"author_info":{"display_name":"Redacci\u00f3n","author_link":"https:\/\/nuevodigitaldeescobar.com.ar\/?author=1"},"category_info":"<a href=\"https:\/\/nuevodigitaldeescobar.com.ar\/?cat=207\" rel=\"category\">Comercios<\/a>","tag_info":"Comercios","comment_count":"0","_links":{"self":[{"href":"https:\/\/nuevodigitaldeescobar.com.ar\/index.php?rest_route=\/wp\/v2\/posts\/15290","targetHints":{"allow":["GET"]}}],"collection":[{"href":"https:\/\/nuevodigitaldeescobar.com.ar\/index.php?rest_route=\/wp\/v2\/posts"}],"about":[{"href":"https:\/\/nuevodigitaldeescobar.com.ar\/index.php?rest_route=\/wp\/v2\/types\/post"}],"author":[{"embeddable":true,"href":"https:\/\/nuevodigitaldeescobar.com.ar\/index.php?rest_route=\/wp\/v2\/users\/1"}],"replies":[{"embeddable":true,"href":"https:\/\/nuevodigitaldeescobar.com.ar\/index.php?rest_route=%2Fwp%2Fv2%2Fcomments&post=15290"}],"version-history":[{"count":1,"href":"https:\/\/nuevodigitaldeescobar.com.ar\/index.php?rest_route=\/wp\/v2\/posts\/15290\/revisions"}],"predecessor-version":[{"id":15292,"href":"https:\/\/nuevodigitaldeescobar.com.ar\/index.php?rest_route=\/wp\/v2\/posts\/15290\/revisions\/15292"}],"wp:featuredmedia":[{"embeddable":true,"href":"https:\/\/nuevodigitaldeescobar.com.ar\/index.php?rest_route=\/wp\/v2\/media\/15291"}],"wp:attachment":[{"href":"https:\/\/nuevodigitaldeescobar.com.ar\/index.php?rest_route=%2Fwp%2Fv2%2Fmedia&parent=15290"}],"wp:term":[{"taxonomy":"category","embeddable":true,"href":"https:\/\/nuevodigitaldeescobar.com.ar\/index.php?rest_route=%2Fwp%2Fv2%2Fcategories&post=15290"},{"taxonomy":"post_tag","embeddable":true,"href":"https:\/\/nuevodigitaldeescobar.com.ar\/index.php?rest_route=%2Fwp%2Fv2%2Ftags&post=15290"}],"curies":[{"name":"wp","href":"https:\/\/api.w.org\/{rel}","templated":true}]}}