{"id":1534,"date":"2023-12-04T08:33:59","date_gmt":"2023-12-04T11:33:59","guid":{"rendered":"https:\/\/nuevodigitaldeescobar.com.ar\/?p=1534"},"modified":"2023-12-04T08:34:05","modified_gmt":"2023-12-04T11:34:05","slug":"bosteros-de-garin-marcharon-con-riquelme-a-la-cabeza-para-pedir-elecciones-en-boca","status":"publish","type":"post","link":"https:\/\/nuevodigitaldeescobar.com.ar\/?p=1534","title":{"rendered":"Bosteros de Gar\u00edn marcharon con Riquelme a la cabeza para pedir elecciones en Boca"},"content":{"rendered":"\n<p class=\"has-vivid-cyan-blue-color has-text-color has-link-color wp-elements-846bebf16b16532ff70af6dc42208896\"><strong><em>Un numeroso grupo de vecinos de Gar\u00edn se moviliz\u00f3 hasta La Boca para ser parte la caravana de simpatizantes que march\u00f3 desde el Parque Lezama a la cancha.\u00a0<\/em><\/strong><\/p>\n\n\n\n<!--more-->\n\n\n\n<p>Miles de hinchas de Boca Juniors marcharon con Juan Rom\u00e1n Riquelme a la cabeza desde Parque Lezama hacia la Bombonera pidiendo que haya elecciones en el club, en contra de una posible intervenci\u00f3n y, fundamentalmente, en apoyo al \u00eddolo que es el candidato a presidente junto a Jorge Ameal por el oficialismo ante la dupla de la oposici\u00f3n compuesta por Andr\u00e9s Ibarra y Mauricio Macri.<br><br>En una verdadera manifestaci\u00f3n popular de magnitud, cerca de 20 mil hinchas de Boca llevaron sus estandartes, sus gritos y cantos en apoyo a Rom\u00e1n, pidiendo que haya elecciones y repudiando al expresidente del club y de la Naci\u00f3n, Mauricio Macri.<br><br>Aquellos que caminan el mundo Boca hace a\u00f1os no recuerdan una manifestaci\u00f3n de este tipo que no sea por ganar un t\u00edtulo.<\/p>\n\n\n\n<p>Riquelme estaba rodeado de dirigentes de la actualidad, entre ellos Jorge Ameal actual presidente y acompa\u00f1ante del \u00ab10\u00bb, quien no se hab\u00eda mostrado en los \u00faltimos actos del oficialismo.<br><br>Al llegar a la intersecci\u00f3n de Mart\u00edn Garc\u00eda y Almirante Brown, Rom\u00e1n camin\u00f3 unos 200 metros y se volvi\u00f3 a subir a la camioneta junto a los exjugadores que trabajan en el club como Marcelo Delgado, Blas Giunta, Antonio Barijho y Diego So\u00f1ora.<\/p>\n\n\n\n<p>La Filial Gar\u00edn de Boca Juniors, cuya sede est\u00e1 en la calle Fructuoso D\u00edaz, fue parte de la movilizaci\u00f3n, partiendo en micros desde la ciudad m\u00e1s grande del Partido de Escobar hacia Capital.<\/p>\n\n\n\n<p><\/p>\n","protected":false},"excerpt":{"rendered":"<p>Un numeroso grupo de vecinos de Gar\u00edn se moviliz\u00f3 hasta La Boca para ser parte la caravana de simpatizantes que march\u00f3 desde el Parque Lezama [&hellip;]<\/p>\n","protected":false},"author":1,"featured_media":1535,"comment_status":"open","ping_status":"open","sticky":false,"template":"","format":"standard","meta":{"footnotes":""},"categories":[8],"tags":[62],"class_list":["post-1534","post","type-post","status-publish","format-standard","has-post-thumbnail","hentry","category-deportes","tag-boca-juniors"],"better_featured_image":{"id":1535,"alt_text":"","caption":"","description":"","media_type":"image","media_details":{"width":1372,"height":804,"file":"2023\/12\/406510292_889359319859512_7418463851743439359_n.jpg","filesize":167045,"sizes":{"medium":{"file":"406510292_889359319859512_7418463851743439359_n-300x176.jpg","width":300,"height":176,"mime-type":"image\/jpeg","filesize":19902,"source_url":"https:\/\/nuevodigitaldeescobar.com.ar\/wp-content\/uploads\/2023\/12\/406510292_889359319859512_7418463851743439359_n-300x176.jpg"},"large":{"file":"406510292_889359319859512_7418463851743439359_n-1024x600.jpg","width":1024,"height":600,"mime-type":"image\/jpeg","filesize":141360,"source_url":"https:\/\/nuevodigitaldeescobar.com.ar\/wp-content\/uploads\/2023\/12\/406510292_889359319859512_7418463851743439359_n-1024x600.jpg"},"thumbnail":{"file":"406510292_889359319859512_7418463851743439359_n-150x150.jpg","width":150,"height":150,"mime-type":"image\/jpeg","filesize":10027,"source_url":"https:\/\/nuevodigitaldeescobar.com.ar\/wp-content\/uploads\/2023\/12\/406510292_889359319859512_7418463851743439359_n-150x150.jpg"},"medium_large":{"file":"406510292_889359319859512_7418463851743439359_n-768x450.jpg","width":768,"height":450,"mime-type":"image\/jpeg","filesize":90919,"source_url":"https:\/\/nuevodigitaldeescobar.com.ar\/wp-content\/uploads\/2023\/12\/406510292_889359319859512_7418463851743439359_n-768x450.jpg"},"covernews-slider-full":{"file":"406510292_889359319859512_7418463851743439359_n-1115x715.jpg","width":1115,"height":715,"mime-type":"image\/jpeg","filesize":171366,"source_url":"https:\/\/nuevodigitaldeescobar.com.ar\/wp-content\/uploads\/2023\/12\/406510292_889359319859512_7418463851743439359_n-1115x715.jpg"},"covernews-slider-center":{"file":"406510292_889359319859512_7418463851743439359_n-800x500.jpg","width":800,"height":500,"mime-type":"image\/jpeg","filesize":101297,"source_url":"https:\/\/nuevodigitaldeescobar.com.ar\/wp-content\/uploads\/2023\/12\/406510292_889359319859512_7418463851743439359_n-800x500.jpg"},"covernews-featured":{"file":"406510292_889359319859512_7418463851743439359_n-1024x600.jpg","width":1024,"height":600,"mime-type":"image\/jpeg","filesize":141360,"source_url":"https:\/\/nuevodigitaldeescobar.com.ar\/wp-content\/uploads\/2023\/12\/406510292_889359319859512_7418463851743439359_n-1024x600.jpg"},"covernews-medium":{"file":"406510292_889359319859512_7418463851743439359_n-540x340.jpg","width":540,"height":340,"mime-type":"image\/jpeg","filesize":55006,"source_url":"https:\/\/nuevodigitaldeescobar.com.ar\/wp-content\/uploads\/2023\/12\/406510292_889359319859512_7418463851743439359_n-540x340.jpg"},"covernews-medium-square":{"file":"406510292_889359319859512_7418463851743439359_n-400x250.jpg","width":400,"height":250,"mime-type":"image\/jpeg","filesize":33570,"source_url":"https:\/\/nuevodigitaldeescobar.com.ar\/wp-content\/uploads\/2023\/12\/406510292_889359319859512_7418463851743439359_n-400x250.jpg"}},"image_meta":{"aperture":"0","credit":"","camera":"","caption":"","created_timestamp":"0","copyright":"","focal_length":"0","iso":"0","shutter_speed":"0","title":"","orientation":"0","keywords":[]}},"post":1534,"source_url":"https:\/\/nuevodigitaldeescobar.com.ar\/wp-content\/uploads\/2023\/12\/406510292_889359319859512_7418463851743439359_n.jpg"},"yoast_head":"<!-- This site is optimized with the Yoast SEO plugin v26.1.1 - https:\/\/yoast.com\/wordpress\/plugins\/seo\/ -->\n<title>Bosteros de Gar\u00edn marcharon con Riquelme a la cabeza para pedir elecciones en Boca - Nuevo Digital de Escobar<\/title>\n<meta name=\"robots\" content=\"index, follow, max-snippet:-1, max-image-preview:large, max-video-preview:-1\" \/>\n<link rel=\"canonical\" href=\"https:\/\/nuevodigitaldeescobar.com.ar\/?p=1534\" \/>\n<meta property=\"og:locale\" content=\"es_ES\" \/>\n<meta property=\"og:type\" content=\"article\" \/>\n<meta property=\"og:title\" content=\"Bosteros de Gar\u00edn marcharon con Riquelme a la cabeza para pedir elecciones en Boca - Nuevo Digital de Escobar\" \/>\n<meta property=\"og:description\" content=\"Un numeroso grupo de vecinos de Gar\u00edn se moviliz\u00f3 hasta La Boca para ser parte la caravana de simpatizantes que march\u00f3 desde el Parque Lezama [&hellip;]\" \/>\n<meta property=\"og:url\" content=\"https:\/\/nuevodigitaldeescobar.com.ar\/?p=1534\" \/>\n<meta property=\"og:site_name\" content=\"Nuevo Digital de Escobar\" \/>\n<meta property=\"article:publisher\" content=\"https:\/\/www.facebook.com\/NUEVODigitalDeEscobar\" \/>\n<meta property=\"article:published_time\" content=\"2023-12-04T11:33:59+00:00\" \/>\n<meta property=\"article:modified_time\" content=\"2023-12-04T11:34:05+00:00\" \/>\n<meta property=\"og:image\" content=\"https:\/\/nuevodigitaldeescobar.com.ar\/wp-content\/uploads\/2023\/12\/406510292_889359319859512_7418463851743439359_n.jpg\" \/>\n\t<meta property=\"og:image:width\" content=\"1372\" \/>\n\t<meta property=\"og:image:height\" content=\"804\" \/>\n\t<meta property=\"og:image:type\" content=\"image\/jpeg\" \/>\n<meta name=\"author\" content=\"Redacci\u00f3n\" \/>\n<meta name=\"twitter:card\" content=\"summary_large_image\" \/>\n<meta name=\"twitter:creator\" content=\"@nuevodigescobar\" \/>\n<meta name=\"twitter:site\" content=\"@nuevodigescobar\" \/>\n<meta name=\"twitter:label1\" content=\"Escrito por\" \/>\n\t<meta name=\"twitter:data1\" content=\"Redacci\u00f3n\" \/>\n\t<meta name=\"twitter:label2\" content=\"Tiempo de lectura\" \/>\n\t<meta name=\"twitter:data2\" content=\"1 minuto\" \/>\n<script type=\"application\/ld+json\" class=\"yoast-schema-graph\">{\"@context\":\"https:\/\/schema.org\",\"@graph\":[{\"@type\":\"Article\",\"@id\":\"https:\/\/nuevodigitaldeescobar.com.ar\/?p=1534#article\",\"isPartOf\":{\"@id\":\"https:\/\/nuevodigitaldeescobar.com.ar\/?p=1534\"},\"author\":{\"name\":\"Redacci\u00f3n\",\"@id\":\"https:\/\/nuevodigitaldeescobar.com.ar\/#\/schema\/person\/035e90a8efe9a80e6eec22656ad6ea4c\"},\"headline\":\"Bosteros de Gar\u00edn marcharon con Riquelme a la cabeza para pedir elecciones en Boca\",\"datePublished\":\"2023-12-04T11:33:59+00:00\",\"dateModified\":\"2023-12-04T11:34:05+00:00\",\"mainEntityOfPage\":{\"@id\":\"https:\/\/nuevodigitaldeescobar.com.ar\/?p=1534\"},\"wordCount\":295,\"commentCount\":0,\"publisher\":{\"@id\":\"https:\/\/nuevodigitaldeescobar.com.ar\/#organization\"},\"image\":{\"@id\":\"https:\/\/nuevodigitaldeescobar.com.ar\/?p=1534#primaryimage\"},\"thumbnailUrl\":\"https:\/\/nuevodigitaldeescobar.com.ar\/wp-content\/uploads\/2023\/12\/406510292_889359319859512_7418463851743439359_n.jpg\",\"keywords\":[\"Boca Juniors\"],\"articleSection\":[\"Deportes\"],\"inLanguage\":\"es\",\"potentialAction\":[{\"@type\":\"CommentAction\",\"name\":\"Comment\",\"target\":[\"https:\/\/nuevodigitaldeescobar.com.ar\/?p=1534#respond\"]}]},{\"@type\":\"WebPage\",\"@id\":\"https:\/\/nuevodigitaldeescobar.com.ar\/?p=1534\",\"url\":\"https:\/\/nuevodigitaldeescobar.com.ar\/?p=1534\",\"name\":\"Bosteros de Gar\u00edn marcharon con Riquelme a la cabeza para pedir elecciones en Boca - Nuevo Digital de Escobar\",\"isPartOf\":{\"@id\":\"https:\/\/nuevodigitaldeescobar.com.ar\/#website\"},\"primaryImageOfPage\":{\"@id\":\"https:\/\/nuevodigitaldeescobar.com.ar\/?p=1534#primaryimage\"},\"image\":{\"@id\":\"https:\/\/nuevodigitaldeescobar.com.ar\/?p=1534#primaryimage\"},\"thumbnailUrl\":\"https:\/\/nuevodigitaldeescobar.com.ar\/wp-content\/uploads\/2023\/12\/406510292_889359319859512_7418463851743439359_n.jpg\",\"datePublished\":\"2023-12-04T11:33:59+00:00\",\"dateModified\":\"2023-12-04T11:34:05+00:00\",\"breadcrumb\":{\"@id\":\"https:\/\/nuevodigitaldeescobar.com.ar\/?p=1534#breadcrumb\"},\"inLanguage\":\"es\",\"potentialAction\":[{\"@type\":\"ReadAction\",\"target\":[\"https:\/\/nuevodigitaldeescobar.com.ar\/?p=1534\"]}]},{\"@type\":\"ImageObject\",\"inLanguage\":\"es\",\"@id\":\"https:\/\/nuevodigitaldeescobar.com.ar\/?p=1534#primaryimage\",\"url\":\"https:\/\/nuevodigitaldeescobar.com.ar\/wp-content\/uploads\/2023\/12\/406510292_889359319859512_7418463851743439359_n.jpg\",\"contentUrl\":\"https:\/\/nuevodigitaldeescobar.com.ar\/wp-content\/uploads\/2023\/12\/406510292_889359319859512_7418463851743439359_n.jpg\",\"width\":1372,\"height\":804},{\"@type\":\"BreadcrumbList\",\"@id\":\"https:\/\/nuevodigitaldeescobar.com.ar\/?p=1534#breadcrumb\",\"itemListElement\":[{\"@type\":\"ListItem\",\"position\":1,\"name\":\"Portada\",\"item\":\"https:\/\/nuevodigitaldeescobar.com.ar\/\"},{\"@type\":\"ListItem\",\"position\":2,\"name\":\"Bosteros de Gar\u00edn marcharon con Riquelme a la cabeza para pedir elecciones en Boca\"}]},{\"@type\":\"WebSite\",\"@id\":\"https:\/\/nuevodigitaldeescobar.com.ar\/#website\",\"url\":\"https:\/\/nuevodigitaldeescobar.com.ar\/\",\"name\":\"Nuevo Digital de Escobar\",\"description\":\"La vida escobarense. Directora: Rosana Brunner\",\"publisher\":{\"@id\":\"https:\/\/nuevodigitaldeescobar.com.ar\/#organization\"},\"potentialAction\":[{\"@type\":\"SearchAction\",\"target\":{\"@type\":\"EntryPoint\",\"urlTemplate\":\"https:\/\/nuevodigitaldeescobar.com.ar\/?s={search_term_string}\"},\"query-input\":{\"@type\":\"PropertyValueSpecification\",\"valueRequired\":true,\"valueName\":\"search_term_string\"}}],\"inLanguage\":\"es\"},{\"@type\":\"Organization\",\"@id\":\"https:\/\/nuevodigitaldeescobar.com.ar\/#organization\",\"name\":\"Nuevo Digital de Escobar\",\"url\":\"https:\/\/nuevodigitaldeescobar.com.ar\/\",\"logo\":{\"@type\":\"ImageObject\",\"inLanguage\":\"es\",\"@id\":\"https:\/\/nuevodigitaldeescobar.com.ar\/#\/schema\/logo\/image\/\",\"url\":\"https:\/\/nuevodigitaldeescobar.com.ar\/wp-content\/uploads\/2025\/05\/cropped-logo-nuevo2.jpg\",\"contentUrl\":\"https:\/\/nuevodigitaldeescobar.com.ar\/wp-content\/uploads\/2025\/05\/cropped-logo-nuevo2.jpg\",\"width\":305,\"height\":305,\"caption\":\"Nuevo Digital de Escobar\"},\"image\":{\"@id\":\"https:\/\/nuevodigitaldeescobar.com.ar\/#\/schema\/logo\/image\/\"},\"sameAs\":[\"https:\/\/www.facebook.com\/NUEVODigitalDeEscobar\",\"https:\/\/x.com\/nuevodigescobar\",\"https:\/\/www.instagram.com\/nuevodigitaldeescobar\"]},{\"@type\":\"Person\",\"@id\":\"https:\/\/nuevodigitaldeescobar.com.ar\/#\/schema\/person\/035e90a8efe9a80e6eec22656ad6ea4c\",\"name\":\"Redacci\u00f3n\",\"image\":{\"@type\":\"ImageObject\",\"inLanguage\":\"es\",\"@id\":\"https:\/\/nuevodigitaldeescobar.com.ar\/#\/schema\/person\/image\/\",\"url\":\"https:\/\/secure.gravatar.com\/avatar\/8af8f40000c24e9eef3034f2be5998a372bb1389e64b1a4a36b3a7979142220d?s=96&d=mm&r=g\",\"contentUrl\":\"https:\/\/secure.gravatar.com\/avatar\/8af8f40000c24e9eef3034f2be5998a372bb1389e64b1a4a36b3a7979142220d?s=96&d=mm&r=g\",\"caption\":\"Redacci\u00f3n\"},\"sameAs\":[\"http:\/\/nuevodigitaldeescobar.com.ar\"],\"url\":\"https:\/\/nuevodigitaldeescobar.com.ar\/?author=1\"}]}<\/script>\n<!-- \/ Yoast SEO plugin. -->","yoast_head_json":{"title":"Bosteros de Gar\u00edn marcharon con Riquelme a la cabeza para pedir elecciones en Boca - Nuevo Digital de Escobar","robots":{"index":"index","follow":"follow","max-snippet":"max-snippet:-1","max-image-preview":"max-image-preview:large","max-video-preview":"max-video-preview:-1"},"canonical":"https:\/\/nuevodigitaldeescobar.com.ar\/?p=1534","og_locale":"es_ES","og_type":"article","og_title":"Bosteros de Gar\u00edn marcharon con Riquelme a la cabeza para pedir elecciones en Boca - Nuevo Digital de Escobar","og_description":"Un numeroso grupo de vecinos de Gar\u00edn se moviliz\u00f3 hasta La Boca para ser parte la caravana de simpatizantes que march\u00f3 desde el Parque Lezama [&hellip;]","og_url":"https:\/\/nuevodigitaldeescobar.com.ar\/?p=1534","og_site_name":"Nuevo Digital de Escobar","article_publisher":"https:\/\/www.facebook.com\/NUEVODigitalDeEscobar","article_published_time":"2023-12-04T11:33:59+00:00","article_modified_time":"2023-12-04T11:34:05+00:00","og_image":[{"width":1372,"height":804,"url":"https:\/\/nuevodigitaldeescobar.com.ar\/wp-content\/uploads\/2023\/12\/406510292_889359319859512_7418463851743439359_n.jpg","type":"image\/jpeg"}],"author":"Redacci\u00f3n","twitter_card":"summary_large_image","twitter_creator":"@nuevodigescobar","twitter_site":"@nuevodigescobar","twitter_misc":{"Escrito por":"Redacci\u00f3n","Tiempo de lectura":"1 minuto"},"schema":{"@context":"https:\/\/schema.org","@graph":[{"@type":"Article","@id":"https:\/\/nuevodigitaldeescobar.com.ar\/?p=1534#article","isPartOf":{"@id":"https:\/\/nuevodigitaldeescobar.com.ar\/?p=1534"},"author":{"name":"Redacci\u00f3n","@id":"https:\/\/nuevodigitaldeescobar.com.ar\/#\/schema\/person\/035e90a8efe9a80e6eec22656ad6ea4c"},"headline":"Bosteros de Gar\u00edn marcharon con Riquelme a la cabeza para pedir elecciones en Boca","datePublished":"2023-12-04T11:33:59+00:00","dateModified":"2023-12-04T11:34:05+00:00","mainEntityOfPage":{"@id":"https:\/\/nuevodigitaldeescobar.com.ar\/?p=1534"},"wordCount":295,"commentCount":0,"publisher":{"@id":"https:\/\/nuevodigitaldeescobar.com.ar\/#organization"},"image":{"@id":"https:\/\/nuevodigitaldeescobar.com.ar\/?p=1534#primaryimage"},"thumbnailUrl":"https:\/\/nuevodigitaldeescobar.com.ar\/wp-content\/uploads\/2023\/12\/406510292_889359319859512_7418463851743439359_n.jpg","keywords":["Boca Juniors"],"articleSection":["Deportes"],"inLanguage":"es","potentialAction":[{"@type":"CommentAction","name":"Comment","target":["https:\/\/nuevodigitaldeescobar.com.ar\/?p=1534#respond"]}]},{"@type":"WebPage","@id":"https:\/\/nuevodigitaldeescobar.com.ar\/?p=1534","url":"https:\/\/nuevodigitaldeescobar.com.ar\/?p=1534","name":"Bosteros de Gar\u00edn marcharon con Riquelme a la cabeza para pedir elecciones en Boca - Nuevo Digital de Escobar","isPartOf":{"@id":"https:\/\/nuevodigitaldeescobar.com.ar\/#website"},"primaryImageOfPage":{"@id":"https:\/\/nuevodigitaldeescobar.com.ar\/?p=1534#primaryimage"},"image":{"@id":"https:\/\/nuevodigitaldeescobar.com.ar\/?p=1534#primaryimage"},"thumbnailUrl":"https:\/\/nuevodigitaldeescobar.com.ar\/wp-content\/uploads\/2023\/12\/406510292_889359319859512_7418463851743439359_n.jpg","datePublished":"2023-12-04T11:33:59+00:00","dateModified":"2023-12-04T11:34:05+00:00","breadcrumb":{"@id":"https:\/\/nuevodigitaldeescobar.com.ar\/?p=1534#breadcrumb"},"inLanguage":"es","potentialAction":[{"@type":"ReadAction","target":["https:\/\/nuevodigitaldeescobar.com.ar\/?p=1534"]}]},{"@type":"ImageObject","inLanguage":"es","@id":"https:\/\/nuevodigitaldeescobar.com.ar\/?p=1534#primaryimage","url":"https:\/\/nuevodigitaldeescobar.com.ar\/wp-content\/uploads\/2023\/12\/406510292_889359319859512_7418463851743439359_n.jpg","contentUrl":"https:\/\/nuevodigitaldeescobar.com.ar\/wp-content\/uploads\/2023\/12\/406510292_889359319859512_7418463851743439359_n.jpg","width":1372,"height":804},{"@type":"BreadcrumbList","@id":"https:\/\/nuevodigitaldeescobar.com.ar\/?p=1534#breadcrumb","itemListElement":[{"@type":"ListItem","position":1,"name":"Portada","item":"https:\/\/nuevodigitaldeescobar.com.ar\/"},{"@type":"ListItem","position":2,"name":"Bosteros de Gar\u00edn marcharon con Riquelme a la cabeza para pedir elecciones en Boca"}]},{"@type":"WebSite","@id":"https:\/\/nuevodigitaldeescobar.com.ar\/#website","url":"https:\/\/nuevodigitaldeescobar.com.ar\/","name":"Nuevo Digital de Escobar","description":"La vida escobarense. Directora: Rosana Brunner","publisher":{"@id":"https:\/\/nuevodigitaldeescobar.com.ar\/#organization"},"potentialAction":[{"@type":"SearchAction","target":{"@type":"EntryPoint","urlTemplate":"https:\/\/nuevodigitaldeescobar.com.ar\/?s={search_term_string}"},"query-input":{"@type":"PropertyValueSpecification","valueRequired":true,"valueName":"search_term_string"}}],"inLanguage":"es"},{"@type":"Organization","@id":"https:\/\/nuevodigitaldeescobar.com.ar\/#organization","name":"Nuevo Digital de Escobar","url":"https:\/\/nuevodigitaldeescobar.com.ar\/","logo":{"@type":"ImageObject","inLanguage":"es","@id":"https:\/\/nuevodigitaldeescobar.com.ar\/#\/schema\/logo\/image\/","url":"https:\/\/nuevodigitaldeescobar.com.ar\/wp-content\/uploads\/2025\/05\/cropped-logo-nuevo2.jpg","contentUrl":"https:\/\/nuevodigitaldeescobar.com.ar\/wp-content\/uploads\/2025\/05\/cropped-logo-nuevo2.jpg","width":305,"height":305,"caption":"Nuevo Digital de Escobar"},"image":{"@id":"https:\/\/nuevodigitaldeescobar.com.ar\/#\/schema\/logo\/image\/"},"sameAs":["https:\/\/www.facebook.com\/NUEVODigitalDeEscobar","https:\/\/x.com\/nuevodigescobar","https:\/\/www.instagram.com\/nuevodigitaldeescobar"]},{"@type":"Person","@id":"https:\/\/nuevodigitaldeescobar.com.ar\/#\/schema\/person\/035e90a8efe9a80e6eec22656ad6ea4c","name":"Redacci\u00f3n","image":{"@type":"ImageObject","inLanguage":"es","@id":"https:\/\/nuevodigitaldeescobar.com.ar\/#\/schema\/person\/image\/","url":"https:\/\/secure.gravatar.com\/avatar\/8af8f40000c24e9eef3034f2be5998a372bb1389e64b1a4a36b3a7979142220d?s=96&d=mm&r=g","contentUrl":"https:\/\/secure.gravatar.com\/avatar\/8af8f40000c24e9eef3034f2be5998a372bb1389e64b1a4a36b3a7979142220d?s=96&d=mm&r=g","caption":"Redacci\u00f3n"},"sameAs":["http:\/\/nuevodigitaldeescobar.com.ar"],"url":"https:\/\/nuevodigitaldeescobar.com.ar\/?author=1"}]}},"featured_image_urls":{"full":["https:\/\/nuevodigitaldeescobar.com.ar\/wp-content\/uploads\/2023\/12\/406510292_889359319859512_7418463851743439359_n.jpg",1372,804,false],"thumbnail":["https:\/\/nuevodigitaldeescobar.com.ar\/wp-content\/uploads\/2023\/12\/406510292_889359319859512_7418463851743439359_n-150x150.jpg",150,150,true],"medium":["https:\/\/nuevodigitaldeescobar.com.ar\/wp-content\/uploads\/2023\/12\/406510292_889359319859512_7418463851743439359_n-300x176.jpg",300,176,true],"medium_large":["https:\/\/nuevodigitaldeescobar.com.ar\/wp-content\/uploads\/2023\/12\/406510292_889359319859512_7418463851743439359_n-768x450.jpg",640,375,true],"large":["https:\/\/nuevodigitaldeescobar.com.ar\/wp-content\/uploads\/2023\/12\/406510292_889359319859512_7418463851743439359_n-1024x600.jpg",640,375,true],"1536x1536":["https:\/\/nuevodigitaldeescobar.com.ar\/wp-content\/uploads\/2023\/12\/406510292_889359319859512_7418463851743439359_n.jpg",1372,804,false],"2048x2048":["https:\/\/nuevodigitaldeescobar.com.ar\/wp-content\/uploads\/2023\/12\/406510292_889359319859512_7418463851743439359_n.jpg",1372,804,false]},"author_info":{"display_name":"Redacci\u00f3n","author_link":"https:\/\/nuevodigitaldeescobar.com.ar\/?author=1"},"category_info":"<a href=\"https:\/\/nuevodigitaldeescobar.com.ar\/?cat=8\" rel=\"category\">Deportes<\/a>","tag_info":"Deportes","comment_count":"0","_links":{"self":[{"href":"https:\/\/nuevodigitaldeescobar.com.ar\/index.php?rest_route=\/wp\/v2\/posts\/1534","targetHints":{"allow":["GET"]}}],"collection":[{"href":"https:\/\/nuevodigitaldeescobar.com.ar\/index.php?rest_route=\/wp\/v2\/posts"}],"about":[{"href":"https:\/\/nuevodigitaldeescobar.com.ar\/index.php?rest_route=\/wp\/v2\/types\/post"}],"author":[{"embeddable":true,"href":"https:\/\/nuevodigitaldeescobar.com.ar\/index.php?rest_route=\/wp\/v2\/users\/1"}],"replies":[{"embeddable":true,"href":"https:\/\/nuevodigitaldeescobar.com.ar\/index.php?rest_route=%2Fwp%2Fv2%2Fcomments&post=1534"}],"version-history":[{"count":1,"href":"https:\/\/nuevodigitaldeescobar.com.ar\/index.php?rest_route=\/wp\/v2\/posts\/1534\/revisions"}],"predecessor-version":[{"id":1536,"href":"https:\/\/nuevodigitaldeescobar.com.ar\/index.php?rest_route=\/wp\/v2\/posts\/1534\/revisions\/1536"}],"wp:featuredmedia":[{"embeddable":true,"href":"https:\/\/nuevodigitaldeescobar.com.ar\/index.php?rest_route=\/wp\/v2\/media\/1535"}],"wp:attachment":[{"href":"https:\/\/nuevodigitaldeescobar.com.ar\/index.php?rest_route=%2Fwp%2Fv2%2Fmedia&parent=1534"}],"wp:term":[{"taxonomy":"category","embeddable":true,"href":"https:\/\/nuevodigitaldeescobar.com.ar\/index.php?rest_route=%2Fwp%2Fv2%2Fcategories&post=1534"},{"taxonomy":"post_tag","embeddable":true,"href":"https:\/\/nuevodigitaldeescobar.com.ar\/index.php?rest_route=%2Fwp%2Fv2%2Ftags&post=1534"}],"curies":[{"name":"wp","href":"https:\/\/api.w.org\/{rel}","templated":true}]}}