{"id":15392,"date":"2025-06-08T03:10:56","date_gmt":"2025-06-08T06:10:56","guid":{"rendered":"https:\/\/nuevodigitaldeescobar.com.ar\/?p=15392"},"modified":"2025-06-08T03:11:06","modified_gmt":"2025-06-08T06:11:06","slug":"grave-atentado-en-colombia-balearon-al-senador-y-precandidato-presidencial-miguel-uribe","status":"publish","type":"post","link":"https:\/\/nuevodigitaldeescobar.com.ar\/?p=15392","title":{"rendered":"Grave atentado en Colombia: balearon al senador y precandidato presidencial Miguel Uribe"},"content":{"rendered":"\n<p class=\"has-vivid-cyan-blue-color has-text-color has-link-color wp-elements-4beb07b8616095b623dbfaa14a52cf91\"><strong><em>El dirigente del partido Centro Democr\u00e1tico fue atacado en plena v\u00eda p\u00fablica durante un acto de campa\u00f1a. Est\u00e1 internado en estado cr\u00edtico. El caso remueve la memoria de asesinatos pol\u00edticos en el pa\u00eds.<\/em><\/strong><\/p>\n\n\n\n<!--more-->\n\n\n\n<p>El senador colombiano Miguel Uribe Turbay, de 39 a\u00f1os, fue v\u00edctima de un atentado a balazos este viernes 7 de junio mientras encabezaba un acto de campa\u00f1a en el barrio Modelia, en la localidad de Fontib\u00f3n, Bogot\u00e1. Uribe, precandidato presidencial por el partido de derecha Centro Democr\u00e1tico, recibi\u00f3 al menos dos impactos de bala en la cabeza y permanece internado en estado cr\u00edtico, intubado en la Unidad de Cuidados Intensivos.<\/p>\n\n\n\n<p>El hecho ocurri\u00f3 a plena luz del d\u00eda, en un parque p\u00fablico y rodeado de ciudadanos y dirigentes pol\u00edticos que participaban del evento. Seg\u00fan testigos, el senador estaba finalizando su intervenci\u00f3n cuando un hombre se acerc\u00f3 entre la multitud y dispar\u00f3 tres veces. Dos proyectiles impactaron directamente en la cabeza de Uribe.<\/p>\n\n\n\n<p>La r\u00e1pida intervenci\u00f3n del personal de seguridad permiti\u00f3 detener al presunto autor de los disparos, un menor de edad que tambi\u00e9n result\u00f3 herido en la pierna durante el cruce de disparos con la polic\u00eda. Otro sospechoso fue capturado minutos despu\u00e9s. El ministro de Defensa colombiano, Pedro S\u00e1nchez, anunci\u00f3 una recompensa de hasta 3.000 millones de pesos colombianos para quien aporte datos que ayuden a esclarecer el atentado.<\/p>\n\n\n\n<figure class=\"wp-block-video aligncenter\"><video controls src=\"https:\/\/nuevodigitaldeescobar.com.ar\/wp-content\/uploads\/2025\/06\/uribe217.mp4\"><\/video><figcaption class=\"wp-element-caption\"><em><strong>Momento del atentado \/\/ (Fuente: Infobae)<\/strong><\/em><\/figcaption><\/figure>\n\n\n\n<p>El presidente Gustavo Petro se pronunci\u00f3 horas despu\u00e9s con un mensaje que, m\u00e1s all\u00e1 de su tono po\u00e9tico, reafirm\u00f3 la necesidad de poner fin a la violencia pol\u00edtica en el pa\u00eds: <em>\u201cRespeten la vida, esa es la l\u00ednea roja. Colombia no debe matar a sus hijos\u201d<\/em>.<\/p>\n\n\n\n<p>En tanto, desde el entorno del senador se inform\u00f3 que uno de los proyectiles habr\u00eda quedado alojado en una zona delicada del cerebro, lo que oblig\u00f3 a su traslado a la Fundaci\u00f3n Santa Fe para una atenci\u00f3n m\u00e1s especializada.<\/p>\n\n\n\n<h3 class=\"wp-block-heading has-text-color has-link-color wp-elements-856c4dba6023b90039abc456fd03c398\" style=\"color:#091fcc\"><em>Ecos de una historia marcada por la violencia pol\u00edtica<\/em><\/h3>\n\n\n\n<p>El ataque contra Miguel Uribe reaviv\u00f3 el fantasma de otros magnicidios que marcaron la historia reciente de Colombia, como los asesinatos de Jorge Eli\u00e9cer Gait\u00e1n en 1948 y Luis Carlos Gal\u00e1n en 1989, ambos tambi\u00e9n en el marco de campa\u00f1as presidenciales. Desde diferentes sectores pol\u00edticos, incluida la oposici\u00f3n, se sucedieron los mensajes de condena y solidaridad.<\/p>\n\n\n\n<p><em>\u00abAtentaron contra una esperanza de la Patria\u00bb<\/em>, expres\u00f3 el expresidente \u00c1lvaro Uribe. Tambi\u00e9n se manifestaron los exmandatarios Juan Manuel Santos y C\u00e9sar Gaviria, pidiendo justicia y unidad nacional frente al ataque.<\/p>\n\n\n\n<p>La Fiscal\u00eda General y las fuerzas de seguridad trabajan intensamente para determinar si existen otros implicados en el atentado y qu\u00e9 motivaciones hay detr\u00e1s del hecho, que podr\u00eda tener implicancias profundas en el escenario pol\u00edtico colombiano.<\/p>\n\n\n\n<p>Desde <em>El Digital de Escobar<\/em>, nos solidarizamos con el pueblo colombiano y con la familia del senador Uribe, al tiempo que nos sumamos al llamado a defender la democracia y la vida frente a cualquier forma de violencia pol\u00edtica.<\/p>\n","protected":false},"excerpt":{"rendered":"<p>El dirigente del partido Centro Democr\u00e1tico fue atacado en plena v\u00eda p\u00fablica durante un acto de campa\u00f1a. Est\u00e1 internado en estado cr\u00edtico. El caso remueve [&hellip;]<\/p>\n","protected":false},"author":1,"featured_media":15393,"comment_status":"open","ping_status":"open","sticky":false,"template":"","format":"standard","meta":{"footnotes":""},"categories":[285],"tags":[],"class_list":["post-15392","post","type-post","status-publish","format-standard","has-post-thumbnail","hentry","category-internacionales"],"better_featured_image":{"id":15393,"alt_text":"","caption":"","description":"","media_type":"image","media_details":{"width":738,"height":476,"file":"2025\/06\/uribe225.png","filesize":613862,"sizes":{"medium":{"file":"uribe225-300x193.png","width":300,"height":193,"mime-type":"image\/png","filesize":84471,"source_url":"https:\/\/nuevodigitaldeescobar.com.ar\/wp-content\/uploads\/2025\/06\/uribe225-300x193.png"},"thumbnail":{"file":"uribe225-150x150.png","width":150,"height":150,"mime-type":"image\/png","filesize":39627,"source_url":"https:\/\/nuevodigitaldeescobar.com.ar\/wp-content\/uploads\/2025\/06\/uribe225-150x150.png"}},"image_meta":{"aperture":"0","credit":"","camera":"","caption":"","created_timestamp":"0","copyright":"","focal_length":"0","iso":"0","shutter_speed":"0","title":"","orientation":"0","keywords":[]}},"post":15392,"source_url":"https:\/\/nuevodigitaldeescobar.com.ar\/wp-content\/uploads\/2025\/06\/uribe225.png"},"yoast_head":"<!-- This site is optimized with the Yoast SEO plugin v26.1.1 - https:\/\/yoast.com\/wordpress\/plugins\/seo\/ -->\n<title>Grave atentado en Colombia: balearon al senador y precandidato presidencial Miguel Uribe - Nuevo Digital de Escobar<\/title>\n<meta name=\"robots\" content=\"index, follow, max-snippet:-1, max-image-preview:large, max-video-preview:-1\" \/>\n<link rel=\"canonical\" href=\"https:\/\/nuevodigitaldeescobar.com.ar\/?p=15392\" \/>\n<meta property=\"og:locale\" content=\"es_ES\" \/>\n<meta property=\"og:type\" content=\"article\" \/>\n<meta property=\"og:title\" content=\"Grave atentado en Colombia: balearon al senador y precandidato presidencial Miguel Uribe - Nuevo Digital de Escobar\" \/>\n<meta property=\"og:description\" content=\"El dirigente del partido Centro Democr\u00e1tico fue atacado en plena v\u00eda p\u00fablica durante un acto de campa\u00f1a. Est\u00e1 internado en estado cr\u00edtico. El caso remueve [&hellip;]\" \/>\n<meta property=\"og:url\" content=\"https:\/\/nuevodigitaldeescobar.com.ar\/?p=15392\" \/>\n<meta property=\"og:site_name\" content=\"Nuevo Digital de Escobar\" \/>\n<meta property=\"article:publisher\" content=\"https:\/\/www.facebook.com\/NUEVODigitalDeEscobar\" \/>\n<meta property=\"article:published_time\" content=\"2025-06-08T06:10:56+00:00\" \/>\n<meta property=\"article:modified_time\" content=\"2025-06-08T06:11:06+00:00\" \/>\n<meta property=\"og:image\" content=\"https:\/\/nuevodigitaldeescobar.com.ar\/wp-content\/uploads\/2025\/06\/uribe225.png\" \/>\n\t<meta property=\"og:image:width\" content=\"738\" \/>\n\t<meta property=\"og:image:height\" content=\"476\" \/>\n\t<meta property=\"og:image:type\" content=\"image\/png\" \/>\n<meta name=\"author\" content=\"Redacci\u00f3n\" \/>\n<meta name=\"twitter:card\" content=\"summary_large_image\" \/>\n<meta name=\"twitter:creator\" content=\"@nuevodigescobar\" \/>\n<meta name=\"twitter:site\" content=\"@nuevodigescobar\" \/>\n<meta name=\"twitter:label1\" content=\"Escrito por\" \/>\n\t<meta name=\"twitter:data1\" content=\"Redacci\u00f3n\" \/>\n\t<meta name=\"twitter:label2\" content=\"Tiempo de lectura\" \/>\n\t<meta name=\"twitter:data2\" content=\"3 minutos\" \/>\n<script type=\"application\/ld+json\" class=\"yoast-schema-graph\">{\"@context\":\"https:\/\/schema.org\",\"@graph\":[{\"@type\":\"Article\",\"@id\":\"https:\/\/nuevodigitaldeescobar.com.ar\/?p=15392#article\",\"isPartOf\":{\"@id\":\"https:\/\/nuevodigitaldeescobar.com.ar\/?p=15392\"},\"author\":{\"name\":\"Redacci\u00f3n\",\"@id\":\"https:\/\/nuevodigitaldeescobar.com.ar\/#\/schema\/person\/035e90a8efe9a80e6eec22656ad6ea4c\"},\"headline\":\"Grave atentado en Colombia: balearon al senador y precandidato presidencial Miguel Uribe\",\"datePublished\":\"2025-06-08T06:10:56+00:00\",\"dateModified\":\"2025-06-08T06:11:06+00:00\",\"mainEntityOfPage\":{\"@id\":\"https:\/\/nuevodigitaldeescobar.com.ar\/?p=15392\"},\"wordCount\":539,\"commentCount\":0,\"publisher\":{\"@id\":\"https:\/\/nuevodigitaldeescobar.com.ar\/#organization\"},\"image\":{\"@id\":\"https:\/\/nuevodigitaldeescobar.com.ar\/?p=15392#primaryimage\"},\"thumbnailUrl\":\"https:\/\/nuevodigitaldeescobar.com.ar\/wp-content\/uploads\/2025\/06\/uribe225.png\",\"articleSection\":[\"Internacionales\"],\"inLanguage\":\"es\",\"potentialAction\":[{\"@type\":\"CommentAction\",\"name\":\"Comment\",\"target\":[\"https:\/\/nuevodigitaldeescobar.com.ar\/?p=15392#respond\"]}]},{\"@type\":\"WebPage\",\"@id\":\"https:\/\/nuevodigitaldeescobar.com.ar\/?p=15392\",\"url\":\"https:\/\/nuevodigitaldeescobar.com.ar\/?p=15392\",\"name\":\"Grave atentado en Colombia: balearon al senador y precandidato presidencial Miguel Uribe - Nuevo Digital de Escobar\",\"isPartOf\":{\"@id\":\"https:\/\/nuevodigitaldeescobar.com.ar\/#website\"},\"primaryImageOfPage\":{\"@id\":\"https:\/\/nuevodigitaldeescobar.com.ar\/?p=15392#primaryimage\"},\"image\":{\"@id\":\"https:\/\/nuevodigitaldeescobar.com.ar\/?p=15392#primaryimage\"},\"thumbnailUrl\":\"https:\/\/nuevodigitaldeescobar.com.ar\/wp-content\/uploads\/2025\/06\/uribe225.png\",\"datePublished\":\"2025-06-08T06:10:56+00:00\",\"dateModified\":\"2025-06-08T06:11:06+00:00\",\"breadcrumb\":{\"@id\":\"https:\/\/nuevodigitaldeescobar.com.ar\/?p=15392#breadcrumb\"},\"inLanguage\":\"es\",\"potentialAction\":[{\"@type\":\"ReadAction\",\"target\":[\"https:\/\/nuevodigitaldeescobar.com.ar\/?p=15392\"]}]},{\"@type\":\"ImageObject\",\"inLanguage\":\"es\",\"@id\":\"https:\/\/nuevodigitaldeescobar.com.ar\/?p=15392#primaryimage\",\"url\":\"https:\/\/nuevodigitaldeescobar.com.ar\/wp-content\/uploads\/2025\/06\/uribe225.png\",\"contentUrl\":\"https:\/\/nuevodigitaldeescobar.com.ar\/wp-content\/uploads\/2025\/06\/uribe225.png\",\"width\":738,\"height\":476},{\"@type\":\"BreadcrumbList\",\"@id\":\"https:\/\/nuevodigitaldeescobar.com.ar\/?p=15392#breadcrumb\",\"itemListElement\":[{\"@type\":\"ListItem\",\"position\":1,\"name\":\"Portada\",\"item\":\"https:\/\/nuevodigitaldeescobar.com.ar\/\"},{\"@type\":\"ListItem\",\"position\":2,\"name\":\"Grave atentado en Colombia: balearon al senador y precandidato presidencial Miguel Uribe\"}]},{\"@type\":\"WebSite\",\"@id\":\"https:\/\/nuevodigitaldeescobar.com.ar\/#website\",\"url\":\"https:\/\/nuevodigitaldeescobar.com.ar\/\",\"name\":\"Nuevo Digital de Escobar\",\"description\":\"La vida escobarense. Directora: Rosana Brunner\",\"publisher\":{\"@id\":\"https:\/\/nuevodigitaldeescobar.com.ar\/#organization\"},\"potentialAction\":[{\"@type\":\"SearchAction\",\"target\":{\"@type\":\"EntryPoint\",\"urlTemplate\":\"https:\/\/nuevodigitaldeescobar.com.ar\/?s={search_term_string}\"},\"query-input\":{\"@type\":\"PropertyValueSpecification\",\"valueRequired\":true,\"valueName\":\"search_term_string\"}}],\"inLanguage\":\"es\"},{\"@type\":\"Organization\",\"@id\":\"https:\/\/nuevodigitaldeescobar.com.ar\/#organization\",\"name\":\"Nuevo Digital de Escobar\",\"url\":\"https:\/\/nuevodigitaldeescobar.com.ar\/\",\"logo\":{\"@type\":\"ImageObject\",\"inLanguage\":\"es\",\"@id\":\"https:\/\/nuevodigitaldeescobar.com.ar\/#\/schema\/logo\/image\/\",\"url\":\"https:\/\/nuevodigitaldeescobar.com.ar\/wp-content\/uploads\/2025\/05\/cropped-logo-nuevo2.jpg\",\"contentUrl\":\"https:\/\/nuevodigitaldeescobar.com.ar\/wp-content\/uploads\/2025\/05\/cropped-logo-nuevo2.jpg\",\"width\":305,\"height\":305,\"caption\":\"Nuevo Digital de Escobar\"},\"image\":{\"@id\":\"https:\/\/nuevodigitaldeescobar.com.ar\/#\/schema\/logo\/image\/\"},\"sameAs\":[\"https:\/\/www.facebook.com\/NUEVODigitalDeEscobar\",\"https:\/\/x.com\/nuevodigescobar\",\"https:\/\/www.instagram.com\/nuevodigitaldeescobar\"]},{\"@type\":\"Person\",\"@id\":\"https:\/\/nuevodigitaldeescobar.com.ar\/#\/schema\/person\/035e90a8efe9a80e6eec22656ad6ea4c\",\"name\":\"Redacci\u00f3n\",\"image\":{\"@type\":\"ImageObject\",\"inLanguage\":\"es\",\"@id\":\"https:\/\/nuevodigitaldeescobar.com.ar\/#\/schema\/person\/image\/\",\"url\":\"https:\/\/secure.gravatar.com\/avatar\/8af8f40000c24e9eef3034f2be5998a372bb1389e64b1a4a36b3a7979142220d?s=96&d=mm&r=g\",\"contentUrl\":\"https:\/\/secure.gravatar.com\/avatar\/8af8f40000c24e9eef3034f2be5998a372bb1389e64b1a4a36b3a7979142220d?s=96&d=mm&r=g\",\"caption\":\"Redacci\u00f3n\"},\"sameAs\":[\"http:\/\/nuevodigitaldeescobar.com.ar\"],\"url\":\"https:\/\/nuevodigitaldeescobar.com.ar\/?author=1\"}]}<\/script>\n<!-- \/ Yoast SEO plugin. -->","yoast_head_json":{"title":"Grave atentado en Colombia: balearon al senador y precandidato presidencial Miguel Uribe - Nuevo Digital de Escobar","robots":{"index":"index","follow":"follow","max-snippet":"max-snippet:-1","max-image-preview":"max-image-preview:large","max-video-preview":"max-video-preview:-1"},"canonical":"https:\/\/nuevodigitaldeescobar.com.ar\/?p=15392","og_locale":"es_ES","og_type":"article","og_title":"Grave atentado en Colombia: balearon al senador y precandidato presidencial Miguel Uribe - Nuevo Digital de Escobar","og_description":"El dirigente del partido Centro Democr\u00e1tico fue atacado en plena v\u00eda p\u00fablica durante un acto de campa\u00f1a. Est\u00e1 internado en estado cr\u00edtico. El caso remueve [&hellip;]","og_url":"https:\/\/nuevodigitaldeescobar.com.ar\/?p=15392","og_site_name":"Nuevo Digital de Escobar","article_publisher":"https:\/\/www.facebook.com\/NUEVODigitalDeEscobar","article_published_time":"2025-06-08T06:10:56+00:00","article_modified_time":"2025-06-08T06:11:06+00:00","og_image":[{"width":738,"height":476,"url":"https:\/\/nuevodigitaldeescobar.com.ar\/wp-content\/uploads\/2025\/06\/uribe225.png","type":"image\/png"}],"author":"Redacci\u00f3n","twitter_card":"summary_large_image","twitter_creator":"@nuevodigescobar","twitter_site":"@nuevodigescobar","twitter_misc":{"Escrito por":"Redacci\u00f3n","Tiempo de lectura":"3 minutos"},"schema":{"@context":"https:\/\/schema.org","@graph":[{"@type":"Article","@id":"https:\/\/nuevodigitaldeescobar.com.ar\/?p=15392#article","isPartOf":{"@id":"https:\/\/nuevodigitaldeescobar.com.ar\/?p=15392"},"author":{"name":"Redacci\u00f3n","@id":"https:\/\/nuevodigitaldeescobar.com.ar\/#\/schema\/person\/035e90a8efe9a80e6eec22656ad6ea4c"},"headline":"Grave atentado en Colombia: balearon al senador y precandidato presidencial Miguel Uribe","datePublished":"2025-06-08T06:10:56+00:00","dateModified":"2025-06-08T06:11:06+00:00","mainEntityOfPage":{"@id":"https:\/\/nuevodigitaldeescobar.com.ar\/?p=15392"},"wordCount":539,"commentCount":0,"publisher":{"@id":"https:\/\/nuevodigitaldeescobar.com.ar\/#organization"},"image":{"@id":"https:\/\/nuevodigitaldeescobar.com.ar\/?p=15392#primaryimage"},"thumbnailUrl":"https:\/\/nuevodigitaldeescobar.com.ar\/wp-content\/uploads\/2025\/06\/uribe225.png","articleSection":["Internacionales"],"inLanguage":"es","potentialAction":[{"@type":"CommentAction","name":"Comment","target":["https:\/\/nuevodigitaldeescobar.com.ar\/?p=15392#respond"]}]},{"@type":"WebPage","@id":"https:\/\/nuevodigitaldeescobar.com.ar\/?p=15392","url":"https:\/\/nuevodigitaldeescobar.com.ar\/?p=15392","name":"Grave atentado en Colombia: balearon al senador y precandidato presidencial Miguel Uribe - Nuevo Digital de Escobar","isPartOf":{"@id":"https:\/\/nuevodigitaldeescobar.com.ar\/#website"},"primaryImageOfPage":{"@id":"https:\/\/nuevodigitaldeescobar.com.ar\/?p=15392#primaryimage"},"image":{"@id":"https:\/\/nuevodigitaldeescobar.com.ar\/?p=15392#primaryimage"},"thumbnailUrl":"https:\/\/nuevodigitaldeescobar.com.ar\/wp-content\/uploads\/2025\/06\/uribe225.png","datePublished":"2025-06-08T06:10:56+00:00","dateModified":"2025-06-08T06:11:06+00:00","breadcrumb":{"@id":"https:\/\/nuevodigitaldeescobar.com.ar\/?p=15392#breadcrumb"},"inLanguage":"es","potentialAction":[{"@type":"ReadAction","target":["https:\/\/nuevodigitaldeescobar.com.ar\/?p=15392"]}]},{"@type":"ImageObject","inLanguage":"es","@id":"https:\/\/nuevodigitaldeescobar.com.ar\/?p=15392#primaryimage","url":"https:\/\/nuevodigitaldeescobar.com.ar\/wp-content\/uploads\/2025\/06\/uribe225.png","contentUrl":"https:\/\/nuevodigitaldeescobar.com.ar\/wp-content\/uploads\/2025\/06\/uribe225.png","width":738,"height":476},{"@type":"BreadcrumbList","@id":"https:\/\/nuevodigitaldeescobar.com.ar\/?p=15392#breadcrumb","itemListElement":[{"@type":"ListItem","position":1,"name":"Portada","item":"https:\/\/nuevodigitaldeescobar.com.ar\/"},{"@type":"ListItem","position":2,"name":"Grave atentado en Colombia: balearon al senador y precandidato presidencial Miguel Uribe"}]},{"@type":"WebSite","@id":"https:\/\/nuevodigitaldeescobar.com.ar\/#website","url":"https:\/\/nuevodigitaldeescobar.com.ar\/","name":"Nuevo Digital de Escobar","description":"La vida escobarense. Directora: Rosana Brunner","publisher":{"@id":"https:\/\/nuevodigitaldeescobar.com.ar\/#organization"},"potentialAction":[{"@type":"SearchAction","target":{"@type":"EntryPoint","urlTemplate":"https:\/\/nuevodigitaldeescobar.com.ar\/?s={search_term_string}"},"query-input":{"@type":"PropertyValueSpecification","valueRequired":true,"valueName":"search_term_string"}}],"inLanguage":"es"},{"@type":"Organization","@id":"https:\/\/nuevodigitaldeescobar.com.ar\/#organization","name":"Nuevo Digital de Escobar","url":"https:\/\/nuevodigitaldeescobar.com.ar\/","logo":{"@type":"ImageObject","inLanguage":"es","@id":"https:\/\/nuevodigitaldeescobar.com.ar\/#\/schema\/logo\/image\/","url":"https:\/\/nuevodigitaldeescobar.com.ar\/wp-content\/uploads\/2025\/05\/cropped-logo-nuevo2.jpg","contentUrl":"https:\/\/nuevodigitaldeescobar.com.ar\/wp-content\/uploads\/2025\/05\/cropped-logo-nuevo2.jpg","width":305,"height":305,"caption":"Nuevo Digital de Escobar"},"image":{"@id":"https:\/\/nuevodigitaldeescobar.com.ar\/#\/schema\/logo\/image\/"},"sameAs":["https:\/\/www.facebook.com\/NUEVODigitalDeEscobar","https:\/\/x.com\/nuevodigescobar","https:\/\/www.instagram.com\/nuevodigitaldeescobar"]},{"@type":"Person","@id":"https:\/\/nuevodigitaldeescobar.com.ar\/#\/schema\/person\/035e90a8efe9a80e6eec22656ad6ea4c","name":"Redacci\u00f3n","image":{"@type":"ImageObject","inLanguage":"es","@id":"https:\/\/nuevodigitaldeescobar.com.ar\/#\/schema\/person\/image\/","url":"https:\/\/secure.gravatar.com\/avatar\/8af8f40000c24e9eef3034f2be5998a372bb1389e64b1a4a36b3a7979142220d?s=96&d=mm&r=g","contentUrl":"https:\/\/secure.gravatar.com\/avatar\/8af8f40000c24e9eef3034f2be5998a372bb1389e64b1a4a36b3a7979142220d?s=96&d=mm&r=g","caption":"Redacci\u00f3n"},"sameAs":["http:\/\/nuevodigitaldeescobar.com.ar"],"url":"https:\/\/nuevodigitaldeescobar.com.ar\/?author=1"}]}},"featured_image_urls":{"full":["https:\/\/nuevodigitaldeescobar.com.ar\/wp-content\/uploads\/2025\/06\/uribe225.png",738,476,false],"thumbnail":["https:\/\/nuevodigitaldeescobar.com.ar\/wp-content\/uploads\/2025\/06\/uribe225-150x150.png",150,150,true],"medium":["https:\/\/nuevodigitaldeescobar.com.ar\/wp-content\/uploads\/2025\/06\/uribe225-300x193.png",300,193,true],"medium_large":["https:\/\/nuevodigitaldeescobar.com.ar\/wp-content\/uploads\/2025\/06\/uribe225.png",640,413,false],"large":["https:\/\/nuevodigitaldeescobar.com.ar\/wp-content\/uploads\/2025\/06\/uribe225.png",640,413,false],"1536x1536":["https:\/\/nuevodigitaldeescobar.com.ar\/wp-content\/uploads\/2025\/06\/uribe225.png",738,476,false],"2048x2048":["https:\/\/nuevodigitaldeescobar.com.ar\/wp-content\/uploads\/2025\/06\/uribe225.png",738,476,false]},"author_info":{"display_name":"Redacci\u00f3n","author_link":"https:\/\/nuevodigitaldeescobar.com.ar\/?author=1"},"category_info":"<a href=\"https:\/\/nuevodigitaldeescobar.com.ar\/?cat=285\" rel=\"category\">Internacionales<\/a>","tag_info":"Internacionales","comment_count":"0","_links":{"self":[{"href":"https:\/\/nuevodigitaldeescobar.com.ar\/index.php?rest_route=\/wp\/v2\/posts\/15392","targetHints":{"allow":["GET"]}}],"collection":[{"href":"https:\/\/nuevodigitaldeescobar.com.ar\/index.php?rest_route=\/wp\/v2\/posts"}],"about":[{"href":"https:\/\/nuevodigitaldeescobar.com.ar\/index.php?rest_route=\/wp\/v2\/types\/post"}],"author":[{"embeddable":true,"href":"https:\/\/nuevodigitaldeescobar.com.ar\/index.php?rest_route=\/wp\/v2\/users\/1"}],"replies":[{"embeddable":true,"href":"https:\/\/nuevodigitaldeescobar.com.ar\/index.php?rest_route=%2Fwp%2Fv2%2Fcomments&post=15392"}],"version-history":[{"count":1,"href":"https:\/\/nuevodigitaldeescobar.com.ar\/index.php?rest_route=\/wp\/v2\/posts\/15392\/revisions"}],"predecessor-version":[{"id":15395,"href":"https:\/\/nuevodigitaldeescobar.com.ar\/index.php?rest_route=\/wp\/v2\/posts\/15392\/revisions\/15395"}],"wp:featuredmedia":[{"embeddable":true,"href":"https:\/\/nuevodigitaldeescobar.com.ar\/index.php?rest_route=\/wp\/v2\/media\/15393"}],"wp:attachment":[{"href":"https:\/\/nuevodigitaldeescobar.com.ar\/index.php?rest_route=%2Fwp%2Fv2%2Fmedia&parent=15392"}],"wp:term":[{"taxonomy":"category","embeddable":true,"href":"https:\/\/nuevodigitaldeescobar.com.ar\/index.php?rest_route=%2Fwp%2Fv2%2Fcategories&post=15392"},{"taxonomy":"post_tag","embeddable":true,"href":"https:\/\/nuevodigitaldeescobar.com.ar\/index.php?rest_route=%2Fwp%2Fv2%2Ftags&post=15392"}],"curies":[{"name":"wp","href":"https:\/\/api.w.org\/{rel}","templated":true}]}}