{"id":15416,"date":"2025-06-09T03:03:52","date_gmt":"2025-06-09T06:03:52","guid":{"rendered":"https:\/\/nuevodigitaldeescobar.com.ar\/?p=15416"},"modified":"2025-06-09T03:03:57","modified_gmt":"2025-06-09T06:03:57","slug":"elecciones-en-misiones-el-frente-renovador-retuvo-el-poder-la-libertad-avanza-crecio-y-hubo-sorpresas","status":"publish","type":"post","link":"https:\/\/nuevodigitaldeescobar.com.ar\/?p=15416","title":{"rendered":"Elecciones en Misiones: el Frente Renovador retuvo el poder, La Libertad Avanza creci\u00f3 y hubo sorpresas"},"content":{"rendered":"\n<p class=\"has-vivid-cyan-blue-color has-text-color has-link-color wp-elements-5003e147e1934d1daed0c5ed0f8a49f1\"><strong><em>Con baja participaci\u00f3n, el oficialismo provincial logr\u00f3 mantener su hegemon\u00eda en la Legislatura. La Libertad Avanza se consolid\u00f3 como segunda fuerza y un candidato preso por sedici\u00f3n qued\u00f3 tercero, generando un fuerte impacto pol\u00edtico.<\/em><\/strong><\/p>\n\n\n\n<!--more-->\n\n\n\n<p>En una elecci\u00f3n marcada por la apat\u00eda ciudadana, apenas el 50% del padr\u00f3n particip\u00f3 este domingo en Misiones. El dato confirma una tendencia que se viene registrando en los comicios desdoblados de las provincias: creciente desinter\u00e9s del electorado y consolidaci\u00f3n de los oficialismos locales. A contramano de lo que ocurri\u00f3 en la Ciudad de Buenos Aires, en la tierra colorada no hubo sorpresas en la cima del podio.<\/p>\n\n\n\n<p>El <strong>Frente Renovador de la Concordia (FRC)<\/strong>, que gobierna Misiones desde hace m\u00e1s de dos d\u00e9cadas, logr\u00f3 retener la mayor\u00eda y el qu\u00f3rum propio en la C\u00e1mara de Diputados provincial. De los 20 esca\u00f1os que estaban en juego, el oficialismo se asegurar\u00eda entre seis y siete bancas, que se suman a las catorce que ya posee. As\u00ed, el gobernador Hugo Passalacqua podr\u00e1 gobernar con comodidad pol\u00edtica.<\/p>\n\n\n\n<p>Desde la dirigencia renovadora destacaron que el resultado fue un respaldo al modelo provincialista frente a los intentos de nacionalizar la elecci\u00f3n. Para dar una imagen de renovaci\u00f3n, el oficialismo ensay\u00f3 un \u00abblend\u00bb de candidatos propios con figuras cercanas al universo libertario, una f\u00f3rmula que, a pesar del desgaste de 25 a\u00f1os de gobierno, sigue rindiendo frutos.<\/p>\n\n\n\n<h3 class=\"wp-block-heading has-text-color has-link-color wp-elements-c0072569252cfd228d7934da81537d9d\" style=\"color:#0f26d7\"><em>La Libertad Avanza pisa fuerte<\/em><\/h3>\n\n\n\n<p>El gran crecimiento en estas elecciones fue el de <strong>La Libertad Avanza (LLA)<\/strong>, el partido del presidente Javier Milei, que logr\u00f3 consolidarse como la segunda fuerza en Misiones, un territorio hist\u00f3ricamente adverso para las alternativas nacionales.<\/p>\n\n\n\n<p>Con la candidatura de Diego Hartfield y sin el color violeta caracter\u00edstico en las boletas (prohibido en la provincia), LLA consigui\u00f3 entre cuatro y cinco bancas legislativas. El mensaje de campa\u00f1a, \u201cHartfield es Milei\u201d, funcion\u00f3 para fidelizar el voto libertario y neutralizar a otras propuestas que intentaban captar ese electorado con sellos alternativos.<\/p>\n\n\n\n<p>La dirigencia local de LLA ya anticipa una ola de dirigentes de otras fuerzas que buscar\u00e1n incorporarse al espacio, aunque aseguran que la puerta estar\u00e1 abierta solo para quienes se afilien al partido y respeten la org\u00e1nica. A nivel nacional, ser\u00e1 Karina Milei quien defina si se habilitar\u00e1n las PASO en las elecciones legislativas de octubre.<\/p>\n\n\n\n<h3 class=\"wp-block-heading has-text-color has-link-color wp-elements-cfafc9727ac4c33be6958a5a9be232f1\" style=\"color:#0f26d7\"><em>La sorpresa: un preso, tercero en la elecci\u00f3n<\/em><\/h3>\n\n\n\n<p>Uno de los datos m\u00e1s llamativos de la jornada fue el desempe\u00f1o de <strong>Ram\u00f3n Amarilla<\/strong>, ex polic\u00eda y actual detenido por sedici\u00f3n, quien desde la c\u00e1rcel encabez\u00f3 la lista del partido \u201cPor la Vida y los Valores\u201d y obtuvo cerca del 20% de los votos. Con ese caudal, se ubica en el tercer lugar y podr\u00eda obtener una banca en la Legislatura, aunque resta que el Tribunal Electoral se expida sobre su situaci\u00f3n legal.<\/p>\n\n\n\n<p>Amarilla fue el principal referente de la revuelta policial que sacudi\u00f3 la provincia en mayo de 2024. Su figura gan\u00f3 notoriedad p\u00fablica y, con el apoyo del ex PRO Miguel N\u00fa\u00f1ez, logr\u00f3 encabezar una lista que tuvo un desempe\u00f1o inesperado. Como dato anecd\u00f3tico, se impuso en Cerro Azul, localidad donde se encuentra la unidad penal donde est\u00e1 alojado.<\/p>\n\n\n\n<h3 class=\"wp-block-heading has-text-color has-link-color wp-elements-abc33f99e8ca2ba6908ae67ad0b09739\" style=\"color:#0f26d7\"><em>Otros resultados<\/em><\/h3>\n\n\n\n<p>En el cuarto lugar qued\u00f3 <strong>H\u00e9ctor \u201cCacho\u201d B\u00e1rbaro<\/strong>, dirigente rural y ex diputado nacional, quien con el Partido Agrario y Social consigui\u00f3 un resultado suficiente para retener presencia legislativa.<\/p>\n\n\n\n<p>M\u00e1s atr\u00e1s, en el grupo de los derrotados, qued\u00f3 <strong>Mart\u00edn Arjol<\/strong>, referente radical que intent\u00f3 reconvertirse en candidato libertario \u201cblue\u201d, pero termin\u00f3 pagando el costo de la imitaci\u00f3n. \u201cEntre el original y la copia, la gente elige el original\u201d, ironizaron desde el entorno de LLA. Arjol, que supo ganar las legislativas de 2021 y fue candidato a gobernador en 2023, cay\u00f3 al quinto puesto.<\/p>\n\n\n\n<p>A\u00fan peor fue el resultado para <strong>la UCR y el PRO<\/strong>, que juntos bajo la alianza \u201cUnidos por el Futuro\u201d no lograron retener bancas ni recuperar prestigio. Tambi\u00e9n el <strong>peronismo<\/strong> firm\u00f3 una jornada para el olvido: sin lista propia y con el partido intervenido por decisi\u00f3n de Cristina Kirchner, sus referentes terminaron englobados en una alianza menor, Confluencia Popular, que apenas ara\u00f1\u00f3 el 1% de los votos.<\/p>\n\n\n\n<h3 class=\"wp-block-heading has-text-color has-link-color wp-elements-3975d2ce4a586a98b923c9241979a448\" style=\"color:#0f26d7\"><em>Conclusi\u00f3n<\/em><\/h3>\n\n\n\n<p>La elecci\u00f3n en Misiones dej\u00f3 varias se\u00f1ales hacia el escenario nacional: el desgaste de los partidos tradicionales, la consolidaci\u00f3n de los oficialismos provinciales y la expansi\u00f3n del fen\u00f3meno libertario. Adem\u00e1s, mostr\u00f3 que incluso desde una celda puede surgir un liderazgo disruptivo que impacte en la pol\u00edtica local.<\/p>\n","protected":false},"excerpt":{"rendered":"<p>Con baja participaci\u00f3n, el oficialismo provincial logr\u00f3 mantener su hegemon\u00eda en la Legislatura. La Libertad Avanza se consolid\u00f3 como segunda fuerza y un candidato preso [&hellip;]<\/p>\n","protected":false},"author":1,"featured_media":15417,"comment_status":"open","ping_status":"open","sticky":false,"template":"","format":"standard","meta":{"footnotes":""},"categories":[6],"tags":[],"class_list":["post-15416","post","type-post","status-publish","format-standard","has-post-thumbnail","hentry","category-politica"],"better_featured_image":{"id":15417,"alt_text":"","caption":"","description":"","media_type":"image","media_details":{"width":1026,"height":595,"file":"2025\/06\/eleccionmisiones11.png","filesize":1125224,"sizes":{"medium":{"file":"eleccionmisiones11-300x174.png","width":300,"height":174,"mime-type":"image\/png","filesize":93898,"source_url":"https:\/\/nuevodigitaldeescobar.com.ar\/wp-content\/uploads\/2025\/06\/eleccionmisiones11-300x174.png"},"large":{"file":"eleccionmisiones11-1024x594.png","width":1024,"height":594,"mime-type":"image\/png","filesize":671507,"source_url":"https:\/\/nuevodigitaldeescobar.com.ar\/wp-content\/uploads\/2025\/06\/eleccionmisiones11-1024x594.png"},"thumbnail":{"file":"eleccionmisiones11-150x150.png","width":150,"height":150,"mime-type":"image\/png","filesize":45337,"source_url":"https:\/\/nuevodigitaldeescobar.com.ar\/wp-content\/uploads\/2025\/06\/eleccionmisiones11-150x150.png"},"medium_large":{"file":"eleccionmisiones11-768x445.png","width":768,"height":445,"mime-type":"image\/png","filesize":433981,"source_url":"https:\/\/nuevodigitaldeescobar.com.ar\/wp-content\/uploads\/2025\/06\/eleccionmisiones11-768x445.png"}},"image_meta":{"aperture":"0","credit":"","camera":"","caption":"","created_timestamp":"0","copyright":"","focal_length":"0","iso":"0","shutter_speed":"0","title":"","orientation":"0","keywords":[]}},"post":15416,"source_url":"https:\/\/nuevodigitaldeescobar.com.ar\/wp-content\/uploads\/2025\/06\/eleccionmisiones11.png"},"yoast_head":"<!-- This site is optimized with the Yoast SEO plugin v26.1.1 - https:\/\/yoast.com\/wordpress\/plugins\/seo\/ -->\n<title>Elecciones en Misiones: el Frente Renovador retuvo el poder, La Libertad Avanza creci\u00f3 y hubo sorpresas - Nuevo Digital de Escobar<\/title>\n<meta name=\"robots\" content=\"index, follow, max-snippet:-1, max-image-preview:large, max-video-preview:-1\" \/>\n<link rel=\"canonical\" href=\"https:\/\/nuevodigitaldeescobar.com.ar\/?p=15416\" \/>\n<meta property=\"og:locale\" content=\"es_ES\" \/>\n<meta property=\"og:type\" content=\"article\" \/>\n<meta property=\"og:title\" content=\"Elecciones en Misiones: el Frente Renovador retuvo el poder, La Libertad Avanza creci\u00f3 y hubo sorpresas - Nuevo Digital de Escobar\" \/>\n<meta property=\"og:description\" content=\"Con baja participaci\u00f3n, el oficialismo provincial logr\u00f3 mantener su hegemon\u00eda en la Legislatura. La Libertad Avanza se consolid\u00f3 como segunda fuerza y un candidato preso [&hellip;]\" \/>\n<meta property=\"og:url\" content=\"https:\/\/nuevodigitaldeescobar.com.ar\/?p=15416\" \/>\n<meta property=\"og:site_name\" content=\"Nuevo Digital de Escobar\" \/>\n<meta property=\"article:publisher\" content=\"https:\/\/www.facebook.com\/NUEVODigitalDeEscobar\" \/>\n<meta property=\"article:published_time\" content=\"2025-06-09T06:03:52+00:00\" \/>\n<meta property=\"article:modified_time\" content=\"2025-06-09T06:03:57+00:00\" \/>\n<meta property=\"og:image\" content=\"https:\/\/nuevodigitaldeescobar.com.ar\/wp-content\/uploads\/2025\/06\/eleccionmisiones11.png\" \/>\n\t<meta property=\"og:image:width\" content=\"1026\" \/>\n\t<meta property=\"og:image:height\" content=\"595\" \/>\n\t<meta property=\"og:image:type\" content=\"image\/png\" \/>\n<meta name=\"author\" content=\"Redacci\u00f3n\" \/>\n<meta name=\"twitter:card\" content=\"summary_large_image\" \/>\n<meta name=\"twitter:creator\" content=\"@nuevodigescobar\" \/>\n<meta name=\"twitter:site\" content=\"@nuevodigescobar\" \/>\n<meta name=\"twitter:label1\" content=\"Escrito por\" \/>\n\t<meta name=\"twitter:data1\" content=\"Redacci\u00f3n\" \/>\n\t<meta name=\"twitter:label2\" content=\"Tiempo de lectura\" \/>\n\t<meta name=\"twitter:data2\" content=\"4 minutos\" \/>\n<script type=\"application\/ld+json\" class=\"yoast-schema-graph\">{\"@context\":\"https:\/\/schema.org\",\"@graph\":[{\"@type\":\"Article\",\"@id\":\"https:\/\/nuevodigitaldeescobar.com.ar\/?p=15416#article\",\"isPartOf\":{\"@id\":\"https:\/\/nuevodigitaldeescobar.com.ar\/?p=15416\"},\"author\":{\"name\":\"Redacci\u00f3n\",\"@id\":\"https:\/\/nuevodigitaldeescobar.com.ar\/#\/schema\/person\/035e90a8efe9a80e6eec22656ad6ea4c\"},\"headline\":\"Elecciones en Misiones: el Frente Renovador retuvo el poder, La Libertad Avanza creci\u00f3 y hubo sorpresas\",\"datePublished\":\"2025-06-09T06:03:52+00:00\",\"dateModified\":\"2025-06-09T06:03:57+00:00\",\"mainEntityOfPage\":{\"@id\":\"https:\/\/nuevodigitaldeescobar.com.ar\/?p=15416\"},\"wordCount\":790,\"commentCount\":0,\"publisher\":{\"@id\":\"https:\/\/nuevodigitaldeescobar.com.ar\/#organization\"},\"image\":{\"@id\":\"https:\/\/nuevodigitaldeescobar.com.ar\/?p=15416#primaryimage\"},\"thumbnailUrl\":\"https:\/\/nuevodigitaldeescobar.com.ar\/wp-content\/uploads\/2025\/06\/eleccionmisiones11.png\",\"articleSection\":[\"Pol\u00edtica\"],\"inLanguage\":\"es\",\"potentialAction\":[{\"@type\":\"CommentAction\",\"name\":\"Comment\",\"target\":[\"https:\/\/nuevodigitaldeescobar.com.ar\/?p=15416#respond\"]}]},{\"@type\":\"WebPage\",\"@id\":\"https:\/\/nuevodigitaldeescobar.com.ar\/?p=15416\",\"url\":\"https:\/\/nuevodigitaldeescobar.com.ar\/?p=15416\",\"name\":\"Elecciones en Misiones: el Frente Renovador retuvo el poder, La Libertad Avanza creci\u00f3 y hubo sorpresas - Nuevo Digital de Escobar\",\"isPartOf\":{\"@id\":\"https:\/\/nuevodigitaldeescobar.com.ar\/#website\"},\"primaryImageOfPage\":{\"@id\":\"https:\/\/nuevodigitaldeescobar.com.ar\/?p=15416#primaryimage\"},\"image\":{\"@id\":\"https:\/\/nuevodigitaldeescobar.com.ar\/?p=15416#primaryimage\"},\"thumbnailUrl\":\"https:\/\/nuevodigitaldeescobar.com.ar\/wp-content\/uploads\/2025\/06\/eleccionmisiones11.png\",\"datePublished\":\"2025-06-09T06:03:52+00:00\",\"dateModified\":\"2025-06-09T06:03:57+00:00\",\"breadcrumb\":{\"@id\":\"https:\/\/nuevodigitaldeescobar.com.ar\/?p=15416#breadcrumb\"},\"inLanguage\":\"es\",\"potentialAction\":[{\"@type\":\"ReadAction\",\"target\":[\"https:\/\/nuevodigitaldeescobar.com.ar\/?p=15416\"]}]},{\"@type\":\"ImageObject\",\"inLanguage\":\"es\",\"@id\":\"https:\/\/nuevodigitaldeescobar.com.ar\/?p=15416#primaryimage\",\"url\":\"https:\/\/nuevodigitaldeescobar.com.ar\/wp-content\/uploads\/2025\/06\/eleccionmisiones11.png\",\"contentUrl\":\"https:\/\/nuevodigitaldeescobar.com.ar\/wp-content\/uploads\/2025\/06\/eleccionmisiones11.png\",\"width\":1026,\"height\":595},{\"@type\":\"BreadcrumbList\",\"@id\":\"https:\/\/nuevodigitaldeescobar.com.ar\/?p=15416#breadcrumb\",\"itemListElement\":[{\"@type\":\"ListItem\",\"position\":1,\"name\":\"Portada\",\"item\":\"https:\/\/nuevodigitaldeescobar.com.ar\/\"},{\"@type\":\"ListItem\",\"position\":2,\"name\":\"Elecciones en Misiones: el Frente Renovador retuvo el poder, La Libertad Avanza creci\u00f3 y hubo sorpresas\"}]},{\"@type\":\"WebSite\",\"@id\":\"https:\/\/nuevodigitaldeescobar.com.ar\/#website\",\"url\":\"https:\/\/nuevodigitaldeescobar.com.ar\/\",\"name\":\"Nuevo Digital de Escobar\",\"description\":\"La vida escobarense. Directora: Rosana Brunner\",\"publisher\":{\"@id\":\"https:\/\/nuevodigitaldeescobar.com.ar\/#organization\"},\"potentialAction\":[{\"@type\":\"SearchAction\",\"target\":{\"@type\":\"EntryPoint\",\"urlTemplate\":\"https:\/\/nuevodigitaldeescobar.com.ar\/?s={search_term_string}\"},\"query-input\":{\"@type\":\"PropertyValueSpecification\",\"valueRequired\":true,\"valueName\":\"search_term_string\"}}],\"inLanguage\":\"es\"},{\"@type\":\"Organization\",\"@id\":\"https:\/\/nuevodigitaldeescobar.com.ar\/#organization\",\"name\":\"Nuevo Digital de Escobar\",\"url\":\"https:\/\/nuevodigitaldeescobar.com.ar\/\",\"logo\":{\"@type\":\"ImageObject\",\"inLanguage\":\"es\",\"@id\":\"https:\/\/nuevodigitaldeescobar.com.ar\/#\/schema\/logo\/image\/\",\"url\":\"https:\/\/nuevodigitaldeescobar.com.ar\/wp-content\/uploads\/2025\/05\/cropped-logo-nuevo2.jpg\",\"contentUrl\":\"https:\/\/nuevodigitaldeescobar.com.ar\/wp-content\/uploads\/2025\/05\/cropped-logo-nuevo2.jpg\",\"width\":305,\"height\":305,\"caption\":\"Nuevo Digital de Escobar\"},\"image\":{\"@id\":\"https:\/\/nuevodigitaldeescobar.com.ar\/#\/schema\/logo\/image\/\"},\"sameAs\":[\"https:\/\/www.facebook.com\/NUEVODigitalDeEscobar\",\"https:\/\/x.com\/nuevodigescobar\",\"https:\/\/www.instagram.com\/nuevodigitaldeescobar\"]},{\"@type\":\"Person\",\"@id\":\"https:\/\/nuevodigitaldeescobar.com.ar\/#\/schema\/person\/035e90a8efe9a80e6eec22656ad6ea4c\",\"name\":\"Redacci\u00f3n\",\"image\":{\"@type\":\"ImageObject\",\"inLanguage\":\"es\",\"@id\":\"https:\/\/nuevodigitaldeescobar.com.ar\/#\/schema\/person\/image\/\",\"url\":\"https:\/\/secure.gravatar.com\/avatar\/8af8f40000c24e9eef3034f2be5998a372bb1389e64b1a4a36b3a7979142220d?s=96&d=mm&r=g\",\"contentUrl\":\"https:\/\/secure.gravatar.com\/avatar\/8af8f40000c24e9eef3034f2be5998a372bb1389e64b1a4a36b3a7979142220d?s=96&d=mm&r=g\",\"caption\":\"Redacci\u00f3n\"},\"sameAs\":[\"http:\/\/nuevodigitaldeescobar.com.ar\"],\"url\":\"https:\/\/nuevodigitaldeescobar.com.ar\/?author=1\"}]}<\/script>\n<!-- \/ Yoast SEO plugin. -->","yoast_head_json":{"title":"Elecciones en Misiones: el Frente Renovador retuvo el poder, La Libertad Avanza creci\u00f3 y hubo sorpresas - Nuevo Digital de Escobar","robots":{"index":"index","follow":"follow","max-snippet":"max-snippet:-1","max-image-preview":"max-image-preview:large","max-video-preview":"max-video-preview:-1"},"canonical":"https:\/\/nuevodigitaldeescobar.com.ar\/?p=15416","og_locale":"es_ES","og_type":"article","og_title":"Elecciones en Misiones: el Frente Renovador retuvo el poder, La Libertad Avanza creci\u00f3 y hubo sorpresas - Nuevo Digital de Escobar","og_description":"Con baja participaci\u00f3n, el oficialismo provincial logr\u00f3 mantener su hegemon\u00eda en la Legislatura. La Libertad Avanza se consolid\u00f3 como segunda fuerza y un candidato preso [&hellip;]","og_url":"https:\/\/nuevodigitaldeescobar.com.ar\/?p=15416","og_site_name":"Nuevo Digital de Escobar","article_publisher":"https:\/\/www.facebook.com\/NUEVODigitalDeEscobar","article_published_time":"2025-06-09T06:03:52+00:00","article_modified_time":"2025-06-09T06:03:57+00:00","og_image":[{"width":1026,"height":595,"url":"https:\/\/nuevodigitaldeescobar.com.ar\/wp-content\/uploads\/2025\/06\/eleccionmisiones11.png","type":"image\/png"}],"author":"Redacci\u00f3n","twitter_card":"summary_large_image","twitter_creator":"@nuevodigescobar","twitter_site":"@nuevodigescobar","twitter_misc":{"Escrito por":"Redacci\u00f3n","Tiempo de lectura":"4 minutos"},"schema":{"@context":"https:\/\/schema.org","@graph":[{"@type":"Article","@id":"https:\/\/nuevodigitaldeescobar.com.ar\/?p=15416#article","isPartOf":{"@id":"https:\/\/nuevodigitaldeescobar.com.ar\/?p=15416"},"author":{"name":"Redacci\u00f3n","@id":"https:\/\/nuevodigitaldeescobar.com.ar\/#\/schema\/person\/035e90a8efe9a80e6eec22656ad6ea4c"},"headline":"Elecciones en Misiones: el Frente Renovador retuvo el poder, La Libertad Avanza creci\u00f3 y hubo sorpresas","datePublished":"2025-06-09T06:03:52+00:00","dateModified":"2025-06-09T06:03:57+00:00","mainEntityOfPage":{"@id":"https:\/\/nuevodigitaldeescobar.com.ar\/?p=15416"},"wordCount":790,"commentCount":0,"publisher":{"@id":"https:\/\/nuevodigitaldeescobar.com.ar\/#organization"},"image":{"@id":"https:\/\/nuevodigitaldeescobar.com.ar\/?p=15416#primaryimage"},"thumbnailUrl":"https:\/\/nuevodigitaldeescobar.com.ar\/wp-content\/uploads\/2025\/06\/eleccionmisiones11.png","articleSection":["Pol\u00edtica"],"inLanguage":"es","potentialAction":[{"@type":"CommentAction","name":"Comment","target":["https:\/\/nuevodigitaldeescobar.com.ar\/?p=15416#respond"]}]},{"@type":"WebPage","@id":"https:\/\/nuevodigitaldeescobar.com.ar\/?p=15416","url":"https:\/\/nuevodigitaldeescobar.com.ar\/?p=15416","name":"Elecciones en Misiones: el Frente Renovador retuvo el poder, La Libertad Avanza creci\u00f3 y hubo sorpresas - Nuevo Digital de Escobar","isPartOf":{"@id":"https:\/\/nuevodigitaldeescobar.com.ar\/#website"},"primaryImageOfPage":{"@id":"https:\/\/nuevodigitaldeescobar.com.ar\/?p=15416#primaryimage"},"image":{"@id":"https:\/\/nuevodigitaldeescobar.com.ar\/?p=15416#primaryimage"},"thumbnailUrl":"https:\/\/nuevodigitaldeescobar.com.ar\/wp-content\/uploads\/2025\/06\/eleccionmisiones11.png","datePublished":"2025-06-09T06:03:52+00:00","dateModified":"2025-06-09T06:03:57+00:00","breadcrumb":{"@id":"https:\/\/nuevodigitaldeescobar.com.ar\/?p=15416#breadcrumb"},"inLanguage":"es","potentialAction":[{"@type":"ReadAction","target":["https:\/\/nuevodigitaldeescobar.com.ar\/?p=15416"]}]},{"@type":"ImageObject","inLanguage":"es","@id":"https:\/\/nuevodigitaldeescobar.com.ar\/?p=15416#primaryimage","url":"https:\/\/nuevodigitaldeescobar.com.ar\/wp-content\/uploads\/2025\/06\/eleccionmisiones11.png","contentUrl":"https:\/\/nuevodigitaldeescobar.com.ar\/wp-content\/uploads\/2025\/06\/eleccionmisiones11.png","width":1026,"height":595},{"@type":"BreadcrumbList","@id":"https:\/\/nuevodigitaldeescobar.com.ar\/?p=15416#breadcrumb","itemListElement":[{"@type":"ListItem","position":1,"name":"Portada","item":"https:\/\/nuevodigitaldeescobar.com.ar\/"},{"@type":"ListItem","position":2,"name":"Elecciones en Misiones: el Frente Renovador retuvo el poder, La Libertad Avanza creci\u00f3 y hubo sorpresas"}]},{"@type":"WebSite","@id":"https:\/\/nuevodigitaldeescobar.com.ar\/#website","url":"https:\/\/nuevodigitaldeescobar.com.ar\/","name":"Nuevo Digital de Escobar","description":"La vida escobarense. Directora: Rosana Brunner","publisher":{"@id":"https:\/\/nuevodigitaldeescobar.com.ar\/#organization"},"potentialAction":[{"@type":"SearchAction","target":{"@type":"EntryPoint","urlTemplate":"https:\/\/nuevodigitaldeescobar.com.ar\/?s={search_term_string}"},"query-input":{"@type":"PropertyValueSpecification","valueRequired":true,"valueName":"search_term_string"}}],"inLanguage":"es"},{"@type":"Organization","@id":"https:\/\/nuevodigitaldeescobar.com.ar\/#organization","name":"Nuevo Digital de Escobar","url":"https:\/\/nuevodigitaldeescobar.com.ar\/","logo":{"@type":"ImageObject","inLanguage":"es","@id":"https:\/\/nuevodigitaldeescobar.com.ar\/#\/schema\/logo\/image\/","url":"https:\/\/nuevodigitaldeescobar.com.ar\/wp-content\/uploads\/2025\/05\/cropped-logo-nuevo2.jpg","contentUrl":"https:\/\/nuevodigitaldeescobar.com.ar\/wp-content\/uploads\/2025\/05\/cropped-logo-nuevo2.jpg","width":305,"height":305,"caption":"Nuevo Digital de Escobar"},"image":{"@id":"https:\/\/nuevodigitaldeescobar.com.ar\/#\/schema\/logo\/image\/"},"sameAs":["https:\/\/www.facebook.com\/NUEVODigitalDeEscobar","https:\/\/x.com\/nuevodigescobar","https:\/\/www.instagram.com\/nuevodigitaldeescobar"]},{"@type":"Person","@id":"https:\/\/nuevodigitaldeescobar.com.ar\/#\/schema\/person\/035e90a8efe9a80e6eec22656ad6ea4c","name":"Redacci\u00f3n","image":{"@type":"ImageObject","inLanguage":"es","@id":"https:\/\/nuevodigitaldeescobar.com.ar\/#\/schema\/person\/image\/","url":"https:\/\/secure.gravatar.com\/avatar\/8af8f40000c24e9eef3034f2be5998a372bb1389e64b1a4a36b3a7979142220d?s=96&d=mm&r=g","contentUrl":"https:\/\/secure.gravatar.com\/avatar\/8af8f40000c24e9eef3034f2be5998a372bb1389e64b1a4a36b3a7979142220d?s=96&d=mm&r=g","caption":"Redacci\u00f3n"},"sameAs":["http:\/\/nuevodigitaldeescobar.com.ar"],"url":"https:\/\/nuevodigitaldeescobar.com.ar\/?author=1"}]}},"featured_image_urls":{"full":["https:\/\/nuevodigitaldeescobar.com.ar\/wp-content\/uploads\/2025\/06\/eleccionmisiones11.png",1026,595,false],"thumbnail":["https:\/\/nuevodigitaldeescobar.com.ar\/wp-content\/uploads\/2025\/06\/eleccionmisiones11-150x150.png",150,150,true],"medium":["https:\/\/nuevodigitaldeescobar.com.ar\/wp-content\/uploads\/2025\/06\/eleccionmisiones11-300x174.png",300,174,true],"medium_large":["https:\/\/nuevodigitaldeescobar.com.ar\/wp-content\/uploads\/2025\/06\/eleccionmisiones11-768x445.png",640,371,true],"large":["https:\/\/nuevodigitaldeescobar.com.ar\/wp-content\/uploads\/2025\/06\/eleccionmisiones11-1024x594.png",640,371,true],"1536x1536":["https:\/\/nuevodigitaldeescobar.com.ar\/wp-content\/uploads\/2025\/06\/eleccionmisiones11.png",1026,595,false],"2048x2048":["https:\/\/nuevodigitaldeescobar.com.ar\/wp-content\/uploads\/2025\/06\/eleccionmisiones11.png",1026,595,false]},"author_info":{"display_name":"Redacci\u00f3n","author_link":"https:\/\/nuevodigitaldeescobar.com.ar\/?author=1"},"category_info":"<a href=\"https:\/\/nuevodigitaldeescobar.com.ar\/?cat=6\" rel=\"category\">Pol\u00edtica<\/a>","tag_info":"Pol\u00edtica","comment_count":"0","_links":{"self":[{"href":"https:\/\/nuevodigitaldeescobar.com.ar\/index.php?rest_route=\/wp\/v2\/posts\/15416","targetHints":{"allow":["GET"]}}],"collection":[{"href":"https:\/\/nuevodigitaldeescobar.com.ar\/index.php?rest_route=\/wp\/v2\/posts"}],"about":[{"href":"https:\/\/nuevodigitaldeescobar.com.ar\/index.php?rest_route=\/wp\/v2\/types\/post"}],"author":[{"embeddable":true,"href":"https:\/\/nuevodigitaldeescobar.com.ar\/index.php?rest_route=\/wp\/v2\/users\/1"}],"replies":[{"embeddable":true,"href":"https:\/\/nuevodigitaldeescobar.com.ar\/index.php?rest_route=%2Fwp%2Fv2%2Fcomments&post=15416"}],"version-history":[{"count":1,"href":"https:\/\/nuevodigitaldeescobar.com.ar\/index.php?rest_route=\/wp\/v2\/posts\/15416\/revisions"}],"predecessor-version":[{"id":15418,"href":"https:\/\/nuevodigitaldeescobar.com.ar\/index.php?rest_route=\/wp\/v2\/posts\/15416\/revisions\/15418"}],"wp:featuredmedia":[{"embeddable":true,"href":"https:\/\/nuevodigitaldeescobar.com.ar\/index.php?rest_route=\/wp\/v2\/media\/15417"}],"wp:attachment":[{"href":"https:\/\/nuevodigitaldeescobar.com.ar\/index.php?rest_route=%2Fwp%2Fv2%2Fmedia&parent=15416"}],"wp:term":[{"taxonomy":"category","embeddable":true,"href":"https:\/\/nuevodigitaldeescobar.com.ar\/index.php?rest_route=%2Fwp%2Fv2%2Fcategories&post=15416"},{"taxonomy":"post_tag","embeddable":true,"href":"https:\/\/nuevodigitaldeescobar.com.ar\/index.php?rest_route=%2Fwp%2Fv2%2Ftags&post=15416"}],"curies":[{"name":"wp","href":"https:\/\/api.w.org\/{rel}","templated":true}]}}