{"id":15448,"date":"2025-06-10T00:14:00","date_gmt":"2025-06-10T03:14:00","guid":{"rendered":"https:\/\/nuevodigitaldeescobar.com.ar\/?p=15448"},"modified":"2025-06-09T23:21:25","modified_gmt":"2025-06-10T02:21:25","slug":"cristina-fernandez-reaparecio-con-un-fuerte-mensaje-politico-y-desafiante-estar-presa-es-un-certificado-de-dignidad","status":"publish","type":"post","link":"https:\/\/nuevodigitaldeescobar.com.ar\/?p=15448","title":{"rendered":"Cristina Fern\u00e1ndez reapareci\u00f3 con un fuerte mensaje pol\u00edtico y desafiante: \u201cEstar presa es un certificado de dignidad\u201d"},"content":{"rendered":"\n<p class=\"has-vivid-cyan-blue-color has-text-color has-link-color wp-elements-9e239bf3753391065e3c35eecc1dd918\"><em><strong>En plena avanzada judicial y con la Corte Suprema cerca de confirmar su condena, la expresidenta encabez\u00f3 un acto en homenaje a los fusilados del 56. El peronismo se reagrupa y los gremios amenazan con medidas si se concreta su detenci\u00f3n.<\/strong><\/em><\/p>\n\n\n\n<!--more-->\n\n\n\n<p>Este domingo, en un clima de alta tensi\u00f3n pol\u00edtica y judicial, <strong>Cristina Fern\u00e1ndez de Kirchner<\/strong> reapareci\u00f3 p\u00fablicamente con un encendido discurso desde la sede del Partido Justicialista nacional. Fue durante un acto de homenaje a los fusilados del 9 de junio de 1956, en el marco del <strong>D\u00eda de la Resistencia Peronista<\/strong>, una fecha de fuerte carga simb\u00f3lica para el movimiento que integra.<\/p>\n\n\n\n<p>La expresidenta no esquiv\u00f3 la coyuntura: <strong>cuestion\u00f3 duramente a la Corte Suprema<\/strong>, reivindic\u00f3 su rol en la historia pol\u00edtica reciente y alert\u00f3 sobre los riesgos de una democracia condicionada por el poder judicial. <em>\u201c<strong>Estar presa es un certificado de dignidad<\/strong>\u201d<\/em>, lanz\u00f3, en una frase que ya comenz\u00f3 a circular como consigna en redes sociales y en la militancia.<\/p>\n\n\n\n<h3 class=\"wp-block-heading has-text-color has-link-color wp-elements-7f367d9f883d9d29ef84bb1fbb70a165\" style=\"color:#1636c8\">\ud83d\udd34 Un acto con peso simb\u00f3lico y pol\u00edtico<\/h3>\n\n\n\n<p>Acompa\u00f1ada por referentes del peronismo nacional, dirigentes gremiales y organismos de derechos humanos, Cristina afirm\u00f3 que est\u00e1 dispuesta a enfrentar lo que considera una nueva forma de proscripci\u00f3n:<\/p>\n\n\n\n<blockquote class=\"wp-block-quote is-layout-flow wp-block-quote-is-layout-flow\">\n<p><em>\u201c<strong>Soy una fusilada que vive<\/strong>\u201d<\/em>, expres\u00f3, evocando a los ca\u00eddos en 1956. <em>\u201c<strong>Bast\u00f3 que anunciara una candidatura para que se desataran los demonios.<\/strong>\u201d<\/em><\/p>\n<\/blockquote>\n\n\n\n<p>Con su condena a seis a\u00f1os de prisi\u00f3n e inhabilitaci\u00f3n perpetua por la causa Vialidad cerca de quedar firme en la Corte Suprema, el acto funcion\u00f3 tambi\u00e9n como un <strong>reagrupamiento del PJ<\/strong>, luego de a\u00f1os de fracturas internas. La expresidenta llam\u00f3 a la unidad sin nombres propios:<\/p>\n\n\n\n<blockquote class=\"wp-block-quote is-layout-flow wp-block-quote-is-layout-flow\">\n<p><em>\u201c<strong>No importa el nombre, importa la unidad.<\/strong>\u201d<\/em><\/p>\n<\/blockquote>\n\n\n\n<h3 class=\"wp-block-heading has-text-color has-link-color wp-elements-2e4a63cc0c85fb4f78457b898f32fd72\" style=\"color:#1636c8\">\ud83e\uddf1 Gremios en alerta: \u201cSi la tocan a Cristina, paramos todos\u201d<\/h3>\n\n\n\n<p>Distintos sindicatos comenzaron a moverse en se\u00f1al de respaldo. En las puertas del PJ se vieron carteles con la leyenda: <em>\u201cSi la tocan a Cristina, paramos todos\u201d<\/em>, un eco directo de la tensi\u00f3n social que puede profundizarse si la Corte avanza.<\/p>\n\n\n\n<p>Desde la CGT y otros espacios sindicales anticiparon que podr\u00edan convocar a un paro general o movilizaciones en caso de que se concrete la detenci\u00f3n de la exmandataria, entendida como un quiebre institucional.<\/p>\n\n\n\n<h3 class=\"wp-block-heading has-text-color has-link-color wp-elements-41fddc96169f77053510f046f019cac7\" style=\"color:#1636c8\">\u2696\ufe0f Contexto judicial y reacci\u00f3n pol\u00edtica<\/h3>\n\n\n\n<p>La Corte Suprema tiene en estudio la sentencia dictada por el Tribunal Oral Federal N\u00b02 en la causa Vialidad. En ese proceso, Cristina fue condenada por supuestas irregularidades en la obra p\u00fablica en Santa Cruz, una causa que, seg\u00fan sus abogados, est\u00e1 plagada de irregularidades procesales.<\/p>\n\n\n\n<p>El acto, entonces, funcion\u00f3 como una muestra de fuerza: la expresidenta no solo se reivindic\u00f3 como figura central del peronismo, sino tambi\u00e9n como s\u00edmbolo de una resistencia hist\u00f3rica que hoy vuelve a agitarse frente a lo que considera una embestida judicial-pol\u00edtica.<\/p>\n","protected":false},"excerpt":{"rendered":"<p>En plena avanzada judicial y con la Corte Suprema cerca de confirmar su condena, la expresidenta encabez\u00f3 un acto en homenaje a los fusilados del [&hellip;]<\/p>\n","protected":false},"author":1,"featured_media":10456,"comment_status":"open","ping_status":"open","sticky":false,"template":"","format":"standard","meta":{"footnotes":""},"categories":[6],"tags":[],"class_list":["post-15448","post","type-post","status-publish","format-standard","has-post-thumbnail","hentry","category-politica"],"better_featured_image":{"id":10456,"alt_text":"","caption":"","description":"","media_type":"image","media_details":{"width":350,"height":233,"file":"2024\/12\/condenada-cfk.jpg","filesize":17683,"sizes":{"medium":{"file":"condenada-cfk-300x200.jpg","width":300,"height":200,"mime-type":"image\/jpeg","filesize":9349,"source_url":"https:\/\/nuevodigitaldeescobar.com.ar\/wp-content\/uploads\/2024\/12\/condenada-cfk-300x200.jpg"},"thumbnail":{"file":"condenada-cfk-150x150.jpg","width":150,"height":150,"mime-type":"image\/jpeg","filesize":5136,"source_url":"https:\/\/nuevodigitaldeescobar.com.ar\/wp-content\/uploads\/2024\/12\/condenada-cfk-150x150.jpg"}},"image_meta":{"aperture":"0","credit":"","camera":"","caption":"","created_timestamp":"0","copyright":"","focal_length":"0","iso":"0","shutter_speed":"0","title":"","orientation":"0","keywords":[]}},"post":10454,"source_url":"https:\/\/nuevodigitaldeescobar.com.ar\/wp-content\/uploads\/2024\/12\/condenada-cfk.jpg"},"yoast_head":"<!-- This site is optimized with the Yoast SEO plugin v26.1.1 - https:\/\/yoast.com\/wordpress\/plugins\/seo\/ -->\n<title>Cristina Fern\u00e1ndez reapareci\u00f3 con un fuerte mensaje pol\u00edtico y desafiante: \u201cEstar presa es un certificado de dignidad\u201d - Nuevo Digital de Escobar<\/title>\n<meta name=\"robots\" content=\"index, follow, max-snippet:-1, max-image-preview:large, max-video-preview:-1\" \/>\n<link rel=\"canonical\" href=\"https:\/\/nuevodigitaldeescobar.com.ar\/?p=15448\" \/>\n<meta property=\"og:locale\" content=\"es_ES\" \/>\n<meta property=\"og:type\" content=\"article\" \/>\n<meta property=\"og:title\" content=\"Cristina Fern\u00e1ndez reapareci\u00f3 con un fuerte mensaje pol\u00edtico y desafiante: \u201cEstar presa es un certificado de dignidad\u201d - Nuevo Digital de Escobar\" \/>\n<meta property=\"og:description\" content=\"En plena avanzada judicial y con la Corte Suprema cerca de confirmar su condena, la expresidenta encabez\u00f3 un acto en homenaje a los fusilados del [&hellip;]\" \/>\n<meta property=\"og:url\" content=\"https:\/\/nuevodigitaldeescobar.com.ar\/?p=15448\" \/>\n<meta property=\"og:site_name\" content=\"Nuevo Digital de Escobar\" \/>\n<meta property=\"article:publisher\" content=\"https:\/\/www.facebook.com\/NUEVODigitalDeEscobar\" \/>\n<meta property=\"article:published_time\" content=\"2025-06-10T03:14:00+00:00\" \/>\n<meta property=\"og:image\" content=\"https:\/\/nuevodigitaldeescobar.com.ar\/wp-content\/uploads\/2024\/12\/condenada-cfk.jpg\" \/>\n\t<meta property=\"og:image:width\" content=\"350\" \/>\n\t<meta property=\"og:image:height\" content=\"233\" \/>\n\t<meta property=\"og:image:type\" content=\"image\/jpeg\" \/>\n<meta name=\"author\" content=\"Redacci\u00f3n\" \/>\n<meta name=\"twitter:card\" content=\"summary_large_image\" \/>\n<meta name=\"twitter:creator\" content=\"@nuevodigescobar\" \/>\n<meta name=\"twitter:site\" content=\"@nuevodigescobar\" \/>\n<meta name=\"twitter:label1\" content=\"Escrito por\" \/>\n\t<meta name=\"twitter:data1\" content=\"Redacci\u00f3n\" \/>\n\t<meta name=\"twitter:label2\" content=\"Tiempo de lectura\" \/>\n\t<meta name=\"twitter:data2\" content=\"2 minutos\" \/>\n<script type=\"application\/ld+json\" class=\"yoast-schema-graph\">{\"@context\":\"https:\/\/schema.org\",\"@graph\":[{\"@type\":\"Article\",\"@id\":\"https:\/\/nuevodigitaldeescobar.com.ar\/?p=15448#article\",\"isPartOf\":{\"@id\":\"https:\/\/nuevodigitaldeescobar.com.ar\/?p=15448\"},\"author\":{\"name\":\"Redacci\u00f3n\",\"@id\":\"https:\/\/nuevodigitaldeescobar.com.ar\/#\/schema\/person\/035e90a8efe9a80e6eec22656ad6ea4c\"},\"headline\":\"Cristina Fern\u00e1ndez reapareci\u00f3 con un fuerte mensaje pol\u00edtico y desafiante: \u201cEstar presa es un certificado de dignidad\u201d\",\"datePublished\":\"2025-06-10T03:14:00+00:00\",\"mainEntityOfPage\":{\"@id\":\"https:\/\/nuevodigitaldeescobar.com.ar\/?p=15448\"},\"wordCount\":495,\"commentCount\":0,\"publisher\":{\"@id\":\"https:\/\/nuevodigitaldeescobar.com.ar\/#organization\"},\"image\":{\"@id\":\"https:\/\/nuevodigitaldeescobar.com.ar\/?p=15448#primaryimage\"},\"thumbnailUrl\":\"https:\/\/nuevodigitaldeescobar.com.ar\/wp-content\/uploads\/2024\/12\/condenada-cfk.jpg\",\"articleSection\":[\"Pol\u00edtica\"],\"inLanguage\":\"es\",\"potentialAction\":[{\"@type\":\"CommentAction\",\"name\":\"Comment\",\"target\":[\"https:\/\/nuevodigitaldeescobar.com.ar\/?p=15448#respond\"]}]},{\"@type\":\"WebPage\",\"@id\":\"https:\/\/nuevodigitaldeescobar.com.ar\/?p=15448\",\"url\":\"https:\/\/nuevodigitaldeescobar.com.ar\/?p=15448\",\"name\":\"Cristina Fern\u00e1ndez reapareci\u00f3 con un fuerte mensaje pol\u00edtico y desafiante: \u201cEstar presa es un certificado de dignidad\u201d - Nuevo Digital de Escobar\",\"isPartOf\":{\"@id\":\"https:\/\/nuevodigitaldeescobar.com.ar\/#website\"},\"primaryImageOfPage\":{\"@id\":\"https:\/\/nuevodigitaldeescobar.com.ar\/?p=15448#primaryimage\"},\"image\":{\"@id\":\"https:\/\/nuevodigitaldeescobar.com.ar\/?p=15448#primaryimage\"},\"thumbnailUrl\":\"https:\/\/nuevodigitaldeescobar.com.ar\/wp-content\/uploads\/2024\/12\/condenada-cfk.jpg\",\"datePublished\":\"2025-06-10T03:14:00+00:00\",\"breadcrumb\":{\"@id\":\"https:\/\/nuevodigitaldeescobar.com.ar\/?p=15448#breadcrumb\"},\"inLanguage\":\"es\",\"potentialAction\":[{\"@type\":\"ReadAction\",\"target\":[\"https:\/\/nuevodigitaldeescobar.com.ar\/?p=15448\"]}]},{\"@type\":\"ImageObject\",\"inLanguage\":\"es\",\"@id\":\"https:\/\/nuevodigitaldeescobar.com.ar\/?p=15448#primaryimage\",\"url\":\"https:\/\/nuevodigitaldeescobar.com.ar\/wp-content\/uploads\/2024\/12\/condenada-cfk.jpg\",\"contentUrl\":\"https:\/\/nuevodigitaldeescobar.com.ar\/wp-content\/uploads\/2024\/12\/condenada-cfk.jpg\",\"width\":350,\"height\":233},{\"@type\":\"BreadcrumbList\",\"@id\":\"https:\/\/nuevodigitaldeescobar.com.ar\/?p=15448#breadcrumb\",\"itemListElement\":[{\"@type\":\"ListItem\",\"position\":1,\"name\":\"Portada\",\"item\":\"https:\/\/nuevodigitaldeescobar.com.ar\/\"},{\"@type\":\"ListItem\",\"position\":2,\"name\":\"Cristina Fern\u00e1ndez reapareci\u00f3 con un fuerte mensaje pol\u00edtico y desafiante: \u201cEstar presa es un certificado de dignidad\u201d\"}]},{\"@type\":\"WebSite\",\"@id\":\"https:\/\/nuevodigitaldeescobar.com.ar\/#website\",\"url\":\"https:\/\/nuevodigitaldeescobar.com.ar\/\",\"name\":\"Nuevo Digital de Escobar\",\"description\":\"La vida escobarense. Directora: Rosana Brunner\",\"publisher\":{\"@id\":\"https:\/\/nuevodigitaldeescobar.com.ar\/#organization\"},\"potentialAction\":[{\"@type\":\"SearchAction\",\"target\":{\"@type\":\"EntryPoint\",\"urlTemplate\":\"https:\/\/nuevodigitaldeescobar.com.ar\/?s={search_term_string}\"},\"query-input\":{\"@type\":\"PropertyValueSpecification\",\"valueRequired\":true,\"valueName\":\"search_term_string\"}}],\"inLanguage\":\"es\"},{\"@type\":\"Organization\",\"@id\":\"https:\/\/nuevodigitaldeescobar.com.ar\/#organization\",\"name\":\"Nuevo Digital de Escobar\",\"url\":\"https:\/\/nuevodigitaldeescobar.com.ar\/\",\"logo\":{\"@type\":\"ImageObject\",\"inLanguage\":\"es\",\"@id\":\"https:\/\/nuevodigitaldeescobar.com.ar\/#\/schema\/logo\/image\/\",\"url\":\"https:\/\/nuevodigitaldeescobar.com.ar\/wp-content\/uploads\/2025\/05\/cropped-logo-nuevo2.jpg\",\"contentUrl\":\"https:\/\/nuevodigitaldeescobar.com.ar\/wp-content\/uploads\/2025\/05\/cropped-logo-nuevo2.jpg\",\"width\":305,\"height\":305,\"caption\":\"Nuevo Digital de Escobar\"},\"image\":{\"@id\":\"https:\/\/nuevodigitaldeescobar.com.ar\/#\/schema\/logo\/image\/\"},\"sameAs\":[\"https:\/\/www.facebook.com\/NUEVODigitalDeEscobar\",\"https:\/\/x.com\/nuevodigescobar\",\"https:\/\/www.instagram.com\/nuevodigitaldeescobar\"]},{\"@type\":\"Person\",\"@id\":\"https:\/\/nuevodigitaldeescobar.com.ar\/#\/schema\/person\/035e90a8efe9a80e6eec22656ad6ea4c\",\"name\":\"Redacci\u00f3n\",\"image\":{\"@type\":\"ImageObject\",\"inLanguage\":\"es\",\"@id\":\"https:\/\/nuevodigitaldeescobar.com.ar\/#\/schema\/person\/image\/\",\"url\":\"https:\/\/secure.gravatar.com\/avatar\/8af8f40000c24e9eef3034f2be5998a372bb1389e64b1a4a36b3a7979142220d?s=96&d=mm&r=g\",\"contentUrl\":\"https:\/\/secure.gravatar.com\/avatar\/8af8f40000c24e9eef3034f2be5998a372bb1389e64b1a4a36b3a7979142220d?s=96&d=mm&r=g\",\"caption\":\"Redacci\u00f3n\"},\"sameAs\":[\"http:\/\/nuevodigitaldeescobar.com.ar\"],\"url\":\"https:\/\/nuevodigitaldeescobar.com.ar\/?author=1\"}]}<\/script>\n<!-- \/ Yoast SEO plugin. -->","yoast_head_json":{"title":"Cristina Fern\u00e1ndez reapareci\u00f3 con un fuerte mensaje pol\u00edtico y desafiante: \u201cEstar presa es un certificado de dignidad\u201d - Nuevo Digital de Escobar","robots":{"index":"index","follow":"follow","max-snippet":"max-snippet:-1","max-image-preview":"max-image-preview:large","max-video-preview":"max-video-preview:-1"},"canonical":"https:\/\/nuevodigitaldeescobar.com.ar\/?p=15448","og_locale":"es_ES","og_type":"article","og_title":"Cristina Fern\u00e1ndez reapareci\u00f3 con un fuerte mensaje pol\u00edtico y desafiante: \u201cEstar presa es un certificado de dignidad\u201d - Nuevo Digital de Escobar","og_description":"En plena avanzada judicial y con la Corte Suprema cerca de confirmar su condena, la expresidenta encabez\u00f3 un acto en homenaje a los fusilados del [&hellip;]","og_url":"https:\/\/nuevodigitaldeescobar.com.ar\/?p=15448","og_site_name":"Nuevo Digital de Escobar","article_publisher":"https:\/\/www.facebook.com\/NUEVODigitalDeEscobar","article_published_time":"2025-06-10T03:14:00+00:00","og_image":[{"width":350,"height":233,"url":"https:\/\/nuevodigitaldeescobar.com.ar\/wp-content\/uploads\/2024\/12\/condenada-cfk.jpg","type":"image\/jpeg"}],"author":"Redacci\u00f3n","twitter_card":"summary_large_image","twitter_creator":"@nuevodigescobar","twitter_site":"@nuevodigescobar","twitter_misc":{"Escrito por":"Redacci\u00f3n","Tiempo de lectura":"2 minutos"},"schema":{"@context":"https:\/\/schema.org","@graph":[{"@type":"Article","@id":"https:\/\/nuevodigitaldeescobar.com.ar\/?p=15448#article","isPartOf":{"@id":"https:\/\/nuevodigitaldeescobar.com.ar\/?p=15448"},"author":{"name":"Redacci\u00f3n","@id":"https:\/\/nuevodigitaldeescobar.com.ar\/#\/schema\/person\/035e90a8efe9a80e6eec22656ad6ea4c"},"headline":"Cristina Fern\u00e1ndez reapareci\u00f3 con un fuerte mensaje pol\u00edtico y desafiante: \u201cEstar presa es un certificado de dignidad\u201d","datePublished":"2025-06-10T03:14:00+00:00","mainEntityOfPage":{"@id":"https:\/\/nuevodigitaldeescobar.com.ar\/?p=15448"},"wordCount":495,"commentCount":0,"publisher":{"@id":"https:\/\/nuevodigitaldeescobar.com.ar\/#organization"},"image":{"@id":"https:\/\/nuevodigitaldeescobar.com.ar\/?p=15448#primaryimage"},"thumbnailUrl":"https:\/\/nuevodigitaldeescobar.com.ar\/wp-content\/uploads\/2024\/12\/condenada-cfk.jpg","articleSection":["Pol\u00edtica"],"inLanguage":"es","potentialAction":[{"@type":"CommentAction","name":"Comment","target":["https:\/\/nuevodigitaldeescobar.com.ar\/?p=15448#respond"]}]},{"@type":"WebPage","@id":"https:\/\/nuevodigitaldeescobar.com.ar\/?p=15448","url":"https:\/\/nuevodigitaldeescobar.com.ar\/?p=15448","name":"Cristina Fern\u00e1ndez reapareci\u00f3 con un fuerte mensaje pol\u00edtico y desafiante: \u201cEstar presa es un certificado de dignidad\u201d - Nuevo Digital de Escobar","isPartOf":{"@id":"https:\/\/nuevodigitaldeescobar.com.ar\/#website"},"primaryImageOfPage":{"@id":"https:\/\/nuevodigitaldeescobar.com.ar\/?p=15448#primaryimage"},"image":{"@id":"https:\/\/nuevodigitaldeescobar.com.ar\/?p=15448#primaryimage"},"thumbnailUrl":"https:\/\/nuevodigitaldeescobar.com.ar\/wp-content\/uploads\/2024\/12\/condenada-cfk.jpg","datePublished":"2025-06-10T03:14:00+00:00","breadcrumb":{"@id":"https:\/\/nuevodigitaldeescobar.com.ar\/?p=15448#breadcrumb"},"inLanguage":"es","potentialAction":[{"@type":"ReadAction","target":["https:\/\/nuevodigitaldeescobar.com.ar\/?p=15448"]}]},{"@type":"ImageObject","inLanguage":"es","@id":"https:\/\/nuevodigitaldeescobar.com.ar\/?p=15448#primaryimage","url":"https:\/\/nuevodigitaldeescobar.com.ar\/wp-content\/uploads\/2024\/12\/condenada-cfk.jpg","contentUrl":"https:\/\/nuevodigitaldeescobar.com.ar\/wp-content\/uploads\/2024\/12\/condenada-cfk.jpg","width":350,"height":233},{"@type":"BreadcrumbList","@id":"https:\/\/nuevodigitaldeescobar.com.ar\/?p=15448#breadcrumb","itemListElement":[{"@type":"ListItem","position":1,"name":"Portada","item":"https:\/\/nuevodigitaldeescobar.com.ar\/"},{"@type":"ListItem","position":2,"name":"Cristina Fern\u00e1ndez reapareci\u00f3 con un fuerte mensaje pol\u00edtico y desafiante: \u201cEstar presa es un certificado de dignidad\u201d"}]},{"@type":"WebSite","@id":"https:\/\/nuevodigitaldeescobar.com.ar\/#website","url":"https:\/\/nuevodigitaldeescobar.com.ar\/","name":"Nuevo Digital de Escobar","description":"La vida escobarense. Directora: Rosana Brunner","publisher":{"@id":"https:\/\/nuevodigitaldeescobar.com.ar\/#organization"},"potentialAction":[{"@type":"SearchAction","target":{"@type":"EntryPoint","urlTemplate":"https:\/\/nuevodigitaldeescobar.com.ar\/?s={search_term_string}"},"query-input":{"@type":"PropertyValueSpecification","valueRequired":true,"valueName":"search_term_string"}}],"inLanguage":"es"},{"@type":"Organization","@id":"https:\/\/nuevodigitaldeescobar.com.ar\/#organization","name":"Nuevo Digital de Escobar","url":"https:\/\/nuevodigitaldeescobar.com.ar\/","logo":{"@type":"ImageObject","inLanguage":"es","@id":"https:\/\/nuevodigitaldeescobar.com.ar\/#\/schema\/logo\/image\/","url":"https:\/\/nuevodigitaldeescobar.com.ar\/wp-content\/uploads\/2025\/05\/cropped-logo-nuevo2.jpg","contentUrl":"https:\/\/nuevodigitaldeescobar.com.ar\/wp-content\/uploads\/2025\/05\/cropped-logo-nuevo2.jpg","width":305,"height":305,"caption":"Nuevo Digital de Escobar"},"image":{"@id":"https:\/\/nuevodigitaldeescobar.com.ar\/#\/schema\/logo\/image\/"},"sameAs":["https:\/\/www.facebook.com\/NUEVODigitalDeEscobar","https:\/\/x.com\/nuevodigescobar","https:\/\/www.instagram.com\/nuevodigitaldeescobar"]},{"@type":"Person","@id":"https:\/\/nuevodigitaldeescobar.com.ar\/#\/schema\/person\/035e90a8efe9a80e6eec22656ad6ea4c","name":"Redacci\u00f3n","image":{"@type":"ImageObject","inLanguage":"es","@id":"https:\/\/nuevodigitaldeescobar.com.ar\/#\/schema\/person\/image\/","url":"https:\/\/secure.gravatar.com\/avatar\/8af8f40000c24e9eef3034f2be5998a372bb1389e64b1a4a36b3a7979142220d?s=96&d=mm&r=g","contentUrl":"https:\/\/secure.gravatar.com\/avatar\/8af8f40000c24e9eef3034f2be5998a372bb1389e64b1a4a36b3a7979142220d?s=96&d=mm&r=g","caption":"Redacci\u00f3n"},"sameAs":["http:\/\/nuevodigitaldeescobar.com.ar"],"url":"https:\/\/nuevodigitaldeescobar.com.ar\/?author=1"}]}},"featured_image_urls":{"full":["https:\/\/nuevodigitaldeescobar.com.ar\/wp-content\/uploads\/2024\/12\/condenada-cfk.jpg",350,233,false],"thumbnail":["https:\/\/nuevodigitaldeescobar.com.ar\/wp-content\/uploads\/2024\/12\/condenada-cfk-150x150.jpg",150,150,true],"medium":["https:\/\/nuevodigitaldeescobar.com.ar\/wp-content\/uploads\/2024\/12\/condenada-cfk-300x200.jpg",300,200,true],"medium_large":["https:\/\/nuevodigitaldeescobar.com.ar\/wp-content\/uploads\/2024\/12\/condenada-cfk.jpg",350,233,false],"large":["https:\/\/nuevodigitaldeescobar.com.ar\/wp-content\/uploads\/2024\/12\/condenada-cfk.jpg",350,233,false],"1536x1536":["https:\/\/nuevodigitaldeescobar.com.ar\/wp-content\/uploads\/2024\/12\/condenada-cfk.jpg",350,233,false],"2048x2048":["https:\/\/nuevodigitaldeescobar.com.ar\/wp-content\/uploads\/2024\/12\/condenada-cfk.jpg",350,233,false]},"author_info":{"display_name":"Redacci\u00f3n","author_link":"https:\/\/nuevodigitaldeescobar.com.ar\/?author=1"},"category_info":"<a href=\"https:\/\/nuevodigitaldeescobar.com.ar\/?cat=6\" rel=\"category\">Pol\u00edtica<\/a>","tag_info":"Pol\u00edtica","comment_count":"0","_links":{"self":[{"href":"https:\/\/nuevodigitaldeescobar.com.ar\/index.php?rest_route=\/wp\/v2\/posts\/15448","targetHints":{"allow":["GET"]}}],"collection":[{"href":"https:\/\/nuevodigitaldeescobar.com.ar\/index.php?rest_route=\/wp\/v2\/posts"}],"about":[{"href":"https:\/\/nuevodigitaldeescobar.com.ar\/index.php?rest_route=\/wp\/v2\/types\/post"}],"author":[{"embeddable":true,"href":"https:\/\/nuevodigitaldeescobar.com.ar\/index.php?rest_route=\/wp\/v2\/users\/1"}],"replies":[{"embeddable":true,"href":"https:\/\/nuevodigitaldeescobar.com.ar\/index.php?rest_route=%2Fwp%2Fv2%2Fcomments&post=15448"}],"version-history":[{"count":1,"href":"https:\/\/nuevodigitaldeescobar.com.ar\/index.php?rest_route=\/wp\/v2\/posts\/15448\/revisions"}],"predecessor-version":[{"id":15449,"href":"https:\/\/nuevodigitaldeescobar.com.ar\/index.php?rest_route=\/wp\/v2\/posts\/15448\/revisions\/15449"}],"wp:featuredmedia":[{"embeddable":true,"href":"https:\/\/nuevodigitaldeescobar.com.ar\/index.php?rest_route=\/wp\/v2\/media\/10456"}],"wp:attachment":[{"href":"https:\/\/nuevodigitaldeescobar.com.ar\/index.php?rest_route=%2Fwp%2Fv2%2Fmedia&parent=15448"}],"wp:term":[{"taxonomy":"category","embeddable":true,"href":"https:\/\/nuevodigitaldeescobar.com.ar\/index.php?rest_route=%2Fwp%2Fv2%2Fcategories&post=15448"},{"taxonomy":"post_tag","embeddable":true,"href":"https:\/\/nuevodigitaldeescobar.com.ar\/index.php?rest_route=%2Fwp%2Fv2%2Ftags&post=15448"}],"curies":[{"name":"wp","href":"https:\/\/api.w.org\/{rel}","templated":true}]}}