{"id":15476,"date":"2025-06-11T00:05:00","date_gmt":"2025-06-11T03:05:00","guid":{"rendered":"https:\/\/nuevodigitaldeescobar.com.ar\/?p=15476"},"modified":"2025-06-10T23:41:13","modified_gmt":"2025-06-11T02:41:13","slug":"cristina-kirchner-fue-condenada-de-forma-definitiva-seis-anos-de-prision-y-no-podra-ser-candidata","status":"publish","type":"post","link":"https:\/\/nuevodigitaldeescobar.com.ar\/?p=15476","title":{"rendered":"Cristina Kirchner fue condenada de forma definitiva: seis a\u00f1os de prisi\u00f3n y no podr\u00e1 ser candidata"},"content":{"rendered":"\n<p class=\"has-vivid-cyan-blue-color has-text-color has-link-color wp-elements-c018ecd20cd23dd4f952bb6ce4b7d84f\"><em><strong>La Corte Suprema de Justicia de la Naci\u00f3n confirm\u00f3 la condena por corrupci\u00f3n contra la ex presidenta Cristina Fern\u00e1ndez de Kirchner en la causa Vialidad. En un fallo un\u00e1nime y con fuerte impacto institucional, el m\u00e1ximo tribunal del pa\u00eds ratific\u00f3 la sentencia dictada en 2022 por el Tribunal Oral Federal N.\u00ba 2, que le impone seis a\u00f1os de prisi\u00f3n y la inhabilita de por vida para ejercer cargos p\u00fablicos. Se trata de una de las decisiones judiciales m\u00e1s relevantes desde el retorno de la democracia.<\/strong><\/em><\/p>\n\n\n\n<!--more-->\n\n\n\n<p>Cristina Kirchner fue hallada culpable como coautora del delito de administraci\u00f3n fraudulenta agravada en perjuicio del Estado, en relaci\u00f3n con la asignaci\u00f3n de 51 obras viales en Santa Cruz, entre 2003 y 2015, otorgadas de forma irregular a empresas del empresario L\u00e1zaro B\u00e1ez.<\/p>\n\n\n\n<p>Los jueces de la Corte \u2014Horacio Rosatti, Carlos Rosenkrantz y Ricardo Lorenzetti\u2014 rechazaron los recursos presentados por las defensas de la ex presidenta, los dem\u00e1s condenados y del fiscal Mario Villar. El fallo, fundado y respaldado por el art\u00edculo 280 del C\u00f3digo Procesal Civil y Comercial, concluye que se garantiz\u00f3 el debido proceso y que la sentencia es una derivaci\u00f3n razonada del derecho vigente.<\/p>\n\n\n\n<blockquote class=\"wp-block-quote is-layout-flow wp-block-quote-is-layout-flow\">\n<p><em>\u201cEl debido proceso ha sido salvaguardado y la recurrente ha obtenido una sentencia fundada en ley\u201d<\/em>, afirmaron los ministros.<\/p>\n<\/blockquote>\n\n\n<div class=\"wp-block-image is-style-rounded\">\n<figure class=\"aligncenter size-full\"><img fetchpriority=\"high\" decoding=\"async\" width=\"880\" height=\"586\" src=\"https:\/\/nuevodigitaldeescobar.com.ar\/wp-content\/uploads\/2025\/06\/cortesuprema7.png\" alt=\"\" class=\"wp-image-15480\" srcset=\"https:\/\/nuevodigitaldeescobar.com.ar\/wp-content\/uploads\/2025\/06\/cortesuprema7.png 880w, https:\/\/nuevodigitaldeescobar.com.ar\/wp-content\/uploads\/2025\/06\/cortesuprema7-300x200.png 300w, https:\/\/nuevodigitaldeescobar.com.ar\/wp-content\/uploads\/2025\/06\/cortesuprema7-768x511.png 768w\" sizes=\"(max-width: 880px) 100vw, 880px\" \/><figcaption class=\"wp-element-caption\">Horacio Rosatti, Ricardo Lorenzetti y Carlos Rosenkrantz. Los tres jueces de la Corte Suprema de Justicia ratificaron la sentencia por una animidad.<\/figcaption><\/figure><\/div>\n\n\n<p>El fallo tambi\u00e9n ratific\u00f3 el decomiso de unos 84 mil millones de pesos y confirm\u00f3 las condenas contra los ex funcionarios Jos\u00e9 L\u00f3pez, Nelson Periotti, Juan Carlos Villafa\u00f1e, Ra\u00fal Pavesi, Jos\u00e9 Santib\u00e1\u00f1ez, Mauricio Collareda y Ra\u00fal Daruich. Todos recibieron penas de entre tres y seis a\u00f1os de prisi\u00f3n, adem\u00e1s de la inhabilitaci\u00f3n perpetua. L\u00e1zaro B\u00e1ez fue condenado a seis a\u00f1os de c\u00e1rcel.<\/p>\n\n\n\n<p>La decisi\u00f3n implica que Cristina Kirchner no podr\u00e1 competir en las elecciones legislativas de 2025, donde planeaba presentarse como candidata a senadora provincial. El Tribunal Oral Federal deber\u00e1 ahora resolver si cumple su condena en prisi\u00f3n o bajo arresto domiciliario, por su edad (tiene m\u00e1s de 70 a\u00f1os).<\/p>\n\n\n\n<h3 class=\"wp-block-heading has-text-color has-link-color wp-elements-0a6189ff815779a3b7c047ddfa482103\" style=\"color:#102ac3\"><em>Hechos comprobados<\/em><\/h3>\n\n\n\n<p>Seg\u00fan la sentencia, las obras fueron adjudicadas sin competencia a empresas controladas por B\u00e1ez, muchas de las cuales se fundaron d\u00edas antes de obtener los contratos. Durante la crisis de 2008-2009, esas compa\u00f1\u00edas continuaron recibiendo fondos millonarios, incluso cuando ya no estaban en condiciones de ejecutar los trabajos.<\/p>\n\n\n\n<p>La maniobra cont\u00f3 con respaldo directo del Poder Ejecutivo, mediante el Decreto 54\/2009, firmado por la entonces presidenta, que permiti\u00f3 a la Direcci\u00f3n Nacional de Vialidad financiar directamente las obras sin detallar su destino. Ese decreto fue elaborado por Jos\u00e9 L\u00f3pez, entonces secretario de Obras P\u00fablicas, y advertido como irregular por los servicios jur\u00eddicos de la administraci\u00f3n.<\/p>\n\n\n\n<figure class=\"wp-block-image size-full\"><img decoding=\"async\" width=\"817\" height=\"348\" src=\"https:\/\/nuevodigitaldeescobar.com.ar\/wp-content\/uploads\/2025\/06\/baezkirchners.png\" alt=\"\" class=\"wp-image-15481\" srcset=\"https:\/\/nuevodigitaldeescobar.com.ar\/wp-content\/uploads\/2025\/06\/baezkirchners.png 817w, https:\/\/nuevodigitaldeescobar.com.ar\/wp-content\/uploads\/2025\/06\/baezkirchners-300x128.png 300w, https:\/\/nuevodigitaldeescobar.com.ar\/wp-content\/uploads\/2025\/06\/baezkirchners-768x327.png 768w\" sizes=\"(max-width: 817px) 100vw, 817px\" \/><figcaption class=\"wp-element-caption\">Baez junto a Nestor Kirchner || Baez junto a CFK y M\u00e1ximo Kirchner<\/figcaption><\/figure>\n\n\n\n<p>Adem\u00e1s, se comprob\u00f3 que existieron v\u00ednculos comerciales entre B\u00e1ez y la familia Kirchner a trav\u00e9s del gerenciamiento de hoteles y negocios inmobiliarios. Seg\u00fan la Corte, eso constituy\u00f3 una preferencia del inter\u00e9s privado por sobre el p\u00fablico.<\/p>\n\n\n\n<p>La sentencia remarca que los argumentos de la defensa fueron \u201creiterativos\u201d, no refutaron los hechos ni aportaron fundamentos nuevos, y que las objeciones sobre imparcialidad judicial carecieron de sustento concreto.<\/p>\n\n\n\n<blockquote class=\"wp-block-quote is-layout-flow wp-block-quote-is-layout-flow\">\n<p><em>\u201cEl discurso de la apelante no es m\u00e1s que una reedici\u00f3n de todo aquello que fue oportuna y fundadamente descartado por los jueces anteriores\u201d<\/em>, expres\u00f3 el fallo.<\/p>\n<\/blockquote>\n\n\n\n<h3 class=\"wp-block-heading has-text-color has-link-color wp-elements-df8727154e38ada0e17bf3c492433aa3\" style=\"color:#102ac3\"><em>Contexto pol\u00edtico y judicial<\/em><\/h3>\n\n\n\n<p>Desde 1983, Cristina Kirchner es la segunda ex mandataria condenada por corrupci\u00f3n en ejercicio de la democracia, despu\u00e9s de Carlos Menem. Esta es su primera condena de cumplimiento efectivo. Otras causas relevantes como Hotesur, Los Sauces, Cuadernos o el Memor\u00e1ndum con Ir\u00e1n, a\u00fan est\u00e1n pendientes de juicio oral.<\/p>\n\n\n\n<p>La causa Vialidad fue juzgada por los jueces Jorge Gorini, Rodrigo Gim\u00e9nez Uriburu y Andr\u00e9s Basso. Luego, la C\u00e1mara Federal de Casaci\u00f3n Penal \u2014integrada por los jueces Gustavo Hornos, Mariano Borinsky y Diego Barroetave\u00f1a\u2014 confirm\u00f3 las condenas, aunque con disidencia sobre la figura de asociaci\u00f3n il\u00edcita, que no fue aplicada.<\/p>\n\n\n\n<p>La Corte, al cerrar la causa, sostuvo que Cristina Kirchner <em>\u201cse represent\u00f3 los elementos objetivos del tipo\u201d<\/em> y <em>\u201cquiso que el resultado delictivo sea una consecuencia de su propia acci\u00f3n\u201d<\/em>.<\/p>\n","protected":false},"excerpt":{"rendered":"<p>La Corte Suprema de Justicia de la Naci\u00f3n confirm\u00f3 la condena por corrupci\u00f3n contra la ex presidenta Cristina Fern\u00e1ndez de Kirchner en la causa Vialidad. [&hellip;]<\/p>\n","protected":false},"author":1,"featured_media":15478,"comment_status":"open","ping_status":"open","sticky":false,"template":"","format":"standard","meta":{"footnotes":""},"categories":[235],"tags":[],"class_list":["post-15476","post","type-post","status-publish","format-standard","has-post-thumbnail","hentry","category-judiciales"],"better_featured_image":{"id":15478,"alt_text":"","caption":"","description":"","media_type":"image","media_details":{"width":641,"height":445,"file":"2025\/06\/cfkpresa21.png","filesize":417451,"sizes":{"medium":{"file":"cfkpresa21-300x208.png","width":300,"height":208,"mime-type":"image\/png","filesize":98961,"source_url":"https:\/\/nuevodigitaldeescobar.com.ar\/wp-content\/uploads\/2025\/06\/cfkpresa21-300x208.png"},"thumbnail":{"file":"cfkpresa21-150x150.png","width":150,"height":150,"mime-type":"image\/png","filesize":39381,"source_url":"https:\/\/nuevodigitaldeescobar.com.ar\/wp-content\/uploads\/2025\/06\/cfkpresa21-150x150.png"}},"image_meta":{"aperture":"0","credit":"","camera":"","caption":"","created_timestamp":"0","copyright":"","focal_length":"0","iso":"0","shutter_speed":"0","title":"","orientation":"0","keywords":[]}},"post":15476,"source_url":"https:\/\/nuevodigitaldeescobar.com.ar\/wp-content\/uploads\/2025\/06\/cfkpresa21.png"},"yoast_head":"<!-- This site is optimized with the Yoast SEO plugin v26.1.1 - https:\/\/yoast.com\/wordpress\/plugins\/seo\/ -->\n<title>Cristina Kirchner fue condenada de forma definitiva: seis a\u00f1os de prisi\u00f3n y no podr\u00e1 ser candidata - Nuevo Digital de Escobar<\/title>\n<meta name=\"robots\" content=\"index, follow, max-snippet:-1, max-image-preview:large, max-video-preview:-1\" \/>\n<link rel=\"canonical\" href=\"https:\/\/nuevodigitaldeescobar.com.ar\/?p=15476\" \/>\n<meta property=\"og:locale\" content=\"es_ES\" \/>\n<meta property=\"og:type\" content=\"article\" \/>\n<meta property=\"og:title\" content=\"Cristina Kirchner fue condenada de forma definitiva: seis a\u00f1os de prisi\u00f3n y no podr\u00e1 ser candidata - Nuevo Digital de Escobar\" \/>\n<meta property=\"og:description\" content=\"La Corte Suprema de Justicia de la Naci\u00f3n confirm\u00f3 la condena por corrupci\u00f3n contra la ex presidenta Cristina Fern\u00e1ndez de Kirchner en la causa Vialidad. [&hellip;]\" \/>\n<meta property=\"og:url\" content=\"https:\/\/nuevodigitaldeescobar.com.ar\/?p=15476\" \/>\n<meta property=\"og:site_name\" content=\"Nuevo Digital de Escobar\" \/>\n<meta property=\"article:publisher\" content=\"https:\/\/www.facebook.com\/NUEVODigitalDeEscobar\" \/>\n<meta property=\"article:published_time\" content=\"2025-06-11T03:05:00+00:00\" \/>\n<meta property=\"og:image\" content=\"https:\/\/nuevodigitaldeescobar.com.ar\/wp-content\/uploads\/2025\/06\/cfkpresa21.png\" \/>\n\t<meta property=\"og:image:width\" content=\"641\" \/>\n\t<meta property=\"og:image:height\" content=\"445\" \/>\n\t<meta property=\"og:image:type\" content=\"image\/png\" \/>\n<meta name=\"author\" content=\"Redacci\u00f3n\" \/>\n<meta name=\"twitter:card\" content=\"summary_large_image\" \/>\n<meta name=\"twitter:creator\" content=\"@nuevodigescobar\" \/>\n<meta name=\"twitter:site\" content=\"@nuevodigescobar\" \/>\n<meta name=\"twitter:label1\" content=\"Escrito por\" \/>\n\t<meta name=\"twitter:data1\" content=\"Redacci\u00f3n\" \/>\n\t<meta name=\"twitter:label2\" content=\"Tiempo de lectura\" \/>\n\t<meta name=\"twitter:data2\" content=\"4 minutos\" \/>\n<script type=\"application\/ld+json\" class=\"yoast-schema-graph\">{\"@context\":\"https:\/\/schema.org\",\"@graph\":[{\"@type\":\"Article\",\"@id\":\"https:\/\/nuevodigitaldeescobar.com.ar\/?p=15476#article\",\"isPartOf\":{\"@id\":\"https:\/\/nuevodigitaldeescobar.com.ar\/?p=15476\"},\"author\":{\"name\":\"Redacci\u00f3n\",\"@id\":\"https:\/\/nuevodigitaldeescobar.com.ar\/#\/schema\/person\/035e90a8efe9a80e6eec22656ad6ea4c\"},\"headline\":\"Cristina Kirchner fue condenada de forma definitiva: seis a\u00f1os de prisi\u00f3n y no podr\u00e1 ser candidata\",\"datePublished\":\"2025-06-11T03:05:00+00:00\",\"mainEntityOfPage\":{\"@id\":\"https:\/\/nuevodigitaldeescobar.com.ar\/?p=15476\"},\"wordCount\":765,\"commentCount\":0,\"publisher\":{\"@id\":\"https:\/\/nuevodigitaldeescobar.com.ar\/#organization\"},\"image\":{\"@id\":\"https:\/\/nuevodigitaldeescobar.com.ar\/?p=15476#primaryimage\"},\"thumbnailUrl\":\"https:\/\/nuevodigitaldeescobar.com.ar\/wp-content\/uploads\/2025\/06\/cfkpresa21.png\",\"articleSection\":[\"Judiciales\"],\"inLanguage\":\"es\",\"potentialAction\":[{\"@type\":\"CommentAction\",\"name\":\"Comment\",\"target\":[\"https:\/\/nuevodigitaldeescobar.com.ar\/?p=15476#respond\"]}]},{\"@type\":\"WebPage\",\"@id\":\"https:\/\/nuevodigitaldeescobar.com.ar\/?p=15476\",\"url\":\"https:\/\/nuevodigitaldeescobar.com.ar\/?p=15476\",\"name\":\"Cristina Kirchner fue condenada de forma definitiva: seis a\u00f1os de prisi\u00f3n y no podr\u00e1 ser candidata - Nuevo Digital de Escobar\",\"isPartOf\":{\"@id\":\"https:\/\/nuevodigitaldeescobar.com.ar\/#website\"},\"primaryImageOfPage\":{\"@id\":\"https:\/\/nuevodigitaldeescobar.com.ar\/?p=15476#primaryimage\"},\"image\":{\"@id\":\"https:\/\/nuevodigitaldeescobar.com.ar\/?p=15476#primaryimage\"},\"thumbnailUrl\":\"https:\/\/nuevodigitaldeescobar.com.ar\/wp-content\/uploads\/2025\/06\/cfkpresa21.png\",\"datePublished\":\"2025-06-11T03:05:00+00:00\",\"breadcrumb\":{\"@id\":\"https:\/\/nuevodigitaldeescobar.com.ar\/?p=15476#breadcrumb\"},\"inLanguage\":\"es\",\"potentialAction\":[{\"@type\":\"ReadAction\",\"target\":[\"https:\/\/nuevodigitaldeescobar.com.ar\/?p=15476\"]}]},{\"@type\":\"ImageObject\",\"inLanguage\":\"es\",\"@id\":\"https:\/\/nuevodigitaldeescobar.com.ar\/?p=15476#primaryimage\",\"url\":\"https:\/\/nuevodigitaldeescobar.com.ar\/wp-content\/uploads\/2025\/06\/cfkpresa21.png\",\"contentUrl\":\"https:\/\/nuevodigitaldeescobar.com.ar\/wp-content\/uploads\/2025\/06\/cfkpresa21.png\",\"width\":641,\"height\":445},{\"@type\":\"BreadcrumbList\",\"@id\":\"https:\/\/nuevodigitaldeescobar.com.ar\/?p=15476#breadcrumb\",\"itemListElement\":[{\"@type\":\"ListItem\",\"position\":1,\"name\":\"Portada\",\"item\":\"https:\/\/nuevodigitaldeescobar.com.ar\/\"},{\"@type\":\"ListItem\",\"position\":2,\"name\":\"Cristina Kirchner fue condenada de forma definitiva: seis a\u00f1os de prisi\u00f3n y no podr\u00e1 ser candidata\"}]},{\"@type\":\"WebSite\",\"@id\":\"https:\/\/nuevodigitaldeescobar.com.ar\/#website\",\"url\":\"https:\/\/nuevodigitaldeescobar.com.ar\/\",\"name\":\"Nuevo Digital de Escobar\",\"description\":\"La vida escobarense. Directora: Rosana Brunner\",\"publisher\":{\"@id\":\"https:\/\/nuevodigitaldeescobar.com.ar\/#organization\"},\"potentialAction\":[{\"@type\":\"SearchAction\",\"target\":{\"@type\":\"EntryPoint\",\"urlTemplate\":\"https:\/\/nuevodigitaldeescobar.com.ar\/?s={search_term_string}\"},\"query-input\":{\"@type\":\"PropertyValueSpecification\",\"valueRequired\":true,\"valueName\":\"search_term_string\"}}],\"inLanguage\":\"es\"},{\"@type\":\"Organization\",\"@id\":\"https:\/\/nuevodigitaldeescobar.com.ar\/#organization\",\"name\":\"Nuevo Digital de Escobar\",\"url\":\"https:\/\/nuevodigitaldeescobar.com.ar\/\",\"logo\":{\"@type\":\"ImageObject\",\"inLanguage\":\"es\",\"@id\":\"https:\/\/nuevodigitaldeescobar.com.ar\/#\/schema\/logo\/image\/\",\"url\":\"https:\/\/nuevodigitaldeescobar.com.ar\/wp-content\/uploads\/2025\/05\/cropped-logo-nuevo2.jpg\",\"contentUrl\":\"https:\/\/nuevodigitaldeescobar.com.ar\/wp-content\/uploads\/2025\/05\/cropped-logo-nuevo2.jpg\",\"width\":305,\"height\":305,\"caption\":\"Nuevo Digital de Escobar\"},\"image\":{\"@id\":\"https:\/\/nuevodigitaldeescobar.com.ar\/#\/schema\/logo\/image\/\"},\"sameAs\":[\"https:\/\/www.facebook.com\/NUEVODigitalDeEscobar\",\"https:\/\/x.com\/nuevodigescobar\",\"https:\/\/www.instagram.com\/nuevodigitaldeescobar\"]},{\"@type\":\"Person\",\"@id\":\"https:\/\/nuevodigitaldeescobar.com.ar\/#\/schema\/person\/035e90a8efe9a80e6eec22656ad6ea4c\",\"name\":\"Redacci\u00f3n\",\"image\":{\"@type\":\"ImageObject\",\"inLanguage\":\"es\",\"@id\":\"https:\/\/nuevodigitaldeescobar.com.ar\/#\/schema\/person\/image\/\",\"url\":\"https:\/\/secure.gravatar.com\/avatar\/8af8f40000c24e9eef3034f2be5998a372bb1389e64b1a4a36b3a7979142220d?s=96&d=mm&r=g\",\"contentUrl\":\"https:\/\/secure.gravatar.com\/avatar\/8af8f40000c24e9eef3034f2be5998a372bb1389e64b1a4a36b3a7979142220d?s=96&d=mm&r=g\",\"caption\":\"Redacci\u00f3n\"},\"sameAs\":[\"http:\/\/nuevodigitaldeescobar.com.ar\"],\"url\":\"https:\/\/nuevodigitaldeescobar.com.ar\/?author=1\"}]}<\/script>\n<!-- \/ Yoast SEO plugin. -->","yoast_head_json":{"title":"Cristina Kirchner fue condenada de forma definitiva: seis a\u00f1os de prisi\u00f3n y no podr\u00e1 ser candidata - Nuevo Digital de Escobar","robots":{"index":"index","follow":"follow","max-snippet":"max-snippet:-1","max-image-preview":"max-image-preview:large","max-video-preview":"max-video-preview:-1"},"canonical":"https:\/\/nuevodigitaldeescobar.com.ar\/?p=15476","og_locale":"es_ES","og_type":"article","og_title":"Cristina Kirchner fue condenada de forma definitiva: seis a\u00f1os de prisi\u00f3n y no podr\u00e1 ser candidata - Nuevo Digital de Escobar","og_description":"La Corte Suprema de Justicia de la Naci\u00f3n confirm\u00f3 la condena por corrupci\u00f3n contra la ex presidenta Cristina Fern\u00e1ndez de Kirchner en la causa Vialidad. [&hellip;]","og_url":"https:\/\/nuevodigitaldeescobar.com.ar\/?p=15476","og_site_name":"Nuevo Digital de Escobar","article_publisher":"https:\/\/www.facebook.com\/NUEVODigitalDeEscobar","article_published_time":"2025-06-11T03:05:00+00:00","og_image":[{"width":641,"height":445,"url":"https:\/\/nuevodigitaldeescobar.com.ar\/wp-content\/uploads\/2025\/06\/cfkpresa21.png","type":"image\/png"}],"author":"Redacci\u00f3n","twitter_card":"summary_large_image","twitter_creator":"@nuevodigescobar","twitter_site":"@nuevodigescobar","twitter_misc":{"Escrito por":"Redacci\u00f3n","Tiempo de lectura":"4 minutos"},"schema":{"@context":"https:\/\/schema.org","@graph":[{"@type":"Article","@id":"https:\/\/nuevodigitaldeescobar.com.ar\/?p=15476#article","isPartOf":{"@id":"https:\/\/nuevodigitaldeescobar.com.ar\/?p=15476"},"author":{"name":"Redacci\u00f3n","@id":"https:\/\/nuevodigitaldeescobar.com.ar\/#\/schema\/person\/035e90a8efe9a80e6eec22656ad6ea4c"},"headline":"Cristina Kirchner fue condenada de forma definitiva: seis a\u00f1os de prisi\u00f3n y no podr\u00e1 ser candidata","datePublished":"2025-06-11T03:05:00+00:00","mainEntityOfPage":{"@id":"https:\/\/nuevodigitaldeescobar.com.ar\/?p=15476"},"wordCount":765,"commentCount":0,"publisher":{"@id":"https:\/\/nuevodigitaldeescobar.com.ar\/#organization"},"image":{"@id":"https:\/\/nuevodigitaldeescobar.com.ar\/?p=15476#primaryimage"},"thumbnailUrl":"https:\/\/nuevodigitaldeescobar.com.ar\/wp-content\/uploads\/2025\/06\/cfkpresa21.png","articleSection":["Judiciales"],"inLanguage":"es","potentialAction":[{"@type":"CommentAction","name":"Comment","target":["https:\/\/nuevodigitaldeescobar.com.ar\/?p=15476#respond"]}]},{"@type":"WebPage","@id":"https:\/\/nuevodigitaldeescobar.com.ar\/?p=15476","url":"https:\/\/nuevodigitaldeescobar.com.ar\/?p=15476","name":"Cristina Kirchner fue condenada de forma definitiva: seis a\u00f1os de prisi\u00f3n y no podr\u00e1 ser candidata - Nuevo Digital de Escobar","isPartOf":{"@id":"https:\/\/nuevodigitaldeescobar.com.ar\/#website"},"primaryImageOfPage":{"@id":"https:\/\/nuevodigitaldeescobar.com.ar\/?p=15476#primaryimage"},"image":{"@id":"https:\/\/nuevodigitaldeescobar.com.ar\/?p=15476#primaryimage"},"thumbnailUrl":"https:\/\/nuevodigitaldeescobar.com.ar\/wp-content\/uploads\/2025\/06\/cfkpresa21.png","datePublished":"2025-06-11T03:05:00+00:00","breadcrumb":{"@id":"https:\/\/nuevodigitaldeescobar.com.ar\/?p=15476#breadcrumb"},"inLanguage":"es","potentialAction":[{"@type":"ReadAction","target":["https:\/\/nuevodigitaldeescobar.com.ar\/?p=15476"]}]},{"@type":"ImageObject","inLanguage":"es","@id":"https:\/\/nuevodigitaldeescobar.com.ar\/?p=15476#primaryimage","url":"https:\/\/nuevodigitaldeescobar.com.ar\/wp-content\/uploads\/2025\/06\/cfkpresa21.png","contentUrl":"https:\/\/nuevodigitaldeescobar.com.ar\/wp-content\/uploads\/2025\/06\/cfkpresa21.png","width":641,"height":445},{"@type":"BreadcrumbList","@id":"https:\/\/nuevodigitaldeescobar.com.ar\/?p=15476#breadcrumb","itemListElement":[{"@type":"ListItem","position":1,"name":"Portada","item":"https:\/\/nuevodigitaldeescobar.com.ar\/"},{"@type":"ListItem","position":2,"name":"Cristina Kirchner fue condenada de forma definitiva: seis a\u00f1os de prisi\u00f3n y no podr\u00e1 ser candidata"}]},{"@type":"WebSite","@id":"https:\/\/nuevodigitaldeescobar.com.ar\/#website","url":"https:\/\/nuevodigitaldeescobar.com.ar\/","name":"Nuevo Digital de Escobar","description":"La vida escobarense. Directora: Rosana Brunner","publisher":{"@id":"https:\/\/nuevodigitaldeescobar.com.ar\/#organization"},"potentialAction":[{"@type":"SearchAction","target":{"@type":"EntryPoint","urlTemplate":"https:\/\/nuevodigitaldeescobar.com.ar\/?s={search_term_string}"},"query-input":{"@type":"PropertyValueSpecification","valueRequired":true,"valueName":"search_term_string"}}],"inLanguage":"es"},{"@type":"Organization","@id":"https:\/\/nuevodigitaldeescobar.com.ar\/#organization","name":"Nuevo Digital de Escobar","url":"https:\/\/nuevodigitaldeescobar.com.ar\/","logo":{"@type":"ImageObject","inLanguage":"es","@id":"https:\/\/nuevodigitaldeescobar.com.ar\/#\/schema\/logo\/image\/","url":"https:\/\/nuevodigitaldeescobar.com.ar\/wp-content\/uploads\/2025\/05\/cropped-logo-nuevo2.jpg","contentUrl":"https:\/\/nuevodigitaldeescobar.com.ar\/wp-content\/uploads\/2025\/05\/cropped-logo-nuevo2.jpg","width":305,"height":305,"caption":"Nuevo Digital de Escobar"},"image":{"@id":"https:\/\/nuevodigitaldeescobar.com.ar\/#\/schema\/logo\/image\/"},"sameAs":["https:\/\/www.facebook.com\/NUEVODigitalDeEscobar","https:\/\/x.com\/nuevodigescobar","https:\/\/www.instagram.com\/nuevodigitaldeescobar"]},{"@type":"Person","@id":"https:\/\/nuevodigitaldeescobar.com.ar\/#\/schema\/person\/035e90a8efe9a80e6eec22656ad6ea4c","name":"Redacci\u00f3n","image":{"@type":"ImageObject","inLanguage":"es","@id":"https:\/\/nuevodigitaldeescobar.com.ar\/#\/schema\/person\/image\/","url":"https:\/\/secure.gravatar.com\/avatar\/8af8f40000c24e9eef3034f2be5998a372bb1389e64b1a4a36b3a7979142220d?s=96&d=mm&r=g","contentUrl":"https:\/\/secure.gravatar.com\/avatar\/8af8f40000c24e9eef3034f2be5998a372bb1389e64b1a4a36b3a7979142220d?s=96&d=mm&r=g","caption":"Redacci\u00f3n"},"sameAs":["http:\/\/nuevodigitaldeescobar.com.ar"],"url":"https:\/\/nuevodigitaldeescobar.com.ar\/?author=1"}]}},"featured_image_urls":{"full":["https:\/\/nuevodigitaldeescobar.com.ar\/wp-content\/uploads\/2025\/06\/cfkpresa21.png",641,445,false],"thumbnail":["https:\/\/nuevodigitaldeescobar.com.ar\/wp-content\/uploads\/2025\/06\/cfkpresa21-150x150.png",150,150,true],"medium":["https:\/\/nuevodigitaldeescobar.com.ar\/wp-content\/uploads\/2025\/06\/cfkpresa21-300x208.png",300,208,true],"medium_large":["https:\/\/nuevodigitaldeescobar.com.ar\/wp-content\/uploads\/2025\/06\/cfkpresa21.png",640,444,false],"large":["https:\/\/nuevodigitaldeescobar.com.ar\/wp-content\/uploads\/2025\/06\/cfkpresa21.png",640,444,false],"1536x1536":["https:\/\/nuevodigitaldeescobar.com.ar\/wp-content\/uploads\/2025\/06\/cfkpresa21.png",641,445,false],"2048x2048":["https:\/\/nuevodigitaldeescobar.com.ar\/wp-content\/uploads\/2025\/06\/cfkpresa21.png",641,445,false]},"author_info":{"display_name":"Redacci\u00f3n","author_link":"https:\/\/nuevodigitaldeescobar.com.ar\/?author=1"},"category_info":"<a href=\"https:\/\/nuevodigitaldeescobar.com.ar\/?cat=235\" rel=\"category\">Judiciales<\/a>","tag_info":"Judiciales","comment_count":"0","_links":{"self":[{"href":"https:\/\/nuevodigitaldeescobar.com.ar\/index.php?rest_route=\/wp\/v2\/posts\/15476","targetHints":{"allow":["GET"]}}],"collection":[{"href":"https:\/\/nuevodigitaldeescobar.com.ar\/index.php?rest_route=\/wp\/v2\/posts"}],"about":[{"href":"https:\/\/nuevodigitaldeescobar.com.ar\/index.php?rest_route=\/wp\/v2\/types\/post"}],"author":[{"embeddable":true,"href":"https:\/\/nuevodigitaldeescobar.com.ar\/index.php?rest_route=\/wp\/v2\/users\/1"}],"replies":[{"embeddable":true,"href":"https:\/\/nuevodigitaldeescobar.com.ar\/index.php?rest_route=%2Fwp%2Fv2%2Fcomments&post=15476"}],"version-history":[{"count":3,"href":"https:\/\/nuevodigitaldeescobar.com.ar\/index.php?rest_route=\/wp\/v2\/posts\/15476\/revisions"}],"predecessor-version":[{"id":15483,"href":"https:\/\/nuevodigitaldeescobar.com.ar\/index.php?rest_route=\/wp\/v2\/posts\/15476\/revisions\/15483"}],"wp:featuredmedia":[{"embeddable":true,"href":"https:\/\/nuevodigitaldeescobar.com.ar\/index.php?rest_route=\/wp\/v2\/media\/15478"}],"wp:attachment":[{"href":"https:\/\/nuevodigitaldeescobar.com.ar\/index.php?rest_route=%2Fwp%2Fv2%2Fmedia&parent=15476"}],"wp:term":[{"taxonomy":"category","embeddable":true,"href":"https:\/\/nuevodigitaldeescobar.com.ar\/index.php?rest_route=%2Fwp%2Fv2%2Fcategories&post=15476"},{"taxonomy":"post_tag","embeddable":true,"href":"https:\/\/nuevodigitaldeescobar.com.ar\/index.php?rest_route=%2Fwp%2Fv2%2Ftags&post=15476"}],"curies":[{"name":"wp","href":"https:\/\/api.w.org\/{rel}","templated":true}]}}