{"id":15484,"date":"2025-06-11T00:15:00","date_gmt":"2025-06-11T03:15:00","guid":{"rendered":"https:\/\/nuevodigitaldeescobar.com.ar\/?p=15484"},"modified":"2025-06-11T12:39:44","modified_gmt":"2025-06-11T15:39:44","slug":"protestas-tras-la-condena-a-cristina-kirchner-cortes-caos-y-danos-que-afectaron-a-trabajadores","status":"publish","type":"post","link":"https:\/\/nuevodigitaldeescobar.com.ar\/?p=15484","title":{"rendered":"Protestas tras la condena a Cristina Kirchner: cortes, caos y da\u00f1os que afectaron a trabajadores"},"content":{"rendered":"\n<p class=\"has-vivid-cyan-blue-color has-text-color has-link-color wp-elements-dbe4ce614a3c01cdc73d1d42d2361b1f\"><strong><em>Miles de vecinos y trabajadores quedaron varados por piquetes impulsados por sectores kirchneristas y peronistas, tras la ratificaci\u00f3n de la condena a la ex presidenta en la causa Vialidad. Los disturbios incluyeron da\u00f1os a bienes de empleados de medios de comunicaci\u00f3n.<\/em><\/strong><\/p>\n\n\n\n<!--more-->\n\n\n\n<p>El fallo de la Corte Suprema que confirm\u00f3 la condena por corrupci\u00f3n contra Cristina Fern\u00e1ndez de Kirchner gener\u00f3 una inmediata reacci\u00f3n de agrupaciones kirchneristas, sindicatos y movimientos sociales. Lo que comenz\u00f3 como una movilizaci\u00f3n pol\u00edtica se transform\u00f3 en una jornada ca\u00f3tica que perjudic\u00f3 directamente a miles de trabajadores.<\/p>\n\n\n\n<p>Desde temprano, militantes coparon accesos clave al AMBA, cortando <strong>la autopista Buenos Aires-La Plata, el Puente Pueyrred\u00f3n, la General Paz y diversas avenidas porte\u00f1as<\/strong>. A lo largo del d\u00eda, tambi\u00e9n se registraron marchas que bloquearon el tr\u00e1nsito en el microcentro y zonas comerciales.<\/p>\n\n\n\n<h3 class=\"wp-block-heading has-text-color has-link-color wp-elements-2e6adc12bc8fab3d8a59c048c61e9f23\" style=\"color:#063cc4\">\ud83d\udea7 El impacto: calles tomadas y trabajadores paralizados<\/h3>\n\n\n\n<p>Familias, laburantes y comerciantes fueron los principales perjudicados. <strong>Muchas personas no pudieron llegar a sus trabajos o tardaron horas en regresar a sus hogares<\/strong>, sin transporte p\u00fablico y sin rutas alternativas. Las demoras colapsaron el tr\u00e1nsito y generaron un malestar generalizado.<\/p>\n\n\n\n<p><em>\u201cSiempre lo mismo, protestan y el que pierde es el que va a laburar\u201d<\/em>, se quej\u00f3 un chofer de reparto en medio del embotellamiento en Avellaneda.<\/p>\n\n\n<div class=\"wp-block-image is-style-rounded\">\n<figure class=\"aligncenter size-full\"><img fetchpriority=\"high\" decoding=\"async\" width=\"992\" height=\"558\" src=\"http:\/\/nuevodigitaldeescobar.com.ar\/wp-content\/uploads\/2025\/06\/corteruta2.png\" alt=\"\" class=\"wp-image-15485\" srcset=\"https:\/\/nuevodigitaldeescobar.com.ar\/wp-content\/uploads\/2025\/06\/corteruta2.png 992w, https:\/\/nuevodigitaldeescobar.com.ar\/wp-content\/uploads\/2025\/06\/corteruta2-300x169.png 300w, https:\/\/nuevodigitaldeescobar.com.ar\/wp-content\/uploads\/2025\/06\/corteruta2-768x432.png 768w\" sizes=\"(max-width: 992px) 100vw, 992px\" \/><\/figure><\/div>\n\n\n<h3 class=\"wp-block-heading has-text-color has-link-color wp-elements-ff006eab9247ab6c0fe454ced9b33560\" style=\"color:#063cc4\">\ud83d\udd25 Da\u00f1os a bienes privados y p\u00fablicos<\/h3>\n\n\n\n<p>Durante la movilizaci\u00f3n, se registraron <strong>incidentes y destrozos<\/strong> en la v\u00eda p\u00fablica. En uno de los episodios m\u00e1s indignantes, un grupo de militantes kirchneristas <strong>ingres\u00f3 al edificio de Todo Noticias (TN), donde rompieron bicicletas pertenecientes a trabajadores del canal<\/strong>. El hecho fue repudiado por periodistas y gremios de prensa.<\/p>\n\n\n<div class=\"wp-block-image is-style-rounded\">\n<figure class=\"aligncenter size-full\"><img decoding=\"async\" width=\"789\" height=\"411\" src=\"http:\/\/nuevodigitaldeescobar.com.ar\/wp-content\/uploads\/2025\/06\/vandalismotn2.png\" alt=\"\" class=\"wp-image-15486\" srcset=\"https:\/\/nuevodigitaldeescobar.com.ar\/wp-content\/uploads\/2025\/06\/vandalismotn2.png 789w, https:\/\/nuevodigitaldeescobar.com.ar\/wp-content\/uploads\/2025\/06\/vandalismotn2-300x156.png 300w, https:\/\/nuevodigitaldeescobar.com.ar\/wp-content\/uploads\/2025\/06\/vandalismotn2-768x400.png 768w\" sizes=\"(max-width: 789px) 100vw, 789px\" \/><figcaption class=\"wp-element-caption\">Destrozos en el edificio de TN, bicicletas de los trabajadores vandalizadas.<\/figcaption><\/figure><\/div>\n\n\n<p>Adem\u00e1s, en zonas c\u00e9ntricas, hubo contenedores volcados, veredas da\u00f1adas y estructuras p\u00fablicas vandalizadas, repitiendo un patr\u00f3n ya visto en movilizaciones anteriores.<\/p>\n\n\n\n<h3 class=\"wp-block-heading has-text-color has-link-color wp-elements-c9b8c9ae1dc38792abcd0de75fad3e9e\" style=\"color:#063cc4\">\ud83d\udcb8 \u00bfQui\u00e9n paga los costos?<\/h3>\n\n\n\n<p>El operativo de seguridad y las reparaciones urbanas implican <strong>costos millonarios<\/strong> que salen del presupuesto p\u00fablico. Pero el da\u00f1o m\u00e1s profundo fue el simb\u00f3lico: <strong>la protesta pol\u00edtica se convirti\u00f3 en un atropello al ciudadano com\u00fan<\/strong>, ajeno a las disputas judiciales y pol\u00edticas.<\/p>\n\n\n\n<hr class=\"wp-block-separator has-alpha-channel-opacity\"\/>\n\n\n\n<blockquote class=\"wp-block-quote is-layout-flow wp-block-quote-is-layout-flow\">\n<p><strong><em>Mientras un sector defiende a su l\u00edder condenada, miles de trabajadores ven vulnerado su derecho a circular, trabajar y volver a casa. La democracia permite protestar, pero no a costa del pueblo que trabaja.<\/em><\/strong><\/p>\n<\/blockquote>\n","protected":false},"excerpt":{"rendered":"<p>Miles de vecinos y trabajadores quedaron varados por piquetes impulsados por sectores kirchneristas y peronistas, tras la ratificaci\u00f3n de la condena a la ex presidenta [&hellip;]<\/p>\n","protected":false},"author":1,"featured_media":15506,"comment_status":"open","ping_status":"open","sticky":false,"template":"","format":"standard","meta":{"footnotes":""},"categories":[6],"tags":[],"class_list":["post-15484","post","type-post","status-publish","format-standard","has-post-thumbnail","hentry","category-politica"],"better_featured_image":{"id":15506,"alt_text":"","caption":"","description":"","media_type":"image","media_details":{"width":907,"height":331,"file":"2025\/06\/cortescfk.png","filesize":638251,"sizes":{"medium":{"file":"cortescfk-300x109.png","width":300,"height":109,"mime-type":"image\/png","filesize":56705,"source_url":"https:\/\/nuevodigitaldeescobar.com.ar\/wp-content\/uploads\/2025\/06\/cortescfk-300x109.png"},"thumbnail":{"file":"cortescfk-150x150.png","width":150,"height":150,"mime-type":"image\/png","filesize":38389,"source_url":"https:\/\/nuevodigitaldeescobar.com.ar\/wp-content\/uploads\/2025\/06\/cortescfk-150x150.png"},"medium_large":{"file":"cortescfk-768x280.png","width":768,"height":280,"mime-type":"image\/png","filesize":298673,"source_url":"https:\/\/nuevodigitaldeescobar.com.ar\/wp-content\/uploads\/2025\/06\/cortescfk-768x280.png"}},"image_meta":{"aperture":"0","credit":"","camera":"","caption":"","created_timestamp":"0","copyright":"","focal_length":"0","iso":"0","shutter_speed":"0","title":"","orientation":"0","keywords":[]}},"post":15484,"source_url":"https:\/\/nuevodigitaldeescobar.com.ar\/wp-content\/uploads\/2025\/06\/cortescfk.png"},"yoast_head":"<!-- This site is optimized with the Yoast SEO plugin v26.1.1 - https:\/\/yoast.com\/wordpress\/plugins\/seo\/ -->\n<title>Protestas tras la condena a Cristina Kirchner: cortes, caos y da\u00f1os que afectaron a trabajadores - Nuevo Digital de Escobar<\/title>\n<meta name=\"robots\" content=\"index, follow, max-snippet:-1, max-image-preview:large, max-video-preview:-1\" \/>\n<link rel=\"canonical\" href=\"https:\/\/nuevodigitaldeescobar.com.ar\/?p=15484\" \/>\n<meta property=\"og:locale\" content=\"es_ES\" \/>\n<meta property=\"og:type\" content=\"article\" \/>\n<meta property=\"og:title\" content=\"Protestas tras la condena a Cristina Kirchner: cortes, caos y da\u00f1os que afectaron a trabajadores - Nuevo Digital de Escobar\" \/>\n<meta property=\"og:description\" content=\"Miles de vecinos y trabajadores quedaron varados por piquetes impulsados por sectores kirchneristas y peronistas, tras la ratificaci\u00f3n de la condena a la ex presidenta [&hellip;]\" \/>\n<meta property=\"og:url\" content=\"https:\/\/nuevodigitaldeescobar.com.ar\/?p=15484\" \/>\n<meta property=\"og:site_name\" content=\"Nuevo Digital de Escobar\" \/>\n<meta property=\"article:publisher\" content=\"https:\/\/www.facebook.com\/NUEVODigitalDeEscobar\" \/>\n<meta property=\"article:published_time\" content=\"2025-06-11T03:15:00+00:00\" \/>\n<meta property=\"article:modified_time\" content=\"2025-06-11T15:39:44+00:00\" \/>\n<meta property=\"og:image\" content=\"https:\/\/nuevodigitaldeescobar.com.ar\/wp-content\/uploads\/2025\/06\/cortescfk.png\" \/>\n\t<meta property=\"og:image:width\" content=\"907\" \/>\n\t<meta property=\"og:image:height\" content=\"331\" \/>\n\t<meta property=\"og:image:type\" content=\"image\/png\" \/>\n<meta name=\"author\" content=\"Redacci\u00f3n\" \/>\n<meta name=\"twitter:card\" content=\"summary_large_image\" \/>\n<meta name=\"twitter:creator\" content=\"@nuevodigescobar\" \/>\n<meta name=\"twitter:site\" content=\"@nuevodigescobar\" \/>\n<meta name=\"twitter:label1\" content=\"Escrito por\" \/>\n\t<meta name=\"twitter:data1\" content=\"Redacci\u00f3n\" \/>\n\t<meta name=\"twitter:label2\" content=\"Tiempo de lectura\" \/>\n\t<meta name=\"twitter:data2\" content=\"2 minutos\" \/>\n<script type=\"application\/ld+json\" class=\"yoast-schema-graph\">{\"@context\":\"https:\/\/schema.org\",\"@graph\":[{\"@type\":\"Article\",\"@id\":\"https:\/\/nuevodigitaldeescobar.com.ar\/?p=15484#article\",\"isPartOf\":{\"@id\":\"https:\/\/nuevodigitaldeescobar.com.ar\/?p=15484\"},\"author\":{\"name\":\"Redacci\u00f3n\",\"@id\":\"https:\/\/nuevodigitaldeescobar.com.ar\/#\/schema\/person\/035e90a8efe9a80e6eec22656ad6ea4c\"},\"headline\":\"Protestas tras la condena a Cristina Kirchner: cortes, caos y da\u00f1os que afectaron a trabajadores\",\"datePublished\":\"2025-06-11T03:15:00+00:00\",\"dateModified\":\"2025-06-11T15:39:44+00:00\",\"mainEntityOfPage\":{\"@id\":\"https:\/\/nuevodigitaldeescobar.com.ar\/?p=15484\"},\"wordCount\":425,\"commentCount\":0,\"publisher\":{\"@id\":\"https:\/\/nuevodigitaldeescobar.com.ar\/#organization\"},\"image\":{\"@id\":\"https:\/\/nuevodigitaldeescobar.com.ar\/?p=15484#primaryimage\"},\"thumbnailUrl\":\"https:\/\/nuevodigitaldeescobar.com.ar\/wp-content\/uploads\/2025\/06\/cortescfk.png\",\"articleSection\":[\"Pol\u00edtica\"],\"inLanguage\":\"es\",\"potentialAction\":[{\"@type\":\"CommentAction\",\"name\":\"Comment\",\"target\":[\"https:\/\/nuevodigitaldeescobar.com.ar\/?p=15484#respond\"]}]},{\"@type\":\"WebPage\",\"@id\":\"https:\/\/nuevodigitaldeescobar.com.ar\/?p=15484\",\"url\":\"https:\/\/nuevodigitaldeescobar.com.ar\/?p=15484\",\"name\":\"Protestas tras la condena a Cristina Kirchner: cortes, caos y da\u00f1os que afectaron a trabajadores - Nuevo Digital de Escobar\",\"isPartOf\":{\"@id\":\"https:\/\/nuevodigitaldeescobar.com.ar\/#website\"},\"primaryImageOfPage\":{\"@id\":\"https:\/\/nuevodigitaldeescobar.com.ar\/?p=15484#primaryimage\"},\"image\":{\"@id\":\"https:\/\/nuevodigitaldeescobar.com.ar\/?p=15484#primaryimage\"},\"thumbnailUrl\":\"https:\/\/nuevodigitaldeescobar.com.ar\/wp-content\/uploads\/2025\/06\/cortescfk.png\",\"datePublished\":\"2025-06-11T03:15:00+00:00\",\"dateModified\":\"2025-06-11T15:39:44+00:00\",\"breadcrumb\":{\"@id\":\"https:\/\/nuevodigitaldeescobar.com.ar\/?p=15484#breadcrumb\"},\"inLanguage\":\"es\",\"potentialAction\":[{\"@type\":\"ReadAction\",\"target\":[\"https:\/\/nuevodigitaldeescobar.com.ar\/?p=15484\"]}]},{\"@type\":\"ImageObject\",\"inLanguage\":\"es\",\"@id\":\"https:\/\/nuevodigitaldeescobar.com.ar\/?p=15484#primaryimage\",\"url\":\"https:\/\/nuevodigitaldeescobar.com.ar\/wp-content\/uploads\/2025\/06\/cortescfk.png\",\"contentUrl\":\"https:\/\/nuevodigitaldeescobar.com.ar\/wp-content\/uploads\/2025\/06\/cortescfk.png\",\"width\":907,\"height\":331},{\"@type\":\"BreadcrumbList\",\"@id\":\"https:\/\/nuevodigitaldeescobar.com.ar\/?p=15484#breadcrumb\",\"itemListElement\":[{\"@type\":\"ListItem\",\"position\":1,\"name\":\"Portada\",\"item\":\"https:\/\/nuevodigitaldeescobar.com.ar\/\"},{\"@type\":\"ListItem\",\"position\":2,\"name\":\"Protestas tras la condena a Cristina Kirchner: cortes, caos y da\u00f1os que afectaron a trabajadores\"}]},{\"@type\":\"WebSite\",\"@id\":\"https:\/\/nuevodigitaldeescobar.com.ar\/#website\",\"url\":\"https:\/\/nuevodigitaldeescobar.com.ar\/\",\"name\":\"Nuevo Digital de Escobar\",\"description\":\"La vida escobarense. Directora: Rosana Brunner\",\"publisher\":{\"@id\":\"https:\/\/nuevodigitaldeescobar.com.ar\/#organization\"},\"potentialAction\":[{\"@type\":\"SearchAction\",\"target\":{\"@type\":\"EntryPoint\",\"urlTemplate\":\"https:\/\/nuevodigitaldeescobar.com.ar\/?s={search_term_string}\"},\"query-input\":{\"@type\":\"PropertyValueSpecification\",\"valueRequired\":true,\"valueName\":\"search_term_string\"}}],\"inLanguage\":\"es\"},{\"@type\":\"Organization\",\"@id\":\"https:\/\/nuevodigitaldeescobar.com.ar\/#organization\",\"name\":\"Nuevo Digital de Escobar\",\"url\":\"https:\/\/nuevodigitaldeescobar.com.ar\/\",\"logo\":{\"@type\":\"ImageObject\",\"inLanguage\":\"es\",\"@id\":\"https:\/\/nuevodigitaldeescobar.com.ar\/#\/schema\/logo\/image\/\",\"url\":\"https:\/\/nuevodigitaldeescobar.com.ar\/wp-content\/uploads\/2025\/05\/cropped-logo-nuevo2.jpg\",\"contentUrl\":\"https:\/\/nuevodigitaldeescobar.com.ar\/wp-content\/uploads\/2025\/05\/cropped-logo-nuevo2.jpg\",\"width\":305,\"height\":305,\"caption\":\"Nuevo Digital de Escobar\"},\"image\":{\"@id\":\"https:\/\/nuevodigitaldeescobar.com.ar\/#\/schema\/logo\/image\/\"},\"sameAs\":[\"https:\/\/www.facebook.com\/NUEVODigitalDeEscobar\",\"https:\/\/x.com\/nuevodigescobar\",\"https:\/\/www.instagram.com\/nuevodigitaldeescobar\"]},{\"@type\":\"Person\",\"@id\":\"https:\/\/nuevodigitaldeescobar.com.ar\/#\/schema\/person\/035e90a8efe9a80e6eec22656ad6ea4c\",\"name\":\"Redacci\u00f3n\",\"image\":{\"@type\":\"ImageObject\",\"inLanguage\":\"es\",\"@id\":\"https:\/\/nuevodigitaldeescobar.com.ar\/#\/schema\/person\/image\/\",\"url\":\"https:\/\/secure.gravatar.com\/avatar\/8af8f40000c24e9eef3034f2be5998a372bb1389e64b1a4a36b3a7979142220d?s=96&d=mm&r=g\",\"contentUrl\":\"https:\/\/secure.gravatar.com\/avatar\/8af8f40000c24e9eef3034f2be5998a372bb1389e64b1a4a36b3a7979142220d?s=96&d=mm&r=g\",\"caption\":\"Redacci\u00f3n\"},\"sameAs\":[\"http:\/\/nuevodigitaldeescobar.com.ar\"],\"url\":\"https:\/\/nuevodigitaldeescobar.com.ar\/?author=1\"}]}<\/script>\n<!-- \/ Yoast SEO plugin. -->","yoast_head_json":{"title":"Protestas tras la condena a Cristina Kirchner: cortes, caos y da\u00f1os que afectaron a trabajadores - Nuevo Digital de Escobar","robots":{"index":"index","follow":"follow","max-snippet":"max-snippet:-1","max-image-preview":"max-image-preview:large","max-video-preview":"max-video-preview:-1"},"canonical":"https:\/\/nuevodigitaldeescobar.com.ar\/?p=15484","og_locale":"es_ES","og_type":"article","og_title":"Protestas tras la condena a Cristina Kirchner: cortes, caos y da\u00f1os que afectaron a trabajadores - Nuevo Digital de Escobar","og_description":"Miles de vecinos y trabajadores quedaron varados por piquetes impulsados por sectores kirchneristas y peronistas, tras la ratificaci\u00f3n de la condena a la ex presidenta [&hellip;]","og_url":"https:\/\/nuevodigitaldeescobar.com.ar\/?p=15484","og_site_name":"Nuevo Digital de Escobar","article_publisher":"https:\/\/www.facebook.com\/NUEVODigitalDeEscobar","article_published_time":"2025-06-11T03:15:00+00:00","article_modified_time":"2025-06-11T15:39:44+00:00","og_image":[{"width":907,"height":331,"url":"https:\/\/nuevodigitaldeescobar.com.ar\/wp-content\/uploads\/2025\/06\/cortescfk.png","type":"image\/png"}],"author":"Redacci\u00f3n","twitter_card":"summary_large_image","twitter_creator":"@nuevodigescobar","twitter_site":"@nuevodigescobar","twitter_misc":{"Escrito por":"Redacci\u00f3n","Tiempo de lectura":"2 minutos"},"schema":{"@context":"https:\/\/schema.org","@graph":[{"@type":"Article","@id":"https:\/\/nuevodigitaldeescobar.com.ar\/?p=15484#article","isPartOf":{"@id":"https:\/\/nuevodigitaldeescobar.com.ar\/?p=15484"},"author":{"name":"Redacci\u00f3n","@id":"https:\/\/nuevodigitaldeescobar.com.ar\/#\/schema\/person\/035e90a8efe9a80e6eec22656ad6ea4c"},"headline":"Protestas tras la condena a Cristina Kirchner: cortes, caos y da\u00f1os que afectaron a trabajadores","datePublished":"2025-06-11T03:15:00+00:00","dateModified":"2025-06-11T15:39:44+00:00","mainEntityOfPage":{"@id":"https:\/\/nuevodigitaldeescobar.com.ar\/?p=15484"},"wordCount":425,"commentCount":0,"publisher":{"@id":"https:\/\/nuevodigitaldeescobar.com.ar\/#organization"},"image":{"@id":"https:\/\/nuevodigitaldeescobar.com.ar\/?p=15484#primaryimage"},"thumbnailUrl":"https:\/\/nuevodigitaldeescobar.com.ar\/wp-content\/uploads\/2025\/06\/cortescfk.png","articleSection":["Pol\u00edtica"],"inLanguage":"es","potentialAction":[{"@type":"CommentAction","name":"Comment","target":["https:\/\/nuevodigitaldeescobar.com.ar\/?p=15484#respond"]}]},{"@type":"WebPage","@id":"https:\/\/nuevodigitaldeescobar.com.ar\/?p=15484","url":"https:\/\/nuevodigitaldeescobar.com.ar\/?p=15484","name":"Protestas tras la condena a Cristina Kirchner: cortes, caos y da\u00f1os que afectaron a trabajadores - Nuevo Digital de Escobar","isPartOf":{"@id":"https:\/\/nuevodigitaldeescobar.com.ar\/#website"},"primaryImageOfPage":{"@id":"https:\/\/nuevodigitaldeescobar.com.ar\/?p=15484#primaryimage"},"image":{"@id":"https:\/\/nuevodigitaldeescobar.com.ar\/?p=15484#primaryimage"},"thumbnailUrl":"https:\/\/nuevodigitaldeescobar.com.ar\/wp-content\/uploads\/2025\/06\/cortescfk.png","datePublished":"2025-06-11T03:15:00+00:00","dateModified":"2025-06-11T15:39:44+00:00","breadcrumb":{"@id":"https:\/\/nuevodigitaldeescobar.com.ar\/?p=15484#breadcrumb"},"inLanguage":"es","potentialAction":[{"@type":"ReadAction","target":["https:\/\/nuevodigitaldeescobar.com.ar\/?p=15484"]}]},{"@type":"ImageObject","inLanguage":"es","@id":"https:\/\/nuevodigitaldeescobar.com.ar\/?p=15484#primaryimage","url":"https:\/\/nuevodigitaldeescobar.com.ar\/wp-content\/uploads\/2025\/06\/cortescfk.png","contentUrl":"https:\/\/nuevodigitaldeescobar.com.ar\/wp-content\/uploads\/2025\/06\/cortescfk.png","width":907,"height":331},{"@type":"BreadcrumbList","@id":"https:\/\/nuevodigitaldeescobar.com.ar\/?p=15484#breadcrumb","itemListElement":[{"@type":"ListItem","position":1,"name":"Portada","item":"https:\/\/nuevodigitaldeescobar.com.ar\/"},{"@type":"ListItem","position":2,"name":"Protestas tras la condena a Cristina Kirchner: cortes, caos y da\u00f1os que afectaron a trabajadores"}]},{"@type":"WebSite","@id":"https:\/\/nuevodigitaldeescobar.com.ar\/#website","url":"https:\/\/nuevodigitaldeescobar.com.ar\/","name":"Nuevo Digital de Escobar","description":"La vida escobarense. Directora: Rosana Brunner","publisher":{"@id":"https:\/\/nuevodigitaldeescobar.com.ar\/#organization"},"potentialAction":[{"@type":"SearchAction","target":{"@type":"EntryPoint","urlTemplate":"https:\/\/nuevodigitaldeescobar.com.ar\/?s={search_term_string}"},"query-input":{"@type":"PropertyValueSpecification","valueRequired":true,"valueName":"search_term_string"}}],"inLanguage":"es"},{"@type":"Organization","@id":"https:\/\/nuevodigitaldeescobar.com.ar\/#organization","name":"Nuevo Digital de Escobar","url":"https:\/\/nuevodigitaldeescobar.com.ar\/","logo":{"@type":"ImageObject","inLanguage":"es","@id":"https:\/\/nuevodigitaldeescobar.com.ar\/#\/schema\/logo\/image\/","url":"https:\/\/nuevodigitaldeescobar.com.ar\/wp-content\/uploads\/2025\/05\/cropped-logo-nuevo2.jpg","contentUrl":"https:\/\/nuevodigitaldeescobar.com.ar\/wp-content\/uploads\/2025\/05\/cropped-logo-nuevo2.jpg","width":305,"height":305,"caption":"Nuevo Digital de Escobar"},"image":{"@id":"https:\/\/nuevodigitaldeescobar.com.ar\/#\/schema\/logo\/image\/"},"sameAs":["https:\/\/www.facebook.com\/NUEVODigitalDeEscobar","https:\/\/x.com\/nuevodigescobar","https:\/\/www.instagram.com\/nuevodigitaldeescobar"]},{"@type":"Person","@id":"https:\/\/nuevodigitaldeescobar.com.ar\/#\/schema\/person\/035e90a8efe9a80e6eec22656ad6ea4c","name":"Redacci\u00f3n","image":{"@type":"ImageObject","inLanguage":"es","@id":"https:\/\/nuevodigitaldeescobar.com.ar\/#\/schema\/person\/image\/","url":"https:\/\/secure.gravatar.com\/avatar\/8af8f40000c24e9eef3034f2be5998a372bb1389e64b1a4a36b3a7979142220d?s=96&d=mm&r=g","contentUrl":"https:\/\/secure.gravatar.com\/avatar\/8af8f40000c24e9eef3034f2be5998a372bb1389e64b1a4a36b3a7979142220d?s=96&d=mm&r=g","caption":"Redacci\u00f3n"},"sameAs":["http:\/\/nuevodigitaldeescobar.com.ar"],"url":"https:\/\/nuevodigitaldeescobar.com.ar\/?author=1"}]}},"featured_image_urls":{"full":["https:\/\/nuevodigitaldeescobar.com.ar\/wp-content\/uploads\/2025\/06\/cortescfk.png",907,331,false],"thumbnail":["https:\/\/nuevodigitaldeescobar.com.ar\/wp-content\/uploads\/2025\/06\/cortescfk-150x150.png",150,150,true],"medium":["https:\/\/nuevodigitaldeescobar.com.ar\/wp-content\/uploads\/2025\/06\/cortescfk-300x109.png",300,109,true],"medium_large":["https:\/\/nuevodigitaldeescobar.com.ar\/wp-content\/uploads\/2025\/06\/cortescfk-768x280.png",640,233,true],"large":["https:\/\/nuevodigitaldeescobar.com.ar\/wp-content\/uploads\/2025\/06\/cortescfk.png",640,234,false],"1536x1536":["https:\/\/nuevodigitaldeescobar.com.ar\/wp-content\/uploads\/2025\/06\/cortescfk.png",907,331,false],"2048x2048":["https:\/\/nuevodigitaldeescobar.com.ar\/wp-content\/uploads\/2025\/06\/cortescfk.png",907,331,false]},"author_info":{"display_name":"Redacci\u00f3n","author_link":"https:\/\/nuevodigitaldeescobar.com.ar\/?author=1"},"category_info":"<a href=\"https:\/\/nuevodigitaldeescobar.com.ar\/?cat=6\" rel=\"category\">Pol\u00edtica<\/a>","tag_info":"Pol\u00edtica","comment_count":"0","_links":{"self":[{"href":"https:\/\/nuevodigitaldeescobar.com.ar\/index.php?rest_route=\/wp\/v2\/posts\/15484","targetHints":{"allow":["GET"]}}],"collection":[{"href":"https:\/\/nuevodigitaldeescobar.com.ar\/index.php?rest_route=\/wp\/v2\/posts"}],"about":[{"href":"https:\/\/nuevodigitaldeescobar.com.ar\/index.php?rest_route=\/wp\/v2\/types\/post"}],"author":[{"embeddable":true,"href":"https:\/\/nuevodigitaldeescobar.com.ar\/index.php?rest_route=\/wp\/v2\/users\/1"}],"replies":[{"embeddable":true,"href":"https:\/\/nuevodigitaldeescobar.com.ar\/index.php?rest_route=%2Fwp%2Fv2%2Fcomments&post=15484"}],"version-history":[{"count":2,"href":"https:\/\/nuevodigitaldeescobar.com.ar\/index.php?rest_route=\/wp\/v2\/posts\/15484\/revisions"}],"predecessor-version":[{"id":15508,"href":"https:\/\/nuevodigitaldeescobar.com.ar\/index.php?rest_route=\/wp\/v2\/posts\/15484\/revisions\/15508"}],"wp:featuredmedia":[{"embeddable":true,"href":"https:\/\/nuevodigitaldeescobar.com.ar\/index.php?rest_route=\/wp\/v2\/media\/15506"}],"wp:attachment":[{"href":"https:\/\/nuevodigitaldeescobar.com.ar\/index.php?rest_route=%2Fwp%2Fv2%2Fmedia&parent=15484"}],"wp:term":[{"taxonomy":"category","embeddable":true,"href":"https:\/\/nuevodigitaldeescobar.com.ar\/index.php?rest_route=%2Fwp%2Fv2%2Fcategories&post=15484"},{"taxonomy":"post_tag","embeddable":true,"href":"https:\/\/nuevodigitaldeescobar.com.ar\/index.php?rest_route=%2Fwp%2Fv2%2Ftags&post=15484"}],"curies":[{"name":"wp","href":"https:\/\/api.w.org\/{rel}","templated":true}]}}