{"id":15494,"date":"2025-06-11T11:11:03","date_gmt":"2025-06-11T14:11:03","guid":{"rendered":"https:\/\/nuevodigitaldeescobar.com.ar\/?p=15494"},"modified":"2025-06-11T11:11:34","modified_gmt":"2025-06-11T14:11:34","slug":"escobar-celebra-este-viernes-la-noche-de-las-cafeterias-con-descuentos-y-promociones","status":"publish","type":"post","link":"https:\/\/nuevodigitaldeescobar.com.ar\/?p=15494","title":{"rendered":"Escobar celebra este viernes La Noche de las Cafeter\u00edas, con descuentos y promociones"},"content":{"rendered":"\n<p>El partido de Escobar se prepara para disfrutar de La Noche de las Cafeter\u00edas, una jornada especial con m\u00e1s de 30 locales adheridos, que este viernes 13 de julio ofrecer\u00e1n distintos descuentos y promociones para que los vecinos y vecinas puedan aprovechar junto a sus amigos o en familia.<\/p>\n\n\n\n<!--more-->\n\n\n\n<p>Por ejemplo, se podr\u00e1 acceder a combos de caf\u00e9 m\u00e1s medialunas desde $2.000, caf\u00e9 con porci\u00f3n de torta por $9.000, 2 lattes con porci\u00f3n de torta a $14.200, y descuentos que llegan hasta el 20% en toda la carta. <\/p>\n\n\n\n<p>Adem\u00e1s, hay ofertas especiales como 2&#215;1 en caf\u00e9s y postres o promociones en desayunos y meriendas. Todas las cafeter\u00edas participantes y sus promociones especiales se pueden consultar en detalle en la p\u00e1gina oficial\u00a0<a href=\"http:\/\/www.escobar.gob.ar\/nochedelascafeterias\">www.escobar.gob.ar\/nochedelascafeterias<\/a>.<\/p>\n\n\n<div class=\"wp-block-image\">\n<figure class=\"aligncenter size-large\"><img fetchpriority=\"high\" decoding=\"async\" width=\"819\" height=\"1024\" src=\"http:\/\/nuevodigitaldeescobar.com.ar\/wp-content\/uploads\/2025\/06\/whatsapp_image_2025_06_11_at_09_57_37-819x1024.jpeg\" alt=\"\" class=\"wp-image-15496\" srcset=\"https:\/\/nuevodigitaldeescobar.com.ar\/wp-content\/uploads\/2025\/06\/whatsapp_image_2025_06_11_at_09_57_37-819x1024.jpeg 819w, https:\/\/nuevodigitaldeescobar.com.ar\/wp-content\/uploads\/2025\/06\/whatsapp_image_2025_06_11_at_09_57_37-240x300.jpeg 240w, https:\/\/nuevodigitaldeescobar.com.ar\/wp-content\/uploads\/2025\/06\/whatsapp_image_2025_06_11_at_09_57_37-768x960.jpeg 768w, https:\/\/nuevodigitaldeescobar.com.ar\/wp-content\/uploads\/2025\/06\/whatsapp_image_2025_06_11_at_09_57_37-1229x1536.jpeg 1229w, https:\/\/nuevodigitaldeescobar.com.ar\/wp-content\/uploads\/2025\/06\/whatsapp_image_2025_06_11_at_09_57_37.jpeg 1280w\" sizes=\"(max-width: 819px) 100vw, 819px\" \/><\/figure><\/div>\n\n\n<p>Esta propuesta se suma al calendario de exitosas jornadas gastron\u00f3micas realizadas en el partido para fortalecer el consumo local, como La Noche de las Hamburgueser\u00edas, Pizzer\u00edas, Helader\u00edas y Vinotecas, entre otras.<\/p>\n","protected":false},"excerpt":{"rendered":"<p>El partido de Escobar se prepara para disfrutar de La Noche de las Cafeter\u00edas, una jornada especial con m\u00e1s de 30 locales adheridos, que este [&hellip;]<\/p>\n","protected":false},"author":1,"featured_media":15495,"comment_status":"open","ping_status":"open","sticky":false,"template":"","format":"standard","meta":{"footnotes":""},"categories":[207],"tags":[],"class_list":["post-15494","post","type-post","status-publish","format-standard","has-post-thumbnail","hentry","category-comercios"],"better_featured_image":{"id":15495,"alt_text":"","caption":"","description":"","media_type":"image","media_details":{"width":1280,"height":1600,"file":"2025\/06\/whatsapp_image_2025_06_11_at_09_55_47.jpeg","filesize":260509,"sizes":{"medium":{"file":"whatsapp_image_2025_06_11_at_09_55_47-240x300.jpeg","width":240,"height":300,"mime-type":"image\/jpeg","filesize":11736,"source_url":"https:\/\/nuevodigitaldeescobar.com.ar\/wp-content\/uploads\/2025\/06\/whatsapp_image_2025_06_11_at_09_55_47-240x300.jpeg"},"large":{"file":"whatsapp_image_2025_06_11_at_09_55_47-819x1024.jpeg","width":819,"height":1024,"mime-type":"image\/jpeg","filesize":69534,"source_url":"https:\/\/nuevodigitaldeescobar.com.ar\/wp-content\/uploads\/2025\/06\/whatsapp_image_2025_06_11_at_09_55_47-819x1024.jpeg"},"thumbnail":{"file":"whatsapp_image_2025_06_11_at_09_55_47-150x150.jpeg","width":150,"height":150,"mime-type":"image\/jpeg","filesize":5122,"source_url":"https:\/\/nuevodigitaldeescobar.com.ar\/wp-content\/uploads\/2025\/06\/whatsapp_image_2025_06_11_at_09_55_47-150x150.jpeg"},"medium_large":{"file":"whatsapp_image_2025_06_11_at_09_55_47-768x960.jpeg","width":768,"height":960,"mime-type":"image\/jpeg","filesize":62815,"source_url":"https:\/\/nuevodigitaldeescobar.com.ar\/wp-content\/uploads\/2025\/06\/whatsapp_image_2025_06_11_at_09_55_47-768x960.jpeg"},"1536x1536":{"file":"whatsapp_image_2025_06_11_at_09_55_47-1229x1536.jpeg","width":1229,"height":1536,"mime-type":"image\/jpeg","filesize":131383,"source_url":"https:\/\/nuevodigitaldeescobar.com.ar\/wp-content\/uploads\/2025\/06\/whatsapp_image_2025_06_11_at_09_55_47-1229x1536.jpeg"}},"image_meta":{"aperture":"0","credit":"","camera":"","caption":"","created_timestamp":"0","copyright":"","focal_length":"0","iso":"0","shutter_speed":"0","title":"","orientation":"0","keywords":[]}},"post":15494,"source_url":"https:\/\/nuevodigitaldeescobar.com.ar\/wp-content\/uploads\/2025\/06\/whatsapp_image_2025_06_11_at_09_55_47.jpeg"},"yoast_head":"<!-- This site is optimized with the Yoast SEO plugin v26.1.1 - https:\/\/yoast.com\/wordpress\/plugins\/seo\/ -->\n<title>Escobar celebra este viernes La Noche de las Cafeter\u00edas, con descuentos y promociones - Nuevo Digital de Escobar<\/title>\n<meta name=\"robots\" content=\"index, follow, max-snippet:-1, max-image-preview:large, max-video-preview:-1\" \/>\n<link rel=\"canonical\" href=\"https:\/\/nuevodigitaldeescobar.com.ar\/?p=15494\" \/>\n<meta property=\"og:locale\" content=\"es_ES\" \/>\n<meta property=\"og:type\" content=\"article\" \/>\n<meta property=\"og:title\" content=\"Escobar celebra este viernes La Noche de las Cafeter\u00edas, con descuentos y promociones - Nuevo Digital de Escobar\" \/>\n<meta property=\"og:description\" content=\"El partido de Escobar se prepara para disfrutar de La Noche de las Cafeter\u00edas, una jornada especial con m\u00e1s de 30 locales adheridos, que este [&hellip;]\" \/>\n<meta property=\"og:url\" content=\"https:\/\/nuevodigitaldeescobar.com.ar\/?p=15494\" \/>\n<meta property=\"og:site_name\" content=\"Nuevo Digital de Escobar\" \/>\n<meta property=\"article:publisher\" content=\"https:\/\/www.facebook.com\/NUEVODigitalDeEscobar\" \/>\n<meta property=\"article:published_time\" content=\"2025-06-11T14:11:03+00:00\" \/>\n<meta property=\"article:modified_time\" content=\"2025-06-11T14:11:34+00:00\" \/>\n<meta property=\"og:image\" content=\"https:\/\/nuevodigitaldeescobar.com.ar\/wp-content\/uploads\/2025\/06\/whatsapp_image_2025_06_11_at_09_55_47.jpeg\" \/>\n\t<meta property=\"og:image:width\" content=\"1280\" \/>\n\t<meta property=\"og:image:height\" content=\"1600\" \/>\n\t<meta property=\"og:image:type\" content=\"image\/jpeg\" \/>\n<meta name=\"author\" content=\"Redacci\u00f3n\" \/>\n<meta name=\"twitter:card\" content=\"summary_large_image\" \/>\n<meta name=\"twitter:creator\" content=\"@nuevodigescobar\" \/>\n<meta name=\"twitter:site\" content=\"@nuevodigescobar\" \/>\n<meta name=\"twitter:label1\" content=\"Escrito por\" \/>\n\t<meta name=\"twitter:data1\" content=\"Redacci\u00f3n\" \/>\n\t<meta name=\"twitter:label2\" content=\"Tiempo de lectura\" \/>\n\t<meta name=\"twitter:data2\" content=\"1 minuto\" \/>\n<script type=\"application\/ld+json\" class=\"yoast-schema-graph\">{\"@context\":\"https:\/\/schema.org\",\"@graph\":[{\"@type\":\"Article\",\"@id\":\"https:\/\/nuevodigitaldeescobar.com.ar\/?p=15494#article\",\"isPartOf\":{\"@id\":\"https:\/\/nuevodigitaldeescobar.com.ar\/?p=15494\"},\"author\":{\"name\":\"Redacci\u00f3n\",\"@id\":\"https:\/\/nuevodigitaldeescobar.com.ar\/#\/schema\/person\/035e90a8efe9a80e6eec22656ad6ea4c\"},\"headline\":\"Escobar celebra este viernes La Noche de las Cafeter\u00edas, con descuentos y promociones\",\"datePublished\":\"2025-06-11T14:11:03+00:00\",\"dateModified\":\"2025-06-11T14:11:34+00:00\",\"mainEntityOfPage\":{\"@id\":\"https:\/\/nuevodigitaldeescobar.com.ar\/?p=15494\"},\"wordCount\":178,\"commentCount\":0,\"publisher\":{\"@id\":\"https:\/\/nuevodigitaldeescobar.com.ar\/#organization\"},\"image\":{\"@id\":\"https:\/\/nuevodigitaldeescobar.com.ar\/?p=15494#primaryimage\"},\"thumbnailUrl\":\"https:\/\/nuevodigitaldeescobar.com.ar\/wp-content\/uploads\/2025\/06\/whatsapp_image_2025_06_11_at_09_55_47.jpeg\",\"articleSection\":[\"Comercios\"],\"inLanguage\":\"es\",\"potentialAction\":[{\"@type\":\"CommentAction\",\"name\":\"Comment\",\"target\":[\"https:\/\/nuevodigitaldeescobar.com.ar\/?p=15494#respond\"]}]},{\"@type\":\"WebPage\",\"@id\":\"https:\/\/nuevodigitaldeescobar.com.ar\/?p=15494\",\"url\":\"https:\/\/nuevodigitaldeescobar.com.ar\/?p=15494\",\"name\":\"Escobar celebra este viernes La Noche de las Cafeter\u00edas, con descuentos y promociones - Nuevo Digital de Escobar\",\"isPartOf\":{\"@id\":\"https:\/\/nuevodigitaldeescobar.com.ar\/#website\"},\"primaryImageOfPage\":{\"@id\":\"https:\/\/nuevodigitaldeescobar.com.ar\/?p=15494#primaryimage\"},\"image\":{\"@id\":\"https:\/\/nuevodigitaldeescobar.com.ar\/?p=15494#primaryimage\"},\"thumbnailUrl\":\"https:\/\/nuevodigitaldeescobar.com.ar\/wp-content\/uploads\/2025\/06\/whatsapp_image_2025_06_11_at_09_55_47.jpeg\",\"datePublished\":\"2025-06-11T14:11:03+00:00\",\"dateModified\":\"2025-06-11T14:11:34+00:00\",\"breadcrumb\":{\"@id\":\"https:\/\/nuevodigitaldeescobar.com.ar\/?p=15494#breadcrumb\"},\"inLanguage\":\"es\",\"potentialAction\":[{\"@type\":\"ReadAction\",\"target\":[\"https:\/\/nuevodigitaldeescobar.com.ar\/?p=15494\"]}]},{\"@type\":\"ImageObject\",\"inLanguage\":\"es\",\"@id\":\"https:\/\/nuevodigitaldeescobar.com.ar\/?p=15494#primaryimage\",\"url\":\"https:\/\/nuevodigitaldeescobar.com.ar\/wp-content\/uploads\/2025\/06\/whatsapp_image_2025_06_11_at_09_55_47.jpeg\",\"contentUrl\":\"https:\/\/nuevodigitaldeescobar.com.ar\/wp-content\/uploads\/2025\/06\/whatsapp_image_2025_06_11_at_09_55_47.jpeg\",\"width\":1280,\"height\":1600},{\"@type\":\"BreadcrumbList\",\"@id\":\"https:\/\/nuevodigitaldeescobar.com.ar\/?p=15494#breadcrumb\",\"itemListElement\":[{\"@type\":\"ListItem\",\"position\":1,\"name\":\"Portada\",\"item\":\"https:\/\/nuevodigitaldeescobar.com.ar\/\"},{\"@type\":\"ListItem\",\"position\":2,\"name\":\"Escobar celebra este viernes La Noche de las Cafeter\u00edas, con descuentos y promociones\"}]},{\"@type\":\"WebSite\",\"@id\":\"https:\/\/nuevodigitaldeescobar.com.ar\/#website\",\"url\":\"https:\/\/nuevodigitaldeescobar.com.ar\/\",\"name\":\"Nuevo Digital de Escobar\",\"description\":\"La vida escobarense. Directora: Rosana Brunner\",\"publisher\":{\"@id\":\"https:\/\/nuevodigitaldeescobar.com.ar\/#organization\"},\"potentialAction\":[{\"@type\":\"SearchAction\",\"target\":{\"@type\":\"EntryPoint\",\"urlTemplate\":\"https:\/\/nuevodigitaldeescobar.com.ar\/?s={search_term_string}\"},\"query-input\":{\"@type\":\"PropertyValueSpecification\",\"valueRequired\":true,\"valueName\":\"search_term_string\"}}],\"inLanguage\":\"es\"},{\"@type\":\"Organization\",\"@id\":\"https:\/\/nuevodigitaldeescobar.com.ar\/#organization\",\"name\":\"Nuevo Digital de Escobar\",\"url\":\"https:\/\/nuevodigitaldeescobar.com.ar\/\",\"logo\":{\"@type\":\"ImageObject\",\"inLanguage\":\"es\",\"@id\":\"https:\/\/nuevodigitaldeescobar.com.ar\/#\/schema\/logo\/image\/\",\"url\":\"https:\/\/nuevodigitaldeescobar.com.ar\/wp-content\/uploads\/2025\/05\/cropped-logo-nuevo2.jpg\",\"contentUrl\":\"https:\/\/nuevodigitaldeescobar.com.ar\/wp-content\/uploads\/2025\/05\/cropped-logo-nuevo2.jpg\",\"width\":305,\"height\":305,\"caption\":\"Nuevo Digital de Escobar\"},\"image\":{\"@id\":\"https:\/\/nuevodigitaldeescobar.com.ar\/#\/schema\/logo\/image\/\"},\"sameAs\":[\"https:\/\/www.facebook.com\/NUEVODigitalDeEscobar\",\"https:\/\/x.com\/nuevodigescobar\",\"https:\/\/www.instagram.com\/nuevodigitaldeescobar\"]},{\"@type\":\"Person\",\"@id\":\"https:\/\/nuevodigitaldeescobar.com.ar\/#\/schema\/person\/035e90a8efe9a80e6eec22656ad6ea4c\",\"name\":\"Redacci\u00f3n\",\"image\":{\"@type\":\"ImageObject\",\"inLanguage\":\"es\",\"@id\":\"https:\/\/nuevodigitaldeescobar.com.ar\/#\/schema\/person\/image\/\",\"url\":\"https:\/\/secure.gravatar.com\/avatar\/8af8f40000c24e9eef3034f2be5998a372bb1389e64b1a4a36b3a7979142220d?s=96&d=mm&r=g\",\"contentUrl\":\"https:\/\/secure.gravatar.com\/avatar\/8af8f40000c24e9eef3034f2be5998a372bb1389e64b1a4a36b3a7979142220d?s=96&d=mm&r=g\",\"caption\":\"Redacci\u00f3n\"},\"sameAs\":[\"http:\/\/nuevodigitaldeescobar.com.ar\"],\"url\":\"https:\/\/nuevodigitaldeescobar.com.ar\/?author=1\"}]}<\/script>\n<!-- \/ Yoast SEO plugin. -->","yoast_head_json":{"title":"Escobar celebra este viernes La Noche de las Cafeter\u00edas, con descuentos y promociones - Nuevo Digital de Escobar","robots":{"index":"index","follow":"follow","max-snippet":"max-snippet:-1","max-image-preview":"max-image-preview:large","max-video-preview":"max-video-preview:-1"},"canonical":"https:\/\/nuevodigitaldeescobar.com.ar\/?p=15494","og_locale":"es_ES","og_type":"article","og_title":"Escobar celebra este viernes La Noche de las Cafeter\u00edas, con descuentos y promociones - Nuevo Digital de Escobar","og_description":"El partido de Escobar se prepara para disfrutar de La Noche de las Cafeter\u00edas, una jornada especial con m\u00e1s de 30 locales adheridos, que este [&hellip;]","og_url":"https:\/\/nuevodigitaldeescobar.com.ar\/?p=15494","og_site_name":"Nuevo Digital de Escobar","article_publisher":"https:\/\/www.facebook.com\/NUEVODigitalDeEscobar","article_published_time":"2025-06-11T14:11:03+00:00","article_modified_time":"2025-06-11T14:11:34+00:00","og_image":[{"width":1280,"height":1600,"url":"https:\/\/nuevodigitaldeescobar.com.ar\/wp-content\/uploads\/2025\/06\/whatsapp_image_2025_06_11_at_09_55_47.jpeg","type":"image\/jpeg"}],"author":"Redacci\u00f3n","twitter_card":"summary_large_image","twitter_creator":"@nuevodigescobar","twitter_site":"@nuevodigescobar","twitter_misc":{"Escrito por":"Redacci\u00f3n","Tiempo de lectura":"1 minuto"},"schema":{"@context":"https:\/\/schema.org","@graph":[{"@type":"Article","@id":"https:\/\/nuevodigitaldeescobar.com.ar\/?p=15494#article","isPartOf":{"@id":"https:\/\/nuevodigitaldeescobar.com.ar\/?p=15494"},"author":{"name":"Redacci\u00f3n","@id":"https:\/\/nuevodigitaldeescobar.com.ar\/#\/schema\/person\/035e90a8efe9a80e6eec22656ad6ea4c"},"headline":"Escobar celebra este viernes La Noche de las Cafeter\u00edas, con descuentos y promociones","datePublished":"2025-06-11T14:11:03+00:00","dateModified":"2025-06-11T14:11:34+00:00","mainEntityOfPage":{"@id":"https:\/\/nuevodigitaldeescobar.com.ar\/?p=15494"},"wordCount":178,"commentCount":0,"publisher":{"@id":"https:\/\/nuevodigitaldeescobar.com.ar\/#organization"},"image":{"@id":"https:\/\/nuevodigitaldeescobar.com.ar\/?p=15494#primaryimage"},"thumbnailUrl":"https:\/\/nuevodigitaldeescobar.com.ar\/wp-content\/uploads\/2025\/06\/whatsapp_image_2025_06_11_at_09_55_47.jpeg","articleSection":["Comercios"],"inLanguage":"es","potentialAction":[{"@type":"CommentAction","name":"Comment","target":["https:\/\/nuevodigitaldeescobar.com.ar\/?p=15494#respond"]}]},{"@type":"WebPage","@id":"https:\/\/nuevodigitaldeescobar.com.ar\/?p=15494","url":"https:\/\/nuevodigitaldeescobar.com.ar\/?p=15494","name":"Escobar celebra este viernes La Noche de las Cafeter\u00edas, con descuentos y promociones - Nuevo Digital de Escobar","isPartOf":{"@id":"https:\/\/nuevodigitaldeescobar.com.ar\/#website"},"primaryImageOfPage":{"@id":"https:\/\/nuevodigitaldeescobar.com.ar\/?p=15494#primaryimage"},"image":{"@id":"https:\/\/nuevodigitaldeescobar.com.ar\/?p=15494#primaryimage"},"thumbnailUrl":"https:\/\/nuevodigitaldeescobar.com.ar\/wp-content\/uploads\/2025\/06\/whatsapp_image_2025_06_11_at_09_55_47.jpeg","datePublished":"2025-06-11T14:11:03+00:00","dateModified":"2025-06-11T14:11:34+00:00","breadcrumb":{"@id":"https:\/\/nuevodigitaldeescobar.com.ar\/?p=15494#breadcrumb"},"inLanguage":"es","potentialAction":[{"@type":"ReadAction","target":["https:\/\/nuevodigitaldeescobar.com.ar\/?p=15494"]}]},{"@type":"ImageObject","inLanguage":"es","@id":"https:\/\/nuevodigitaldeescobar.com.ar\/?p=15494#primaryimage","url":"https:\/\/nuevodigitaldeescobar.com.ar\/wp-content\/uploads\/2025\/06\/whatsapp_image_2025_06_11_at_09_55_47.jpeg","contentUrl":"https:\/\/nuevodigitaldeescobar.com.ar\/wp-content\/uploads\/2025\/06\/whatsapp_image_2025_06_11_at_09_55_47.jpeg","width":1280,"height":1600},{"@type":"BreadcrumbList","@id":"https:\/\/nuevodigitaldeescobar.com.ar\/?p=15494#breadcrumb","itemListElement":[{"@type":"ListItem","position":1,"name":"Portada","item":"https:\/\/nuevodigitaldeescobar.com.ar\/"},{"@type":"ListItem","position":2,"name":"Escobar celebra este viernes La Noche de las Cafeter\u00edas, con descuentos y promociones"}]},{"@type":"WebSite","@id":"https:\/\/nuevodigitaldeescobar.com.ar\/#website","url":"https:\/\/nuevodigitaldeescobar.com.ar\/","name":"Nuevo Digital de Escobar","description":"La vida escobarense. Directora: Rosana Brunner","publisher":{"@id":"https:\/\/nuevodigitaldeescobar.com.ar\/#organization"},"potentialAction":[{"@type":"SearchAction","target":{"@type":"EntryPoint","urlTemplate":"https:\/\/nuevodigitaldeescobar.com.ar\/?s={search_term_string}"},"query-input":{"@type":"PropertyValueSpecification","valueRequired":true,"valueName":"search_term_string"}}],"inLanguage":"es"},{"@type":"Organization","@id":"https:\/\/nuevodigitaldeescobar.com.ar\/#organization","name":"Nuevo Digital de Escobar","url":"https:\/\/nuevodigitaldeescobar.com.ar\/","logo":{"@type":"ImageObject","inLanguage":"es","@id":"https:\/\/nuevodigitaldeescobar.com.ar\/#\/schema\/logo\/image\/","url":"https:\/\/nuevodigitaldeescobar.com.ar\/wp-content\/uploads\/2025\/05\/cropped-logo-nuevo2.jpg","contentUrl":"https:\/\/nuevodigitaldeescobar.com.ar\/wp-content\/uploads\/2025\/05\/cropped-logo-nuevo2.jpg","width":305,"height":305,"caption":"Nuevo Digital de Escobar"},"image":{"@id":"https:\/\/nuevodigitaldeescobar.com.ar\/#\/schema\/logo\/image\/"},"sameAs":["https:\/\/www.facebook.com\/NUEVODigitalDeEscobar","https:\/\/x.com\/nuevodigescobar","https:\/\/www.instagram.com\/nuevodigitaldeescobar"]},{"@type":"Person","@id":"https:\/\/nuevodigitaldeescobar.com.ar\/#\/schema\/person\/035e90a8efe9a80e6eec22656ad6ea4c","name":"Redacci\u00f3n","image":{"@type":"ImageObject","inLanguage":"es","@id":"https:\/\/nuevodigitaldeescobar.com.ar\/#\/schema\/person\/image\/","url":"https:\/\/secure.gravatar.com\/avatar\/8af8f40000c24e9eef3034f2be5998a372bb1389e64b1a4a36b3a7979142220d?s=96&d=mm&r=g","contentUrl":"https:\/\/secure.gravatar.com\/avatar\/8af8f40000c24e9eef3034f2be5998a372bb1389e64b1a4a36b3a7979142220d?s=96&d=mm&r=g","caption":"Redacci\u00f3n"},"sameAs":["http:\/\/nuevodigitaldeescobar.com.ar"],"url":"https:\/\/nuevodigitaldeescobar.com.ar\/?author=1"}]}},"featured_image_urls":{"full":["https:\/\/nuevodigitaldeescobar.com.ar\/wp-content\/uploads\/2025\/06\/whatsapp_image_2025_06_11_at_09_55_47.jpeg",1280,1600,false],"thumbnail":["https:\/\/nuevodigitaldeescobar.com.ar\/wp-content\/uploads\/2025\/06\/whatsapp_image_2025_06_11_at_09_55_47-150x150.jpeg",150,150,true],"medium":["https:\/\/nuevodigitaldeescobar.com.ar\/wp-content\/uploads\/2025\/06\/whatsapp_image_2025_06_11_at_09_55_47-240x300.jpeg",240,300,true],"medium_large":["https:\/\/nuevodigitaldeescobar.com.ar\/wp-content\/uploads\/2025\/06\/whatsapp_image_2025_06_11_at_09_55_47-768x960.jpeg",640,800,true],"large":["https:\/\/nuevodigitaldeescobar.com.ar\/wp-content\/uploads\/2025\/06\/whatsapp_image_2025_06_11_at_09_55_47-819x1024.jpeg",640,800,true],"1536x1536":["https:\/\/nuevodigitaldeescobar.com.ar\/wp-content\/uploads\/2025\/06\/whatsapp_image_2025_06_11_at_09_55_47-1229x1536.jpeg",1229,1536,true],"2048x2048":["https:\/\/nuevodigitaldeescobar.com.ar\/wp-content\/uploads\/2025\/06\/whatsapp_image_2025_06_11_at_09_55_47.jpeg",1280,1600,false]},"author_info":{"display_name":"Redacci\u00f3n","author_link":"https:\/\/nuevodigitaldeescobar.com.ar\/?author=1"},"category_info":"<a href=\"https:\/\/nuevodigitaldeescobar.com.ar\/?cat=207\" rel=\"category\">Comercios<\/a>","tag_info":"Comercios","comment_count":"0","_links":{"self":[{"href":"https:\/\/nuevodigitaldeescobar.com.ar\/index.php?rest_route=\/wp\/v2\/posts\/15494","targetHints":{"allow":["GET"]}}],"collection":[{"href":"https:\/\/nuevodigitaldeescobar.com.ar\/index.php?rest_route=\/wp\/v2\/posts"}],"about":[{"href":"https:\/\/nuevodigitaldeescobar.com.ar\/index.php?rest_route=\/wp\/v2\/types\/post"}],"author":[{"embeddable":true,"href":"https:\/\/nuevodigitaldeescobar.com.ar\/index.php?rest_route=\/wp\/v2\/users\/1"}],"replies":[{"embeddable":true,"href":"https:\/\/nuevodigitaldeescobar.com.ar\/index.php?rest_route=%2Fwp%2Fv2%2Fcomments&post=15494"}],"version-history":[{"count":1,"href":"https:\/\/nuevodigitaldeescobar.com.ar\/index.php?rest_route=\/wp\/v2\/posts\/15494\/revisions"}],"predecessor-version":[{"id":15497,"href":"https:\/\/nuevodigitaldeescobar.com.ar\/index.php?rest_route=\/wp\/v2\/posts\/15494\/revisions\/15497"}],"wp:featuredmedia":[{"embeddable":true,"href":"https:\/\/nuevodigitaldeescobar.com.ar\/index.php?rest_route=\/wp\/v2\/media\/15495"}],"wp:attachment":[{"href":"https:\/\/nuevodigitaldeescobar.com.ar\/index.php?rest_route=%2Fwp%2Fv2%2Fmedia&parent=15494"}],"wp:term":[{"taxonomy":"category","embeddable":true,"href":"https:\/\/nuevodigitaldeescobar.com.ar\/index.php?rest_route=%2Fwp%2Fv2%2Fcategories&post=15494"},{"taxonomy":"post_tag","embeddable":true,"href":"https:\/\/nuevodigitaldeescobar.com.ar\/index.php?rest_route=%2Fwp%2Fv2%2Ftags&post=15494"}],"curies":[{"name":"wp","href":"https:\/\/api.w.org\/{rel}","templated":true}]}}