{"id":15525,"date":"2025-06-12T01:52:49","date_gmt":"2025-06-12T04:52:49","guid":{"rendered":"https:\/\/nuevodigitaldeescobar.com.ar\/?p=15525"},"modified":"2025-06-12T01:52:53","modified_gmt":"2025-06-12T04:52:53","slug":"senadores-argentinos-entre-la-austeridad-y-el-silencio-complice","status":"publish","type":"post","link":"https:\/\/nuevodigitaldeescobar.com.ar\/?p=15525","title":{"rendered":"Senadores argentinos: entre la austeridad y el silencio c\u00f3mplice"},"content":{"rendered":"\n<p class=\"has-vivid-cyan-blue-color has-text-color has-link-color wp-elements-97b04e7ce4380f30808e25925979daa7\"><strong><em>Mientras gran parte de la sociedad sigue haciendo malabares para llegar a fin de mes, en el Senado de la Naci\u00f3n se confirm\u00f3 un nuevo aumento en las dietas de los legisladores, que ya ascienden a m\u00e1s de 9,5 millones de pesos brutos mensuales. Sin embargo, apenas una docena de senadores decidieron formalmente renunciar a ese incremento, en medio de un clima de indignaci\u00f3n generalizada y fuertes tensiones internas dentro del Congreso.<\/em><\/strong><\/p>\n\n\n\n<!--more-->\n\n\n\n<p>La medida se oficializ\u00f3 tras la firma del <strong>Decreto 344\/25<\/strong> por parte de la vicepresidenta <strong>Victoria Villarruel<\/strong>, quien habilit\u00f3 que cada senador pueda decidir, por escrito, si desea rechazar el aumento salarial derivado del acuerdo paritario con los trabajadores del Congreso. Con esta jugada, Villarruel intent\u00f3 deslindarse de las cr\u00edticas que llegaron desde la propia Casa Rosada, pero tambi\u00e9n de la presi\u00f3n social.<\/p>\n\n\n\n<h3 class=\"wp-block-heading has-text-color has-link-color wp-elements-aa4064168ef8d28716d82a5dea9427c5\" style=\"color:#0f24ca\"><em>Los que dijeron \u00abno\u00bb al aumento<\/em><\/h3>\n\n\n\n<p>Desde el bloque <strong>La Libertad Avanza<\/strong>, que responde directamente al presidente Javier Milei, se difundi\u00f3 un comunicado con tono patri\u00f3tico:<\/p>\n\n\n\n<blockquote class=\"wp-block-quote is-layout-flow wp-block-quote-is-layout-flow\">\n<p><em>\u201cNos votaron para devolver a la Argentina al sendero de la grandeza. Los primeros que tenemos que poner el hombro somos nosotros\u201d<\/em>.<\/p>\n<\/blockquote>\n\n\n\n<p>En la misma l\u00ednea, <strong>algunos radicales<\/strong> tambi\u00e9n presentaron su renuncia al incremento. Entre ellos, los senadores <strong>Rodolfo Su\u00e1rez<\/strong> y <strong>Mariana Juri<\/strong> (ambos de Mendoza), <strong>Carolina Losada<\/strong> (Santa Fe), <strong>Mart\u00edn Lousteau<\/strong> (CABA), <strong>Eduardo Vischi<\/strong> y <strong>Gabriela Valenzuela<\/strong> (Corrientes). Todos enviaron notas formales a la presidencia de la C\u00e1mara Alta rechazando el ajuste, que representa un <strong>120% de aumento acumulado<\/strong> desde abril del a\u00f1o pasado.<\/p>\n\n\n\n<blockquote class=\"wp-block-quote is-layout-flow wp-block-quote-is-layout-flow\">\n<p><em>\u201cEn tiempos de cambios que requieren esfuerzos colectivos, los dirigentes debemos dar el ejemplo\u201d<\/em>, dijo Vischi.<\/p>\n<\/blockquote>\n\n\n\n<p>Adem\u00e1s, se espera que <strong>Carlos \u00abCamau\u00bb Esp\u00ednola<\/strong> (Corrientes) anuncie su rechazo mediante un comunicado oficial en las pr\u00f3ximas horas.<\/p>\n\n\n\n<h3 class=\"wp-block-heading has-text-color has-link-color wp-elements-fb23faeb2b60517f54140ef625b2cc19\" style=\"color:#0f24ca\"><em>Los que eligieron el silencio<\/em><\/h3>\n\n\n\n<p>Pese al esc\u00e1ndalo que se repite con cada ajuste en el Senado, <strong>la mayor\u00eda de los legisladores opt\u00f3 por el silencio<\/strong>. No rechazaron el aumento, ni salieron a justificarlo. Simplemente lo dejaron pasar. Sin votaci\u00f3n a mano alzada, sin lista p\u00fablica, sin asumir el costo pol\u00edtico.<\/p>\n\n\n\n<p>Este comportamiento se repite desde abril del a\u00f1o pasado, cuando en apenas <strong>seis segundos y sin debate<\/strong>, los senadores votaron el primer gran aumento, despertando la furia del presidente Milei, quien los acus\u00f3 de ser parte de <strong>\u201cla casta\u201d<\/strong>.<\/p>\n\n\n\n<p>Aunque en aquel entonces algunos libertarios tambi\u00e9n votaron afirmativamente \u2014o al menos, no se opusieron\u2014, ahora buscan mostrar un nuevo gesto de austeridad en sinton\u00eda con el discurso presidencial.<\/p>\n\n\n\n<h3 class=\"wp-block-heading has-text-color has-link-color wp-elements-3cfb2ddfc3833a2b1d8af11c8cbc8438\" style=\"color:#0f24ca\"><em>Villarruel, entre la presi\u00f3n y el desgaste<\/em><\/h3>\n\n\n\n<p>La estrategia de Villarruel de deslindar responsabilidades mediante el decreto no logr\u00f3 acallar las cr\u00edticas. Si bien el art\u00edculo 3 del decreto permite la renuncia parcial o total al incremento, <strong>el aumento se hizo efectivo por defecto<\/strong>. En otras palabras, quien no rechaza expl\u00edcitamente el ajuste, lo recibe.<\/p>\n\n\n\n<p>La medida tambi\u00e9n puso en evidencia las <strong>diferencias con Diputados<\/strong>, donde el presidente de la C\u00e1mara, <strong>Mart\u00edn Menem<\/strong>, opt\u00f3 por congelar los sueldos. En el Senado, en cambio, <strong>la mayor\u00eda dej\u00f3 correr el aumento sin resistencia<\/strong>, lo que volvi\u00f3 a exponer el creciente desgaste pol\u00edtico de Villarruel.<\/p>\n","protected":false},"excerpt":{"rendered":"<p>Mientras gran parte de la sociedad sigue haciendo malabares para llegar a fin de mes, en el Senado de la Naci\u00f3n se confirm\u00f3 un nuevo [&hellip;]<\/p>\n","protected":false},"author":1,"featured_media":15526,"comment_status":"open","ping_status":"open","sticky":false,"template":"","format":"standard","meta":{"footnotes":""},"categories":[3],"tags":[],"class_list":["post-15525","post","type-post","status-publish","format-standard","has-post-thumbnail","hentry","category-nutricion"],"better_featured_image":{"id":15526,"alt_text":"","caption":"","description":"","media_type":"image","media_details":{"width":664,"height":381,"file":"2025\/06\/senadores29.png","filesize":117295,"sizes":{"medium":{"file":"senadores29-300x172.png","width":300,"height":172,"mime-type":"image\/png","filesize":19246,"source_url":"https:\/\/nuevodigitaldeescobar.com.ar\/wp-content\/uploads\/2025\/06\/senadores29-300x172.png"},"thumbnail":{"file":"senadores29-150x150.png","width":150,"height":150,"mime-type":"image\/png","filesize":10041,"source_url":"https:\/\/nuevodigitaldeescobar.com.ar\/wp-content\/uploads\/2025\/06\/senadores29-150x150.png"}},"image_meta":{"aperture":"0","credit":"","camera":"","caption":"","created_timestamp":"0","copyright":"","focal_length":"0","iso":"0","shutter_speed":"0","title":"","orientation":"0","keywords":[]}},"post":15525,"source_url":"https:\/\/nuevodigitaldeescobar.com.ar\/wp-content\/uploads\/2025\/06\/senadores29.png"},"yoast_head":"<!-- This site is optimized with the Yoast SEO plugin v26.1.1 - https:\/\/yoast.com\/wordpress\/plugins\/seo\/ -->\n<title>Senadores argentinos: entre la austeridad y el silencio c\u00f3mplice - Nuevo Digital de Escobar<\/title>\n<meta name=\"robots\" content=\"index, follow, max-snippet:-1, max-image-preview:large, max-video-preview:-1\" \/>\n<link rel=\"canonical\" href=\"https:\/\/nuevodigitaldeescobar.com.ar\/?p=15525\" \/>\n<meta property=\"og:locale\" content=\"es_ES\" \/>\n<meta property=\"og:type\" content=\"article\" \/>\n<meta property=\"og:title\" content=\"Senadores argentinos: entre la austeridad y el silencio c\u00f3mplice - Nuevo Digital de Escobar\" \/>\n<meta property=\"og:description\" content=\"Mientras gran parte de la sociedad sigue haciendo malabares para llegar a fin de mes, en el Senado de la Naci\u00f3n se confirm\u00f3 un nuevo [&hellip;]\" \/>\n<meta property=\"og:url\" content=\"https:\/\/nuevodigitaldeescobar.com.ar\/?p=15525\" \/>\n<meta property=\"og:site_name\" content=\"Nuevo Digital de Escobar\" \/>\n<meta property=\"article:publisher\" content=\"https:\/\/www.facebook.com\/NUEVODigitalDeEscobar\" \/>\n<meta property=\"article:published_time\" content=\"2025-06-12T04:52:49+00:00\" \/>\n<meta property=\"article:modified_time\" content=\"2025-06-12T04:52:53+00:00\" \/>\n<meta property=\"og:image\" content=\"https:\/\/nuevodigitaldeescobar.com.ar\/wp-content\/uploads\/2025\/06\/senadores29.png\" \/>\n\t<meta property=\"og:image:width\" content=\"664\" \/>\n\t<meta property=\"og:image:height\" content=\"381\" \/>\n\t<meta property=\"og:image:type\" content=\"image\/png\" \/>\n<meta name=\"author\" content=\"Redacci\u00f3n\" \/>\n<meta name=\"twitter:card\" content=\"summary_large_image\" \/>\n<meta name=\"twitter:creator\" content=\"@nuevodigescobar\" \/>\n<meta name=\"twitter:site\" content=\"@nuevodigescobar\" \/>\n<meta name=\"twitter:label1\" content=\"Escrito por\" \/>\n\t<meta name=\"twitter:data1\" content=\"Redacci\u00f3n\" \/>\n\t<meta name=\"twitter:label2\" content=\"Tiempo de lectura\" \/>\n\t<meta name=\"twitter:data2\" content=\"3 minutos\" \/>\n<script type=\"application\/ld+json\" class=\"yoast-schema-graph\">{\"@context\":\"https:\/\/schema.org\",\"@graph\":[{\"@type\":\"Article\",\"@id\":\"https:\/\/nuevodigitaldeescobar.com.ar\/?p=15525#article\",\"isPartOf\":{\"@id\":\"https:\/\/nuevodigitaldeescobar.com.ar\/?p=15525\"},\"author\":{\"name\":\"Redacci\u00f3n\",\"@id\":\"https:\/\/nuevodigitaldeescobar.com.ar\/#\/schema\/person\/035e90a8efe9a80e6eec22656ad6ea4c\"},\"headline\":\"Senadores argentinos: entre la austeridad y el silencio c\u00f3mplice\",\"datePublished\":\"2025-06-12T04:52:49+00:00\",\"dateModified\":\"2025-06-12T04:52:53+00:00\",\"mainEntityOfPage\":{\"@id\":\"https:\/\/nuevodigitaldeescobar.com.ar\/?p=15525\"},\"wordCount\":541,\"commentCount\":0,\"publisher\":{\"@id\":\"https:\/\/nuevodigitaldeescobar.com.ar\/#organization\"},\"image\":{\"@id\":\"https:\/\/nuevodigitaldeescobar.com.ar\/?p=15525#primaryimage\"},\"thumbnailUrl\":\"https:\/\/nuevodigitaldeescobar.com.ar\/wp-content\/uploads\/2025\/06\/senadores29.png\",\"articleSection\":[\"Salud y Nutrici\u00f3n\"],\"inLanguage\":\"es\",\"potentialAction\":[{\"@type\":\"CommentAction\",\"name\":\"Comment\",\"target\":[\"https:\/\/nuevodigitaldeescobar.com.ar\/?p=15525#respond\"]}]},{\"@type\":\"WebPage\",\"@id\":\"https:\/\/nuevodigitaldeescobar.com.ar\/?p=15525\",\"url\":\"https:\/\/nuevodigitaldeescobar.com.ar\/?p=15525\",\"name\":\"Senadores argentinos: entre la austeridad y el silencio c\u00f3mplice - Nuevo Digital de Escobar\",\"isPartOf\":{\"@id\":\"https:\/\/nuevodigitaldeescobar.com.ar\/#website\"},\"primaryImageOfPage\":{\"@id\":\"https:\/\/nuevodigitaldeescobar.com.ar\/?p=15525#primaryimage\"},\"image\":{\"@id\":\"https:\/\/nuevodigitaldeescobar.com.ar\/?p=15525#primaryimage\"},\"thumbnailUrl\":\"https:\/\/nuevodigitaldeescobar.com.ar\/wp-content\/uploads\/2025\/06\/senadores29.png\",\"datePublished\":\"2025-06-12T04:52:49+00:00\",\"dateModified\":\"2025-06-12T04:52:53+00:00\",\"breadcrumb\":{\"@id\":\"https:\/\/nuevodigitaldeescobar.com.ar\/?p=15525#breadcrumb\"},\"inLanguage\":\"es\",\"potentialAction\":[{\"@type\":\"ReadAction\",\"target\":[\"https:\/\/nuevodigitaldeescobar.com.ar\/?p=15525\"]}]},{\"@type\":\"ImageObject\",\"inLanguage\":\"es\",\"@id\":\"https:\/\/nuevodigitaldeescobar.com.ar\/?p=15525#primaryimage\",\"url\":\"https:\/\/nuevodigitaldeescobar.com.ar\/wp-content\/uploads\/2025\/06\/senadores29.png\",\"contentUrl\":\"https:\/\/nuevodigitaldeescobar.com.ar\/wp-content\/uploads\/2025\/06\/senadores29.png\",\"width\":664,\"height\":381},{\"@type\":\"BreadcrumbList\",\"@id\":\"https:\/\/nuevodigitaldeescobar.com.ar\/?p=15525#breadcrumb\",\"itemListElement\":[{\"@type\":\"ListItem\",\"position\":1,\"name\":\"Portada\",\"item\":\"https:\/\/nuevodigitaldeescobar.com.ar\/\"},{\"@type\":\"ListItem\",\"position\":2,\"name\":\"Senadores argentinos: entre la austeridad y el silencio c\u00f3mplice\"}]},{\"@type\":\"WebSite\",\"@id\":\"https:\/\/nuevodigitaldeescobar.com.ar\/#website\",\"url\":\"https:\/\/nuevodigitaldeescobar.com.ar\/\",\"name\":\"Nuevo Digital de Escobar\",\"description\":\"La vida escobarense. Directora: Rosana Brunner\",\"publisher\":{\"@id\":\"https:\/\/nuevodigitaldeescobar.com.ar\/#organization\"},\"potentialAction\":[{\"@type\":\"SearchAction\",\"target\":{\"@type\":\"EntryPoint\",\"urlTemplate\":\"https:\/\/nuevodigitaldeescobar.com.ar\/?s={search_term_string}\"},\"query-input\":{\"@type\":\"PropertyValueSpecification\",\"valueRequired\":true,\"valueName\":\"search_term_string\"}}],\"inLanguage\":\"es\"},{\"@type\":\"Organization\",\"@id\":\"https:\/\/nuevodigitaldeescobar.com.ar\/#organization\",\"name\":\"Nuevo Digital de Escobar\",\"url\":\"https:\/\/nuevodigitaldeescobar.com.ar\/\",\"logo\":{\"@type\":\"ImageObject\",\"inLanguage\":\"es\",\"@id\":\"https:\/\/nuevodigitaldeescobar.com.ar\/#\/schema\/logo\/image\/\",\"url\":\"https:\/\/nuevodigitaldeescobar.com.ar\/wp-content\/uploads\/2025\/05\/cropped-logo-nuevo2.jpg\",\"contentUrl\":\"https:\/\/nuevodigitaldeescobar.com.ar\/wp-content\/uploads\/2025\/05\/cropped-logo-nuevo2.jpg\",\"width\":305,\"height\":305,\"caption\":\"Nuevo Digital de Escobar\"},\"image\":{\"@id\":\"https:\/\/nuevodigitaldeescobar.com.ar\/#\/schema\/logo\/image\/\"},\"sameAs\":[\"https:\/\/www.facebook.com\/NUEVODigitalDeEscobar\",\"https:\/\/x.com\/nuevodigescobar\",\"https:\/\/www.instagram.com\/nuevodigitaldeescobar\"]},{\"@type\":\"Person\",\"@id\":\"https:\/\/nuevodigitaldeescobar.com.ar\/#\/schema\/person\/035e90a8efe9a80e6eec22656ad6ea4c\",\"name\":\"Redacci\u00f3n\",\"image\":{\"@type\":\"ImageObject\",\"inLanguage\":\"es\",\"@id\":\"https:\/\/nuevodigitaldeescobar.com.ar\/#\/schema\/person\/image\/\",\"url\":\"https:\/\/secure.gravatar.com\/avatar\/8af8f40000c24e9eef3034f2be5998a372bb1389e64b1a4a36b3a7979142220d?s=96&d=mm&r=g\",\"contentUrl\":\"https:\/\/secure.gravatar.com\/avatar\/8af8f40000c24e9eef3034f2be5998a372bb1389e64b1a4a36b3a7979142220d?s=96&d=mm&r=g\",\"caption\":\"Redacci\u00f3n\"},\"sameAs\":[\"http:\/\/nuevodigitaldeescobar.com.ar\"],\"url\":\"https:\/\/nuevodigitaldeescobar.com.ar\/?author=1\"}]}<\/script>\n<!-- \/ Yoast SEO plugin. -->","yoast_head_json":{"title":"Senadores argentinos: entre la austeridad y el silencio c\u00f3mplice - Nuevo Digital de Escobar","robots":{"index":"index","follow":"follow","max-snippet":"max-snippet:-1","max-image-preview":"max-image-preview:large","max-video-preview":"max-video-preview:-1"},"canonical":"https:\/\/nuevodigitaldeescobar.com.ar\/?p=15525","og_locale":"es_ES","og_type":"article","og_title":"Senadores argentinos: entre la austeridad y el silencio c\u00f3mplice - Nuevo Digital de Escobar","og_description":"Mientras gran parte de la sociedad sigue haciendo malabares para llegar a fin de mes, en el Senado de la Naci\u00f3n se confirm\u00f3 un nuevo [&hellip;]","og_url":"https:\/\/nuevodigitaldeescobar.com.ar\/?p=15525","og_site_name":"Nuevo Digital de Escobar","article_publisher":"https:\/\/www.facebook.com\/NUEVODigitalDeEscobar","article_published_time":"2025-06-12T04:52:49+00:00","article_modified_time":"2025-06-12T04:52:53+00:00","og_image":[{"width":664,"height":381,"url":"https:\/\/nuevodigitaldeescobar.com.ar\/wp-content\/uploads\/2025\/06\/senadores29.png","type":"image\/png"}],"author":"Redacci\u00f3n","twitter_card":"summary_large_image","twitter_creator":"@nuevodigescobar","twitter_site":"@nuevodigescobar","twitter_misc":{"Escrito por":"Redacci\u00f3n","Tiempo de lectura":"3 minutos"},"schema":{"@context":"https:\/\/schema.org","@graph":[{"@type":"Article","@id":"https:\/\/nuevodigitaldeescobar.com.ar\/?p=15525#article","isPartOf":{"@id":"https:\/\/nuevodigitaldeescobar.com.ar\/?p=15525"},"author":{"name":"Redacci\u00f3n","@id":"https:\/\/nuevodigitaldeescobar.com.ar\/#\/schema\/person\/035e90a8efe9a80e6eec22656ad6ea4c"},"headline":"Senadores argentinos: entre la austeridad y el silencio c\u00f3mplice","datePublished":"2025-06-12T04:52:49+00:00","dateModified":"2025-06-12T04:52:53+00:00","mainEntityOfPage":{"@id":"https:\/\/nuevodigitaldeescobar.com.ar\/?p=15525"},"wordCount":541,"commentCount":0,"publisher":{"@id":"https:\/\/nuevodigitaldeescobar.com.ar\/#organization"},"image":{"@id":"https:\/\/nuevodigitaldeescobar.com.ar\/?p=15525#primaryimage"},"thumbnailUrl":"https:\/\/nuevodigitaldeescobar.com.ar\/wp-content\/uploads\/2025\/06\/senadores29.png","articleSection":["Salud y Nutrici\u00f3n"],"inLanguage":"es","potentialAction":[{"@type":"CommentAction","name":"Comment","target":["https:\/\/nuevodigitaldeescobar.com.ar\/?p=15525#respond"]}]},{"@type":"WebPage","@id":"https:\/\/nuevodigitaldeescobar.com.ar\/?p=15525","url":"https:\/\/nuevodigitaldeescobar.com.ar\/?p=15525","name":"Senadores argentinos: entre la austeridad y el silencio c\u00f3mplice - Nuevo Digital de Escobar","isPartOf":{"@id":"https:\/\/nuevodigitaldeescobar.com.ar\/#website"},"primaryImageOfPage":{"@id":"https:\/\/nuevodigitaldeescobar.com.ar\/?p=15525#primaryimage"},"image":{"@id":"https:\/\/nuevodigitaldeescobar.com.ar\/?p=15525#primaryimage"},"thumbnailUrl":"https:\/\/nuevodigitaldeescobar.com.ar\/wp-content\/uploads\/2025\/06\/senadores29.png","datePublished":"2025-06-12T04:52:49+00:00","dateModified":"2025-06-12T04:52:53+00:00","breadcrumb":{"@id":"https:\/\/nuevodigitaldeescobar.com.ar\/?p=15525#breadcrumb"},"inLanguage":"es","potentialAction":[{"@type":"ReadAction","target":["https:\/\/nuevodigitaldeescobar.com.ar\/?p=15525"]}]},{"@type":"ImageObject","inLanguage":"es","@id":"https:\/\/nuevodigitaldeescobar.com.ar\/?p=15525#primaryimage","url":"https:\/\/nuevodigitaldeescobar.com.ar\/wp-content\/uploads\/2025\/06\/senadores29.png","contentUrl":"https:\/\/nuevodigitaldeescobar.com.ar\/wp-content\/uploads\/2025\/06\/senadores29.png","width":664,"height":381},{"@type":"BreadcrumbList","@id":"https:\/\/nuevodigitaldeescobar.com.ar\/?p=15525#breadcrumb","itemListElement":[{"@type":"ListItem","position":1,"name":"Portada","item":"https:\/\/nuevodigitaldeescobar.com.ar\/"},{"@type":"ListItem","position":2,"name":"Senadores argentinos: entre la austeridad y el silencio c\u00f3mplice"}]},{"@type":"WebSite","@id":"https:\/\/nuevodigitaldeescobar.com.ar\/#website","url":"https:\/\/nuevodigitaldeescobar.com.ar\/","name":"Nuevo Digital de Escobar","description":"La vida escobarense. Directora: Rosana Brunner","publisher":{"@id":"https:\/\/nuevodigitaldeescobar.com.ar\/#organization"},"potentialAction":[{"@type":"SearchAction","target":{"@type":"EntryPoint","urlTemplate":"https:\/\/nuevodigitaldeescobar.com.ar\/?s={search_term_string}"},"query-input":{"@type":"PropertyValueSpecification","valueRequired":true,"valueName":"search_term_string"}}],"inLanguage":"es"},{"@type":"Organization","@id":"https:\/\/nuevodigitaldeescobar.com.ar\/#organization","name":"Nuevo Digital de Escobar","url":"https:\/\/nuevodigitaldeescobar.com.ar\/","logo":{"@type":"ImageObject","inLanguage":"es","@id":"https:\/\/nuevodigitaldeescobar.com.ar\/#\/schema\/logo\/image\/","url":"https:\/\/nuevodigitaldeescobar.com.ar\/wp-content\/uploads\/2025\/05\/cropped-logo-nuevo2.jpg","contentUrl":"https:\/\/nuevodigitaldeescobar.com.ar\/wp-content\/uploads\/2025\/05\/cropped-logo-nuevo2.jpg","width":305,"height":305,"caption":"Nuevo Digital de Escobar"},"image":{"@id":"https:\/\/nuevodigitaldeescobar.com.ar\/#\/schema\/logo\/image\/"},"sameAs":["https:\/\/www.facebook.com\/NUEVODigitalDeEscobar","https:\/\/x.com\/nuevodigescobar","https:\/\/www.instagram.com\/nuevodigitaldeescobar"]},{"@type":"Person","@id":"https:\/\/nuevodigitaldeescobar.com.ar\/#\/schema\/person\/035e90a8efe9a80e6eec22656ad6ea4c","name":"Redacci\u00f3n","image":{"@type":"ImageObject","inLanguage":"es","@id":"https:\/\/nuevodigitaldeescobar.com.ar\/#\/schema\/person\/image\/","url":"https:\/\/secure.gravatar.com\/avatar\/8af8f40000c24e9eef3034f2be5998a372bb1389e64b1a4a36b3a7979142220d?s=96&d=mm&r=g","contentUrl":"https:\/\/secure.gravatar.com\/avatar\/8af8f40000c24e9eef3034f2be5998a372bb1389e64b1a4a36b3a7979142220d?s=96&d=mm&r=g","caption":"Redacci\u00f3n"},"sameAs":["http:\/\/nuevodigitaldeescobar.com.ar"],"url":"https:\/\/nuevodigitaldeescobar.com.ar\/?author=1"}]}},"featured_image_urls":{"full":["https:\/\/nuevodigitaldeescobar.com.ar\/wp-content\/uploads\/2025\/06\/senadores29.png",664,381,false],"thumbnail":["https:\/\/nuevodigitaldeescobar.com.ar\/wp-content\/uploads\/2025\/06\/senadores29-150x150.png",150,150,true],"medium":["https:\/\/nuevodigitaldeescobar.com.ar\/wp-content\/uploads\/2025\/06\/senadores29-300x172.png",300,172,true],"medium_large":["https:\/\/nuevodigitaldeescobar.com.ar\/wp-content\/uploads\/2025\/06\/senadores29.png",640,367,false],"large":["https:\/\/nuevodigitaldeescobar.com.ar\/wp-content\/uploads\/2025\/06\/senadores29.png",640,367,false],"1536x1536":["https:\/\/nuevodigitaldeescobar.com.ar\/wp-content\/uploads\/2025\/06\/senadores29.png",664,381,false],"2048x2048":["https:\/\/nuevodigitaldeescobar.com.ar\/wp-content\/uploads\/2025\/06\/senadores29.png",664,381,false]},"author_info":{"display_name":"Redacci\u00f3n","author_link":"https:\/\/nuevodigitaldeescobar.com.ar\/?author=1"},"category_info":"<a href=\"https:\/\/nuevodigitaldeescobar.com.ar\/?cat=3\" rel=\"category\">Salud y Nutrici\u00f3n<\/a>","tag_info":"Salud y Nutrici\u00f3n","comment_count":"0","_links":{"self":[{"href":"https:\/\/nuevodigitaldeescobar.com.ar\/index.php?rest_route=\/wp\/v2\/posts\/15525","targetHints":{"allow":["GET"]}}],"collection":[{"href":"https:\/\/nuevodigitaldeescobar.com.ar\/index.php?rest_route=\/wp\/v2\/posts"}],"about":[{"href":"https:\/\/nuevodigitaldeescobar.com.ar\/index.php?rest_route=\/wp\/v2\/types\/post"}],"author":[{"embeddable":true,"href":"https:\/\/nuevodigitaldeescobar.com.ar\/index.php?rest_route=\/wp\/v2\/users\/1"}],"replies":[{"embeddable":true,"href":"https:\/\/nuevodigitaldeescobar.com.ar\/index.php?rest_route=%2Fwp%2Fv2%2Fcomments&post=15525"}],"version-history":[{"count":1,"href":"https:\/\/nuevodigitaldeescobar.com.ar\/index.php?rest_route=\/wp\/v2\/posts\/15525\/revisions"}],"predecessor-version":[{"id":15527,"href":"https:\/\/nuevodigitaldeescobar.com.ar\/index.php?rest_route=\/wp\/v2\/posts\/15525\/revisions\/15527"}],"wp:featuredmedia":[{"embeddable":true,"href":"https:\/\/nuevodigitaldeescobar.com.ar\/index.php?rest_route=\/wp\/v2\/media\/15526"}],"wp:attachment":[{"href":"https:\/\/nuevodigitaldeescobar.com.ar\/index.php?rest_route=%2Fwp%2Fv2%2Fmedia&parent=15525"}],"wp:term":[{"taxonomy":"category","embeddable":true,"href":"https:\/\/nuevodigitaldeescobar.com.ar\/index.php?rest_route=%2Fwp%2Fv2%2Fcategories&post=15525"},{"taxonomy":"post_tag","embeddable":true,"href":"https:\/\/nuevodigitaldeescobar.com.ar\/index.php?rest_route=%2Fwp%2Fv2%2Ftags&post=15525"}],"curies":[{"name":"wp","href":"https:\/\/api.w.org\/{rel}","templated":true}]}}