{"id":15568,"date":"2025-06-13T00:54:28","date_gmt":"2025-06-13T03:54:28","guid":{"rendered":"https:\/\/nuevodigitaldeescobar.com.ar\/?p=15568"},"modified":"2025-06-13T00:54:31","modified_gmt":"2025-06-13T03:54:31","slug":"israel-lanzo-un-ataque-aereo-preventivo-sobre-iran-y-declaro-el-estado-de-emergencia-en-todo-su-territorio","status":"publish","type":"post","link":"https:\/\/nuevodigitaldeescobar.com.ar\/?p=15568","title":{"rendered":"Israel lanz\u00f3 un ataque a\u00e9reo preventivo sobre Ir\u00e1n y declar\u00f3 el estado de emergencia en todo su territorio"},"content":{"rendered":"\n<p class=\"has-vivid-cyan-blue-color has-text-color has-link-color wp-elements-5175aa502dac53af3ac50c4429bbf5ce\"><strong><em>En un nuevo cap\u00edtulo de escalada b\u00e9lica en Medio Oriente, el gobierno israel\u00ed confirm\u00f3 este viernes en la madrugada que llev\u00f3 adelante un \u201cataque preventivo\u201d contra Ir\u00e1n, dirigido principalmente a sus instalaciones nucleares y objetivos militares estrat\u00e9gicos. El primer ministro Benjamin Netanyahu asegur\u00f3 que la ofensiva, denominada \u201cOperaci\u00f3n Naci\u00f3n de Leones\u201d, busca frenar \u201cla amenaza existencial que representa el programa nuclear iran\u00ed\u201d.<\/em><\/strong><\/p>\n\n\n\n<!--more-->\n\n\n\n<p>El <strong>Ministerio de Defensa israel\u00ed<\/strong> advirti\u00f3 a la poblaci\u00f3n civil que se prepare para <em>\u201cun ataque con misiles y drones en el futuro inmediato\u201d<\/em> y declar\u00f3 el <strong>estado de emergencia especial<\/strong> en todo el territorio. A su vez, el <strong>ej\u00e9rcito israel\u00ed inform\u00f3 que se complet\u00f3 la primera etapa<\/strong> de la operaci\u00f3n, con <strong>decenas de aviones de combate<\/strong> que bombardearon m\u00faltiples sitios clave en Ir\u00e1n, incluyendo la central nuclear de Natanz y el cuartel general de la Guardia Revolucionaria en Teher\u00e1n.<\/p>\n\n\n\n<h3 class=\"wp-block-heading has-text-color has-link-color wp-elements-379462f15f5fd031fb9c8621052a449d\" style=\"color:#0b2dc4\"><em>Ir\u00e1n responde: amenazas de Khamenei y explosiones en Teher\u00e1n<\/em><\/h3>\n\n\n\n<p>En respuesta al ataque, el l\u00edder supremo de Ir\u00e1n, el ayatol\u00e1 <strong>Ali Khamenei<\/strong>, lanz\u00f3 una advertencia contundente: Israel enfrentar\u00e1 un <strong><em>\u201cdestino amargo y doloroso\u201d<\/em><\/strong> por la ofensiva a\u00e9rea. La <strong>televisi\u00f3n estatal iran\u00ed<\/strong> report\u00f3 una <strong>ola de explosiones en la capital Teher\u00e1n<\/strong>, as\u00ed como <strong>nuevas detonaciones en Natanz<\/strong>, uno de los centros neur\u00e1lgicos del desarrollo nuclear del r\u00e9gimen persa.<\/p>\n\n\n\n<p>Entre las bajas m\u00e1s significativas del ataque se encuentra <strong>Hossein Salami<\/strong>, comandante en jefe de la Guardia Revolucionaria Isl\u00e1mica, seg\u00fan confirmaron medios oficiales iran\u00edes como <strong>Tasnim<\/strong>. Salami era considerado una figura clave en el aparato militar y de inteligencia iran\u00ed, con una fuerte influencia regional.<\/p>\n\n\n\n<figure class=\"wp-block-video aligncenter\"><video controls src=\"http:\/\/nuevodigitaldeescobar.com.ar\/wp-content\/uploads\/2025\/06\/israeliran28.mp4\"><\/video><\/figure>\n\n\n\n<h3 class=\"wp-block-heading has-text-color has-link-color wp-elements-109e7db48cbe3518cfe469a54dda6699\" style=\"color:#0b2dc4\"><em>Estados Unidos se desmarca del ataque<\/em><\/h3>\n\n\n\n<p>El secretario de Estado norteamericano, <strong>Marco Rubio<\/strong>, asegur\u00f3 que <strong>Estados Unidos no particip\u00f3 ni brind\u00f3 asistencia<\/strong> en la operaci\u00f3n.<em> \u201cFue una acci\u00f3n unilateral de Israel\u201d<\/em>, declar\u00f3. En paralelo, el presidente <strong>Donald Trump<\/strong> convoc\u00f3 de urgencia al <strong>Consejo de Seguridad Nacional<\/strong> para analizar el nuevo escenario.<\/p>\n\n\n\n<p>La <strong>embajada de EEUU en Israel<\/strong> orden\u00f3 a su personal que se refugie de inmediato, mientras que el <strong>Pent\u00e1gono confirm\u00f3<\/strong> que no tuvo ning\u00fan tipo de implicancia en el bombardeo.<\/p>\n\n\n\n<h3 class=\"wp-block-heading has-text-color has-link-color wp-elements-2739c4c3dc6d1049707ec5e38b468444\" style=\"color:#0b2dc4\"><em>Consecuencias geopol\u00edticas y econ\u00f3micas<\/em><\/h3>\n\n\n\n<p>El impacto del conflicto no se limit\u00f3 al terreno militar. El <strong>precio del petr\u00f3leo se dispar\u00f3 m\u00e1s de un 10%<\/strong> en cuesti\u00f3n de horas, tras conocerse los primeros informes sobre el ataque. El <strong>espacio a\u00e9reo de Israel, Irak y otros pa\u00edses de la regi\u00f3n fue cerrado<\/strong>, y aeropuertos clave como el Ben Gurion suspendieron sus operaciones.<\/p>\n\n\n\n<p>Desde el Senado estadounidense, el l\u00edder republicano <strong>John Thune<\/strong> sostuvo que <em>\u201cIr\u00e1n nunca debe tener acceso a un arma nuclear\u201d<\/em> y manifest\u00f3 el apoyo del Congreso a Israel.<\/p>\n\n\n\n<h3 class=\"wp-block-heading has-text-color has-link-color wp-elements-3ba5a87b40676ecf8bbc90843168340d\" style=\"color:#0b2dc4\"><em>Declaraciones cruzadas y posible escalada<\/em><\/h3>\n\n\n\n<p>El jefe del ej\u00e9rcito israel\u00ed, general <strong>Eyal Zamir<\/strong>, advirti\u00f3 que <strong>el conflicto est\u00e1 lejos de terminar<\/strong> y pidi\u00f3 a la ciudadan\u00eda que se prepare para una eventual represalia iran\u00ed: <em>\u201cNo podemos prometer un \u00e9xito absoluto. Esto es una campa\u00f1a hist\u00f3rica como ninguna otra\u201d<\/em>.<\/p>\n\n\n\n<p>Incluso <strong>la oposici\u00f3n israel\u00ed<\/strong> respald\u00f3 la decisi\u00f3n del gobierno. <strong>Yair Lapid<\/strong>, l\u00edder opositor, declar\u00f3 su <em>\u201cpleno apoyo\u201d <\/em>a la operaci\u00f3n militar.<\/p>\n\n\n\n<p>Israel, por su parte, <strong>ratific\u00f3 que continuar\u00e1 con la operaci\u00f3n los d\u00edas que sean necesarios<\/strong>, mientras aumentan las alarmas en Tel Aviv, Jerusal\u00e9n y otras grandes ciudades. La regi\u00f3n se mantiene en <strong>m\u00e1xima tensi\u00f3n<\/strong> ante la posibilidad de una guerra abierta de consecuencias globales.<\/p>\n","protected":false},"excerpt":{"rendered":"<p>En un nuevo cap\u00edtulo de escalada b\u00e9lica en Medio Oriente, el gobierno israel\u00ed confirm\u00f3 este viernes en la madrugada que llev\u00f3 adelante un \u201cataque preventivo\u201d [&hellip;]<\/p>\n","protected":false},"author":1,"featured_media":15570,"comment_status":"open","ping_status":"open","sticky":false,"template":"","format":"standard","meta":{"footnotes":""},"categories":[285],"tags":[],"class_list":["post-15568","post","type-post","status-publish","format-standard","has-post-thumbnail","hentry","category-internacionales"],"better_featured_image":{"id":15570,"alt_text":"","caption":"","description":"","media_type":"image","media_details":{"width":776,"height":424,"file":"2025\/06\/israeliran21.png","filesize":712454,"sizes":{"medium":{"file":"israeliran21-300x164.png","width":300,"height":164,"mime-type":"image\/png","filesize":81680,"source_url":"https:\/\/nuevodigitaldeescobar.com.ar\/wp-content\/uploads\/2025\/06\/israeliran21-300x164.png"},"thumbnail":{"file":"israeliran21-150x150.png","width":150,"height":150,"mime-type":"image\/png","filesize":38630,"source_url":"https:\/\/nuevodigitaldeescobar.com.ar\/wp-content\/uploads\/2025\/06\/israeliran21-150x150.png"},"medium_large":{"file":"israeliran21-768x420.png","width":768,"height":420,"mime-type":"image\/png","filesize":408207,"source_url":"https:\/\/nuevodigitaldeescobar.com.ar\/wp-content\/uploads\/2025\/06\/israeliran21-768x420.png"}},"image_meta":{"aperture":"0","credit":"","camera":"","caption":"","created_timestamp":"0","copyright":"","focal_length":"0","iso":"0","shutter_speed":"0","title":"","orientation":"0","keywords":[]}},"post":15568,"source_url":"https:\/\/nuevodigitaldeescobar.com.ar\/wp-content\/uploads\/2025\/06\/israeliran21.png"},"yoast_head":"<!-- This site is optimized with the Yoast SEO plugin v26.1.1 - https:\/\/yoast.com\/wordpress\/plugins\/seo\/ -->\n<title>Israel lanz\u00f3 un ataque a\u00e9reo preventivo sobre Ir\u00e1n y declar\u00f3 el estado de emergencia en todo su territorio - Nuevo Digital de Escobar<\/title>\n<meta name=\"robots\" content=\"index, follow, max-snippet:-1, max-image-preview:large, max-video-preview:-1\" \/>\n<link rel=\"canonical\" href=\"https:\/\/nuevodigitaldeescobar.com.ar\/?p=15568\" \/>\n<meta property=\"og:locale\" content=\"es_ES\" \/>\n<meta property=\"og:type\" content=\"article\" \/>\n<meta property=\"og:title\" content=\"Israel lanz\u00f3 un ataque a\u00e9reo preventivo sobre Ir\u00e1n y declar\u00f3 el estado de emergencia en todo su territorio - Nuevo Digital de Escobar\" \/>\n<meta property=\"og:description\" content=\"En un nuevo cap\u00edtulo de escalada b\u00e9lica en Medio Oriente, el gobierno israel\u00ed confirm\u00f3 este viernes en la madrugada que llev\u00f3 adelante un \u201cataque preventivo\u201d [&hellip;]\" \/>\n<meta property=\"og:url\" content=\"https:\/\/nuevodigitaldeescobar.com.ar\/?p=15568\" \/>\n<meta property=\"og:site_name\" content=\"Nuevo Digital de Escobar\" \/>\n<meta property=\"article:publisher\" content=\"https:\/\/www.facebook.com\/NUEVODigitalDeEscobar\" \/>\n<meta property=\"article:published_time\" content=\"2025-06-13T03:54:28+00:00\" \/>\n<meta property=\"article:modified_time\" content=\"2025-06-13T03:54:31+00:00\" \/>\n<meta property=\"og:image\" content=\"https:\/\/nuevodigitaldeescobar.com.ar\/wp-content\/uploads\/2025\/06\/israeliran21.png\" \/>\n\t<meta property=\"og:image:width\" content=\"776\" \/>\n\t<meta property=\"og:image:height\" content=\"424\" \/>\n\t<meta property=\"og:image:type\" content=\"image\/png\" \/>\n<meta name=\"author\" content=\"Redacci\u00f3n\" \/>\n<meta name=\"twitter:card\" content=\"summary_large_image\" \/>\n<meta name=\"twitter:creator\" content=\"@nuevodigescobar\" \/>\n<meta name=\"twitter:site\" content=\"@nuevodigescobar\" \/>\n<meta name=\"twitter:label1\" content=\"Escrito por\" \/>\n\t<meta name=\"twitter:data1\" content=\"Redacci\u00f3n\" \/>\n\t<meta name=\"twitter:label2\" content=\"Tiempo de lectura\" \/>\n\t<meta name=\"twitter:data2\" content=\"3 minutos\" \/>\n<script type=\"application\/ld+json\" class=\"yoast-schema-graph\">{\"@context\":\"https:\/\/schema.org\",\"@graph\":[{\"@type\":\"Article\",\"@id\":\"https:\/\/nuevodigitaldeescobar.com.ar\/?p=15568#article\",\"isPartOf\":{\"@id\":\"https:\/\/nuevodigitaldeescobar.com.ar\/?p=15568\"},\"author\":{\"name\":\"Redacci\u00f3n\",\"@id\":\"https:\/\/nuevodigitaldeescobar.com.ar\/#\/schema\/person\/035e90a8efe9a80e6eec22656ad6ea4c\"},\"headline\":\"Israel lanz\u00f3 un ataque a\u00e9reo preventivo sobre Ir\u00e1n y declar\u00f3 el estado de emergencia en todo su territorio\",\"datePublished\":\"2025-06-13T03:54:28+00:00\",\"dateModified\":\"2025-06-13T03:54:31+00:00\",\"mainEntityOfPage\":{\"@id\":\"https:\/\/nuevodigitaldeescobar.com.ar\/?p=15568\"},\"wordCount\":608,\"commentCount\":0,\"publisher\":{\"@id\":\"https:\/\/nuevodigitaldeescobar.com.ar\/#organization\"},\"image\":{\"@id\":\"https:\/\/nuevodigitaldeescobar.com.ar\/?p=15568#primaryimage\"},\"thumbnailUrl\":\"https:\/\/nuevodigitaldeescobar.com.ar\/wp-content\/uploads\/2025\/06\/israeliran21.png\",\"articleSection\":[\"Internacionales\"],\"inLanguage\":\"es\",\"potentialAction\":[{\"@type\":\"CommentAction\",\"name\":\"Comment\",\"target\":[\"https:\/\/nuevodigitaldeescobar.com.ar\/?p=15568#respond\"]}]},{\"@type\":\"WebPage\",\"@id\":\"https:\/\/nuevodigitaldeescobar.com.ar\/?p=15568\",\"url\":\"https:\/\/nuevodigitaldeescobar.com.ar\/?p=15568\",\"name\":\"Israel lanz\u00f3 un ataque a\u00e9reo preventivo sobre Ir\u00e1n y declar\u00f3 el estado de emergencia en todo su territorio - Nuevo Digital de Escobar\",\"isPartOf\":{\"@id\":\"https:\/\/nuevodigitaldeescobar.com.ar\/#website\"},\"primaryImageOfPage\":{\"@id\":\"https:\/\/nuevodigitaldeescobar.com.ar\/?p=15568#primaryimage\"},\"image\":{\"@id\":\"https:\/\/nuevodigitaldeescobar.com.ar\/?p=15568#primaryimage\"},\"thumbnailUrl\":\"https:\/\/nuevodigitaldeescobar.com.ar\/wp-content\/uploads\/2025\/06\/israeliran21.png\",\"datePublished\":\"2025-06-13T03:54:28+00:00\",\"dateModified\":\"2025-06-13T03:54:31+00:00\",\"breadcrumb\":{\"@id\":\"https:\/\/nuevodigitaldeescobar.com.ar\/?p=15568#breadcrumb\"},\"inLanguage\":\"es\",\"potentialAction\":[{\"@type\":\"ReadAction\",\"target\":[\"https:\/\/nuevodigitaldeescobar.com.ar\/?p=15568\"]}]},{\"@type\":\"ImageObject\",\"inLanguage\":\"es\",\"@id\":\"https:\/\/nuevodigitaldeescobar.com.ar\/?p=15568#primaryimage\",\"url\":\"https:\/\/nuevodigitaldeescobar.com.ar\/wp-content\/uploads\/2025\/06\/israeliran21.png\",\"contentUrl\":\"https:\/\/nuevodigitaldeescobar.com.ar\/wp-content\/uploads\/2025\/06\/israeliran21.png\",\"width\":776,\"height\":424},{\"@type\":\"BreadcrumbList\",\"@id\":\"https:\/\/nuevodigitaldeescobar.com.ar\/?p=15568#breadcrumb\",\"itemListElement\":[{\"@type\":\"ListItem\",\"position\":1,\"name\":\"Portada\",\"item\":\"https:\/\/nuevodigitaldeescobar.com.ar\/\"},{\"@type\":\"ListItem\",\"position\":2,\"name\":\"Israel lanz\u00f3 un ataque a\u00e9reo preventivo sobre Ir\u00e1n y declar\u00f3 el estado de emergencia en todo su territorio\"}]},{\"@type\":\"WebSite\",\"@id\":\"https:\/\/nuevodigitaldeescobar.com.ar\/#website\",\"url\":\"https:\/\/nuevodigitaldeescobar.com.ar\/\",\"name\":\"Nuevo Digital de Escobar\",\"description\":\"La vida escobarense. Directora: Rosana Brunner\",\"publisher\":{\"@id\":\"https:\/\/nuevodigitaldeescobar.com.ar\/#organization\"},\"potentialAction\":[{\"@type\":\"SearchAction\",\"target\":{\"@type\":\"EntryPoint\",\"urlTemplate\":\"https:\/\/nuevodigitaldeescobar.com.ar\/?s={search_term_string}\"},\"query-input\":{\"@type\":\"PropertyValueSpecification\",\"valueRequired\":true,\"valueName\":\"search_term_string\"}}],\"inLanguage\":\"es\"},{\"@type\":\"Organization\",\"@id\":\"https:\/\/nuevodigitaldeescobar.com.ar\/#organization\",\"name\":\"Nuevo Digital de Escobar\",\"url\":\"https:\/\/nuevodigitaldeescobar.com.ar\/\",\"logo\":{\"@type\":\"ImageObject\",\"inLanguage\":\"es\",\"@id\":\"https:\/\/nuevodigitaldeescobar.com.ar\/#\/schema\/logo\/image\/\",\"url\":\"https:\/\/nuevodigitaldeescobar.com.ar\/wp-content\/uploads\/2025\/05\/cropped-logo-nuevo2.jpg\",\"contentUrl\":\"https:\/\/nuevodigitaldeescobar.com.ar\/wp-content\/uploads\/2025\/05\/cropped-logo-nuevo2.jpg\",\"width\":305,\"height\":305,\"caption\":\"Nuevo Digital de Escobar\"},\"image\":{\"@id\":\"https:\/\/nuevodigitaldeescobar.com.ar\/#\/schema\/logo\/image\/\"},\"sameAs\":[\"https:\/\/www.facebook.com\/NUEVODigitalDeEscobar\",\"https:\/\/x.com\/nuevodigescobar\",\"https:\/\/www.instagram.com\/nuevodigitaldeescobar\"]},{\"@type\":\"Person\",\"@id\":\"https:\/\/nuevodigitaldeescobar.com.ar\/#\/schema\/person\/035e90a8efe9a80e6eec22656ad6ea4c\",\"name\":\"Redacci\u00f3n\",\"image\":{\"@type\":\"ImageObject\",\"inLanguage\":\"es\",\"@id\":\"https:\/\/nuevodigitaldeescobar.com.ar\/#\/schema\/person\/image\/\",\"url\":\"https:\/\/secure.gravatar.com\/avatar\/8af8f40000c24e9eef3034f2be5998a372bb1389e64b1a4a36b3a7979142220d?s=96&d=mm&r=g\",\"contentUrl\":\"https:\/\/secure.gravatar.com\/avatar\/8af8f40000c24e9eef3034f2be5998a372bb1389e64b1a4a36b3a7979142220d?s=96&d=mm&r=g\",\"caption\":\"Redacci\u00f3n\"},\"sameAs\":[\"http:\/\/nuevodigitaldeescobar.com.ar\"],\"url\":\"https:\/\/nuevodigitaldeescobar.com.ar\/?author=1\"}]}<\/script>\n<!-- \/ Yoast SEO plugin. -->","yoast_head_json":{"title":"Israel lanz\u00f3 un ataque a\u00e9reo preventivo sobre Ir\u00e1n y declar\u00f3 el estado de emergencia en todo su territorio - Nuevo Digital de Escobar","robots":{"index":"index","follow":"follow","max-snippet":"max-snippet:-1","max-image-preview":"max-image-preview:large","max-video-preview":"max-video-preview:-1"},"canonical":"https:\/\/nuevodigitaldeescobar.com.ar\/?p=15568","og_locale":"es_ES","og_type":"article","og_title":"Israel lanz\u00f3 un ataque a\u00e9reo preventivo sobre Ir\u00e1n y declar\u00f3 el estado de emergencia en todo su territorio - Nuevo Digital de Escobar","og_description":"En un nuevo cap\u00edtulo de escalada b\u00e9lica en Medio Oriente, el gobierno israel\u00ed confirm\u00f3 este viernes en la madrugada que llev\u00f3 adelante un \u201cataque preventivo\u201d [&hellip;]","og_url":"https:\/\/nuevodigitaldeescobar.com.ar\/?p=15568","og_site_name":"Nuevo Digital de Escobar","article_publisher":"https:\/\/www.facebook.com\/NUEVODigitalDeEscobar","article_published_time":"2025-06-13T03:54:28+00:00","article_modified_time":"2025-06-13T03:54:31+00:00","og_image":[{"width":776,"height":424,"url":"https:\/\/nuevodigitaldeescobar.com.ar\/wp-content\/uploads\/2025\/06\/israeliran21.png","type":"image\/png"}],"author":"Redacci\u00f3n","twitter_card":"summary_large_image","twitter_creator":"@nuevodigescobar","twitter_site":"@nuevodigescobar","twitter_misc":{"Escrito por":"Redacci\u00f3n","Tiempo de lectura":"3 minutos"},"schema":{"@context":"https:\/\/schema.org","@graph":[{"@type":"Article","@id":"https:\/\/nuevodigitaldeescobar.com.ar\/?p=15568#article","isPartOf":{"@id":"https:\/\/nuevodigitaldeescobar.com.ar\/?p=15568"},"author":{"name":"Redacci\u00f3n","@id":"https:\/\/nuevodigitaldeescobar.com.ar\/#\/schema\/person\/035e90a8efe9a80e6eec22656ad6ea4c"},"headline":"Israel lanz\u00f3 un ataque a\u00e9reo preventivo sobre Ir\u00e1n y declar\u00f3 el estado de emergencia en todo su territorio","datePublished":"2025-06-13T03:54:28+00:00","dateModified":"2025-06-13T03:54:31+00:00","mainEntityOfPage":{"@id":"https:\/\/nuevodigitaldeescobar.com.ar\/?p=15568"},"wordCount":608,"commentCount":0,"publisher":{"@id":"https:\/\/nuevodigitaldeescobar.com.ar\/#organization"},"image":{"@id":"https:\/\/nuevodigitaldeescobar.com.ar\/?p=15568#primaryimage"},"thumbnailUrl":"https:\/\/nuevodigitaldeescobar.com.ar\/wp-content\/uploads\/2025\/06\/israeliran21.png","articleSection":["Internacionales"],"inLanguage":"es","potentialAction":[{"@type":"CommentAction","name":"Comment","target":["https:\/\/nuevodigitaldeescobar.com.ar\/?p=15568#respond"]}]},{"@type":"WebPage","@id":"https:\/\/nuevodigitaldeescobar.com.ar\/?p=15568","url":"https:\/\/nuevodigitaldeescobar.com.ar\/?p=15568","name":"Israel lanz\u00f3 un ataque a\u00e9reo preventivo sobre Ir\u00e1n y declar\u00f3 el estado de emergencia en todo su territorio - Nuevo Digital de Escobar","isPartOf":{"@id":"https:\/\/nuevodigitaldeescobar.com.ar\/#website"},"primaryImageOfPage":{"@id":"https:\/\/nuevodigitaldeescobar.com.ar\/?p=15568#primaryimage"},"image":{"@id":"https:\/\/nuevodigitaldeescobar.com.ar\/?p=15568#primaryimage"},"thumbnailUrl":"https:\/\/nuevodigitaldeescobar.com.ar\/wp-content\/uploads\/2025\/06\/israeliran21.png","datePublished":"2025-06-13T03:54:28+00:00","dateModified":"2025-06-13T03:54:31+00:00","breadcrumb":{"@id":"https:\/\/nuevodigitaldeescobar.com.ar\/?p=15568#breadcrumb"},"inLanguage":"es","potentialAction":[{"@type":"ReadAction","target":["https:\/\/nuevodigitaldeescobar.com.ar\/?p=15568"]}]},{"@type":"ImageObject","inLanguage":"es","@id":"https:\/\/nuevodigitaldeescobar.com.ar\/?p=15568#primaryimage","url":"https:\/\/nuevodigitaldeescobar.com.ar\/wp-content\/uploads\/2025\/06\/israeliran21.png","contentUrl":"https:\/\/nuevodigitaldeescobar.com.ar\/wp-content\/uploads\/2025\/06\/israeliran21.png","width":776,"height":424},{"@type":"BreadcrumbList","@id":"https:\/\/nuevodigitaldeescobar.com.ar\/?p=15568#breadcrumb","itemListElement":[{"@type":"ListItem","position":1,"name":"Portada","item":"https:\/\/nuevodigitaldeescobar.com.ar\/"},{"@type":"ListItem","position":2,"name":"Israel lanz\u00f3 un ataque a\u00e9reo preventivo sobre Ir\u00e1n y declar\u00f3 el estado de emergencia en todo su territorio"}]},{"@type":"WebSite","@id":"https:\/\/nuevodigitaldeescobar.com.ar\/#website","url":"https:\/\/nuevodigitaldeescobar.com.ar\/","name":"Nuevo Digital de Escobar","description":"La vida escobarense. Directora: Rosana Brunner","publisher":{"@id":"https:\/\/nuevodigitaldeescobar.com.ar\/#organization"},"potentialAction":[{"@type":"SearchAction","target":{"@type":"EntryPoint","urlTemplate":"https:\/\/nuevodigitaldeescobar.com.ar\/?s={search_term_string}"},"query-input":{"@type":"PropertyValueSpecification","valueRequired":true,"valueName":"search_term_string"}}],"inLanguage":"es"},{"@type":"Organization","@id":"https:\/\/nuevodigitaldeescobar.com.ar\/#organization","name":"Nuevo Digital de Escobar","url":"https:\/\/nuevodigitaldeescobar.com.ar\/","logo":{"@type":"ImageObject","inLanguage":"es","@id":"https:\/\/nuevodigitaldeescobar.com.ar\/#\/schema\/logo\/image\/","url":"https:\/\/nuevodigitaldeescobar.com.ar\/wp-content\/uploads\/2025\/05\/cropped-logo-nuevo2.jpg","contentUrl":"https:\/\/nuevodigitaldeescobar.com.ar\/wp-content\/uploads\/2025\/05\/cropped-logo-nuevo2.jpg","width":305,"height":305,"caption":"Nuevo Digital de Escobar"},"image":{"@id":"https:\/\/nuevodigitaldeescobar.com.ar\/#\/schema\/logo\/image\/"},"sameAs":["https:\/\/www.facebook.com\/NUEVODigitalDeEscobar","https:\/\/x.com\/nuevodigescobar","https:\/\/www.instagram.com\/nuevodigitaldeescobar"]},{"@type":"Person","@id":"https:\/\/nuevodigitaldeescobar.com.ar\/#\/schema\/person\/035e90a8efe9a80e6eec22656ad6ea4c","name":"Redacci\u00f3n","image":{"@type":"ImageObject","inLanguage":"es","@id":"https:\/\/nuevodigitaldeescobar.com.ar\/#\/schema\/person\/image\/","url":"https:\/\/secure.gravatar.com\/avatar\/8af8f40000c24e9eef3034f2be5998a372bb1389e64b1a4a36b3a7979142220d?s=96&d=mm&r=g","contentUrl":"https:\/\/secure.gravatar.com\/avatar\/8af8f40000c24e9eef3034f2be5998a372bb1389e64b1a4a36b3a7979142220d?s=96&d=mm&r=g","caption":"Redacci\u00f3n"},"sameAs":["http:\/\/nuevodigitaldeescobar.com.ar"],"url":"https:\/\/nuevodigitaldeescobar.com.ar\/?author=1"}]}},"featured_image_urls":{"full":["https:\/\/nuevodigitaldeescobar.com.ar\/wp-content\/uploads\/2025\/06\/israeliran21.png",776,424,false],"thumbnail":["https:\/\/nuevodigitaldeescobar.com.ar\/wp-content\/uploads\/2025\/06\/israeliran21-150x150.png",150,150,true],"medium":["https:\/\/nuevodigitaldeescobar.com.ar\/wp-content\/uploads\/2025\/06\/israeliran21-300x164.png",300,164,true],"medium_large":["https:\/\/nuevodigitaldeescobar.com.ar\/wp-content\/uploads\/2025\/06\/israeliran21-768x420.png",640,350,true],"large":["https:\/\/nuevodigitaldeescobar.com.ar\/wp-content\/uploads\/2025\/06\/israeliran21.png",640,350,false],"1536x1536":["https:\/\/nuevodigitaldeescobar.com.ar\/wp-content\/uploads\/2025\/06\/israeliran21.png",776,424,false],"2048x2048":["https:\/\/nuevodigitaldeescobar.com.ar\/wp-content\/uploads\/2025\/06\/israeliran21.png",776,424,false]},"author_info":{"display_name":"Redacci\u00f3n","author_link":"https:\/\/nuevodigitaldeescobar.com.ar\/?author=1"},"category_info":"<a href=\"https:\/\/nuevodigitaldeescobar.com.ar\/?cat=285\" rel=\"category\">Internacionales<\/a>","tag_info":"Internacionales","comment_count":"0","_links":{"self":[{"href":"https:\/\/nuevodigitaldeescobar.com.ar\/index.php?rest_route=\/wp\/v2\/posts\/15568","targetHints":{"allow":["GET"]}}],"collection":[{"href":"https:\/\/nuevodigitaldeescobar.com.ar\/index.php?rest_route=\/wp\/v2\/posts"}],"about":[{"href":"https:\/\/nuevodigitaldeescobar.com.ar\/index.php?rest_route=\/wp\/v2\/types\/post"}],"author":[{"embeddable":true,"href":"https:\/\/nuevodigitaldeescobar.com.ar\/index.php?rest_route=\/wp\/v2\/users\/1"}],"replies":[{"embeddable":true,"href":"https:\/\/nuevodigitaldeescobar.com.ar\/index.php?rest_route=%2Fwp%2Fv2%2Fcomments&post=15568"}],"version-history":[{"count":1,"href":"https:\/\/nuevodigitaldeescobar.com.ar\/index.php?rest_route=\/wp\/v2\/posts\/15568\/revisions"}],"predecessor-version":[{"id":15571,"href":"https:\/\/nuevodigitaldeescobar.com.ar\/index.php?rest_route=\/wp\/v2\/posts\/15568\/revisions\/15571"}],"wp:featuredmedia":[{"embeddable":true,"href":"https:\/\/nuevodigitaldeescobar.com.ar\/index.php?rest_route=\/wp\/v2\/media\/15570"}],"wp:attachment":[{"href":"https:\/\/nuevodigitaldeescobar.com.ar\/index.php?rest_route=%2Fwp%2Fv2%2Fmedia&parent=15568"}],"wp:term":[{"taxonomy":"category","embeddable":true,"href":"https:\/\/nuevodigitaldeescobar.com.ar\/index.php?rest_route=%2Fwp%2Fv2%2Fcategories&post=15568"},{"taxonomy":"post_tag","embeddable":true,"href":"https:\/\/nuevodigitaldeescobar.com.ar\/index.php?rest_route=%2Fwp%2Fv2%2Ftags&post=15568"}],"curies":[{"name":"wp","href":"https:\/\/api.w.org\/{rel}","templated":true}]}}