{"id":15572,"date":"2025-06-13T00:57:48","date_gmt":"2025-06-13T03:57:48","guid":{"rendered":"https:\/\/nuevodigitaldeescobar.com.ar\/?p=15572"},"modified":"2025-06-13T00:57:52","modified_gmt":"2025-06-13T03:57:52","slug":"la-inflacion-de-mayo-fue-del-15-y-marco-el-registro-mas-bajo-de-los-ultimos-cinco-anos","status":"publish","type":"post","link":"https:\/\/nuevodigitaldeescobar.com.ar\/?p=15572","title":{"rendered":"La inflaci\u00f3n de mayo fue del 1,5% y marc\u00f3 el registro m\u00e1s bajo de los \u00faltimos cinco a\u00f1os"},"content":{"rendered":"\n<p class=\"has-vivid-cyan-blue-color has-text-color has-link-color wp-elements-2df9bc62f2e77b6b474d7c400df14092\"><em><strong>La inflaci\u00f3n de mayo se ubic\u00f3 en 1,5%, seg\u00fan inform\u00f3 el Instituto Nacional de Estad\u00edstica y Censos (Indec), y confirm\u00f3 as\u00ed la continuidad de la desaceleraci\u00f3n de precios que se viene observando desde principios de a\u00f1o. Con este dato, el acumulado de los primeros cinco meses de 2025 alcanz\u00f3 un 13,5%, mientras que la variaci\u00f3n interanual lleg\u00f3 al 43,5%.<\/strong><\/em><\/p>\n\n\n\n<!--more-->\n\n\n\n<p>Este registro mensual representa el m\u00e1s bajo desde mayo de 2020 \u2014pleno confinamiento por el Covid-19\u2014, y si se excluye ese contexto excepcional, hay que retroceder hasta noviembre de 2017 para encontrar un n\u00famero similar (1,4%).<\/p>\n\n\n\n<p>El dato era esperado con expectativa tanto en el Gobierno como en el sector privado, ya que varias consultoras hab\u00edan anticipado que la suba general de precios se mantendr\u00eda por debajo del 2%. Entre ellas, Equilibra, Adcap y Romano Group proyectaban entre 1,7% y 1,9%.<\/p>\n\n\n\n<h3 class=\"wp-block-heading has-text-color has-link-color wp-elements-5db990be39eaf49747f772f3c1d7dd79\" style=\"color:#0633d3\"><em>Rubros que bajaron y subieron<\/em><\/h3>\n\n\n\n<p>Entre las divisiones que menos aumentaron se destacaron <strong>Alimentos y bebidas no alcoh\u00f3licas<\/strong>, con apenas un 0,5%, y <strong>Transporte<\/strong>, con un 0,4%. En cambio, la suba m\u00e1s alta se dio en <strong>Comunicaci\u00f3n<\/strong>, que trep\u00f3 un 4,1% debido a los ajustes en servicios de telefon\u00eda e internet. Tambi\u00e9n se destacaron los aumentos en <strong>Restaurantes y hoteles<\/strong> (3,0%) y <strong>Vivienda, agua, electricidad y gas<\/strong> (2,4%).<\/p>\n\n\n\n<p>A nivel regional, en el Gran Buenos Aires, la regi\u00f3n Pampeana y Cuyo, la divisi\u00f3n con mayor incidencia fue Restaurantes y hoteles. En el Noreste y Noroeste del pa\u00eds, fue Alimentos y bebidas no alcoh\u00f3licas, mientras que en la Patagonia predomin\u00f3 Vivienda y servicios p\u00fablicos.<\/p>\n\n\n\n<p>Dentro del componente <strong>IPC n\u00facleo<\/strong>, que excluye precios estacionales y regulados, la variaci\u00f3n fue del 2,2%. En tanto, los <strong>precios regulados<\/strong> subieron 1,3% y los <strong>estacionales<\/strong> mostraron una ca\u00edda del 2,7%, impulsados por fuertes bajas en verduras y frutas.<\/p>\n\n\n\n<h3 class=\"wp-block-heading has-text-color has-link-color wp-elements-4e2991febfcd101514a269fb1d4decd8\" style=\"color:#0633d3\"><em>Qu\u00e9 productos bajaron de precio<\/em><\/h3>\n\n\n\n<p>Entre los alimentos que mostraron retrocesos se destacan:<\/p>\n\n\n\n<ul class=\"wp-block-list\">\n<li>Lechuga (-25,3%)<\/li>\n\n\n\n<li>Lim\u00f3n (-23%)<\/li>\n\n\n\n<li>Naranja (-10,5%)<\/li>\n\n\n\n<li>Tomate redondo (-8,9%)<\/li>\n<\/ul>\n\n\n\n<p>Adem\u00e1s, tambi\u00e9n registraron ca\u00eddas productos como el tomate en conserva (-2,1%), sal fina (-0,9%), galletitas de agua (-0,9%), vino com\u00fan (-0,5%) y az\u00facar (-0,4%).<\/p>\n\n\n\n<p>En t\u00e9rminos anuales, el rubro \u201cVerduras, tub\u00e9rculos y legumbres\u201d cay\u00f3 un 9,6%, en contraste con el 43,8% del \u00edndice general.<\/p>\n\n\n\n<h3 class=\"wp-block-heading has-text-color has-link-color wp-elements-40ca70801dc2027bf6d3b3ca27a3a818\" style=\"color:#0633d3\"><em>Qu\u00e9 pas\u00f3 en la Ciudad de Buenos Aires<\/em><\/h3>\n\n\n\n<p>El IPC de la Ciudad de Buenos Aires (IPCBA) subi\u00f3 un 1,6% en mayo, el menor registro mensual desde junio de 2020. La variaci\u00f3n interanual fue de 48,3%.<\/p>\n\n\n\n<p>En el desglose, los <strong>bienes<\/strong> subieron un 0,8% y los <strong>servicios<\/strong>, un 2%, profundizando una brecha que se viene consolidando en los \u00faltimos meses. Las <strong>Prendas de vestir y calzado<\/strong> aumentaron 2,9%, mientras que <strong>Restaurantes y hoteles<\/strong> subieron 2,7% y <strong>Salud<\/strong>, 2,3%.<\/p>\n\n\n\n<p>El rubro <strong>Alimentos y bebidas no alcoh\u00f3licas<\/strong> tuvo una suba moderada del 1,3%, gracias a bajas en frutas y verduras que amortiguaron los aumentos en carnes, l\u00e1cteos y panificados.<\/p>\n\n\n\n<p>En paralelo, los <strong>precios regulados<\/strong> aumentaron 1,7% y los <strong>estacionales<\/strong> bajaron 3,6%. La inflaci\u00f3n n\u00facleo en la ciudad fue del 2,1% mensual y 48,9% interanual.<\/p>\n\n\n\n<h3 class=\"wp-block-heading has-text-color has-link-color wp-elements-94f978505bc9802c15bf78f4ad06394e\" style=\"color:#0633d3\"><em>Qu\u00e9 se espera para los pr\u00f3ximos meses<\/em><\/h3>\n\n\n\n<p>El Relevamiento de Expectativas de Mercado (REM) del Banco Central estim\u00f3 que la inflaci\u00f3n de junio rondar\u00e1 el 1,9% y proyect\u00f3 una desaceleraci\u00f3n sostenida para lo que resta del a\u00f1o. De confirmarse esa tendencia, el segundo semestre cerrar\u00eda con seis meses consecutivos por debajo del 5% mensual.<\/p>\n\n\n\n<p>La proyecci\u00f3n de inflaci\u00f3n para todo 2025 es del 28,6%, una fuerte baja frente al 117,8% registrado en 2024.<\/p>\n","protected":false},"excerpt":{"rendered":"<p>La inflaci\u00f3n de mayo se ubic\u00f3 en 1,5%, seg\u00fan inform\u00f3 el Instituto Nacional de Estad\u00edstica y Censos (Indec), y confirm\u00f3 as\u00ed la continuidad de la [&hellip;]<\/p>\n","protected":false},"author":1,"featured_media":913,"comment_status":"open","ping_status":"open","sticky":false,"template":"","format":"standard","meta":{"footnotes":""},"categories":[10],"tags":[],"class_list":["post-15572","post","type-post","status-publish","format-standard","has-post-thumbnail","hentry","category-economia"],"better_featured_image":{"id":913,"alt_text":"","caption":"","description":"","media_type":"image","media_details":{"width":720,"height":405,"file":"2023\/11\/inflacion-precios-alimentos-e1699911823983.jpg","filesize":70339,"sizes":{"medium":{"file":"inflacion-precios-alimentos-300x169.jpg","width":300,"height":169,"mime-type":"image\/jpeg","filesize":13546,"source_url":"https:\/\/nuevodigitaldeescobar.com.ar\/wp-content\/uploads\/2023\/11\/inflacion-precios-alimentos-300x169.jpg"},"thumbnail":{"file":"inflacion-precios-alimentos-150x150.jpg","width":150,"height":150,"mime-type":"image\/jpeg","filesize":6323,"source_url":"https:\/\/nuevodigitaldeescobar.com.ar\/wp-content\/uploads\/2023\/11\/inflacion-precios-alimentos-150x150.jpg"},"covernews-medium":{"file":"inflacion-precios-alimentos-540x340.jpg","width":540,"height":340,"mime-type":"image\/jpeg","filesize":33501,"source_url":"https:\/\/nuevodigitaldeescobar.com.ar\/wp-content\/uploads\/2023\/11\/inflacion-precios-alimentos-540x340.jpg"},"covernews-medium-square":{"file":"inflacion-precios-alimentos-400x250.jpg","width":400,"height":250,"mime-type":"image\/jpeg","filesize":21577,"source_url":"https:\/\/nuevodigitaldeescobar.com.ar\/wp-content\/uploads\/2023\/11\/inflacion-precios-alimentos-400x250.jpg"}},"image_meta":{"aperture":"0","credit":"","camera":"","caption":"","created_timestamp":"0","copyright":"","focal_length":"0","iso":"0","shutter_speed":"0","title":"","orientation":"0","keywords":[]}},"post":912,"source_url":"https:\/\/nuevodigitaldeescobar.com.ar\/wp-content\/uploads\/2023\/11\/inflacion-precios-alimentos-e1699911823983.jpg"},"yoast_head":"<!-- This site is optimized with the Yoast SEO plugin v26.1.1 - https:\/\/yoast.com\/wordpress\/plugins\/seo\/ -->\n<title>La inflaci\u00f3n de mayo fue del 1,5% y marc\u00f3 el registro m\u00e1s bajo de los \u00faltimos cinco a\u00f1os - Nuevo Digital de Escobar<\/title>\n<meta name=\"robots\" content=\"index, follow, max-snippet:-1, max-image-preview:large, max-video-preview:-1\" \/>\n<link rel=\"canonical\" href=\"https:\/\/nuevodigitaldeescobar.com.ar\/?p=15572\" \/>\n<meta property=\"og:locale\" content=\"es_ES\" \/>\n<meta property=\"og:type\" content=\"article\" \/>\n<meta property=\"og:title\" content=\"La inflaci\u00f3n de mayo fue del 1,5% y marc\u00f3 el registro m\u00e1s bajo de los \u00faltimos cinco a\u00f1os - Nuevo Digital de Escobar\" \/>\n<meta property=\"og:description\" content=\"La inflaci\u00f3n de mayo se ubic\u00f3 en 1,5%, seg\u00fan inform\u00f3 el Instituto Nacional de Estad\u00edstica y Censos (Indec), y confirm\u00f3 as\u00ed la continuidad de la [&hellip;]\" \/>\n<meta property=\"og:url\" content=\"https:\/\/nuevodigitaldeescobar.com.ar\/?p=15572\" \/>\n<meta property=\"og:site_name\" content=\"Nuevo Digital de Escobar\" \/>\n<meta property=\"article:publisher\" content=\"https:\/\/www.facebook.com\/NUEVODigitalDeEscobar\" \/>\n<meta property=\"article:published_time\" content=\"2025-06-13T03:57:48+00:00\" \/>\n<meta property=\"article:modified_time\" content=\"2025-06-13T03:57:52+00:00\" \/>\n<meta property=\"og:image\" content=\"https:\/\/nuevodigitaldeescobar.com.ar\/wp-content\/uploads\/2023\/11\/inflacion-precios-alimentos-e1699911823983.jpg\" \/>\n\t<meta property=\"og:image:width\" content=\"720\" \/>\n\t<meta property=\"og:image:height\" content=\"405\" \/>\n\t<meta property=\"og:image:type\" content=\"image\/jpeg\" \/>\n<meta name=\"author\" content=\"Redacci\u00f3n\" \/>\n<meta name=\"twitter:card\" content=\"summary_large_image\" \/>\n<meta name=\"twitter:creator\" content=\"@nuevodigescobar\" \/>\n<meta name=\"twitter:site\" content=\"@nuevodigescobar\" \/>\n<meta name=\"twitter:label1\" content=\"Escrito por\" \/>\n\t<meta name=\"twitter:data1\" content=\"Redacci\u00f3n\" \/>\n\t<meta name=\"twitter:label2\" content=\"Tiempo de lectura\" \/>\n\t<meta name=\"twitter:data2\" content=\"3 minutos\" \/>\n<script type=\"application\/ld+json\" class=\"yoast-schema-graph\">{\"@context\":\"https:\/\/schema.org\",\"@graph\":[{\"@type\":\"Article\",\"@id\":\"https:\/\/nuevodigitaldeescobar.com.ar\/?p=15572#article\",\"isPartOf\":{\"@id\":\"https:\/\/nuevodigitaldeescobar.com.ar\/?p=15572\"},\"author\":{\"name\":\"Redacci\u00f3n\",\"@id\":\"https:\/\/nuevodigitaldeescobar.com.ar\/#\/schema\/person\/035e90a8efe9a80e6eec22656ad6ea4c\"},\"headline\":\"La inflaci\u00f3n de mayo fue del 1,5% y marc\u00f3 el registro m\u00e1s bajo de los \u00faltimos cinco a\u00f1os\",\"datePublished\":\"2025-06-13T03:57:48+00:00\",\"dateModified\":\"2025-06-13T03:57:52+00:00\",\"mainEntityOfPage\":{\"@id\":\"https:\/\/nuevodigitaldeescobar.com.ar\/?p=15572\"},\"wordCount\":587,\"commentCount\":0,\"publisher\":{\"@id\":\"https:\/\/nuevodigitaldeescobar.com.ar\/#organization\"},\"image\":{\"@id\":\"https:\/\/nuevodigitaldeescobar.com.ar\/?p=15572#primaryimage\"},\"thumbnailUrl\":\"https:\/\/nuevodigitaldeescobar.com.ar\/wp-content\/uploads\/2023\/11\/inflacion-precios-alimentos-e1699911823983.jpg\",\"articleSection\":[\"Econom\u00eda\"],\"inLanguage\":\"es\",\"potentialAction\":[{\"@type\":\"CommentAction\",\"name\":\"Comment\",\"target\":[\"https:\/\/nuevodigitaldeescobar.com.ar\/?p=15572#respond\"]}]},{\"@type\":\"WebPage\",\"@id\":\"https:\/\/nuevodigitaldeescobar.com.ar\/?p=15572\",\"url\":\"https:\/\/nuevodigitaldeescobar.com.ar\/?p=15572\",\"name\":\"La inflaci\u00f3n de mayo fue del 1,5% y marc\u00f3 el registro m\u00e1s bajo de los \u00faltimos cinco a\u00f1os - Nuevo Digital de Escobar\",\"isPartOf\":{\"@id\":\"https:\/\/nuevodigitaldeescobar.com.ar\/#website\"},\"primaryImageOfPage\":{\"@id\":\"https:\/\/nuevodigitaldeescobar.com.ar\/?p=15572#primaryimage\"},\"image\":{\"@id\":\"https:\/\/nuevodigitaldeescobar.com.ar\/?p=15572#primaryimage\"},\"thumbnailUrl\":\"https:\/\/nuevodigitaldeescobar.com.ar\/wp-content\/uploads\/2023\/11\/inflacion-precios-alimentos-e1699911823983.jpg\",\"datePublished\":\"2025-06-13T03:57:48+00:00\",\"dateModified\":\"2025-06-13T03:57:52+00:00\",\"breadcrumb\":{\"@id\":\"https:\/\/nuevodigitaldeescobar.com.ar\/?p=15572#breadcrumb\"},\"inLanguage\":\"es\",\"potentialAction\":[{\"@type\":\"ReadAction\",\"target\":[\"https:\/\/nuevodigitaldeescobar.com.ar\/?p=15572\"]}]},{\"@type\":\"ImageObject\",\"inLanguage\":\"es\",\"@id\":\"https:\/\/nuevodigitaldeescobar.com.ar\/?p=15572#primaryimage\",\"url\":\"https:\/\/nuevodigitaldeescobar.com.ar\/wp-content\/uploads\/2023\/11\/inflacion-precios-alimentos-e1699911823983.jpg\",\"contentUrl\":\"https:\/\/nuevodigitaldeescobar.com.ar\/wp-content\/uploads\/2023\/11\/inflacion-precios-alimentos-e1699911823983.jpg\",\"width\":720,\"height\":405},{\"@type\":\"BreadcrumbList\",\"@id\":\"https:\/\/nuevodigitaldeescobar.com.ar\/?p=15572#breadcrumb\",\"itemListElement\":[{\"@type\":\"ListItem\",\"position\":1,\"name\":\"Portada\",\"item\":\"https:\/\/nuevodigitaldeescobar.com.ar\/\"},{\"@type\":\"ListItem\",\"position\":2,\"name\":\"La inflaci\u00f3n de mayo fue del 1,5% y marc\u00f3 el registro m\u00e1s bajo de los \u00faltimos cinco a\u00f1os\"}]},{\"@type\":\"WebSite\",\"@id\":\"https:\/\/nuevodigitaldeescobar.com.ar\/#website\",\"url\":\"https:\/\/nuevodigitaldeescobar.com.ar\/\",\"name\":\"Nuevo Digital de Escobar\",\"description\":\"La vida escobarense. Directora: Rosana Brunner\",\"publisher\":{\"@id\":\"https:\/\/nuevodigitaldeescobar.com.ar\/#organization\"},\"potentialAction\":[{\"@type\":\"SearchAction\",\"target\":{\"@type\":\"EntryPoint\",\"urlTemplate\":\"https:\/\/nuevodigitaldeescobar.com.ar\/?s={search_term_string}\"},\"query-input\":{\"@type\":\"PropertyValueSpecification\",\"valueRequired\":true,\"valueName\":\"search_term_string\"}}],\"inLanguage\":\"es\"},{\"@type\":\"Organization\",\"@id\":\"https:\/\/nuevodigitaldeescobar.com.ar\/#organization\",\"name\":\"Nuevo Digital de Escobar\",\"url\":\"https:\/\/nuevodigitaldeescobar.com.ar\/\",\"logo\":{\"@type\":\"ImageObject\",\"inLanguage\":\"es\",\"@id\":\"https:\/\/nuevodigitaldeescobar.com.ar\/#\/schema\/logo\/image\/\",\"url\":\"https:\/\/nuevodigitaldeescobar.com.ar\/wp-content\/uploads\/2025\/05\/cropped-logo-nuevo2.jpg\",\"contentUrl\":\"https:\/\/nuevodigitaldeescobar.com.ar\/wp-content\/uploads\/2025\/05\/cropped-logo-nuevo2.jpg\",\"width\":305,\"height\":305,\"caption\":\"Nuevo Digital de Escobar\"},\"image\":{\"@id\":\"https:\/\/nuevodigitaldeescobar.com.ar\/#\/schema\/logo\/image\/\"},\"sameAs\":[\"https:\/\/www.facebook.com\/NUEVODigitalDeEscobar\",\"https:\/\/x.com\/nuevodigescobar\",\"https:\/\/www.instagram.com\/nuevodigitaldeescobar\"]},{\"@type\":\"Person\",\"@id\":\"https:\/\/nuevodigitaldeescobar.com.ar\/#\/schema\/person\/035e90a8efe9a80e6eec22656ad6ea4c\",\"name\":\"Redacci\u00f3n\",\"image\":{\"@type\":\"ImageObject\",\"inLanguage\":\"es\",\"@id\":\"https:\/\/nuevodigitaldeescobar.com.ar\/#\/schema\/person\/image\/\",\"url\":\"https:\/\/secure.gravatar.com\/avatar\/8af8f40000c24e9eef3034f2be5998a372bb1389e64b1a4a36b3a7979142220d?s=96&d=mm&r=g\",\"contentUrl\":\"https:\/\/secure.gravatar.com\/avatar\/8af8f40000c24e9eef3034f2be5998a372bb1389e64b1a4a36b3a7979142220d?s=96&d=mm&r=g\",\"caption\":\"Redacci\u00f3n\"},\"sameAs\":[\"http:\/\/nuevodigitaldeescobar.com.ar\"],\"url\":\"https:\/\/nuevodigitaldeescobar.com.ar\/?author=1\"}]}<\/script>\n<!-- \/ Yoast SEO plugin. -->","yoast_head_json":{"title":"La inflaci\u00f3n de mayo fue del 1,5% y marc\u00f3 el registro m\u00e1s bajo de los \u00faltimos cinco a\u00f1os - Nuevo Digital de Escobar","robots":{"index":"index","follow":"follow","max-snippet":"max-snippet:-1","max-image-preview":"max-image-preview:large","max-video-preview":"max-video-preview:-1"},"canonical":"https:\/\/nuevodigitaldeescobar.com.ar\/?p=15572","og_locale":"es_ES","og_type":"article","og_title":"La inflaci\u00f3n de mayo fue del 1,5% y marc\u00f3 el registro m\u00e1s bajo de los \u00faltimos cinco a\u00f1os - Nuevo Digital de Escobar","og_description":"La inflaci\u00f3n de mayo se ubic\u00f3 en 1,5%, seg\u00fan inform\u00f3 el Instituto Nacional de Estad\u00edstica y Censos (Indec), y confirm\u00f3 as\u00ed la continuidad de la [&hellip;]","og_url":"https:\/\/nuevodigitaldeescobar.com.ar\/?p=15572","og_site_name":"Nuevo Digital de Escobar","article_publisher":"https:\/\/www.facebook.com\/NUEVODigitalDeEscobar","article_published_time":"2025-06-13T03:57:48+00:00","article_modified_time":"2025-06-13T03:57:52+00:00","og_image":[{"width":720,"height":405,"url":"https:\/\/nuevodigitaldeescobar.com.ar\/wp-content\/uploads\/2023\/11\/inflacion-precios-alimentos-e1699911823983.jpg","type":"image\/jpeg"}],"author":"Redacci\u00f3n","twitter_card":"summary_large_image","twitter_creator":"@nuevodigescobar","twitter_site":"@nuevodigescobar","twitter_misc":{"Escrito por":"Redacci\u00f3n","Tiempo de lectura":"3 minutos"},"schema":{"@context":"https:\/\/schema.org","@graph":[{"@type":"Article","@id":"https:\/\/nuevodigitaldeescobar.com.ar\/?p=15572#article","isPartOf":{"@id":"https:\/\/nuevodigitaldeescobar.com.ar\/?p=15572"},"author":{"name":"Redacci\u00f3n","@id":"https:\/\/nuevodigitaldeescobar.com.ar\/#\/schema\/person\/035e90a8efe9a80e6eec22656ad6ea4c"},"headline":"La inflaci\u00f3n de mayo fue del 1,5% y marc\u00f3 el registro m\u00e1s bajo de los \u00faltimos cinco a\u00f1os","datePublished":"2025-06-13T03:57:48+00:00","dateModified":"2025-06-13T03:57:52+00:00","mainEntityOfPage":{"@id":"https:\/\/nuevodigitaldeescobar.com.ar\/?p=15572"},"wordCount":587,"commentCount":0,"publisher":{"@id":"https:\/\/nuevodigitaldeescobar.com.ar\/#organization"},"image":{"@id":"https:\/\/nuevodigitaldeescobar.com.ar\/?p=15572#primaryimage"},"thumbnailUrl":"https:\/\/nuevodigitaldeescobar.com.ar\/wp-content\/uploads\/2023\/11\/inflacion-precios-alimentos-e1699911823983.jpg","articleSection":["Econom\u00eda"],"inLanguage":"es","potentialAction":[{"@type":"CommentAction","name":"Comment","target":["https:\/\/nuevodigitaldeescobar.com.ar\/?p=15572#respond"]}]},{"@type":"WebPage","@id":"https:\/\/nuevodigitaldeescobar.com.ar\/?p=15572","url":"https:\/\/nuevodigitaldeescobar.com.ar\/?p=15572","name":"La inflaci\u00f3n de mayo fue del 1,5% y marc\u00f3 el registro m\u00e1s bajo de los \u00faltimos cinco a\u00f1os - Nuevo Digital de Escobar","isPartOf":{"@id":"https:\/\/nuevodigitaldeescobar.com.ar\/#website"},"primaryImageOfPage":{"@id":"https:\/\/nuevodigitaldeescobar.com.ar\/?p=15572#primaryimage"},"image":{"@id":"https:\/\/nuevodigitaldeescobar.com.ar\/?p=15572#primaryimage"},"thumbnailUrl":"https:\/\/nuevodigitaldeescobar.com.ar\/wp-content\/uploads\/2023\/11\/inflacion-precios-alimentos-e1699911823983.jpg","datePublished":"2025-06-13T03:57:48+00:00","dateModified":"2025-06-13T03:57:52+00:00","breadcrumb":{"@id":"https:\/\/nuevodigitaldeescobar.com.ar\/?p=15572#breadcrumb"},"inLanguage":"es","potentialAction":[{"@type":"ReadAction","target":["https:\/\/nuevodigitaldeescobar.com.ar\/?p=15572"]}]},{"@type":"ImageObject","inLanguage":"es","@id":"https:\/\/nuevodigitaldeescobar.com.ar\/?p=15572#primaryimage","url":"https:\/\/nuevodigitaldeescobar.com.ar\/wp-content\/uploads\/2023\/11\/inflacion-precios-alimentos-e1699911823983.jpg","contentUrl":"https:\/\/nuevodigitaldeescobar.com.ar\/wp-content\/uploads\/2023\/11\/inflacion-precios-alimentos-e1699911823983.jpg","width":720,"height":405},{"@type":"BreadcrumbList","@id":"https:\/\/nuevodigitaldeescobar.com.ar\/?p=15572#breadcrumb","itemListElement":[{"@type":"ListItem","position":1,"name":"Portada","item":"https:\/\/nuevodigitaldeescobar.com.ar\/"},{"@type":"ListItem","position":2,"name":"La inflaci\u00f3n de mayo fue del 1,5% y marc\u00f3 el registro m\u00e1s bajo de los \u00faltimos cinco a\u00f1os"}]},{"@type":"WebSite","@id":"https:\/\/nuevodigitaldeescobar.com.ar\/#website","url":"https:\/\/nuevodigitaldeescobar.com.ar\/","name":"Nuevo Digital de Escobar","description":"La vida escobarense. Directora: Rosana Brunner","publisher":{"@id":"https:\/\/nuevodigitaldeescobar.com.ar\/#organization"},"potentialAction":[{"@type":"SearchAction","target":{"@type":"EntryPoint","urlTemplate":"https:\/\/nuevodigitaldeescobar.com.ar\/?s={search_term_string}"},"query-input":{"@type":"PropertyValueSpecification","valueRequired":true,"valueName":"search_term_string"}}],"inLanguage":"es"},{"@type":"Organization","@id":"https:\/\/nuevodigitaldeescobar.com.ar\/#organization","name":"Nuevo Digital de Escobar","url":"https:\/\/nuevodigitaldeescobar.com.ar\/","logo":{"@type":"ImageObject","inLanguage":"es","@id":"https:\/\/nuevodigitaldeescobar.com.ar\/#\/schema\/logo\/image\/","url":"https:\/\/nuevodigitaldeescobar.com.ar\/wp-content\/uploads\/2025\/05\/cropped-logo-nuevo2.jpg","contentUrl":"https:\/\/nuevodigitaldeescobar.com.ar\/wp-content\/uploads\/2025\/05\/cropped-logo-nuevo2.jpg","width":305,"height":305,"caption":"Nuevo Digital de Escobar"},"image":{"@id":"https:\/\/nuevodigitaldeescobar.com.ar\/#\/schema\/logo\/image\/"},"sameAs":["https:\/\/www.facebook.com\/NUEVODigitalDeEscobar","https:\/\/x.com\/nuevodigescobar","https:\/\/www.instagram.com\/nuevodigitaldeescobar"]},{"@type":"Person","@id":"https:\/\/nuevodigitaldeescobar.com.ar\/#\/schema\/person\/035e90a8efe9a80e6eec22656ad6ea4c","name":"Redacci\u00f3n","image":{"@type":"ImageObject","inLanguage":"es","@id":"https:\/\/nuevodigitaldeescobar.com.ar\/#\/schema\/person\/image\/","url":"https:\/\/secure.gravatar.com\/avatar\/8af8f40000c24e9eef3034f2be5998a372bb1389e64b1a4a36b3a7979142220d?s=96&d=mm&r=g","contentUrl":"https:\/\/secure.gravatar.com\/avatar\/8af8f40000c24e9eef3034f2be5998a372bb1389e64b1a4a36b3a7979142220d?s=96&d=mm&r=g","caption":"Redacci\u00f3n"},"sameAs":["http:\/\/nuevodigitaldeescobar.com.ar"],"url":"https:\/\/nuevodigitaldeescobar.com.ar\/?author=1"}]}},"featured_image_urls":{"full":["https:\/\/nuevodigitaldeescobar.com.ar\/wp-content\/uploads\/2023\/11\/inflacion-precios-alimentos-e1699911823983.jpg",720,405,false],"thumbnail":["https:\/\/nuevodigitaldeescobar.com.ar\/wp-content\/uploads\/2023\/11\/inflacion-precios-alimentos-150x150.jpg",150,150,true],"medium":["https:\/\/nuevodigitaldeescobar.com.ar\/wp-content\/uploads\/2023\/11\/inflacion-precios-alimentos-300x169.jpg",300,169,true],"medium_large":["https:\/\/nuevodigitaldeescobar.com.ar\/wp-content\/uploads\/2023\/11\/inflacion-precios-alimentos-e1699911823983.jpg",640,360,false],"large":["https:\/\/nuevodigitaldeescobar.com.ar\/wp-content\/uploads\/2023\/11\/inflacion-precios-alimentos-e1699911823983.jpg",640,360,false],"1536x1536":["https:\/\/nuevodigitaldeescobar.com.ar\/wp-content\/uploads\/2023\/11\/inflacion-precios-alimentos-e1699911823983.jpg",720,405,false],"2048x2048":["https:\/\/nuevodigitaldeescobar.com.ar\/wp-content\/uploads\/2023\/11\/inflacion-precios-alimentos-e1699911823983.jpg",720,405,false]},"author_info":{"display_name":"Redacci\u00f3n","author_link":"https:\/\/nuevodigitaldeescobar.com.ar\/?author=1"},"category_info":"<a href=\"https:\/\/nuevodigitaldeescobar.com.ar\/?cat=10\" rel=\"category\">Econom\u00eda<\/a>","tag_info":"Econom\u00eda","comment_count":"0","_links":{"self":[{"href":"https:\/\/nuevodigitaldeescobar.com.ar\/index.php?rest_route=\/wp\/v2\/posts\/15572","targetHints":{"allow":["GET"]}}],"collection":[{"href":"https:\/\/nuevodigitaldeescobar.com.ar\/index.php?rest_route=\/wp\/v2\/posts"}],"about":[{"href":"https:\/\/nuevodigitaldeescobar.com.ar\/index.php?rest_route=\/wp\/v2\/types\/post"}],"author":[{"embeddable":true,"href":"https:\/\/nuevodigitaldeescobar.com.ar\/index.php?rest_route=\/wp\/v2\/users\/1"}],"replies":[{"embeddable":true,"href":"https:\/\/nuevodigitaldeescobar.com.ar\/index.php?rest_route=%2Fwp%2Fv2%2Fcomments&post=15572"}],"version-history":[{"count":1,"href":"https:\/\/nuevodigitaldeescobar.com.ar\/index.php?rest_route=\/wp\/v2\/posts\/15572\/revisions"}],"predecessor-version":[{"id":15573,"href":"https:\/\/nuevodigitaldeescobar.com.ar\/index.php?rest_route=\/wp\/v2\/posts\/15572\/revisions\/15573"}],"wp:featuredmedia":[{"embeddable":true,"href":"https:\/\/nuevodigitaldeescobar.com.ar\/index.php?rest_route=\/wp\/v2\/media\/913"}],"wp:attachment":[{"href":"https:\/\/nuevodigitaldeescobar.com.ar\/index.php?rest_route=%2Fwp%2Fv2%2Fmedia&parent=15572"}],"wp:term":[{"taxonomy":"category","embeddable":true,"href":"https:\/\/nuevodigitaldeescobar.com.ar\/index.php?rest_route=%2Fwp%2Fv2%2Fcategories&post=15572"},{"taxonomy":"post_tag","embeddable":true,"href":"https:\/\/nuevodigitaldeescobar.com.ar\/index.php?rest_route=%2Fwp%2Fv2%2Ftags&post=15572"}],"curies":[{"name":"wp","href":"https:\/\/api.w.org\/{rel}","templated":true}]}}