{"id":15578,"date":"2025-06-14T02:47:20","date_gmt":"2025-06-14T05:47:20","guid":{"rendered":"https:\/\/nuevodigitaldeescobar.com.ar\/?p=15578"},"modified":"2025-06-14T02:47:25","modified_gmt":"2025-06-14T05:47:25","slug":"pantallas-y-ninez-advierten-sobre-un-circulo-vicioso-entre-problemas-emocionales-y-uso-excesivo","status":"publish","type":"post","link":"https:\/\/nuevodigitaldeescobar.com.ar\/?p=15578","title":{"rendered":"Pantallas y ni\u00f1ez: advierten sobre un c\u00edrculo vicioso entre problemas emocionales y uso excesivo"},"content":{"rendered":"\n<p class=\"has-vivid-cyan-blue-color has-text-color has-link-color wp-elements-ddd18e24d2264384c19320bd0a38ff7e\"><strong><em>Un nuevo estudio internacional alerta sobre una preocupante relaci\u00f3n rec\u00edproca entre el uso excesivo de pantallas \u2014especialmente videojuegos\u2014 y el desarrollo de trastornos emocionales en ni\u00f1os y ni\u00f1as. Seg\u00fan la investigaci\u00f3n, los menores con ansiedad, depresi\u00f3n o conductas disruptivas tienden a refugiarse en las pantallas para escapar de su malestar, pero esa conducta, lejos de ayudarlos, termina intensificando los s\u00edntomas.<\/em><\/strong><\/p>\n\n\n\n<!--more-->\n\n\n\n<p>El informe fue publicado este 9 de junio en la revista cient\u00edfica <em>Psychological Bulletin<\/em>, y se basa en el an\u00e1lisis conjunto de 117 estudios que incluyen datos de m\u00e1s de 292.000 ni\u00f1os de distintos pa\u00edses. La revisi\u00f3n estuvo a cargo de un equipo encabezado por el psic\u00f3logo Michael Noetel, profesor asociado de la Universidad de Queensland, en Australia.<\/p>\n\n\n\n<blockquote class=\"wp-block-quote is-layout-flow wp-block-quote-is-layout-flow\">\n<p><em>\u201cEncontramos que un mayor tiempo frente a las pantallas puede derivar en problemas emocionales y conductuales, y que los chicos que ya tienen esas dificultades recurren con mayor frecuencia a las pantallas para sobrellevarlas\u201d<\/em>, explic\u00f3 Noetel.<\/p>\n<\/blockquote>\n\n\n\n<h3 class=\"wp-block-heading has-text-color has-link-color wp-elements-0e0709d4641a11c6e724e6c86c6919bd\" style=\"color:#0626b3\"><em>Videojuegos, los m\u00e1s asociados al impacto negativo<\/em><\/h3>\n\n\n\n<p>El uso de pantallas con fines educativos o recreativos no mostr\u00f3 una relaci\u00f3n significativa con el desarrollo emocional. Pero s\u00ed se observaron efectos m\u00e1s severos cuando el uso estaba centrado en videojuegos, en especial si estos funcionaban como forma de evasi\u00f3n emocional.<\/p>\n\n\n\n<p>Entre los efectos m\u00e1s frecuentes se detectaron s\u00edntomas de ansiedad, depresi\u00f3n, agresividad e hiperactividad. Adem\u00e1s, el estudio detect\u00f3 que el grupo etario m\u00e1s vulnerable es el de los chicos de entre 6 y 10 a\u00f1os.<\/p>\n\n\n\n<p>Tambi\u00e9n se identificaron diferencias por g\u00e9nero: mientras que las ni\u00f1as tendieron a presentar m\u00e1s s\u00edntomas emocionales asociados al uso excesivo de pantallas, los varones fueron m\u00e1s propensos a incrementar el tiempo frente a ellas como forma de escape ante conflictos emocionales o conductuales.<\/p>\n\n\n\n<h3 class=\"wp-block-heading has-text-color has-link-color wp-elements-4068f626c438f01c80ccf626b3711e58\" style=\"color:#0626b3\"><em>Un llamado de atenci\u00f3n a padres y cuidadores<\/em><\/h3>\n\n\n\n<p>Los autores del estudio sugieren que el uso excesivo de pantallas por parte de un ni\u00f1o o ni\u00f1a no debe ser visto solo como una mala costumbre, sino tambi\u00e9n como una posible se\u00f1al de alerta.<\/p>\n\n\n\n<blockquote class=\"wp-block-quote is-layout-flow wp-block-quote-is-layout-flow\">\n<p><em>\u201cLos padres pueden considerar el uso intensivo de pantallas como una manifestaci\u00f3n de un malestar emocional no verbalizado. Es importante no solo establecer l\u00edmites, sino tambi\u00e9n ofrecer contenci\u00f3n, escucha y alternativas saludables\u201d<\/em>, sostuvo Noetel.<\/p>\n<\/blockquote>\n\n\n\n<h3 class=\"wp-block-heading has-text-color has-link-color wp-elements-2f73ce9e0c76f927603678aff21ec71f\" style=\"color:#0626b3\"><em>\u00bfQu\u00e9 falta para probar la relaci\u00f3n causal?<\/em><\/h3>\n\n\n\n<p>Aunque los resultados son consistentes, el equipo investigador advirti\u00f3 que todav\u00eda no se puede afirmar con certeza que el uso de pantallas sea la causa directa de los problemas emocionales. Existen otras variables \u2014como el estilo de crianza, el contexto social o la din\u00e1mica familiar\u2014 que tambi\u00e9n podr\u00edan influir en ambos factores.<\/p>\n\n\n\n<blockquote class=\"wp-block-quote is-layout-flow wp-block-quote-is-layout-flow\">\n<p><em>\u201cEs lo m\u00e1s cerca que podemos llegar a establecer una relaci\u00f3n causal sin hacer ensayos cl\u00ednicos que impliquen privar aleatoriamente a miles de chicos del uso de pantallas\u201d<\/em>, explic\u00f3 el autor.<\/p>\n<\/blockquote>\n\n\n\n<p>Lo cierto es que, con base en este an\u00e1lisis masivo de datos, el uso excesivo de pantallas en la infancia ya no puede considerarse inocuo. M\u00e1s bien, se convierte en un fen\u00f3meno que merece ser comprendido desde una perspectiva integral de la salud mental y el desarrollo infantil.<\/p>\n\n\n\n<p><em>Fuente: Infobae<\/em><\/p>\n","protected":false},"excerpt":{"rendered":"<p>Un nuevo estudio internacional alerta sobre una preocupante relaci\u00f3n rec\u00edproca entre el uso excesivo de pantallas \u2014especialmente videojuegos\u2014 y el desarrollo de trastornos emocionales en [&hellip;]<\/p>\n","protected":false},"author":1,"featured_media":15579,"comment_status":"open","ping_status":"open","sticky":false,"template":"","format":"standard","meta":{"footnotes":""},"categories":[3],"tags":[],"class_list":["post-15578","post","type-post","status-publish","format-standard","has-post-thumbnail","hentry","category-nutricion"],"better_featured_image":{"id":15579,"alt_text":"","caption":"","description":"","media_type":"image","media_details":{"width":821,"height":459,"file":"2025\/06\/pantallaschicos25.png","filesize":490516,"sizes":{"medium":{"file":"pantallaschicos25-300x168.png","width":300,"height":168,"mime-type":"image\/png","filesize":56178,"source_url":"https:\/\/nuevodigitaldeescobar.com.ar\/wp-content\/uploads\/2025\/06\/pantallaschicos25-300x168.png"},"thumbnail":{"file":"pantallaschicos25-150x150.png","width":150,"height":150,"mime-type":"image\/png","filesize":30586,"source_url":"https:\/\/nuevodigitaldeescobar.com.ar\/wp-content\/uploads\/2025\/06\/pantallaschicos25-150x150.png"},"medium_large":{"file":"pantallaschicos25-768x429.png","width":768,"height":429,"mime-type":"image\/png","filesize":253766,"source_url":"https:\/\/nuevodigitaldeescobar.com.ar\/wp-content\/uploads\/2025\/06\/pantallaschicos25-768x429.png"}},"image_meta":{"aperture":"0","credit":"","camera":"","caption":"","created_timestamp":"0","copyright":"","focal_length":"0","iso":"0","shutter_speed":"0","title":"","orientation":"0","keywords":[]}},"post":15578,"source_url":"https:\/\/nuevodigitaldeescobar.com.ar\/wp-content\/uploads\/2025\/06\/pantallaschicos25.png"},"yoast_head":"<!-- This site is optimized with the Yoast SEO plugin v26.1.1 - https:\/\/yoast.com\/wordpress\/plugins\/seo\/ -->\n<title>Pantallas y ni\u00f1ez: advierten sobre un c\u00edrculo vicioso entre problemas emocionales y uso excesivo - Nuevo Digital de Escobar<\/title>\n<meta name=\"robots\" content=\"index, follow, max-snippet:-1, max-image-preview:large, max-video-preview:-1\" \/>\n<link rel=\"canonical\" href=\"https:\/\/nuevodigitaldeescobar.com.ar\/?p=15578\" \/>\n<meta property=\"og:locale\" content=\"es_ES\" \/>\n<meta property=\"og:type\" content=\"article\" \/>\n<meta property=\"og:title\" content=\"Pantallas y ni\u00f1ez: advierten sobre un c\u00edrculo vicioso entre problemas emocionales y uso excesivo - Nuevo Digital de Escobar\" \/>\n<meta property=\"og:description\" content=\"Un nuevo estudio internacional alerta sobre una preocupante relaci\u00f3n rec\u00edproca entre el uso excesivo de pantallas \u2014especialmente videojuegos\u2014 y el desarrollo de trastornos emocionales en [&hellip;]\" \/>\n<meta property=\"og:url\" content=\"https:\/\/nuevodigitaldeescobar.com.ar\/?p=15578\" \/>\n<meta property=\"og:site_name\" content=\"Nuevo Digital de Escobar\" \/>\n<meta property=\"article:publisher\" content=\"https:\/\/www.facebook.com\/NUEVODigitalDeEscobar\" \/>\n<meta property=\"article:published_time\" content=\"2025-06-14T05:47:20+00:00\" \/>\n<meta property=\"article:modified_time\" content=\"2025-06-14T05:47:25+00:00\" \/>\n<meta property=\"og:image\" content=\"https:\/\/nuevodigitaldeescobar.com.ar\/wp-content\/uploads\/2025\/06\/pantallaschicos25.png\" \/>\n\t<meta property=\"og:image:width\" content=\"821\" \/>\n\t<meta property=\"og:image:height\" content=\"459\" \/>\n\t<meta property=\"og:image:type\" content=\"image\/png\" \/>\n<meta name=\"author\" content=\"Redacci\u00f3n\" \/>\n<meta name=\"twitter:card\" content=\"summary_large_image\" \/>\n<meta name=\"twitter:creator\" content=\"@nuevodigescobar\" \/>\n<meta name=\"twitter:site\" content=\"@nuevodigescobar\" \/>\n<meta name=\"twitter:label1\" content=\"Escrito por\" \/>\n\t<meta name=\"twitter:data1\" content=\"Redacci\u00f3n\" \/>\n\t<meta name=\"twitter:label2\" content=\"Tiempo de lectura\" \/>\n\t<meta name=\"twitter:data2\" content=\"3 minutos\" \/>\n<script type=\"application\/ld+json\" class=\"yoast-schema-graph\">{\"@context\":\"https:\/\/schema.org\",\"@graph\":[{\"@type\":\"Article\",\"@id\":\"https:\/\/nuevodigitaldeescobar.com.ar\/?p=15578#article\",\"isPartOf\":{\"@id\":\"https:\/\/nuevodigitaldeescobar.com.ar\/?p=15578\"},\"author\":{\"name\":\"Redacci\u00f3n\",\"@id\":\"https:\/\/nuevodigitaldeescobar.com.ar\/#\/schema\/person\/035e90a8efe9a80e6eec22656ad6ea4c\"},\"headline\":\"Pantallas y ni\u00f1ez: advierten sobre un c\u00edrculo vicioso entre problemas emocionales y uso excesivo\",\"datePublished\":\"2025-06-14T05:47:20+00:00\",\"dateModified\":\"2025-06-14T05:47:25+00:00\",\"mainEntityOfPage\":{\"@id\":\"https:\/\/nuevodigitaldeescobar.com.ar\/?p=15578\"},\"wordCount\":560,\"commentCount\":0,\"publisher\":{\"@id\":\"https:\/\/nuevodigitaldeescobar.com.ar\/#organization\"},\"image\":{\"@id\":\"https:\/\/nuevodigitaldeescobar.com.ar\/?p=15578#primaryimage\"},\"thumbnailUrl\":\"https:\/\/nuevodigitaldeescobar.com.ar\/wp-content\/uploads\/2025\/06\/pantallaschicos25.png\",\"articleSection\":[\"Salud y Nutrici\u00f3n\"],\"inLanguage\":\"es\",\"potentialAction\":[{\"@type\":\"CommentAction\",\"name\":\"Comment\",\"target\":[\"https:\/\/nuevodigitaldeescobar.com.ar\/?p=15578#respond\"]}]},{\"@type\":\"WebPage\",\"@id\":\"https:\/\/nuevodigitaldeescobar.com.ar\/?p=15578\",\"url\":\"https:\/\/nuevodigitaldeescobar.com.ar\/?p=15578\",\"name\":\"Pantallas y ni\u00f1ez: advierten sobre un c\u00edrculo vicioso entre problemas emocionales y uso excesivo - Nuevo Digital de Escobar\",\"isPartOf\":{\"@id\":\"https:\/\/nuevodigitaldeescobar.com.ar\/#website\"},\"primaryImageOfPage\":{\"@id\":\"https:\/\/nuevodigitaldeescobar.com.ar\/?p=15578#primaryimage\"},\"image\":{\"@id\":\"https:\/\/nuevodigitaldeescobar.com.ar\/?p=15578#primaryimage\"},\"thumbnailUrl\":\"https:\/\/nuevodigitaldeescobar.com.ar\/wp-content\/uploads\/2025\/06\/pantallaschicos25.png\",\"datePublished\":\"2025-06-14T05:47:20+00:00\",\"dateModified\":\"2025-06-14T05:47:25+00:00\",\"breadcrumb\":{\"@id\":\"https:\/\/nuevodigitaldeescobar.com.ar\/?p=15578#breadcrumb\"},\"inLanguage\":\"es\",\"potentialAction\":[{\"@type\":\"ReadAction\",\"target\":[\"https:\/\/nuevodigitaldeescobar.com.ar\/?p=15578\"]}]},{\"@type\":\"ImageObject\",\"inLanguage\":\"es\",\"@id\":\"https:\/\/nuevodigitaldeescobar.com.ar\/?p=15578#primaryimage\",\"url\":\"https:\/\/nuevodigitaldeescobar.com.ar\/wp-content\/uploads\/2025\/06\/pantallaschicos25.png\",\"contentUrl\":\"https:\/\/nuevodigitaldeescobar.com.ar\/wp-content\/uploads\/2025\/06\/pantallaschicos25.png\",\"width\":821,\"height\":459},{\"@type\":\"BreadcrumbList\",\"@id\":\"https:\/\/nuevodigitaldeescobar.com.ar\/?p=15578#breadcrumb\",\"itemListElement\":[{\"@type\":\"ListItem\",\"position\":1,\"name\":\"Portada\",\"item\":\"https:\/\/nuevodigitaldeescobar.com.ar\/\"},{\"@type\":\"ListItem\",\"position\":2,\"name\":\"Pantallas y ni\u00f1ez: advierten sobre un c\u00edrculo vicioso entre problemas emocionales y uso excesivo\"}]},{\"@type\":\"WebSite\",\"@id\":\"https:\/\/nuevodigitaldeescobar.com.ar\/#website\",\"url\":\"https:\/\/nuevodigitaldeescobar.com.ar\/\",\"name\":\"Nuevo Digital de Escobar\",\"description\":\"La vida escobarense. Directora: Rosana Brunner\",\"publisher\":{\"@id\":\"https:\/\/nuevodigitaldeescobar.com.ar\/#organization\"},\"potentialAction\":[{\"@type\":\"SearchAction\",\"target\":{\"@type\":\"EntryPoint\",\"urlTemplate\":\"https:\/\/nuevodigitaldeescobar.com.ar\/?s={search_term_string}\"},\"query-input\":{\"@type\":\"PropertyValueSpecification\",\"valueRequired\":true,\"valueName\":\"search_term_string\"}}],\"inLanguage\":\"es\"},{\"@type\":\"Organization\",\"@id\":\"https:\/\/nuevodigitaldeescobar.com.ar\/#organization\",\"name\":\"Nuevo Digital de Escobar\",\"url\":\"https:\/\/nuevodigitaldeescobar.com.ar\/\",\"logo\":{\"@type\":\"ImageObject\",\"inLanguage\":\"es\",\"@id\":\"https:\/\/nuevodigitaldeescobar.com.ar\/#\/schema\/logo\/image\/\",\"url\":\"https:\/\/nuevodigitaldeescobar.com.ar\/wp-content\/uploads\/2025\/05\/cropped-logo-nuevo2.jpg\",\"contentUrl\":\"https:\/\/nuevodigitaldeescobar.com.ar\/wp-content\/uploads\/2025\/05\/cropped-logo-nuevo2.jpg\",\"width\":305,\"height\":305,\"caption\":\"Nuevo Digital de Escobar\"},\"image\":{\"@id\":\"https:\/\/nuevodigitaldeescobar.com.ar\/#\/schema\/logo\/image\/\"},\"sameAs\":[\"https:\/\/www.facebook.com\/NUEVODigitalDeEscobar\",\"https:\/\/x.com\/nuevodigescobar\",\"https:\/\/www.instagram.com\/nuevodigitaldeescobar\"]},{\"@type\":\"Person\",\"@id\":\"https:\/\/nuevodigitaldeescobar.com.ar\/#\/schema\/person\/035e90a8efe9a80e6eec22656ad6ea4c\",\"name\":\"Redacci\u00f3n\",\"image\":{\"@type\":\"ImageObject\",\"inLanguage\":\"es\",\"@id\":\"https:\/\/nuevodigitaldeescobar.com.ar\/#\/schema\/person\/image\/\",\"url\":\"https:\/\/secure.gravatar.com\/avatar\/8af8f40000c24e9eef3034f2be5998a372bb1389e64b1a4a36b3a7979142220d?s=96&d=mm&r=g\",\"contentUrl\":\"https:\/\/secure.gravatar.com\/avatar\/8af8f40000c24e9eef3034f2be5998a372bb1389e64b1a4a36b3a7979142220d?s=96&d=mm&r=g\",\"caption\":\"Redacci\u00f3n\"},\"sameAs\":[\"http:\/\/nuevodigitaldeescobar.com.ar\"],\"url\":\"https:\/\/nuevodigitaldeescobar.com.ar\/?author=1\"}]}<\/script>\n<!-- \/ Yoast SEO plugin. -->","yoast_head_json":{"title":"Pantallas y ni\u00f1ez: advierten sobre un c\u00edrculo vicioso entre problemas emocionales y uso excesivo - Nuevo Digital de Escobar","robots":{"index":"index","follow":"follow","max-snippet":"max-snippet:-1","max-image-preview":"max-image-preview:large","max-video-preview":"max-video-preview:-1"},"canonical":"https:\/\/nuevodigitaldeescobar.com.ar\/?p=15578","og_locale":"es_ES","og_type":"article","og_title":"Pantallas y ni\u00f1ez: advierten sobre un c\u00edrculo vicioso entre problemas emocionales y uso excesivo - Nuevo Digital de Escobar","og_description":"Un nuevo estudio internacional alerta sobre una preocupante relaci\u00f3n rec\u00edproca entre el uso excesivo de pantallas \u2014especialmente videojuegos\u2014 y el desarrollo de trastornos emocionales en [&hellip;]","og_url":"https:\/\/nuevodigitaldeescobar.com.ar\/?p=15578","og_site_name":"Nuevo Digital de Escobar","article_publisher":"https:\/\/www.facebook.com\/NUEVODigitalDeEscobar","article_published_time":"2025-06-14T05:47:20+00:00","article_modified_time":"2025-06-14T05:47:25+00:00","og_image":[{"width":821,"height":459,"url":"https:\/\/nuevodigitaldeescobar.com.ar\/wp-content\/uploads\/2025\/06\/pantallaschicos25.png","type":"image\/png"}],"author":"Redacci\u00f3n","twitter_card":"summary_large_image","twitter_creator":"@nuevodigescobar","twitter_site":"@nuevodigescobar","twitter_misc":{"Escrito por":"Redacci\u00f3n","Tiempo de lectura":"3 minutos"},"schema":{"@context":"https:\/\/schema.org","@graph":[{"@type":"Article","@id":"https:\/\/nuevodigitaldeescobar.com.ar\/?p=15578#article","isPartOf":{"@id":"https:\/\/nuevodigitaldeescobar.com.ar\/?p=15578"},"author":{"name":"Redacci\u00f3n","@id":"https:\/\/nuevodigitaldeescobar.com.ar\/#\/schema\/person\/035e90a8efe9a80e6eec22656ad6ea4c"},"headline":"Pantallas y ni\u00f1ez: advierten sobre un c\u00edrculo vicioso entre problemas emocionales y uso excesivo","datePublished":"2025-06-14T05:47:20+00:00","dateModified":"2025-06-14T05:47:25+00:00","mainEntityOfPage":{"@id":"https:\/\/nuevodigitaldeescobar.com.ar\/?p=15578"},"wordCount":560,"commentCount":0,"publisher":{"@id":"https:\/\/nuevodigitaldeescobar.com.ar\/#organization"},"image":{"@id":"https:\/\/nuevodigitaldeescobar.com.ar\/?p=15578#primaryimage"},"thumbnailUrl":"https:\/\/nuevodigitaldeescobar.com.ar\/wp-content\/uploads\/2025\/06\/pantallaschicos25.png","articleSection":["Salud y Nutrici\u00f3n"],"inLanguage":"es","potentialAction":[{"@type":"CommentAction","name":"Comment","target":["https:\/\/nuevodigitaldeescobar.com.ar\/?p=15578#respond"]}]},{"@type":"WebPage","@id":"https:\/\/nuevodigitaldeescobar.com.ar\/?p=15578","url":"https:\/\/nuevodigitaldeescobar.com.ar\/?p=15578","name":"Pantallas y ni\u00f1ez: advierten sobre un c\u00edrculo vicioso entre problemas emocionales y uso excesivo - Nuevo Digital de Escobar","isPartOf":{"@id":"https:\/\/nuevodigitaldeescobar.com.ar\/#website"},"primaryImageOfPage":{"@id":"https:\/\/nuevodigitaldeescobar.com.ar\/?p=15578#primaryimage"},"image":{"@id":"https:\/\/nuevodigitaldeescobar.com.ar\/?p=15578#primaryimage"},"thumbnailUrl":"https:\/\/nuevodigitaldeescobar.com.ar\/wp-content\/uploads\/2025\/06\/pantallaschicos25.png","datePublished":"2025-06-14T05:47:20+00:00","dateModified":"2025-06-14T05:47:25+00:00","breadcrumb":{"@id":"https:\/\/nuevodigitaldeescobar.com.ar\/?p=15578#breadcrumb"},"inLanguage":"es","potentialAction":[{"@type":"ReadAction","target":["https:\/\/nuevodigitaldeescobar.com.ar\/?p=15578"]}]},{"@type":"ImageObject","inLanguage":"es","@id":"https:\/\/nuevodigitaldeescobar.com.ar\/?p=15578#primaryimage","url":"https:\/\/nuevodigitaldeescobar.com.ar\/wp-content\/uploads\/2025\/06\/pantallaschicos25.png","contentUrl":"https:\/\/nuevodigitaldeescobar.com.ar\/wp-content\/uploads\/2025\/06\/pantallaschicos25.png","width":821,"height":459},{"@type":"BreadcrumbList","@id":"https:\/\/nuevodigitaldeescobar.com.ar\/?p=15578#breadcrumb","itemListElement":[{"@type":"ListItem","position":1,"name":"Portada","item":"https:\/\/nuevodigitaldeescobar.com.ar\/"},{"@type":"ListItem","position":2,"name":"Pantallas y ni\u00f1ez: advierten sobre un c\u00edrculo vicioso entre problemas emocionales y uso excesivo"}]},{"@type":"WebSite","@id":"https:\/\/nuevodigitaldeescobar.com.ar\/#website","url":"https:\/\/nuevodigitaldeescobar.com.ar\/","name":"Nuevo Digital de Escobar","description":"La vida escobarense. Directora: Rosana Brunner","publisher":{"@id":"https:\/\/nuevodigitaldeescobar.com.ar\/#organization"},"potentialAction":[{"@type":"SearchAction","target":{"@type":"EntryPoint","urlTemplate":"https:\/\/nuevodigitaldeescobar.com.ar\/?s={search_term_string}"},"query-input":{"@type":"PropertyValueSpecification","valueRequired":true,"valueName":"search_term_string"}}],"inLanguage":"es"},{"@type":"Organization","@id":"https:\/\/nuevodigitaldeescobar.com.ar\/#organization","name":"Nuevo Digital de Escobar","url":"https:\/\/nuevodigitaldeescobar.com.ar\/","logo":{"@type":"ImageObject","inLanguage":"es","@id":"https:\/\/nuevodigitaldeescobar.com.ar\/#\/schema\/logo\/image\/","url":"https:\/\/nuevodigitaldeescobar.com.ar\/wp-content\/uploads\/2025\/05\/cropped-logo-nuevo2.jpg","contentUrl":"https:\/\/nuevodigitaldeescobar.com.ar\/wp-content\/uploads\/2025\/05\/cropped-logo-nuevo2.jpg","width":305,"height":305,"caption":"Nuevo Digital de Escobar"},"image":{"@id":"https:\/\/nuevodigitaldeescobar.com.ar\/#\/schema\/logo\/image\/"},"sameAs":["https:\/\/www.facebook.com\/NUEVODigitalDeEscobar","https:\/\/x.com\/nuevodigescobar","https:\/\/www.instagram.com\/nuevodigitaldeescobar"]},{"@type":"Person","@id":"https:\/\/nuevodigitaldeescobar.com.ar\/#\/schema\/person\/035e90a8efe9a80e6eec22656ad6ea4c","name":"Redacci\u00f3n","image":{"@type":"ImageObject","inLanguage":"es","@id":"https:\/\/nuevodigitaldeescobar.com.ar\/#\/schema\/person\/image\/","url":"https:\/\/secure.gravatar.com\/avatar\/8af8f40000c24e9eef3034f2be5998a372bb1389e64b1a4a36b3a7979142220d?s=96&d=mm&r=g","contentUrl":"https:\/\/secure.gravatar.com\/avatar\/8af8f40000c24e9eef3034f2be5998a372bb1389e64b1a4a36b3a7979142220d?s=96&d=mm&r=g","caption":"Redacci\u00f3n"},"sameAs":["http:\/\/nuevodigitaldeescobar.com.ar"],"url":"https:\/\/nuevodigitaldeescobar.com.ar\/?author=1"}]}},"featured_image_urls":{"full":["https:\/\/nuevodigitaldeescobar.com.ar\/wp-content\/uploads\/2025\/06\/pantallaschicos25.png",821,459,false],"thumbnail":["https:\/\/nuevodigitaldeescobar.com.ar\/wp-content\/uploads\/2025\/06\/pantallaschicos25-150x150.png",150,150,true],"medium":["https:\/\/nuevodigitaldeescobar.com.ar\/wp-content\/uploads\/2025\/06\/pantallaschicos25-300x168.png",300,168,true],"medium_large":["https:\/\/nuevodigitaldeescobar.com.ar\/wp-content\/uploads\/2025\/06\/pantallaschicos25-768x429.png",640,358,true],"large":["https:\/\/nuevodigitaldeescobar.com.ar\/wp-content\/uploads\/2025\/06\/pantallaschicos25.png",640,358,false],"1536x1536":["https:\/\/nuevodigitaldeescobar.com.ar\/wp-content\/uploads\/2025\/06\/pantallaschicos25.png",821,459,false],"2048x2048":["https:\/\/nuevodigitaldeescobar.com.ar\/wp-content\/uploads\/2025\/06\/pantallaschicos25.png",821,459,false]},"author_info":{"display_name":"Redacci\u00f3n","author_link":"https:\/\/nuevodigitaldeescobar.com.ar\/?author=1"},"category_info":"<a href=\"https:\/\/nuevodigitaldeescobar.com.ar\/?cat=3\" rel=\"category\">Salud y Nutrici\u00f3n<\/a>","tag_info":"Salud y Nutrici\u00f3n","comment_count":"0","_links":{"self":[{"href":"https:\/\/nuevodigitaldeescobar.com.ar\/index.php?rest_route=\/wp\/v2\/posts\/15578","targetHints":{"allow":["GET"]}}],"collection":[{"href":"https:\/\/nuevodigitaldeescobar.com.ar\/index.php?rest_route=\/wp\/v2\/posts"}],"about":[{"href":"https:\/\/nuevodigitaldeescobar.com.ar\/index.php?rest_route=\/wp\/v2\/types\/post"}],"author":[{"embeddable":true,"href":"https:\/\/nuevodigitaldeescobar.com.ar\/index.php?rest_route=\/wp\/v2\/users\/1"}],"replies":[{"embeddable":true,"href":"https:\/\/nuevodigitaldeescobar.com.ar\/index.php?rest_route=%2Fwp%2Fv2%2Fcomments&post=15578"}],"version-history":[{"count":1,"href":"https:\/\/nuevodigitaldeescobar.com.ar\/index.php?rest_route=\/wp\/v2\/posts\/15578\/revisions"}],"predecessor-version":[{"id":15580,"href":"https:\/\/nuevodigitaldeescobar.com.ar\/index.php?rest_route=\/wp\/v2\/posts\/15578\/revisions\/15580"}],"wp:featuredmedia":[{"embeddable":true,"href":"https:\/\/nuevodigitaldeescobar.com.ar\/index.php?rest_route=\/wp\/v2\/media\/15579"}],"wp:attachment":[{"href":"https:\/\/nuevodigitaldeescobar.com.ar\/index.php?rest_route=%2Fwp%2Fv2%2Fmedia&parent=15578"}],"wp:term":[{"taxonomy":"category","embeddable":true,"href":"https:\/\/nuevodigitaldeescobar.com.ar\/index.php?rest_route=%2Fwp%2Fv2%2Fcategories&post=15578"},{"taxonomy":"post_tag","embeddable":true,"href":"https:\/\/nuevodigitaldeescobar.com.ar\/index.php?rest_route=%2Fwp%2Fv2%2Ftags&post=15578"}],"curies":[{"name":"wp","href":"https:\/\/api.w.org\/{rel}","templated":true}]}}