{"id":15581,"date":"2025-06-14T02:53:06","date_gmt":"2025-06-14T05:53:06","guid":{"rendered":"https:\/\/nuevodigitaldeescobar.com.ar\/?p=15581"},"modified":"2025-06-14T02:53:17","modified_gmt":"2025-06-14T05:53:17","slug":"escalada-belica-entre-israel-e-iran-ataques-cruzados-muertos-y-tension-creciente-en-medio-oriente","status":"publish","type":"post","link":"https:\/\/nuevodigitaldeescobar.com.ar\/?p=15581","title":{"rendered":"Escalada b\u00e9lica entre Israel e Ir\u00e1n: ataques cruzados, muertos y tensi\u00f3n creciente en Medio Oriente"},"content":{"rendered":"\n<p class=\"has-vivid-cyan-blue-color has-text-color has-link-color wp-elements-9ed575a7e2948463f991598a0372153d\"><em><strong>La tensi\u00f3n en Medio Oriente alcanz\u00f3 un nuevo pico tras una serie de ataques cruzados entre Israel e Ir\u00e1n. El conflicto, que amenaza con desestabilizar a\u00fan m\u00e1s la regi\u00f3n, se intensific\u00f3 en las \u00faltimas horas con bombardeos a\u00e9reos, lanzamientos de misiles bal\u00edsticos y una alarmante cifra de v\u00edctimas fatales en ambos pa\u00edses.<\/strong><\/em><\/p>\n\n\n\n<!--more-->\n\n\n\n<p>Israel inici\u00f3 la ofensiva el viernes con ataques a\u00e9reos precisos sobre infraestructuras militares iran\u00edes, incluyendo supuestas instalaciones nucleares y centros de comando. Seg\u00fan fuentes oficiales del Estado jud\u00edo, el objetivo era desmantelar amenazas estrat\u00e9gicas antes de que Teher\u00e1n pudiera avanzar con el desarrollo de un arma nuclear. La operaci\u00f3n recibi\u00f3 el nombre de <strong>\u201cLe\u00f3n Naciente\u201d<\/strong> y habr\u00eda implicado el uso de drones infiltrados previamente en territorio iran\u00ed, lo que permiti\u00f3 atacar con precisi\u00f3n blancos clave y eliminar a altos mandos del r\u00e9gimen persa.<\/p>\n\n\n\n<p>En respuesta, Ir\u00e1n lanz\u00f3 una ola masiva de misiles bal\u00edsticos contra ciudades israel\u00edes como Jerusal\u00e9n y Tel Aviv, donde se reportaron explosiones en zonas residenciales, cortes de energ\u00eda y da\u00f1os estructurales. Las autoridades israel\u00edes confirmaron al menos tres muertos y 19 heridos como consecuencia de estos ataques. Entre los lesionados, hay casos graves y cr\u00edticos, seg\u00fan inform\u00f3 el servicio de emergencias Magen David Adom (MDA).<\/p>\n\n\n\n<figure class=\"wp-block-video aligncenter\"><video controls src=\"https:\/\/nuevodigitaldeescobar.com.ar\/wp-content\/uploads\/2025\/06\/israeliran28-1.mp4\"><\/video><\/figure>\n\n\n\n<p>Por su parte, el r\u00e9gimen iran\u00ed declar\u00f3 que los bombardeos israel\u00edes provocaron la muerte de m\u00e1s de 70 personas, entre ellos militares de alto rango, como el brigadier general <strong>Amir Ali Hajizadeh<\/strong>, jefe de la Fuerza A\u00e9rea de la Guardia Revolucionaria iran\u00ed.<\/p>\n\n\n\n<h3 class=\"wp-block-heading has-text-color has-link-color wp-elements-54c46f718686043967940ba32b1c65cb\" style=\"color:#1227c4\"><em>Bombardeos, drones y alerta internacional<\/em><\/h3>\n\n\n\n<p>Durante la madrugada del s\u00e1bado, nuevas explosiones fueron registradas en Teher\u00e1n, incluidas las inmediaciones del aeropuerto Mehrabad. Las fuerzas armadas iran\u00edes lanzaron una nueva oleada de su operaci\u00f3n <strong>\u201cPromesa Honesta 3\u201d<\/strong>, mientras la Fuerza A\u00e9rea israel\u00ed contin\u00faa sus ofensivas bajo el argumento de \u201cneutralizar amenazas inminentes\u201d.<\/p>\n\n\n\n<p>El Mando del Frente Interior de Israel activ\u00f3 las alertas en m\u00faltiples regiones del pa\u00eds, instruyendo a la poblaci\u00f3n civil a refugiarse en b\u00fankeres ante la posibilidad de nuevos impactos. Aunque la red de defensa conocida como la <strong>C\u00fapula de Hierro<\/strong> logr\u00f3 interceptar varios proyectiles, las autoridades advirtieron que \u201cla defensa no es herm\u00e9tica\u201d.<\/p>\n\n\n\n<h3 class=\"wp-block-heading has-text-color has-link-color wp-elements-bdea36d556384627c9c0de3fb49cb5e4\" style=\"color:#1227c4\"><em>Reacciones internacionales y llamados a la paz<\/em><\/h3>\n\n\n\n<p>Frente a la escalada militar, la comunidad internacional expres\u00f3 su profunda preocupaci\u00f3n. El secretario general de la ONU, <strong>Ant\u00f3nio Guterres<\/strong>, inst\u00f3 a ambas partes a detener los ataques y evitar una guerra de mayores proporciones. \u201cBombardeos israel\u00edes contra instalaciones nucleares iran\u00edes. Misiles iran\u00edes en Tel Aviv. Basta de escalada. Es hora de parar. La paz y la diplomacia deben prevalecer\u201d, expres\u00f3 a trav\u00e9s de la red X.<\/p>\n\n\n\n<p>Desde Bruselas, la presidenta de la Comisi\u00f3n Europea, <strong>Ursula von der Leyen<\/strong>, respald\u00f3 el derecho de Israel a defenderse, pero pidi\u00f3 \u201cm\u00e1xima moderaci\u00f3n\u201d para evitar un conflicto regional.<\/p>\n\n\n\n<p>En paralelo, l\u00edderes \u00e1rabes como el emir de Qatar y el pr\u00edncipe heredero de Arabia Saudita mantuvieron comunicaciones con el expresidente estadounidense <strong>Donald Trump<\/strong>, quien todav\u00eda juega un rol diplom\u00e1tico clave en la regi\u00f3n. Trump, en sinton\u00eda con el Departamento de Estado, reafirm\u00f3 su compromiso con la b\u00fasqueda de una soluci\u00f3n negociada y advirti\u00f3 que las consecuencias de una escalada ser\u00edan \u201cnefastas para Ir\u00e1n\u201d.<\/p>\n\n\n\n<h3 class=\"wp-block-heading has-text-color has-link-color wp-elements-90e1c6f172dd321731c4b5de49559081\" style=\"color:#1227c4\"><em>Un conflicto que puede cambiar el equilibrio en la regi\u00f3n<\/em><\/h3>\n\n\n\n<p>La situaci\u00f3n plantea un escenario de alta volatilidad geopol\u00edtica, donde la posibilidad de una guerra abierta entre dos potencias de la regi\u00f3n podr\u00eda arrastrar a actores internacionales y extenderse m\u00e1s all\u00e1 de las fronteras de Israel e Ir\u00e1n. Mientras se suceden los bombardeos y se multiplican las v\u00edctimas civiles, los analistas advierten que el equilibrio en Medio Oriente pende de un hilo.<\/p>\n\n\n\n<p>El mundo observa con atenci\u00f3n. Las pr\u00f3ximas horas ser\u00e1n decisivas para saber si prevalecer\u00e1 el camino de la diplomacia o si la regi\u00f3n se hundir\u00e1 en un nuevo ciclo de violencia.<\/p>\n","protected":false},"excerpt":{"rendered":"<p>La tensi\u00f3n en Medio Oriente alcanz\u00f3 un nuevo pico tras una serie de ataques cruzados entre Israel e Ir\u00e1n. El conflicto, que amenaza con desestabilizar [&hellip;]<\/p>\n","protected":false},"author":1,"featured_media":15582,"comment_status":"open","ping_status":"open","sticky":false,"template":"","format":"standard","meta":{"footnotes":""},"categories":[285],"tags":[],"class_list":["post-15581","post","type-post","status-publish","format-standard","has-post-thumbnail","hentry","category-internacionales"],"better_featured_image":{"id":15582,"alt_text":"","caption":"","description":"","media_type":"image","media_details":{"width":1400,"height":778,"file":"2025\/06\/israeliran26.jpg","filesize":600978,"sizes":{"medium":{"file":"israeliran26-300x167.jpg","width":300,"height":167,"mime-type":"image\/jpeg","filesize":16297,"source_url":"https:\/\/nuevodigitaldeescobar.com.ar\/wp-content\/uploads\/2025\/06\/israeliran26-300x167.jpg"},"large":{"file":"israeliran26-1024x569.jpg","width":1024,"height":569,"mime-type":"image\/jpeg","filesize":130813,"source_url":"https:\/\/nuevodigitaldeescobar.com.ar\/wp-content\/uploads\/2025\/06\/israeliran26-1024x569.jpg"},"thumbnail":{"file":"israeliran26-150x150.jpg","width":150,"height":150,"mime-type":"image\/jpeg","filesize":8568,"source_url":"https:\/\/nuevodigitaldeescobar.com.ar\/wp-content\/uploads\/2025\/06\/israeliran26-150x150.jpg"},"medium_large":{"file":"israeliran26-768x427.jpg","width":768,"height":427,"mime-type":"image\/jpeg","filesize":83431,"source_url":"https:\/\/nuevodigitaldeescobar.com.ar\/wp-content\/uploads\/2025\/06\/israeliran26-768x427.jpg"}},"image_meta":{"aperture":"0","credit":"","camera":"","caption":"","created_timestamp":"0","copyright":"","focal_length":"0","iso":"0","shutter_speed":"0","title":"","orientation":"0","keywords":[]}},"post":15581,"source_url":"https:\/\/nuevodigitaldeescobar.com.ar\/wp-content\/uploads\/2025\/06\/israeliran26.jpg"},"yoast_head":"<!-- This site is optimized with the Yoast SEO plugin v26.1.1 - https:\/\/yoast.com\/wordpress\/plugins\/seo\/ -->\n<title>Escalada b\u00e9lica entre Israel e Ir\u00e1n: ataques cruzados, muertos y tensi\u00f3n creciente en Medio Oriente - Nuevo Digital de Escobar<\/title>\n<meta name=\"robots\" content=\"index, follow, max-snippet:-1, max-image-preview:large, max-video-preview:-1\" \/>\n<link rel=\"canonical\" href=\"https:\/\/nuevodigitaldeescobar.com.ar\/?p=15581\" \/>\n<meta property=\"og:locale\" content=\"es_ES\" \/>\n<meta property=\"og:type\" content=\"article\" \/>\n<meta property=\"og:title\" content=\"Escalada b\u00e9lica entre Israel e Ir\u00e1n: ataques cruzados, muertos y tensi\u00f3n creciente en Medio Oriente - Nuevo Digital de Escobar\" \/>\n<meta property=\"og:description\" content=\"La tensi\u00f3n en Medio Oriente alcanz\u00f3 un nuevo pico tras una serie de ataques cruzados entre Israel e Ir\u00e1n. El conflicto, que amenaza con desestabilizar [&hellip;]\" \/>\n<meta property=\"og:url\" content=\"https:\/\/nuevodigitaldeescobar.com.ar\/?p=15581\" \/>\n<meta property=\"og:site_name\" content=\"Nuevo Digital de Escobar\" \/>\n<meta property=\"article:publisher\" content=\"https:\/\/www.facebook.com\/NUEVODigitalDeEscobar\" \/>\n<meta property=\"article:published_time\" content=\"2025-06-14T05:53:06+00:00\" \/>\n<meta property=\"article:modified_time\" content=\"2025-06-14T05:53:17+00:00\" \/>\n<meta property=\"og:image\" content=\"https:\/\/nuevodigitaldeescobar.com.ar\/wp-content\/uploads\/2025\/06\/israeliran26.jpg\" \/>\n\t<meta property=\"og:image:width\" content=\"1400\" \/>\n\t<meta property=\"og:image:height\" content=\"778\" \/>\n\t<meta property=\"og:image:type\" content=\"image\/jpeg\" \/>\n<meta name=\"author\" content=\"Redacci\u00f3n\" \/>\n<meta name=\"twitter:card\" content=\"summary_large_image\" \/>\n<meta name=\"twitter:creator\" content=\"@nuevodigescobar\" \/>\n<meta name=\"twitter:site\" content=\"@nuevodigescobar\" \/>\n<meta name=\"twitter:label1\" content=\"Escrito por\" \/>\n\t<meta name=\"twitter:data1\" content=\"Redacci\u00f3n\" \/>\n\t<meta name=\"twitter:label2\" content=\"Tiempo de lectura\" \/>\n\t<meta name=\"twitter:data2\" content=\"3 minutos\" \/>\n<script type=\"application\/ld+json\" class=\"yoast-schema-graph\">{\"@context\":\"https:\/\/schema.org\",\"@graph\":[{\"@type\":\"Article\",\"@id\":\"https:\/\/nuevodigitaldeescobar.com.ar\/?p=15581#article\",\"isPartOf\":{\"@id\":\"https:\/\/nuevodigitaldeescobar.com.ar\/?p=15581\"},\"author\":{\"name\":\"Redacci\u00f3n\",\"@id\":\"https:\/\/nuevodigitaldeescobar.com.ar\/#\/schema\/person\/035e90a8efe9a80e6eec22656ad6ea4c\"},\"headline\":\"Escalada b\u00e9lica entre Israel e Ir\u00e1n: ataques cruzados, muertos y tensi\u00f3n creciente en Medio Oriente\",\"datePublished\":\"2025-06-14T05:53:06+00:00\",\"dateModified\":\"2025-06-14T05:53:17+00:00\",\"mainEntityOfPage\":{\"@id\":\"https:\/\/nuevodigitaldeescobar.com.ar\/?p=15581\"},\"wordCount\":707,\"commentCount\":0,\"publisher\":{\"@id\":\"https:\/\/nuevodigitaldeescobar.com.ar\/#organization\"},\"image\":{\"@id\":\"https:\/\/nuevodigitaldeescobar.com.ar\/?p=15581#primaryimage\"},\"thumbnailUrl\":\"https:\/\/nuevodigitaldeescobar.com.ar\/wp-content\/uploads\/2025\/06\/israeliran26.jpg\",\"articleSection\":[\"Internacionales\"],\"inLanguage\":\"es\",\"potentialAction\":[{\"@type\":\"CommentAction\",\"name\":\"Comment\",\"target\":[\"https:\/\/nuevodigitaldeescobar.com.ar\/?p=15581#respond\"]}]},{\"@type\":\"WebPage\",\"@id\":\"https:\/\/nuevodigitaldeescobar.com.ar\/?p=15581\",\"url\":\"https:\/\/nuevodigitaldeescobar.com.ar\/?p=15581\",\"name\":\"Escalada b\u00e9lica entre Israel e Ir\u00e1n: ataques cruzados, muertos y tensi\u00f3n creciente en Medio Oriente - Nuevo Digital de Escobar\",\"isPartOf\":{\"@id\":\"https:\/\/nuevodigitaldeescobar.com.ar\/#website\"},\"primaryImageOfPage\":{\"@id\":\"https:\/\/nuevodigitaldeescobar.com.ar\/?p=15581#primaryimage\"},\"image\":{\"@id\":\"https:\/\/nuevodigitaldeescobar.com.ar\/?p=15581#primaryimage\"},\"thumbnailUrl\":\"https:\/\/nuevodigitaldeescobar.com.ar\/wp-content\/uploads\/2025\/06\/israeliran26.jpg\",\"datePublished\":\"2025-06-14T05:53:06+00:00\",\"dateModified\":\"2025-06-14T05:53:17+00:00\",\"breadcrumb\":{\"@id\":\"https:\/\/nuevodigitaldeescobar.com.ar\/?p=15581#breadcrumb\"},\"inLanguage\":\"es\",\"potentialAction\":[{\"@type\":\"ReadAction\",\"target\":[\"https:\/\/nuevodigitaldeescobar.com.ar\/?p=15581\"]}]},{\"@type\":\"ImageObject\",\"inLanguage\":\"es\",\"@id\":\"https:\/\/nuevodigitaldeescobar.com.ar\/?p=15581#primaryimage\",\"url\":\"https:\/\/nuevodigitaldeescobar.com.ar\/wp-content\/uploads\/2025\/06\/israeliran26.jpg\",\"contentUrl\":\"https:\/\/nuevodigitaldeescobar.com.ar\/wp-content\/uploads\/2025\/06\/israeliran26.jpg\",\"width\":1400,\"height\":778},{\"@type\":\"BreadcrumbList\",\"@id\":\"https:\/\/nuevodigitaldeescobar.com.ar\/?p=15581#breadcrumb\",\"itemListElement\":[{\"@type\":\"ListItem\",\"position\":1,\"name\":\"Portada\",\"item\":\"https:\/\/nuevodigitaldeescobar.com.ar\/\"},{\"@type\":\"ListItem\",\"position\":2,\"name\":\"Escalada b\u00e9lica entre Israel e Ir\u00e1n: ataques cruzados, muertos y tensi\u00f3n creciente en Medio Oriente\"}]},{\"@type\":\"WebSite\",\"@id\":\"https:\/\/nuevodigitaldeescobar.com.ar\/#website\",\"url\":\"https:\/\/nuevodigitaldeescobar.com.ar\/\",\"name\":\"Nuevo Digital de Escobar\",\"description\":\"La vida escobarense. Directora: Rosana Brunner\",\"publisher\":{\"@id\":\"https:\/\/nuevodigitaldeescobar.com.ar\/#organization\"},\"potentialAction\":[{\"@type\":\"SearchAction\",\"target\":{\"@type\":\"EntryPoint\",\"urlTemplate\":\"https:\/\/nuevodigitaldeescobar.com.ar\/?s={search_term_string}\"},\"query-input\":{\"@type\":\"PropertyValueSpecification\",\"valueRequired\":true,\"valueName\":\"search_term_string\"}}],\"inLanguage\":\"es\"},{\"@type\":\"Organization\",\"@id\":\"https:\/\/nuevodigitaldeescobar.com.ar\/#organization\",\"name\":\"Nuevo Digital de Escobar\",\"url\":\"https:\/\/nuevodigitaldeescobar.com.ar\/\",\"logo\":{\"@type\":\"ImageObject\",\"inLanguage\":\"es\",\"@id\":\"https:\/\/nuevodigitaldeescobar.com.ar\/#\/schema\/logo\/image\/\",\"url\":\"https:\/\/nuevodigitaldeescobar.com.ar\/wp-content\/uploads\/2025\/05\/cropped-logo-nuevo2.jpg\",\"contentUrl\":\"https:\/\/nuevodigitaldeescobar.com.ar\/wp-content\/uploads\/2025\/05\/cropped-logo-nuevo2.jpg\",\"width\":305,\"height\":305,\"caption\":\"Nuevo Digital de Escobar\"},\"image\":{\"@id\":\"https:\/\/nuevodigitaldeescobar.com.ar\/#\/schema\/logo\/image\/\"},\"sameAs\":[\"https:\/\/www.facebook.com\/NUEVODigitalDeEscobar\",\"https:\/\/x.com\/nuevodigescobar\",\"https:\/\/www.instagram.com\/nuevodigitaldeescobar\"]},{\"@type\":\"Person\",\"@id\":\"https:\/\/nuevodigitaldeescobar.com.ar\/#\/schema\/person\/035e90a8efe9a80e6eec22656ad6ea4c\",\"name\":\"Redacci\u00f3n\",\"image\":{\"@type\":\"ImageObject\",\"inLanguage\":\"es\",\"@id\":\"https:\/\/nuevodigitaldeescobar.com.ar\/#\/schema\/person\/image\/\",\"url\":\"https:\/\/secure.gravatar.com\/avatar\/8af8f40000c24e9eef3034f2be5998a372bb1389e64b1a4a36b3a7979142220d?s=96&d=mm&r=g\",\"contentUrl\":\"https:\/\/secure.gravatar.com\/avatar\/8af8f40000c24e9eef3034f2be5998a372bb1389e64b1a4a36b3a7979142220d?s=96&d=mm&r=g\",\"caption\":\"Redacci\u00f3n\"},\"sameAs\":[\"http:\/\/nuevodigitaldeescobar.com.ar\"],\"url\":\"https:\/\/nuevodigitaldeescobar.com.ar\/?author=1\"}]}<\/script>\n<!-- \/ Yoast SEO plugin. -->","yoast_head_json":{"title":"Escalada b\u00e9lica entre Israel e Ir\u00e1n: ataques cruzados, muertos y tensi\u00f3n creciente en Medio Oriente - Nuevo Digital de Escobar","robots":{"index":"index","follow":"follow","max-snippet":"max-snippet:-1","max-image-preview":"max-image-preview:large","max-video-preview":"max-video-preview:-1"},"canonical":"https:\/\/nuevodigitaldeescobar.com.ar\/?p=15581","og_locale":"es_ES","og_type":"article","og_title":"Escalada b\u00e9lica entre Israel e Ir\u00e1n: ataques cruzados, muertos y tensi\u00f3n creciente en Medio Oriente - Nuevo Digital de Escobar","og_description":"La tensi\u00f3n en Medio Oriente alcanz\u00f3 un nuevo pico tras una serie de ataques cruzados entre Israel e Ir\u00e1n. El conflicto, que amenaza con desestabilizar [&hellip;]","og_url":"https:\/\/nuevodigitaldeescobar.com.ar\/?p=15581","og_site_name":"Nuevo Digital de Escobar","article_publisher":"https:\/\/www.facebook.com\/NUEVODigitalDeEscobar","article_published_time":"2025-06-14T05:53:06+00:00","article_modified_time":"2025-06-14T05:53:17+00:00","og_image":[{"width":1400,"height":778,"url":"https:\/\/nuevodigitaldeescobar.com.ar\/wp-content\/uploads\/2025\/06\/israeliran26.jpg","type":"image\/jpeg"}],"author":"Redacci\u00f3n","twitter_card":"summary_large_image","twitter_creator":"@nuevodigescobar","twitter_site":"@nuevodigescobar","twitter_misc":{"Escrito por":"Redacci\u00f3n","Tiempo de lectura":"3 minutos"},"schema":{"@context":"https:\/\/schema.org","@graph":[{"@type":"Article","@id":"https:\/\/nuevodigitaldeescobar.com.ar\/?p=15581#article","isPartOf":{"@id":"https:\/\/nuevodigitaldeescobar.com.ar\/?p=15581"},"author":{"name":"Redacci\u00f3n","@id":"https:\/\/nuevodigitaldeescobar.com.ar\/#\/schema\/person\/035e90a8efe9a80e6eec22656ad6ea4c"},"headline":"Escalada b\u00e9lica entre Israel e Ir\u00e1n: ataques cruzados, muertos y tensi\u00f3n creciente en Medio Oriente","datePublished":"2025-06-14T05:53:06+00:00","dateModified":"2025-06-14T05:53:17+00:00","mainEntityOfPage":{"@id":"https:\/\/nuevodigitaldeescobar.com.ar\/?p=15581"},"wordCount":707,"commentCount":0,"publisher":{"@id":"https:\/\/nuevodigitaldeescobar.com.ar\/#organization"},"image":{"@id":"https:\/\/nuevodigitaldeescobar.com.ar\/?p=15581#primaryimage"},"thumbnailUrl":"https:\/\/nuevodigitaldeescobar.com.ar\/wp-content\/uploads\/2025\/06\/israeliran26.jpg","articleSection":["Internacionales"],"inLanguage":"es","potentialAction":[{"@type":"CommentAction","name":"Comment","target":["https:\/\/nuevodigitaldeescobar.com.ar\/?p=15581#respond"]}]},{"@type":"WebPage","@id":"https:\/\/nuevodigitaldeescobar.com.ar\/?p=15581","url":"https:\/\/nuevodigitaldeescobar.com.ar\/?p=15581","name":"Escalada b\u00e9lica entre Israel e Ir\u00e1n: ataques cruzados, muertos y tensi\u00f3n creciente en Medio Oriente - Nuevo Digital de Escobar","isPartOf":{"@id":"https:\/\/nuevodigitaldeescobar.com.ar\/#website"},"primaryImageOfPage":{"@id":"https:\/\/nuevodigitaldeescobar.com.ar\/?p=15581#primaryimage"},"image":{"@id":"https:\/\/nuevodigitaldeescobar.com.ar\/?p=15581#primaryimage"},"thumbnailUrl":"https:\/\/nuevodigitaldeescobar.com.ar\/wp-content\/uploads\/2025\/06\/israeliran26.jpg","datePublished":"2025-06-14T05:53:06+00:00","dateModified":"2025-06-14T05:53:17+00:00","breadcrumb":{"@id":"https:\/\/nuevodigitaldeescobar.com.ar\/?p=15581#breadcrumb"},"inLanguage":"es","potentialAction":[{"@type":"ReadAction","target":["https:\/\/nuevodigitaldeescobar.com.ar\/?p=15581"]}]},{"@type":"ImageObject","inLanguage":"es","@id":"https:\/\/nuevodigitaldeescobar.com.ar\/?p=15581#primaryimage","url":"https:\/\/nuevodigitaldeescobar.com.ar\/wp-content\/uploads\/2025\/06\/israeliran26.jpg","contentUrl":"https:\/\/nuevodigitaldeescobar.com.ar\/wp-content\/uploads\/2025\/06\/israeliran26.jpg","width":1400,"height":778},{"@type":"BreadcrumbList","@id":"https:\/\/nuevodigitaldeescobar.com.ar\/?p=15581#breadcrumb","itemListElement":[{"@type":"ListItem","position":1,"name":"Portada","item":"https:\/\/nuevodigitaldeescobar.com.ar\/"},{"@type":"ListItem","position":2,"name":"Escalada b\u00e9lica entre Israel e Ir\u00e1n: ataques cruzados, muertos y tensi\u00f3n creciente en Medio Oriente"}]},{"@type":"WebSite","@id":"https:\/\/nuevodigitaldeescobar.com.ar\/#website","url":"https:\/\/nuevodigitaldeescobar.com.ar\/","name":"Nuevo Digital de Escobar","description":"La vida escobarense. Directora: Rosana Brunner","publisher":{"@id":"https:\/\/nuevodigitaldeescobar.com.ar\/#organization"},"potentialAction":[{"@type":"SearchAction","target":{"@type":"EntryPoint","urlTemplate":"https:\/\/nuevodigitaldeescobar.com.ar\/?s={search_term_string}"},"query-input":{"@type":"PropertyValueSpecification","valueRequired":true,"valueName":"search_term_string"}}],"inLanguage":"es"},{"@type":"Organization","@id":"https:\/\/nuevodigitaldeescobar.com.ar\/#organization","name":"Nuevo Digital de Escobar","url":"https:\/\/nuevodigitaldeescobar.com.ar\/","logo":{"@type":"ImageObject","inLanguage":"es","@id":"https:\/\/nuevodigitaldeescobar.com.ar\/#\/schema\/logo\/image\/","url":"https:\/\/nuevodigitaldeescobar.com.ar\/wp-content\/uploads\/2025\/05\/cropped-logo-nuevo2.jpg","contentUrl":"https:\/\/nuevodigitaldeescobar.com.ar\/wp-content\/uploads\/2025\/05\/cropped-logo-nuevo2.jpg","width":305,"height":305,"caption":"Nuevo Digital de Escobar"},"image":{"@id":"https:\/\/nuevodigitaldeescobar.com.ar\/#\/schema\/logo\/image\/"},"sameAs":["https:\/\/www.facebook.com\/NUEVODigitalDeEscobar","https:\/\/x.com\/nuevodigescobar","https:\/\/www.instagram.com\/nuevodigitaldeescobar"]},{"@type":"Person","@id":"https:\/\/nuevodigitaldeescobar.com.ar\/#\/schema\/person\/035e90a8efe9a80e6eec22656ad6ea4c","name":"Redacci\u00f3n","image":{"@type":"ImageObject","inLanguage":"es","@id":"https:\/\/nuevodigitaldeescobar.com.ar\/#\/schema\/person\/image\/","url":"https:\/\/secure.gravatar.com\/avatar\/8af8f40000c24e9eef3034f2be5998a372bb1389e64b1a4a36b3a7979142220d?s=96&d=mm&r=g","contentUrl":"https:\/\/secure.gravatar.com\/avatar\/8af8f40000c24e9eef3034f2be5998a372bb1389e64b1a4a36b3a7979142220d?s=96&d=mm&r=g","caption":"Redacci\u00f3n"},"sameAs":["http:\/\/nuevodigitaldeescobar.com.ar"],"url":"https:\/\/nuevodigitaldeescobar.com.ar\/?author=1"}]}},"featured_image_urls":{"full":["https:\/\/nuevodigitaldeescobar.com.ar\/wp-content\/uploads\/2025\/06\/israeliran26.jpg",1400,778,false],"thumbnail":["https:\/\/nuevodigitaldeescobar.com.ar\/wp-content\/uploads\/2025\/06\/israeliran26-150x150.jpg",150,150,true],"medium":["https:\/\/nuevodigitaldeescobar.com.ar\/wp-content\/uploads\/2025\/06\/israeliran26-300x167.jpg",300,167,true],"medium_large":["https:\/\/nuevodigitaldeescobar.com.ar\/wp-content\/uploads\/2025\/06\/israeliran26-768x427.jpg",640,356,true],"large":["https:\/\/nuevodigitaldeescobar.com.ar\/wp-content\/uploads\/2025\/06\/israeliran26-1024x569.jpg",640,356,true],"1536x1536":["https:\/\/nuevodigitaldeescobar.com.ar\/wp-content\/uploads\/2025\/06\/israeliran26.jpg",1400,778,false],"2048x2048":["https:\/\/nuevodigitaldeescobar.com.ar\/wp-content\/uploads\/2025\/06\/israeliran26.jpg",1400,778,false]},"author_info":{"display_name":"Redacci\u00f3n","author_link":"https:\/\/nuevodigitaldeescobar.com.ar\/?author=1"},"category_info":"<a href=\"https:\/\/nuevodigitaldeescobar.com.ar\/?cat=285\" rel=\"category\">Internacionales<\/a>","tag_info":"Internacionales","comment_count":"0","_links":{"self":[{"href":"https:\/\/nuevodigitaldeescobar.com.ar\/index.php?rest_route=\/wp\/v2\/posts\/15581","targetHints":{"allow":["GET"]}}],"collection":[{"href":"https:\/\/nuevodigitaldeescobar.com.ar\/index.php?rest_route=\/wp\/v2\/posts"}],"about":[{"href":"https:\/\/nuevodigitaldeescobar.com.ar\/index.php?rest_route=\/wp\/v2\/types\/post"}],"author":[{"embeddable":true,"href":"https:\/\/nuevodigitaldeescobar.com.ar\/index.php?rest_route=\/wp\/v2\/users\/1"}],"replies":[{"embeddable":true,"href":"https:\/\/nuevodigitaldeescobar.com.ar\/index.php?rest_route=%2Fwp%2Fv2%2Fcomments&post=15581"}],"version-history":[{"count":1,"href":"https:\/\/nuevodigitaldeescobar.com.ar\/index.php?rest_route=\/wp\/v2\/posts\/15581\/revisions"}],"predecessor-version":[{"id":15584,"href":"https:\/\/nuevodigitaldeescobar.com.ar\/index.php?rest_route=\/wp\/v2\/posts\/15581\/revisions\/15584"}],"wp:featuredmedia":[{"embeddable":true,"href":"https:\/\/nuevodigitaldeescobar.com.ar\/index.php?rest_route=\/wp\/v2\/media\/15582"}],"wp:attachment":[{"href":"https:\/\/nuevodigitaldeescobar.com.ar\/index.php?rest_route=%2Fwp%2Fv2%2Fmedia&parent=15581"}],"wp:term":[{"taxonomy":"category","embeddable":true,"href":"https:\/\/nuevodigitaldeescobar.com.ar\/index.php?rest_route=%2Fwp%2Fv2%2Fcategories&post=15581"},{"taxonomy":"post_tag","embeddable":true,"href":"https:\/\/nuevodigitaldeescobar.com.ar\/index.php?rest_route=%2Fwp%2Fv2%2Ftags&post=15581"}],"curies":[{"name":"wp","href":"https:\/\/api.w.org\/{rel}","templated":true}]}}