{"id":15639,"date":"2025-06-16T13:20:55","date_gmt":"2025-06-16T16:20:55","guid":{"rendered":"https:\/\/nuevodigitaldeescobar.com.ar\/?p=15639"},"modified":"2025-06-16T13:20:55","modified_gmt":"2025-06-16T16:20:55","slug":"formula-1-alpine-esta-a-nada-de-confirmar-a-steve-nielsen-como-nuevo-jefe-de-equipo","status":"publish","type":"post","link":"https:\/\/nuevodigitaldeescobar.com.ar\/?p=15639","title":{"rendered":"F\u00f3rmula 1: Alpine est\u00e1 a nada de confirmar a Steve Nielsen como nuevo jefe de equipo"},"content":{"rendered":"<p><a href=\"https:\/\/derechadiario.com.ar\/deportes\/formula-1-alpine-descarta-checo-perez-y-le-da-voto-confianza-franco-colapinto\" title=\"F\u00f3rmula 1: Alpine descarta a Checo P\u00e9rez y le da voto de confianza a Franco Colapinto\"><u><strong>Alpine<\/strong><\/u><\/a> est\u00e1 a punto de concretar un nuevo cambio en su estructura directiva. Seg\u00fan inform\u00f3 el medio especializado brit\u00e1nico Motorsport, \u00a0<strong>el elegido para tomar el mando del equipo de <a href=\"https:\/\/derechadiario.com.ar\/deportes\/formula-1-hamilton-critico-fia-por-posible-salida-del-gp-barcelona\" title=\"F\u00f3rmula 1: Hamilton critic\u00f3 a la FIA por la posible salida del GP de Barcelona\"><u>F\u00f3rmula 1<\/u><\/a> ser\u00e1 Steve Nielsen<\/strong>, un nombre con larga trayectoria en el paddock y profunda experiencia en la categor\u00eda reina del automovilismo.<\/p>\n<p>Nielsen, de 60 a\u00f1os, \u00a0<strong>comenz\u00f3 su carrera en la F1 en 1986<\/strong>, en <strong>Lotus<\/strong>, y desde entonces pas\u00f3 por m\u00faltiples escuder\u00edas y cargos relevantes. <strong>Fue asistente del director en Tyrrell en 1994, trabaj\u00f3 bajo el mando de <a href=\"https:\/\/derechadiario.com.ar\/deportes\/formula-1-flavio-briatore-explico-por-que-del-cambio-colapinto-por-doohan\" title=\"F\u00f3rmula 1: Flavio Briatore justific\u00f3 el cambio de Franco Colapinto por Jack Doohan\"><u>Flavio Briatore<\/u><\/a> en Benetton<\/strong>, y tuvo pasos por <strong>Honda<\/strong>, <strong>Arrows<\/strong>\u00a0 y nuevamente por <strong>Tyrrell<\/strong>\u00a0 antes de regresar a <strong>Enstone<\/strong>\u00a0 en <strong>2001<\/strong>\u00a0 como <strong>director deportivo<\/strong>.<\/p>\n<div class=\"inter_image image_horizontal\">\n<img decoding=\"async\" src=\"https:\/\/derechadiario.com.ar\/filesedc\/uploads\/image\/post\/steve-nielsen-with-flavio-briatore-in-benetton-team-clothing-in-2006-800x450jpg-1600-1067-1200-800_1200_800.webp\" class=\"img-responsive lazyload\" alt=\"Dos hombres con camisas azules del equipo Renault de F\u00f3rmula 1 caminan juntos en el paddock\" title=\"Dos hombres con camisas azules del equipo Renault de F\u00f3rmula 1 caminan juntos en el paddock\" \/>\n<div>\n<span class=\"img_footer\">NIelsen y Briatore ya trabajaron juntos <\/span>| <span class=\"img_author\">La Derecha Diario<\/span>\n<\/div>\n<\/div>\n<p>Durante las \u00faltimas dos d\u00e9cadas, su carrera lo llev\u00f3 a ocupar funciones en <strong>Caterham<\/strong>, <strong>Toro Rosso<\/strong>, <strong>Williams<\/strong>\u00a0 y, m\u00e1s recientemente, en puestos clave dentro de \u00a0<strong>Liberty Media<\/strong> (como director deportivo de la F1 en 2017) y la FIA, donde asumi\u00f3 en 2023 y se march\u00f3 tras menos de un a\u00f1o. Desde comienzos de 2024, \u00a0<strong>volvi\u00f3 a desempe\u00f1arse como asesor t\u00e9cnico en la F1<\/strong>.<\/p>\n<p>La vacante en Alpine se produjo tras la \u00a0<strong>salida de Oliver Oakes a principios de mayo<\/strong>, posterior al Gran Premio de Miami, envuelto en una controversia familiar: \u00a0<strong>su hermano William Oakes fue acusado de transferencia de propiedad criminal<\/strong>. Desde entonces, el equipo no ha tenido un jefe formal.<\/p>\n<aside class=\"are-you-interested-container-photo\"><\/aside>\n<figure><img decoding=\"async\" src=\"https:\/\/derechadiario.com.ar\/filesedc\/uploads\/image\/post\/alpine-oakes_1200_800.webp\" class=\"img-responsive lazyload\" alt=\"Hombre con chaqueta azul del equipo Alpine de F\u00f3rmula 1 mirando hacia la c\u00e1mara en un entorno al aire libre.\" title=\"Hombre con chaqueta azul del equipo Alpine de F\u00f3rmula 1 mirando hacia la c\u00e1mara en un entorno al aire libre.\" \/><\/figure>\n<p>El nombramiento de Nielsen, sin embargo, \u00a0<strong>a\u00fan no es oficial<\/strong>, ya que <strong>requiere la aprobaci\u00f3n de la FIA<\/strong>, un paso obligatorio para quienes asumen roles como director deportivo, t\u00e9cnico o jefe de equipo.<\/p>\n<aside class=\"whatsappChannelText\"><a href=\"https:\/\/whatsapp.com\/channel\/0029VagEjILGE56eKjedWF2U\" rel=\"nofollow\" title=\"WhatsApp Link\"><img alt=\"Logo de WhatsApp\" class=\"lazyload\" data-src=\"\/filesedc\/uploads\/other\/whatsapp_icon_mid_article.png\" width=\"32\" height=\"32\" \/><\/a> <a href=\"https:\/\/whatsapp.com\/channel\/0029VagEjILGE56eKjedWF2U\" rel=\"nofollow\" title=\"WhatsApp Link\"><strong>NO SE PIERDAN NINGUNA NOTICIA<\/strong>: Click aqu\u00ed para sumarte <strong>GRATIS<\/strong> al canal de noticias de <strong>La Derecha Diario en WhatsApp.<\/strong><\/a><\/aside>\n<p>Si bien es un simple tr\u00e1mite, en este caso particular ser\u00eda distinto.\u00a0En marzo de 2024, <strong>un denunciante an\u00f3nimo present\u00f3 serias acusaciones contra Mohammed ben Sulayem<\/strong>, presidente de la FIA, incluyendo una presunta interferencia en una decisi\u00f3n tomada por los comisarios durante el Gran Premio de Arabia Saudita 2023 que involucr\u00f3 a Fernando Alonso. A partir de ese momento, \u00a0<strong>comenzaron a circular rumores que se\u00f1alaban a Steve Nielsen como posible autor de la denuncia<\/strong>.<\/p>\n<p>Con esta designaci\u00f3n, <strong>Alpine apuesta por la experiencia y el conocimiento profundo de la F1 de Nielsen<\/strong> para recuperar la estabilidad organizativa y competitiva en medio de una temporada desafiante.<\/p>","protected":false},"excerpt":{"rendered":"<p>Alpine est\u00e1 a punto de concretar un nuevo cambio en su estructura directiva. Seg\u00fan inform\u00f3 el medio especializado brit\u00e1nico Motorsport, \u00a0el elegido para tomar el [&hellip;]<\/p>\n","protected":false},"author":1,"featured_media":15640,"comment_status":"open","ping_status":"open","sticky":false,"template":"","format":"standard","meta":{"footnotes":""},"categories":[8],"tags":[],"class_list":["post-15639","post","type-post","status-publish","format-standard","has-post-thumbnail","hentry","category-deportes"],"better_featured_image":{"id":15640,"alt_text":"","caption":"","description":"","media_type":"image","media_details":{"width":1600,"height":1067,"file":"2025\/06\/dppi-00215003-275-753x494_1600_1067-LZPgJM.jpg","filesize":76780,"sizes":{"medium":{"file":"dppi-00215003-275-753x494_1600_1067-LZPgJM-300x200.jpg","width":300,"height":200,"mime-type":"image\/jpeg","filesize":9832,"source_url":"https:\/\/nuevodigitaldeescobar.com.ar\/wp-content\/uploads\/2025\/06\/dppi-00215003-275-753x494_1600_1067-LZPgJM-300x200.jpg"},"large":{"file":"dppi-00215003-275-753x494_1600_1067-LZPgJM-1024x683.jpg","width":1024,"height":683,"mime-type":"image\/jpeg","filesize":61257,"source_url":"https:\/\/nuevodigitaldeescobar.com.ar\/wp-content\/uploads\/2025\/06\/dppi-00215003-275-753x494_1600_1067-LZPgJM-1024x683.jpg"},"thumbnail":{"file":"dppi-00215003-275-753x494_1600_1067-LZPgJM-150x150.jpg","width":150,"height":150,"mime-type":"image\/jpeg","filesize":5245,"source_url":"https:\/\/nuevodigitaldeescobar.com.ar\/wp-content\/uploads\/2025\/06\/dppi-00215003-275-753x494_1600_1067-LZPgJM-150x150.jpg"},"medium_large":{"file":"dppi-00215003-275-753x494_1600_1067-LZPgJM-768x512.jpg","width":768,"height":512,"mime-type":"image\/jpeg","filesize":39534,"source_url":"https:\/\/nuevodigitaldeescobar.com.ar\/wp-content\/uploads\/2025\/06\/dppi-00215003-275-753x494_1600_1067-LZPgJM-768x512.jpg"},"1536x1536":{"file":"dppi-00215003-275-753x494_1600_1067-LZPgJM-1536x1024.jpg","width":1536,"height":1024,"mime-type":"image\/jpeg","filesize":108723,"source_url":"https:\/\/nuevodigitaldeescobar.com.ar\/wp-content\/uploads\/2025\/06\/dppi-00215003-275-753x494_1600_1067-LZPgJM-1536x1024.jpg"}},"image_meta":{"aperture":"0","credit":"","camera":"","caption":"","created_timestamp":"0","copyright":"","focal_length":"0","iso":"0","shutter_speed":"0","title":"","orientation":"0","keywords":[]}},"post":15639,"source_url":"https:\/\/nuevodigitaldeescobar.com.ar\/wp-content\/uploads\/2025\/06\/dppi-00215003-275-753x494_1600_1067-LZPgJM.jpg"},"yoast_head":"<!-- This site is optimized with the Yoast SEO plugin v26.1.1 - https:\/\/yoast.com\/wordpress\/plugins\/seo\/ -->\n<title>F\u00f3rmula 1: Alpine est\u00e1 a nada de confirmar a Steve Nielsen como nuevo jefe de equipo - Nuevo Digital de Escobar<\/title>\n<meta name=\"robots\" content=\"index, follow, max-snippet:-1, max-image-preview:large, max-video-preview:-1\" \/>\n<link rel=\"canonical\" href=\"https:\/\/nuevodigitaldeescobar.com.ar\/?p=15639\" \/>\n<meta property=\"og:locale\" content=\"es_ES\" \/>\n<meta property=\"og:type\" content=\"article\" \/>\n<meta property=\"og:title\" content=\"F\u00f3rmula 1: Alpine est\u00e1 a nada de confirmar a Steve Nielsen como nuevo jefe de equipo - Nuevo Digital de Escobar\" \/>\n<meta property=\"og:description\" content=\"Alpine est\u00e1 a punto de concretar un nuevo cambio en su estructura directiva. Seg\u00fan inform\u00f3 el medio especializado brit\u00e1nico Motorsport, \u00a0el elegido para tomar el [&hellip;]\" \/>\n<meta property=\"og:url\" content=\"https:\/\/nuevodigitaldeescobar.com.ar\/?p=15639\" \/>\n<meta property=\"og:site_name\" content=\"Nuevo Digital de Escobar\" \/>\n<meta property=\"article:publisher\" content=\"https:\/\/www.facebook.com\/NUEVODigitalDeEscobar\" \/>\n<meta property=\"article:published_time\" content=\"2025-06-16T16:20:55+00:00\" \/>\n<meta property=\"og:image\" content=\"https:\/\/derechadiario.com.ar\/filesedc\/uploads\/image\/post\/steve-nielsen-with-flavio-briatore-in-benetton-team-clothing-in-2006-800x450jpg-1600-1067-1200-800_1200_800.webp\" \/>\n<meta name=\"author\" content=\"Redacci\u00f3n\" \/>\n<meta name=\"twitter:card\" content=\"summary_large_image\" \/>\n<meta name=\"twitter:creator\" content=\"@nuevodigescobar\" \/>\n<meta name=\"twitter:site\" content=\"@nuevodigescobar\" \/>\n<meta name=\"twitter:label1\" content=\"Escrito por\" \/>\n\t<meta name=\"twitter:data1\" content=\"Redacci\u00f3n\" \/>\n\t<meta name=\"twitter:label2\" content=\"Tiempo de lectura\" \/>\n\t<meta name=\"twitter:data2\" content=\"2 minutos\" \/>\n<script type=\"application\/ld+json\" class=\"yoast-schema-graph\">{\"@context\":\"https:\/\/schema.org\",\"@graph\":[{\"@type\":\"Article\",\"@id\":\"https:\/\/nuevodigitaldeescobar.com.ar\/?p=15639#article\",\"isPartOf\":{\"@id\":\"https:\/\/nuevodigitaldeescobar.com.ar\/?p=15639\"},\"author\":{\"name\":\"Redacci\u00f3n\",\"@id\":\"https:\/\/nuevodigitaldeescobar.com.ar\/#\/schema\/person\/035e90a8efe9a80e6eec22656ad6ea4c\"},\"headline\":\"F\u00f3rmula 1: Alpine est\u00e1 a nada de confirmar a Steve Nielsen como nuevo jefe de equipo\",\"datePublished\":\"2025-06-16T16:20:55+00:00\",\"mainEntityOfPage\":{\"@id\":\"https:\/\/nuevodigitaldeescobar.com.ar\/?p=15639\"},\"wordCount\":416,\"commentCount\":0,\"publisher\":{\"@id\":\"https:\/\/nuevodigitaldeescobar.com.ar\/#organization\"},\"image\":{\"@id\":\"https:\/\/nuevodigitaldeescobar.com.ar\/?p=15639#primaryimage\"},\"thumbnailUrl\":\"https:\/\/nuevodigitaldeescobar.com.ar\/wp-content\/uploads\/2025\/06\/dppi-00215003-275-753x494_1600_1067-LZPgJM.jpg\",\"articleSection\":[\"Deportes\"],\"inLanguage\":\"es\",\"potentialAction\":[{\"@type\":\"CommentAction\",\"name\":\"Comment\",\"target\":[\"https:\/\/nuevodigitaldeescobar.com.ar\/?p=15639#respond\"]}]},{\"@type\":\"WebPage\",\"@id\":\"https:\/\/nuevodigitaldeescobar.com.ar\/?p=15639\",\"url\":\"https:\/\/nuevodigitaldeescobar.com.ar\/?p=15639\",\"name\":\"F\u00f3rmula 1: Alpine est\u00e1 a nada de confirmar a Steve Nielsen como nuevo jefe de equipo - Nuevo Digital de Escobar\",\"isPartOf\":{\"@id\":\"https:\/\/nuevodigitaldeescobar.com.ar\/#website\"},\"primaryImageOfPage\":{\"@id\":\"https:\/\/nuevodigitaldeescobar.com.ar\/?p=15639#primaryimage\"},\"image\":{\"@id\":\"https:\/\/nuevodigitaldeescobar.com.ar\/?p=15639#primaryimage\"},\"thumbnailUrl\":\"https:\/\/nuevodigitaldeescobar.com.ar\/wp-content\/uploads\/2025\/06\/dppi-00215003-275-753x494_1600_1067-LZPgJM.jpg\",\"datePublished\":\"2025-06-16T16:20:55+00:00\",\"breadcrumb\":{\"@id\":\"https:\/\/nuevodigitaldeescobar.com.ar\/?p=15639#breadcrumb\"},\"inLanguage\":\"es\",\"potentialAction\":[{\"@type\":\"ReadAction\",\"target\":[\"https:\/\/nuevodigitaldeescobar.com.ar\/?p=15639\"]}]},{\"@type\":\"ImageObject\",\"inLanguage\":\"es\",\"@id\":\"https:\/\/nuevodigitaldeescobar.com.ar\/?p=15639#primaryimage\",\"url\":\"https:\/\/nuevodigitaldeescobar.com.ar\/wp-content\/uploads\/2025\/06\/dppi-00215003-275-753x494_1600_1067-LZPgJM.jpg\",\"contentUrl\":\"https:\/\/nuevodigitaldeescobar.com.ar\/wp-content\/uploads\/2025\/06\/dppi-00215003-275-753x494_1600_1067-LZPgJM.jpg\",\"width\":1600,\"height\":1067},{\"@type\":\"BreadcrumbList\",\"@id\":\"https:\/\/nuevodigitaldeescobar.com.ar\/?p=15639#breadcrumb\",\"itemListElement\":[{\"@type\":\"ListItem\",\"position\":1,\"name\":\"Portada\",\"item\":\"https:\/\/nuevodigitaldeescobar.com.ar\/\"},{\"@type\":\"ListItem\",\"position\":2,\"name\":\"F\u00f3rmula 1: Alpine est\u00e1 a nada de confirmar a Steve Nielsen como nuevo jefe de equipo\"}]},{\"@type\":\"WebSite\",\"@id\":\"https:\/\/nuevodigitaldeescobar.com.ar\/#website\",\"url\":\"https:\/\/nuevodigitaldeescobar.com.ar\/\",\"name\":\"Nuevo Digital de Escobar\",\"description\":\"La vida escobarense. Directora: Rosana Brunner\",\"publisher\":{\"@id\":\"https:\/\/nuevodigitaldeescobar.com.ar\/#organization\"},\"potentialAction\":[{\"@type\":\"SearchAction\",\"target\":{\"@type\":\"EntryPoint\",\"urlTemplate\":\"https:\/\/nuevodigitaldeescobar.com.ar\/?s={search_term_string}\"},\"query-input\":{\"@type\":\"PropertyValueSpecification\",\"valueRequired\":true,\"valueName\":\"search_term_string\"}}],\"inLanguage\":\"es\"},{\"@type\":\"Organization\",\"@id\":\"https:\/\/nuevodigitaldeescobar.com.ar\/#organization\",\"name\":\"Nuevo Digital de Escobar\",\"url\":\"https:\/\/nuevodigitaldeescobar.com.ar\/\",\"logo\":{\"@type\":\"ImageObject\",\"inLanguage\":\"es\",\"@id\":\"https:\/\/nuevodigitaldeescobar.com.ar\/#\/schema\/logo\/image\/\",\"url\":\"https:\/\/nuevodigitaldeescobar.com.ar\/wp-content\/uploads\/2025\/05\/cropped-logo-nuevo2.jpg\",\"contentUrl\":\"https:\/\/nuevodigitaldeescobar.com.ar\/wp-content\/uploads\/2025\/05\/cropped-logo-nuevo2.jpg\",\"width\":305,\"height\":305,\"caption\":\"Nuevo Digital de Escobar\"},\"image\":{\"@id\":\"https:\/\/nuevodigitaldeescobar.com.ar\/#\/schema\/logo\/image\/\"},\"sameAs\":[\"https:\/\/www.facebook.com\/NUEVODigitalDeEscobar\",\"https:\/\/x.com\/nuevodigescobar\",\"https:\/\/www.instagram.com\/nuevodigitaldeescobar\"]},{\"@type\":\"Person\",\"@id\":\"https:\/\/nuevodigitaldeescobar.com.ar\/#\/schema\/person\/035e90a8efe9a80e6eec22656ad6ea4c\",\"name\":\"Redacci\u00f3n\",\"image\":{\"@type\":\"ImageObject\",\"inLanguage\":\"es\",\"@id\":\"https:\/\/nuevodigitaldeescobar.com.ar\/#\/schema\/person\/image\/\",\"url\":\"https:\/\/secure.gravatar.com\/avatar\/8af8f40000c24e9eef3034f2be5998a372bb1389e64b1a4a36b3a7979142220d?s=96&d=mm&r=g\",\"contentUrl\":\"https:\/\/secure.gravatar.com\/avatar\/8af8f40000c24e9eef3034f2be5998a372bb1389e64b1a4a36b3a7979142220d?s=96&d=mm&r=g\",\"caption\":\"Redacci\u00f3n\"},\"sameAs\":[\"http:\/\/nuevodigitaldeescobar.com.ar\"],\"url\":\"https:\/\/nuevodigitaldeescobar.com.ar\/?author=1\"}]}<\/script>\n<!-- \/ Yoast SEO plugin. -->","yoast_head_json":{"title":"F\u00f3rmula 1: Alpine est\u00e1 a nada de confirmar a Steve Nielsen como nuevo jefe de equipo - Nuevo Digital de Escobar","robots":{"index":"index","follow":"follow","max-snippet":"max-snippet:-1","max-image-preview":"max-image-preview:large","max-video-preview":"max-video-preview:-1"},"canonical":"https:\/\/nuevodigitaldeescobar.com.ar\/?p=15639","og_locale":"es_ES","og_type":"article","og_title":"F\u00f3rmula 1: Alpine est\u00e1 a nada de confirmar a Steve Nielsen como nuevo jefe de equipo - Nuevo Digital de Escobar","og_description":"Alpine est\u00e1 a punto de concretar un nuevo cambio en su estructura directiva. Seg\u00fan inform\u00f3 el medio especializado brit\u00e1nico Motorsport, \u00a0el elegido para tomar el [&hellip;]","og_url":"https:\/\/nuevodigitaldeescobar.com.ar\/?p=15639","og_site_name":"Nuevo Digital de Escobar","article_publisher":"https:\/\/www.facebook.com\/NUEVODigitalDeEscobar","article_published_time":"2025-06-16T16:20:55+00:00","og_image":[{"url":"https:\/\/derechadiario.com.ar\/filesedc\/uploads\/image\/post\/steve-nielsen-with-flavio-briatore-in-benetton-team-clothing-in-2006-800x450jpg-1600-1067-1200-800_1200_800.webp","type":"","width":"","height":""}],"author":"Redacci\u00f3n","twitter_card":"summary_large_image","twitter_creator":"@nuevodigescobar","twitter_site":"@nuevodigescobar","twitter_misc":{"Escrito por":"Redacci\u00f3n","Tiempo de lectura":"2 minutos"},"schema":{"@context":"https:\/\/schema.org","@graph":[{"@type":"Article","@id":"https:\/\/nuevodigitaldeescobar.com.ar\/?p=15639#article","isPartOf":{"@id":"https:\/\/nuevodigitaldeescobar.com.ar\/?p=15639"},"author":{"name":"Redacci\u00f3n","@id":"https:\/\/nuevodigitaldeescobar.com.ar\/#\/schema\/person\/035e90a8efe9a80e6eec22656ad6ea4c"},"headline":"F\u00f3rmula 1: Alpine est\u00e1 a nada de confirmar a Steve Nielsen como nuevo jefe de equipo","datePublished":"2025-06-16T16:20:55+00:00","mainEntityOfPage":{"@id":"https:\/\/nuevodigitaldeescobar.com.ar\/?p=15639"},"wordCount":416,"commentCount":0,"publisher":{"@id":"https:\/\/nuevodigitaldeescobar.com.ar\/#organization"},"image":{"@id":"https:\/\/nuevodigitaldeescobar.com.ar\/?p=15639#primaryimage"},"thumbnailUrl":"https:\/\/nuevodigitaldeescobar.com.ar\/wp-content\/uploads\/2025\/06\/dppi-00215003-275-753x494_1600_1067-LZPgJM.jpg","articleSection":["Deportes"],"inLanguage":"es","potentialAction":[{"@type":"CommentAction","name":"Comment","target":["https:\/\/nuevodigitaldeescobar.com.ar\/?p=15639#respond"]}]},{"@type":"WebPage","@id":"https:\/\/nuevodigitaldeescobar.com.ar\/?p=15639","url":"https:\/\/nuevodigitaldeescobar.com.ar\/?p=15639","name":"F\u00f3rmula 1: Alpine est\u00e1 a nada de confirmar a Steve Nielsen como nuevo jefe de equipo - Nuevo Digital de Escobar","isPartOf":{"@id":"https:\/\/nuevodigitaldeescobar.com.ar\/#website"},"primaryImageOfPage":{"@id":"https:\/\/nuevodigitaldeescobar.com.ar\/?p=15639#primaryimage"},"image":{"@id":"https:\/\/nuevodigitaldeescobar.com.ar\/?p=15639#primaryimage"},"thumbnailUrl":"https:\/\/nuevodigitaldeescobar.com.ar\/wp-content\/uploads\/2025\/06\/dppi-00215003-275-753x494_1600_1067-LZPgJM.jpg","datePublished":"2025-06-16T16:20:55+00:00","breadcrumb":{"@id":"https:\/\/nuevodigitaldeescobar.com.ar\/?p=15639#breadcrumb"},"inLanguage":"es","potentialAction":[{"@type":"ReadAction","target":["https:\/\/nuevodigitaldeescobar.com.ar\/?p=15639"]}]},{"@type":"ImageObject","inLanguage":"es","@id":"https:\/\/nuevodigitaldeescobar.com.ar\/?p=15639#primaryimage","url":"https:\/\/nuevodigitaldeescobar.com.ar\/wp-content\/uploads\/2025\/06\/dppi-00215003-275-753x494_1600_1067-LZPgJM.jpg","contentUrl":"https:\/\/nuevodigitaldeescobar.com.ar\/wp-content\/uploads\/2025\/06\/dppi-00215003-275-753x494_1600_1067-LZPgJM.jpg","width":1600,"height":1067},{"@type":"BreadcrumbList","@id":"https:\/\/nuevodigitaldeescobar.com.ar\/?p=15639#breadcrumb","itemListElement":[{"@type":"ListItem","position":1,"name":"Portada","item":"https:\/\/nuevodigitaldeescobar.com.ar\/"},{"@type":"ListItem","position":2,"name":"F\u00f3rmula 1: Alpine est\u00e1 a nada de confirmar a Steve Nielsen como nuevo jefe de equipo"}]},{"@type":"WebSite","@id":"https:\/\/nuevodigitaldeescobar.com.ar\/#website","url":"https:\/\/nuevodigitaldeescobar.com.ar\/","name":"Nuevo Digital de Escobar","description":"La vida escobarense. Directora: Rosana Brunner","publisher":{"@id":"https:\/\/nuevodigitaldeescobar.com.ar\/#organization"},"potentialAction":[{"@type":"SearchAction","target":{"@type":"EntryPoint","urlTemplate":"https:\/\/nuevodigitaldeescobar.com.ar\/?s={search_term_string}"},"query-input":{"@type":"PropertyValueSpecification","valueRequired":true,"valueName":"search_term_string"}}],"inLanguage":"es"},{"@type":"Organization","@id":"https:\/\/nuevodigitaldeescobar.com.ar\/#organization","name":"Nuevo Digital de Escobar","url":"https:\/\/nuevodigitaldeescobar.com.ar\/","logo":{"@type":"ImageObject","inLanguage":"es","@id":"https:\/\/nuevodigitaldeescobar.com.ar\/#\/schema\/logo\/image\/","url":"https:\/\/nuevodigitaldeescobar.com.ar\/wp-content\/uploads\/2025\/05\/cropped-logo-nuevo2.jpg","contentUrl":"https:\/\/nuevodigitaldeescobar.com.ar\/wp-content\/uploads\/2025\/05\/cropped-logo-nuevo2.jpg","width":305,"height":305,"caption":"Nuevo Digital de Escobar"},"image":{"@id":"https:\/\/nuevodigitaldeescobar.com.ar\/#\/schema\/logo\/image\/"},"sameAs":["https:\/\/www.facebook.com\/NUEVODigitalDeEscobar","https:\/\/x.com\/nuevodigescobar","https:\/\/www.instagram.com\/nuevodigitaldeescobar"]},{"@type":"Person","@id":"https:\/\/nuevodigitaldeescobar.com.ar\/#\/schema\/person\/035e90a8efe9a80e6eec22656ad6ea4c","name":"Redacci\u00f3n","image":{"@type":"ImageObject","inLanguage":"es","@id":"https:\/\/nuevodigitaldeescobar.com.ar\/#\/schema\/person\/image\/","url":"https:\/\/secure.gravatar.com\/avatar\/8af8f40000c24e9eef3034f2be5998a372bb1389e64b1a4a36b3a7979142220d?s=96&d=mm&r=g","contentUrl":"https:\/\/secure.gravatar.com\/avatar\/8af8f40000c24e9eef3034f2be5998a372bb1389e64b1a4a36b3a7979142220d?s=96&d=mm&r=g","caption":"Redacci\u00f3n"},"sameAs":["http:\/\/nuevodigitaldeescobar.com.ar"],"url":"https:\/\/nuevodigitaldeescobar.com.ar\/?author=1"}]}},"featured_image_urls":{"full":["https:\/\/nuevodigitaldeescobar.com.ar\/wp-content\/uploads\/2025\/06\/dppi-00215003-275-753x494_1600_1067-LZPgJM.jpg",1600,1067,false],"thumbnail":["https:\/\/nuevodigitaldeescobar.com.ar\/wp-content\/uploads\/2025\/06\/dppi-00215003-275-753x494_1600_1067-LZPgJM-150x150.jpg",150,150,true],"medium":["https:\/\/nuevodigitaldeescobar.com.ar\/wp-content\/uploads\/2025\/06\/dppi-00215003-275-753x494_1600_1067-LZPgJM-300x200.jpg",300,200,true],"medium_large":["https:\/\/nuevodigitaldeescobar.com.ar\/wp-content\/uploads\/2025\/06\/dppi-00215003-275-753x494_1600_1067-LZPgJM-768x512.jpg",640,427,true],"large":["https:\/\/nuevodigitaldeescobar.com.ar\/wp-content\/uploads\/2025\/06\/dppi-00215003-275-753x494_1600_1067-LZPgJM-1024x683.jpg",640,427,true],"1536x1536":["https:\/\/nuevodigitaldeescobar.com.ar\/wp-content\/uploads\/2025\/06\/dppi-00215003-275-753x494_1600_1067-LZPgJM-1536x1024.jpg",1536,1024,true],"2048x2048":["https:\/\/nuevodigitaldeescobar.com.ar\/wp-content\/uploads\/2025\/06\/dppi-00215003-275-753x494_1600_1067-LZPgJM.jpg",1600,1067,false]},"author_info":{"display_name":"Redacci\u00f3n","author_link":"https:\/\/nuevodigitaldeescobar.com.ar\/?author=1"},"category_info":"<a href=\"https:\/\/nuevodigitaldeescobar.com.ar\/?cat=8\" rel=\"category\">Deportes<\/a>","tag_info":"Deportes","comment_count":"0","_links":{"self":[{"href":"https:\/\/nuevodigitaldeescobar.com.ar\/index.php?rest_route=\/wp\/v2\/posts\/15639","targetHints":{"allow":["GET"]}}],"collection":[{"href":"https:\/\/nuevodigitaldeescobar.com.ar\/index.php?rest_route=\/wp\/v2\/posts"}],"about":[{"href":"https:\/\/nuevodigitaldeescobar.com.ar\/index.php?rest_route=\/wp\/v2\/types\/post"}],"author":[{"embeddable":true,"href":"https:\/\/nuevodigitaldeescobar.com.ar\/index.php?rest_route=\/wp\/v2\/users\/1"}],"replies":[{"embeddable":true,"href":"https:\/\/nuevodigitaldeescobar.com.ar\/index.php?rest_route=%2Fwp%2Fv2%2Fcomments&post=15639"}],"version-history":[{"count":0,"href":"https:\/\/nuevodigitaldeescobar.com.ar\/index.php?rest_route=\/wp\/v2\/posts\/15639\/revisions"}],"wp:featuredmedia":[{"embeddable":true,"href":"https:\/\/nuevodigitaldeescobar.com.ar\/index.php?rest_route=\/wp\/v2\/media\/15640"}],"wp:attachment":[{"href":"https:\/\/nuevodigitaldeescobar.com.ar\/index.php?rest_route=%2Fwp%2Fv2%2Fmedia&parent=15639"}],"wp:term":[{"taxonomy":"category","embeddable":true,"href":"https:\/\/nuevodigitaldeescobar.com.ar\/index.php?rest_route=%2Fwp%2Fv2%2Fcategories&post=15639"},{"taxonomy":"post_tag","embeddable":true,"href":"https:\/\/nuevodigitaldeescobar.com.ar\/index.php?rest_route=%2Fwp%2Fv2%2Ftags&post=15639"}],"curies":[{"name":"wp","href":"https:\/\/api.w.org\/{rel}","templated":true}]}}