{"id":15644,"date":"2025-06-16T14:59:56","date_gmt":"2025-06-16T17:59:56","guid":{"rendered":"https:\/\/nuevodigitaldeescobar.com.ar\/?p=15644"},"modified":"2025-06-16T15:00:01","modified_gmt":"2025-06-16T18:00:01","slug":"en-su-primer-mes-la-udp-de-belen-atendio-casi-8000-consultas","status":"publish","type":"post","link":"https:\/\/nuevodigitaldeescobar.com.ar\/?p=15644","title":{"rendered":"En su primer mes, la UDP de Bel\u00e9n atendi\u00f3 casi 8000 consultas"},"content":{"rendered":"\n<p class=\"has-vivid-cyan-blue-color has-text-color has-link-color wp-elements-ee68f6199c5503bc5a390fbbf1c6adff\"><strong><em>Adem\u00e1s ayud\u00f3 a descomprimir la demanda en el Hospital Erill. <\/em><\/strong><\/p>\n\n\n\n<!--more-->\n\n\n\n<p><\/p>\n\n\n\n<p>A un mes de su apertura, la Unidad de Diagn\u00f3stico Precoz (UDP) \u201cDr. Carlos J. Guevara\u201d de Bel\u00e9n de Escobar realiz\u00f3 7.983 atenciones m\u00e9dicas, lo que representa un promedio de 266 pacientes por d\u00eda. <\/p>\n\n\n\n<p>De ese total, 5.600 personas fueron atendidas por guardia \u20133.400 adultos y 2.200 pedi\u00e1tricos\u2013, mientras que otras 168 recibieron atenci\u00f3n en especialidades m\u00e9dicas mediante turnos programados: 76 en cardiolog\u00eda, 65 en traumatolog\u00eda y 27 en urolog\u00eda. <\/p>\n\n\n<div class=\"wp-block-image\">\n<figure class=\"aligncenter size-large\"><img fetchpriority=\"high\" decoding=\"async\" width=\"1024\" height=\"576\" src=\"http:\/\/nuevodigitaldeescobar.com.ar\/wp-content\/uploads\/2025\/06\/whatsapp_image_2025_06_16_at_13_42_10__1_-1024x576.jpeg\" alt=\"\" class=\"wp-image-15646\" srcset=\"https:\/\/nuevodigitaldeescobar.com.ar\/wp-content\/uploads\/2025\/06\/whatsapp_image_2025_06_16_at_13_42_10__1_-1024x576.jpeg 1024w, https:\/\/nuevodigitaldeescobar.com.ar\/wp-content\/uploads\/2025\/06\/whatsapp_image_2025_06_16_at_13_42_10__1_-300x169.jpeg 300w, https:\/\/nuevodigitaldeescobar.com.ar\/wp-content\/uploads\/2025\/06\/whatsapp_image_2025_06_16_at_13_42_10__1_-768x432.jpeg 768w, https:\/\/nuevodigitaldeescobar.com.ar\/wp-content\/uploads\/2025\/06\/whatsapp_image_2025_06_16_at_13_42_10__1_-1536x864.jpeg 1536w, https:\/\/nuevodigitaldeescobar.com.ar\/wp-content\/uploads\/2025\/06\/whatsapp_image_2025_06_16_at_13_42_10__1_.jpeg 1600w\" sizes=\"(max-width: 1024px) 100vw, 1024px\" \/><\/figure><\/div>\n\n\n<p>Adem\u00e1s, se realizaron 2.215 estudios de diagn\u00f3stico por im\u00e1genes, entre ellos 1.478 radiograf\u00edas, 659 ecograf\u00edas y 78 ecodoppler.<\/p>\n\n\n\n<p>La puesta en marcha de la UDP permiti\u00f3 descomprimir la demanda del hist\u00f3rico hospital provincial Dr. Enrique Erill, especialmente en las \u00e1reas de guardia e internaci\u00f3n. <\/p>\n\n\n\n<p>Muchos pacientes que antes acud\u00edan al hospital ahora son atendidos directamente en el nuevo centro municipal, lo que mejora los tiempos de respuesta y permite una mejor distribuci\u00f3n de los recursos del sistema de salud. <\/p>\n\n\n\n<figure class=\"wp-block-image size-large\"><img decoding=\"async\" width=\"1024\" height=\"576\" src=\"http:\/\/nuevodigitaldeescobar.com.ar\/wp-content\/uploads\/2025\/06\/whatsapp_image_2025_06_16_at_13_42_10-1024x576.jpeg\" alt=\"\" class=\"wp-image-15647\" srcset=\"https:\/\/nuevodigitaldeescobar.com.ar\/wp-content\/uploads\/2025\/06\/whatsapp_image_2025_06_16_at_13_42_10-1024x576.jpeg 1024w, https:\/\/nuevodigitaldeescobar.com.ar\/wp-content\/uploads\/2025\/06\/whatsapp_image_2025_06_16_at_13_42_10-300x169.jpeg 300w, https:\/\/nuevodigitaldeescobar.com.ar\/wp-content\/uploads\/2025\/06\/whatsapp_image_2025_06_16_at_13_42_10-768x432.jpeg 768w, https:\/\/nuevodigitaldeescobar.com.ar\/wp-content\/uploads\/2025\/06\/whatsapp_image_2025_06_16_at_13_42_10-1536x864.jpeg 1536w, https:\/\/nuevodigitaldeescobar.com.ar\/wp-content\/uploads\/2025\/06\/whatsapp_image_2025_06_16_at_13_42_10.jpeg 1920w\" sizes=\"(max-width: 1024px) 100vw, 1024px\" \/><\/figure>\n\n\n\n<p>Durante este primer mes, del total de las personas que fueron atendidas por guardia en la UDP, 1.784 requirieron internaci\u00f3n: 576 en pediatr\u00eda y 1.208 en cl\u00ednica m\u00e9dica. <\/p>\n\n\n\n<p>Estos n\u00fameros reflejan el rol clave que cumple la UDP para reforzar y complementar la atenci\u00f3n m\u00e9dica en todo el distrito.Con una inversi\u00f3n municipal de $4.100 millones, la UDP cuenta con una superficie cubierta de 1.200 metros cuadrados, 19 camas de internaci\u00f3n, guardia permanente, seis consultorios, laboratorio cl\u00ednico, diagn\u00f3stico por im\u00e1genes, quir\u00f3fano ambulatorio y acceso diferenciado para ambulancias. <\/p>\n\n\n\n<p>Es la quinta unidad de estas caracter\u00edsticas en el partido y forma parte de una red de 36 centros de salud de gesti\u00f3n municipal, que contin\u00faa ampli\u00e1ndose para seguir fortaleciendo el sistema sanitario del distrito.<\/p>\n","protected":false},"excerpt":{"rendered":"<p>Adem\u00e1s ayud\u00f3 a descomprimir la demanda en el Hospital Erill.<\/p>\n","protected":false},"author":1,"featured_media":15645,"comment_status":"open","ping_status":"open","sticky":false,"template":"","format":"standard","meta":{"footnotes":""},"categories":[3],"tags":[412],"class_list":["post-15644","post","type-post","status-publish","format-standard","has-post-thumbnail","hentry","category-nutricion","tag-udp-belen"],"better_featured_image":{"id":15645,"alt_text":"","caption":"","description":"","media_type":"image","media_details":{"width":1600,"height":900,"file":"2025\/06\/whatsapp_image_2025_06_16_at_13_42_10__2_.jpeg","filesize":315821,"sizes":{"medium":{"file":"whatsapp_image_2025_06_16_at_13_42_10__2_-300x169.jpeg","width":300,"height":169,"mime-type":"image\/jpeg","filesize":13923,"source_url":"https:\/\/nuevodigitaldeescobar.com.ar\/wp-content\/uploads\/2025\/06\/whatsapp_image_2025_06_16_at_13_42_10__2_-300x169.jpeg"},"large":{"file":"whatsapp_image_2025_06_16_at_13_42_10__2_-1024x576.jpeg","width":1024,"height":576,"mime-type":"image\/jpeg","filesize":101254,"source_url":"https:\/\/nuevodigitaldeescobar.com.ar\/wp-content\/uploads\/2025\/06\/whatsapp_image_2025_06_16_at_13_42_10__2_-1024x576.jpeg"},"thumbnail":{"file":"whatsapp_image_2025_06_16_at_13_42_10__2_-150x150.jpeg","width":150,"height":150,"mime-type":"image\/jpeg","filesize":6865,"source_url":"https:\/\/nuevodigitaldeescobar.com.ar\/wp-content\/uploads\/2025\/06\/whatsapp_image_2025_06_16_at_13_42_10__2_-150x150.jpeg"},"medium_large":{"file":"whatsapp_image_2025_06_16_at_13_42_10__2_-768x432.jpeg","width":768,"height":432,"mime-type":"image\/jpeg","filesize":63690,"source_url":"https:\/\/nuevodigitaldeescobar.com.ar\/wp-content\/uploads\/2025\/06\/whatsapp_image_2025_06_16_at_13_42_10__2_-768x432.jpeg"},"1536x1536":{"file":"whatsapp_image_2025_06_16_at_13_42_10__2_-1536x864.jpeg","width":1536,"height":864,"mime-type":"image\/jpeg","filesize":189172,"source_url":"https:\/\/nuevodigitaldeescobar.com.ar\/wp-content\/uploads\/2025\/06\/whatsapp_image_2025_06_16_at_13_42_10__2_-1536x864.jpeg"}},"image_meta":{"aperture":"0","credit":"","camera":"","caption":"","created_timestamp":"0","copyright":"","focal_length":"0","iso":"0","shutter_speed":"0","title":"","orientation":"0","keywords":[]}},"post":15644,"source_url":"https:\/\/nuevodigitaldeescobar.com.ar\/wp-content\/uploads\/2025\/06\/whatsapp_image_2025_06_16_at_13_42_10__2_.jpeg"},"yoast_head":"<!-- This site is optimized with the Yoast SEO plugin v26.1.1 - https:\/\/yoast.com\/wordpress\/plugins\/seo\/ -->\n<title>En su primer mes, la UDP de Bel\u00e9n atendi\u00f3 casi 8000 consultas - Nuevo Digital de Escobar<\/title>\n<meta name=\"description\" content=\"Adem\u00e1s ayud\u00f3 a descomprimir la demanda en el Hospital Erill.\" \/>\n<meta name=\"robots\" content=\"index, follow, max-snippet:-1, max-image-preview:large, max-video-preview:-1\" \/>\n<link rel=\"canonical\" href=\"https:\/\/nuevodigitaldeescobar.com.ar\/?p=15644\" \/>\n<meta property=\"og:locale\" content=\"es_ES\" \/>\n<meta property=\"og:type\" content=\"article\" \/>\n<meta property=\"og:title\" content=\"En su primer mes, la UDP de Bel\u00e9n atendi\u00f3 casi 8000 consultas\" \/>\n<meta property=\"og:description\" content=\"Adem\u00e1s ayud\u00f3 a descomprimir la demanda en el Hospital Erill.\" \/>\n<meta property=\"og:url\" content=\"https:\/\/nuevodigitaldeescobar.com.ar\/?p=15644\" \/>\n<meta property=\"og:site_name\" content=\"Nuevo Digital de Escobar\" \/>\n<meta property=\"article:publisher\" content=\"https:\/\/www.facebook.com\/NUEVODigitalDeEscobar\" \/>\n<meta property=\"article:published_time\" content=\"2025-06-16T17:59:56+00:00\" \/>\n<meta property=\"article:modified_time\" content=\"2025-06-16T18:00:01+00:00\" \/>\n<meta property=\"og:image\" content=\"http:\/\/nuevodigitaldeescobar.com.ar\/wp-content\/uploads\/2025\/06\/whatsapp_image_2025_06_16_at_13_42_10__2_.jpeg\" \/>\n\t<meta property=\"og:image:width\" content=\"1600\" \/>\n\t<meta property=\"og:image:height\" content=\"900\" \/>\n\t<meta property=\"og:image:type\" content=\"image\/jpeg\" \/>\n<meta name=\"author\" content=\"Redacci\u00f3n\" \/>\n<meta name=\"twitter:card\" content=\"summary_large_image\" \/>\n<meta name=\"twitter:creator\" content=\"@nuevodigescobar\" \/>\n<meta name=\"twitter:site\" content=\"@nuevodigescobar\" \/>\n<meta name=\"twitter:label1\" content=\"Escrito por\" \/>\n\t<meta name=\"twitter:data1\" content=\"Redacci\u00f3n\" \/>\n\t<meta name=\"twitter:label2\" content=\"Tiempo de lectura\" \/>\n\t<meta name=\"twitter:data2\" content=\"2 minutos\" \/>\n<script type=\"application\/ld+json\" class=\"yoast-schema-graph\">{\"@context\":\"https:\/\/schema.org\",\"@graph\":[{\"@type\":\"Article\",\"@id\":\"https:\/\/nuevodigitaldeescobar.com.ar\/?p=15644#article\",\"isPartOf\":{\"@id\":\"https:\/\/nuevodigitaldeescobar.com.ar\/?p=15644\"},\"author\":{\"name\":\"Redacci\u00f3n\",\"@id\":\"https:\/\/nuevodigitaldeescobar.com.ar\/#\/schema\/person\/035e90a8efe9a80e6eec22656ad6ea4c\"},\"headline\":\"En su primer mes, la UDP de Bel\u00e9n atendi\u00f3 casi 8000 consultas\",\"datePublished\":\"2025-06-16T17:59:56+00:00\",\"dateModified\":\"2025-06-16T18:00:01+00:00\",\"mainEntityOfPage\":{\"@id\":\"https:\/\/nuevodigitaldeescobar.com.ar\/?p=15644\"},\"wordCount\":310,\"commentCount\":0,\"publisher\":{\"@id\":\"https:\/\/nuevodigitaldeescobar.com.ar\/#organization\"},\"image\":{\"@id\":\"https:\/\/nuevodigitaldeescobar.com.ar\/?p=15644#primaryimage\"},\"thumbnailUrl\":\"https:\/\/nuevodigitaldeescobar.com.ar\/wp-content\/uploads\/2025\/06\/whatsapp_image_2025_06_16_at_13_42_10__2_.jpeg\",\"keywords\":[\"UDP Bel\u00e9n\"],\"articleSection\":[\"Salud y Nutrici\u00f3n\"],\"inLanguage\":\"es\",\"potentialAction\":[{\"@type\":\"CommentAction\",\"name\":\"Comment\",\"target\":[\"https:\/\/nuevodigitaldeescobar.com.ar\/?p=15644#respond\"]}]},{\"@type\":\"WebPage\",\"@id\":\"https:\/\/nuevodigitaldeescobar.com.ar\/?p=15644\",\"url\":\"https:\/\/nuevodigitaldeescobar.com.ar\/?p=15644\",\"name\":\"En su primer mes, la UDP de Bel\u00e9n atendi\u00f3 casi 8000 consultas - Nuevo Digital de Escobar\",\"isPartOf\":{\"@id\":\"https:\/\/nuevodigitaldeescobar.com.ar\/#website\"},\"primaryImageOfPage\":{\"@id\":\"https:\/\/nuevodigitaldeescobar.com.ar\/?p=15644#primaryimage\"},\"image\":{\"@id\":\"https:\/\/nuevodigitaldeescobar.com.ar\/?p=15644#primaryimage\"},\"thumbnailUrl\":\"https:\/\/nuevodigitaldeescobar.com.ar\/wp-content\/uploads\/2025\/06\/whatsapp_image_2025_06_16_at_13_42_10__2_.jpeg\",\"datePublished\":\"2025-06-16T17:59:56+00:00\",\"dateModified\":\"2025-06-16T18:00:01+00:00\",\"description\":\"Adem\u00e1s ayud\u00f3 a descomprimir la demanda en el Hospital Erill.\",\"breadcrumb\":{\"@id\":\"https:\/\/nuevodigitaldeescobar.com.ar\/?p=15644#breadcrumb\"},\"inLanguage\":\"es\",\"potentialAction\":[{\"@type\":\"ReadAction\",\"target\":[\"https:\/\/nuevodigitaldeescobar.com.ar\/?p=15644\"]}]},{\"@type\":\"ImageObject\",\"inLanguage\":\"es\",\"@id\":\"https:\/\/nuevodigitaldeescobar.com.ar\/?p=15644#primaryimage\",\"url\":\"https:\/\/nuevodigitaldeescobar.com.ar\/wp-content\/uploads\/2025\/06\/whatsapp_image_2025_06_16_at_13_42_10__2_.jpeg\",\"contentUrl\":\"https:\/\/nuevodigitaldeescobar.com.ar\/wp-content\/uploads\/2025\/06\/whatsapp_image_2025_06_16_at_13_42_10__2_.jpeg\",\"width\":1600,\"height\":900},{\"@type\":\"BreadcrumbList\",\"@id\":\"https:\/\/nuevodigitaldeescobar.com.ar\/?p=15644#breadcrumb\",\"itemListElement\":[{\"@type\":\"ListItem\",\"position\":1,\"name\":\"Portada\",\"item\":\"https:\/\/nuevodigitaldeescobar.com.ar\/\"},{\"@type\":\"ListItem\",\"position\":2,\"name\":\"En su primer mes, la UDP de Bel\u00e9n atendi\u00f3 casi 8000 consultas\"}]},{\"@type\":\"WebSite\",\"@id\":\"https:\/\/nuevodigitaldeescobar.com.ar\/#website\",\"url\":\"https:\/\/nuevodigitaldeescobar.com.ar\/\",\"name\":\"Nuevo Digital de Escobar\",\"description\":\"La vida escobarense. Directora: Rosana Brunner\",\"publisher\":{\"@id\":\"https:\/\/nuevodigitaldeescobar.com.ar\/#organization\"},\"potentialAction\":[{\"@type\":\"SearchAction\",\"target\":{\"@type\":\"EntryPoint\",\"urlTemplate\":\"https:\/\/nuevodigitaldeescobar.com.ar\/?s={search_term_string}\"},\"query-input\":{\"@type\":\"PropertyValueSpecification\",\"valueRequired\":true,\"valueName\":\"search_term_string\"}}],\"inLanguage\":\"es\"},{\"@type\":\"Organization\",\"@id\":\"https:\/\/nuevodigitaldeescobar.com.ar\/#organization\",\"name\":\"Nuevo Digital de Escobar\",\"url\":\"https:\/\/nuevodigitaldeescobar.com.ar\/\",\"logo\":{\"@type\":\"ImageObject\",\"inLanguage\":\"es\",\"@id\":\"https:\/\/nuevodigitaldeescobar.com.ar\/#\/schema\/logo\/image\/\",\"url\":\"https:\/\/nuevodigitaldeescobar.com.ar\/wp-content\/uploads\/2025\/05\/cropped-logo-nuevo2.jpg\",\"contentUrl\":\"https:\/\/nuevodigitaldeescobar.com.ar\/wp-content\/uploads\/2025\/05\/cropped-logo-nuevo2.jpg\",\"width\":305,\"height\":305,\"caption\":\"Nuevo Digital de Escobar\"},\"image\":{\"@id\":\"https:\/\/nuevodigitaldeescobar.com.ar\/#\/schema\/logo\/image\/\"},\"sameAs\":[\"https:\/\/www.facebook.com\/NUEVODigitalDeEscobar\",\"https:\/\/x.com\/nuevodigescobar\",\"https:\/\/www.instagram.com\/nuevodigitaldeescobar\"]},{\"@type\":\"Person\",\"@id\":\"https:\/\/nuevodigitaldeescobar.com.ar\/#\/schema\/person\/035e90a8efe9a80e6eec22656ad6ea4c\",\"name\":\"Redacci\u00f3n\",\"image\":{\"@type\":\"ImageObject\",\"inLanguage\":\"es\",\"@id\":\"https:\/\/nuevodigitaldeescobar.com.ar\/#\/schema\/person\/image\/\",\"url\":\"https:\/\/secure.gravatar.com\/avatar\/8af8f40000c24e9eef3034f2be5998a372bb1389e64b1a4a36b3a7979142220d?s=96&d=mm&r=g\",\"contentUrl\":\"https:\/\/secure.gravatar.com\/avatar\/8af8f40000c24e9eef3034f2be5998a372bb1389e64b1a4a36b3a7979142220d?s=96&d=mm&r=g\",\"caption\":\"Redacci\u00f3n\"},\"sameAs\":[\"http:\/\/nuevodigitaldeescobar.com.ar\"],\"url\":\"https:\/\/nuevodigitaldeescobar.com.ar\/?author=1\"}]}<\/script>\n<!-- \/ Yoast SEO plugin. -->","yoast_head_json":{"title":"En su primer mes, la UDP de Bel\u00e9n atendi\u00f3 casi 8000 consultas - Nuevo Digital de Escobar","description":"Adem\u00e1s ayud\u00f3 a descomprimir la demanda en el Hospital Erill.","robots":{"index":"index","follow":"follow","max-snippet":"max-snippet:-1","max-image-preview":"max-image-preview:large","max-video-preview":"max-video-preview:-1"},"canonical":"https:\/\/nuevodigitaldeescobar.com.ar\/?p=15644","og_locale":"es_ES","og_type":"article","og_title":"En su primer mes, la UDP de Bel\u00e9n atendi\u00f3 casi 8000 consultas","og_description":"Adem\u00e1s ayud\u00f3 a descomprimir la demanda en el Hospital Erill.","og_url":"https:\/\/nuevodigitaldeescobar.com.ar\/?p=15644","og_site_name":"Nuevo Digital de Escobar","article_publisher":"https:\/\/www.facebook.com\/NUEVODigitalDeEscobar","article_published_time":"2025-06-16T17:59:56+00:00","article_modified_time":"2025-06-16T18:00:01+00:00","og_image":[{"width":1600,"height":900,"url":"http:\/\/nuevodigitaldeescobar.com.ar\/wp-content\/uploads\/2025\/06\/whatsapp_image_2025_06_16_at_13_42_10__2_.jpeg","type":"image\/jpeg"}],"author":"Redacci\u00f3n","twitter_card":"summary_large_image","twitter_creator":"@nuevodigescobar","twitter_site":"@nuevodigescobar","twitter_misc":{"Escrito por":"Redacci\u00f3n","Tiempo de lectura":"2 minutos"},"schema":{"@context":"https:\/\/schema.org","@graph":[{"@type":"Article","@id":"https:\/\/nuevodigitaldeescobar.com.ar\/?p=15644#article","isPartOf":{"@id":"https:\/\/nuevodigitaldeescobar.com.ar\/?p=15644"},"author":{"name":"Redacci\u00f3n","@id":"https:\/\/nuevodigitaldeescobar.com.ar\/#\/schema\/person\/035e90a8efe9a80e6eec22656ad6ea4c"},"headline":"En su primer mes, la UDP de Bel\u00e9n atendi\u00f3 casi 8000 consultas","datePublished":"2025-06-16T17:59:56+00:00","dateModified":"2025-06-16T18:00:01+00:00","mainEntityOfPage":{"@id":"https:\/\/nuevodigitaldeescobar.com.ar\/?p=15644"},"wordCount":310,"commentCount":0,"publisher":{"@id":"https:\/\/nuevodigitaldeescobar.com.ar\/#organization"},"image":{"@id":"https:\/\/nuevodigitaldeescobar.com.ar\/?p=15644#primaryimage"},"thumbnailUrl":"https:\/\/nuevodigitaldeescobar.com.ar\/wp-content\/uploads\/2025\/06\/whatsapp_image_2025_06_16_at_13_42_10__2_.jpeg","keywords":["UDP Bel\u00e9n"],"articleSection":["Salud y Nutrici\u00f3n"],"inLanguage":"es","potentialAction":[{"@type":"CommentAction","name":"Comment","target":["https:\/\/nuevodigitaldeescobar.com.ar\/?p=15644#respond"]}]},{"@type":"WebPage","@id":"https:\/\/nuevodigitaldeescobar.com.ar\/?p=15644","url":"https:\/\/nuevodigitaldeescobar.com.ar\/?p=15644","name":"En su primer mes, la UDP de Bel\u00e9n atendi\u00f3 casi 8000 consultas - Nuevo Digital de Escobar","isPartOf":{"@id":"https:\/\/nuevodigitaldeescobar.com.ar\/#website"},"primaryImageOfPage":{"@id":"https:\/\/nuevodigitaldeescobar.com.ar\/?p=15644#primaryimage"},"image":{"@id":"https:\/\/nuevodigitaldeescobar.com.ar\/?p=15644#primaryimage"},"thumbnailUrl":"https:\/\/nuevodigitaldeescobar.com.ar\/wp-content\/uploads\/2025\/06\/whatsapp_image_2025_06_16_at_13_42_10__2_.jpeg","datePublished":"2025-06-16T17:59:56+00:00","dateModified":"2025-06-16T18:00:01+00:00","description":"Adem\u00e1s ayud\u00f3 a descomprimir la demanda en el Hospital Erill.","breadcrumb":{"@id":"https:\/\/nuevodigitaldeescobar.com.ar\/?p=15644#breadcrumb"},"inLanguage":"es","potentialAction":[{"@type":"ReadAction","target":["https:\/\/nuevodigitaldeescobar.com.ar\/?p=15644"]}]},{"@type":"ImageObject","inLanguage":"es","@id":"https:\/\/nuevodigitaldeescobar.com.ar\/?p=15644#primaryimage","url":"https:\/\/nuevodigitaldeescobar.com.ar\/wp-content\/uploads\/2025\/06\/whatsapp_image_2025_06_16_at_13_42_10__2_.jpeg","contentUrl":"https:\/\/nuevodigitaldeescobar.com.ar\/wp-content\/uploads\/2025\/06\/whatsapp_image_2025_06_16_at_13_42_10__2_.jpeg","width":1600,"height":900},{"@type":"BreadcrumbList","@id":"https:\/\/nuevodigitaldeescobar.com.ar\/?p=15644#breadcrumb","itemListElement":[{"@type":"ListItem","position":1,"name":"Portada","item":"https:\/\/nuevodigitaldeescobar.com.ar\/"},{"@type":"ListItem","position":2,"name":"En su primer mes, la UDP de Bel\u00e9n atendi\u00f3 casi 8000 consultas"}]},{"@type":"WebSite","@id":"https:\/\/nuevodigitaldeescobar.com.ar\/#website","url":"https:\/\/nuevodigitaldeescobar.com.ar\/","name":"Nuevo Digital de Escobar","description":"La vida escobarense. Directora: Rosana Brunner","publisher":{"@id":"https:\/\/nuevodigitaldeescobar.com.ar\/#organization"},"potentialAction":[{"@type":"SearchAction","target":{"@type":"EntryPoint","urlTemplate":"https:\/\/nuevodigitaldeescobar.com.ar\/?s={search_term_string}"},"query-input":{"@type":"PropertyValueSpecification","valueRequired":true,"valueName":"search_term_string"}}],"inLanguage":"es"},{"@type":"Organization","@id":"https:\/\/nuevodigitaldeescobar.com.ar\/#organization","name":"Nuevo Digital de Escobar","url":"https:\/\/nuevodigitaldeescobar.com.ar\/","logo":{"@type":"ImageObject","inLanguage":"es","@id":"https:\/\/nuevodigitaldeescobar.com.ar\/#\/schema\/logo\/image\/","url":"https:\/\/nuevodigitaldeescobar.com.ar\/wp-content\/uploads\/2025\/05\/cropped-logo-nuevo2.jpg","contentUrl":"https:\/\/nuevodigitaldeescobar.com.ar\/wp-content\/uploads\/2025\/05\/cropped-logo-nuevo2.jpg","width":305,"height":305,"caption":"Nuevo Digital de Escobar"},"image":{"@id":"https:\/\/nuevodigitaldeescobar.com.ar\/#\/schema\/logo\/image\/"},"sameAs":["https:\/\/www.facebook.com\/NUEVODigitalDeEscobar","https:\/\/x.com\/nuevodigescobar","https:\/\/www.instagram.com\/nuevodigitaldeescobar"]},{"@type":"Person","@id":"https:\/\/nuevodigitaldeescobar.com.ar\/#\/schema\/person\/035e90a8efe9a80e6eec22656ad6ea4c","name":"Redacci\u00f3n","image":{"@type":"ImageObject","inLanguage":"es","@id":"https:\/\/nuevodigitaldeescobar.com.ar\/#\/schema\/person\/image\/","url":"https:\/\/secure.gravatar.com\/avatar\/8af8f40000c24e9eef3034f2be5998a372bb1389e64b1a4a36b3a7979142220d?s=96&d=mm&r=g","contentUrl":"https:\/\/secure.gravatar.com\/avatar\/8af8f40000c24e9eef3034f2be5998a372bb1389e64b1a4a36b3a7979142220d?s=96&d=mm&r=g","caption":"Redacci\u00f3n"},"sameAs":["http:\/\/nuevodigitaldeescobar.com.ar"],"url":"https:\/\/nuevodigitaldeescobar.com.ar\/?author=1"}]}},"featured_image_urls":{"full":["https:\/\/nuevodigitaldeescobar.com.ar\/wp-content\/uploads\/2025\/06\/whatsapp_image_2025_06_16_at_13_42_10__2_.jpeg",1600,900,false],"thumbnail":["https:\/\/nuevodigitaldeescobar.com.ar\/wp-content\/uploads\/2025\/06\/whatsapp_image_2025_06_16_at_13_42_10__2_-150x150.jpeg",150,150,true],"medium":["https:\/\/nuevodigitaldeescobar.com.ar\/wp-content\/uploads\/2025\/06\/whatsapp_image_2025_06_16_at_13_42_10__2_-300x169.jpeg",300,169,true],"medium_large":["https:\/\/nuevodigitaldeescobar.com.ar\/wp-content\/uploads\/2025\/06\/whatsapp_image_2025_06_16_at_13_42_10__2_-768x432.jpeg",640,360,true],"large":["https:\/\/nuevodigitaldeescobar.com.ar\/wp-content\/uploads\/2025\/06\/whatsapp_image_2025_06_16_at_13_42_10__2_-1024x576.jpeg",640,360,true],"1536x1536":["https:\/\/nuevodigitaldeescobar.com.ar\/wp-content\/uploads\/2025\/06\/whatsapp_image_2025_06_16_at_13_42_10__2_-1536x864.jpeg",1536,864,true],"2048x2048":["https:\/\/nuevodigitaldeescobar.com.ar\/wp-content\/uploads\/2025\/06\/whatsapp_image_2025_06_16_at_13_42_10__2_.jpeg",1600,900,false]},"author_info":{"display_name":"Redacci\u00f3n","author_link":"https:\/\/nuevodigitaldeescobar.com.ar\/?author=1"},"category_info":"<a href=\"https:\/\/nuevodigitaldeescobar.com.ar\/?cat=3\" rel=\"category\">Salud y Nutrici\u00f3n<\/a>","tag_info":"Salud y Nutrici\u00f3n","comment_count":"0","_links":{"self":[{"href":"https:\/\/nuevodigitaldeescobar.com.ar\/index.php?rest_route=\/wp\/v2\/posts\/15644","targetHints":{"allow":["GET"]}}],"collection":[{"href":"https:\/\/nuevodigitaldeescobar.com.ar\/index.php?rest_route=\/wp\/v2\/posts"}],"about":[{"href":"https:\/\/nuevodigitaldeescobar.com.ar\/index.php?rest_route=\/wp\/v2\/types\/post"}],"author":[{"embeddable":true,"href":"https:\/\/nuevodigitaldeescobar.com.ar\/index.php?rest_route=\/wp\/v2\/users\/1"}],"replies":[{"embeddable":true,"href":"https:\/\/nuevodigitaldeescobar.com.ar\/index.php?rest_route=%2Fwp%2Fv2%2Fcomments&post=15644"}],"version-history":[{"count":1,"href":"https:\/\/nuevodigitaldeescobar.com.ar\/index.php?rest_route=\/wp\/v2\/posts\/15644\/revisions"}],"predecessor-version":[{"id":15648,"href":"https:\/\/nuevodigitaldeescobar.com.ar\/index.php?rest_route=\/wp\/v2\/posts\/15644\/revisions\/15648"}],"wp:featuredmedia":[{"embeddable":true,"href":"https:\/\/nuevodigitaldeescobar.com.ar\/index.php?rest_route=\/wp\/v2\/media\/15645"}],"wp:attachment":[{"href":"https:\/\/nuevodigitaldeescobar.com.ar\/index.php?rest_route=%2Fwp%2Fv2%2Fmedia&parent=15644"}],"wp:term":[{"taxonomy":"category","embeddable":true,"href":"https:\/\/nuevodigitaldeescobar.com.ar\/index.php?rest_route=%2Fwp%2Fv2%2Fcategories&post=15644"},{"taxonomy":"post_tag","embeddable":true,"href":"https:\/\/nuevodigitaldeescobar.com.ar\/index.php?rest_route=%2Fwp%2Fv2%2Ftags&post=15644"}],"curies":[{"name":"wp","href":"https:\/\/api.w.org\/{rel}","templated":true}]}}