{"id":15661,"date":"2025-06-16T22:20:19","date_gmt":"2025-06-17T01:20:19","guid":{"rendered":"https:\/\/nuevodigitaldeescobar.com.ar\/?p=15661"},"modified":"2025-06-16T22:20:19","modified_gmt":"2025-06-17T01:20:19","slug":"aunque-tuvo-un-arranque-sonado-boca-no-logro-sostener-la-ventaja-y-empato-con-benfica","status":"publish","type":"post","link":"https:\/\/nuevodigitaldeescobar.com.ar\/?p=15661","title":{"rendered":"Aunque tuvo un arranque so\u00f1ado, Boca no logr\u00f3 sostener la ventaja y empat\u00f3 con Benfica"},"content":{"rendered":"<p><strong><a href=\"https:\/\/derechadiario.com.ar\/deportes\/frank-ribery-banco-boca-y-lo-postulo-como-candidato-mundial-clubes\" title=\"Frank Rib\u00e9ry banc\u00f3 a Boca y lo postul\u00f3 como candidato en el Mundial de Clubes\"><u>Boca<\/u><\/a> tuvo unos primeros 45 minutos de ensue\u00f1o con dos goles en el primer tiempo<\/strong>\u00a0 ante un Benfica que fue de menos a m\u00e1s, y que rescatar un sufrido\u00a0<strong>empate<\/strong> en la primera fecha del <a href=\"https:\/\/derechadiario.com.ar\/deportes\/los-millonarios-del-mundial-clubes-2025-messi-los-mejores-pagos\" title=\"Los millonarios del Mundial de Clubes 2025: Messi lidera entre los mejores pagos\"><u><strong>Mundial de Clubes<\/strong><\/u><\/a>.<\/p>\n<p>En los primeros minutos del encuentro, <strong>el Xeneize se vio diezmado por la presi\u00f3n del Benfica<\/strong>\u00a0 y perdi\u00f3 a <strong>Ander Herrera<\/strong>, una de sus figuras, por <strong>lesi\u00f3n<\/strong>. No obstante, a los 21 \u00a0<strong>Lautaro Blanco desbordar\u00eda por la derecha y meter\u00eda un centro perfecto para la gran definici\u00f3n de Miguel Merentiel<\/strong>, quien pon\u00eda el, hasta ese momento, impensado <strong>1 a 0<\/strong>.<\/p>\n<div class=\"text-center\">\n<h3 class=\"dailyMotionTitle\">La gran asistencia de Blanco y el gol de Merentiel<\/h3>\n<aside>\n<figure class=\"op-interactive\"><\/figure>\n<\/aside>\n<\/div>\n<p>Momentos despu\u00e9s, el club de la Ribera volver\u00eda a sorprender y, a trav\u00e9s de un cabezazo de <strong>Rodrigo Battaglia<\/strong>, se pondr\u00eda con <strong>ventaja de dos goles<\/strong> sobre un equipo portugu\u00e9s que no encontraba respuestas.<\/p>\n<div class=\"text-center\">\n<h3 class=\"dailyMotionTitle\">El cabezazo de Battaglia para el 2-0 de Boca<\/h3>\n<aside>\n<figure class=\"op-interactive\"><\/figure>\n<\/aside>\n<\/div>\n<p>A pesar de que parec\u00eda que la primera mitad\u00a0iba a terminar sin muchas m\u00e1s momentos destacados, sobre el cierre <strong>Carlos Palacios derribar\u00eda a Nicol\u00e1s Otamendi en el \u00e1rea y Ander Herrera<\/strong>, ya en el banco, <strong>ser\u00eda expulsado por protestar<\/strong>. <strong><a href=\"https:\/\/derechadiario.com.ar\/deportes\/locura-por-di-maria-rosario-mas-mil-camisetas-vendidas-tienda-oficial\" title=\"Locura por Di Mar\u00eda en Rosario: m\u00e1s de mil camisetas vendidas en la tienda oficial\"><u>\u00c1ngel Di Mar\u00eda<\/u><\/a> fue quien se hizo cargo del penal<\/strong>, logrando descontar para su equipo.<\/p>\n<div class=\"text-center\">\n<h3 class=\"dailyMotionTitle\">El descuento de Di Maria<\/h3>\n<aside>\n<figure class=\"op-interactive\"><\/figure>\n<\/aside>\n<\/div>\n<p>Hasta ese momento, Boca estaba haciendo un papel m\u00e1s que decente y <strong>neutralizaba todos los intentos del Benfica<\/strong> que, para colmo, <strong>se quedar\u00eda con uno menos a los 72 minutos<\/strong>, luego de la expulsi\u00f3n de <strong>Belotti<\/strong>\u00a0 por una patada en la cabeza a <strong>Ayrton Costa<\/strong>. Sin embargo, y pese a la desventaja n\u00famerica, <strong>Nicol\u00e1s Otamendi lograr\u00eda el empate con un gol de cabeza a los 84<\/strong>.<\/p>\n<aside class=\"whatsappChannelText\"><a href=\"https:\/\/whatsapp.com\/channel\/0029VagEjILGE56eKjedWF2U\" rel=\"nofollow\" title=\"WhatsApp Link\"><img alt=\"Logo de WhatsApp\" class=\"lazyload\" data-src=\"\/filesedc\/uploads\/other\/whatsapp_icon_mid_article.png\" width=\"32\" height=\"32\" \/><\/a> <a href=\"https:\/\/whatsapp.com\/channel\/0029VagEjILGE56eKjedWF2U\" rel=\"nofollow\" title=\"WhatsApp Link\"><strong>NO SE PIERDAN NINGUNA NOTICIA<\/strong>: Click aqu\u00ed para sumarte <strong>GRATIS<\/strong> al canal de noticias de <strong>La Derecha Diario en WhatsApp.<\/strong><\/a><\/aside>\n<div class=\"text-center\">\n<h3 class=\"dailyMotionTitle\">El empate de Otamendi sobre el cierre del partido<\/h3>\n<aside>\n<figure class=\"op-interactive\"><\/figure>\n<\/aside>\n<\/div>\n<p>Claramente afectado por el empate y por la impotencia de perder los 3 puntos, <strong>Boca se empez\u00f3 a desesperar<\/strong>, lo que deriv\u00f3 en la <strong>expulsi\u00f3n infantil de Nicol\u00e1s Figal<\/strong> 4 minutos despu\u00e9s.<\/p>\n<div class=\"inter_image image_horizontal\">\n<img decoding=\"async\" src=\"https:\/\/derechadiario.com.ar\/filesedc\/uploads\/image\/post\/boca-igualo-2-a-2-ante-atjsz3hs2nee7ivzne4yilsdfa_1200_800.webp\" class=\"img-responsive lazyload\" alt=\"Un jugador de Boca Juniors se cubre el rostro con la mano mientras un futbolista de Benfica lo observa durante un partido de f\u00fatbol\" title=\"Un jugador de Boca Juniors se cubre el rostro con la mano mientras un futbolista de Benfica lo observa durante un partido de f\u00fatbol\" \/>\n<div>\n<span class=\"img_footer\">Figal se fue expulsado sobre el cierre del partido <\/span>| <span class=\"img_author\">La Derecha Diario<\/span>\n<\/div>\n<\/div>\n<p>Con 10 jugadores en ambos equipos, el partido parec\u00eda que pod\u00eda dar alguna sorpresa extra, pero el tiempo no dio para m\u00e1s. <strong>El 2-2 dej\u00f3 a Boca con un sabor agridulce<\/strong> luego de tener una clara posibilidad de llevarse la victoria y \u00a0<strong>Benfica deber\u00e1 replantear muchas cosas antes de la \u00faltima fecha con el <a href=\"https:\/\/derechadiario.com.ar\/deportes\/frank-ribery-banco-boca-y-lo-postulo-como-candidato-mundial-clubes\" title=\"Frank Rib\u00e9ry banc\u00f3 a Boca y lo postul\u00f3 como candidato en el Mundial de Clubes\"><u>Bayern M\u00fanich<\/u><\/a><\/strong>.<\/p>","protected":false},"excerpt":{"rendered":"<p>Boca tuvo unos primeros 45 minutos de ensue\u00f1o con dos goles en el primer tiempo\u00a0 ante un Benfica que fue de menos a m\u00e1s, y [&hellip;]<\/p>\n","protected":false},"author":1,"featured_media":15662,"comment_status":"open","ping_status":"open","sticky":false,"template":"","format":"standard","meta":{"footnotes":""},"categories":[8],"tags":[],"class_list":["post-15661","post","type-post","status-publish","format-standard","has-post-thumbnail","hentry","category-deportes"],"better_featured_image":{"id":15662,"alt_text":"","caption":"","description":"","media_type":"image","media_details":{"width":1600,"height":1067,"file":"2025\/06\/1010x567-boca-benfica-520404-210339_1600_1067-4q2sBR.jpg","filesize":159099,"sizes":{"medium":{"file":"1010x567-boca-benfica-520404-210339_1600_1067-4q2sBR-300x200.jpg","width":300,"height":200,"mime-type":"image\/jpeg","filesize":21102,"source_url":"https:\/\/nuevodigitaldeescobar.com.ar\/wp-content\/uploads\/2025\/06\/1010x567-boca-benfica-520404-210339_1600_1067-4q2sBR-300x200.jpg"},"large":{"file":"1010x567-boca-benfica-520404-210339_1600_1067-4q2sBR-1024x683.jpg","width":1024,"height":683,"mime-type":"image\/jpeg","filesize":125594,"source_url":"https:\/\/nuevodigitaldeescobar.com.ar\/wp-content\/uploads\/2025\/06\/1010x567-boca-benfica-520404-210339_1600_1067-4q2sBR-1024x683.jpg"},"thumbnail":{"file":"1010x567-boca-benfica-520404-210339_1600_1067-4q2sBR-150x150.jpg","width":150,"height":150,"mime-type":"image\/jpeg","filesize":9418,"source_url":"https:\/\/nuevodigitaldeescobar.com.ar\/wp-content\/uploads\/2025\/06\/1010x567-boca-benfica-520404-210339_1600_1067-4q2sBR-150x150.jpg"},"medium_large":{"file":"1010x567-boca-benfica-520404-210339_1600_1067-4q2sBR-768x512.jpg","width":768,"height":512,"mime-type":"image\/jpeg","filesize":83097,"source_url":"https:\/\/nuevodigitaldeescobar.com.ar\/wp-content\/uploads\/2025\/06\/1010x567-boca-benfica-520404-210339_1600_1067-4q2sBR-768x512.jpg"},"1536x1536":{"file":"1010x567-boca-benfica-520404-210339_1600_1067-4q2sBR-1536x1024.jpg","width":1536,"height":1024,"mime-type":"image\/jpeg","filesize":224815,"source_url":"https:\/\/nuevodigitaldeescobar.com.ar\/wp-content\/uploads\/2025\/06\/1010x567-boca-benfica-520404-210339_1600_1067-4q2sBR-1536x1024.jpg"}},"image_meta":{"aperture":"0","credit":"","camera":"","caption":"","created_timestamp":"0","copyright":"","focal_length":"0","iso":"0","shutter_speed":"0","title":"","orientation":"0","keywords":[]}},"post":15661,"source_url":"https:\/\/nuevodigitaldeescobar.com.ar\/wp-content\/uploads\/2025\/06\/1010x567-boca-benfica-520404-210339_1600_1067-4q2sBR.jpg"},"yoast_head":"<!-- This site is optimized with the Yoast SEO plugin v26.1.1 - https:\/\/yoast.com\/wordpress\/plugins\/seo\/ -->\n<title>Aunque tuvo un arranque so\u00f1ado, Boca no logr\u00f3 sostener la ventaja y empat\u00f3 con Benfica - Nuevo Digital de Escobar<\/title>\n<meta name=\"robots\" content=\"index, follow, max-snippet:-1, max-image-preview:large, max-video-preview:-1\" \/>\n<link rel=\"canonical\" href=\"https:\/\/nuevodigitaldeescobar.com.ar\/?p=15661\" \/>\n<meta property=\"og:locale\" content=\"es_ES\" \/>\n<meta property=\"og:type\" content=\"article\" \/>\n<meta property=\"og:title\" content=\"Aunque tuvo un arranque so\u00f1ado, Boca no logr\u00f3 sostener la ventaja y empat\u00f3 con Benfica - Nuevo Digital de Escobar\" \/>\n<meta property=\"og:description\" content=\"Boca tuvo unos primeros 45 minutos de ensue\u00f1o con dos goles en el primer tiempo\u00a0 ante un Benfica que fue de menos a m\u00e1s, y [&hellip;]\" \/>\n<meta property=\"og:url\" content=\"https:\/\/nuevodigitaldeescobar.com.ar\/?p=15661\" \/>\n<meta property=\"og:site_name\" content=\"Nuevo Digital de Escobar\" \/>\n<meta property=\"article:publisher\" content=\"https:\/\/www.facebook.com\/NUEVODigitalDeEscobar\" \/>\n<meta property=\"article:published_time\" content=\"2025-06-17T01:20:19+00:00\" \/>\n<meta property=\"og:image\" content=\"https:\/\/derechadiario.com.ar\/filesedc\/uploads\/image\/post\/boca-igualo-2-a-2-ante-atjsz3hs2nee7ivzne4yilsdfa_1200_800.webp\" \/>\n<meta name=\"author\" content=\"Redacci\u00f3n\" \/>\n<meta name=\"twitter:card\" content=\"summary_large_image\" \/>\n<meta name=\"twitter:creator\" content=\"@nuevodigescobar\" \/>\n<meta name=\"twitter:site\" content=\"@nuevodigescobar\" \/>\n<meta name=\"twitter:label1\" content=\"Escrito por\" \/>\n\t<meta name=\"twitter:data1\" content=\"Redacci\u00f3n\" \/>\n\t<meta name=\"twitter:label2\" content=\"Tiempo de lectura\" \/>\n\t<meta name=\"twitter:data2\" content=\"2 minutos\" \/>\n<script type=\"application\/ld+json\" class=\"yoast-schema-graph\">{\"@context\":\"https:\/\/schema.org\",\"@graph\":[{\"@type\":\"Article\",\"@id\":\"https:\/\/nuevodigitaldeescobar.com.ar\/?p=15661#article\",\"isPartOf\":{\"@id\":\"https:\/\/nuevodigitaldeescobar.com.ar\/?p=15661\"},\"author\":{\"name\":\"Redacci\u00f3n\",\"@id\":\"https:\/\/nuevodigitaldeescobar.com.ar\/#\/schema\/person\/035e90a8efe9a80e6eec22656ad6ea4c\"},\"headline\":\"Aunque tuvo un arranque so\u00f1ado, Boca no logr\u00f3 sostener la ventaja y empat\u00f3 con Benfica\",\"datePublished\":\"2025-06-17T01:20:19+00:00\",\"mainEntityOfPage\":{\"@id\":\"https:\/\/nuevodigitaldeescobar.com.ar\/?p=15661\"},\"wordCount\":445,\"commentCount\":0,\"publisher\":{\"@id\":\"https:\/\/nuevodigitaldeescobar.com.ar\/#organization\"},\"image\":{\"@id\":\"https:\/\/nuevodigitaldeescobar.com.ar\/?p=15661#primaryimage\"},\"thumbnailUrl\":\"https:\/\/nuevodigitaldeescobar.com.ar\/wp-content\/uploads\/2025\/06\/1010x567-boca-benfica-520404-210339_1600_1067-4q2sBR.jpg\",\"articleSection\":[\"Deportes\"],\"inLanguage\":\"es\",\"potentialAction\":[{\"@type\":\"CommentAction\",\"name\":\"Comment\",\"target\":[\"https:\/\/nuevodigitaldeescobar.com.ar\/?p=15661#respond\"]}]},{\"@type\":\"WebPage\",\"@id\":\"https:\/\/nuevodigitaldeescobar.com.ar\/?p=15661\",\"url\":\"https:\/\/nuevodigitaldeescobar.com.ar\/?p=15661\",\"name\":\"Aunque tuvo un arranque so\u00f1ado, Boca no logr\u00f3 sostener la ventaja y empat\u00f3 con Benfica - Nuevo Digital de Escobar\",\"isPartOf\":{\"@id\":\"https:\/\/nuevodigitaldeescobar.com.ar\/#website\"},\"primaryImageOfPage\":{\"@id\":\"https:\/\/nuevodigitaldeescobar.com.ar\/?p=15661#primaryimage\"},\"image\":{\"@id\":\"https:\/\/nuevodigitaldeescobar.com.ar\/?p=15661#primaryimage\"},\"thumbnailUrl\":\"https:\/\/nuevodigitaldeescobar.com.ar\/wp-content\/uploads\/2025\/06\/1010x567-boca-benfica-520404-210339_1600_1067-4q2sBR.jpg\",\"datePublished\":\"2025-06-17T01:20:19+00:00\",\"breadcrumb\":{\"@id\":\"https:\/\/nuevodigitaldeescobar.com.ar\/?p=15661#breadcrumb\"},\"inLanguage\":\"es\",\"potentialAction\":[{\"@type\":\"ReadAction\",\"target\":[\"https:\/\/nuevodigitaldeescobar.com.ar\/?p=15661\"]}]},{\"@type\":\"ImageObject\",\"inLanguage\":\"es\",\"@id\":\"https:\/\/nuevodigitaldeescobar.com.ar\/?p=15661#primaryimage\",\"url\":\"https:\/\/nuevodigitaldeescobar.com.ar\/wp-content\/uploads\/2025\/06\/1010x567-boca-benfica-520404-210339_1600_1067-4q2sBR.jpg\",\"contentUrl\":\"https:\/\/nuevodigitaldeescobar.com.ar\/wp-content\/uploads\/2025\/06\/1010x567-boca-benfica-520404-210339_1600_1067-4q2sBR.jpg\",\"width\":1600,\"height\":1067},{\"@type\":\"BreadcrumbList\",\"@id\":\"https:\/\/nuevodigitaldeescobar.com.ar\/?p=15661#breadcrumb\",\"itemListElement\":[{\"@type\":\"ListItem\",\"position\":1,\"name\":\"Portada\",\"item\":\"https:\/\/nuevodigitaldeescobar.com.ar\/\"},{\"@type\":\"ListItem\",\"position\":2,\"name\":\"Aunque tuvo un arranque so\u00f1ado, Boca no logr\u00f3 sostener la ventaja y empat\u00f3 con Benfica\"}]},{\"@type\":\"WebSite\",\"@id\":\"https:\/\/nuevodigitaldeescobar.com.ar\/#website\",\"url\":\"https:\/\/nuevodigitaldeescobar.com.ar\/\",\"name\":\"Nuevo Digital de Escobar\",\"description\":\"La vida escobarense. Directora: Rosana Brunner\",\"publisher\":{\"@id\":\"https:\/\/nuevodigitaldeescobar.com.ar\/#organization\"},\"potentialAction\":[{\"@type\":\"SearchAction\",\"target\":{\"@type\":\"EntryPoint\",\"urlTemplate\":\"https:\/\/nuevodigitaldeescobar.com.ar\/?s={search_term_string}\"},\"query-input\":{\"@type\":\"PropertyValueSpecification\",\"valueRequired\":true,\"valueName\":\"search_term_string\"}}],\"inLanguage\":\"es\"},{\"@type\":\"Organization\",\"@id\":\"https:\/\/nuevodigitaldeescobar.com.ar\/#organization\",\"name\":\"Nuevo Digital de Escobar\",\"url\":\"https:\/\/nuevodigitaldeescobar.com.ar\/\",\"logo\":{\"@type\":\"ImageObject\",\"inLanguage\":\"es\",\"@id\":\"https:\/\/nuevodigitaldeescobar.com.ar\/#\/schema\/logo\/image\/\",\"url\":\"https:\/\/nuevodigitaldeescobar.com.ar\/wp-content\/uploads\/2025\/05\/cropped-logo-nuevo2.jpg\",\"contentUrl\":\"https:\/\/nuevodigitaldeescobar.com.ar\/wp-content\/uploads\/2025\/05\/cropped-logo-nuevo2.jpg\",\"width\":305,\"height\":305,\"caption\":\"Nuevo Digital de Escobar\"},\"image\":{\"@id\":\"https:\/\/nuevodigitaldeescobar.com.ar\/#\/schema\/logo\/image\/\"},\"sameAs\":[\"https:\/\/www.facebook.com\/NUEVODigitalDeEscobar\",\"https:\/\/x.com\/nuevodigescobar\",\"https:\/\/www.instagram.com\/nuevodigitaldeescobar\"]},{\"@type\":\"Person\",\"@id\":\"https:\/\/nuevodigitaldeescobar.com.ar\/#\/schema\/person\/035e90a8efe9a80e6eec22656ad6ea4c\",\"name\":\"Redacci\u00f3n\",\"image\":{\"@type\":\"ImageObject\",\"inLanguage\":\"es\",\"@id\":\"https:\/\/nuevodigitaldeescobar.com.ar\/#\/schema\/person\/image\/\",\"url\":\"https:\/\/secure.gravatar.com\/avatar\/8af8f40000c24e9eef3034f2be5998a372bb1389e64b1a4a36b3a7979142220d?s=96&d=mm&r=g\",\"contentUrl\":\"https:\/\/secure.gravatar.com\/avatar\/8af8f40000c24e9eef3034f2be5998a372bb1389e64b1a4a36b3a7979142220d?s=96&d=mm&r=g\",\"caption\":\"Redacci\u00f3n\"},\"sameAs\":[\"http:\/\/nuevodigitaldeescobar.com.ar\"],\"url\":\"https:\/\/nuevodigitaldeescobar.com.ar\/?author=1\"}]}<\/script>\n<!-- \/ Yoast SEO plugin. -->","yoast_head_json":{"title":"Aunque tuvo un arranque so\u00f1ado, Boca no logr\u00f3 sostener la ventaja y empat\u00f3 con Benfica - Nuevo Digital de Escobar","robots":{"index":"index","follow":"follow","max-snippet":"max-snippet:-1","max-image-preview":"max-image-preview:large","max-video-preview":"max-video-preview:-1"},"canonical":"https:\/\/nuevodigitaldeescobar.com.ar\/?p=15661","og_locale":"es_ES","og_type":"article","og_title":"Aunque tuvo un arranque so\u00f1ado, Boca no logr\u00f3 sostener la ventaja y empat\u00f3 con Benfica - Nuevo Digital de Escobar","og_description":"Boca tuvo unos primeros 45 minutos de ensue\u00f1o con dos goles en el primer tiempo\u00a0 ante un Benfica que fue de menos a m\u00e1s, y [&hellip;]","og_url":"https:\/\/nuevodigitaldeescobar.com.ar\/?p=15661","og_site_name":"Nuevo Digital de Escobar","article_publisher":"https:\/\/www.facebook.com\/NUEVODigitalDeEscobar","article_published_time":"2025-06-17T01:20:19+00:00","og_image":[{"url":"https:\/\/derechadiario.com.ar\/filesedc\/uploads\/image\/post\/boca-igualo-2-a-2-ante-atjsz3hs2nee7ivzne4yilsdfa_1200_800.webp","type":"","width":"","height":""}],"author":"Redacci\u00f3n","twitter_card":"summary_large_image","twitter_creator":"@nuevodigescobar","twitter_site":"@nuevodigescobar","twitter_misc":{"Escrito por":"Redacci\u00f3n","Tiempo de lectura":"2 minutos"},"schema":{"@context":"https:\/\/schema.org","@graph":[{"@type":"Article","@id":"https:\/\/nuevodigitaldeescobar.com.ar\/?p=15661#article","isPartOf":{"@id":"https:\/\/nuevodigitaldeescobar.com.ar\/?p=15661"},"author":{"name":"Redacci\u00f3n","@id":"https:\/\/nuevodigitaldeescobar.com.ar\/#\/schema\/person\/035e90a8efe9a80e6eec22656ad6ea4c"},"headline":"Aunque tuvo un arranque so\u00f1ado, Boca no logr\u00f3 sostener la ventaja y empat\u00f3 con Benfica","datePublished":"2025-06-17T01:20:19+00:00","mainEntityOfPage":{"@id":"https:\/\/nuevodigitaldeescobar.com.ar\/?p=15661"},"wordCount":445,"commentCount":0,"publisher":{"@id":"https:\/\/nuevodigitaldeescobar.com.ar\/#organization"},"image":{"@id":"https:\/\/nuevodigitaldeescobar.com.ar\/?p=15661#primaryimage"},"thumbnailUrl":"https:\/\/nuevodigitaldeescobar.com.ar\/wp-content\/uploads\/2025\/06\/1010x567-boca-benfica-520404-210339_1600_1067-4q2sBR.jpg","articleSection":["Deportes"],"inLanguage":"es","potentialAction":[{"@type":"CommentAction","name":"Comment","target":["https:\/\/nuevodigitaldeescobar.com.ar\/?p=15661#respond"]}]},{"@type":"WebPage","@id":"https:\/\/nuevodigitaldeescobar.com.ar\/?p=15661","url":"https:\/\/nuevodigitaldeescobar.com.ar\/?p=15661","name":"Aunque tuvo un arranque so\u00f1ado, Boca no logr\u00f3 sostener la ventaja y empat\u00f3 con Benfica - Nuevo Digital de Escobar","isPartOf":{"@id":"https:\/\/nuevodigitaldeescobar.com.ar\/#website"},"primaryImageOfPage":{"@id":"https:\/\/nuevodigitaldeescobar.com.ar\/?p=15661#primaryimage"},"image":{"@id":"https:\/\/nuevodigitaldeescobar.com.ar\/?p=15661#primaryimage"},"thumbnailUrl":"https:\/\/nuevodigitaldeescobar.com.ar\/wp-content\/uploads\/2025\/06\/1010x567-boca-benfica-520404-210339_1600_1067-4q2sBR.jpg","datePublished":"2025-06-17T01:20:19+00:00","breadcrumb":{"@id":"https:\/\/nuevodigitaldeescobar.com.ar\/?p=15661#breadcrumb"},"inLanguage":"es","potentialAction":[{"@type":"ReadAction","target":["https:\/\/nuevodigitaldeescobar.com.ar\/?p=15661"]}]},{"@type":"ImageObject","inLanguage":"es","@id":"https:\/\/nuevodigitaldeescobar.com.ar\/?p=15661#primaryimage","url":"https:\/\/nuevodigitaldeescobar.com.ar\/wp-content\/uploads\/2025\/06\/1010x567-boca-benfica-520404-210339_1600_1067-4q2sBR.jpg","contentUrl":"https:\/\/nuevodigitaldeescobar.com.ar\/wp-content\/uploads\/2025\/06\/1010x567-boca-benfica-520404-210339_1600_1067-4q2sBR.jpg","width":1600,"height":1067},{"@type":"BreadcrumbList","@id":"https:\/\/nuevodigitaldeescobar.com.ar\/?p=15661#breadcrumb","itemListElement":[{"@type":"ListItem","position":1,"name":"Portada","item":"https:\/\/nuevodigitaldeescobar.com.ar\/"},{"@type":"ListItem","position":2,"name":"Aunque tuvo un arranque so\u00f1ado, Boca no logr\u00f3 sostener la ventaja y empat\u00f3 con Benfica"}]},{"@type":"WebSite","@id":"https:\/\/nuevodigitaldeescobar.com.ar\/#website","url":"https:\/\/nuevodigitaldeescobar.com.ar\/","name":"Nuevo Digital de Escobar","description":"La vida escobarense. Directora: Rosana Brunner","publisher":{"@id":"https:\/\/nuevodigitaldeescobar.com.ar\/#organization"},"potentialAction":[{"@type":"SearchAction","target":{"@type":"EntryPoint","urlTemplate":"https:\/\/nuevodigitaldeescobar.com.ar\/?s={search_term_string}"},"query-input":{"@type":"PropertyValueSpecification","valueRequired":true,"valueName":"search_term_string"}}],"inLanguage":"es"},{"@type":"Organization","@id":"https:\/\/nuevodigitaldeescobar.com.ar\/#organization","name":"Nuevo Digital de Escobar","url":"https:\/\/nuevodigitaldeescobar.com.ar\/","logo":{"@type":"ImageObject","inLanguage":"es","@id":"https:\/\/nuevodigitaldeescobar.com.ar\/#\/schema\/logo\/image\/","url":"https:\/\/nuevodigitaldeescobar.com.ar\/wp-content\/uploads\/2025\/05\/cropped-logo-nuevo2.jpg","contentUrl":"https:\/\/nuevodigitaldeescobar.com.ar\/wp-content\/uploads\/2025\/05\/cropped-logo-nuevo2.jpg","width":305,"height":305,"caption":"Nuevo Digital de Escobar"},"image":{"@id":"https:\/\/nuevodigitaldeescobar.com.ar\/#\/schema\/logo\/image\/"},"sameAs":["https:\/\/www.facebook.com\/NUEVODigitalDeEscobar","https:\/\/x.com\/nuevodigescobar","https:\/\/www.instagram.com\/nuevodigitaldeescobar"]},{"@type":"Person","@id":"https:\/\/nuevodigitaldeescobar.com.ar\/#\/schema\/person\/035e90a8efe9a80e6eec22656ad6ea4c","name":"Redacci\u00f3n","image":{"@type":"ImageObject","inLanguage":"es","@id":"https:\/\/nuevodigitaldeescobar.com.ar\/#\/schema\/person\/image\/","url":"https:\/\/secure.gravatar.com\/avatar\/8af8f40000c24e9eef3034f2be5998a372bb1389e64b1a4a36b3a7979142220d?s=96&d=mm&r=g","contentUrl":"https:\/\/secure.gravatar.com\/avatar\/8af8f40000c24e9eef3034f2be5998a372bb1389e64b1a4a36b3a7979142220d?s=96&d=mm&r=g","caption":"Redacci\u00f3n"},"sameAs":["http:\/\/nuevodigitaldeescobar.com.ar"],"url":"https:\/\/nuevodigitaldeescobar.com.ar\/?author=1"}]}},"featured_image_urls":{"full":["https:\/\/nuevodigitaldeescobar.com.ar\/wp-content\/uploads\/2025\/06\/1010x567-boca-benfica-520404-210339_1600_1067-4q2sBR.jpg",1600,1067,false],"thumbnail":["https:\/\/nuevodigitaldeescobar.com.ar\/wp-content\/uploads\/2025\/06\/1010x567-boca-benfica-520404-210339_1600_1067-4q2sBR-150x150.jpg",150,150,true],"medium":["https:\/\/nuevodigitaldeescobar.com.ar\/wp-content\/uploads\/2025\/06\/1010x567-boca-benfica-520404-210339_1600_1067-4q2sBR-300x200.jpg",300,200,true],"medium_large":["https:\/\/nuevodigitaldeescobar.com.ar\/wp-content\/uploads\/2025\/06\/1010x567-boca-benfica-520404-210339_1600_1067-4q2sBR-768x512.jpg",640,427,true],"large":["https:\/\/nuevodigitaldeescobar.com.ar\/wp-content\/uploads\/2025\/06\/1010x567-boca-benfica-520404-210339_1600_1067-4q2sBR-1024x683.jpg",640,427,true],"1536x1536":["https:\/\/nuevodigitaldeescobar.com.ar\/wp-content\/uploads\/2025\/06\/1010x567-boca-benfica-520404-210339_1600_1067-4q2sBR-1536x1024.jpg",1536,1024,true],"2048x2048":["https:\/\/nuevodigitaldeescobar.com.ar\/wp-content\/uploads\/2025\/06\/1010x567-boca-benfica-520404-210339_1600_1067-4q2sBR.jpg",1600,1067,false]},"author_info":{"display_name":"Redacci\u00f3n","author_link":"https:\/\/nuevodigitaldeescobar.com.ar\/?author=1"},"category_info":"<a href=\"https:\/\/nuevodigitaldeescobar.com.ar\/?cat=8\" rel=\"category\">Deportes<\/a>","tag_info":"Deportes","comment_count":"0","_links":{"self":[{"href":"https:\/\/nuevodigitaldeescobar.com.ar\/index.php?rest_route=\/wp\/v2\/posts\/15661","targetHints":{"allow":["GET"]}}],"collection":[{"href":"https:\/\/nuevodigitaldeescobar.com.ar\/index.php?rest_route=\/wp\/v2\/posts"}],"about":[{"href":"https:\/\/nuevodigitaldeescobar.com.ar\/index.php?rest_route=\/wp\/v2\/types\/post"}],"author":[{"embeddable":true,"href":"https:\/\/nuevodigitaldeescobar.com.ar\/index.php?rest_route=\/wp\/v2\/users\/1"}],"replies":[{"embeddable":true,"href":"https:\/\/nuevodigitaldeescobar.com.ar\/index.php?rest_route=%2Fwp%2Fv2%2Fcomments&post=15661"}],"version-history":[{"count":0,"href":"https:\/\/nuevodigitaldeescobar.com.ar\/index.php?rest_route=\/wp\/v2\/posts\/15661\/revisions"}],"wp:featuredmedia":[{"embeddable":true,"href":"https:\/\/nuevodigitaldeescobar.com.ar\/index.php?rest_route=\/wp\/v2\/media\/15662"}],"wp:attachment":[{"href":"https:\/\/nuevodigitaldeescobar.com.ar\/index.php?rest_route=%2Fwp%2Fv2%2Fmedia&parent=15661"}],"wp:term":[{"taxonomy":"category","embeddable":true,"href":"https:\/\/nuevodigitaldeescobar.com.ar\/index.php?rest_route=%2Fwp%2Fv2%2Fcategories&post=15661"},{"taxonomy":"post_tag","embeddable":true,"href":"https:\/\/nuevodigitaldeescobar.com.ar\/index.php?rest_route=%2Fwp%2Fv2%2Ftags&post=15661"}],"curies":[{"name":"wp","href":"https:\/\/api.w.org\/{rel}","templated":true}]}}