{"id":15663,"date":"2025-06-17T01:45:36","date_gmt":"2025-06-17T04:45:36","guid":{"rendered":"https:\/\/nuevodigitaldeescobar.com.ar\/?p=15663"},"modified":"2025-06-17T01:45:40","modified_gmt":"2025-06-17T04:45:40","slug":"trump-pidio-evacuar-teheran-ante-la-escalada-belica-entre-iran-e-israel","status":"publish","type":"post","link":"https:\/\/nuevodigitaldeescobar.com.ar\/?p=15663","title":{"rendered":"Trump pidi\u00f3 evacuar Teher\u00e1n ante la escalada b\u00e9lica entre Ir\u00e1n e Israel"},"content":{"rendered":"\n<p class=\"has-vivid-cyan-blue-color has-text-color has-link-color wp-elements-c9a7ef2587a177abd2a49b78700d8aff\"><strong><em>Donald Trump encendi\u00f3 las alarmas globales con una advertencia directa al pueblo iran\u00ed: \u201cTodos deber\u00edan evacuar Teher\u00e1n inmediatamente\u201d. La declaraci\u00f3n fue publicada en la red Truth Social, en medio de una preocupante escalada militar entre Israel e Ir\u00e1n.<\/em><\/strong><\/p>\n\n\n\n<!--more-->\n\n\n\n<p>La tensi\u00f3n aument\u00f3 desde la madrugada del viernes, cuando fuerzas israel\u00edes intensificaron los bombardeos sobre territorio iran\u00ed. En respuesta, ambas naciones contin\u00faan intercambiando ataques, profundizando el conflicto en Medio Oriente.<\/p>\n\n\n\n<p>El expresidente de Estados Unidos \u2014quien participa de la Cumbre del G7 en Kananaskis, Canad\u00e1\u2014 anunci\u00f3 adem\u00e1s que dejar\u00e1 el encuentro de l\u00edderes internacionales un d\u00eda antes de lo previsto para atender la crisis. <em>\u201cDebido a los acontecimientos en Oriente Medio, el presidente Trump partir\u00e1 esta noche tras la cena con los jefes de Estado\u201d<\/em>, confirm\u00f3 la portavoz Karoline Leavitt.<\/p>\n\n\n\n<p>Trump sostuvo que Ir\u00e1n desperdici\u00f3 una oportunidad de evitar el conflicto: <em>\u201cDeber\u00edan haber firmado el acuerdo que les propuse. Qu\u00e9 verg\u00fcenza y qu\u00e9 desperdicio de vidas humanas. Ir\u00e1n no puede tener armas nucleares\u201d<\/em>, remarc\u00f3.<\/p>\n\n\n\n<p>Seg\u00fan fuentes militares, <strong>el ej\u00e9rcito israel\u00ed orden\u00f3 la evacuaci\u00f3n de unas 330.000 personas<\/strong> en el centro de Teher\u00e1n. Entre los objetivos potenciales se encuentran la sede de la televisi\u00f3n estatal, dependencias policiales y hospitales ligados a la Guardia Revolucionaria.<\/p>\n\n\n\n<p>Trump tambi\u00e9n se\u00f1al\u00f3 que est\u00e1 en di\u00e1logo permanente con el primer ministro israel\u00ed, Benjam\u00edn Netanyahu, y que <em>\u201ctodos quieren llegar a un acuerdo\u201d<\/em>. Aunque evit\u00f3 pronunciarse sobre un eventual cambio de r\u00e9gimen en Ir\u00e1n, fue tajante: <em>\u201cLo que quiero es que Ir\u00e1n no tenga armas nucleares, y estamos en camino de conseguirlo\u201d<\/em>.<\/p>\n\n\n\n<p>Respecto a las presiones de la Uni\u00f3n Europea para imponer nuevas sanciones a Rusia por la guerra en Ucrania, Trump expres\u00f3 cautela y subray\u00f3 el alto costo econ\u00f3mico que implica para EE.UU., aunque reconoci\u00f3 que <em>\u201cel dinero no es la cuesti\u00f3n\u201d<\/em>.<\/p>\n\n\n\n<p><em>\u201cCada semana mueren 5.000 j\u00f3venes, tanto rusos como ucranianos. Si lo podemos parar, ser\u00eda muy feliz\u201d<\/em>, concluy\u00f3, apuntando contra la <strong><em>\u201cestupidez\u201d<\/em><\/strong> de su antecesor Joe Biden por permitir la invasi\u00f3n rusa.<\/p>\n","protected":false},"excerpt":{"rendered":"<p>Donald Trump encendi\u00f3 las alarmas globales con una advertencia directa al pueblo iran\u00ed: \u201cTodos deber\u00edan evacuar Teher\u00e1n inmediatamente\u201d. La declaraci\u00f3n fue publicada en la red [&hellip;]<\/p>\n","protected":false},"author":1,"featured_media":15664,"comment_status":"open","ping_status":"open","sticky":false,"template":"","format":"standard","meta":{"footnotes":""},"categories":[285],"tags":[],"class_list":["post-15663","post","type-post","status-publish","format-standard","has-post-thumbnail","hentry","category-internacionales"],"better_featured_image":{"id":15664,"alt_text":"","caption":"","description":"","media_type":"image","media_details":{"width":640,"height":360,"file":"2025\/06\/trumpiran2.webp","filesize":15968,"sizes":{"medium":{"file":"trumpiran2-300x169.webp","width":300,"height":169,"mime-type":"image\/webp","filesize":8006,"source_url":"https:\/\/nuevodigitaldeescobar.com.ar\/wp-content\/uploads\/2025\/06\/trumpiran2-300x169.webp"},"thumbnail":{"file":"trumpiran2-150x150.webp","width":150,"height":150,"mime-type":"image\/webp","filesize":3644,"source_url":"https:\/\/nuevodigitaldeescobar.com.ar\/wp-content\/uploads\/2025\/06\/trumpiran2-150x150.webp"}},"image_meta":{"aperture":"0","credit":"","camera":"","caption":"","created_timestamp":"0","copyright":"","focal_length":"0","iso":"0","shutter_speed":"0","title":"","orientation":"0","keywords":[]}},"post":15663,"source_url":"https:\/\/nuevodigitaldeescobar.com.ar\/wp-content\/uploads\/2025\/06\/trumpiran2.webp"},"yoast_head":"<!-- This site is optimized with the Yoast SEO plugin v26.1.1 - https:\/\/yoast.com\/wordpress\/plugins\/seo\/ -->\n<title>Trump pidi\u00f3 evacuar Teher\u00e1n ante la escalada b\u00e9lica entre Ir\u00e1n e Israel - Nuevo Digital de Escobar<\/title>\n<meta name=\"robots\" content=\"index, follow, max-snippet:-1, max-image-preview:large, max-video-preview:-1\" \/>\n<link rel=\"canonical\" href=\"https:\/\/nuevodigitaldeescobar.com.ar\/?p=15663\" \/>\n<meta property=\"og:locale\" content=\"es_ES\" \/>\n<meta property=\"og:type\" content=\"article\" \/>\n<meta property=\"og:title\" content=\"Trump pidi\u00f3 evacuar Teher\u00e1n ante la escalada b\u00e9lica entre Ir\u00e1n e Israel - Nuevo Digital de Escobar\" \/>\n<meta property=\"og:description\" content=\"Donald Trump encendi\u00f3 las alarmas globales con una advertencia directa al pueblo iran\u00ed: \u201cTodos deber\u00edan evacuar Teher\u00e1n inmediatamente\u201d. La declaraci\u00f3n fue publicada en la red [&hellip;]\" \/>\n<meta property=\"og:url\" content=\"https:\/\/nuevodigitaldeescobar.com.ar\/?p=15663\" \/>\n<meta property=\"og:site_name\" content=\"Nuevo Digital de Escobar\" \/>\n<meta property=\"article:publisher\" content=\"https:\/\/www.facebook.com\/NUEVODigitalDeEscobar\" \/>\n<meta property=\"article:published_time\" content=\"2025-06-17T04:45:36+00:00\" \/>\n<meta property=\"article:modified_time\" content=\"2025-06-17T04:45:40+00:00\" \/>\n<meta property=\"og:image\" content=\"http:\/\/nuevodigitaldeescobar.com.ar\/wp-content\/uploads\/2025\/06\/trumpiran2.webp\" \/>\n\t<meta property=\"og:image:width\" content=\"640\" \/>\n\t<meta property=\"og:image:height\" content=\"360\" \/>\n\t<meta property=\"og:image:type\" content=\"image\/webp\" \/>\n<meta name=\"author\" content=\"Redacci\u00f3n\" \/>\n<meta name=\"twitter:card\" content=\"summary_large_image\" \/>\n<meta name=\"twitter:creator\" content=\"@nuevodigescobar\" \/>\n<meta name=\"twitter:site\" content=\"@nuevodigescobar\" \/>\n<meta name=\"twitter:label1\" content=\"Escrito por\" \/>\n\t<meta name=\"twitter:data1\" content=\"Redacci\u00f3n\" \/>\n\t<meta name=\"twitter:label2\" content=\"Tiempo de lectura\" \/>\n\t<meta name=\"twitter:data2\" content=\"2 minutos\" \/>\n<script type=\"application\/ld+json\" class=\"yoast-schema-graph\">{\"@context\":\"https:\/\/schema.org\",\"@graph\":[{\"@type\":\"Article\",\"@id\":\"https:\/\/nuevodigitaldeescobar.com.ar\/?p=15663#article\",\"isPartOf\":{\"@id\":\"https:\/\/nuevodigitaldeescobar.com.ar\/?p=15663\"},\"author\":{\"name\":\"Redacci\u00f3n\",\"@id\":\"https:\/\/nuevodigitaldeescobar.com.ar\/#\/schema\/person\/035e90a8efe9a80e6eec22656ad6ea4c\"},\"headline\":\"Trump pidi\u00f3 evacuar Teher\u00e1n ante la escalada b\u00e9lica entre Ir\u00e1n e Israel\",\"datePublished\":\"2025-06-17T04:45:36+00:00\",\"dateModified\":\"2025-06-17T04:45:40+00:00\",\"mainEntityOfPage\":{\"@id\":\"https:\/\/nuevodigitaldeescobar.com.ar\/?p=15663\"},\"wordCount\":371,\"commentCount\":0,\"publisher\":{\"@id\":\"https:\/\/nuevodigitaldeescobar.com.ar\/#organization\"},\"image\":{\"@id\":\"https:\/\/nuevodigitaldeescobar.com.ar\/?p=15663#primaryimage\"},\"thumbnailUrl\":\"https:\/\/nuevodigitaldeescobar.com.ar\/wp-content\/uploads\/2025\/06\/trumpiran2.webp\",\"articleSection\":[\"Internacionales\"],\"inLanguage\":\"es\",\"potentialAction\":[{\"@type\":\"CommentAction\",\"name\":\"Comment\",\"target\":[\"https:\/\/nuevodigitaldeescobar.com.ar\/?p=15663#respond\"]}]},{\"@type\":\"WebPage\",\"@id\":\"https:\/\/nuevodigitaldeescobar.com.ar\/?p=15663\",\"url\":\"https:\/\/nuevodigitaldeescobar.com.ar\/?p=15663\",\"name\":\"Trump pidi\u00f3 evacuar Teher\u00e1n ante la escalada b\u00e9lica entre Ir\u00e1n e Israel - Nuevo Digital de Escobar\",\"isPartOf\":{\"@id\":\"https:\/\/nuevodigitaldeescobar.com.ar\/#website\"},\"primaryImageOfPage\":{\"@id\":\"https:\/\/nuevodigitaldeescobar.com.ar\/?p=15663#primaryimage\"},\"image\":{\"@id\":\"https:\/\/nuevodigitaldeescobar.com.ar\/?p=15663#primaryimage\"},\"thumbnailUrl\":\"https:\/\/nuevodigitaldeescobar.com.ar\/wp-content\/uploads\/2025\/06\/trumpiran2.webp\",\"datePublished\":\"2025-06-17T04:45:36+00:00\",\"dateModified\":\"2025-06-17T04:45:40+00:00\",\"breadcrumb\":{\"@id\":\"https:\/\/nuevodigitaldeescobar.com.ar\/?p=15663#breadcrumb\"},\"inLanguage\":\"es\",\"potentialAction\":[{\"@type\":\"ReadAction\",\"target\":[\"https:\/\/nuevodigitaldeescobar.com.ar\/?p=15663\"]}]},{\"@type\":\"ImageObject\",\"inLanguage\":\"es\",\"@id\":\"https:\/\/nuevodigitaldeescobar.com.ar\/?p=15663#primaryimage\",\"url\":\"https:\/\/nuevodigitaldeescobar.com.ar\/wp-content\/uploads\/2025\/06\/trumpiran2.webp\",\"contentUrl\":\"https:\/\/nuevodigitaldeescobar.com.ar\/wp-content\/uploads\/2025\/06\/trumpiran2.webp\",\"width\":640,\"height\":360},{\"@type\":\"BreadcrumbList\",\"@id\":\"https:\/\/nuevodigitaldeescobar.com.ar\/?p=15663#breadcrumb\",\"itemListElement\":[{\"@type\":\"ListItem\",\"position\":1,\"name\":\"Portada\",\"item\":\"https:\/\/nuevodigitaldeescobar.com.ar\/\"},{\"@type\":\"ListItem\",\"position\":2,\"name\":\"Trump pidi\u00f3 evacuar Teher\u00e1n ante la escalada b\u00e9lica entre Ir\u00e1n e Israel\"}]},{\"@type\":\"WebSite\",\"@id\":\"https:\/\/nuevodigitaldeescobar.com.ar\/#website\",\"url\":\"https:\/\/nuevodigitaldeescobar.com.ar\/\",\"name\":\"Nuevo Digital de Escobar\",\"description\":\"La vida escobarense. Directora: Rosana Brunner\",\"publisher\":{\"@id\":\"https:\/\/nuevodigitaldeescobar.com.ar\/#organization\"},\"potentialAction\":[{\"@type\":\"SearchAction\",\"target\":{\"@type\":\"EntryPoint\",\"urlTemplate\":\"https:\/\/nuevodigitaldeescobar.com.ar\/?s={search_term_string}\"},\"query-input\":{\"@type\":\"PropertyValueSpecification\",\"valueRequired\":true,\"valueName\":\"search_term_string\"}}],\"inLanguage\":\"es\"},{\"@type\":\"Organization\",\"@id\":\"https:\/\/nuevodigitaldeescobar.com.ar\/#organization\",\"name\":\"Nuevo Digital de Escobar\",\"url\":\"https:\/\/nuevodigitaldeescobar.com.ar\/\",\"logo\":{\"@type\":\"ImageObject\",\"inLanguage\":\"es\",\"@id\":\"https:\/\/nuevodigitaldeescobar.com.ar\/#\/schema\/logo\/image\/\",\"url\":\"https:\/\/nuevodigitaldeescobar.com.ar\/wp-content\/uploads\/2025\/05\/cropped-logo-nuevo2.jpg\",\"contentUrl\":\"https:\/\/nuevodigitaldeescobar.com.ar\/wp-content\/uploads\/2025\/05\/cropped-logo-nuevo2.jpg\",\"width\":305,\"height\":305,\"caption\":\"Nuevo Digital de Escobar\"},\"image\":{\"@id\":\"https:\/\/nuevodigitaldeescobar.com.ar\/#\/schema\/logo\/image\/\"},\"sameAs\":[\"https:\/\/www.facebook.com\/NUEVODigitalDeEscobar\",\"https:\/\/x.com\/nuevodigescobar\",\"https:\/\/www.instagram.com\/nuevodigitaldeescobar\"]},{\"@type\":\"Person\",\"@id\":\"https:\/\/nuevodigitaldeescobar.com.ar\/#\/schema\/person\/035e90a8efe9a80e6eec22656ad6ea4c\",\"name\":\"Redacci\u00f3n\",\"image\":{\"@type\":\"ImageObject\",\"inLanguage\":\"es\",\"@id\":\"https:\/\/nuevodigitaldeescobar.com.ar\/#\/schema\/person\/image\/\",\"url\":\"https:\/\/secure.gravatar.com\/avatar\/8af8f40000c24e9eef3034f2be5998a372bb1389e64b1a4a36b3a7979142220d?s=96&d=mm&r=g\",\"contentUrl\":\"https:\/\/secure.gravatar.com\/avatar\/8af8f40000c24e9eef3034f2be5998a372bb1389e64b1a4a36b3a7979142220d?s=96&d=mm&r=g\",\"caption\":\"Redacci\u00f3n\"},\"sameAs\":[\"http:\/\/nuevodigitaldeescobar.com.ar\"],\"url\":\"https:\/\/nuevodigitaldeescobar.com.ar\/?author=1\"}]}<\/script>\n<!-- \/ Yoast SEO plugin. -->","yoast_head_json":{"title":"Trump pidi\u00f3 evacuar Teher\u00e1n ante la escalada b\u00e9lica entre Ir\u00e1n e Israel - Nuevo Digital de Escobar","robots":{"index":"index","follow":"follow","max-snippet":"max-snippet:-1","max-image-preview":"max-image-preview:large","max-video-preview":"max-video-preview:-1"},"canonical":"https:\/\/nuevodigitaldeescobar.com.ar\/?p=15663","og_locale":"es_ES","og_type":"article","og_title":"Trump pidi\u00f3 evacuar Teher\u00e1n ante la escalada b\u00e9lica entre Ir\u00e1n e Israel - Nuevo Digital de Escobar","og_description":"Donald Trump encendi\u00f3 las alarmas globales con una advertencia directa al pueblo iran\u00ed: \u201cTodos deber\u00edan evacuar Teher\u00e1n inmediatamente\u201d. La declaraci\u00f3n fue publicada en la red [&hellip;]","og_url":"https:\/\/nuevodigitaldeescobar.com.ar\/?p=15663","og_site_name":"Nuevo Digital de Escobar","article_publisher":"https:\/\/www.facebook.com\/NUEVODigitalDeEscobar","article_published_time":"2025-06-17T04:45:36+00:00","article_modified_time":"2025-06-17T04:45:40+00:00","og_image":[{"width":640,"height":360,"url":"http:\/\/nuevodigitaldeescobar.com.ar\/wp-content\/uploads\/2025\/06\/trumpiran2.webp","type":"image\/webp"}],"author":"Redacci\u00f3n","twitter_card":"summary_large_image","twitter_creator":"@nuevodigescobar","twitter_site":"@nuevodigescobar","twitter_misc":{"Escrito por":"Redacci\u00f3n","Tiempo de lectura":"2 minutos"},"schema":{"@context":"https:\/\/schema.org","@graph":[{"@type":"Article","@id":"https:\/\/nuevodigitaldeescobar.com.ar\/?p=15663#article","isPartOf":{"@id":"https:\/\/nuevodigitaldeescobar.com.ar\/?p=15663"},"author":{"name":"Redacci\u00f3n","@id":"https:\/\/nuevodigitaldeescobar.com.ar\/#\/schema\/person\/035e90a8efe9a80e6eec22656ad6ea4c"},"headline":"Trump pidi\u00f3 evacuar Teher\u00e1n ante la escalada b\u00e9lica entre Ir\u00e1n e Israel","datePublished":"2025-06-17T04:45:36+00:00","dateModified":"2025-06-17T04:45:40+00:00","mainEntityOfPage":{"@id":"https:\/\/nuevodigitaldeescobar.com.ar\/?p=15663"},"wordCount":371,"commentCount":0,"publisher":{"@id":"https:\/\/nuevodigitaldeescobar.com.ar\/#organization"},"image":{"@id":"https:\/\/nuevodigitaldeescobar.com.ar\/?p=15663#primaryimage"},"thumbnailUrl":"https:\/\/nuevodigitaldeescobar.com.ar\/wp-content\/uploads\/2025\/06\/trumpiran2.webp","articleSection":["Internacionales"],"inLanguage":"es","potentialAction":[{"@type":"CommentAction","name":"Comment","target":["https:\/\/nuevodigitaldeescobar.com.ar\/?p=15663#respond"]}]},{"@type":"WebPage","@id":"https:\/\/nuevodigitaldeescobar.com.ar\/?p=15663","url":"https:\/\/nuevodigitaldeescobar.com.ar\/?p=15663","name":"Trump pidi\u00f3 evacuar Teher\u00e1n ante la escalada b\u00e9lica entre Ir\u00e1n e Israel - Nuevo Digital de Escobar","isPartOf":{"@id":"https:\/\/nuevodigitaldeescobar.com.ar\/#website"},"primaryImageOfPage":{"@id":"https:\/\/nuevodigitaldeescobar.com.ar\/?p=15663#primaryimage"},"image":{"@id":"https:\/\/nuevodigitaldeescobar.com.ar\/?p=15663#primaryimage"},"thumbnailUrl":"https:\/\/nuevodigitaldeescobar.com.ar\/wp-content\/uploads\/2025\/06\/trumpiran2.webp","datePublished":"2025-06-17T04:45:36+00:00","dateModified":"2025-06-17T04:45:40+00:00","breadcrumb":{"@id":"https:\/\/nuevodigitaldeescobar.com.ar\/?p=15663#breadcrumb"},"inLanguage":"es","potentialAction":[{"@type":"ReadAction","target":["https:\/\/nuevodigitaldeescobar.com.ar\/?p=15663"]}]},{"@type":"ImageObject","inLanguage":"es","@id":"https:\/\/nuevodigitaldeescobar.com.ar\/?p=15663#primaryimage","url":"https:\/\/nuevodigitaldeescobar.com.ar\/wp-content\/uploads\/2025\/06\/trumpiran2.webp","contentUrl":"https:\/\/nuevodigitaldeescobar.com.ar\/wp-content\/uploads\/2025\/06\/trumpiran2.webp","width":640,"height":360},{"@type":"BreadcrumbList","@id":"https:\/\/nuevodigitaldeescobar.com.ar\/?p=15663#breadcrumb","itemListElement":[{"@type":"ListItem","position":1,"name":"Portada","item":"https:\/\/nuevodigitaldeescobar.com.ar\/"},{"@type":"ListItem","position":2,"name":"Trump pidi\u00f3 evacuar Teher\u00e1n ante la escalada b\u00e9lica entre Ir\u00e1n e Israel"}]},{"@type":"WebSite","@id":"https:\/\/nuevodigitaldeescobar.com.ar\/#website","url":"https:\/\/nuevodigitaldeescobar.com.ar\/","name":"Nuevo Digital de Escobar","description":"La vida escobarense. Directora: Rosana Brunner","publisher":{"@id":"https:\/\/nuevodigitaldeescobar.com.ar\/#organization"},"potentialAction":[{"@type":"SearchAction","target":{"@type":"EntryPoint","urlTemplate":"https:\/\/nuevodigitaldeescobar.com.ar\/?s={search_term_string}"},"query-input":{"@type":"PropertyValueSpecification","valueRequired":true,"valueName":"search_term_string"}}],"inLanguage":"es"},{"@type":"Organization","@id":"https:\/\/nuevodigitaldeescobar.com.ar\/#organization","name":"Nuevo Digital de Escobar","url":"https:\/\/nuevodigitaldeescobar.com.ar\/","logo":{"@type":"ImageObject","inLanguage":"es","@id":"https:\/\/nuevodigitaldeescobar.com.ar\/#\/schema\/logo\/image\/","url":"https:\/\/nuevodigitaldeescobar.com.ar\/wp-content\/uploads\/2025\/05\/cropped-logo-nuevo2.jpg","contentUrl":"https:\/\/nuevodigitaldeescobar.com.ar\/wp-content\/uploads\/2025\/05\/cropped-logo-nuevo2.jpg","width":305,"height":305,"caption":"Nuevo Digital de Escobar"},"image":{"@id":"https:\/\/nuevodigitaldeescobar.com.ar\/#\/schema\/logo\/image\/"},"sameAs":["https:\/\/www.facebook.com\/NUEVODigitalDeEscobar","https:\/\/x.com\/nuevodigescobar","https:\/\/www.instagram.com\/nuevodigitaldeescobar"]},{"@type":"Person","@id":"https:\/\/nuevodigitaldeescobar.com.ar\/#\/schema\/person\/035e90a8efe9a80e6eec22656ad6ea4c","name":"Redacci\u00f3n","image":{"@type":"ImageObject","inLanguage":"es","@id":"https:\/\/nuevodigitaldeescobar.com.ar\/#\/schema\/person\/image\/","url":"https:\/\/secure.gravatar.com\/avatar\/8af8f40000c24e9eef3034f2be5998a372bb1389e64b1a4a36b3a7979142220d?s=96&d=mm&r=g","contentUrl":"https:\/\/secure.gravatar.com\/avatar\/8af8f40000c24e9eef3034f2be5998a372bb1389e64b1a4a36b3a7979142220d?s=96&d=mm&r=g","caption":"Redacci\u00f3n"},"sameAs":["http:\/\/nuevodigitaldeescobar.com.ar"],"url":"https:\/\/nuevodigitaldeescobar.com.ar\/?author=1"}]}},"featured_image_urls":{"full":["https:\/\/nuevodigitaldeescobar.com.ar\/wp-content\/uploads\/2025\/06\/trumpiran2.webp",640,360,false],"thumbnail":["https:\/\/nuevodigitaldeescobar.com.ar\/wp-content\/uploads\/2025\/06\/trumpiran2-150x150.webp",150,150,true],"medium":["https:\/\/nuevodigitaldeescobar.com.ar\/wp-content\/uploads\/2025\/06\/trumpiran2-300x169.webp",300,169,true],"medium_large":["https:\/\/nuevodigitaldeescobar.com.ar\/wp-content\/uploads\/2025\/06\/trumpiran2.webp",640,360,false],"large":["https:\/\/nuevodigitaldeescobar.com.ar\/wp-content\/uploads\/2025\/06\/trumpiran2.webp",640,360,false],"1536x1536":["https:\/\/nuevodigitaldeescobar.com.ar\/wp-content\/uploads\/2025\/06\/trumpiran2.webp",640,360,false],"2048x2048":["https:\/\/nuevodigitaldeescobar.com.ar\/wp-content\/uploads\/2025\/06\/trumpiran2.webp",640,360,false]},"author_info":{"display_name":"Redacci\u00f3n","author_link":"https:\/\/nuevodigitaldeescobar.com.ar\/?author=1"},"category_info":"<a href=\"https:\/\/nuevodigitaldeescobar.com.ar\/?cat=285\" rel=\"category\">Internacionales<\/a>","tag_info":"Internacionales","comment_count":"0","_links":{"self":[{"href":"https:\/\/nuevodigitaldeescobar.com.ar\/index.php?rest_route=\/wp\/v2\/posts\/15663","targetHints":{"allow":["GET"]}}],"collection":[{"href":"https:\/\/nuevodigitaldeescobar.com.ar\/index.php?rest_route=\/wp\/v2\/posts"}],"about":[{"href":"https:\/\/nuevodigitaldeescobar.com.ar\/index.php?rest_route=\/wp\/v2\/types\/post"}],"author":[{"embeddable":true,"href":"https:\/\/nuevodigitaldeescobar.com.ar\/index.php?rest_route=\/wp\/v2\/users\/1"}],"replies":[{"embeddable":true,"href":"https:\/\/nuevodigitaldeescobar.com.ar\/index.php?rest_route=%2Fwp%2Fv2%2Fcomments&post=15663"}],"version-history":[{"count":1,"href":"https:\/\/nuevodigitaldeescobar.com.ar\/index.php?rest_route=\/wp\/v2\/posts\/15663\/revisions"}],"predecessor-version":[{"id":15665,"href":"https:\/\/nuevodigitaldeescobar.com.ar\/index.php?rest_route=\/wp\/v2\/posts\/15663\/revisions\/15665"}],"wp:featuredmedia":[{"embeddable":true,"href":"https:\/\/nuevodigitaldeescobar.com.ar\/index.php?rest_route=\/wp\/v2\/media\/15664"}],"wp:attachment":[{"href":"https:\/\/nuevodigitaldeescobar.com.ar\/index.php?rest_route=%2Fwp%2Fv2%2Fmedia&parent=15663"}],"wp:term":[{"taxonomy":"category","embeddable":true,"href":"https:\/\/nuevodigitaldeescobar.com.ar\/index.php?rest_route=%2Fwp%2Fv2%2Fcategories&post=15663"},{"taxonomy":"post_tag","embeddable":true,"href":"https:\/\/nuevodigitaldeescobar.com.ar\/index.php?rest_route=%2Fwp%2Fv2%2Ftags&post=15663"}],"curies":[{"name":"wp","href":"https:\/\/api.w.org\/{rel}","templated":true}]}}