{"id":15702,"date":"2025-06-18T00:10:00","date_gmt":"2025-06-18T03:10:00","guid":{"rendered":"https:\/\/nuevodigitaldeescobar.com.ar\/?p=15702"},"modified":"2025-06-17T22:55:15","modified_gmt":"2025-06-18T01:55:15","slug":"la-justicia-le-concedio-la-prision-domiciliaria-a-cristina-kirchner-los-fundamentos-de-una-decision-clave","status":"publish","type":"post","link":"https:\/\/nuevodigitaldeescobar.com.ar\/?p=15702","title":{"rendered":"La Justicia le concedi\u00f3 la prisi\u00f3n domiciliaria a Cristina Kirchner: los fundamentos de una decisi\u00f3n clave"},"content":{"rendered":"\n<p class=\"has-vivid-cyan-blue-color has-text-color has-link-color wp-elements-07868a3778ecfbd3ee94ce446896f9d0\"><strong><em>El Tribunal Oral en lo Criminal Federal N.\u00ba 2 autoriz\u00f3 que la ex presidenta cumpla su condena en su domicilio. Alegaron riesgo para su vida e integridad f\u00edsica tras el atentado sufrido en 2022. Tambi\u00e9n se valor\u00f3 su edad y el marco legal.<\/em><\/strong><\/p>\n\n\n\n<p>El Tribunal Oral Federal N.\u00ba 2 (TOCF 2), integrado por los jueces Jorge Gorini, Rodrigo Gim\u00e9nez Uriburu y Andr\u00e9s Basso, resolvi\u00f3 este martes concederle a la ex presidenta Cristina Fern\u00e1ndez de Kirchner el beneficio de prisi\u00f3n domiciliaria, en el marco de la causa Vialidad, donde fue condenada a seis a\u00f1os de prisi\u00f3n por administraci\u00f3n fraudulenta en perjuicio del Estado.<\/p>\n\n\n\n<p>Seg\u00fan la resoluci\u00f3n judicial, la medida responde a una combinaci\u00f3n de factores humanitarios, legales y de seguridad, entre ellos, su edad \u2014superior a los 70 a\u00f1os\u2014 y el intento de asesinato que sufri\u00f3 en septiembre de 2022. La decisi\u00f3n se basa en que no es posible garantizar su seguridad en un establecimiento penitenciario sin incurrir en pr\u00e1cticas que violen derechos constitucionales, como el aislamiento prolongado.<\/p>\n\n\n\n<hr class=\"wp-block-separator has-alpha-channel-opacity\"\/>\n\n\n\n<h3 class=\"wp-block-heading has-text-color has-link-color wp-elements-28e5d9760494387c26d9d71cbaa2ce62\" style=\"color:#1326b9\">\ud83d\udd39 <em>Fundamentos legales y an\u00e1lisis del tribunal<\/em><\/h3>\n\n\n\n<p>La defensa, encabezada por Carlos Beraldi y Ary Llernovoy, hab\u00eda solicitado la domiciliaria en virtud del art\u00edculo 32 de la Ley 24.660 y del art\u00edculo 10 del C\u00f3digo Penal, que contemplan este beneficio para mayores de 70 a\u00f1os. Sin embargo, los jueces aclararon que dicha prerrogativa no es autom\u00e1tica: requiere una evaluaci\u00f3n razonada por parte del tribunal, en funci\u00f3n de las circunstancias particulares de la persona condenada.<\/p>\n\n\n\n<p>En este sentido, el fallo destaca que <em>\u201cel aseguramiento de la vida e integridad f\u00edsica de la condenada se torna complejo en una situaci\u00f3n de encierro carcelario\u201d<\/em>, y que las condiciones necesarias para su seguridad personal no pueden garantizarse sin recurrir al aislamiento, lo cual ser\u00eda inconstitucional y atentar\u00eda contra la finalidad resocializadora de la pena.<\/p>\n\n\n\n<hr class=\"wp-block-separator has-alpha-channel-opacity\"\/>\n\n\n\n<h3 class=\"wp-block-heading has-text-color has-link-color wp-elements-5c5fd5523004e150026c45380bb598f0\" style=\"color:#1326b9\">\ud83d\udd39 <em>El antecedente del atentado y su custodia especial<\/em><\/h3>\n\n\n\n<p>Uno de los puntos centrales del fallo fue el atentado sufrido por Cristina Kirchner en la puerta de su domicilio en 2022. El tribunal consider\u00f3 que ese episodio, a\u00fan bajo investigaci\u00f3n judicial, implica un riesgo latente para su vida, el cual podr\u00eda agravarse si se encontrara alojada en una c\u00e1rcel com\u00fan, incluso bajo custodia especial.<\/p>\n\n\n\n<p>En ese contexto, los magistrados se\u00f1alaron que <em>\u201cel Estado no puede exigir el cumplimiento carcelario de una pena si ello conlleva la exposici\u00f3n del interno a potenciales situaciones de violencia intrapenitenciaria\u201d<\/em>. Y agregaron que <em>\u201cla alternativa de un aislamiento indefinido o prolongado no resulta compatible con los fines de la ejecuci\u00f3n penal\u201d<\/em>.<\/p>\n\n\n\n<hr class=\"wp-block-separator has-alpha-channel-opacity\"\/>\n\n\n\n<h3 class=\"wp-block-heading has-text-color has-link-color wp-elements-2e2f29c695709cadae23b217a2c71eea\" style=\"color:#1326b9\">\ud83d\udd39 <em>Condiciones de cumplimiento: tobillera electr\u00f3nica y control trimestral<\/em><\/h3>\n\n\n\n<p>Cristina Kirchner cumplir\u00e1 la pena en su domicilio del barrio porte\u00f1o de Monserrat, donde vive sola desde su mudanza posterior al atentado. Seg\u00fan el fallo, no podr\u00e1 abandonar la vivienda salvo por motivos de fuerza mayor debidamente justificados.<\/p>\n\n\n\n<p>Adem\u00e1s, el tribunal dispuso la colocaci\u00f3n de una <strong>tobillera electr\u00f3nica de monitoreo<\/strong>, que ser\u00e1 instalada por la Direcci\u00f3n de Asistencia a Personas Bajo Vigilancia Electr\u00f3nica, dependiente del Ministerio de Seguridad. La defensa hab\u00eda rechazado este requisito, argumentando que no existe riesgo de fuga. No obstante, los jueces se\u00f1alaron que se trata de una medida obligatoria establecida por ley.<\/p>\n\n\n\n<p>Tambi\u00e9n deber\u00e1 presentar una n\u00f3mina de su grupo familiar, profesionales m\u00e9dicos, abogados y personal de custodia. La Direcci\u00f3n de Control y Asistencia de Ejecuci\u00f3n Penal ser\u00e1 la encargada de supervisar el cumplimiento de las condiciones impuestas, con informes trimestrales al tribunal.<\/p>\n\n\n\n<hr class=\"wp-block-separator has-alpha-channel-opacity\"\/>\n\n\n\n<h3 class=\"wp-block-heading has-text-color has-link-color wp-elements-76073c0fcff3161095467d7c8e9cf14d\" style=\"color:#1326b9\">\ud83d\udd39 <em>Sin citaci\u00f3n presencial y paso a la siguiente etapa procesal<\/em><\/h3>\n\n\n\n<p>La resoluci\u00f3n dej\u00f3 sin efecto la citaci\u00f3n judicial que estaba prevista para este mi\u00e9rcoles y habilit\u00f3 al tribunal a avanzar con el c\u00f3mputo de pena en la causa principal. La notificaci\u00f3n personal de la sentencia ser\u00e1 realizada por la comisar\u00eda correspondiente al domicilio de la ex presidenta.<\/p>\n\n\n\n<p>Con esta decisi\u00f3n, el caso da un nuevo giro jur\u00eddico y pol\u00edtico, mientras a\u00fan permanece pendiente la resoluci\u00f3n de otros tramos judiciales relacionados con el caso Vialidad.<\/p>\n\n\n\n<p><\/p>\n","protected":false},"excerpt":{"rendered":"<p>El Tribunal Oral en lo Criminal Federal N.\u00ba 2 autoriz\u00f3 que la ex presidenta cumpla su condena en su domicilio. Alegaron riesgo para su vida [&hellip;]<\/p>\n","protected":false},"author":1,"featured_media":15478,"comment_status":"open","ping_status":"open","sticky":false,"template":"","format":"standard","meta":{"footnotes":""},"categories":[235],"tags":[],"class_list":["post-15702","post","type-post","status-publish","format-standard","has-post-thumbnail","hentry","category-judiciales"],"better_featured_image":{"id":15478,"alt_text":"","caption":"","description":"","media_type":"image","media_details":{"width":641,"height":445,"file":"2025\/06\/cfkpresa21.png","filesize":417451,"sizes":{"medium":{"file":"cfkpresa21-300x208.png","width":300,"height":208,"mime-type":"image\/png","filesize":98961,"source_url":"https:\/\/nuevodigitaldeescobar.com.ar\/wp-content\/uploads\/2025\/06\/cfkpresa21-300x208.png"},"thumbnail":{"file":"cfkpresa21-150x150.png","width":150,"height":150,"mime-type":"image\/png","filesize":39381,"source_url":"https:\/\/nuevodigitaldeescobar.com.ar\/wp-content\/uploads\/2025\/06\/cfkpresa21-150x150.png"}},"image_meta":{"aperture":"0","credit":"","camera":"","caption":"","created_timestamp":"0","copyright":"","focal_length":"0","iso":"0","shutter_speed":"0","title":"","orientation":"0","keywords":[]}},"post":15476,"source_url":"https:\/\/nuevodigitaldeescobar.com.ar\/wp-content\/uploads\/2025\/06\/cfkpresa21.png"},"yoast_head":"<!-- This site is optimized with the Yoast SEO plugin v26.1.1 - https:\/\/yoast.com\/wordpress\/plugins\/seo\/ -->\n<title>La Justicia le concedi\u00f3 la prisi\u00f3n domiciliaria a Cristina Kirchner: los fundamentos de una decisi\u00f3n clave - Nuevo Digital de Escobar<\/title>\n<meta name=\"robots\" content=\"index, follow, max-snippet:-1, max-image-preview:large, max-video-preview:-1\" \/>\n<link rel=\"canonical\" href=\"https:\/\/nuevodigitaldeescobar.com.ar\/?p=15702\" \/>\n<meta property=\"og:locale\" content=\"es_ES\" \/>\n<meta property=\"og:type\" content=\"article\" \/>\n<meta property=\"og:title\" content=\"La Justicia le concedi\u00f3 la prisi\u00f3n domiciliaria a Cristina Kirchner: los fundamentos de una decisi\u00f3n clave - Nuevo Digital de Escobar\" \/>\n<meta property=\"og:description\" content=\"El Tribunal Oral en lo Criminal Federal N.\u00ba 2 autoriz\u00f3 que la ex presidenta cumpla su condena en su domicilio. Alegaron riesgo para su vida [&hellip;]\" \/>\n<meta property=\"og:url\" content=\"https:\/\/nuevodigitaldeescobar.com.ar\/?p=15702\" \/>\n<meta property=\"og:site_name\" content=\"Nuevo Digital de Escobar\" \/>\n<meta property=\"article:publisher\" content=\"https:\/\/www.facebook.com\/NUEVODigitalDeEscobar\" \/>\n<meta property=\"article:published_time\" content=\"2025-06-18T03:10:00+00:00\" \/>\n<meta property=\"og:image\" content=\"https:\/\/nuevodigitaldeescobar.com.ar\/wp-content\/uploads\/2025\/06\/cfkpresa21.png\" \/>\n\t<meta property=\"og:image:width\" content=\"641\" \/>\n\t<meta property=\"og:image:height\" content=\"445\" \/>\n\t<meta property=\"og:image:type\" content=\"image\/png\" \/>\n<meta name=\"author\" content=\"Redacci\u00f3n\" \/>\n<meta name=\"twitter:card\" content=\"summary_large_image\" \/>\n<meta name=\"twitter:creator\" content=\"@nuevodigescobar\" \/>\n<meta name=\"twitter:site\" content=\"@nuevodigescobar\" \/>\n<meta name=\"twitter:label1\" content=\"Escrito por\" \/>\n\t<meta name=\"twitter:data1\" content=\"Redacci\u00f3n\" \/>\n\t<meta name=\"twitter:label2\" content=\"Tiempo de lectura\" \/>\n\t<meta name=\"twitter:data2\" content=\"4 minutos\" \/>\n<script type=\"application\/ld+json\" class=\"yoast-schema-graph\">{\"@context\":\"https:\/\/schema.org\",\"@graph\":[{\"@type\":\"Article\",\"@id\":\"https:\/\/nuevodigitaldeescobar.com.ar\/?p=15702#article\",\"isPartOf\":{\"@id\":\"https:\/\/nuevodigitaldeescobar.com.ar\/?p=15702\"},\"author\":{\"name\":\"Redacci\u00f3n\",\"@id\":\"https:\/\/nuevodigitaldeescobar.com.ar\/#\/schema\/person\/035e90a8efe9a80e6eec22656ad6ea4c\"},\"headline\":\"La Justicia le concedi\u00f3 la prisi\u00f3n domiciliaria a Cristina Kirchner: los fundamentos de una decisi\u00f3n clave\",\"datePublished\":\"2025-06-18T03:10:00+00:00\",\"mainEntityOfPage\":{\"@id\":\"https:\/\/nuevodigitaldeescobar.com.ar\/?p=15702\"},\"wordCount\":710,\"commentCount\":0,\"publisher\":{\"@id\":\"https:\/\/nuevodigitaldeescobar.com.ar\/#organization\"},\"image\":{\"@id\":\"https:\/\/nuevodigitaldeescobar.com.ar\/?p=15702#primaryimage\"},\"thumbnailUrl\":\"https:\/\/nuevodigitaldeescobar.com.ar\/wp-content\/uploads\/2025\/06\/cfkpresa21.png\",\"articleSection\":[\"Judiciales\"],\"inLanguage\":\"es\",\"potentialAction\":[{\"@type\":\"CommentAction\",\"name\":\"Comment\",\"target\":[\"https:\/\/nuevodigitaldeescobar.com.ar\/?p=15702#respond\"]}]},{\"@type\":\"WebPage\",\"@id\":\"https:\/\/nuevodigitaldeescobar.com.ar\/?p=15702\",\"url\":\"https:\/\/nuevodigitaldeescobar.com.ar\/?p=15702\",\"name\":\"La Justicia le concedi\u00f3 la prisi\u00f3n domiciliaria a Cristina Kirchner: los fundamentos de una decisi\u00f3n clave - Nuevo Digital de Escobar\",\"isPartOf\":{\"@id\":\"https:\/\/nuevodigitaldeescobar.com.ar\/#website\"},\"primaryImageOfPage\":{\"@id\":\"https:\/\/nuevodigitaldeescobar.com.ar\/?p=15702#primaryimage\"},\"image\":{\"@id\":\"https:\/\/nuevodigitaldeescobar.com.ar\/?p=15702#primaryimage\"},\"thumbnailUrl\":\"https:\/\/nuevodigitaldeescobar.com.ar\/wp-content\/uploads\/2025\/06\/cfkpresa21.png\",\"datePublished\":\"2025-06-18T03:10:00+00:00\",\"breadcrumb\":{\"@id\":\"https:\/\/nuevodigitaldeescobar.com.ar\/?p=15702#breadcrumb\"},\"inLanguage\":\"es\",\"potentialAction\":[{\"@type\":\"ReadAction\",\"target\":[\"https:\/\/nuevodigitaldeescobar.com.ar\/?p=15702\"]}]},{\"@type\":\"ImageObject\",\"inLanguage\":\"es\",\"@id\":\"https:\/\/nuevodigitaldeescobar.com.ar\/?p=15702#primaryimage\",\"url\":\"https:\/\/nuevodigitaldeescobar.com.ar\/wp-content\/uploads\/2025\/06\/cfkpresa21.png\",\"contentUrl\":\"https:\/\/nuevodigitaldeescobar.com.ar\/wp-content\/uploads\/2025\/06\/cfkpresa21.png\",\"width\":641,\"height\":445},{\"@type\":\"BreadcrumbList\",\"@id\":\"https:\/\/nuevodigitaldeescobar.com.ar\/?p=15702#breadcrumb\",\"itemListElement\":[{\"@type\":\"ListItem\",\"position\":1,\"name\":\"Portada\",\"item\":\"https:\/\/nuevodigitaldeescobar.com.ar\/\"},{\"@type\":\"ListItem\",\"position\":2,\"name\":\"La Justicia le concedi\u00f3 la prisi\u00f3n domiciliaria a Cristina Kirchner: los fundamentos de una decisi\u00f3n clave\"}]},{\"@type\":\"WebSite\",\"@id\":\"https:\/\/nuevodigitaldeescobar.com.ar\/#website\",\"url\":\"https:\/\/nuevodigitaldeescobar.com.ar\/\",\"name\":\"Nuevo Digital de Escobar\",\"description\":\"La vida escobarense. Directora: Rosana Brunner\",\"publisher\":{\"@id\":\"https:\/\/nuevodigitaldeescobar.com.ar\/#organization\"},\"potentialAction\":[{\"@type\":\"SearchAction\",\"target\":{\"@type\":\"EntryPoint\",\"urlTemplate\":\"https:\/\/nuevodigitaldeescobar.com.ar\/?s={search_term_string}\"},\"query-input\":{\"@type\":\"PropertyValueSpecification\",\"valueRequired\":true,\"valueName\":\"search_term_string\"}}],\"inLanguage\":\"es\"},{\"@type\":\"Organization\",\"@id\":\"https:\/\/nuevodigitaldeescobar.com.ar\/#organization\",\"name\":\"Nuevo Digital de Escobar\",\"url\":\"https:\/\/nuevodigitaldeescobar.com.ar\/\",\"logo\":{\"@type\":\"ImageObject\",\"inLanguage\":\"es\",\"@id\":\"https:\/\/nuevodigitaldeescobar.com.ar\/#\/schema\/logo\/image\/\",\"url\":\"https:\/\/nuevodigitaldeescobar.com.ar\/wp-content\/uploads\/2025\/05\/cropped-logo-nuevo2.jpg\",\"contentUrl\":\"https:\/\/nuevodigitaldeescobar.com.ar\/wp-content\/uploads\/2025\/05\/cropped-logo-nuevo2.jpg\",\"width\":305,\"height\":305,\"caption\":\"Nuevo Digital de Escobar\"},\"image\":{\"@id\":\"https:\/\/nuevodigitaldeescobar.com.ar\/#\/schema\/logo\/image\/\"},\"sameAs\":[\"https:\/\/www.facebook.com\/NUEVODigitalDeEscobar\",\"https:\/\/x.com\/nuevodigescobar\",\"https:\/\/www.instagram.com\/nuevodigitaldeescobar\"]},{\"@type\":\"Person\",\"@id\":\"https:\/\/nuevodigitaldeescobar.com.ar\/#\/schema\/person\/035e90a8efe9a80e6eec22656ad6ea4c\",\"name\":\"Redacci\u00f3n\",\"image\":{\"@type\":\"ImageObject\",\"inLanguage\":\"es\",\"@id\":\"https:\/\/nuevodigitaldeescobar.com.ar\/#\/schema\/person\/image\/\",\"url\":\"https:\/\/secure.gravatar.com\/avatar\/8af8f40000c24e9eef3034f2be5998a372bb1389e64b1a4a36b3a7979142220d?s=96&d=mm&r=g\",\"contentUrl\":\"https:\/\/secure.gravatar.com\/avatar\/8af8f40000c24e9eef3034f2be5998a372bb1389e64b1a4a36b3a7979142220d?s=96&d=mm&r=g\",\"caption\":\"Redacci\u00f3n\"},\"sameAs\":[\"http:\/\/nuevodigitaldeescobar.com.ar\"],\"url\":\"https:\/\/nuevodigitaldeescobar.com.ar\/?author=1\"}]}<\/script>\n<!-- \/ Yoast SEO plugin. -->","yoast_head_json":{"title":"La Justicia le concedi\u00f3 la prisi\u00f3n domiciliaria a Cristina Kirchner: los fundamentos de una decisi\u00f3n clave - Nuevo Digital de Escobar","robots":{"index":"index","follow":"follow","max-snippet":"max-snippet:-1","max-image-preview":"max-image-preview:large","max-video-preview":"max-video-preview:-1"},"canonical":"https:\/\/nuevodigitaldeescobar.com.ar\/?p=15702","og_locale":"es_ES","og_type":"article","og_title":"La Justicia le concedi\u00f3 la prisi\u00f3n domiciliaria a Cristina Kirchner: los fundamentos de una decisi\u00f3n clave - Nuevo Digital de Escobar","og_description":"El Tribunal Oral en lo Criminal Federal N.\u00ba 2 autoriz\u00f3 que la ex presidenta cumpla su condena en su domicilio. Alegaron riesgo para su vida [&hellip;]","og_url":"https:\/\/nuevodigitaldeescobar.com.ar\/?p=15702","og_site_name":"Nuevo Digital de Escobar","article_publisher":"https:\/\/www.facebook.com\/NUEVODigitalDeEscobar","article_published_time":"2025-06-18T03:10:00+00:00","og_image":[{"width":641,"height":445,"url":"https:\/\/nuevodigitaldeescobar.com.ar\/wp-content\/uploads\/2025\/06\/cfkpresa21.png","type":"image\/png"}],"author":"Redacci\u00f3n","twitter_card":"summary_large_image","twitter_creator":"@nuevodigescobar","twitter_site":"@nuevodigescobar","twitter_misc":{"Escrito por":"Redacci\u00f3n","Tiempo de lectura":"4 minutos"},"schema":{"@context":"https:\/\/schema.org","@graph":[{"@type":"Article","@id":"https:\/\/nuevodigitaldeescobar.com.ar\/?p=15702#article","isPartOf":{"@id":"https:\/\/nuevodigitaldeescobar.com.ar\/?p=15702"},"author":{"name":"Redacci\u00f3n","@id":"https:\/\/nuevodigitaldeescobar.com.ar\/#\/schema\/person\/035e90a8efe9a80e6eec22656ad6ea4c"},"headline":"La Justicia le concedi\u00f3 la prisi\u00f3n domiciliaria a Cristina Kirchner: los fundamentos de una decisi\u00f3n clave","datePublished":"2025-06-18T03:10:00+00:00","mainEntityOfPage":{"@id":"https:\/\/nuevodigitaldeescobar.com.ar\/?p=15702"},"wordCount":710,"commentCount":0,"publisher":{"@id":"https:\/\/nuevodigitaldeescobar.com.ar\/#organization"},"image":{"@id":"https:\/\/nuevodigitaldeescobar.com.ar\/?p=15702#primaryimage"},"thumbnailUrl":"https:\/\/nuevodigitaldeescobar.com.ar\/wp-content\/uploads\/2025\/06\/cfkpresa21.png","articleSection":["Judiciales"],"inLanguage":"es","potentialAction":[{"@type":"CommentAction","name":"Comment","target":["https:\/\/nuevodigitaldeescobar.com.ar\/?p=15702#respond"]}]},{"@type":"WebPage","@id":"https:\/\/nuevodigitaldeescobar.com.ar\/?p=15702","url":"https:\/\/nuevodigitaldeescobar.com.ar\/?p=15702","name":"La Justicia le concedi\u00f3 la prisi\u00f3n domiciliaria a Cristina Kirchner: los fundamentos de una decisi\u00f3n clave - Nuevo Digital de Escobar","isPartOf":{"@id":"https:\/\/nuevodigitaldeescobar.com.ar\/#website"},"primaryImageOfPage":{"@id":"https:\/\/nuevodigitaldeescobar.com.ar\/?p=15702#primaryimage"},"image":{"@id":"https:\/\/nuevodigitaldeescobar.com.ar\/?p=15702#primaryimage"},"thumbnailUrl":"https:\/\/nuevodigitaldeescobar.com.ar\/wp-content\/uploads\/2025\/06\/cfkpresa21.png","datePublished":"2025-06-18T03:10:00+00:00","breadcrumb":{"@id":"https:\/\/nuevodigitaldeescobar.com.ar\/?p=15702#breadcrumb"},"inLanguage":"es","potentialAction":[{"@type":"ReadAction","target":["https:\/\/nuevodigitaldeescobar.com.ar\/?p=15702"]}]},{"@type":"ImageObject","inLanguage":"es","@id":"https:\/\/nuevodigitaldeescobar.com.ar\/?p=15702#primaryimage","url":"https:\/\/nuevodigitaldeescobar.com.ar\/wp-content\/uploads\/2025\/06\/cfkpresa21.png","contentUrl":"https:\/\/nuevodigitaldeescobar.com.ar\/wp-content\/uploads\/2025\/06\/cfkpresa21.png","width":641,"height":445},{"@type":"BreadcrumbList","@id":"https:\/\/nuevodigitaldeescobar.com.ar\/?p=15702#breadcrumb","itemListElement":[{"@type":"ListItem","position":1,"name":"Portada","item":"https:\/\/nuevodigitaldeescobar.com.ar\/"},{"@type":"ListItem","position":2,"name":"La Justicia le concedi\u00f3 la prisi\u00f3n domiciliaria a Cristina Kirchner: los fundamentos de una decisi\u00f3n clave"}]},{"@type":"WebSite","@id":"https:\/\/nuevodigitaldeescobar.com.ar\/#website","url":"https:\/\/nuevodigitaldeescobar.com.ar\/","name":"Nuevo Digital de Escobar","description":"La vida escobarense. Directora: Rosana Brunner","publisher":{"@id":"https:\/\/nuevodigitaldeescobar.com.ar\/#organization"},"potentialAction":[{"@type":"SearchAction","target":{"@type":"EntryPoint","urlTemplate":"https:\/\/nuevodigitaldeescobar.com.ar\/?s={search_term_string}"},"query-input":{"@type":"PropertyValueSpecification","valueRequired":true,"valueName":"search_term_string"}}],"inLanguage":"es"},{"@type":"Organization","@id":"https:\/\/nuevodigitaldeescobar.com.ar\/#organization","name":"Nuevo Digital de Escobar","url":"https:\/\/nuevodigitaldeescobar.com.ar\/","logo":{"@type":"ImageObject","inLanguage":"es","@id":"https:\/\/nuevodigitaldeescobar.com.ar\/#\/schema\/logo\/image\/","url":"https:\/\/nuevodigitaldeescobar.com.ar\/wp-content\/uploads\/2025\/05\/cropped-logo-nuevo2.jpg","contentUrl":"https:\/\/nuevodigitaldeescobar.com.ar\/wp-content\/uploads\/2025\/05\/cropped-logo-nuevo2.jpg","width":305,"height":305,"caption":"Nuevo Digital de Escobar"},"image":{"@id":"https:\/\/nuevodigitaldeescobar.com.ar\/#\/schema\/logo\/image\/"},"sameAs":["https:\/\/www.facebook.com\/NUEVODigitalDeEscobar","https:\/\/x.com\/nuevodigescobar","https:\/\/www.instagram.com\/nuevodigitaldeescobar"]},{"@type":"Person","@id":"https:\/\/nuevodigitaldeescobar.com.ar\/#\/schema\/person\/035e90a8efe9a80e6eec22656ad6ea4c","name":"Redacci\u00f3n","image":{"@type":"ImageObject","inLanguage":"es","@id":"https:\/\/nuevodigitaldeescobar.com.ar\/#\/schema\/person\/image\/","url":"https:\/\/secure.gravatar.com\/avatar\/8af8f40000c24e9eef3034f2be5998a372bb1389e64b1a4a36b3a7979142220d?s=96&d=mm&r=g","contentUrl":"https:\/\/secure.gravatar.com\/avatar\/8af8f40000c24e9eef3034f2be5998a372bb1389e64b1a4a36b3a7979142220d?s=96&d=mm&r=g","caption":"Redacci\u00f3n"},"sameAs":["http:\/\/nuevodigitaldeescobar.com.ar"],"url":"https:\/\/nuevodigitaldeescobar.com.ar\/?author=1"}]}},"featured_image_urls":{"full":["https:\/\/nuevodigitaldeescobar.com.ar\/wp-content\/uploads\/2025\/06\/cfkpresa21.png",641,445,false],"thumbnail":["https:\/\/nuevodigitaldeescobar.com.ar\/wp-content\/uploads\/2025\/06\/cfkpresa21-150x150.png",150,150,true],"medium":["https:\/\/nuevodigitaldeescobar.com.ar\/wp-content\/uploads\/2025\/06\/cfkpresa21-300x208.png",300,208,true],"medium_large":["https:\/\/nuevodigitaldeescobar.com.ar\/wp-content\/uploads\/2025\/06\/cfkpresa21.png",640,444,false],"large":["https:\/\/nuevodigitaldeescobar.com.ar\/wp-content\/uploads\/2025\/06\/cfkpresa21.png",640,444,false],"1536x1536":["https:\/\/nuevodigitaldeescobar.com.ar\/wp-content\/uploads\/2025\/06\/cfkpresa21.png",641,445,false],"2048x2048":["https:\/\/nuevodigitaldeescobar.com.ar\/wp-content\/uploads\/2025\/06\/cfkpresa21.png",641,445,false]},"author_info":{"display_name":"Redacci\u00f3n","author_link":"https:\/\/nuevodigitaldeescobar.com.ar\/?author=1"},"category_info":"<a href=\"https:\/\/nuevodigitaldeescobar.com.ar\/?cat=235\" rel=\"category\">Judiciales<\/a>","tag_info":"Judiciales","comment_count":"0","_links":{"self":[{"href":"https:\/\/nuevodigitaldeescobar.com.ar\/index.php?rest_route=\/wp\/v2\/posts\/15702","targetHints":{"allow":["GET"]}}],"collection":[{"href":"https:\/\/nuevodigitaldeescobar.com.ar\/index.php?rest_route=\/wp\/v2\/posts"}],"about":[{"href":"https:\/\/nuevodigitaldeescobar.com.ar\/index.php?rest_route=\/wp\/v2\/types\/post"}],"author":[{"embeddable":true,"href":"https:\/\/nuevodigitaldeescobar.com.ar\/index.php?rest_route=\/wp\/v2\/users\/1"}],"replies":[{"embeddable":true,"href":"https:\/\/nuevodigitaldeescobar.com.ar\/index.php?rest_route=%2Fwp%2Fv2%2Fcomments&post=15702"}],"version-history":[{"count":2,"href":"https:\/\/nuevodigitaldeescobar.com.ar\/index.php?rest_route=\/wp\/v2\/posts\/15702\/revisions"}],"predecessor-version":[{"id":15704,"href":"https:\/\/nuevodigitaldeescobar.com.ar\/index.php?rest_route=\/wp\/v2\/posts\/15702\/revisions\/15704"}],"wp:featuredmedia":[{"embeddable":true,"href":"https:\/\/nuevodigitaldeescobar.com.ar\/index.php?rest_route=\/wp\/v2\/media\/15478"}],"wp:attachment":[{"href":"https:\/\/nuevodigitaldeescobar.com.ar\/index.php?rest_route=%2Fwp%2Fv2%2Fmedia&parent=15702"}],"wp:term":[{"taxonomy":"category","embeddable":true,"href":"https:\/\/nuevodigitaldeescobar.com.ar\/index.php?rest_route=%2Fwp%2Fv2%2Fcategories&post=15702"},{"taxonomy":"post_tag","embeddable":true,"href":"https:\/\/nuevodigitaldeescobar.com.ar\/index.php?rest_route=%2Fwp%2Fv2%2Ftags&post=15702"}],"curies":[{"name":"wp","href":"https:\/\/api.w.org\/{rel}","templated":true}]}}