{"id":1571,"date":"2023-12-05T12:16:59","date_gmt":"2023-12-05T15:16:59","guid":{"rendered":"https:\/\/nuevodigitaldeescobar.com.ar\/?p=1571"},"modified":"2023-12-05T12:17:10","modified_gmt":"2023-12-05T15:17:10","slug":"la-pobreza-trepo-al-447-en-el-pais-y-ya-afecta-a-175-millones-de-personas","status":"publish","type":"post","link":"https:\/\/nuevodigitaldeescobar.com.ar\/?p=1571","title":{"rendered":"La pobreza trep\u00f3 al 44,7% en el pa\u00eds y ya afecta a 17,5 millones de personas"},"content":{"rendered":"<p><span style=\"color: #003366;\"><strong><em>As\u00ed lo se\u00f1ala el \u00faltimo estudio de la UCA en 2023. Revela adem\u00e1s un incremento al 9,6% de la indigencia en el \u00faltimo trimestre y aclara que sin los planes sociales la pobreza llegar\u00eda al 49%.<\/em><\/strong><\/span><\/p>\n<p><!--more--><\/p>\n<hr \/>\n<p>El \u00faltimo \u00edndice de pobreza en la Argentina mostr\u00f3 un incremento del 43,1% en 2022 al 44,7% en el 2023, lo que expuso que hay 17,5 millones de argentinos sumergidos en niveles bajos de ingresos, vivienda precaria, salud y educaci\u00f3n insuficiente o inseguridad alimentaria<\/p>\n<p>Revela, adem\u00e1s, un incremento al 9,6% de la indigencia, en el \u00faltimo trimestre del 2023 y aclara que sin los planes sociales la pobreza llegar\u00eda al 49%.<\/p>\n<p>El trabajo del Observatorio de la Deuda Social de la UCA (ODSA-UCA), \u00faltimo de 2023, fue realizado sobre un muestreo de 5760 hogares en un universo geogr\u00e1fico de grandes conglomerados urbanos que abarca el \u00e1rea metropolitana del Gran Buenos Aires, Gran C\u00f3rdoba, Gran Rosario, Gran Mendoza, Salta, Neuqu\u00e9n La Rioja, San Juan Tierra del Fuego, Chubut y Chaco.<\/p>\n<p>Adem\u00e1s, sostiene que hay 9,6% de personas que son indigentes (4,2 millones de personas).<\/p>\n<p><em>\u00abLos efectos de la inflaci\u00f3n sumados al estancamiento de la econom\u00eda y la situaci\u00f3n de empleo informal hacen que en la Argentina los niveles de pobreza hayan aumentado. Y todos los indicadores muestran que esa suba de cantidad de pobres o nuevos pobres seguir\u00e1 en aumento el a\u00f1o entrante\u00bb<\/em>, alert\u00f3 Agust\u00edn Salvia, director del OSDA.<\/p>\n<p>Bajo el titulpo <em>\u00abDeudas sociales cr\u00f3nicas y desigualdades crecientes. Desaf\u00edos para la agenda p\u00fablica (2004-2023)\u00bb<\/em>, revela que, si no existiese una contenci\u00f3n de los planes sociales como la AUH, el ITF y otros programas, la pobreza escalar\u00eda al 49,1% de la poblaci\u00f3n. Es decir que cinco de cada 10 argentinos est\u00e1 en potencial situaci\u00f3n de pobreza.<\/p>\n<p>Salvia alert\u00f3 en este sentido que <em>\u00abes necesario que persista una contenci\u00f3n social a los sectores vulnerables para que no haya un desborde social\u00bb<\/em>.<\/p>\n<p>En el estudio se destaca que la tasa de pobreza peg\u00f3 m\u00e1s en los sectores muy bajos alcanzando el 68% mientras que en los sectores altos apenas lleg\u00f3 al 11% y en el promedio total alcanz\u00f3 en el 2023 al 44,7%. Estos son \u00edndices que se vieron antes de la pandemia del COVID en el 2020 y son similares a los a\u00f1os de la presidencia de N\u00e9stor Kirchner en el 2004 y 2005.<\/p>\n<p>El otro dato alarmante es el de la inseguridad alimentaria, esto es: personas y hogares donde padecen hambre al menos una vez por d\u00eda. El 20,6% de los hogares en Argentina tiene signos de inseguridad alimentaria, lo que implic\u00f3 en el 2023 un incremento de esta variable respecto del 18,7% del 2022.<\/p>\n<p>As\u00ed, en el promedio total de los chicos de 0 a 17 a\u00f1os se registr\u00f3 el \u00edndice de inseguridad severa alimentaria m\u00e1s alta de los \u00faltimos 18 a\u00f1os: el 13,9% de los ni\u00f1os expuso que padece hambre en la Argentina durante 2023.<\/p>\n<p><em>\u00abCasi 7 de cada 10 personas presentaba en 2023 al menos una de las carencias consideradas en dimensiones de derechos, el 44% registraba 2 o m\u00e1s, mientras que el 28% de las personas se encontraban en la situaci\u00f3n m\u00e1s cr\u00edtica mostrando 3 o m\u00e1s carencias en dimensiones de derechos\u00bb<\/em>, sostiene.<\/p>\n<p>Para Salvia, <em>\u00abla causa de la pobreza ha sido y sigue siendo la falta de inversi\u00f3n y de un crecimiento equilibrado entre sectores din\u00e1micos y sectores tradicionales, con capacidad de generar m\u00e1s y mejores empleos, o, incluso, trabajos dignos en la econom\u00eda informal. El resultado es un aumento sostenido de la poblaci\u00f3n \u00absobrante\u00bb\u00bb<\/em>.<\/p>\n<p>La brecha de ingresos entre los trabajadores de m\u00e1s alta y m\u00e1s baja remuneraci\u00f3n, m\u00e1s que duplica la brecha de ingresos entre la ganancia media de los empresarios y la remuneraci\u00f3n media de los trabajadores asalariados. De esta manera, el informe muestra que el 35,7% de la poblaci\u00f3n no tiene acceso al empleo y a la seguridad social.<\/p>\n<p><em>\u00abFrente a la pobre creaci\u00f3n de m\u00e1s y mejores empleos, y la imposibilidad de generar mejores remuneraciones, el gasto en transferencias sociales ha sido el mecanismo por excelencia m\u00e1s eficiente para mantener una relativa paz social. Sin este aumento en el gasto social la pobreza ser\u00eda muy superior\u00bb<\/em>, revela el informe.<\/p>\n<p><em>(NA)<\/em><\/p>\n","protected":false},"excerpt":{"rendered":"<p>As\u00ed lo se\u00f1ala el \u00faltimo estudio de la UCA en 2023. Revela adem\u00e1s un incremento al 9,6% de la indigencia en el \u00faltimo trimestre y [&hellip;]<\/p>\n","protected":false},"author":1,"featured_media":1572,"comment_status":"open","ping_status":"closed","sticky":false,"template":"","format":"standard","meta":{"footnotes":""},"categories":[10,6,15],"tags":[],"class_list":["post-1571","post","type-post","status-publish","format-standard","has-post-thumbnail","hentry","category-economia","category-politica","category-sociedad"],"better_featured_image":{"id":1572,"alt_text":"","caption":"","description":"","media_type":"image","media_details":{"width":720,"height":405,"file":"2023\/12\/pobreza-indigencia-e1701789410535.jpg","filesize":84099,"sizes":{"medium":{"file":"pobreza-indigencia-300x169.jpg","width":300,"height":169,"mime-type":"image\/jpeg","filesize":15413,"source_url":"https:\/\/nuevodigitaldeescobar.com.ar\/wp-content\/uploads\/2023\/12\/pobreza-indigencia-300x169.jpg"},"thumbnail":{"file":"pobreza-indigencia-150x150.jpg","width":150,"height":150,"mime-type":"image\/jpeg","filesize":7999,"source_url":"https:\/\/nuevodigitaldeescobar.com.ar\/wp-content\/uploads\/2023\/12\/pobreza-indigencia-150x150.jpg"},"covernews-medium":{"file":"pobreza-indigencia-540x340.jpg","width":540,"height":340,"mime-type":"image\/jpeg","filesize":39711,"source_url":"https:\/\/nuevodigitaldeescobar.com.ar\/wp-content\/uploads\/2023\/12\/pobreza-indigencia-540x340.jpg"},"covernews-medium-square":{"file":"pobreza-indigencia-400x250.jpg","width":400,"height":250,"mime-type":"image\/jpeg","filesize":25255,"source_url":"https:\/\/nuevodigitaldeescobar.com.ar\/wp-content\/uploads\/2023\/12\/pobreza-indigencia-400x250.jpg"}},"image_meta":{"aperture":"0","credit":"","camera":"","caption":"","created_timestamp":"0","copyright":"","focal_length":"0","iso":"0","shutter_speed":"0","title":"","orientation":"0","keywords":[]}},"post":1571,"source_url":"https:\/\/nuevodigitaldeescobar.com.ar\/wp-content\/uploads\/2023\/12\/pobreza-indigencia-e1701789410535.jpg"},"yoast_head":"<!-- This site is optimized with the Yoast SEO plugin v26.1.1 - https:\/\/yoast.com\/wordpress\/plugins\/seo\/ -->\n<title>La pobreza trep\u00f3 al 44,7% en el pa\u00eds y ya afecta a 17,5 millones de personas - Nuevo Digital de Escobar<\/title>\n<meta name=\"robots\" content=\"index, follow, max-snippet:-1, max-image-preview:large, max-video-preview:-1\" \/>\n<link rel=\"canonical\" href=\"https:\/\/nuevodigitaldeescobar.com.ar\/?p=1571\" \/>\n<meta property=\"og:locale\" content=\"es_ES\" \/>\n<meta property=\"og:type\" content=\"article\" \/>\n<meta property=\"og:title\" content=\"La pobreza trep\u00f3 al 44,7% en el pa\u00eds y ya afecta a 17,5 millones de personas - Nuevo Digital de Escobar\" \/>\n<meta property=\"og:description\" content=\"As\u00ed lo se\u00f1ala el \u00faltimo estudio de la UCA en 2023. Revela adem\u00e1s un incremento al 9,6% de la indigencia en el \u00faltimo trimestre y [&hellip;]\" \/>\n<meta property=\"og:url\" content=\"https:\/\/nuevodigitaldeescobar.com.ar\/?p=1571\" \/>\n<meta property=\"og:site_name\" content=\"Nuevo Digital de Escobar\" \/>\n<meta property=\"article:publisher\" content=\"https:\/\/www.facebook.com\/NUEVODigitalDeEscobar\" \/>\n<meta property=\"article:published_time\" content=\"2023-12-05T15:16:59+00:00\" \/>\n<meta property=\"article:modified_time\" content=\"2023-12-05T15:17:10+00:00\" \/>\n<meta property=\"og:image\" content=\"https:\/\/nuevodigitaldeescobar.com.ar\/wp-content\/uploads\/2023\/12\/pobreza-indigencia-e1701789410535.jpg\" \/>\n\t<meta property=\"og:image:width\" content=\"720\" \/>\n\t<meta property=\"og:image:height\" content=\"405\" \/>\n\t<meta property=\"og:image:type\" content=\"image\/jpeg\" \/>\n<meta name=\"author\" content=\"Redacci\u00f3n\" \/>\n<meta name=\"twitter:card\" content=\"summary_large_image\" \/>\n<meta name=\"twitter:creator\" content=\"@nuevodigescobar\" \/>\n<meta name=\"twitter:site\" content=\"@nuevodigescobar\" \/>\n<meta name=\"twitter:label1\" content=\"Escrito por\" \/>\n\t<meta name=\"twitter:data1\" content=\"Redacci\u00f3n\" \/>\n\t<meta name=\"twitter:label2\" content=\"Tiempo de lectura\" \/>\n\t<meta name=\"twitter:data2\" content=\"4 minutos\" \/>\n<script type=\"application\/ld+json\" class=\"yoast-schema-graph\">{\"@context\":\"https:\/\/schema.org\",\"@graph\":[{\"@type\":\"Article\",\"@id\":\"https:\/\/nuevodigitaldeescobar.com.ar\/?p=1571#article\",\"isPartOf\":{\"@id\":\"https:\/\/nuevodigitaldeescobar.com.ar\/?p=1571\"},\"author\":{\"name\":\"Redacci\u00f3n\",\"@id\":\"https:\/\/nuevodigitaldeescobar.com.ar\/#\/schema\/person\/035e90a8efe9a80e6eec22656ad6ea4c\"},\"headline\":\"La pobreza trep\u00f3 al 44,7% en el pa\u00eds y ya afecta a 17,5 millones de personas\",\"datePublished\":\"2023-12-05T15:16:59+00:00\",\"dateModified\":\"2023-12-05T15:17:10+00:00\",\"mainEntityOfPage\":{\"@id\":\"https:\/\/nuevodigitaldeescobar.com.ar\/?p=1571\"},\"wordCount\":719,\"commentCount\":0,\"publisher\":{\"@id\":\"https:\/\/nuevodigitaldeescobar.com.ar\/#organization\"},\"image\":{\"@id\":\"https:\/\/nuevodigitaldeescobar.com.ar\/?p=1571#primaryimage\"},\"thumbnailUrl\":\"https:\/\/nuevodigitaldeescobar.com.ar\/wp-content\/uploads\/2023\/12\/pobreza-indigencia-e1701789410535.jpg\",\"articleSection\":[\"Econom\u00eda\",\"Pol\u00edtica\",\"Sociedad\"],\"inLanguage\":\"es\",\"potentialAction\":[{\"@type\":\"CommentAction\",\"name\":\"Comment\",\"target\":[\"https:\/\/nuevodigitaldeescobar.com.ar\/?p=1571#respond\"]}]},{\"@type\":\"WebPage\",\"@id\":\"https:\/\/nuevodigitaldeescobar.com.ar\/?p=1571\",\"url\":\"https:\/\/nuevodigitaldeescobar.com.ar\/?p=1571\",\"name\":\"La pobreza trep\u00f3 al 44,7% en el pa\u00eds y ya afecta a 17,5 millones de personas - Nuevo Digital de Escobar\",\"isPartOf\":{\"@id\":\"https:\/\/nuevodigitaldeescobar.com.ar\/#website\"},\"primaryImageOfPage\":{\"@id\":\"https:\/\/nuevodigitaldeescobar.com.ar\/?p=1571#primaryimage\"},\"image\":{\"@id\":\"https:\/\/nuevodigitaldeescobar.com.ar\/?p=1571#primaryimage\"},\"thumbnailUrl\":\"https:\/\/nuevodigitaldeescobar.com.ar\/wp-content\/uploads\/2023\/12\/pobreza-indigencia-e1701789410535.jpg\",\"datePublished\":\"2023-12-05T15:16:59+00:00\",\"dateModified\":\"2023-12-05T15:17:10+00:00\",\"breadcrumb\":{\"@id\":\"https:\/\/nuevodigitaldeescobar.com.ar\/?p=1571#breadcrumb\"},\"inLanguage\":\"es\",\"potentialAction\":[{\"@type\":\"ReadAction\",\"target\":[\"https:\/\/nuevodigitaldeescobar.com.ar\/?p=1571\"]}]},{\"@type\":\"ImageObject\",\"inLanguage\":\"es\",\"@id\":\"https:\/\/nuevodigitaldeescobar.com.ar\/?p=1571#primaryimage\",\"url\":\"https:\/\/nuevodigitaldeescobar.com.ar\/wp-content\/uploads\/2023\/12\/pobreza-indigencia-e1701789410535.jpg\",\"contentUrl\":\"https:\/\/nuevodigitaldeescobar.com.ar\/wp-content\/uploads\/2023\/12\/pobreza-indigencia-e1701789410535.jpg\",\"width\":720,\"height\":405},{\"@type\":\"BreadcrumbList\",\"@id\":\"https:\/\/nuevodigitaldeescobar.com.ar\/?p=1571#breadcrumb\",\"itemListElement\":[{\"@type\":\"ListItem\",\"position\":1,\"name\":\"Portada\",\"item\":\"https:\/\/nuevodigitaldeescobar.com.ar\/\"},{\"@type\":\"ListItem\",\"position\":2,\"name\":\"La pobreza trep\u00f3 al 44,7% en el pa\u00eds y ya afecta a 17,5 millones de personas\"}]},{\"@type\":\"WebSite\",\"@id\":\"https:\/\/nuevodigitaldeescobar.com.ar\/#website\",\"url\":\"https:\/\/nuevodigitaldeescobar.com.ar\/\",\"name\":\"Nuevo Digital de Escobar\",\"description\":\"La vida escobarense. Directora: Rosana Brunner\",\"publisher\":{\"@id\":\"https:\/\/nuevodigitaldeescobar.com.ar\/#organization\"},\"potentialAction\":[{\"@type\":\"SearchAction\",\"target\":{\"@type\":\"EntryPoint\",\"urlTemplate\":\"https:\/\/nuevodigitaldeescobar.com.ar\/?s={search_term_string}\"},\"query-input\":{\"@type\":\"PropertyValueSpecification\",\"valueRequired\":true,\"valueName\":\"search_term_string\"}}],\"inLanguage\":\"es\"},{\"@type\":\"Organization\",\"@id\":\"https:\/\/nuevodigitaldeescobar.com.ar\/#organization\",\"name\":\"Nuevo Digital de Escobar\",\"url\":\"https:\/\/nuevodigitaldeescobar.com.ar\/\",\"logo\":{\"@type\":\"ImageObject\",\"inLanguage\":\"es\",\"@id\":\"https:\/\/nuevodigitaldeescobar.com.ar\/#\/schema\/logo\/image\/\",\"url\":\"https:\/\/nuevodigitaldeescobar.com.ar\/wp-content\/uploads\/2025\/05\/cropped-logo-nuevo2.jpg\",\"contentUrl\":\"https:\/\/nuevodigitaldeescobar.com.ar\/wp-content\/uploads\/2025\/05\/cropped-logo-nuevo2.jpg\",\"width\":305,\"height\":305,\"caption\":\"Nuevo Digital de Escobar\"},\"image\":{\"@id\":\"https:\/\/nuevodigitaldeescobar.com.ar\/#\/schema\/logo\/image\/\"},\"sameAs\":[\"https:\/\/www.facebook.com\/NUEVODigitalDeEscobar\",\"https:\/\/x.com\/nuevodigescobar\",\"https:\/\/www.instagram.com\/nuevodigitaldeescobar\"]},{\"@type\":\"Person\",\"@id\":\"https:\/\/nuevodigitaldeescobar.com.ar\/#\/schema\/person\/035e90a8efe9a80e6eec22656ad6ea4c\",\"name\":\"Redacci\u00f3n\",\"image\":{\"@type\":\"ImageObject\",\"inLanguage\":\"es\",\"@id\":\"https:\/\/nuevodigitaldeescobar.com.ar\/#\/schema\/person\/image\/\",\"url\":\"https:\/\/secure.gravatar.com\/avatar\/8af8f40000c24e9eef3034f2be5998a372bb1389e64b1a4a36b3a7979142220d?s=96&d=mm&r=g\",\"contentUrl\":\"https:\/\/secure.gravatar.com\/avatar\/8af8f40000c24e9eef3034f2be5998a372bb1389e64b1a4a36b3a7979142220d?s=96&d=mm&r=g\",\"caption\":\"Redacci\u00f3n\"},\"sameAs\":[\"http:\/\/nuevodigitaldeescobar.com.ar\"],\"url\":\"https:\/\/nuevodigitaldeescobar.com.ar\/?author=1\"}]}<\/script>\n<!-- \/ Yoast SEO plugin. -->","yoast_head_json":{"title":"La pobreza trep\u00f3 al 44,7% en el pa\u00eds y ya afecta a 17,5 millones de personas - Nuevo Digital de Escobar","robots":{"index":"index","follow":"follow","max-snippet":"max-snippet:-1","max-image-preview":"max-image-preview:large","max-video-preview":"max-video-preview:-1"},"canonical":"https:\/\/nuevodigitaldeescobar.com.ar\/?p=1571","og_locale":"es_ES","og_type":"article","og_title":"La pobreza trep\u00f3 al 44,7% en el pa\u00eds y ya afecta a 17,5 millones de personas - Nuevo Digital de Escobar","og_description":"As\u00ed lo se\u00f1ala el \u00faltimo estudio de la UCA en 2023. Revela adem\u00e1s un incremento al 9,6% de la indigencia en el \u00faltimo trimestre y [&hellip;]","og_url":"https:\/\/nuevodigitaldeescobar.com.ar\/?p=1571","og_site_name":"Nuevo Digital de Escobar","article_publisher":"https:\/\/www.facebook.com\/NUEVODigitalDeEscobar","article_published_time":"2023-12-05T15:16:59+00:00","article_modified_time":"2023-12-05T15:17:10+00:00","og_image":[{"width":720,"height":405,"url":"https:\/\/nuevodigitaldeescobar.com.ar\/wp-content\/uploads\/2023\/12\/pobreza-indigencia-e1701789410535.jpg","type":"image\/jpeg"}],"author":"Redacci\u00f3n","twitter_card":"summary_large_image","twitter_creator":"@nuevodigescobar","twitter_site":"@nuevodigescobar","twitter_misc":{"Escrito por":"Redacci\u00f3n","Tiempo de lectura":"4 minutos"},"schema":{"@context":"https:\/\/schema.org","@graph":[{"@type":"Article","@id":"https:\/\/nuevodigitaldeescobar.com.ar\/?p=1571#article","isPartOf":{"@id":"https:\/\/nuevodigitaldeescobar.com.ar\/?p=1571"},"author":{"name":"Redacci\u00f3n","@id":"https:\/\/nuevodigitaldeescobar.com.ar\/#\/schema\/person\/035e90a8efe9a80e6eec22656ad6ea4c"},"headline":"La pobreza trep\u00f3 al 44,7% en el pa\u00eds y ya afecta a 17,5 millones de personas","datePublished":"2023-12-05T15:16:59+00:00","dateModified":"2023-12-05T15:17:10+00:00","mainEntityOfPage":{"@id":"https:\/\/nuevodigitaldeescobar.com.ar\/?p=1571"},"wordCount":719,"commentCount":0,"publisher":{"@id":"https:\/\/nuevodigitaldeescobar.com.ar\/#organization"},"image":{"@id":"https:\/\/nuevodigitaldeescobar.com.ar\/?p=1571#primaryimage"},"thumbnailUrl":"https:\/\/nuevodigitaldeescobar.com.ar\/wp-content\/uploads\/2023\/12\/pobreza-indigencia-e1701789410535.jpg","articleSection":["Econom\u00eda","Pol\u00edtica","Sociedad"],"inLanguage":"es","potentialAction":[{"@type":"CommentAction","name":"Comment","target":["https:\/\/nuevodigitaldeescobar.com.ar\/?p=1571#respond"]}]},{"@type":"WebPage","@id":"https:\/\/nuevodigitaldeescobar.com.ar\/?p=1571","url":"https:\/\/nuevodigitaldeescobar.com.ar\/?p=1571","name":"La pobreza trep\u00f3 al 44,7% en el pa\u00eds y ya afecta a 17,5 millones de personas - Nuevo Digital de Escobar","isPartOf":{"@id":"https:\/\/nuevodigitaldeescobar.com.ar\/#website"},"primaryImageOfPage":{"@id":"https:\/\/nuevodigitaldeescobar.com.ar\/?p=1571#primaryimage"},"image":{"@id":"https:\/\/nuevodigitaldeescobar.com.ar\/?p=1571#primaryimage"},"thumbnailUrl":"https:\/\/nuevodigitaldeescobar.com.ar\/wp-content\/uploads\/2023\/12\/pobreza-indigencia-e1701789410535.jpg","datePublished":"2023-12-05T15:16:59+00:00","dateModified":"2023-12-05T15:17:10+00:00","breadcrumb":{"@id":"https:\/\/nuevodigitaldeescobar.com.ar\/?p=1571#breadcrumb"},"inLanguage":"es","potentialAction":[{"@type":"ReadAction","target":["https:\/\/nuevodigitaldeescobar.com.ar\/?p=1571"]}]},{"@type":"ImageObject","inLanguage":"es","@id":"https:\/\/nuevodigitaldeescobar.com.ar\/?p=1571#primaryimage","url":"https:\/\/nuevodigitaldeescobar.com.ar\/wp-content\/uploads\/2023\/12\/pobreza-indigencia-e1701789410535.jpg","contentUrl":"https:\/\/nuevodigitaldeescobar.com.ar\/wp-content\/uploads\/2023\/12\/pobreza-indigencia-e1701789410535.jpg","width":720,"height":405},{"@type":"BreadcrumbList","@id":"https:\/\/nuevodigitaldeescobar.com.ar\/?p=1571#breadcrumb","itemListElement":[{"@type":"ListItem","position":1,"name":"Portada","item":"https:\/\/nuevodigitaldeescobar.com.ar\/"},{"@type":"ListItem","position":2,"name":"La pobreza trep\u00f3 al 44,7% en el pa\u00eds y ya afecta a 17,5 millones de personas"}]},{"@type":"WebSite","@id":"https:\/\/nuevodigitaldeescobar.com.ar\/#website","url":"https:\/\/nuevodigitaldeescobar.com.ar\/","name":"Nuevo Digital de Escobar","description":"La vida escobarense. Directora: Rosana Brunner","publisher":{"@id":"https:\/\/nuevodigitaldeescobar.com.ar\/#organization"},"potentialAction":[{"@type":"SearchAction","target":{"@type":"EntryPoint","urlTemplate":"https:\/\/nuevodigitaldeescobar.com.ar\/?s={search_term_string}"},"query-input":{"@type":"PropertyValueSpecification","valueRequired":true,"valueName":"search_term_string"}}],"inLanguage":"es"},{"@type":"Organization","@id":"https:\/\/nuevodigitaldeescobar.com.ar\/#organization","name":"Nuevo Digital de Escobar","url":"https:\/\/nuevodigitaldeescobar.com.ar\/","logo":{"@type":"ImageObject","inLanguage":"es","@id":"https:\/\/nuevodigitaldeescobar.com.ar\/#\/schema\/logo\/image\/","url":"https:\/\/nuevodigitaldeescobar.com.ar\/wp-content\/uploads\/2025\/05\/cropped-logo-nuevo2.jpg","contentUrl":"https:\/\/nuevodigitaldeescobar.com.ar\/wp-content\/uploads\/2025\/05\/cropped-logo-nuevo2.jpg","width":305,"height":305,"caption":"Nuevo Digital de Escobar"},"image":{"@id":"https:\/\/nuevodigitaldeescobar.com.ar\/#\/schema\/logo\/image\/"},"sameAs":["https:\/\/www.facebook.com\/NUEVODigitalDeEscobar","https:\/\/x.com\/nuevodigescobar","https:\/\/www.instagram.com\/nuevodigitaldeescobar"]},{"@type":"Person","@id":"https:\/\/nuevodigitaldeescobar.com.ar\/#\/schema\/person\/035e90a8efe9a80e6eec22656ad6ea4c","name":"Redacci\u00f3n","image":{"@type":"ImageObject","inLanguage":"es","@id":"https:\/\/nuevodigitaldeescobar.com.ar\/#\/schema\/person\/image\/","url":"https:\/\/secure.gravatar.com\/avatar\/8af8f40000c24e9eef3034f2be5998a372bb1389e64b1a4a36b3a7979142220d?s=96&d=mm&r=g","contentUrl":"https:\/\/secure.gravatar.com\/avatar\/8af8f40000c24e9eef3034f2be5998a372bb1389e64b1a4a36b3a7979142220d?s=96&d=mm&r=g","caption":"Redacci\u00f3n"},"sameAs":["http:\/\/nuevodigitaldeescobar.com.ar"],"url":"https:\/\/nuevodigitaldeescobar.com.ar\/?author=1"}]}},"featured_image_urls":{"full":["https:\/\/nuevodigitaldeescobar.com.ar\/wp-content\/uploads\/2023\/12\/pobreza-indigencia-e1701789410535.jpg",720,405,false],"thumbnail":["https:\/\/nuevodigitaldeescobar.com.ar\/wp-content\/uploads\/2023\/12\/pobreza-indigencia-150x150.jpg",150,150,true],"medium":["https:\/\/nuevodigitaldeescobar.com.ar\/wp-content\/uploads\/2023\/12\/pobreza-indigencia-300x169.jpg",300,169,true],"medium_large":["https:\/\/nuevodigitaldeescobar.com.ar\/wp-content\/uploads\/2023\/12\/pobreza-indigencia-e1701789410535.jpg",640,360,false],"large":["https:\/\/nuevodigitaldeescobar.com.ar\/wp-content\/uploads\/2023\/12\/pobreza-indigencia-e1701789410535.jpg",640,360,false],"1536x1536":["https:\/\/nuevodigitaldeescobar.com.ar\/wp-content\/uploads\/2023\/12\/pobreza-indigencia-e1701789410535.jpg",720,405,false],"2048x2048":["https:\/\/nuevodigitaldeescobar.com.ar\/wp-content\/uploads\/2023\/12\/pobreza-indigencia-e1701789410535.jpg",720,405,false]},"author_info":{"display_name":"Redacci\u00f3n","author_link":"https:\/\/nuevodigitaldeescobar.com.ar\/?author=1"},"category_info":"<a href=\"https:\/\/nuevodigitaldeescobar.com.ar\/?cat=10\" rel=\"category\">Econom\u00eda<\/a> <a href=\"https:\/\/nuevodigitaldeescobar.com.ar\/?cat=6\" rel=\"category\">Pol\u00edtica<\/a> <a href=\"https:\/\/nuevodigitaldeescobar.com.ar\/?cat=15\" rel=\"category\">Sociedad<\/a>","tag_info":"Sociedad","comment_count":"0","_links":{"self":[{"href":"https:\/\/nuevodigitaldeescobar.com.ar\/index.php?rest_route=\/wp\/v2\/posts\/1571","targetHints":{"allow":["GET"]}}],"collection":[{"href":"https:\/\/nuevodigitaldeescobar.com.ar\/index.php?rest_route=\/wp\/v2\/posts"}],"about":[{"href":"https:\/\/nuevodigitaldeescobar.com.ar\/index.php?rest_route=\/wp\/v2\/types\/post"}],"author":[{"embeddable":true,"href":"https:\/\/nuevodigitaldeescobar.com.ar\/index.php?rest_route=\/wp\/v2\/users\/1"}],"replies":[{"embeddable":true,"href":"https:\/\/nuevodigitaldeescobar.com.ar\/index.php?rest_route=%2Fwp%2Fv2%2Fcomments&post=1571"}],"version-history":[{"count":1,"href":"https:\/\/nuevodigitaldeescobar.com.ar\/index.php?rest_route=\/wp\/v2\/posts\/1571\/revisions"}],"predecessor-version":[{"id":1573,"href":"https:\/\/nuevodigitaldeescobar.com.ar\/index.php?rest_route=\/wp\/v2\/posts\/1571\/revisions\/1573"}],"wp:featuredmedia":[{"embeddable":true,"href":"https:\/\/nuevodigitaldeescobar.com.ar\/index.php?rest_route=\/wp\/v2\/media\/1572"}],"wp:attachment":[{"href":"https:\/\/nuevodigitaldeescobar.com.ar\/index.php?rest_route=%2Fwp%2Fv2%2Fmedia&parent=1571"}],"wp:term":[{"taxonomy":"category","embeddable":true,"href":"https:\/\/nuevodigitaldeescobar.com.ar\/index.php?rest_route=%2Fwp%2Fv2%2Fcategories&post=1571"},{"taxonomy":"post_tag","embeddable":true,"href":"https:\/\/nuevodigitaldeescobar.com.ar\/index.php?rest_route=%2Fwp%2Fv2%2Ftags&post=1571"}],"curies":[{"name":"wp","href":"https:\/\/api.w.org\/{rel}","templated":true}]}}