{"id":15714,"date":"2025-06-18T15:20:31","date_gmt":"2025-06-18T18:20:31","guid":{"rendered":"https:\/\/nuevodigitaldeescobar.com.ar\/?p=15714"},"modified":"2025-06-18T15:20:31","modified_gmt":"2025-06-18T18:20:31","slug":"dibu-martinez-recibio-una-oferta-del-manchester-united-para-la-proxima-temporada","status":"publish","type":"post","link":"https:\/\/nuevodigitaldeescobar.com.ar\/?p=15714","title":{"rendered":"Dibu Mart\u00ednez recibi\u00f3 una oferta del Manchester United para la pr\u00f3xima temporada"},"content":{"rendered":"<p>En las \u00faltimas horas, <strong><a href=\"https:\/\/derechadiario.com.ar\/deportes\/dos-gigantes-europeos-tendrian-carpeta-al-dibu-martinez-para-proxima-temporada\" title=\"Dos gigantes europeos tendr\u00edan en carpeta al Dibu Mart\u00ednez para la pr\u00f3xima temporada\"><u>Manchester United<\/u><\/a> habr\u00eda iniciado gestiones formales para incorporar a <a href=\"https:\/\/derechadiario.com.ar\/deportes\/medio-los-rumores-dibu-martinez-se-refirio-su-posible-salida-del-aston-villa\" title=\"En medio de los rumores, Dibu Mart\u00ednez se refiri\u00f3 a su posible salida del Aston Villa\"><u>Emiliano Dibu Mart\u00ednez<\/u><\/a><\/strong>. Aunque otros equipos como <strong><a href=\"https:\/\/derechadiario.com.ar\/deportes\/dibu-martinez-radar-del-atletico-madrid\" title=\"El Dibu Mart\u00ednez est\u00e1 en el radar del Atl\u00e9tico Madrid\"><u>Atl\u00e9tico de Madrid<\/u><\/a>, <a href=\"https:\/\/derechadiario.com.ar\/deportes\/barcelona-pone-mira-lomonaco-independiente-no-lo-dejaria-ir-tan-facilmente\" title=\"Barcelona pone la mira en Lom\u00f3naco, pero Independiente no lo dejar\u00eda ir tan f\u00e1cilmente\"><u>Barcelona<\/u><\/a> y <a href=\"https:\/\/derechadiario.com.ar\/sociedad\/los-motivos-por-los-que-icardi-no-vio-sus-hijas-creyo-que-le-tendian-trampa\" title=\"Los motivos por los que Icardi no vio a sus hijas: crey\u00f3 que le tend\u00edan una trampa\"><u>Galatasaray<\/u><\/a><\/strong>\u00a0 tambi\u00e9n sonaron como posibles interesados, <strong>el club de Old Trafford aparece como el m\u00e1s avanzado<\/strong>.<\/p>\n<p>Actualmente, <strong>el arco del United lo ocupa Andr\u00e9 Onana<\/strong>, quien lleg\u00f3 desde el Inter con gran expectativa, pero no logr\u00f3 asentarse completamente en el equipo. <strong>Medios brit\u00e1nicos aseguran que Aston Villa tas\u00f3 al arquero campe\u00f3n del mundo en una cifra cercana a los 40 millones de d\u00f3lares<\/strong>.<\/p>\n<div class=\"inter_image image_horizontal\">\n<img decoding=\"async\" src=\"https:\/\/derechadiario.com.ar\/filesedc\/uploads\/image\/post\/andre-onana-manchester-united-2023-24-8_1200_800.webp\" class=\"img-responsive lazyload\" alt=\"Portero del Manchester United con uniforme amarillo prepar\u00e1ndose para atrapar un bal\u00f3n durante un partido de f\u00fatbol\" title=\"Portero del Manchester United con uniforme amarillo prepar\u00e1ndose para atrapar un bal\u00f3n durante un partido de f\u00fatbol\" \/>\n<div>\n<span class=\"img_footer\">Onan\u00e1 no est\u00e1 rindiendo bien en los Red Devils <\/span>| <span class=\"img_author\">La Derecha Diario<\/span>\n<\/div>\n<\/div>\n<h2><strong>La posible despedida del Aston Villa<\/strong><\/h2>\n<p>El Dibu\u00a0vivi\u00f3 un cierre de temporada cargado de emoci\u00f3n en su \u00faltimo partido de local con Aston Villa. Con <strong>los ojos llenos de l\u00e1grimas y un gesto que pareci\u00f3 un adi\u00f3s<\/strong>, el arquero argentino de 32 a\u00f1os se retir\u00f3 de Villa Park en una imagen que encendi\u00f3 las especulaciones sobre su futuro.<\/p>\n<figure><img decoding=\"async\" src=\"https:\/\/derechadiario.com.ar\/filesedc\/uploads\/image\/post\/descarga-1750265419758_1200_800.webp\" class=\"img-responsive lazyload\" alt=\"Portero de f\u00fatbol con expresi\u00f3n emotiva aplaudiendo con guantes puestos en un estadio\" title=\"Portero de f\u00fatbol con expresi\u00f3n emotiva aplaudiendo con guantes puestos en un estadio\" \/><\/figure>\n<p>Aunque tiene <strong>contrato vigente hasta 2029<\/strong>, <strong>su ciclo en Birmingham podr\u00eda haber llegado al final<\/strong>. Desde su llegada, el <strong>club ingl\u00e9s\u00a0le brind\u00f3 a Mart\u00ednez la continuidad que buscaba<\/strong>, consolid\u00e1ndose como figura en la Premier League y como referente indiscutido en la <a href=\"https:\/\/derechadiario.com.ar\/deportes\/barcelona-pone-mira-lomonaco-independiente-no-lo-dejaria-ir-tan-facilmente\" title=\"Barcelona pone la mira en Lom\u00f3naco, pero Independiente no lo dejar\u00eda ir tan f\u00e1cilmente\"><u><strong>Selecci\u00f3n Argentina<\/strong><\/u><\/a>.<\/p>\n<p>Bajo la conducci\u00f3n de Unai Emery, fue <strong>pieza fundamental<\/strong> en un equipo competitivo que no solo pele\u00f3 en lo m\u00e1s alto, sino que tambi\u00e9n logr\u00f3 una hist\u00f3rica clasificaci\u00f3n a la <strong>Champions League<\/strong>.<\/p>\n<aside class=\"whatsappChannelText\"><a href=\"https:\/\/whatsapp.com\/channel\/0029VagEjILGE56eKjedWF2U\" rel=\"nofollow\" title=\"WhatsApp Link\"><img alt=\"Logo de WhatsApp\" class=\"lazyload\" data-src=\"\/filesedc\/uploads\/other\/whatsapp_icon_mid_article.png\" width=\"32\" height=\"32\" \/><\/a> <a href=\"https:\/\/whatsapp.com\/channel\/0029VagEjILGE56eKjedWF2U\" rel=\"nofollow\" title=\"WhatsApp Link\"><strong>NO SE PIERDAN NINGUNA NOTICIA<\/strong>: Click aqu\u00ed para sumarte <strong>GRATIS<\/strong> al canal de noticias de <strong>La Derecha Diario en WhatsApp.<\/strong><\/a><\/aside>\n<h2><strong>El rendimiento de\u00a0Dibu en el Aston Villa<\/strong><\/h2>\n<p>El arquero de la Albiceleste lleg\u00f3 al club en 2020 proveniente del Arsenal, en una operaci\u00f3n de <strong>25 millones de euros<\/strong>. Desde entonces, <strong>defendi\u00f3 el arco de los Villanos en 212 encuentros<\/strong>, <strong>recibiendo 256 goles<\/strong> y manteniendo el \u00a0<strong>arco en cero en 65 encuentros<\/strong>, convirti\u00e9ndose en uno de los emblemas de la instituci\u00f3n. Su posible salida marcar\u00eda el fin de una etapa clave en su carrera y el inicio de un nuevo desaf\u00edo en la elite europea.<\/p>\n<figure><img decoding=\"async\" src=\"https:\/\/derechadiario.com.ar\/filesedc\/uploads\/image\/post\/17309244435359_1200_800.webp\" class=\"img-responsive lazyload\" alt=\"Portero de f\u00fatbol con uniforme verde y amarillo en un estadio durante un partido mostrando una expresi\u00f3n de sorpresa o emoci\u00f3n\" title=\"Portero de f\u00fatbol con uniforme verde y amarillo en un estadio durante un partido mostrando una expresi\u00f3n de sorpresa o emoci\u00f3n\" \/><\/figure>","protected":false},"excerpt":{"rendered":"<p>En las \u00faltimas horas, Manchester United habr\u00eda iniciado gestiones formales para incorporar a Emiliano Dibu Mart\u00ednez. Aunque otros equipos como Atl\u00e9tico de Madrid, Barcelona y [&hellip;]<\/p>\n","protected":false},"author":1,"featured_media":15715,"comment_status":"open","ping_status":"open","sticky":false,"template":"","format":"standard","meta":{"footnotes":""},"categories":[8],"tags":[],"class_list":["post-15714","post","type-post","status-publish","format-standard","has-post-thumbnail","hentry","category-deportes"],"better_featured_image":{"id":15715,"alt_text":"","caption":"","description":"","media_type":"image","media_details":{"width":1600,"height":1067,"file":"2025\/06\/3-4-1750265389031_1600_1067-lZmATE.jpg","filesize":118295,"sizes":{"medium":{"file":"3-4-1750265389031_1600_1067-lZmATE-300x200.jpg","width":300,"height":200,"mime-type":"image\/jpeg","filesize":14641,"source_url":"https:\/\/nuevodigitaldeescobar.com.ar\/wp-content\/uploads\/2025\/06\/3-4-1750265389031_1600_1067-lZmATE-300x200.jpg"},"large":{"file":"3-4-1750265389031_1600_1067-lZmATE-1024x683.jpg","width":1024,"height":683,"mime-type":"image\/jpeg","filesize":91288,"source_url":"https:\/\/nuevodigitaldeescobar.com.ar\/wp-content\/uploads\/2025\/06\/3-4-1750265389031_1600_1067-lZmATE-1024x683.jpg"},"thumbnail":{"file":"3-4-1750265389031_1600_1067-lZmATE-150x150.jpg","width":150,"height":150,"mime-type":"image\/jpeg","filesize":6981,"source_url":"https:\/\/nuevodigitaldeescobar.com.ar\/wp-content\/uploads\/2025\/06\/3-4-1750265389031_1600_1067-lZmATE-150x150.jpg"},"medium_large":{"file":"3-4-1750265389031_1600_1067-lZmATE-768x512.jpg","width":768,"height":512,"mime-type":"image\/jpeg","filesize":60136,"source_url":"https:\/\/nuevodigitaldeescobar.com.ar\/wp-content\/uploads\/2025\/06\/3-4-1750265389031_1600_1067-lZmATE-768x512.jpg"},"1536x1536":{"file":"3-4-1750265389031_1600_1067-lZmATE-1536x1024.jpg","width":1536,"height":1024,"mime-type":"image\/jpeg","filesize":160458,"source_url":"https:\/\/nuevodigitaldeescobar.com.ar\/wp-content\/uploads\/2025\/06\/3-4-1750265389031_1600_1067-lZmATE-1536x1024.jpg"}},"image_meta":{"aperture":"0","credit":"","camera":"","caption":"","created_timestamp":"0","copyright":"","focal_length":"0","iso":"0","shutter_speed":"0","title":"","orientation":"0","keywords":[]}},"post":15714,"source_url":"https:\/\/nuevodigitaldeescobar.com.ar\/wp-content\/uploads\/2025\/06\/3-4-1750265389031_1600_1067-lZmATE.jpg"},"yoast_head":"<!-- This site is optimized with the Yoast SEO plugin v26.1.1 - https:\/\/yoast.com\/wordpress\/plugins\/seo\/ -->\n<title>Dibu Mart\u00ednez recibi\u00f3 una oferta del Manchester United para la pr\u00f3xima temporada - Nuevo Digital de Escobar<\/title>\n<meta name=\"robots\" content=\"index, follow, max-snippet:-1, max-image-preview:large, max-video-preview:-1\" \/>\n<link rel=\"canonical\" href=\"https:\/\/nuevodigitaldeescobar.com.ar\/?p=15714\" \/>\n<meta property=\"og:locale\" content=\"es_ES\" \/>\n<meta property=\"og:type\" content=\"article\" \/>\n<meta property=\"og:title\" content=\"Dibu Mart\u00ednez recibi\u00f3 una oferta del Manchester United para la pr\u00f3xima temporada - Nuevo Digital de Escobar\" \/>\n<meta property=\"og:description\" content=\"En las \u00faltimas horas, Manchester United habr\u00eda iniciado gestiones formales para incorporar a Emiliano Dibu Mart\u00ednez. Aunque otros equipos como Atl\u00e9tico de Madrid, Barcelona y [&hellip;]\" \/>\n<meta property=\"og:url\" content=\"https:\/\/nuevodigitaldeescobar.com.ar\/?p=15714\" \/>\n<meta property=\"og:site_name\" content=\"Nuevo Digital de Escobar\" \/>\n<meta property=\"article:publisher\" content=\"https:\/\/www.facebook.com\/NUEVODigitalDeEscobar\" \/>\n<meta property=\"article:published_time\" content=\"2025-06-18T18:20:31+00:00\" \/>\n<meta property=\"og:image\" content=\"https:\/\/derechadiario.com.ar\/filesedc\/uploads\/image\/post\/andre-onana-manchester-united-2023-24-8_1200_800.webp\" \/>\n<meta name=\"author\" content=\"Redacci\u00f3n\" \/>\n<meta name=\"twitter:card\" content=\"summary_large_image\" \/>\n<meta name=\"twitter:creator\" content=\"@nuevodigescobar\" \/>\n<meta name=\"twitter:site\" content=\"@nuevodigescobar\" \/>\n<meta name=\"twitter:label1\" content=\"Escrito por\" \/>\n\t<meta name=\"twitter:data1\" content=\"Redacci\u00f3n\" \/>\n\t<meta name=\"twitter:label2\" content=\"Tiempo de lectura\" \/>\n\t<meta name=\"twitter:data2\" content=\"2 minutos\" \/>\n<script type=\"application\/ld+json\" class=\"yoast-schema-graph\">{\"@context\":\"https:\/\/schema.org\",\"@graph\":[{\"@type\":\"Article\",\"@id\":\"https:\/\/nuevodigitaldeescobar.com.ar\/?p=15714#article\",\"isPartOf\":{\"@id\":\"https:\/\/nuevodigitaldeescobar.com.ar\/?p=15714\"},\"author\":{\"name\":\"Redacci\u00f3n\",\"@id\":\"https:\/\/nuevodigitaldeescobar.com.ar\/#\/schema\/person\/035e90a8efe9a80e6eec22656ad6ea4c\"},\"headline\":\"Dibu Mart\u00ednez recibi\u00f3 una oferta del Manchester United para la pr\u00f3xima temporada\",\"datePublished\":\"2025-06-18T18:20:31+00:00\",\"mainEntityOfPage\":{\"@id\":\"https:\/\/nuevodigitaldeescobar.com.ar\/?p=15714\"},\"wordCount\":373,\"commentCount\":0,\"publisher\":{\"@id\":\"https:\/\/nuevodigitaldeescobar.com.ar\/#organization\"},\"image\":{\"@id\":\"https:\/\/nuevodigitaldeescobar.com.ar\/?p=15714#primaryimage\"},\"thumbnailUrl\":\"https:\/\/nuevodigitaldeescobar.com.ar\/wp-content\/uploads\/2025\/06\/3-4-1750265389031_1600_1067-lZmATE.jpg\",\"articleSection\":[\"Deportes\"],\"inLanguage\":\"es\",\"potentialAction\":[{\"@type\":\"CommentAction\",\"name\":\"Comment\",\"target\":[\"https:\/\/nuevodigitaldeescobar.com.ar\/?p=15714#respond\"]}]},{\"@type\":\"WebPage\",\"@id\":\"https:\/\/nuevodigitaldeescobar.com.ar\/?p=15714\",\"url\":\"https:\/\/nuevodigitaldeescobar.com.ar\/?p=15714\",\"name\":\"Dibu Mart\u00ednez recibi\u00f3 una oferta del Manchester United para la pr\u00f3xima temporada - Nuevo Digital de Escobar\",\"isPartOf\":{\"@id\":\"https:\/\/nuevodigitaldeescobar.com.ar\/#website\"},\"primaryImageOfPage\":{\"@id\":\"https:\/\/nuevodigitaldeescobar.com.ar\/?p=15714#primaryimage\"},\"image\":{\"@id\":\"https:\/\/nuevodigitaldeescobar.com.ar\/?p=15714#primaryimage\"},\"thumbnailUrl\":\"https:\/\/nuevodigitaldeescobar.com.ar\/wp-content\/uploads\/2025\/06\/3-4-1750265389031_1600_1067-lZmATE.jpg\",\"datePublished\":\"2025-06-18T18:20:31+00:00\",\"breadcrumb\":{\"@id\":\"https:\/\/nuevodigitaldeescobar.com.ar\/?p=15714#breadcrumb\"},\"inLanguage\":\"es\",\"potentialAction\":[{\"@type\":\"ReadAction\",\"target\":[\"https:\/\/nuevodigitaldeescobar.com.ar\/?p=15714\"]}]},{\"@type\":\"ImageObject\",\"inLanguage\":\"es\",\"@id\":\"https:\/\/nuevodigitaldeescobar.com.ar\/?p=15714#primaryimage\",\"url\":\"https:\/\/nuevodigitaldeescobar.com.ar\/wp-content\/uploads\/2025\/06\/3-4-1750265389031_1600_1067-lZmATE.jpg\",\"contentUrl\":\"https:\/\/nuevodigitaldeescobar.com.ar\/wp-content\/uploads\/2025\/06\/3-4-1750265389031_1600_1067-lZmATE.jpg\",\"width\":1600,\"height\":1067},{\"@type\":\"BreadcrumbList\",\"@id\":\"https:\/\/nuevodigitaldeescobar.com.ar\/?p=15714#breadcrumb\",\"itemListElement\":[{\"@type\":\"ListItem\",\"position\":1,\"name\":\"Portada\",\"item\":\"https:\/\/nuevodigitaldeescobar.com.ar\/\"},{\"@type\":\"ListItem\",\"position\":2,\"name\":\"Dibu Mart\u00ednez recibi\u00f3 una oferta del Manchester United para la pr\u00f3xima temporada\"}]},{\"@type\":\"WebSite\",\"@id\":\"https:\/\/nuevodigitaldeescobar.com.ar\/#website\",\"url\":\"https:\/\/nuevodigitaldeescobar.com.ar\/\",\"name\":\"Nuevo Digital de Escobar\",\"description\":\"La vida escobarense. Directora: Rosana Brunner\",\"publisher\":{\"@id\":\"https:\/\/nuevodigitaldeescobar.com.ar\/#organization\"},\"potentialAction\":[{\"@type\":\"SearchAction\",\"target\":{\"@type\":\"EntryPoint\",\"urlTemplate\":\"https:\/\/nuevodigitaldeescobar.com.ar\/?s={search_term_string}\"},\"query-input\":{\"@type\":\"PropertyValueSpecification\",\"valueRequired\":true,\"valueName\":\"search_term_string\"}}],\"inLanguage\":\"es\"},{\"@type\":\"Organization\",\"@id\":\"https:\/\/nuevodigitaldeescobar.com.ar\/#organization\",\"name\":\"Nuevo Digital de Escobar\",\"url\":\"https:\/\/nuevodigitaldeescobar.com.ar\/\",\"logo\":{\"@type\":\"ImageObject\",\"inLanguage\":\"es\",\"@id\":\"https:\/\/nuevodigitaldeescobar.com.ar\/#\/schema\/logo\/image\/\",\"url\":\"https:\/\/nuevodigitaldeescobar.com.ar\/wp-content\/uploads\/2025\/05\/cropped-logo-nuevo2.jpg\",\"contentUrl\":\"https:\/\/nuevodigitaldeescobar.com.ar\/wp-content\/uploads\/2025\/05\/cropped-logo-nuevo2.jpg\",\"width\":305,\"height\":305,\"caption\":\"Nuevo Digital de Escobar\"},\"image\":{\"@id\":\"https:\/\/nuevodigitaldeescobar.com.ar\/#\/schema\/logo\/image\/\"},\"sameAs\":[\"https:\/\/www.facebook.com\/NUEVODigitalDeEscobar\",\"https:\/\/x.com\/nuevodigescobar\",\"https:\/\/www.instagram.com\/nuevodigitaldeescobar\"]},{\"@type\":\"Person\",\"@id\":\"https:\/\/nuevodigitaldeescobar.com.ar\/#\/schema\/person\/035e90a8efe9a80e6eec22656ad6ea4c\",\"name\":\"Redacci\u00f3n\",\"image\":{\"@type\":\"ImageObject\",\"inLanguage\":\"es\",\"@id\":\"https:\/\/nuevodigitaldeescobar.com.ar\/#\/schema\/person\/image\/\",\"url\":\"https:\/\/secure.gravatar.com\/avatar\/8af8f40000c24e9eef3034f2be5998a372bb1389e64b1a4a36b3a7979142220d?s=96&d=mm&r=g\",\"contentUrl\":\"https:\/\/secure.gravatar.com\/avatar\/8af8f40000c24e9eef3034f2be5998a372bb1389e64b1a4a36b3a7979142220d?s=96&d=mm&r=g\",\"caption\":\"Redacci\u00f3n\"},\"sameAs\":[\"http:\/\/nuevodigitaldeescobar.com.ar\"],\"url\":\"https:\/\/nuevodigitaldeescobar.com.ar\/?author=1\"}]}<\/script>\n<!-- \/ Yoast SEO plugin. -->","yoast_head_json":{"title":"Dibu Mart\u00ednez recibi\u00f3 una oferta del Manchester United para la pr\u00f3xima temporada - Nuevo Digital de Escobar","robots":{"index":"index","follow":"follow","max-snippet":"max-snippet:-1","max-image-preview":"max-image-preview:large","max-video-preview":"max-video-preview:-1"},"canonical":"https:\/\/nuevodigitaldeescobar.com.ar\/?p=15714","og_locale":"es_ES","og_type":"article","og_title":"Dibu Mart\u00ednez recibi\u00f3 una oferta del Manchester United para la pr\u00f3xima temporada - Nuevo Digital de Escobar","og_description":"En las \u00faltimas horas, Manchester United habr\u00eda iniciado gestiones formales para incorporar a Emiliano Dibu Mart\u00ednez. Aunque otros equipos como Atl\u00e9tico de Madrid, Barcelona y [&hellip;]","og_url":"https:\/\/nuevodigitaldeescobar.com.ar\/?p=15714","og_site_name":"Nuevo Digital de Escobar","article_publisher":"https:\/\/www.facebook.com\/NUEVODigitalDeEscobar","article_published_time":"2025-06-18T18:20:31+00:00","og_image":[{"url":"https:\/\/derechadiario.com.ar\/filesedc\/uploads\/image\/post\/andre-onana-manchester-united-2023-24-8_1200_800.webp","type":"","width":"","height":""}],"author":"Redacci\u00f3n","twitter_card":"summary_large_image","twitter_creator":"@nuevodigescobar","twitter_site":"@nuevodigescobar","twitter_misc":{"Escrito por":"Redacci\u00f3n","Tiempo de lectura":"2 minutos"},"schema":{"@context":"https:\/\/schema.org","@graph":[{"@type":"Article","@id":"https:\/\/nuevodigitaldeescobar.com.ar\/?p=15714#article","isPartOf":{"@id":"https:\/\/nuevodigitaldeescobar.com.ar\/?p=15714"},"author":{"name":"Redacci\u00f3n","@id":"https:\/\/nuevodigitaldeescobar.com.ar\/#\/schema\/person\/035e90a8efe9a80e6eec22656ad6ea4c"},"headline":"Dibu Mart\u00ednez recibi\u00f3 una oferta del Manchester United para la pr\u00f3xima temporada","datePublished":"2025-06-18T18:20:31+00:00","mainEntityOfPage":{"@id":"https:\/\/nuevodigitaldeescobar.com.ar\/?p=15714"},"wordCount":373,"commentCount":0,"publisher":{"@id":"https:\/\/nuevodigitaldeescobar.com.ar\/#organization"},"image":{"@id":"https:\/\/nuevodigitaldeescobar.com.ar\/?p=15714#primaryimage"},"thumbnailUrl":"https:\/\/nuevodigitaldeescobar.com.ar\/wp-content\/uploads\/2025\/06\/3-4-1750265389031_1600_1067-lZmATE.jpg","articleSection":["Deportes"],"inLanguage":"es","potentialAction":[{"@type":"CommentAction","name":"Comment","target":["https:\/\/nuevodigitaldeescobar.com.ar\/?p=15714#respond"]}]},{"@type":"WebPage","@id":"https:\/\/nuevodigitaldeescobar.com.ar\/?p=15714","url":"https:\/\/nuevodigitaldeescobar.com.ar\/?p=15714","name":"Dibu Mart\u00ednez recibi\u00f3 una oferta del Manchester United para la pr\u00f3xima temporada - Nuevo Digital de Escobar","isPartOf":{"@id":"https:\/\/nuevodigitaldeescobar.com.ar\/#website"},"primaryImageOfPage":{"@id":"https:\/\/nuevodigitaldeescobar.com.ar\/?p=15714#primaryimage"},"image":{"@id":"https:\/\/nuevodigitaldeescobar.com.ar\/?p=15714#primaryimage"},"thumbnailUrl":"https:\/\/nuevodigitaldeescobar.com.ar\/wp-content\/uploads\/2025\/06\/3-4-1750265389031_1600_1067-lZmATE.jpg","datePublished":"2025-06-18T18:20:31+00:00","breadcrumb":{"@id":"https:\/\/nuevodigitaldeescobar.com.ar\/?p=15714#breadcrumb"},"inLanguage":"es","potentialAction":[{"@type":"ReadAction","target":["https:\/\/nuevodigitaldeescobar.com.ar\/?p=15714"]}]},{"@type":"ImageObject","inLanguage":"es","@id":"https:\/\/nuevodigitaldeescobar.com.ar\/?p=15714#primaryimage","url":"https:\/\/nuevodigitaldeescobar.com.ar\/wp-content\/uploads\/2025\/06\/3-4-1750265389031_1600_1067-lZmATE.jpg","contentUrl":"https:\/\/nuevodigitaldeescobar.com.ar\/wp-content\/uploads\/2025\/06\/3-4-1750265389031_1600_1067-lZmATE.jpg","width":1600,"height":1067},{"@type":"BreadcrumbList","@id":"https:\/\/nuevodigitaldeescobar.com.ar\/?p=15714#breadcrumb","itemListElement":[{"@type":"ListItem","position":1,"name":"Portada","item":"https:\/\/nuevodigitaldeescobar.com.ar\/"},{"@type":"ListItem","position":2,"name":"Dibu Mart\u00ednez recibi\u00f3 una oferta del Manchester United para la pr\u00f3xima temporada"}]},{"@type":"WebSite","@id":"https:\/\/nuevodigitaldeescobar.com.ar\/#website","url":"https:\/\/nuevodigitaldeescobar.com.ar\/","name":"Nuevo Digital de Escobar","description":"La vida escobarense. Directora: Rosana Brunner","publisher":{"@id":"https:\/\/nuevodigitaldeescobar.com.ar\/#organization"},"potentialAction":[{"@type":"SearchAction","target":{"@type":"EntryPoint","urlTemplate":"https:\/\/nuevodigitaldeescobar.com.ar\/?s={search_term_string}"},"query-input":{"@type":"PropertyValueSpecification","valueRequired":true,"valueName":"search_term_string"}}],"inLanguage":"es"},{"@type":"Organization","@id":"https:\/\/nuevodigitaldeescobar.com.ar\/#organization","name":"Nuevo Digital de Escobar","url":"https:\/\/nuevodigitaldeescobar.com.ar\/","logo":{"@type":"ImageObject","inLanguage":"es","@id":"https:\/\/nuevodigitaldeescobar.com.ar\/#\/schema\/logo\/image\/","url":"https:\/\/nuevodigitaldeescobar.com.ar\/wp-content\/uploads\/2025\/05\/cropped-logo-nuevo2.jpg","contentUrl":"https:\/\/nuevodigitaldeescobar.com.ar\/wp-content\/uploads\/2025\/05\/cropped-logo-nuevo2.jpg","width":305,"height":305,"caption":"Nuevo Digital de Escobar"},"image":{"@id":"https:\/\/nuevodigitaldeescobar.com.ar\/#\/schema\/logo\/image\/"},"sameAs":["https:\/\/www.facebook.com\/NUEVODigitalDeEscobar","https:\/\/x.com\/nuevodigescobar","https:\/\/www.instagram.com\/nuevodigitaldeescobar"]},{"@type":"Person","@id":"https:\/\/nuevodigitaldeescobar.com.ar\/#\/schema\/person\/035e90a8efe9a80e6eec22656ad6ea4c","name":"Redacci\u00f3n","image":{"@type":"ImageObject","inLanguage":"es","@id":"https:\/\/nuevodigitaldeescobar.com.ar\/#\/schema\/person\/image\/","url":"https:\/\/secure.gravatar.com\/avatar\/8af8f40000c24e9eef3034f2be5998a372bb1389e64b1a4a36b3a7979142220d?s=96&d=mm&r=g","contentUrl":"https:\/\/secure.gravatar.com\/avatar\/8af8f40000c24e9eef3034f2be5998a372bb1389e64b1a4a36b3a7979142220d?s=96&d=mm&r=g","caption":"Redacci\u00f3n"},"sameAs":["http:\/\/nuevodigitaldeescobar.com.ar"],"url":"https:\/\/nuevodigitaldeescobar.com.ar\/?author=1"}]}},"featured_image_urls":{"full":["https:\/\/nuevodigitaldeescobar.com.ar\/wp-content\/uploads\/2025\/06\/3-4-1750265389031_1600_1067-lZmATE.jpg",1600,1067,false],"thumbnail":["https:\/\/nuevodigitaldeescobar.com.ar\/wp-content\/uploads\/2025\/06\/3-4-1750265389031_1600_1067-lZmATE-150x150.jpg",150,150,true],"medium":["https:\/\/nuevodigitaldeescobar.com.ar\/wp-content\/uploads\/2025\/06\/3-4-1750265389031_1600_1067-lZmATE-300x200.jpg",300,200,true],"medium_large":["https:\/\/nuevodigitaldeescobar.com.ar\/wp-content\/uploads\/2025\/06\/3-4-1750265389031_1600_1067-lZmATE-768x512.jpg",640,427,true],"large":["https:\/\/nuevodigitaldeescobar.com.ar\/wp-content\/uploads\/2025\/06\/3-4-1750265389031_1600_1067-lZmATE-1024x683.jpg",640,427,true],"1536x1536":["https:\/\/nuevodigitaldeescobar.com.ar\/wp-content\/uploads\/2025\/06\/3-4-1750265389031_1600_1067-lZmATE-1536x1024.jpg",1536,1024,true],"2048x2048":["https:\/\/nuevodigitaldeescobar.com.ar\/wp-content\/uploads\/2025\/06\/3-4-1750265389031_1600_1067-lZmATE.jpg",1600,1067,false]},"author_info":{"display_name":"Redacci\u00f3n","author_link":"https:\/\/nuevodigitaldeescobar.com.ar\/?author=1"},"category_info":"<a href=\"https:\/\/nuevodigitaldeescobar.com.ar\/?cat=8\" rel=\"category\">Deportes<\/a>","tag_info":"Deportes","comment_count":"0","_links":{"self":[{"href":"https:\/\/nuevodigitaldeescobar.com.ar\/index.php?rest_route=\/wp\/v2\/posts\/15714","targetHints":{"allow":["GET"]}}],"collection":[{"href":"https:\/\/nuevodigitaldeescobar.com.ar\/index.php?rest_route=\/wp\/v2\/posts"}],"about":[{"href":"https:\/\/nuevodigitaldeescobar.com.ar\/index.php?rest_route=\/wp\/v2\/types\/post"}],"author":[{"embeddable":true,"href":"https:\/\/nuevodigitaldeescobar.com.ar\/index.php?rest_route=\/wp\/v2\/users\/1"}],"replies":[{"embeddable":true,"href":"https:\/\/nuevodigitaldeescobar.com.ar\/index.php?rest_route=%2Fwp%2Fv2%2Fcomments&post=15714"}],"version-history":[{"count":0,"href":"https:\/\/nuevodigitaldeescobar.com.ar\/index.php?rest_route=\/wp\/v2\/posts\/15714\/revisions"}],"wp:featuredmedia":[{"embeddable":true,"href":"https:\/\/nuevodigitaldeescobar.com.ar\/index.php?rest_route=\/wp\/v2\/media\/15715"}],"wp:attachment":[{"href":"https:\/\/nuevodigitaldeescobar.com.ar\/index.php?rest_route=%2Fwp%2Fv2%2Fmedia&parent=15714"}],"wp:term":[{"taxonomy":"category","embeddable":true,"href":"https:\/\/nuevodigitaldeescobar.com.ar\/index.php?rest_route=%2Fwp%2Fv2%2Fcategories&post=15714"},{"taxonomy":"post_tag","embeddable":true,"href":"https:\/\/nuevodigitaldeescobar.com.ar\/index.php?rest_route=%2Fwp%2Fv2%2Ftags&post=15714"}],"curies":[{"name":"wp","href":"https:\/\/api.w.org\/{rel}","templated":true}]}}