{"id":15737,"date":"2025-06-19T01:00:00","date_gmt":"2025-06-19T04:00:00","guid":{"rendered":"https:\/\/nuevodigitaldeescobar.com.ar\/?p=15737"},"modified":"2025-06-19T01:28:30","modified_gmt":"2025-06-19T04:28:30","slug":"perpetua-para-brenda-aguero-por-el-asesinato-de-cinco-bebes-en-cordoba-un-caso-sin-precedentes-en-la-historia-argentina","status":"publish","type":"post","link":"https:\/\/nuevodigitaldeescobar.com.ar\/?p=15737","title":{"rendered":"Perpetua para Brenda Ag\u00fcero por el asesinato de cinco beb\u00e9s en C\u00f3rdoba: un caso sin precedentes en la historia argentina"},"content":{"rendered":"\n<p class=\"has-vivid-cyan-blue-color has-text-color has-link-color wp-elements-5f36c3fde1e3111512dcbaf2bea9b885\"><strong><em>Tras un extenso juicio oral de seis meses y una deliberaci\u00f3n que dur\u00f3 m\u00e1s de diez horas, la Justicia de C\u00f3rdoba dict\u00f3 este mi\u00e9rcoles la pena de prisi\u00f3n perpetua para la enfermera Brenda Ag\u00fcero, acusada por el asesinato de cinco beb\u00e9s reci\u00e9n nacidos y el intento de homicidio de otros ocho, todos internados en el Hospital Neonatal de la ciudad de C\u00f3rdoba entre marzo y junio de 2022.<\/em><\/strong><\/p>\n\n\n\n<!--more-->\n\n\n\n<p>El veredicto fue alcanzado por <strong>ocho jurados populares y dos jueces t\u00e9cnicos<\/strong> del Tribunal Oral en lo Criminal y Correccional de 7\u00aa Nominaci\u00f3n. Ag\u00fcero, quien ten\u00eda a su cargo la atenci\u00f3n de madres en obstetricia, fue hallada responsable de una de las cadenas criminales m\u00e1s aberrantes de la historia reciente del pa\u00eds.<\/p>\n\n\n\n<h3 class=\"wp-block-heading has-text-color has-link-color wp-elements-af4fc1cd65b0d04b2808b0382233e60f\" style=\"color:#0c2eca\"><em>Un accionar planificado y siniestro<\/em><\/h3>\n\n\n\n<p>Durante el juicio, la fiscal\u00eda expuso c\u00f3mo la enfermera acced\u00eda a dosis de potasio e insulina desde los llamados \u201ccarros de paro\u201d, que carec\u00edan de control riguroso. Luego inyectaba esas sustancias letales en los reci\u00e9n nacidos, en zonas del cuerpo donde no se aplican vacunas ni tratamientos, generando descompensaciones s\u00fabitas.<\/p>\n\n\n\n<p>Aunque no ten\u00eda autorizaci\u00f3n para intervenir en neonatolog\u00eda, Ag\u00fcero se encontraba en todos y cada uno de los episodios analizados, incluso en situaciones en las que se encontraba sola con los beb\u00e9s y sus madres. Seg\u00fan la hip\u00f3tesis del fiscal <strong>Ra\u00fal Garz\u00f3n<\/strong>, la motivaci\u00f3n de la enfermera habr\u00eda sido escalar profesionalmente: buscaba destacarse como la primera en advertir las crisis m\u00e9dicas para ganar reconocimiento y acceder a un ascenso.<\/p>\n\n\n\n<h3 class=\"wp-block-heading has-text-color has-link-color wp-elements-08824414c7eabf97a2038da4ade6c714\" style=\"color:#0c2eca\"><em>Funcionarios absueltos y otros condenados<\/em><\/h3>\n\n\n\n<p>Adem\u00e1s de Ag\u00fcero, el proceso judicial puso bajo la lupa a <strong>11 funcionarios p\u00fablicos<\/strong> del sistema de salud de C\u00f3rdoba. Entre ellos, el exministro de Salud <strong>Diego Cardozo<\/strong>, la exdirectora del hospital, Liliana As\u00eds, y otros integrantes de la jefatura m\u00e9dica y legal del establecimiento.<\/p>\n\n\n\n<p>Finalmente, fueron <strong>absueltos Cardozo y otros cuatro funcionarios<\/strong>, mientras que <strong>el resto fue encontrado culpable<\/strong> por encubrimiento, omisi\u00f3n de denuncia y entorpecimiento de la investigaci\u00f3n. Seg\u00fan la acusaci\u00f3n del Ministerio P\u00fablico Fiscal, hubo una clara maniobra para ocultar las muertes: se omiti\u00f3 alertar a la Justicia, se perdieron pruebas y se desplaz\u00f3 a Ag\u00fcero del hospital simulando una licencia, pese a las fuertes sospechas que ya exist\u00edan en su contra.<\/p>\n\n\n\n<h3 class=\"wp-block-heading has-text-color has-link-color wp-elements-74d02576f9672caba507ef31641205cf\" style=\"color:#0c2eca\"><em>Un caso que comenz\u00f3 con la denuncia de un civil<\/em><\/h3>\n\n\n\n<p>La causa se activ\u00f3 no por una denuncia institucional, sino por la decisi\u00f3n del ingeniero <strong>Francisco Luperi<\/strong>, esposo de una m\u00e9dica del hospital, quien tras conocer los hechos por su pareja decidi\u00f3 presentarse personalmente en Tribunales.<\/p>\n\n\n\n<p>Gracias a su intervenci\u00f3n se pudo revisar una serie de casos que hasta ese momento eran tratados como hechos aislados, sin investigaci\u00f3n judicial. Solo las \u00faltimas dos v\u00edctimas fueron sometidas a autopsia, y sus resultados fueron clave: se detectaron niveles letales de potasio y signos de pinchazos irregulares.<\/p>\n\n\n\n<h3 class=\"wp-block-heading has-text-color has-link-color wp-elements-82fc33b805767edbda7e55b48cba71eb\" style=\"color:#0c2eca\"><em>La condena<\/em><\/h3>\n\n\n\n<p>La pena de <strong>prisi\u00f3n perpetua<\/strong> era la \u00fanica posible para este tipo de delitos, y fue dictada por <strong>mayor\u00eda<\/strong> del tribunal mixto. Se aguardan los <strong>fundamentos completos de la sentencia<\/strong> despu\u00e9s de la feria judicial de invierno.<\/p>\n\n\n\n<p>Este caso dej\u00f3 al descubierto no solo el horror de los cr\u00edmenes cometidos, sino tambi\u00e9n las fallas sistem\u00e1ticas en la cadena de responsabilidades de un sistema de salud p\u00fablica que no supo \u2014o no quiso\u2014 actuar a tiempo.<\/p>\n","protected":false},"excerpt":{"rendered":"<p>Tras un extenso juicio oral de seis meses y una deliberaci\u00f3n que dur\u00f3 m\u00e1s de diez horas, la Justicia de C\u00f3rdoba dict\u00f3 este mi\u00e9rcoles la [&hellip;]<\/p>\n","protected":false},"author":1,"featured_media":15738,"comment_status":"open","ping_status":"open","sticky":false,"template":"","format":"standard","meta":{"footnotes":""},"categories":[235],"tags":[],"class_list":["post-15737","post","type-post","status-publish","format-standard","has-post-thumbnail","hentry","category-judiciales"],"better_featured_image":{"id":15738,"alt_text":"","caption":"","description":"","media_type":"image","media_details":{"width":1240,"height":750,"file":"2025\/06\/brendaaguero28.png","filesize":2196329,"sizes":{"medium":{"file":"brendaaguero28-300x181.png","width":300,"height":181,"mime-type":"image\/png","filesize":44938,"source_url":"https:\/\/nuevodigitaldeescobar.com.ar\/wp-content\/uploads\/2025\/06\/brendaaguero28-300x181.png"},"large":{"file":"brendaaguero28-1024x619.png","width":1024,"height":619,"mime-type":"image\/png","filesize":425299,"source_url":"https:\/\/nuevodigitaldeescobar.com.ar\/wp-content\/uploads\/2025\/06\/brendaaguero28-1024x619.png"},"thumbnail":{"file":"brendaaguero28-150x150.png","width":150,"height":150,"mime-type":"image\/png","filesize":21005,"source_url":"https:\/\/nuevodigitaldeescobar.com.ar\/wp-content\/uploads\/2025\/06\/brendaaguero28-150x150.png"},"medium_large":{"file":"brendaaguero28-768x465.png","width":768,"height":465,"mime-type":"image\/png","filesize":249629,"source_url":"https:\/\/nuevodigitaldeescobar.com.ar\/wp-content\/uploads\/2025\/06\/brendaaguero28-768x465.png"}},"image_meta":{"aperture":"0","credit":"","camera":"","caption":"","created_timestamp":"0","copyright":"","focal_length":"0","iso":"0","shutter_speed":"0","title":"","orientation":"0","keywords":[]}},"post":15737,"source_url":"https:\/\/nuevodigitaldeescobar.com.ar\/wp-content\/uploads\/2025\/06\/brendaaguero28.png"},"yoast_head":"<!-- This site is optimized with the Yoast SEO plugin v26.1.1 - https:\/\/yoast.com\/wordpress\/plugins\/seo\/ -->\n<title>Perpetua para Brenda Ag\u00fcero por el asesinato de cinco beb\u00e9s en C\u00f3rdoba: un caso sin precedentes en la historia argentina - Nuevo Digital de Escobar<\/title>\n<meta name=\"robots\" content=\"index, follow, max-snippet:-1, max-image-preview:large, max-video-preview:-1\" \/>\n<link rel=\"canonical\" href=\"https:\/\/nuevodigitaldeescobar.com.ar\/?p=15737\" \/>\n<meta property=\"og:locale\" content=\"es_ES\" \/>\n<meta property=\"og:type\" content=\"article\" \/>\n<meta property=\"og:title\" content=\"Perpetua para Brenda Ag\u00fcero por el asesinato de cinco beb\u00e9s en C\u00f3rdoba: un caso sin precedentes en la historia argentina - Nuevo Digital de Escobar\" \/>\n<meta property=\"og:description\" content=\"Tras un extenso juicio oral de seis meses y una deliberaci\u00f3n que dur\u00f3 m\u00e1s de diez horas, la Justicia de C\u00f3rdoba dict\u00f3 este mi\u00e9rcoles la [&hellip;]\" \/>\n<meta property=\"og:url\" content=\"https:\/\/nuevodigitaldeescobar.com.ar\/?p=15737\" \/>\n<meta property=\"og:site_name\" content=\"Nuevo Digital de Escobar\" \/>\n<meta property=\"article:publisher\" content=\"https:\/\/www.facebook.com\/NUEVODigitalDeEscobar\" \/>\n<meta property=\"article:published_time\" content=\"2025-06-19T04:00:00+00:00\" \/>\n<meta property=\"article:modified_time\" content=\"2025-06-19T04:28:30+00:00\" \/>\n<meta property=\"og:image\" content=\"http:\/\/nuevodigitaldeescobar.com.ar\/wp-content\/uploads\/2025\/06\/brendaaguero28-1024x619.png\" \/>\n\t<meta property=\"og:image:width\" content=\"1024\" \/>\n\t<meta property=\"og:image:height\" content=\"619\" \/>\n\t<meta property=\"og:image:type\" content=\"image\/png\" \/>\n<meta name=\"author\" content=\"Redacci\u00f3n\" \/>\n<meta name=\"twitter:card\" content=\"summary_large_image\" \/>\n<meta name=\"twitter:creator\" content=\"@nuevodigescobar\" \/>\n<meta name=\"twitter:site\" content=\"@nuevodigescobar\" \/>\n<meta name=\"twitter:label1\" content=\"Escrito por\" \/>\n\t<meta name=\"twitter:data1\" content=\"Redacci\u00f3n\" \/>\n\t<meta name=\"twitter:label2\" content=\"Tiempo de lectura\" \/>\n\t<meta name=\"twitter:data2\" content=\"3 minutos\" \/>\n<script type=\"application\/ld+json\" class=\"yoast-schema-graph\">{\"@context\":\"https:\/\/schema.org\",\"@graph\":[{\"@type\":\"Article\",\"@id\":\"https:\/\/nuevodigitaldeescobar.com.ar\/?p=15737#article\",\"isPartOf\":{\"@id\":\"https:\/\/nuevodigitaldeescobar.com.ar\/?p=15737\"},\"author\":{\"name\":\"Redacci\u00f3n\",\"@id\":\"https:\/\/nuevodigitaldeescobar.com.ar\/#\/schema\/person\/035e90a8efe9a80e6eec22656ad6ea4c\"},\"headline\":\"Perpetua para Brenda Ag\u00fcero por el asesinato de cinco beb\u00e9s en C\u00f3rdoba: un caso sin precedentes en la historia argentina\",\"datePublished\":\"2025-06-19T04:00:00+00:00\",\"dateModified\":\"2025-06-19T04:28:30+00:00\",\"mainEntityOfPage\":{\"@id\":\"https:\/\/nuevodigitaldeescobar.com.ar\/?p=15737\"},\"wordCount\":614,\"commentCount\":0,\"publisher\":{\"@id\":\"https:\/\/nuevodigitaldeescobar.com.ar\/#organization\"},\"image\":{\"@id\":\"https:\/\/nuevodigitaldeescobar.com.ar\/?p=15737#primaryimage\"},\"thumbnailUrl\":\"https:\/\/nuevodigitaldeescobar.com.ar\/wp-content\/uploads\/2025\/06\/brendaaguero28.png\",\"articleSection\":[\"Judiciales\"],\"inLanguage\":\"es\",\"potentialAction\":[{\"@type\":\"CommentAction\",\"name\":\"Comment\",\"target\":[\"https:\/\/nuevodigitaldeescobar.com.ar\/?p=15737#respond\"]}]},{\"@type\":\"WebPage\",\"@id\":\"https:\/\/nuevodigitaldeescobar.com.ar\/?p=15737\",\"url\":\"https:\/\/nuevodigitaldeescobar.com.ar\/?p=15737\",\"name\":\"Perpetua para Brenda Ag\u00fcero por el asesinato de cinco beb\u00e9s en C\u00f3rdoba: un caso sin precedentes en la historia argentina - Nuevo Digital de Escobar\",\"isPartOf\":{\"@id\":\"https:\/\/nuevodigitaldeescobar.com.ar\/#website\"},\"primaryImageOfPage\":{\"@id\":\"https:\/\/nuevodigitaldeescobar.com.ar\/?p=15737#primaryimage\"},\"image\":{\"@id\":\"https:\/\/nuevodigitaldeescobar.com.ar\/?p=15737#primaryimage\"},\"thumbnailUrl\":\"https:\/\/nuevodigitaldeescobar.com.ar\/wp-content\/uploads\/2025\/06\/brendaaguero28.png\",\"datePublished\":\"2025-06-19T04:00:00+00:00\",\"dateModified\":\"2025-06-19T04:28:30+00:00\",\"breadcrumb\":{\"@id\":\"https:\/\/nuevodigitaldeescobar.com.ar\/?p=15737#breadcrumb\"},\"inLanguage\":\"es\",\"potentialAction\":[{\"@type\":\"ReadAction\",\"target\":[\"https:\/\/nuevodigitaldeescobar.com.ar\/?p=15737\"]}]},{\"@type\":\"ImageObject\",\"inLanguage\":\"es\",\"@id\":\"https:\/\/nuevodigitaldeescobar.com.ar\/?p=15737#primaryimage\",\"url\":\"https:\/\/nuevodigitaldeescobar.com.ar\/wp-content\/uploads\/2025\/06\/brendaaguero28.png\",\"contentUrl\":\"https:\/\/nuevodigitaldeescobar.com.ar\/wp-content\/uploads\/2025\/06\/brendaaguero28.png\",\"width\":1240,\"height\":750},{\"@type\":\"BreadcrumbList\",\"@id\":\"https:\/\/nuevodigitaldeescobar.com.ar\/?p=15737#breadcrumb\",\"itemListElement\":[{\"@type\":\"ListItem\",\"position\":1,\"name\":\"Portada\",\"item\":\"https:\/\/nuevodigitaldeescobar.com.ar\/\"},{\"@type\":\"ListItem\",\"position\":2,\"name\":\"Perpetua para Brenda Ag\u00fcero por el asesinato de cinco beb\u00e9s en C\u00f3rdoba: un caso sin precedentes en la historia argentina\"}]},{\"@type\":\"WebSite\",\"@id\":\"https:\/\/nuevodigitaldeescobar.com.ar\/#website\",\"url\":\"https:\/\/nuevodigitaldeescobar.com.ar\/\",\"name\":\"Nuevo Digital de Escobar\",\"description\":\"La vida escobarense. Directora: Rosana Brunner\",\"publisher\":{\"@id\":\"https:\/\/nuevodigitaldeescobar.com.ar\/#organization\"},\"potentialAction\":[{\"@type\":\"SearchAction\",\"target\":{\"@type\":\"EntryPoint\",\"urlTemplate\":\"https:\/\/nuevodigitaldeescobar.com.ar\/?s={search_term_string}\"},\"query-input\":{\"@type\":\"PropertyValueSpecification\",\"valueRequired\":true,\"valueName\":\"search_term_string\"}}],\"inLanguage\":\"es\"},{\"@type\":\"Organization\",\"@id\":\"https:\/\/nuevodigitaldeescobar.com.ar\/#organization\",\"name\":\"Nuevo Digital de Escobar\",\"url\":\"https:\/\/nuevodigitaldeescobar.com.ar\/\",\"logo\":{\"@type\":\"ImageObject\",\"inLanguage\":\"es\",\"@id\":\"https:\/\/nuevodigitaldeescobar.com.ar\/#\/schema\/logo\/image\/\",\"url\":\"https:\/\/nuevodigitaldeescobar.com.ar\/wp-content\/uploads\/2025\/05\/cropped-logo-nuevo2.jpg\",\"contentUrl\":\"https:\/\/nuevodigitaldeescobar.com.ar\/wp-content\/uploads\/2025\/05\/cropped-logo-nuevo2.jpg\",\"width\":305,\"height\":305,\"caption\":\"Nuevo Digital de Escobar\"},\"image\":{\"@id\":\"https:\/\/nuevodigitaldeescobar.com.ar\/#\/schema\/logo\/image\/\"},\"sameAs\":[\"https:\/\/www.facebook.com\/NUEVODigitalDeEscobar\",\"https:\/\/x.com\/nuevodigescobar\",\"https:\/\/www.instagram.com\/nuevodigitaldeescobar\"]},{\"@type\":\"Person\",\"@id\":\"https:\/\/nuevodigitaldeescobar.com.ar\/#\/schema\/person\/035e90a8efe9a80e6eec22656ad6ea4c\",\"name\":\"Redacci\u00f3n\",\"image\":{\"@type\":\"ImageObject\",\"inLanguage\":\"es\",\"@id\":\"https:\/\/nuevodigitaldeescobar.com.ar\/#\/schema\/person\/image\/\",\"url\":\"https:\/\/secure.gravatar.com\/avatar\/8af8f40000c24e9eef3034f2be5998a372bb1389e64b1a4a36b3a7979142220d?s=96&d=mm&r=g\",\"contentUrl\":\"https:\/\/secure.gravatar.com\/avatar\/8af8f40000c24e9eef3034f2be5998a372bb1389e64b1a4a36b3a7979142220d?s=96&d=mm&r=g\",\"caption\":\"Redacci\u00f3n\"},\"sameAs\":[\"http:\/\/nuevodigitaldeescobar.com.ar\"],\"url\":\"https:\/\/nuevodigitaldeescobar.com.ar\/?author=1\"}]}<\/script>\n<!-- \/ Yoast SEO plugin. -->","yoast_head_json":{"title":"Perpetua para Brenda Ag\u00fcero por el asesinato de cinco beb\u00e9s en C\u00f3rdoba: un caso sin precedentes en la historia argentina - Nuevo Digital de Escobar","robots":{"index":"index","follow":"follow","max-snippet":"max-snippet:-1","max-image-preview":"max-image-preview:large","max-video-preview":"max-video-preview:-1"},"canonical":"https:\/\/nuevodigitaldeescobar.com.ar\/?p=15737","og_locale":"es_ES","og_type":"article","og_title":"Perpetua para Brenda Ag\u00fcero por el asesinato de cinco beb\u00e9s en C\u00f3rdoba: un caso sin precedentes en la historia argentina - Nuevo Digital de Escobar","og_description":"Tras un extenso juicio oral de seis meses y una deliberaci\u00f3n que dur\u00f3 m\u00e1s de diez horas, la Justicia de C\u00f3rdoba dict\u00f3 este mi\u00e9rcoles la [&hellip;]","og_url":"https:\/\/nuevodigitaldeescobar.com.ar\/?p=15737","og_site_name":"Nuevo Digital de Escobar","article_publisher":"https:\/\/www.facebook.com\/NUEVODigitalDeEscobar","article_published_time":"2025-06-19T04:00:00+00:00","article_modified_time":"2025-06-19T04:28:30+00:00","og_image":[{"width":1024,"height":619,"url":"http:\/\/nuevodigitaldeescobar.com.ar\/wp-content\/uploads\/2025\/06\/brendaaguero28-1024x619.png","type":"image\/png"}],"author":"Redacci\u00f3n","twitter_card":"summary_large_image","twitter_creator":"@nuevodigescobar","twitter_site":"@nuevodigescobar","twitter_misc":{"Escrito por":"Redacci\u00f3n","Tiempo de lectura":"3 minutos"},"schema":{"@context":"https:\/\/schema.org","@graph":[{"@type":"Article","@id":"https:\/\/nuevodigitaldeescobar.com.ar\/?p=15737#article","isPartOf":{"@id":"https:\/\/nuevodigitaldeescobar.com.ar\/?p=15737"},"author":{"name":"Redacci\u00f3n","@id":"https:\/\/nuevodigitaldeescobar.com.ar\/#\/schema\/person\/035e90a8efe9a80e6eec22656ad6ea4c"},"headline":"Perpetua para Brenda Ag\u00fcero por el asesinato de cinco beb\u00e9s en C\u00f3rdoba: un caso sin precedentes en la historia argentina","datePublished":"2025-06-19T04:00:00+00:00","dateModified":"2025-06-19T04:28:30+00:00","mainEntityOfPage":{"@id":"https:\/\/nuevodigitaldeescobar.com.ar\/?p=15737"},"wordCount":614,"commentCount":0,"publisher":{"@id":"https:\/\/nuevodigitaldeescobar.com.ar\/#organization"},"image":{"@id":"https:\/\/nuevodigitaldeescobar.com.ar\/?p=15737#primaryimage"},"thumbnailUrl":"https:\/\/nuevodigitaldeescobar.com.ar\/wp-content\/uploads\/2025\/06\/brendaaguero28.png","articleSection":["Judiciales"],"inLanguage":"es","potentialAction":[{"@type":"CommentAction","name":"Comment","target":["https:\/\/nuevodigitaldeescobar.com.ar\/?p=15737#respond"]}]},{"@type":"WebPage","@id":"https:\/\/nuevodigitaldeescobar.com.ar\/?p=15737","url":"https:\/\/nuevodigitaldeescobar.com.ar\/?p=15737","name":"Perpetua para Brenda Ag\u00fcero por el asesinato de cinco beb\u00e9s en C\u00f3rdoba: un caso sin precedentes en la historia argentina - Nuevo Digital de Escobar","isPartOf":{"@id":"https:\/\/nuevodigitaldeescobar.com.ar\/#website"},"primaryImageOfPage":{"@id":"https:\/\/nuevodigitaldeescobar.com.ar\/?p=15737#primaryimage"},"image":{"@id":"https:\/\/nuevodigitaldeescobar.com.ar\/?p=15737#primaryimage"},"thumbnailUrl":"https:\/\/nuevodigitaldeescobar.com.ar\/wp-content\/uploads\/2025\/06\/brendaaguero28.png","datePublished":"2025-06-19T04:00:00+00:00","dateModified":"2025-06-19T04:28:30+00:00","breadcrumb":{"@id":"https:\/\/nuevodigitaldeescobar.com.ar\/?p=15737#breadcrumb"},"inLanguage":"es","potentialAction":[{"@type":"ReadAction","target":["https:\/\/nuevodigitaldeescobar.com.ar\/?p=15737"]}]},{"@type":"ImageObject","inLanguage":"es","@id":"https:\/\/nuevodigitaldeescobar.com.ar\/?p=15737#primaryimage","url":"https:\/\/nuevodigitaldeescobar.com.ar\/wp-content\/uploads\/2025\/06\/brendaaguero28.png","contentUrl":"https:\/\/nuevodigitaldeescobar.com.ar\/wp-content\/uploads\/2025\/06\/brendaaguero28.png","width":1240,"height":750},{"@type":"BreadcrumbList","@id":"https:\/\/nuevodigitaldeescobar.com.ar\/?p=15737#breadcrumb","itemListElement":[{"@type":"ListItem","position":1,"name":"Portada","item":"https:\/\/nuevodigitaldeescobar.com.ar\/"},{"@type":"ListItem","position":2,"name":"Perpetua para Brenda Ag\u00fcero por el asesinato de cinco beb\u00e9s en C\u00f3rdoba: un caso sin precedentes en la historia argentina"}]},{"@type":"WebSite","@id":"https:\/\/nuevodigitaldeescobar.com.ar\/#website","url":"https:\/\/nuevodigitaldeescobar.com.ar\/","name":"Nuevo Digital de Escobar","description":"La vida escobarense. Directora: Rosana Brunner","publisher":{"@id":"https:\/\/nuevodigitaldeescobar.com.ar\/#organization"},"potentialAction":[{"@type":"SearchAction","target":{"@type":"EntryPoint","urlTemplate":"https:\/\/nuevodigitaldeescobar.com.ar\/?s={search_term_string}"},"query-input":{"@type":"PropertyValueSpecification","valueRequired":true,"valueName":"search_term_string"}}],"inLanguage":"es"},{"@type":"Organization","@id":"https:\/\/nuevodigitaldeescobar.com.ar\/#organization","name":"Nuevo Digital de Escobar","url":"https:\/\/nuevodigitaldeescobar.com.ar\/","logo":{"@type":"ImageObject","inLanguage":"es","@id":"https:\/\/nuevodigitaldeescobar.com.ar\/#\/schema\/logo\/image\/","url":"https:\/\/nuevodigitaldeescobar.com.ar\/wp-content\/uploads\/2025\/05\/cropped-logo-nuevo2.jpg","contentUrl":"https:\/\/nuevodigitaldeescobar.com.ar\/wp-content\/uploads\/2025\/05\/cropped-logo-nuevo2.jpg","width":305,"height":305,"caption":"Nuevo Digital de Escobar"},"image":{"@id":"https:\/\/nuevodigitaldeescobar.com.ar\/#\/schema\/logo\/image\/"},"sameAs":["https:\/\/www.facebook.com\/NUEVODigitalDeEscobar","https:\/\/x.com\/nuevodigescobar","https:\/\/www.instagram.com\/nuevodigitaldeescobar"]},{"@type":"Person","@id":"https:\/\/nuevodigitaldeescobar.com.ar\/#\/schema\/person\/035e90a8efe9a80e6eec22656ad6ea4c","name":"Redacci\u00f3n","image":{"@type":"ImageObject","inLanguage":"es","@id":"https:\/\/nuevodigitaldeescobar.com.ar\/#\/schema\/person\/image\/","url":"https:\/\/secure.gravatar.com\/avatar\/8af8f40000c24e9eef3034f2be5998a372bb1389e64b1a4a36b3a7979142220d?s=96&d=mm&r=g","contentUrl":"https:\/\/secure.gravatar.com\/avatar\/8af8f40000c24e9eef3034f2be5998a372bb1389e64b1a4a36b3a7979142220d?s=96&d=mm&r=g","caption":"Redacci\u00f3n"},"sameAs":["http:\/\/nuevodigitaldeescobar.com.ar"],"url":"https:\/\/nuevodigitaldeescobar.com.ar\/?author=1"}]}},"featured_image_urls":{"full":["https:\/\/nuevodigitaldeescobar.com.ar\/wp-content\/uploads\/2025\/06\/brendaaguero28.png",1240,750,false],"thumbnail":["https:\/\/nuevodigitaldeescobar.com.ar\/wp-content\/uploads\/2025\/06\/brendaaguero28-150x150.png",150,150,true],"medium":["https:\/\/nuevodigitaldeescobar.com.ar\/wp-content\/uploads\/2025\/06\/brendaaguero28-300x181.png",300,181,true],"medium_large":["https:\/\/nuevodigitaldeescobar.com.ar\/wp-content\/uploads\/2025\/06\/brendaaguero28-768x465.png",640,388,true],"large":["https:\/\/nuevodigitaldeescobar.com.ar\/wp-content\/uploads\/2025\/06\/brendaaguero28-1024x619.png",640,387,true],"1536x1536":["https:\/\/nuevodigitaldeescobar.com.ar\/wp-content\/uploads\/2025\/06\/brendaaguero28.png",1240,750,false],"2048x2048":["https:\/\/nuevodigitaldeescobar.com.ar\/wp-content\/uploads\/2025\/06\/brendaaguero28.png",1240,750,false]},"author_info":{"display_name":"Redacci\u00f3n","author_link":"https:\/\/nuevodigitaldeescobar.com.ar\/?author=1"},"category_info":"<a href=\"https:\/\/nuevodigitaldeescobar.com.ar\/?cat=235\" rel=\"category\">Judiciales<\/a>","tag_info":"Judiciales","comment_count":"0","_links":{"self":[{"href":"https:\/\/nuevodigitaldeescobar.com.ar\/index.php?rest_route=\/wp\/v2\/posts\/15737","targetHints":{"allow":["GET"]}}],"collection":[{"href":"https:\/\/nuevodigitaldeescobar.com.ar\/index.php?rest_route=\/wp\/v2\/posts"}],"about":[{"href":"https:\/\/nuevodigitaldeescobar.com.ar\/index.php?rest_route=\/wp\/v2\/types\/post"}],"author":[{"embeddable":true,"href":"https:\/\/nuevodigitaldeescobar.com.ar\/index.php?rest_route=\/wp\/v2\/users\/1"}],"replies":[{"embeddable":true,"href":"https:\/\/nuevodigitaldeescobar.com.ar\/index.php?rest_route=%2Fwp%2Fv2%2Fcomments&post=15737"}],"version-history":[{"count":1,"href":"https:\/\/nuevodigitaldeescobar.com.ar\/index.php?rest_route=\/wp\/v2\/posts\/15737\/revisions"}],"predecessor-version":[{"id":15739,"href":"https:\/\/nuevodigitaldeescobar.com.ar\/index.php?rest_route=\/wp\/v2\/posts\/15737\/revisions\/15739"}],"wp:featuredmedia":[{"embeddable":true,"href":"https:\/\/nuevodigitaldeescobar.com.ar\/index.php?rest_route=\/wp\/v2\/media\/15738"}],"wp:attachment":[{"href":"https:\/\/nuevodigitaldeescobar.com.ar\/index.php?rest_route=%2Fwp%2Fv2%2Fmedia&parent=15737"}],"wp:term":[{"taxonomy":"category","embeddable":true,"href":"https:\/\/nuevodigitaldeescobar.com.ar\/index.php?rest_route=%2Fwp%2Fv2%2Fcategories&post=15737"},{"taxonomy":"post_tag","embeddable":true,"href":"https:\/\/nuevodigitaldeescobar.com.ar\/index.php?rest_route=%2Fwp%2Fv2%2Ftags&post=15737"}],"curies":[{"name":"wp","href":"https:\/\/api.w.org\/{rel}","templated":true}]}}