{"id":15775,"date":"2025-06-20T03:04:24","date_gmt":"2025-06-20T06:04:24","guid":{"rendered":"https:\/\/nuevodigitaldeescobar.com.ar\/?p=15775"},"modified":"2025-06-20T03:04:27","modified_gmt":"2025-06-20T06:04:27","slug":"el-ips-firmo-un-convenio-de-pasantias-con-la-utn-para-fortalecer-la-formacion-profesional-de-estudiantes-avanzados","status":"publish","type":"post","link":"https:\/\/nuevodigitaldeescobar.com.ar\/?p=15775","title":{"rendered":"El IPS firm\u00f3 un convenio de pasant\u00edas con la UTN para fortalecer la formaci\u00f3n profesional de estudiantes avanzados"},"content":{"rendered":"\n<p class=\"has-vivid-cyan-blue-color has-text-color has-link-color wp-elements-c3335715450cd98e7480fe24daa9000e\"><em><strong>En un paso significativo hacia la articulaci\u00f3n entre el \u00e1mbito acad\u00e9mico y la gesti\u00f3n p\u00fablica, el Instituto de Previsi\u00f3n Social (IPS) de la provincia de Buenos Aires firm\u00f3 un convenio de pasant\u00edas con la Universidad Tecnol\u00f3gica Nacional (UTN), Facultad Regional La Plata. La firma se realiz\u00f3 esta tarde entre la presidenta del IPS, Marina Moretti, y el decano de la UTN, Ing. Luis Agust\u00edn Ricci.<\/strong><\/em><\/p>\n\n\n\n<!--more-->\n\n\n\n<p>Este acuerdo permitir\u00e1 que estudiantes avanzados de la UTN accedan a pr\u00e1cticas profesionales dentro del organismo previsional bonaerense, aplicando de forma concreta los conocimientos adquiridos durante su formaci\u00f3n. La iniciativa fue impulsada desde la Direcci\u00f3n Provincial de Inform\u00e1tica y Tecnolog\u00edas Previsionales del IPS, como parte de una pol\u00edtica de vinculaci\u00f3n institucional con universidades nacionales y provinciales.<\/p>\n\n\n\n<p>El objetivo del convenio no s\u00f3lo es mejorar procesos internos del organismo, sino tambi\u00e9n generar oportunidades concretas de inserci\u00f3n laboral para j\u00f3venes profesionales. Adem\u00e1s, se busca fortalecer el desarrollo de capacidades t\u00e9cnicas, promover proyectos de innovaci\u00f3n y colaborar en instancias de formaci\u00f3n tecnol\u00f3gica y gesti\u00f3n p\u00fablica.<\/p>\n\n\n\n<p>Las pasant\u00edas permitir\u00e1n a los estudiantes aplicar herramientas inform\u00e1ticas, t\u00e9cnicas de an\u00e1lisis, gesti\u00f3n de datos y otros saberes vinculados a su carrera en diversas \u00e1reas del IPS, al tiempo que se preparan para el ejercicio profesional en contextos reales de trabajo.<\/p>\n\n\n\n<p>La firma del convenio se realiz\u00f3 en presencia de autoridades de ambas instituciones: adem\u00e1s de Moretti y Ricci, estuvieron presentes el Director Provincial de Inform\u00e1tica y Tecnolog\u00edas Previsionales del IPS, Lic. Sebasti\u00e1n Baillieau; el Secretario de Asuntos Universitarios de la UTN, Gabriel Cervan Lacunza, y el Secretario de Tecnolog\u00eda de la Informaci\u00f3n, Ing. Guillermo G\u00f3mez.<\/p>\n\n\n\n<p>Con este paso, el IPS refuerza su compromiso con la formaci\u00f3n de profesionales comprometidos y capacitados, y afianza su rol como organismo abierto a la innovaci\u00f3n, la colaboraci\u00f3n institucional y la mejora continua en la administraci\u00f3n p\u00fablica.<\/p>\n","protected":false},"excerpt":{"rendered":"<p>En un paso significativo hacia la articulaci\u00f3n entre el \u00e1mbito acad\u00e9mico y la gesti\u00f3n p\u00fablica, el Instituto de Previsi\u00f3n Social (IPS) de la provincia de [&hellip;]<\/p>\n","protected":false},"author":1,"featured_media":15776,"comment_status":"open","ping_status":"open","sticky":false,"template":"","format":"standard","meta":{"footnotes":""},"categories":[15],"tags":[],"class_list":["post-15775","post","type-post","status-publish","format-standard","has-post-thumbnail","hentry","category-sociedad"],"better_featured_image":{"id":15776,"alt_text":"","caption":"","description":"","media_type":"image","media_details":{"width":900,"height":600,"file":"2025\/06\/IPS-UTN-900x600-5.jpg","filesize":448023,"sizes":{"medium":{"file":"IPS-UTN-900x600-5-300x200.jpg","width":300,"height":200,"mime-type":"image\/jpeg","filesize":96675,"source_url":"https:\/\/nuevodigitaldeescobar.com.ar\/wp-content\/uploads\/2025\/06\/IPS-UTN-900x600-5-300x200.jpg"},"thumbnail":{"file":"IPS-UTN-900x600-5-150x150.jpg","width":150,"height":150,"mime-type":"image\/jpeg","filesize":87173,"source_url":"https:\/\/nuevodigitaldeescobar.com.ar\/wp-content\/uploads\/2025\/06\/IPS-UTN-900x600-5-150x150.jpg"},"medium_large":{"file":"IPS-UTN-900x600-5-768x512.jpg","width":768,"height":512,"mime-type":"image\/jpeg","filesize":151614,"source_url":"https:\/\/nuevodigitaldeescobar.com.ar\/wp-content\/uploads\/2025\/06\/IPS-UTN-900x600-5-768x512.jpg"}},"image_meta":{"aperture":"2.8","credit":"federico dell oro","camera":"ILCE-7M4","caption":"","created_timestamp":"1750356990","copyright":"","focal_length":"33.7","iso":"1250","shutter_speed":"0.005","title":"","orientation":"0","keywords":[]}},"post":15775,"source_url":"https:\/\/nuevodigitaldeescobar.com.ar\/wp-content\/uploads\/2025\/06\/IPS-UTN-900x600-5.jpg"},"yoast_head":"<!-- This site is optimized with the Yoast SEO plugin v26.1.1 - https:\/\/yoast.com\/wordpress\/plugins\/seo\/ -->\n<title>El IPS firm\u00f3 un convenio de pasant\u00edas con la UTN para fortalecer la formaci\u00f3n profesional de estudiantes avanzados - Nuevo Digital de Escobar<\/title>\n<meta name=\"robots\" content=\"index, follow, max-snippet:-1, max-image-preview:large, max-video-preview:-1\" \/>\n<link rel=\"canonical\" href=\"https:\/\/nuevodigitaldeescobar.com.ar\/?p=15775\" \/>\n<meta property=\"og:locale\" content=\"es_ES\" \/>\n<meta property=\"og:type\" content=\"article\" \/>\n<meta property=\"og:title\" content=\"El IPS firm\u00f3 un convenio de pasant\u00edas con la UTN para fortalecer la formaci\u00f3n profesional de estudiantes avanzados - Nuevo Digital de Escobar\" \/>\n<meta property=\"og:description\" content=\"En un paso significativo hacia la articulaci\u00f3n entre el \u00e1mbito acad\u00e9mico y la gesti\u00f3n p\u00fablica, el Instituto de Previsi\u00f3n Social (IPS) de la provincia de [&hellip;]\" \/>\n<meta property=\"og:url\" content=\"https:\/\/nuevodigitaldeescobar.com.ar\/?p=15775\" \/>\n<meta property=\"og:site_name\" content=\"Nuevo Digital de Escobar\" \/>\n<meta property=\"article:publisher\" content=\"https:\/\/www.facebook.com\/NUEVODigitalDeEscobar\" \/>\n<meta property=\"article:published_time\" content=\"2025-06-20T06:04:24+00:00\" \/>\n<meta property=\"article:modified_time\" content=\"2025-06-20T06:04:27+00:00\" \/>\n<meta property=\"og:image\" content=\"http:\/\/nuevodigitaldeescobar.com.ar\/wp-content\/uploads\/2025\/06\/IPS-UTN-900x600-5.jpg\" \/>\n\t<meta property=\"og:image:width\" content=\"900\" \/>\n\t<meta property=\"og:image:height\" content=\"600\" \/>\n\t<meta property=\"og:image:type\" content=\"image\/jpeg\" \/>\n<meta name=\"author\" content=\"Redacci\u00f3n\" \/>\n<meta name=\"twitter:card\" content=\"summary_large_image\" \/>\n<meta name=\"twitter:creator\" content=\"@nuevodigescobar\" \/>\n<meta name=\"twitter:site\" content=\"@nuevodigescobar\" \/>\n<meta name=\"twitter:label1\" content=\"Escrito por\" \/>\n\t<meta name=\"twitter:data1\" content=\"Redacci\u00f3n\" \/>\n\t<meta name=\"twitter:label2\" content=\"Tiempo de lectura\" \/>\n\t<meta name=\"twitter:data2\" content=\"2 minutos\" \/>\n<script type=\"application\/ld+json\" class=\"yoast-schema-graph\">{\"@context\":\"https:\/\/schema.org\",\"@graph\":[{\"@type\":\"Article\",\"@id\":\"https:\/\/nuevodigitaldeescobar.com.ar\/?p=15775#article\",\"isPartOf\":{\"@id\":\"https:\/\/nuevodigitaldeescobar.com.ar\/?p=15775\"},\"author\":{\"name\":\"Redacci\u00f3n\",\"@id\":\"https:\/\/nuevodigitaldeescobar.com.ar\/#\/schema\/person\/035e90a8efe9a80e6eec22656ad6ea4c\"},\"headline\":\"El IPS firm\u00f3 un convenio de pasant\u00edas con la UTN para fortalecer la formaci\u00f3n profesional de estudiantes avanzados\",\"datePublished\":\"2025-06-20T06:04:24+00:00\",\"dateModified\":\"2025-06-20T06:04:27+00:00\",\"mainEntityOfPage\":{\"@id\":\"https:\/\/nuevodigitaldeescobar.com.ar\/?p=15775\"},\"wordCount\":364,\"commentCount\":0,\"publisher\":{\"@id\":\"https:\/\/nuevodigitaldeescobar.com.ar\/#organization\"},\"image\":{\"@id\":\"https:\/\/nuevodigitaldeescobar.com.ar\/?p=15775#primaryimage\"},\"thumbnailUrl\":\"https:\/\/nuevodigitaldeescobar.com.ar\/wp-content\/uploads\/2025\/06\/IPS-UTN-900x600-5.jpg\",\"articleSection\":[\"Sociedad\"],\"inLanguage\":\"es\",\"potentialAction\":[{\"@type\":\"CommentAction\",\"name\":\"Comment\",\"target\":[\"https:\/\/nuevodigitaldeescobar.com.ar\/?p=15775#respond\"]}]},{\"@type\":\"WebPage\",\"@id\":\"https:\/\/nuevodigitaldeescobar.com.ar\/?p=15775\",\"url\":\"https:\/\/nuevodigitaldeescobar.com.ar\/?p=15775\",\"name\":\"El IPS firm\u00f3 un convenio de pasant\u00edas con la UTN para fortalecer la formaci\u00f3n profesional de estudiantes avanzados - Nuevo Digital de Escobar\",\"isPartOf\":{\"@id\":\"https:\/\/nuevodigitaldeescobar.com.ar\/#website\"},\"primaryImageOfPage\":{\"@id\":\"https:\/\/nuevodigitaldeescobar.com.ar\/?p=15775#primaryimage\"},\"image\":{\"@id\":\"https:\/\/nuevodigitaldeescobar.com.ar\/?p=15775#primaryimage\"},\"thumbnailUrl\":\"https:\/\/nuevodigitaldeescobar.com.ar\/wp-content\/uploads\/2025\/06\/IPS-UTN-900x600-5.jpg\",\"datePublished\":\"2025-06-20T06:04:24+00:00\",\"dateModified\":\"2025-06-20T06:04:27+00:00\",\"breadcrumb\":{\"@id\":\"https:\/\/nuevodigitaldeescobar.com.ar\/?p=15775#breadcrumb\"},\"inLanguage\":\"es\",\"potentialAction\":[{\"@type\":\"ReadAction\",\"target\":[\"https:\/\/nuevodigitaldeescobar.com.ar\/?p=15775\"]}]},{\"@type\":\"ImageObject\",\"inLanguage\":\"es\",\"@id\":\"https:\/\/nuevodigitaldeescobar.com.ar\/?p=15775#primaryimage\",\"url\":\"https:\/\/nuevodigitaldeescobar.com.ar\/wp-content\/uploads\/2025\/06\/IPS-UTN-900x600-5.jpg\",\"contentUrl\":\"https:\/\/nuevodigitaldeescobar.com.ar\/wp-content\/uploads\/2025\/06\/IPS-UTN-900x600-5.jpg\",\"width\":900,\"height\":600},{\"@type\":\"BreadcrumbList\",\"@id\":\"https:\/\/nuevodigitaldeescobar.com.ar\/?p=15775#breadcrumb\",\"itemListElement\":[{\"@type\":\"ListItem\",\"position\":1,\"name\":\"Portada\",\"item\":\"https:\/\/nuevodigitaldeescobar.com.ar\/\"},{\"@type\":\"ListItem\",\"position\":2,\"name\":\"El IPS firm\u00f3 un convenio de pasant\u00edas con la UTN para fortalecer la formaci\u00f3n profesional de estudiantes avanzados\"}]},{\"@type\":\"WebSite\",\"@id\":\"https:\/\/nuevodigitaldeescobar.com.ar\/#website\",\"url\":\"https:\/\/nuevodigitaldeescobar.com.ar\/\",\"name\":\"Nuevo Digital de Escobar\",\"description\":\"La vida escobarense. Directora: Rosana Brunner\",\"publisher\":{\"@id\":\"https:\/\/nuevodigitaldeescobar.com.ar\/#organization\"},\"potentialAction\":[{\"@type\":\"SearchAction\",\"target\":{\"@type\":\"EntryPoint\",\"urlTemplate\":\"https:\/\/nuevodigitaldeescobar.com.ar\/?s={search_term_string}\"},\"query-input\":{\"@type\":\"PropertyValueSpecification\",\"valueRequired\":true,\"valueName\":\"search_term_string\"}}],\"inLanguage\":\"es\"},{\"@type\":\"Organization\",\"@id\":\"https:\/\/nuevodigitaldeescobar.com.ar\/#organization\",\"name\":\"Nuevo Digital de Escobar\",\"url\":\"https:\/\/nuevodigitaldeescobar.com.ar\/\",\"logo\":{\"@type\":\"ImageObject\",\"inLanguage\":\"es\",\"@id\":\"https:\/\/nuevodigitaldeescobar.com.ar\/#\/schema\/logo\/image\/\",\"url\":\"https:\/\/nuevodigitaldeescobar.com.ar\/wp-content\/uploads\/2025\/05\/cropped-logo-nuevo2.jpg\",\"contentUrl\":\"https:\/\/nuevodigitaldeescobar.com.ar\/wp-content\/uploads\/2025\/05\/cropped-logo-nuevo2.jpg\",\"width\":305,\"height\":305,\"caption\":\"Nuevo Digital de Escobar\"},\"image\":{\"@id\":\"https:\/\/nuevodigitaldeescobar.com.ar\/#\/schema\/logo\/image\/\"},\"sameAs\":[\"https:\/\/www.facebook.com\/NUEVODigitalDeEscobar\",\"https:\/\/x.com\/nuevodigescobar\",\"https:\/\/www.instagram.com\/nuevodigitaldeescobar\"]},{\"@type\":\"Person\",\"@id\":\"https:\/\/nuevodigitaldeescobar.com.ar\/#\/schema\/person\/035e90a8efe9a80e6eec22656ad6ea4c\",\"name\":\"Redacci\u00f3n\",\"image\":{\"@type\":\"ImageObject\",\"inLanguage\":\"es\",\"@id\":\"https:\/\/nuevodigitaldeescobar.com.ar\/#\/schema\/person\/image\/\",\"url\":\"https:\/\/secure.gravatar.com\/avatar\/8af8f40000c24e9eef3034f2be5998a372bb1389e64b1a4a36b3a7979142220d?s=96&d=mm&r=g\",\"contentUrl\":\"https:\/\/secure.gravatar.com\/avatar\/8af8f40000c24e9eef3034f2be5998a372bb1389e64b1a4a36b3a7979142220d?s=96&d=mm&r=g\",\"caption\":\"Redacci\u00f3n\"},\"sameAs\":[\"http:\/\/nuevodigitaldeescobar.com.ar\"],\"url\":\"https:\/\/nuevodigitaldeescobar.com.ar\/?author=1\"}]}<\/script>\n<!-- \/ Yoast SEO plugin. -->","yoast_head_json":{"title":"El IPS firm\u00f3 un convenio de pasant\u00edas con la UTN para fortalecer la formaci\u00f3n profesional de estudiantes avanzados - Nuevo Digital de Escobar","robots":{"index":"index","follow":"follow","max-snippet":"max-snippet:-1","max-image-preview":"max-image-preview:large","max-video-preview":"max-video-preview:-1"},"canonical":"https:\/\/nuevodigitaldeescobar.com.ar\/?p=15775","og_locale":"es_ES","og_type":"article","og_title":"El IPS firm\u00f3 un convenio de pasant\u00edas con la UTN para fortalecer la formaci\u00f3n profesional de estudiantes avanzados - Nuevo Digital de Escobar","og_description":"En un paso significativo hacia la articulaci\u00f3n entre el \u00e1mbito acad\u00e9mico y la gesti\u00f3n p\u00fablica, el Instituto de Previsi\u00f3n Social (IPS) de la provincia de [&hellip;]","og_url":"https:\/\/nuevodigitaldeescobar.com.ar\/?p=15775","og_site_name":"Nuevo Digital de Escobar","article_publisher":"https:\/\/www.facebook.com\/NUEVODigitalDeEscobar","article_published_time":"2025-06-20T06:04:24+00:00","article_modified_time":"2025-06-20T06:04:27+00:00","og_image":[{"width":900,"height":600,"url":"http:\/\/nuevodigitaldeescobar.com.ar\/wp-content\/uploads\/2025\/06\/IPS-UTN-900x600-5.jpg","type":"image\/jpeg"}],"author":"Redacci\u00f3n","twitter_card":"summary_large_image","twitter_creator":"@nuevodigescobar","twitter_site":"@nuevodigescobar","twitter_misc":{"Escrito por":"Redacci\u00f3n","Tiempo de lectura":"2 minutos"},"schema":{"@context":"https:\/\/schema.org","@graph":[{"@type":"Article","@id":"https:\/\/nuevodigitaldeescobar.com.ar\/?p=15775#article","isPartOf":{"@id":"https:\/\/nuevodigitaldeescobar.com.ar\/?p=15775"},"author":{"name":"Redacci\u00f3n","@id":"https:\/\/nuevodigitaldeescobar.com.ar\/#\/schema\/person\/035e90a8efe9a80e6eec22656ad6ea4c"},"headline":"El IPS firm\u00f3 un convenio de pasant\u00edas con la UTN para fortalecer la formaci\u00f3n profesional de estudiantes avanzados","datePublished":"2025-06-20T06:04:24+00:00","dateModified":"2025-06-20T06:04:27+00:00","mainEntityOfPage":{"@id":"https:\/\/nuevodigitaldeescobar.com.ar\/?p=15775"},"wordCount":364,"commentCount":0,"publisher":{"@id":"https:\/\/nuevodigitaldeescobar.com.ar\/#organization"},"image":{"@id":"https:\/\/nuevodigitaldeescobar.com.ar\/?p=15775#primaryimage"},"thumbnailUrl":"https:\/\/nuevodigitaldeescobar.com.ar\/wp-content\/uploads\/2025\/06\/IPS-UTN-900x600-5.jpg","articleSection":["Sociedad"],"inLanguage":"es","potentialAction":[{"@type":"CommentAction","name":"Comment","target":["https:\/\/nuevodigitaldeescobar.com.ar\/?p=15775#respond"]}]},{"@type":"WebPage","@id":"https:\/\/nuevodigitaldeescobar.com.ar\/?p=15775","url":"https:\/\/nuevodigitaldeescobar.com.ar\/?p=15775","name":"El IPS firm\u00f3 un convenio de pasant\u00edas con la UTN para fortalecer la formaci\u00f3n profesional de estudiantes avanzados - Nuevo Digital de Escobar","isPartOf":{"@id":"https:\/\/nuevodigitaldeescobar.com.ar\/#website"},"primaryImageOfPage":{"@id":"https:\/\/nuevodigitaldeescobar.com.ar\/?p=15775#primaryimage"},"image":{"@id":"https:\/\/nuevodigitaldeescobar.com.ar\/?p=15775#primaryimage"},"thumbnailUrl":"https:\/\/nuevodigitaldeescobar.com.ar\/wp-content\/uploads\/2025\/06\/IPS-UTN-900x600-5.jpg","datePublished":"2025-06-20T06:04:24+00:00","dateModified":"2025-06-20T06:04:27+00:00","breadcrumb":{"@id":"https:\/\/nuevodigitaldeescobar.com.ar\/?p=15775#breadcrumb"},"inLanguage":"es","potentialAction":[{"@type":"ReadAction","target":["https:\/\/nuevodigitaldeescobar.com.ar\/?p=15775"]}]},{"@type":"ImageObject","inLanguage":"es","@id":"https:\/\/nuevodigitaldeescobar.com.ar\/?p=15775#primaryimage","url":"https:\/\/nuevodigitaldeescobar.com.ar\/wp-content\/uploads\/2025\/06\/IPS-UTN-900x600-5.jpg","contentUrl":"https:\/\/nuevodigitaldeescobar.com.ar\/wp-content\/uploads\/2025\/06\/IPS-UTN-900x600-5.jpg","width":900,"height":600},{"@type":"BreadcrumbList","@id":"https:\/\/nuevodigitaldeescobar.com.ar\/?p=15775#breadcrumb","itemListElement":[{"@type":"ListItem","position":1,"name":"Portada","item":"https:\/\/nuevodigitaldeescobar.com.ar\/"},{"@type":"ListItem","position":2,"name":"El IPS firm\u00f3 un convenio de pasant\u00edas con la UTN para fortalecer la formaci\u00f3n profesional de estudiantes avanzados"}]},{"@type":"WebSite","@id":"https:\/\/nuevodigitaldeescobar.com.ar\/#website","url":"https:\/\/nuevodigitaldeescobar.com.ar\/","name":"Nuevo Digital de Escobar","description":"La vida escobarense. Directora: Rosana Brunner","publisher":{"@id":"https:\/\/nuevodigitaldeescobar.com.ar\/#organization"},"potentialAction":[{"@type":"SearchAction","target":{"@type":"EntryPoint","urlTemplate":"https:\/\/nuevodigitaldeescobar.com.ar\/?s={search_term_string}"},"query-input":{"@type":"PropertyValueSpecification","valueRequired":true,"valueName":"search_term_string"}}],"inLanguage":"es"},{"@type":"Organization","@id":"https:\/\/nuevodigitaldeescobar.com.ar\/#organization","name":"Nuevo Digital de Escobar","url":"https:\/\/nuevodigitaldeescobar.com.ar\/","logo":{"@type":"ImageObject","inLanguage":"es","@id":"https:\/\/nuevodigitaldeescobar.com.ar\/#\/schema\/logo\/image\/","url":"https:\/\/nuevodigitaldeescobar.com.ar\/wp-content\/uploads\/2025\/05\/cropped-logo-nuevo2.jpg","contentUrl":"https:\/\/nuevodigitaldeescobar.com.ar\/wp-content\/uploads\/2025\/05\/cropped-logo-nuevo2.jpg","width":305,"height":305,"caption":"Nuevo Digital de Escobar"},"image":{"@id":"https:\/\/nuevodigitaldeescobar.com.ar\/#\/schema\/logo\/image\/"},"sameAs":["https:\/\/www.facebook.com\/NUEVODigitalDeEscobar","https:\/\/x.com\/nuevodigescobar","https:\/\/www.instagram.com\/nuevodigitaldeescobar"]},{"@type":"Person","@id":"https:\/\/nuevodigitaldeescobar.com.ar\/#\/schema\/person\/035e90a8efe9a80e6eec22656ad6ea4c","name":"Redacci\u00f3n","image":{"@type":"ImageObject","inLanguage":"es","@id":"https:\/\/nuevodigitaldeescobar.com.ar\/#\/schema\/person\/image\/","url":"https:\/\/secure.gravatar.com\/avatar\/8af8f40000c24e9eef3034f2be5998a372bb1389e64b1a4a36b3a7979142220d?s=96&d=mm&r=g","contentUrl":"https:\/\/secure.gravatar.com\/avatar\/8af8f40000c24e9eef3034f2be5998a372bb1389e64b1a4a36b3a7979142220d?s=96&d=mm&r=g","caption":"Redacci\u00f3n"},"sameAs":["http:\/\/nuevodigitaldeescobar.com.ar"],"url":"https:\/\/nuevodigitaldeescobar.com.ar\/?author=1"}]}},"featured_image_urls":{"full":["https:\/\/nuevodigitaldeescobar.com.ar\/wp-content\/uploads\/2025\/06\/IPS-UTN-900x600-5.jpg",900,600,false],"thumbnail":["https:\/\/nuevodigitaldeescobar.com.ar\/wp-content\/uploads\/2025\/06\/IPS-UTN-900x600-5-150x150.jpg",150,150,true],"medium":["https:\/\/nuevodigitaldeescobar.com.ar\/wp-content\/uploads\/2025\/06\/IPS-UTN-900x600-5-300x200.jpg",300,200,true],"medium_large":["https:\/\/nuevodigitaldeescobar.com.ar\/wp-content\/uploads\/2025\/06\/IPS-UTN-900x600-5-768x512.jpg",640,427,true],"large":["https:\/\/nuevodigitaldeescobar.com.ar\/wp-content\/uploads\/2025\/06\/IPS-UTN-900x600-5.jpg",640,427,false],"1536x1536":["https:\/\/nuevodigitaldeescobar.com.ar\/wp-content\/uploads\/2025\/06\/IPS-UTN-900x600-5.jpg",900,600,false],"2048x2048":["https:\/\/nuevodigitaldeescobar.com.ar\/wp-content\/uploads\/2025\/06\/IPS-UTN-900x600-5.jpg",900,600,false]},"author_info":{"display_name":"Redacci\u00f3n","author_link":"https:\/\/nuevodigitaldeescobar.com.ar\/?author=1"},"category_info":"<a href=\"https:\/\/nuevodigitaldeescobar.com.ar\/?cat=15\" rel=\"category\">Sociedad<\/a>","tag_info":"Sociedad","comment_count":"0","_links":{"self":[{"href":"https:\/\/nuevodigitaldeescobar.com.ar\/index.php?rest_route=\/wp\/v2\/posts\/15775","targetHints":{"allow":["GET"]}}],"collection":[{"href":"https:\/\/nuevodigitaldeescobar.com.ar\/index.php?rest_route=\/wp\/v2\/posts"}],"about":[{"href":"https:\/\/nuevodigitaldeescobar.com.ar\/index.php?rest_route=\/wp\/v2\/types\/post"}],"author":[{"embeddable":true,"href":"https:\/\/nuevodigitaldeescobar.com.ar\/index.php?rest_route=\/wp\/v2\/users\/1"}],"replies":[{"embeddable":true,"href":"https:\/\/nuevodigitaldeescobar.com.ar\/index.php?rest_route=%2Fwp%2Fv2%2Fcomments&post=15775"}],"version-history":[{"count":1,"href":"https:\/\/nuevodigitaldeescobar.com.ar\/index.php?rest_route=\/wp\/v2\/posts\/15775\/revisions"}],"predecessor-version":[{"id":15777,"href":"https:\/\/nuevodigitaldeescobar.com.ar\/index.php?rest_route=\/wp\/v2\/posts\/15775\/revisions\/15777"}],"wp:featuredmedia":[{"embeddable":true,"href":"https:\/\/nuevodigitaldeescobar.com.ar\/index.php?rest_route=\/wp\/v2\/media\/15776"}],"wp:attachment":[{"href":"https:\/\/nuevodigitaldeescobar.com.ar\/index.php?rest_route=%2Fwp%2Fv2%2Fmedia&parent=15775"}],"wp:term":[{"taxonomy":"category","embeddable":true,"href":"https:\/\/nuevodigitaldeescobar.com.ar\/index.php?rest_route=%2Fwp%2Fv2%2Fcategories&post=15775"},{"taxonomy":"post_tag","embeddable":true,"href":"https:\/\/nuevodigitaldeescobar.com.ar\/index.php?rest_route=%2Fwp%2Fv2%2Ftags&post=15775"}],"curies":[{"name":"wp","href":"https:\/\/api.w.org\/{rel}","templated":true}]}}