{"id":15808,"date":"2025-06-21T01:20:24","date_gmt":"2025-06-21T04:20:24","guid":{"rendered":"https:\/\/nuevodigitaldeescobar.com.ar\/?p=15808"},"modified":"2025-06-21T01:20:24","modified_gmt":"2025-06-21T04:20:24","slug":"tenis-cordoba-sera-sede-de-billie-jean-king-cup-entre-argentina-suiza-y-eslovaquia","status":"publish","type":"post","link":"https:\/\/nuevodigitaldeescobar.com.ar\/?p=15808","title":{"rendered":"Tenis: C\u00f3rdoba ser\u00e1 sede de Billie Jean King Cup entre Argentina, Suiza y Eslovaquia"},"content":{"rendered":"<p>C\u00f3rdoba ser\u00e1 una de las sedes de un torneo internacional de tenis femenino de alto nivel.<\/p>\n<p>Se trata de los <strong>Playoffs de la Billie Jean King Cup 2025<\/strong>, que se disputar\u00e1 durante el mes de noviembre de este a\u00f1o.\u00a0<\/p>\n<div class=\"inter_image image_horizontal\">\n<img decoding=\"async\" src=\"https:\/\/derechadiario.com.ar\/filesedc\/uploads\/image\/post\/2025\/06\/whatsapp-image-2025-06-19-at-121532_1200_800.webp\" class=\"img-responsive lazyload\" alt=\"Vista a\u00e9rea de canchas de tenis de polvo de ladrillo rodeadas de \u00e1rboles y \u00e1reas verdes con una ciudad de fondo\" title=\"Vista a\u00e9rea de canchas de tenis de polvo de ladrillo rodeadas de \u00e1rboles y \u00e1reas verdes con una ciudad de fondo\" \/>\n<div>\n<span class=\"img_footer\">C\u00f3rdoba ser\u00e1 sede de la Billie Jean King Cup 2025. <\/span>| <span class=\"img_author\">La Derecha Diario<\/span>\n<\/div>\n<\/div>\n<p>En detalle, <strong>la capital cordobesa fue seleccionada por la Federaci\u00f3n Internacional de Tenis (ITF)<\/strong> como una de las siete sedes globales que albergar\u00e1n los Playoffs del prestigioso torneo, luego de una postulaci\u00f3n realizada por la <strong>Asociaci\u00f3n Argentina de Tenis (AAT)<\/strong>\u00a0 para recibir esta instancia de la que participar\u00e1n 21 naciones de todo el mundo.<br \/>\u00a0<br \/>As\u00ed lo anunci\u00f3 la ITF, luego de realizar el sorteo de las siete zonas de juego en sus oficinas de Londres.\u00a0<\/p>\n<p><strong>El equipo de Mercedes Paz integrar\u00e1 el Grupo C junto con Eslovaquia y Suiza<\/strong>.<\/p>\n<p>Las series se disputar\u00e1n los pr\u00f3ximos 14, 15 y 16 de noviembre en el C\u00f3rdoba Lawn Tenis Club de la capital provincial, a tres puntos (dos singles y un dobles).<\/p>\n<aside class=\"are-you-interested-container-photo\"><\/aside>\n<figure><img decoding=\"async\" src=\"https:\/\/derechadiario.com.ar\/filesedc\/uploads\/image\/post\/2025\/06\/whatsapp-image-2025-06-19-at-121501_1200_800.webp\" class=\"img-responsive lazyload\" alt=\"Afiche promocional de la Billie Jean King Cup en C\u00f3rdoba con los equipos de Argentina, Eslovaquia y Suiza, fechas 14, 15 y 16 de noviembre en el C\u00f3rdoba Lawn Tennis Club\" title=\"Afiche promocional de la Billie Jean King Cup en C\u00f3rdoba con los equipos de Argentina, Eslovaquia y Suiza, fechas 14, 15 y 16 de noviembre en el C\u00f3rdoba Lawn Tennis Club\" \/><\/figure>\n<p>En los pr\u00f3ximos meses se definir\u00e1n los medios y precios para acceder al evento deportivo.<br \/>\u00a0<br \/>De esta manera, el mejor tenis femenino internacional regresa al pa\u00eds de la mano de la competencia por equipos m\u00e1s importante del deporte y con un renovado formato.\u00a0<\/p>\n<h2>C\u00f3mo se juega la\u00a0Billie Jean King Cup 2025<\/h2>\n<p>Los ganadores de las siete zonas avanzar\u00e1n a los \u00a0<strong>Qualifiers 2026, etapa previa al Final 8 de la competencia<\/strong>.<\/p>\n<p>Los 14 equipos restantes competir\u00e1n en los eventos del Grupo Regional I de la pr\u00f3xima temporada.<\/p>\n<p>El <strong>presidente de la Agencia C\u00f3rdoba Deportes, Agust\u00edn Calleri<\/strong>, destac\u00f3 la importancia de contar con este gran evento deportivo en C\u00f3rdoba.<\/p>\n<p>\u201cEstamos muy contentos de poder recibir en nuestra provincia a esta competencia de primer nivel para el tenis femenino. C\u00f3rdoba es una provincia que est\u00e1 preparada para recibir competencias internacionales del m\u00e1ximo nivel, que permiten que se mueva toda la maquinaria de la econom\u00eda naranja\u201d, dijo.<br \/>\u00a0<br \/>La \u00a0<strong>capitana de Las Guerreras, Mercedes Paz<\/strong>, tambi\u00e9n celebr\u00f3 el anuncio.<\/p>\n<p>\u201cTal como dijimos despu\u00e9s de sellar la clasificaci\u00f3n en Guadalajara, este a\u00f1o vamos por el objetivo de avanzar a la instancia de la que tan cerca estuvimos en los \u00faltimos a\u00f1os. Tendremos dos rivales dur\u00edsimos, pero tambi\u00e9n contamos con un equipo muy s\u00f3lido y con la incomparable energ\u00eda de jugar en casa. Y algo m\u00e1s: el calendario esta vez juega a nuestro favor, porque los Play-offs coincidir\u00e1n con la gira sudamericana, as\u00ed que esperamos presentar el mejor equipo posible\u201d, sostuvo.<\/p>\n<h2>Tenis femenino internacional en C\u00f3rdoba\u00a0<\/h2>\n<p><strong>C\u00f3rdoba recibi\u00f3 por primera vez a la BJKC en 2021<\/strong>, en una serie disputada en el mismo club y marcada por las restricciones impuestas por el Covid-19.<\/p>\n<p>Tras aquel primer intento, Argentina tuvo otras cuatro chances fallidas en su b\u00fasqueda por alcanzar los Qualifiers.\u00a0<\/p>\n<p><strong>En 2022 cay\u00f3 ante Brasil como local, en 2023 frente a Eslovaquia de visitante<\/strong>, y en 2024 nuevamente frente a Brasil, esta vez fuera de casa.<\/p>\n<p>En abril de este a\u00f1o, finaliz\u00f3 en la segunda posici\u00f3n del Grupo Am\u00e9ricas I para meterse una vez m\u00e1s en los Play-offs.<\/p>\n<p>La elecci\u00f3n de C\u00f3rdoba como sede refuerza el trabajo que la provincia viene realizando para posicionarse como sede de Grandes Eventos.<\/p>\n<p><strong>La BJKC se suma a los realizados este a\u00f1o, como el mundial de Motocross, la vuelta del TC al Cabal\u00e9n, los desaf\u00edos como el R\u00edo Pinto, vuelta Altas Cumbres<\/strong>, partidos internacionales y los grandes recitales que se realizaron en el Kempes, entre otros.<\/p>\n<aside class=\"whatsappChannelText\"><a href=\"https:\/\/whatsapp.com\/channel\/0029VagEjILGE56eKjedWF2U\" rel=\"nofollow\" title=\"WhatsApp Link\"><img alt=\"Logo de WhatsApp\" class=\"lazyload\" data-src=\"\/filesedc\/uploads\/other\/whatsapp_icon_mid_article.png\" width=\"32\" height=\"32\" \/><\/a> <a href=\"https:\/\/whatsapp.com\/channel\/0029VagEjILGE56eKjedWF2U\" rel=\"nofollow\" title=\"WhatsApp Link\"><strong>NO SE PIERDAN NINGUNA NOTICIA<\/strong>: Click aqu\u00ed para sumarte <strong>GRATIS<\/strong> al canal de noticias de <strong>La Derecha Diario en WhatsApp.<\/strong><\/a><\/aside>\n<h2>Qu\u00e9 es la Billie Jean King Cup de tenis<\/h2>\n<p>Conocida como <strong>Copa Federaci\u00f3n (1963-1995) y Fed Cup (1995-2020)<\/strong>, la BJK Cup naci\u00f3 en 1963 para celebrar el 50\u00b0 aniversario de la Federaci\u00f3n Internacional de Tenis (ITF).\u00a0<\/p>\n<p>Es la competencia internacional por equipos m\u00e1s grande del deporte femenino. Fue rebautizada con el objetivo de \u201calinearse con un \u00edcono global que se ha dedicado a luchar contra la injusticia, la desigualdad y la discriminaci\u00f3n en todas sus formas\u201d.<\/p>","protected":false},"excerpt":{"rendered":"<p>C\u00f3rdoba ser\u00e1 una de las sedes de un torneo internacional de tenis femenino de alto nivel. Se trata de los Playoffs de la Billie Jean [&hellip;]<\/p>\n","protected":false},"author":1,"featured_media":15809,"comment_status":"open","ping_status":"open","sticky":false,"template":"","format":"standard","meta":{"footnotes":""},"categories":[8],"tags":[],"class_list":["post-15808","post","type-post","status-publish","format-standard","has-post-thumbnail","hentry","category-deportes"],"better_featured_image":{"id":15809,"alt_text":"","caption":"","description":"","media_type":"image","media_details":{"width":1600,"height":1067,"file":"2025\/06\/whatsapp-image-2025-06-19-at-121542_1600_1067-qZhGOD.jpg","filesize":195586,"sizes":{"medium":{"file":"whatsapp-image-2025-06-19-at-121542_1600_1067-qZhGOD-300x200.jpg","width":300,"height":200,"mime-type":"image\/jpeg","filesize":22187,"source_url":"https:\/\/nuevodigitaldeescobar.com.ar\/wp-content\/uploads\/2025\/06\/whatsapp-image-2025-06-19-at-121542_1600_1067-qZhGOD-300x200.jpg"},"large":{"file":"whatsapp-image-2025-06-19-at-121542_1600_1067-qZhGOD-1024x683.jpg","width":1024,"height":683,"mime-type":"image\/jpeg","filesize":148386,"source_url":"https:\/\/nuevodigitaldeescobar.com.ar\/wp-content\/uploads\/2025\/06\/whatsapp-image-2025-06-19-at-121542_1600_1067-qZhGOD-1024x683.jpg"},"thumbnail":{"file":"whatsapp-image-2025-06-19-at-121542_1600_1067-qZhGOD-150x150.jpg","width":150,"height":150,"mime-type":"image\/jpeg","filesize":9899,"source_url":"https:\/\/nuevodigitaldeescobar.com.ar\/wp-content\/uploads\/2025\/06\/whatsapp-image-2025-06-19-at-121542_1600_1067-qZhGOD-150x150.jpg"},"medium_large":{"file":"whatsapp-image-2025-06-19-at-121542_1600_1067-qZhGOD-768x512.jpg","width":768,"height":512,"mime-type":"image\/jpeg","filesize":96906,"source_url":"https:\/\/nuevodigitaldeescobar.com.ar\/wp-content\/uploads\/2025\/06\/whatsapp-image-2025-06-19-at-121542_1600_1067-qZhGOD-768x512.jpg"},"1536x1536":{"file":"whatsapp-image-2025-06-19-at-121542_1600_1067-qZhGOD-1536x1024.jpg","width":1536,"height":1024,"mime-type":"image\/jpeg","filesize":264180,"source_url":"https:\/\/nuevodigitaldeescobar.com.ar\/wp-content\/uploads\/2025\/06\/whatsapp-image-2025-06-19-at-121542_1600_1067-qZhGOD-1536x1024.jpg"}},"image_meta":{"aperture":"0","credit":"","camera":"","caption":"","created_timestamp":"0","copyright":"","focal_length":"0","iso":"0","shutter_speed":"0","title":"","orientation":"0","keywords":[]}},"post":15808,"source_url":"https:\/\/nuevodigitaldeescobar.com.ar\/wp-content\/uploads\/2025\/06\/whatsapp-image-2025-06-19-at-121542_1600_1067-qZhGOD.jpg"},"yoast_head":"<!-- This site is optimized with the Yoast SEO plugin v26.1.1 - https:\/\/yoast.com\/wordpress\/plugins\/seo\/ -->\n<title>Tenis: C\u00f3rdoba ser\u00e1 sede de Billie Jean King Cup entre Argentina, Suiza y Eslovaquia - Nuevo Digital de Escobar<\/title>\n<meta name=\"robots\" content=\"index, follow, max-snippet:-1, max-image-preview:large, max-video-preview:-1\" \/>\n<link rel=\"canonical\" href=\"https:\/\/nuevodigitaldeescobar.com.ar\/?p=15808\" \/>\n<meta property=\"og:locale\" content=\"es_ES\" \/>\n<meta property=\"og:type\" content=\"article\" \/>\n<meta property=\"og:title\" content=\"Tenis: C\u00f3rdoba ser\u00e1 sede de Billie Jean King Cup entre Argentina, Suiza y Eslovaquia - Nuevo Digital de Escobar\" \/>\n<meta property=\"og:description\" content=\"C\u00f3rdoba ser\u00e1 una de las sedes de un torneo internacional de tenis femenino de alto nivel. Se trata de los Playoffs de la Billie Jean [&hellip;]\" \/>\n<meta property=\"og:url\" content=\"https:\/\/nuevodigitaldeescobar.com.ar\/?p=15808\" \/>\n<meta property=\"og:site_name\" content=\"Nuevo Digital de Escobar\" \/>\n<meta property=\"article:publisher\" content=\"https:\/\/www.facebook.com\/NUEVODigitalDeEscobar\" \/>\n<meta property=\"article:published_time\" content=\"2025-06-21T04:20:24+00:00\" \/>\n<meta property=\"og:image\" content=\"https:\/\/derechadiario.com.ar\/filesedc\/uploads\/image\/post\/2025\/06\/whatsapp-image-2025-06-19-at-121532_1200_800.webp\" \/>\n<meta name=\"author\" content=\"Redacci\u00f3n\" \/>\n<meta name=\"twitter:card\" content=\"summary_large_image\" \/>\n<meta name=\"twitter:creator\" content=\"@nuevodigescobar\" \/>\n<meta name=\"twitter:site\" content=\"@nuevodigescobar\" \/>\n<meta name=\"twitter:label1\" content=\"Escrito por\" \/>\n\t<meta name=\"twitter:data1\" content=\"Redacci\u00f3n\" \/>\n\t<meta name=\"twitter:label2\" content=\"Tiempo de lectura\" \/>\n\t<meta name=\"twitter:data2\" content=\"4 minutos\" \/>\n<script type=\"application\/ld+json\" class=\"yoast-schema-graph\">{\"@context\":\"https:\/\/schema.org\",\"@graph\":[{\"@type\":\"Article\",\"@id\":\"https:\/\/nuevodigitaldeescobar.com.ar\/?p=15808#article\",\"isPartOf\":{\"@id\":\"https:\/\/nuevodigitaldeescobar.com.ar\/?p=15808\"},\"author\":{\"name\":\"Redacci\u00f3n\",\"@id\":\"https:\/\/nuevodigitaldeescobar.com.ar\/#\/schema\/person\/035e90a8efe9a80e6eec22656ad6ea4c\"},\"headline\":\"Tenis: C\u00f3rdoba ser\u00e1 sede de Billie Jean King Cup entre Argentina, Suiza y Eslovaquia\",\"datePublished\":\"2025-06-21T04:20:24+00:00\",\"mainEntityOfPage\":{\"@id\":\"https:\/\/nuevodigitaldeescobar.com.ar\/?p=15808\"},\"wordCount\":725,\"commentCount\":0,\"publisher\":{\"@id\":\"https:\/\/nuevodigitaldeescobar.com.ar\/#organization\"},\"image\":{\"@id\":\"https:\/\/nuevodigitaldeescobar.com.ar\/?p=15808#primaryimage\"},\"thumbnailUrl\":\"https:\/\/nuevodigitaldeescobar.com.ar\/wp-content\/uploads\/2025\/06\/whatsapp-image-2025-06-19-at-121542_1600_1067-qZhGOD.jpg\",\"articleSection\":[\"Deportes\"],\"inLanguage\":\"es\",\"potentialAction\":[{\"@type\":\"CommentAction\",\"name\":\"Comment\",\"target\":[\"https:\/\/nuevodigitaldeescobar.com.ar\/?p=15808#respond\"]}]},{\"@type\":\"WebPage\",\"@id\":\"https:\/\/nuevodigitaldeescobar.com.ar\/?p=15808\",\"url\":\"https:\/\/nuevodigitaldeescobar.com.ar\/?p=15808\",\"name\":\"Tenis: C\u00f3rdoba ser\u00e1 sede de Billie Jean King Cup entre Argentina, Suiza y Eslovaquia - Nuevo Digital de Escobar\",\"isPartOf\":{\"@id\":\"https:\/\/nuevodigitaldeescobar.com.ar\/#website\"},\"primaryImageOfPage\":{\"@id\":\"https:\/\/nuevodigitaldeescobar.com.ar\/?p=15808#primaryimage\"},\"image\":{\"@id\":\"https:\/\/nuevodigitaldeescobar.com.ar\/?p=15808#primaryimage\"},\"thumbnailUrl\":\"https:\/\/nuevodigitaldeescobar.com.ar\/wp-content\/uploads\/2025\/06\/whatsapp-image-2025-06-19-at-121542_1600_1067-qZhGOD.jpg\",\"datePublished\":\"2025-06-21T04:20:24+00:00\",\"breadcrumb\":{\"@id\":\"https:\/\/nuevodigitaldeescobar.com.ar\/?p=15808#breadcrumb\"},\"inLanguage\":\"es\",\"potentialAction\":[{\"@type\":\"ReadAction\",\"target\":[\"https:\/\/nuevodigitaldeescobar.com.ar\/?p=15808\"]}]},{\"@type\":\"ImageObject\",\"inLanguage\":\"es\",\"@id\":\"https:\/\/nuevodigitaldeescobar.com.ar\/?p=15808#primaryimage\",\"url\":\"https:\/\/nuevodigitaldeescobar.com.ar\/wp-content\/uploads\/2025\/06\/whatsapp-image-2025-06-19-at-121542_1600_1067-qZhGOD.jpg\",\"contentUrl\":\"https:\/\/nuevodigitaldeescobar.com.ar\/wp-content\/uploads\/2025\/06\/whatsapp-image-2025-06-19-at-121542_1600_1067-qZhGOD.jpg\",\"width\":1600,\"height\":1067},{\"@type\":\"BreadcrumbList\",\"@id\":\"https:\/\/nuevodigitaldeescobar.com.ar\/?p=15808#breadcrumb\",\"itemListElement\":[{\"@type\":\"ListItem\",\"position\":1,\"name\":\"Portada\",\"item\":\"https:\/\/nuevodigitaldeescobar.com.ar\/\"},{\"@type\":\"ListItem\",\"position\":2,\"name\":\"Tenis: C\u00f3rdoba ser\u00e1 sede de Billie Jean King Cup entre Argentina, Suiza y Eslovaquia\"}]},{\"@type\":\"WebSite\",\"@id\":\"https:\/\/nuevodigitaldeescobar.com.ar\/#website\",\"url\":\"https:\/\/nuevodigitaldeescobar.com.ar\/\",\"name\":\"Nuevo Digital de Escobar\",\"description\":\"La vida escobarense. Directora: Rosana Brunner\",\"publisher\":{\"@id\":\"https:\/\/nuevodigitaldeescobar.com.ar\/#organization\"},\"potentialAction\":[{\"@type\":\"SearchAction\",\"target\":{\"@type\":\"EntryPoint\",\"urlTemplate\":\"https:\/\/nuevodigitaldeescobar.com.ar\/?s={search_term_string}\"},\"query-input\":{\"@type\":\"PropertyValueSpecification\",\"valueRequired\":true,\"valueName\":\"search_term_string\"}}],\"inLanguage\":\"es\"},{\"@type\":\"Organization\",\"@id\":\"https:\/\/nuevodigitaldeescobar.com.ar\/#organization\",\"name\":\"Nuevo Digital de Escobar\",\"url\":\"https:\/\/nuevodigitaldeescobar.com.ar\/\",\"logo\":{\"@type\":\"ImageObject\",\"inLanguage\":\"es\",\"@id\":\"https:\/\/nuevodigitaldeescobar.com.ar\/#\/schema\/logo\/image\/\",\"url\":\"https:\/\/nuevodigitaldeescobar.com.ar\/wp-content\/uploads\/2025\/05\/cropped-logo-nuevo2.jpg\",\"contentUrl\":\"https:\/\/nuevodigitaldeescobar.com.ar\/wp-content\/uploads\/2025\/05\/cropped-logo-nuevo2.jpg\",\"width\":305,\"height\":305,\"caption\":\"Nuevo Digital de Escobar\"},\"image\":{\"@id\":\"https:\/\/nuevodigitaldeescobar.com.ar\/#\/schema\/logo\/image\/\"},\"sameAs\":[\"https:\/\/www.facebook.com\/NUEVODigitalDeEscobar\",\"https:\/\/x.com\/nuevodigescobar\",\"https:\/\/www.instagram.com\/nuevodigitaldeescobar\"]},{\"@type\":\"Person\",\"@id\":\"https:\/\/nuevodigitaldeescobar.com.ar\/#\/schema\/person\/035e90a8efe9a80e6eec22656ad6ea4c\",\"name\":\"Redacci\u00f3n\",\"image\":{\"@type\":\"ImageObject\",\"inLanguage\":\"es\",\"@id\":\"https:\/\/nuevodigitaldeescobar.com.ar\/#\/schema\/person\/image\/\",\"url\":\"https:\/\/secure.gravatar.com\/avatar\/8af8f40000c24e9eef3034f2be5998a372bb1389e64b1a4a36b3a7979142220d?s=96&d=mm&r=g\",\"contentUrl\":\"https:\/\/secure.gravatar.com\/avatar\/8af8f40000c24e9eef3034f2be5998a372bb1389e64b1a4a36b3a7979142220d?s=96&d=mm&r=g\",\"caption\":\"Redacci\u00f3n\"},\"sameAs\":[\"http:\/\/nuevodigitaldeescobar.com.ar\"],\"url\":\"https:\/\/nuevodigitaldeescobar.com.ar\/?author=1\"}]}<\/script>\n<!-- \/ Yoast SEO plugin. -->","yoast_head_json":{"title":"Tenis: C\u00f3rdoba ser\u00e1 sede de Billie Jean King Cup entre Argentina, Suiza y Eslovaquia - Nuevo Digital de Escobar","robots":{"index":"index","follow":"follow","max-snippet":"max-snippet:-1","max-image-preview":"max-image-preview:large","max-video-preview":"max-video-preview:-1"},"canonical":"https:\/\/nuevodigitaldeescobar.com.ar\/?p=15808","og_locale":"es_ES","og_type":"article","og_title":"Tenis: C\u00f3rdoba ser\u00e1 sede de Billie Jean King Cup entre Argentina, Suiza y Eslovaquia - Nuevo Digital de Escobar","og_description":"C\u00f3rdoba ser\u00e1 una de las sedes de un torneo internacional de tenis femenino de alto nivel. Se trata de los Playoffs de la Billie Jean [&hellip;]","og_url":"https:\/\/nuevodigitaldeescobar.com.ar\/?p=15808","og_site_name":"Nuevo Digital de Escobar","article_publisher":"https:\/\/www.facebook.com\/NUEVODigitalDeEscobar","article_published_time":"2025-06-21T04:20:24+00:00","og_image":[{"url":"https:\/\/derechadiario.com.ar\/filesedc\/uploads\/image\/post\/2025\/06\/whatsapp-image-2025-06-19-at-121532_1200_800.webp","type":"","width":"","height":""}],"author":"Redacci\u00f3n","twitter_card":"summary_large_image","twitter_creator":"@nuevodigescobar","twitter_site":"@nuevodigescobar","twitter_misc":{"Escrito por":"Redacci\u00f3n","Tiempo de lectura":"4 minutos"},"schema":{"@context":"https:\/\/schema.org","@graph":[{"@type":"Article","@id":"https:\/\/nuevodigitaldeescobar.com.ar\/?p=15808#article","isPartOf":{"@id":"https:\/\/nuevodigitaldeescobar.com.ar\/?p=15808"},"author":{"name":"Redacci\u00f3n","@id":"https:\/\/nuevodigitaldeescobar.com.ar\/#\/schema\/person\/035e90a8efe9a80e6eec22656ad6ea4c"},"headline":"Tenis: C\u00f3rdoba ser\u00e1 sede de Billie Jean King Cup entre Argentina, Suiza y Eslovaquia","datePublished":"2025-06-21T04:20:24+00:00","mainEntityOfPage":{"@id":"https:\/\/nuevodigitaldeescobar.com.ar\/?p=15808"},"wordCount":725,"commentCount":0,"publisher":{"@id":"https:\/\/nuevodigitaldeescobar.com.ar\/#organization"},"image":{"@id":"https:\/\/nuevodigitaldeescobar.com.ar\/?p=15808#primaryimage"},"thumbnailUrl":"https:\/\/nuevodigitaldeescobar.com.ar\/wp-content\/uploads\/2025\/06\/whatsapp-image-2025-06-19-at-121542_1600_1067-qZhGOD.jpg","articleSection":["Deportes"],"inLanguage":"es","potentialAction":[{"@type":"CommentAction","name":"Comment","target":["https:\/\/nuevodigitaldeescobar.com.ar\/?p=15808#respond"]}]},{"@type":"WebPage","@id":"https:\/\/nuevodigitaldeescobar.com.ar\/?p=15808","url":"https:\/\/nuevodigitaldeescobar.com.ar\/?p=15808","name":"Tenis: C\u00f3rdoba ser\u00e1 sede de Billie Jean King Cup entre Argentina, Suiza y Eslovaquia - Nuevo Digital de Escobar","isPartOf":{"@id":"https:\/\/nuevodigitaldeescobar.com.ar\/#website"},"primaryImageOfPage":{"@id":"https:\/\/nuevodigitaldeescobar.com.ar\/?p=15808#primaryimage"},"image":{"@id":"https:\/\/nuevodigitaldeescobar.com.ar\/?p=15808#primaryimage"},"thumbnailUrl":"https:\/\/nuevodigitaldeescobar.com.ar\/wp-content\/uploads\/2025\/06\/whatsapp-image-2025-06-19-at-121542_1600_1067-qZhGOD.jpg","datePublished":"2025-06-21T04:20:24+00:00","breadcrumb":{"@id":"https:\/\/nuevodigitaldeescobar.com.ar\/?p=15808#breadcrumb"},"inLanguage":"es","potentialAction":[{"@type":"ReadAction","target":["https:\/\/nuevodigitaldeescobar.com.ar\/?p=15808"]}]},{"@type":"ImageObject","inLanguage":"es","@id":"https:\/\/nuevodigitaldeescobar.com.ar\/?p=15808#primaryimage","url":"https:\/\/nuevodigitaldeescobar.com.ar\/wp-content\/uploads\/2025\/06\/whatsapp-image-2025-06-19-at-121542_1600_1067-qZhGOD.jpg","contentUrl":"https:\/\/nuevodigitaldeescobar.com.ar\/wp-content\/uploads\/2025\/06\/whatsapp-image-2025-06-19-at-121542_1600_1067-qZhGOD.jpg","width":1600,"height":1067},{"@type":"BreadcrumbList","@id":"https:\/\/nuevodigitaldeescobar.com.ar\/?p=15808#breadcrumb","itemListElement":[{"@type":"ListItem","position":1,"name":"Portada","item":"https:\/\/nuevodigitaldeescobar.com.ar\/"},{"@type":"ListItem","position":2,"name":"Tenis: C\u00f3rdoba ser\u00e1 sede de Billie Jean King Cup entre Argentina, Suiza y Eslovaquia"}]},{"@type":"WebSite","@id":"https:\/\/nuevodigitaldeescobar.com.ar\/#website","url":"https:\/\/nuevodigitaldeescobar.com.ar\/","name":"Nuevo Digital de Escobar","description":"La vida escobarense. Directora: Rosana Brunner","publisher":{"@id":"https:\/\/nuevodigitaldeescobar.com.ar\/#organization"},"potentialAction":[{"@type":"SearchAction","target":{"@type":"EntryPoint","urlTemplate":"https:\/\/nuevodigitaldeescobar.com.ar\/?s={search_term_string}"},"query-input":{"@type":"PropertyValueSpecification","valueRequired":true,"valueName":"search_term_string"}}],"inLanguage":"es"},{"@type":"Organization","@id":"https:\/\/nuevodigitaldeescobar.com.ar\/#organization","name":"Nuevo Digital de Escobar","url":"https:\/\/nuevodigitaldeescobar.com.ar\/","logo":{"@type":"ImageObject","inLanguage":"es","@id":"https:\/\/nuevodigitaldeescobar.com.ar\/#\/schema\/logo\/image\/","url":"https:\/\/nuevodigitaldeescobar.com.ar\/wp-content\/uploads\/2025\/05\/cropped-logo-nuevo2.jpg","contentUrl":"https:\/\/nuevodigitaldeescobar.com.ar\/wp-content\/uploads\/2025\/05\/cropped-logo-nuevo2.jpg","width":305,"height":305,"caption":"Nuevo Digital de Escobar"},"image":{"@id":"https:\/\/nuevodigitaldeescobar.com.ar\/#\/schema\/logo\/image\/"},"sameAs":["https:\/\/www.facebook.com\/NUEVODigitalDeEscobar","https:\/\/x.com\/nuevodigescobar","https:\/\/www.instagram.com\/nuevodigitaldeescobar"]},{"@type":"Person","@id":"https:\/\/nuevodigitaldeescobar.com.ar\/#\/schema\/person\/035e90a8efe9a80e6eec22656ad6ea4c","name":"Redacci\u00f3n","image":{"@type":"ImageObject","inLanguage":"es","@id":"https:\/\/nuevodigitaldeescobar.com.ar\/#\/schema\/person\/image\/","url":"https:\/\/secure.gravatar.com\/avatar\/8af8f40000c24e9eef3034f2be5998a372bb1389e64b1a4a36b3a7979142220d?s=96&d=mm&r=g","contentUrl":"https:\/\/secure.gravatar.com\/avatar\/8af8f40000c24e9eef3034f2be5998a372bb1389e64b1a4a36b3a7979142220d?s=96&d=mm&r=g","caption":"Redacci\u00f3n"},"sameAs":["http:\/\/nuevodigitaldeescobar.com.ar"],"url":"https:\/\/nuevodigitaldeescobar.com.ar\/?author=1"}]}},"featured_image_urls":{"full":["https:\/\/nuevodigitaldeescobar.com.ar\/wp-content\/uploads\/2025\/06\/whatsapp-image-2025-06-19-at-121542_1600_1067-qZhGOD.jpg",1600,1067,false],"thumbnail":["https:\/\/nuevodigitaldeescobar.com.ar\/wp-content\/uploads\/2025\/06\/whatsapp-image-2025-06-19-at-121542_1600_1067-qZhGOD-150x150.jpg",150,150,true],"medium":["https:\/\/nuevodigitaldeescobar.com.ar\/wp-content\/uploads\/2025\/06\/whatsapp-image-2025-06-19-at-121542_1600_1067-qZhGOD-300x200.jpg",300,200,true],"medium_large":["https:\/\/nuevodigitaldeescobar.com.ar\/wp-content\/uploads\/2025\/06\/whatsapp-image-2025-06-19-at-121542_1600_1067-qZhGOD-768x512.jpg",640,427,true],"large":["https:\/\/nuevodigitaldeescobar.com.ar\/wp-content\/uploads\/2025\/06\/whatsapp-image-2025-06-19-at-121542_1600_1067-qZhGOD-1024x683.jpg",640,427,true],"1536x1536":["https:\/\/nuevodigitaldeescobar.com.ar\/wp-content\/uploads\/2025\/06\/whatsapp-image-2025-06-19-at-121542_1600_1067-qZhGOD-1536x1024.jpg",1536,1024,true],"2048x2048":["https:\/\/nuevodigitaldeescobar.com.ar\/wp-content\/uploads\/2025\/06\/whatsapp-image-2025-06-19-at-121542_1600_1067-qZhGOD.jpg",1600,1067,false]},"author_info":{"display_name":"Redacci\u00f3n","author_link":"https:\/\/nuevodigitaldeescobar.com.ar\/?author=1"},"category_info":"<a href=\"https:\/\/nuevodigitaldeescobar.com.ar\/?cat=8\" rel=\"category\">Deportes<\/a>","tag_info":"Deportes","comment_count":"0","_links":{"self":[{"href":"https:\/\/nuevodigitaldeescobar.com.ar\/index.php?rest_route=\/wp\/v2\/posts\/15808","targetHints":{"allow":["GET"]}}],"collection":[{"href":"https:\/\/nuevodigitaldeescobar.com.ar\/index.php?rest_route=\/wp\/v2\/posts"}],"about":[{"href":"https:\/\/nuevodigitaldeescobar.com.ar\/index.php?rest_route=\/wp\/v2\/types\/post"}],"author":[{"embeddable":true,"href":"https:\/\/nuevodigitaldeescobar.com.ar\/index.php?rest_route=\/wp\/v2\/users\/1"}],"replies":[{"embeddable":true,"href":"https:\/\/nuevodigitaldeescobar.com.ar\/index.php?rest_route=%2Fwp%2Fv2%2Fcomments&post=15808"}],"version-history":[{"count":0,"href":"https:\/\/nuevodigitaldeescobar.com.ar\/index.php?rest_route=\/wp\/v2\/posts\/15808\/revisions"}],"wp:featuredmedia":[{"embeddable":true,"href":"https:\/\/nuevodigitaldeescobar.com.ar\/index.php?rest_route=\/wp\/v2\/media\/15809"}],"wp:attachment":[{"href":"https:\/\/nuevodigitaldeescobar.com.ar\/index.php?rest_route=%2Fwp%2Fv2%2Fmedia&parent=15808"}],"wp:term":[{"taxonomy":"category","embeddable":true,"href":"https:\/\/nuevodigitaldeescobar.com.ar\/index.php?rest_route=%2Fwp%2Fv2%2Fcategories&post=15808"},{"taxonomy":"post_tag","embeddable":true,"href":"https:\/\/nuevodigitaldeescobar.com.ar\/index.php?rest_route=%2Fwp%2Fv2%2Ftags&post=15808"}],"curies":[{"name":"wp","href":"https:\/\/api.w.org\/{rel}","templated":true}]}}