{"id":15860,"date":"2025-06-24T00:41:00","date_gmt":"2025-06-24T03:41:00","guid":{"rendered":"https:\/\/nuevodigitaldeescobar.com.ar\/?p=15860"},"modified":"2025-06-23T12:47:57","modified_gmt":"2025-06-23T15:47:57","slug":"tension-internacional-iran-e-israel-al-borde-de-una-guerra-total-y-la-otan-advierte-sobre-el-riesgo-nuclear","status":"publish","type":"post","link":"https:\/\/nuevodigitaldeescobar.com.ar\/?p=15860","title":{"rendered":"Tensi\u00f3n internacional: Ir\u00e1n e Israel al borde de una guerra total y la OTAN advierte sobre el riesgo nuclear"},"content":{"rendered":"\n<p class=\"has-vivid-cyan-blue-color has-text-color has-link-color wp-elements-be5473eebc43c271ae676eff27cd1535\"><strong><em>La crisis entre Ir\u00e1n, Israel y Estados Unidos entr\u00f3 en una etapa cr\u00edtica. Este lunes se cumplieron 11 d\u00edas desde el inicio del enfrentamiento directo entre Teher\u00e1n y Tel Aviv, con una sucesi\u00f3n de ataques, amenazas y el involucramiento activo de potencias globales que hacen temer una desestabilizaci\u00f3n a escala regional.<\/em><\/strong><\/p>\n\n\n\n<!--more-->\n\n\n\n<h3 class=\"wp-block-heading has-text-color has-link-color wp-elements-5deaf3d7e9eb75489cf38b9bfc3c0a41\" style=\"color:#061dd1\">\u26a0\ufe0f Estados Unidos bombarde\u00f3 instalaciones nucleares iran\u00edes<\/h3>\n\n\n\n<p>El domingo, la Casa Blanca confirm\u00f3 que fuerzas norteamericanas atacaron tres instalaciones nucleares clave del r\u00e9gimen iran\u00ed: <strong>Isfah\u00e1n, Natanz y Fordow<\/strong>. Donald Trump, presidente de EE.UU., asegur\u00f3 que los da\u00f1os fueron \u201cmonumentales\u201d y que todos los aviones regresaron <em>\u201csanos y salvos\u201d<\/em>.<\/p>\n\n\n\n<p>La ofensiva fue interpretada como una respuesta directa a las hostilidades de Ir\u00e1n en la regi\u00f3n, y marc\u00f3 un punto de inflexi\u00f3n en la escalada militar. En las horas siguientes, <strong>Ir\u00e1n lanz\u00f3 misiles bal\u00edsticos contra Israel<\/strong>, lo que gener\u00f3 nuevas represalias por parte de las Fuerzas de Defensa israel\u00edes (FDI), que bombardearon infraestructura militar en la ciudad iran\u00ed de <strong>Kermanshah<\/strong>.<\/p>\n\n\n\n<h3 class=\"wp-block-heading has-text-color has-link-color wp-elements-ec3feaf640139f07a612efd024342361\" style=\"color:#061dd1\">\ud83c\uddee\ud83c\uddf7 Amenazas iran\u00edes y advertencias a Trump<\/h3>\n\n\n\n<p>La respuesta iran\u00ed no tard\u00f3 en llegar. <em>\u201cUsted empez\u00f3 esta guerra, pero nosotros la terminaremos\u201d<\/em>, lanz\u00f3 el Ej\u00e9rcito persa en un mensaje directo a Trump. Adem\u00e1s, Ali Akbar Velayati, asesor de Ali Khamenei, advirti\u00f3 que <strong><em>\u201ccualquier base utilizada por EE.UU. podr\u00eda convertirse en blanco\u201d<\/em><\/strong>, en una clara amenaza de represalias m\u00e1s amplias.<\/p>\n\n\n\n<p>En paralelo, Ir\u00e1n denunci\u00f3 p\u00fablicamente que los ataques estadounidenses buscan <em>\u201crevivir al r\u00e9gimen sionista\u201d<\/em> (Israel) y prometi\u00f3 <em>\u201coperaciones poderosas y selectivas\u201d<\/em> contra objetivos considerados <em>\u201cleg\u00edtimos\u201d<\/em>.<\/p>\n\n\n\n<h3 class=\"wp-block-heading has-text-color has-link-color wp-elements-0e30f671ea8e23b8b81c84f8f823c388\" style=\"color:#061dd1\">\ud83d\uded1 La OTAN fija posici\u00f3n: \u201cIr\u00e1n no debe tener armas nucleares\u201d<\/h3>\n\n\n\n<p>En medio de esta escalada, la <strong>OTAN<\/strong> alz\u00f3 la voz. Su secretario general, <strong>Mark Rutte<\/strong>, declar\u00f3 este lunes que la comunidad internacional <strong><em>\u201cno puede permitir que Ir\u00e1n desarrolle un arma nuclear\u201d<\/em><\/strong>. Adem\u00e1s, acus\u00f3 a Teher\u00e1n de estar <em>\u201cprofundamente involucrado en la guerra de Rusia contra Ucrania\u201d<\/em> mediante el suministro de drones que matan civiles en ese conflicto.<\/p>\n\n\n\n<h3 class=\"wp-block-heading has-text-color has-link-color wp-elements-27154022b3f8288267f0e4010a35ab62\" style=\"color:#061dd1\">\ud83c\udf0d El conflicto impacta al mundo: petr\u00f3leo, comercio y diplomacia<\/h3>\n\n\n\n<p>La tensi\u00f3n repercuti\u00f3 r\u00e1pidamente en el comercio global. Buques petroleros evitaron cruzar el Estrecho de Ormuz, una de las rutas estrat\u00e9gicas para el abastecimiento energ\u00e9tico mundial. Jap\u00f3n orden\u00f3 reducir el tr\u00e1nsito mar\u00edtimo en la zona.<\/p>\n\n\n\n<p>En Washington, Trump pidi\u00f3 evitar un alza en el precio del crudo y exigi\u00f3 a su Departamento de Energ\u00eda: <strong><em>\u201c\u00a1Perfora, baby, perfora!\u201d<\/em><\/strong>, en un llamado a reforzar la producci\u00f3n interna.<\/p>\n\n\n\n<p>La Casa Blanca, no obstante, dej\u00f3 la puerta abierta a una salida pol\u00edtica. Su vocera, Karoline Leavitt, afirm\u00f3 que Trump <strong><em>\u201ca\u00fan est\u00e1 interesado en una soluci\u00f3n diplom\u00e1tica\u201d<\/em><\/strong>, aunque advirti\u00f3 que el pueblo iran\u00ed <em>\u201cdeber\u00eda considerar quitarle el poder a este r\u00e9gimen violento\u201d<\/em>.<\/p>\n\n\n\n<h3 class=\"wp-block-heading has-text-color has-link-color wp-elements-b0cafa62eab8d97c386c26c975a30328\" style=\"color:#061dd1\">\ud83d\udccd Cronolog\u00eda de un conflicto en expansi\u00f3n<\/h3>\n\n\n\n<ul class=\"wp-block-list\">\n<li><strong>13 de junio<\/strong>: Comienzan los bombardeos israel\u00edes en territorio iran\u00ed.<\/li>\n\n\n\n<li><strong>16 de junio<\/strong>: Trump ordena el ataque a las plantas nucleares de Ir\u00e1n.<\/li>\n\n\n\n<li><strong>17 de junio<\/strong>: Ir\u00e1n amenaza a EE.UU. e Israel; comienzan los misiles bal\u00edsticos.<\/li>\n\n\n\n<li><strong>18 de junio<\/strong>: Israel bombardea infraestructura militar en Kermanshah.<\/li>\n\n\n\n<li><strong>19 de junio<\/strong>: Ir\u00e1n lanza advertencias directas a Trump y promete \u201cterminar la guerra\u201d.<\/li>\n\n\n\n<li><strong>20 de junio<\/strong>: La OTAN denuncia a Ir\u00e1n por su rol en Ucrania y su ambici\u00f3n nuclear.<\/li>\n\n\n\n<li><strong>21 de junio<\/strong>: Israel lanza ataques en Teher\u00e1n y destruye parte de la prisi\u00f3n de Evin.<\/li>\n\n\n\n<li><strong>24 de junio<\/strong>: Buques evitan el Estrecho de Ormuz ante riesgo de expansi\u00f3n b\u00e9lica.<\/li>\n<\/ul>\n\n\n\n<hr class=\"wp-block-separator has-alpha-channel-opacity\"\/>\n\n\n\n<h3 class=\"wp-block-heading has-text-color has-link-color wp-elements-3b2e3abb2313f315e8fe19d829296726\" style=\"color:#061dd1\">\ud83d\udce2 El conflicto podr\u00eda recrudecer<\/h3>\n\n\n\n<p>Mientras la guerra contin\u00faa y deja hasta el momento <strong>430 muertos en Ir\u00e1n y 24 en Israel<\/strong>, con miles de heridos, el temor a un conflicto regional o global crece. Con <strong>EE.UU., Israel e Ir\u00e1n directamente implicados<\/strong>, la comunidad internacional sigue el desarrollo con m\u00e1xima preocupaci\u00f3n.<\/p>\n","protected":false},"excerpt":{"rendered":"<p>La crisis entre Ir\u00e1n, Israel y Estados Unidos entr\u00f3 en una etapa cr\u00edtica. Este lunes se cumplieron 11 d\u00edas desde el inicio del enfrentamiento directo [&hellip;]<\/p>\n","protected":false},"author":1,"featured_media":15861,"comment_status":"open","ping_status":"open","sticky":false,"template":"","format":"standard","meta":{"footnotes":""},"categories":[285],"tags":[],"class_list":["post-15860","post","type-post","status-publish","format-standard","has-post-thumbnail","hentry","category-internacionales"],"better_featured_image":{"id":15861,"alt_text":"","caption":"","description":"","media_type":"image","media_details":{"width":1000,"height":639,"file":"2025\/06\/iranisrael27.png","filesize":447940,"sizes":{"medium":{"file":"iranisrael27-300x192.png","width":300,"height":192,"mime-type":"image\/png","filesize":19723,"source_url":"https:\/\/nuevodigitaldeescobar.com.ar\/wp-content\/uploads\/2025\/06\/iranisrael27-300x192.png"},"thumbnail":{"file":"iranisrael27-150x150.png","width":150,"height":150,"mime-type":"image\/png","filesize":10532,"source_url":"https:\/\/nuevodigitaldeescobar.com.ar\/wp-content\/uploads\/2025\/06\/iranisrael27-150x150.png"},"medium_large":{"file":"iranisrael27-768x491.png","width":768,"height":491,"mime-type":"image\/png","filesize":119195,"source_url":"https:\/\/nuevodigitaldeescobar.com.ar\/wp-content\/uploads\/2025\/06\/iranisrael27-768x491.png"}},"image_meta":{"aperture":"0","credit":"","camera":"","caption":"","created_timestamp":"0","copyright":"","focal_length":"0","iso":"0","shutter_speed":"0","title":"","orientation":"0","keywords":[]}},"post":15860,"source_url":"https:\/\/nuevodigitaldeescobar.com.ar\/wp-content\/uploads\/2025\/06\/iranisrael27.png"},"yoast_head":"<!-- This site is optimized with the Yoast SEO plugin v26.1.1 - https:\/\/yoast.com\/wordpress\/plugins\/seo\/ -->\n<title>Tensi\u00f3n internacional: Ir\u00e1n e Israel al borde de una guerra total y la OTAN advierte sobre el riesgo nuclear - Nuevo Digital de Escobar<\/title>\n<meta name=\"robots\" content=\"index, follow, max-snippet:-1, max-image-preview:large, max-video-preview:-1\" \/>\n<link rel=\"canonical\" href=\"https:\/\/nuevodigitaldeescobar.com.ar\/?p=15860\" \/>\n<meta property=\"og:locale\" content=\"es_ES\" \/>\n<meta property=\"og:type\" content=\"article\" \/>\n<meta property=\"og:title\" content=\"Tensi\u00f3n internacional: Ir\u00e1n e Israel al borde de una guerra total y la OTAN advierte sobre el riesgo nuclear - Nuevo Digital de Escobar\" \/>\n<meta property=\"og:description\" content=\"La crisis entre Ir\u00e1n, Israel y Estados Unidos entr\u00f3 en una etapa cr\u00edtica. Este lunes se cumplieron 11 d\u00edas desde el inicio del enfrentamiento directo [&hellip;]\" \/>\n<meta property=\"og:url\" content=\"https:\/\/nuevodigitaldeescobar.com.ar\/?p=15860\" \/>\n<meta property=\"og:site_name\" content=\"Nuevo Digital de Escobar\" \/>\n<meta property=\"article:publisher\" content=\"https:\/\/www.facebook.com\/NUEVODigitalDeEscobar\" \/>\n<meta property=\"article:published_time\" content=\"2025-06-24T03:41:00+00:00\" \/>\n<meta property=\"og:image\" content=\"https:\/\/nuevodigitaldeescobar.com.ar\/wp-content\/uploads\/2025\/06\/iranisrael27.png\" \/>\n\t<meta property=\"og:image:width\" content=\"1000\" \/>\n\t<meta property=\"og:image:height\" content=\"639\" \/>\n\t<meta property=\"og:image:type\" content=\"image\/png\" \/>\n<meta name=\"author\" content=\"Redacci\u00f3n\" \/>\n<meta name=\"twitter:card\" content=\"summary_large_image\" \/>\n<meta name=\"twitter:creator\" content=\"@nuevodigescobar\" \/>\n<meta name=\"twitter:site\" content=\"@nuevodigescobar\" \/>\n<meta name=\"twitter:label1\" content=\"Escrito por\" \/>\n\t<meta name=\"twitter:data1\" content=\"Redacci\u00f3n\" \/>\n\t<meta name=\"twitter:label2\" content=\"Tiempo de lectura\" \/>\n\t<meta name=\"twitter:data2\" content=\"3 minutos\" \/>\n<script type=\"application\/ld+json\" class=\"yoast-schema-graph\">{\"@context\":\"https:\/\/schema.org\",\"@graph\":[{\"@type\":\"Article\",\"@id\":\"https:\/\/nuevodigitaldeescobar.com.ar\/?p=15860#article\",\"isPartOf\":{\"@id\":\"https:\/\/nuevodigitaldeescobar.com.ar\/?p=15860\"},\"author\":{\"name\":\"Redacci\u00f3n\",\"@id\":\"https:\/\/nuevodigitaldeescobar.com.ar\/#\/schema\/person\/035e90a8efe9a80e6eec22656ad6ea4c\"},\"headline\":\"Tensi\u00f3n internacional: Ir\u00e1n e Israel al borde de una guerra total y la OTAN advierte sobre el riesgo nuclear\",\"datePublished\":\"2025-06-24T03:41:00+00:00\",\"mainEntityOfPage\":{\"@id\":\"https:\/\/nuevodigitaldeescobar.com.ar\/?p=15860\"},\"wordCount\":665,\"commentCount\":0,\"publisher\":{\"@id\":\"https:\/\/nuevodigitaldeescobar.com.ar\/#organization\"},\"image\":{\"@id\":\"https:\/\/nuevodigitaldeescobar.com.ar\/?p=15860#primaryimage\"},\"thumbnailUrl\":\"https:\/\/nuevodigitaldeescobar.com.ar\/wp-content\/uploads\/2025\/06\/iranisrael27.png\",\"articleSection\":[\"Internacionales\"],\"inLanguage\":\"es\",\"potentialAction\":[{\"@type\":\"CommentAction\",\"name\":\"Comment\",\"target\":[\"https:\/\/nuevodigitaldeescobar.com.ar\/?p=15860#respond\"]}]},{\"@type\":\"WebPage\",\"@id\":\"https:\/\/nuevodigitaldeescobar.com.ar\/?p=15860\",\"url\":\"https:\/\/nuevodigitaldeescobar.com.ar\/?p=15860\",\"name\":\"Tensi\u00f3n internacional: Ir\u00e1n e Israel al borde de una guerra total y la OTAN advierte sobre el riesgo nuclear - Nuevo Digital de Escobar\",\"isPartOf\":{\"@id\":\"https:\/\/nuevodigitaldeescobar.com.ar\/#website\"},\"primaryImageOfPage\":{\"@id\":\"https:\/\/nuevodigitaldeescobar.com.ar\/?p=15860#primaryimage\"},\"image\":{\"@id\":\"https:\/\/nuevodigitaldeescobar.com.ar\/?p=15860#primaryimage\"},\"thumbnailUrl\":\"https:\/\/nuevodigitaldeescobar.com.ar\/wp-content\/uploads\/2025\/06\/iranisrael27.png\",\"datePublished\":\"2025-06-24T03:41:00+00:00\",\"breadcrumb\":{\"@id\":\"https:\/\/nuevodigitaldeescobar.com.ar\/?p=15860#breadcrumb\"},\"inLanguage\":\"es\",\"potentialAction\":[{\"@type\":\"ReadAction\",\"target\":[\"https:\/\/nuevodigitaldeescobar.com.ar\/?p=15860\"]}]},{\"@type\":\"ImageObject\",\"inLanguage\":\"es\",\"@id\":\"https:\/\/nuevodigitaldeescobar.com.ar\/?p=15860#primaryimage\",\"url\":\"https:\/\/nuevodigitaldeescobar.com.ar\/wp-content\/uploads\/2025\/06\/iranisrael27.png\",\"contentUrl\":\"https:\/\/nuevodigitaldeescobar.com.ar\/wp-content\/uploads\/2025\/06\/iranisrael27.png\",\"width\":1000,\"height\":639},{\"@type\":\"BreadcrumbList\",\"@id\":\"https:\/\/nuevodigitaldeescobar.com.ar\/?p=15860#breadcrumb\",\"itemListElement\":[{\"@type\":\"ListItem\",\"position\":1,\"name\":\"Portada\",\"item\":\"https:\/\/nuevodigitaldeescobar.com.ar\/\"},{\"@type\":\"ListItem\",\"position\":2,\"name\":\"Tensi\u00f3n internacional: Ir\u00e1n e Israel al borde de una guerra total y la OTAN advierte sobre el riesgo nuclear\"}]},{\"@type\":\"WebSite\",\"@id\":\"https:\/\/nuevodigitaldeescobar.com.ar\/#website\",\"url\":\"https:\/\/nuevodigitaldeescobar.com.ar\/\",\"name\":\"Nuevo Digital de Escobar\",\"description\":\"La vida escobarense. Directora: Rosana Brunner\",\"publisher\":{\"@id\":\"https:\/\/nuevodigitaldeescobar.com.ar\/#organization\"},\"potentialAction\":[{\"@type\":\"SearchAction\",\"target\":{\"@type\":\"EntryPoint\",\"urlTemplate\":\"https:\/\/nuevodigitaldeescobar.com.ar\/?s={search_term_string}\"},\"query-input\":{\"@type\":\"PropertyValueSpecification\",\"valueRequired\":true,\"valueName\":\"search_term_string\"}}],\"inLanguage\":\"es\"},{\"@type\":\"Organization\",\"@id\":\"https:\/\/nuevodigitaldeescobar.com.ar\/#organization\",\"name\":\"Nuevo Digital de Escobar\",\"url\":\"https:\/\/nuevodigitaldeescobar.com.ar\/\",\"logo\":{\"@type\":\"ImageObject\",\"inLanguage\":\"es\",\"@id\":\"https:\/\/nuevodigitaldeescobar.com.ar\/#\/schema\/logo\/image\/\",\"url\":\"https:\/\/nuevodigitaldeescobar.com.ar\/wp-content\/uploads\/2025\/05\/cropped-logo-nuevo2.jpg\",\"contentUrl\":\"https:\/\/nuevodigitaldeescobar.com.ar\/wp-content\/uploads\/2025\/05\/cropped-logo-nuevo2.jpg\",\"width\":305,\"height\":305,\"caption\":\"Nuevo Digital de Escobar\"},\"image\":{\"@id\":\"https:\/\/nuevodigitaldeescobar.com.ar\/#\/schema\/logo\/image\/\"},\"sameAs\":[\"https:\/\/www.facebook.com\/NUEVODigitalDeEscobar\",\"https:\/\/x.com\/nuevodigescobar\",\"https:\/\/www.instagram.com\/nuevodigitaldeescobar\"]},{\"@type\":\"Person\",\"@id\":\"https:\/\/nuevodigitaldeescobar.com.ar\/#\/schema\/person\/035e90a8efe9a80e6eec22656ad6ea4c\",\"name\":\"Redacci\u00f3n\",\"image\":{\"@type\":\"ImageObject\",\"inLanguage\":\"es\",\"@id\":\"https:\/\/nuevodigitaldeescobar.com.ar\/#\/schema\/person\/image\/\",\"url\":\"https:\/\/secure.gravatar.com\/avatar\/8af8f40000c24e9eef3034f2be5998a372bb1389e64b1a4a36b3a7979142220d?s=96&d=mm&r=g\",\"contentUrl\":\"https:\/\/secure.gravatar.com\/avatar\/8af8f40000c24e9eef3034f2be5998a372bb1389e64b1a4a36b3a7979142220d?s=96&d=mm&r=g\",\"caption\":\"Redacci\u00f3n\"},\"sameAs\":[\"http:\/\/nuevodigitaldeescobar.com.ar\"],\"url\":\"https:\/\/nuevodigitaldeescobar.com.ar\/?author=1\"}]}<\/script>\n<!-- \/ Yoast SEO plugin. -->","yoast_head_json":{"title":"Tensi\u00f3n internacional: Ir\u00e1n e Israel al borde de una guerra total y la OTAN advierte sobre el riesgo nuclear - Nuevo Digital de Escobar","robots":{"index":"index","follow":"follow","max-snippet":"max-snippet:-1","max-image-preview":"max-image-preview:large","max-video-preview":"max-video-preview:-1"},"canonical":"https:\/\/nuevodigitaldeescobar.com.ar\/?p=15860","og_locale":"es_ES","og_type":"article","og_title":"Tensi\u00f3n internacional: Ir\u00e1n e Israel al borde de una guerra total y la OTAN advierte sobre el riesgo nuclear - Nuevo Digital de Escobar","og_description":"La crisis entre Ir\u00e1n, Israel y Estados Unidos entr\u00f3 en una etapa cr\u00edtica. Este lunes se cumplieron 11 d\u00edas desde el inicio del enfrentamiento directo [&hellip;]","og_url":"https:\/\/nuevodigitaldeescobar.com.ar\/?p=15860","og_site_name":"Nuevo Digital de Escobar","article_publisher":"https:\/\/www.facebook.com\/NUEVODigitalDeEscobar","article_published_time":"2025-06-24T03:41:00+00:00","og_image":[{"width":1000,"height":639,"url":"https:\/\/nuevodigitaldeescobar.com.ar\/wp-content\/uploads\/2025\/06\/iranisrael27.png","type":"image\/png"}],"author":"Redacci\u00f3n","twitter_card":"summary_large_image","twitter_creator":"@nuevodigescobar","twitter_site":"@nuevodigescobar","twitter_misc":{"Escrito por":"Redacci\u00f3n","Tiempo de lectura":"3 minutos"},"schema":{"@context":"https:\/\/schema.org","@graph":[{"@type":"Article","@id":"https:\/\/nuevodigitaldeescobar.com.ar\/?p=15860#article","isPartOf":{"@id":"https:\/\/nuevodigitaldeescobar.com.ar\/?p=15860"},"author":{"name":"Redacci\u00f3n","@id":"https:\/\/nuevodigitaldeescobar.com.ar\/#\/schema\/person\/035e90a8efe9a80e6eec22656ad6ea4c"},"headline":"Tensi\u00f3n internacional: Ir\u00e1n e Israel al borde de una guerra total y la OTAN advierte sobre el riesgo nuclear","datePublished":"2025-06-24T03:41:00+00:00","mainEntityOfPage":{"@id":"https:\/\/nuevodigitaldeescobar.com.ar\/?p=15860"},"wordCount":665,"commentCount":0,"publisher":{"@id":"https:\/\/nuevodigitaldeescobar.com.ar\/#organization"},"image":{"@id":"https:\/\/nuevodigitaldeescobar.com.ar\/?p=15860#primaryimage"},"thumbnailUrl":"https:\/\/nuevodigitaldeescobar.com.ar\/wp-content\/uploads\/2025\/06\/iranisrael27.png","articleSection":["Internacionales"],"inLanguage":"es","potentialAction":[{"@type":"CommentAction","name":"Comment","target":["https:\/\/nuevodigitaldeescobar.com.ar\/?p=15860#respond"]}]},{"@type":"WebPage","@id":"https:\/\/nuevodigitaldeescobar.com.ar\/?p=15860","url":"https:\/\/nuevodigitaldeescobar.com.ar\/?p=15860","name":"Tensi\u00f3n internacional: Ir\u00e1n e Israel al borde de una guerra total y la OTAN advierte sobre el riesgo nuclear - Nuevo Digital de Escobar","isPartOf":{"@id":"https:\/\/nuevodigitaldeescobar.com.ar\/#website"},"primaryImageOfPage":{"@id":"https:\/\/nuevodigitaldeescobar.com.ar\/?p=15860#primaryimage"},"image":{"@id":"https:\/\/nuevodigitaldeescobar.com.ar\/?p=15860#primaryimage"},"thumbnailUrl":"https:\/\/nuevodigitaldeescobar.com.ar\/wp-content\/uploads\/2025\/06\/iranisrael27.png","datePublished":"2025-06-24T03:41:00+00:00","breadcrumb":{"@id":"https:\/\/nuevodigitaldeescobar.com.ar\/?p=15860#breadcrumb"},"inLanguage":"es","potentialAction":[{"@type":"ReadAction","target":["https:\/\/nuevodigitaldeescobar.com.ar\/?p=15860"]}]},{"@type":"ImageObject","inLanguage":"es","@id":"https:\/\/nuevodigitaldeescobar.com.ar\/?p=15860#primaryimage","url":"https:\/\/nuevodigitaldeescobar.com.ar\/wp-content\/uploads\/2025\/06\/iranisrael27.png","contentUrl":"https:\/\/nuevodigitaldeescobar.com.ar\/wp-content\/uploads\/2025\/06\/iranisrael27.png","width":1000,"height":639},{"@type":"BreadcrumbList","@id":"https:\/\/nuevodigitaldeescobar.com.ar\/?p=15860#breadcrumb","itemListElement":[{"@type":"ListItem","position":1,"name":"Portada","item":"https:\/\/nuevodigitaldeescobar.com.ar\/"},{"@type":"ListItem","position":2,"name":"Tensi\u00f3n internacional: Ir\u00e1n e Israel al borde de una guerra total y la OTAN advierte sobre el riesgo nuclear"}]},{"@type":"WebSite","@id":"https:\/\/nuevodigitaldeescobar.com.ar\/#website","url":"https:\/\/nuevodigitaldeescobar.com.ar\/","name":"Nuevo Digital de Escobar","description":"La vida escobarense. Directora: Rosana Brunner","publisher":{"@id":"https:\/\/nuevodigitaldeescobar.com.ar\/#organization"},"potentialAction":[{"@type":"SearchAction","target":{"@type":"EntryPoint","urlTemplate":"https:\/\/nuevodigitaldeescobar.com.ar\/?s={search_term_string}"},"query-input":{"@type":"PropertyValueSpecification","valueRequired":true,"valueName":"search_term_string"}}],"inLanguage":"es"},{"@type":"Organization","@id":"https:\/\/nuevodigitaldeescobar.com.ar\/#organization","name":"Nuevo Digital de Escobar","url":"https:\/\/nuevodigitaldeescobar.com.ar\/","logo":{"@type":"ImageObject","inLanguage":"es","@id":"https:\/\/nuevodigitaldeescobar.com.ar\/#\/schema\/logo\/image\/","url":"https:\/\/nuevodigitaldeescobar.com.ar\/wp-content\/uploads\/2025\/05\/cropped-logo-nuevo2.jpg","contentUrl":"https:\/\/nuevodigitaldeescobar.com.ar\/wp-content\/uploads\/2025\/05\/cropped-logo-nuevo2.jpg","width":305,"height":305,"caption":"Nuevo Digital de Escobar"},"image":{"@id":"https:\/\/nuevodigitaldeescobar.com.ar\/#\/schema\/logo\/image\/"},"sameAs":["https:\/\/www.facebook.com\/NUEVODigitalDeEscobar","https:\/\/x.com\/nuevodigescobar","https:\/\/www.instagram.com\/nuevodigitaldeescobar"]},{"@type":"Person","@id":"https:\/\/nuevodigitaldeescobar.com.ar\/#\/schema\/person\/035e90a8efe9a80e6eec22656ad6ea4c","name":"Redacci\u00f3n","image":{"@type":"ImageObject","inLanguage":"es","@id":"https:\/\/nuevodigitaldeescobar.com.ar\/#\/schema\/person\/image\/","url":"https:\/\/secure.gravatar.com\/avatar\/8af8f40000c24e9eef3034f2be5998a372bb1389e64b1a4a36b3a7979142220d?s=96&d=mm&r=g","contentUrl":"https:\/\/secure.gravatar.com\/avatar\/8af8f40000c24e9eef3034f2be5998a372bb1389e64b1a4a36b3a7979142220d?s=96&d=mm&r=g","caption":"Redacci\u00f3n"},"sameAs":["http:\/\/nuevodigitaldeescobar.com.ar"],"url":"https:\/\/nuevodigitaldeescobar.com.ar\/?author=1"}]}},"featured_image_urls":{"full":["https:\/\/nuevodigitaldeescobar.com.ar\/wp-content\/uploads\/2025\/06\/iranisrael27.png",1000,639,false],"thumbnail":["https:\/\/nuevodigitaldeescobar.com.ar\/wp-content\/uploads\/2025\/06\/iranisrael27-150x150.png",150,150,true],"medium":["https:\/\/nuevodigitaldeescobar.com.ar\/wp-content\/uploads\/2025\/06\/iranisrael27-300x192.png",300,192,true],"medium_large":["https:\/\/nuevodigitaldeescobar.com.ar\/wp-content\/uploads\/2025\/06\/iranisrael27-768x491.png",640,409,true],"large":["https:\/\/nuevodigitaldeescobar.com.ar\/wp-content\/uploads\/2025\/06\/iranisrael27.png",640,409,false],"1536x1536":["https:\/\/nuevodigitaldeescobar.com.ar\/wp-content\/uploads\/2025\/06\/iranisrael27.png",1000,639,false],"2048x2048":["https:\/\/nuevodigitaldeescobar.com.ar\/wp-content\/uploads\/2025\/06\/iranisrael27.png",1000,639,false]},"author_info":{"display_name":"Redacci\u00f3n","author_link":"https:\/\/nuevodigitaldeescobar.com.ar\/?author=1"},"category_info":"<a href=\"https:\/\/nuevodigitaldeescobar.com.ar\/?cat=285\" rel=\"category\">Internacionales<\/a>","tag_info":"Internacionales","comment_count":"0","_links":{"self":[{"href":"https:\/\/nuevodigitaldeescobar.com.ar\/index.php?rest_route=\/wp\/v2\/posts\/15860","targetHints":{"allow":["GET"]}}],"collection":[{"href":"https:\/\/nuevodigitaldeescobar.com.ar\/index.php?rest_route=\/wp\/v2\/posts"}],"about":[{"href":"https:\/\/nuevodigitaldeescobar.com.ar\/index.php?rest_route=\/wp\/v2\/types\/post"}],"author":[{"embeddable":true,"href":"https:\/\/nuevodigitaldeescobar.com.ar\/index.php?rest_route=\/wp\/v2\/users\/1"}],"replies":[{"embeddable":true,"href":"https:\/\/nuevodigitaldeescobar.com.ar\/index.php?rest_route=%2Fwp%2Fv2%2Fcomments&post=15860"}],"version-history":[{"count":1,"href":"https:\/\/nuevodigitaldeescobar.com.ar\/index.php?rest_route=\/wp\/v2\/posts\/15860\/revisions"}],"predecessor-version":[{"id":15862,"href":"https:\/\/nuevodigitaldeescobar.com.ar\/index.php?rest_route=\/wp\/v2\/posts\/15860\/revisions\/15862"}],"wp:featuredmedia":[{"embeddable":true,"href":"https:\/\/nuevodigitaldeescobar.com.ar\/index.php?rest_route=\/wp\/v2\/media\/15861"}],"wp:attachment":[{"href":"https:\/\/nuevodigitaldeescobar.com.ar\/index.php?rest_route=%2Fwp%2Fv2%2Fmedia&parent=15860"}],"wp:term":[{"taxonomy":"category","embeddable":true,"href":"https:\/\/nuevodigitaldeescobar.com.ar\/index.php?rest_route=%2Fwp%2Fv2%2Fcategories&post=15860"},{"taxonomy":"post_tag","embeddable":true,"href":"https:\/\/nuevodigitaldeescobar.com.ar\/index.php?rest_route=%2Fwp%2Fv2%2Ftags&post=15860"}],"curies":[{"name":"wp","href":"https:\/\/api.w.org\/{rel}","templated":true}]}}