{"id":15989,"date":"2025-06-26T15:41:33","date_gmt":"2025-06-26T18:41:33","guid":{"rendered":"https:\/\/nuevodigitaldeescobar.com.ar\/?p=15989"},"modified":"2025-06-26T15:41:45","modified_gmt":"2025-06-26T18:41:45","slug":"fogata-de-san-juan-el-proximo-sabado-se-realiza-la-tradicional-celebracion-en-ingeniero-maschwitz","status":"publish","type":"post","link":"https:\/\/nuevodigitaldeescobar.com.ar\/?p=15989","title":{"rendered":"Fogata de San Juan: el pr\u00f3ximo s\u00e1bado se realiza la tradicional celebraci\u00f3n en Ingeniero Maschwitz"},"content":{"rendered":"\n<p>Con el objetivo de celebrar el solsticio de invierno y fortalecer los lazos comunitarios, el colectivo de artistas Arde Juan llevar\u00e1 adelante una nueva edici\u00f3n de la Fogata de San Juan, con el acompa\u00f1amiento de la Municipalidad de Escobar. <\/p>\n\n\n\n<!--more-->\n\n\n\n<p>El ya tradicional encuentro se realizar\u00e1 el pr\u00f3ximo s\u00e1bado, a las 18:30 horas, en el parque Papa Francisco, con entrada libre y gratuita.<\/p>\n\n\n<div class=\"wp-block-image\">\n<figure class=\"aligncenter size-large\"><img fetchpriority=\"high\" decoding=\"async\" width=\"1024\" height=\"682\" src=\"http:\/\/nuevodigitaldeescobar.com.ar\/wp-content\/uploads\/2025\/06\/whatsapp_image_2025_06_26_at_14_33_48-1024x682.jpeg\" alt=\"\" class=\"wp-image-15990\" srcset=\"https:\/\/nuevodigitaldeescobar.com.ar\/wp-content\/uploads\/2025\/06\/whatsapp_image_2025_06_26_at_14_33_48-1024x682.jpeg 1024w, https:\/\/nuevodigitaldeescobar.com.ar\/wp-content\/uploads\/2025\/06\/whatsapp_image_2025_06_26_at_14_33_48-300x200.jpeg 300w, https:\/\/nuevodigitaldeescobar.com.ar\/wp-content\/uploads\/2025\/06\/whatsapp_image_2025_06_26_at_14_33_48-768x512.jpeg 768w, https:\/\/nuevodigitaldeescobar.com.ar\/wp-content\/uploads\/2025\/06\/whatsapp_image_2025_06_26_at_14_33_48-1536x1023.jpeg 1536w, https:\/\/nuevodigitaldeescobar.com.ar\/wp-content\/uploads\/2025\/06\/whatsapp_image_2025_06_26_at_14_33_48.jpeg 1600w\" sizes=\"(max-width: 1024px) 100vw, 1024px\" \/><\/figure><\/div>\n\n\n<p>La celebraci\u00f3n gira en torno a la creaci\u00f3n y quema de un mu\u00f1eco gigante, cuya tem\u00e1tica cambia cada a\u00f1o y simboliza aquello que la comunidad desea dejar atr\u00e1s para dar paso a lo nuevo. El ritual comienza con una procesi\u00f3n encabezada por la Escuela de Percusi\u00f3n Agua de R\u00edo, desde el Paseo Mendoza hasta el parque, ubicada en El Dorado 1900, Ingeniero Maschwitz. Luego se realiza la quema del mu\u00f1eco en medio de la m\u00fasica en vivo de los tambores y una puesta en escena especialmente dise\u00f1ada.<\/p>\n\n\n\n<p>La tradicional fogata se organiz\u00f3 por primera vez en 2010, por iniciativa del artista Guillermo Olivera y un grupo de vecinos vinculados. En su \u00faltima edici\u00f3n, convoc\u00f3 a m\u00e1s de 4.000 personas. <\/p>\n\n\n<div class=\"wp-block-image\">\n<figure class=\"aligncenter size-large\"><img decoding=\"async\" width=\"1024\" height=\"682\" src=\"http:\/\/nuevodigitaldeescobar.com.ar\/wp-content\/uploads\/2025\/06\/whatsapp_image_2025_06_26_at_14_33_49-1024x682.jpeg\" alt=\"\" class=\"wp-image-15991\" srcset=\"https:\/\/nuevodigitaldeescobar.com.ar\/wp-content\/uploads\/2025\/06\/whatsapp_image_2025_06_26_at_14_33_49-1024x682.jpeg 1024w, https:\/\/nuevodigitaldeescobar.com.ar\/wp-content\/uploads\/2025\/06\/whatsapp_image_2025_06_26_at_14_33_49-300x200.jpeg 300w, https:\/\/nuevodigitaldeescobar.com.ar\/wp-content\/uploads\/2025\/06\/whatsapp_image_2025_06_26_at_14_33_49-768x512.jpeg 768w, https:\/\/nuevodigitaldeescobar.com.ar\/wp-content\/uploads\/2025\/06\/whatsapp_image_2025_06_26_at_14_33_49-1536x1023.jpeg 1536w, https:\/\/nuevodigitaldeescobar.com.ar\/wp-content\/uploads\/2025\/06\/whatsapp_image_2025_06_26_at_14_33_49.jpeg 1600w\" sizes=\"(max-width: 1024px) 100vw, 1024px\" \/><\/figure><\/div>\n\n\n<p>El evento cuenta con la participaci\u00f3n y el trabajo voluntario de decenas de personas que colaboran en la construcci\u00f3n del mu\u00f1eco y en la organizaci\u00f3n general, reforzando el sentido de comunidad que caracteriza esta propuesta cultural.<\/p>\n","protected":false},"excerpt":{"rendered":"<p>Con el objetivo de celebrar el solsticio de invierno y fortalecer los lazos comunitarios, el colectivo de artistas Arde Juan llevar\u00e1 adelante una nueva edici\u00f3n [&hellip;]<\/p>\n","protected":false},"author":1,"featured_media":15992,"comment_status":"open","ping_status":"open","sticky":false,"template":"","format":"standard","meta":{"footnotes":""},"categories":[7],"tags":[421],"class_list":["post-15989","post","type-post","status-publish","format-standard","has-post-thumbnail","hentry","category-interes-general","tag-fogata-de-san-juan"],"better_featured_image":{"id":15992,"alt_text":"","caption":"","description":"","media_type":"image","media_details":{"width":1600,"height":1066,"file":"2025\/06\/whatsapp_image_2025_06_26_at_14_33_50.jpeg","filesize":535755,"sizes":{"medium":{"file":"whatsapp_image_2025_06_26_at_14_33_50-300x200.jpeg","width":300,"height":200,"mime-type":"image\/jpeg","filesize":16439,"source_url":"https:\/\/nuevodigitaldeescobar.com.ar\/wp-content\/uploads\/2025\/06\/whatsapp_image_2025_06_26_at_14_33_50-300x200.jpeg"},"large":{"file":"whatsapp_image_2025_06_26_at_14_33_50-1024x682.jpeg","width":1024,"height":682,"mime-type":"image\/jpeg","filesize":129830,"source_url":"https:\/\/nuevodigitaldeescobar.com.ar\/wp-content\/uploads\/2025\/06\/whatsapp_image_2025_06_26_at_14_33_50-1024x682.jpeg"},"thumbnail":{"file":"whatsapp_image_2025_06_26_at_14_33_50-150x150.jpeg","width":150,"height":150,"mime-type":"image\/jpeg","filesize":7478,"source_url":"https:\/\/nuevodigitaldeescobar.com.ar\/wp-content\/uploads\/2025\/06\/whatsapp_image_2025_06_26_at_14_33_50-150x150.jpeg"},"medium_large":{"file":"whatsapp_image_2025_06_26_at_14_33_50-768x512.jpeg","width":768,"height":512,"mime-type":"image\/jpeg","filesize":79292,"source_url":"https:\/\/nuevodigitaldeescobar.com.ar\/wp-content\/uploads\/2025\/06\/whatsapp_image_2025_06_26_at_14_33_50-768x512.jpeg"},"1536x1536":{"file":"whatsapp_image_2025_06_26_at_14_33_50-1536x1023.jpeg","width":1536,"height":1023,"mime-type":"image\/jpeg","filesize":261026,"source_url":"https:\/\/nuevodigitaldeescobar.com.ar\/wp-content\/uploads\/2025\/06\/whatsapp_image_2025_06_26_at_14_33_50-1536x1023.jpeg"}},"image_meta":{"aperture":"0","credit":"","camera":"","caption":"","created_timestamp":"0","copyright":"","focal_length":"0","iso":"0","shutter_speed":"0","title":"","orientation":"0","keywords":[]}},"post":15989,"source_url":"https:\/\/nuevodigitaldeescobar.com.ar\/wp-content\/uploads\/2025\/06\/whatsapp_image_2025_06_26_at_14_33_50.jpeg"},"yoast_head":"<!-- This site is optimized with the Yoast SEO plugin v26.1.1 - https:\/\/yoast.com\/wordpress\/plugins\/seo\/ -->\n<title>Fogata de San Juan: el pr\u00f3ximo s\u00e1bado se realiza la tradicional celebraci\u00f3n en Ingeniero Maschwitz - Nuevo Digital de Escobar<\/title>\n<meta name=\"description\" content=\"tradicional fogata se organiz\u00f3 por primera vez en 2010, por iniciativa del artista Guillermo Olivera y un grupo de vecinos vinculados. En su \u00faltima edici\u00f3n, convoc\u00f3 a m\u00e1s de 4.000 personas.\" \/>\n<meta name=\"robots\" content=\"index, follow, max-snippet:-1, max-image-preview:large, max-video-preview:-1\" \/>\n<link rel=\"canonical\" href=\"https:\/\/nuevodigitaldeescobar.com.ar\/?p=15989\" \/>\n<meta property=\"og:locale\" content=\"es_ES\" \/>\n<meta property=\"og:type\" content=\"article\" \/>\n<meta property=\"og:title\" content=\"Fogata de San Juan: el pr\u00f3ximo s\u00e1bado se realiza la tradicional celebraci\u00f3n en Ingeniero Maschwitz\" \/>\n<meta property=\"og:description\" content=\"tradicional fogata se organiz\u00f3 por primera vez en 2010, por iniciativa del artista Guillermo Olivera y un grupo de vecinos vinculados. En su \u00faltima edici\u00f3n, convoc\u00f3 a m\u00e1s de 4.000 personas.\" \/>\n<meta property=\"og:url\" content=\"https:\/\/nuevodigitaldeescobar.com.ar\/?p=15989\" \/>\n<meta property=\"og:site_name\" content=\"Nuevo Digital de Escobar\" \/>\n<meta property=\"article:publisher\" content=\"https:\/\/www.facebook.com\/NUEVODigitalDeEscobar\" \/>\n<meta property=\"article:published_time\" content=\"2025-06-26T18:41:33+00:00\" \/>\n<meta property=\"article:modified_time\" content=\"2025-06-26T18:41:45+00:00\" \/>\n<meta property=\"og:image\" content=\"http:\/\/nuevodigitaldeescobar.com.ar\/wp-content\/uploads\/2025\/06\/whatsapp_image_2025_06_26_at_14_33_49.jpeg\" \/>\n\t<meta property=\"og:image:width\" content=\"1600\" \/>\n\t<meta property=\"og:image:height\" content=\"1066\" \/>\n\t<meta property=\"og:image:type\" content=\"image\/jpeg\" \/>\n<meta name=\"author\" content=\"Redacci\u00f3n\" \/>\n<meta name=\"twitter:card\" content=\"summary_large_image\" \/>\n<meta name=\"twitter:creator\" content=\"@nuevodigescobar\" \/>\n<meta name=\"twitter:site\" content=\"@nuevodigescobar\" \/>\n<meta name=\"twitter:label1\" content=\"Escrito por\" \/>\n\t<meta name=\"twitter:data1\" content=\"Redacci\u00f3n\" \/>\n\t<meta name=\"twitter:label2\" content=\"Tiempo de lectura\" \/>\n\t<meta name=\"twitter:data2\" content=\"2 minutos\" \/>\n<script type=\"application\/ld+json\" class=\"yoast-schema-graph\">{\"@context\":\"https:\/\/schema.org\",\"@graph\":[{\"@type\":\"Article\",\"@id\":\"https:\/\/nuevodigitaldeescobar.com.ar\/?p=15989#article\",\"isPartOf\":{\"@id\":\"https:\/\/nuevodigitaldeescobar.com.ar\/?p=15989\"},\"author\":{\"name\":\"Redacci\u00f3n\",\"@id\":\"https:\/\/nuevodigitaldeescobar.com.ar\/#\/schema\/person\/035e90a8efe9a80e6eec22656ad6ea4c\"},\"headline\":\"Fogata de San Juan: el pr\u00f3ximo s\u00e1bado se realiza la tradicional celebraci\u00f3n en Ingeniero Maschwitz\",\"datePublished\":\"2025-06-26T18:41:33+00:00\",\"dateModified\":\"2025-06-26T18:41:45+00:00\",\"mainEntityOfPage\":{\"@id\":\"https:\/\/nuevodigitaldeescobar.com.ar\/?p=15989\"},\"wordCount\":253,\"commentCount\":0,\"publisher\":{\"@id\":\"https:\/\/nuevodigitaldeescobar.com.ar\/#organization\"},\"image\":{\"@id\":\"https:\/\/nuevodigitaldeescobar.com.ar\/?p=15989#primaryimage\"},\"thumbnailUrl\":\"https:\/\/nuevodigitaldeescobar.com.ar\/wp-content\/uploads\/2025\/06\/whatsapp_image_2025_06_26_at_14_33_50.jpeg\",\"keywords\":[\"Fogata de San Juan\"],\"articleSection\":[\"Inter\u00e9s general\"],\"inLanguage\":\"es\",\"potentialAction\":[{\"@type\":\"CommentAction\",\"name\":\"Comment\",\"target\":[\"https:\/\/nuevodigitaldeescobar.com.ar\/?p=15989#respond\"]}]},{\"@type\":\"WebPage\",\"@id\":\"https:\/\/nuevodigitaldeescobar.com.ar\/?p=15989\",\"url\":\"https:\/\/nuevodigitaldeescobar.com.ar\/?p=15989\",\"name\":\"Fogata de San Juan: el pr\u00f3ximo s\u00e1bado se realiza la tradicional celebraci\u00f3n en Ingeniero Maschwitz - Nuevo Digital de Escobar\",\"isPartOf\":{\"@id\":\"https:\/\/nuevodigitaldeescobar.com.ar\/#website\"},\"primaryImageOfPage\":{\"@id\":\"https:\/\/nuevodigitaldeescobar.com.ar\/?p=15989#primaryimage\"},\"image\":{\"@id\":\"https:\/\/nuevodigitaldeescobar.com.ar\/?p=15989#primaryimage\"},\"thumbnailUrl\":\"https:\/\/nuevodigitaldeescobar.com.ar\/wp-content\/uploads\/2025\/06\/whatsapp_image_2025_06_26_at_14_33_50.jpeg\",\"datePublished\":\"2025-06-26T18:41:33+00:00\",\"dateModified\":\"2025-06-26T18:41:45+00:00\",\"description\":\"tradicional fogata se organiz\u00f3 por primera vez en 2010, por iniciativa del artista Guillermo Olivera y un grupo de vecinos vinculados. En su \u00faltima edici\u00f3n, convoc\u00f3 a m\u00e1s de 4.000 personas.\",\"breadcrumb\":{\"@id\":\"https:\/\/nuevodigitaldeescobar.com.ar\/?p=15989#breadcrumb\"},\"inLanguage\":\"es\",\"potentialAction\":[{\"@type\":\"ReadAction\",\"target\":[\"https:\/\/nuevodigitaldeescobar.com.ar\/?p=15989\"]}]},{\"@type\":\"ImageObject\",\"inLanguage\":\"es\",\"@id\":\"https:\/\/nuevodigitaldeescobar.com.ar\/?p=15989#primaryimage\",\"url\":\"https:\/\/nuevodigitaldeescobar.com.ar\/wp-content\/uploads\/2025\/06\/whatsapp_image_2025_06_26_at_14_33_50.jpeg\",\"contentUrl\":\"https:\/\/nuevodigitaldeescobar.com.ar\/wp-content\/uploads\/2025\/06\/whatsapp_image_2025_06_26_at_14_33_50.jpeg\",\"width\":1600,\"height\":1066},{\"@type\":\"BreadcrumbList\",\"@id\":\"https:\/\/nuevodigitaldeescobar.com.ar\/?p=15989#breadcrumb\",\"itemListElement\":[{\"@type\":\"ListItem\",\"position\":1,\"name\":\"Portada\",\"item\":\"https:\/\/nuevodigitaldeescobar.com.ar\/\"},{\"@type\":\"ListItem\",\"position\":2,\"name\":\"Fogata de San Juan: el pr\u00f3ximo s\u00e1bado se realiza la tradicional celebraci\u00f3n en Ingeniero Maschwitz\"}]},{\"@type\":\"WebSite\",\"@id\":\"https:\/\/nuevodigitaldeescobar.com.ar\/#website\",\"url\":\"https:\/\/nuevodigitaldeescobar.com.ar\/\",\"name\":\"Nuevo Digital de Escobar\",\"description\":\"La vida escobarense. Directora: Rosana Brunner\",\"publisher\":{\"@id\":\"https:\/\/nuevodigitaldeescobar.com.ar\/#organization\"},\"potentialAction\":[{\"@type\":\"SearchAction\",\"target\":{\"@type\":\"EntryPoint\",\"urlTemplate\":\"https:\/\/nuevodigitaldeescobar.com.ar\/?s={search_term_string}\"},\"query-input\":{\"@type\":\"PropertyValueSpecification\",\"valueRequired\":true,\"valueName\":\"search_term_string\"}}],\"inLanguage\":\"es\"},{\"@type\":\"Organization\",\"@id\":\"https:\/\/nuevodigitaldeescobar.com.ar\/#organization\",\"name\":\"Nuevo Digital de Escobar\",\"url\":\"https:\/\/nuevodigitaldeescobar.com.ar\/\",\"logo\":{\"@type\":\"ImageObject\",\"inLanguage\":\"es\",\"@id\":\"https:\/\/nuevodigitaldeescobar.com.ar\/#\/schema\/logo\/image\/\",\"url\":\"https:\/\/nuevodigitaldeescobar.com.ar\/wp-content\/uploads\/2025\/05\/cropped-logo-nuevo2.jpg\",\"contentUrl\":\"https:\/\/nuevodigitaldeescobar.com.ar\/wp-content\/uploads\/2025\/05\/cropped-logo-nuevo2.jpg\",\"width\":305,\"height\":305,\"caption\":\"Nuevo Digital de Escobar\"},\"image\":{\"@id\":\"https:\/\/nuevodigitaldeescobar.com.ar\/#\/schema\/logo\/image\/\"},\"sameAs\":[\"https:\/\/www.facebook.com\/NUEVODigitalDeEscobar\",\"https:\/\/x.com\/nuevodigescobar\",\"https:\/\/www.instagram.com\/nuevodigitaldeescobar\"]},{\"@type\":\"Person\",\"@id\":\"https:\/\/nuevodigitaldeescobar.com.ar\/#\/schema\/person\/035e90a8efe9a80e6eec22656ad6ea4c\",\"name\":\"Redacci\u00f3n\",\"image\":{\"@type\":\"ImageObject\",\"inLanguage\":\"es\",\"@id\":\"https:\/\/nuevodigitaldeescobar.com.ar\/#\/schema\/person\/image\/\",\"url\":\"https:\/\/secure.gravatar.com\/avatar\/8af8f40000c24e9eef3034f2be5998a372bb1389e64b1a4a36b3a7979142220d?s=96&d=mm&r=g\",\"contentUrl\":\"https:\/\/secure.gravatar.com\/avatar\/8af8f40000c24e9eef3034f2be5998a372bb1389e64b1a4a36b3a7979142220d?s=96&d=mm&r=g\",\"caption\":\"Redacci\u00f3n\"},\"sameAs\":[\"http:\/\/nuevodigitaldeescobar.com.ar\"],\"url\":\"https:\/\/nuevodigitaldeescobar.com.ar\/?author=1\"}]}<\/script>\n<!-- \/ Yoast SEO plugin. -->","yoast_head_json":{"title":"Fogata de San Juan: el pr\u00f3ximo s\u00e1bado se realiza la tradicional celebraci\u00f3n en Ingeniero Maschwitz - Nuevo Digital de Escobar","description":"tradicional fogata se organiz\u00f3 por primera vez en 2010, por iniciativa del artista Guillermo Olivera y un grupo de vecinos vinculados. En su \u00faltima edici\u00f3n, convoc\u00f3 a m\u00e1s de 4.000 personas.","robots":{"index":"index","follow":"follow","max-snippet":"max-snippet:-1","max-image-preview":"max-image-preview:large","max-video-preview":"max-video-preview:-1"},"canonical":"https:\/\/nuevodigitaldeescobar.com.ar\/?p=15989","og_locale":"es_ES","og_type":"article","og_title":"Fogata de San Juan: el pr\u00f3ximo s\u00e1bado se realiza la tradicional celebraci\u00f3n en Ingeniero Maschwitz","og_description":"tradicional fogata se organiz\u00f3 por primera vez en 2010, por iniciativa del artista Guillermo Olivera y un grupo de vecinos vinculados. En su \u00faltima edici\u00f3n, convoc\u00f3 a m\u00e1s de 4.000 personas.","og_url":"https:\/\/nuevodigitaldeescobar.com.ar\/?p=15989","og_site_name":"Nuevo Digital de Escobar","article_publisher":"https:\/\/www.facebook.com\/NUEVODigitalDeEscobar","article_published_time":"2025-06-26T18:41:33+00:00","article_modified_time":"2025-06-26T18:41:45+00:00","og_image":[{"width":1600,"height":1066,"url":"http:\/\/nuevodigitaldeescobar.com.ar\/wp-content\/uploads\/2025\/06\/whatsapp_image_2025_06_26_at_14_33_49.jpeg","type":"image\/jpeg"}],"author":"Redacci\u00f3n","twitter_card":"summary_large_image","twitter_creator":"@nuevodigescobar","twitter_site":"@nuevodigescobar","twitter_misc":{"Escrito por":"Redacci\u00f3n","Tiempo de lectura":"2 minutos"},"schema":{"@context":"https:\/\/schema.org","@graph":[{"@type":"Article","@id":"https:\/\/nuevodigitaldeescobar.com.ar\/?p=15989#article","isPartOf":{"@id":"https:\/\/nuevodigitaldeescobar.com.ar\/?p=15989"},"author":{"name":"Redacci\u00f3n","@id":"https:\/\/nuevodigitaldeescobar.com.ar\/#\/schema\/person\/035e90a8efe9a80e6eec22656ad6ea4c"},"headline":"Fogata de San Juan: el pr\u00f3ximo s\u00e1bado se realiza la tradicional celebraci\u00f3n en Ingeniero Maschwitz","datePublished":"2025-06-26T18:41:33+00:00","dateModified":"2025-06-26T18:41:45+00:00","mainEntityOfPage":{"@id":"https:\/\/nuevodigitaldeescobar.com.ar\/?p=15989"},"wordCount":253,"commentCount":0,"publisher":{"@id":"https:\/\/nuevodigitaldeescobar.com.ar\/#organization"},"image":{"@id":"https:\/\/nuevodigitaldeescobar.com.ar\/?p=15989#primaryimage"},"thumbnailUrl":"https:\/\/nuevodigitaldeescobar.com.ar\/wp-content\/uploads\/2025\/06\/whatsapp_image_2025_06_26_at_14_33_50.jpeg","keywords":["Fogata de San Juan"],"articleSection":["Inter\u00e9s general"],"inLanguage":"es","potentialAction":[{"@type":"CommentAction","name":"Comment","target":["https:\/\/nuevodigitaldeescobar.com.ar\/?p=15989#respond"]}]},{"@type":"WebPage","@id":"https:\/\/nuevodigitaldeescobar.com.ar\/?p=15989","url":"https:\/\/nuevodigitaldeescobar.com.ar\/?p=15989","name":"Fogata de San Juan: el pr\u00f3ximo s\u00e1bado se realiza la tradicional celebraci\u00f3n en Ingeniero Maschwitz - Nuevo Digital de Escobar","isPartOf":{"@id":"https:\/\/nuevodigitaldeescobar.com.ar\/#website"},"primaryImageOfPage":{"@id":"https:\/\/nuevodigitaldeescobar.com.ar\/?p=15989#primaryimage"},"image":{"@id":"https:\/\/nuevodigitaldeescobar.com.ar\/?p=15989#primaryimage"},"thumbnailUrl":"https:\/\/nuevodigitaldeescobar.com.ar\/wp-content\/uploads\/2025\/06\/whatsapp_image_2025_06_26_at_14_33_50.jpeg","datePublished":"2025-06-26T18:41:33+00:00","dateModified":"2025-06-26T18:41:45+00:00","description":"tradicional fogata se organiz\u00f3 por primera vez en 2010, por iniciativa del artista Guillermo Olivera y un grupo de vecinos vinculados. En su \u00faltima edici\u00f3n, convoc\u00f3 a m\u00e1s de 4.000 personas.","breadcrumb":{"@id":"https:\/\/nuevodigitaldeescobar.com.ar\/?p=15989#breadcrumb"},"inLanguage":"es","potentialAction":[{"@type":"ReadAction","target":["https:\/\/nuevodigitaldeescobar.com.ar\/?p=15989"]}]},{"@type":"ImageObject","inLanguage":"es","@id":"https:\/\/nuevodigitaldeescobar.com.ar\/?p=15989#primaryimage","url":"https:\/\/nuevodigitaldeescobar.com.ar\/wp-content\/uploads\/2025\/06\/whatsapp_image_2025_06_26_at_14_33_50.jpeg","contentUrl":"https:\/\/nuevodigitaldeescobar.com.ar\/wp-content\/uploads\/2025\/06\/whatsapp_image_2025_06_26_at_14_33_50.jpeg","width":1600,"height":1066},{"@type":"BreadcrumbList","@id":"https:\/\/nuevodigitaldeescobar.com.ar\/?p=15989#breadcrumb","itemListElement":[{"@type":"ListItem","position":1,"name":"Portada","item":"https:\/\/nuevodigitaldeescobar.com.ar\/"},{"@type":"ListItem","position":2,"name":"Fogata de San Juan: el pr\u00f3ximo s\u00e1bado se realiza la tradicional celebraci\u00f3n en Ingeniero Maschwitz"}]},{"@type":"WebSite","@id":"https:\/\/nuevodigitaldeescobar.com.ar\/#website","url":"https:\/\/nuevodigitaldeescobar.com.ar\/","name":"Nuevo Digital de Escobar","description":"La vida escobarense. Directora: Rosana Brunner","publisher":{"@id":"https:\/\/nuevodigitaldeescobar.com.ar\/#organization"},"potentialAction":[{"@type":"SearchAction","target":{"@type":"EntryPoint","urlTemplate":"https:\/\/nuevodigitaldeescobar.com.ar\/?s={search_term_string}"},"query-input":{"@type":"PropertyValueSpecification","valueRequired":true,"valueName":"search_term_string"}}],"inLanguage":"es"},{"@type":"Organization","@id":"https:\/\/nuevodigitaldeescobar.com.ar\/#organization","name":"Nuevo Digital de Escobar","url":"https:\/\/nuevodigitaldeescobar.com.ar\/","logo":{"@type":"ImageObject","inLanguage":"es","@id":"https:\/\/nuevodigitaldeescobar.com.ar\/#\/schema\/logo\/image\/","url":"https:\/\/nuevodigitaldeescobar.com.ar\/wp-content\/uploads\/2025\/05\/cropped-logo-nuevo2.jpg","contentUrl":"https:\/\/nuevodigitaldeescobar.com.ar\/wp-content\/uploads\/2025\/05\/cropped-logo-nuevo2.jpg","width":305,"height":305,"caption":"Nuevo Digital de Escobar"},"image":{"@id":"https:\/\/nuevodigitaldeescobar.com.ar\/#\/schema\/logo\/image\/"},"sameAs":["https:\/\/www.facebook.com\/NUEVODigitalDeEscobar","https:\/\/x.com\/nuevodigescobar","https:\/\/www.instagram.com\/nuevodigitaldeescobar"]},{"@type":"Person","@id":"https:\/\/nuevodigitaldeescobar.com.ar\/#\/schema\/person\/035e90a8efe9a80e6eec22656ad6ea4c","name":"Redacci\u00f3n","image":{"@type":"ImageObject","inLanguage":"es","@id":"https:\/\/nuevodigitaldeescobar.com.ar\/#\/schema\/person\/image\/","url":"https:\/\/secure.gravatar.com\/avatar\/8af8f40000c24e9eef3034f2be5998a372bb1389e64b1a4a36b3a7979142220d?s=96&d=mm&r=g","contentUrl":"https:\/\/secure.gravatar.com\/avatar\/8af8f40000c24e9eef3034f2be5998a372bb1389e64b1a4a36b3a7979142220d?s=96&d=mm&r=g","caption":"Redacci\u00f3n"},"sameAs":["http:\/\/nuevodigitaldeescobar.com.ar"],"url":"https:\/\/nuevodigitaldeescobar.com.ar\/?author=1"}]}},"featured_image_urls":{"full":["https:\/\/nuevodigitaldeescobar.com.ar\/wp-content\/uploads\/2025\/06\/whatsapp_image_2025_06_26_at_14_33_50.jpeg",1600,1066,false],"thumbnail":["https:\/\/nuevodigitaldeescobar.com.ar\/wp-content\/uploads\/2025\/06\/whatsapp_image_2025_06_26_at_14_33_50-150x150.jpeg",150,150,true],"medium":["https:\/\/nuevodigitaldeescobar.com.ar\/wp-content\/uploads\/2025\/06\/whatsapp_image_2025_06_26_at_14_33_50-300x200.jpeg",300,200,true],"medium_large":["https:\/\/nuevodigitaldeescobar.com.ar\/wp-content\/uploads\/2025\/06\/whatsapp_image_2025_06_26_at_14_33_50-768x512.jpeg",640,427,true],"large":["https:\/\/nuevodigitaldeescobar.com.ar\/wp-content\/uploads\/2025\/06\/whatsapp_image_2025_06_26_at_14_33_50-1024x682.jpeg",640,426,true],"1536x1536":["https:\/\/nuevodigitaldeescobar.com.ar\/wp-content\/uploads\/2025\/06\/whatsapp_image_2025_06_26_at_14_33_50-1536x1023.jpeg",1536,1023,true],"2048x2048":["https:\/\/nuevodigitaldeescobar.com.ar\/wp-content\/uploads\/2025\/06\/whatsapp_image_2025_06_26_at_14_33_50.jpeg",1600,1066,false]},"author_info":{"display_name":"Redacci\u00f3n","author_link":"https:\/\/nuevodigitaldeescobar.com.ar\/?author=1"},"category_info":"<a href=\"https:\/\/nuevodigitaldeescobar.com.ar\/?cat=7\" rel=\"category\">Inter\u00e9s general<\/a>","tag_info":"Inter\u00e9s general","comment_count":"0","_links":{"self":[{"href":"https:\/\/nuevodigitaldeescobar.com.ar\/index.php?rest_route=\/wp\/v2\/posts\/15989","targetHints":{"allow":["GET"]}}],"collection":[{"href":"https:\/\/nuevodigitaldeescobar.com.ar\/index.php?rest_route=\/wp\/v2\/posts"}],"about":[{"href":"https:\/\/nuevodigitaldeescobar.com.ar\/index.php?rest_route=\/wp\/v2\/types\/post"}],"author":[{"embeddable":true,"href":"https:\/\/nuevodigitaldeescobar.com.ar\/index.php?rest_route=\/wp\/v2\/users\/1"}],"replies":[{"embeddable":true,"href":"https:\/\/nuevodigitaldeescobar.com.ar\/index.php?rest_route=%2Fwp%2Fv2%2Fcomments&post=15989"}],"version-history":[{"count":1,"href":"https:\/\/nuevodigitaldeescobar.com.ar\/index.php?rest_route=\/wp\/v2\/posts\/15989\/revisions"}],"predecessor-version":[{"id":15993,"href":"https:\/\/nuevodigitaldeescobar.com.ar\/index.php?rest_route=\/wp\/v2\/posts\/15989\/revisions\/15993"}],"wp:featuredmedia":[{"embeddable":true,"href":"https:\/\/nuevodigitaldeescobar.com.ar\/index.php?rest_route=\/wp\/v2\/media\/15992"}],"wp:attachment":[{"href":"https:\/\/nuevodigitaldeescobar.com.ar\/index.php?rest_route=%2Fwp%2Fv2%2Fmedia&parent=15989"}],"wp:term":[{"taxonomy":"category","embeddable":true,"href":"https:\/\/nuevodigitaldeescobar.com.ar\/index.php?rest_route=%2Fwp%2Fv2%2Fcategories&post=15989"},{"taxonomy":"post_tag","embeddable":true,"href":"https:\/\/nuevodigitaldeescobar.com.ar\/index.php?rest_route=%2Fwp%2Fv2%2Ftags&post=15989"}],"curies":[{"name":"wp","href":"https:\/\/api.w.org\/{rel}","templated":true}]}}