{"id":15999,"date":"2025-06-27T01:11:00","date_gmt":"2025-06-27T04:11:00","guid":{"rendered":"https:\/\/nuevodigitaldeescobar.com.ar\/?p=15999"},"modified":"2025-06-27T02:38:02","modified_gmt":"2025-06-27T05:38:02","slug":"por-primera-vez-en-argentina-se-aplicara-el-juicio-en-ausencia-para-los-acusados-del-atentado-a-la-amia","status":"publish","type":"post","link":"https:\/\/nuevodigitaldeescobar.com.ar\/?p=15999","title":{"rendered":"Por primera vez en Argentina, se aplicar\u00e1 el juicio en ausencia para los acusados del atentado a la AMIA"},"content":{"rendered":"\n<p class=\"has-vivid-cyan-blue-color has-text-color has-link-color wp-elements-35afe2aa57126c0f23b0d735230a73ee\"><strong><em>La Justicia Federal resolvi\u00f3 llevar a juicio a diez ciudadanos iran\u00edes y libaneses acusados por el atentado a la AMIA ocurrido en 1994, pese a que se encuentran pr\u00f3fugos desde hace casi dos d\u00e9cadas. Se trata de la primera vez que se aplicar\u00e1 en Argentina la figura del \u201cjuicio en ausencia\u201d, recientemente incorporada al C\u00f3digo Procesal Penal.<\/em><\/strong><\/p>\n\n\n\n<!--more-->\n\n\n\n<p>La decisi\u00f3n fue adoptada por el juez federal Daniel Rafecas, quien acept\u00f3 el pedido del fiscal Sebasti\u00e1n Basso, titular de la Unidad AMIA. El proceso alcanzar\u00e1 a diez acusados con pedidos de captura internacional vigentes desde 2006 y alertas rojas activas en Interpol, que nunca fueron detenidos debido a la negativa de Ir\u00e1n de extraditar a sus ciudadanos y a la falta de colaboraci\u00f3n de ciertos pa\u00edses cuando estos individuos viajan al exterior.<\/p>\n\n\n\n<p>Entre los acusados se encuentran figuras de alto perfil pol\u00edtico y militar, como Al\u00ed Akbar Velayati, Mohsen Rezai, Ahmad Vahidi, y Mohsen Rabbani, muchos de ellos a\u00fan vinculados al gobierno iran\u00ed.<\/p>\n\n\n<div class=\"wp-block-image\">\n<figure class=\"aligncenter size-full\"><img fetchpriority=\"high\" decoding=\"async\" width=\"879\" height=\"659\" src=\"https:\/\/nuevodigitaldeescobar.com.ar\/wp-content\/uploads\/2025\/06\/amiaimputados25.png\" alt=\"\" class=\"wp-image-16000\" srcset=\"https:\/\/nuevodigitaldeescobar.com.ar\/wp-content\/uploads\/2025\/06\/amiaimputados25.png 879w, https:\/\/nuevodigitaldeescobar.com.ar\/wp-content\/uploads\/2025\/06\/amiaimputados25-300x225.png 300w, https:\/\/nuevodigitaldeescobar.com.ar\/wp-content\/uploads\/2025\/06\/amiaimputados25-768x576.png 768w\" sizes=\"(max-width: 879px) 100vw, 879px\" \/><figcaption class=\"wp-element-caption\"><strong><em>Fuente: Infobae<\/em><\/strong><\/figcaption><\/figure><\/div>\n\n\n<p>La medida fue posible gracias a una reforma aprobada este a\u00f1o por el Congreso Nacional a instancias del gobierno de Javier Milei, que incorpor\u00f3 el juicio en ausencia para delitos graves como terrorismo o cr\u00edmenes de lesa humanidad, cuando los acusados llevan m\u00e1s de cuatro meses pr\u00f3fugos. La normativa permite que, en caso de presentarse, los acusados puedan solicitar un nuevo juicio.<\/p>\n\n\n\n<p>El fallo de Rafecas, de 148 p\u00e1ginas, tambi\u00e9n sienta jurisprudencia al considerar que la figura del juicio en ausencia es constitucional. En su resoluci\u00f3n, el magistrado destac\u00f3 que <em>\u201cla ausencia voluntaria del imputado no solo vulnera su propio derecho de defensa, sino que tambi\u00e9n lesiona el derecho de las v\u00edctimas a obtener justicia y el inter\u00e9s de la sociedad en esclarecer delitos atroces\u201d<\/em>.<\/p>\n\n\n\n<p>La aplicaci\u00f3n de esta figura fue respaldada por AMIA y DAIA, pero rechazada por otros sectores querellantes, como APEMIA, Memoria Activa y la Asociaci\u00f3n 18J, que consideran que a\u00fan faltan pruebas clave en la investigaci\u00f3n, como el acceso total a archivos desclasificados de inteligencia.<\/p>\n\n\n\n<p>Rafecas reconoci\u00f3 esos planteos, pero defendi\u00f3 el inicio del juicio como una instancia esencial para generar una reconstrucci\u00f3n p\u00fablica y controlada de los hechos. <em>\u201cSi no hay debate, se pierde la oportunidad de conocer y esclarecer. Y sin esclarecimiento, lo que quedan son dudas y faltas de certezas\u201d<\/em>, afirm\u00f3.<\/p>\n\n\n\n<p>El gobierno nacional celebr\u00f3 la medida. <em>\u201cAhora vamos a poder juzgar a los terroristas iran\u00edes y libaneses de Hezbollah pr\u00f3fugos que planificaron y ejecutaron el peor atentado de nuestra historia\u201d<\/em>, declar\u00f3 el ministro de Justicia, Mariano C\u00faneo Libarona.<\/p>\n\n\n\n<p>Por ahora, la decisi\u00f3n de Rafecas no implica el inicio inmediato del juicio: las partes tendr\u00e1n tres d\u00edas h\u00e1biles para apelar y ser\u00e1 necesario que la fiscal\u00eda solicite los procesamientos formales para que los acusados puedan ser llevados a debate oral, a\u00fan sin estar presentes.<\/p>\n","protected":false},"excerpt":{"rendered":"<p>La Justicia Federal resolvi\u00f3 llevar a juicio a diez ciudadanos iran\u00edes y libaneses acusados por el atentado a la AMIA ocurrido en 1994, pese a [&hellip;]<\/p>\n","protected":false},"author":1,"featured_media":246,"comment_status":"open","ping_status":"open","sticky":false,"template":"","format":"standard","meta":{"footnotes":""},"categories":[235],"tags":[],"class_list":["post-15999","post","type-post","status-publish","format-standard","has-post-thumbnail","hentry","category-judiciales"],"better_featured_image":{"id":246,"alt_text":"","caption":"","description":"","media_type":"image","media_details":{"width":768,"height":512,"file":"2023\/10\/amia.jpg","filesize":110265,"sizes":{"medium":{"file":"amia-300x200.jpg","width":300,"height":200,"mime-type":"image\/jpeg","filesize":18072,"source_url":"https:\/\/nuevodigitaldeescobar.com.ar\/wp-content\/uploads\/2023\/10\/amia-300x200.jpg"},"thumbnail":{"file":"amia-150x150.jpg","width":150,"height":150,"mime-type":"image\/jpeg","filesize":7868,"source_url":"https:\/\/nuevodigitaldeescobar.com.ar\/wp-content\/uploads\/2023\/10\/amia-150x150.jpg"},"covernews-slider-center":{"file":"amia-768x500.jpg","width":768,"height":500,"mime-type":"image\/jpeg","filesize":81456,"source_url":"https:\/\/nuevodigitaldeescobar.com.ar\/wp-content\/uploads\/2023\/10\/amia-768x500.jpg"},"covernews-medium":{"file":"amia-540x340.jpg","width":540,"height":340,"mime-type":"image\/jpeg","filesize":43765,"source_url":"https:\/\/nuevodigitaldeescobar.com.ar\/wp-content\/uploads\/2023\/10\/amia-540x340.jpg"},"covernews-medium-square":{"file":"amia-400x250.jpg","width":400,"height":250,"mime-type":"image\/jpeg","filesize":27180,"source_url":"https:\/\/nuevodigitaldeescobar.com.ar\/wp-content\/uploads\/2023\/10\/amia-400x250.jpg"}},"image_meta":{"aperture":"0","credit":"","camera":"","caption":"","created_timestamp":"0","copyright":"","focal_length":"0","iso":"0","shutter_speed":"0","title":"","orientation":"0","keywords":[]}},"post":245,"source_url":"https:\/\/nuevodigitaldeescobar.com.ar\/wp-content\/uploads\/2023\/10\/amia.jpg"},"yoast_head":"<!-- This site is optimized with the Yoast SEO plugin v26.1.1 - https:\/\/yoast.com\/wordpress\/plugins\/seo\/ -->\n<title>Por primera vez en Argentina, se aplicar\u00e1 el juicio en ausencia para los acusados del atentado a la AMIA - Nuevo Digital de Escobar<\/title>\n<meta name=\"robots\" content=\"index, follow, max-snippet:-1, max-image-preview:large, max-video-preview:-1\" \/>\n<link rel=\"canonical\" href=\"https:\/\/nuevodigitaldeescobar.com.ar\/?p=15999\" \/>\n<meta property=\"og:locale\" content=\"es_ES\" \/>\n<meta property=\"og:type\" content=\"article\" \/>\n<meta property=\"og:title\" content=\"Por primera vez en Argentina, se aplicar\u00e1 el juicio en ausencia para los acusados del atentado a la AMIA - Nuevo Digital de Escobar\" \/>\n<meta property=\"og:description\" content=\"La Justicia Federal resolvi\u00f3 llevar a juicio a diez ciudadanos iran\u00edes y libaneses acusados por el atentado a la AMIA ocurrido en 1994, pese a [&hellip;]\" \/>\n<meta property=\"og:url\" content=\"https:\/\/nuevodigitaldeescobar.com.ar\/?p=15999\" \/>\n<meta property=\"og:site_name\" content=\"Nuevo Digital de Escobar\" \/>\n<meta property=\"article:publisher\" content=\"https:\/\/www.facebook.com\/NUEVODigitalDeEscobar\" \/>\n<meta property=\"article:published_time\" content=\"2025-06-27T04:11:00+00:00\" \/>\n<meta property=\"article:modified_time\" content=\"2025-06-27T05:38:02+00:00\" \/>\n<meta property=\"og:image\" content=\"http:\/\/nuevodigitaldeescobar.com.ar\/wp-content\/uploads\/2023\/10\/amia.jpg\" \/>\n\t<meta property=\"og:image:width\" content=\"768\" \/>\n\t<meta property=\"og:image:height\" content=\"512\" \/>\n\t<meta property=\"og:image:type\" content=\"image\/jpeg\" \/>\n<meta name=\"author\" content=\"Redacci\u00f3n\" \/>\n<meta name=\"twitter:card\" content=\"summary_large_image\" \/>\n<meta name=\"twitter:creator\" content=\"@nuevodigescobar\" \/>\n<meta name=\"twitter:site\" content=\"@nuevodigescobar\" \/>\n<meta name=\"twitter:label1\" content=\"Escrito por\" \/>\n\t<meta name=\"twitter:data1\" content=\"Redacci\u00f3n\" \/>\n\t<meta name=\"twitter:label2\" content=\"Tiempo de lectura\" \/>\n\t<meta name=\"twitter:data2\" content=\"3 minutos\" \/>\n<script type=\"application\/ld+json\" class=\"yoast-schema-graph\">{\"@context\":\"https:\/\/schema.org\",\"@graph\":[{\"@type\":\"Article\",\"@id\":\"https:\/\/nuevodigitaldeescobar.com.ar\/?p=15999#article\",\"isPartOf\":{\"@id\":\"https:\/\/nuevodigitaldeescobar.com.ar\/?p=15999\"},\"author\":{\"name\":\"Redacci\u00f3n\",\"@id\":\"https:\/\/nuevodigitaldeescobar.com.ar\/#\/schema\/person\/035e90a8efe9a80e6eec22656ad6ea4c\"},\"headline\":\"Por primera vez en Argentina, se aplicar\u00e1 el juicio en ausencia para los acusados del atentado a la AMIA\",\"datePublished\":\"2025-06-27T04:11:00+00:00\",\"dateModified\":\"2025-06-27T05:38:02+00:00\",\"mainEntityOfPage\":{\"@id\":\"https:\/\/nuevodigitaldeescobar.com.ar\/?p=15999\"},\"wordCount\":516,\"commentCount\":0,\"publisher\":{\"@id\":\"https:\/\/nuevodigitaldeescobar.com.ar\/#organization\"},\"image\":{\"@id\":\"https:\/\/nuevodigitaldeescobar.com.ar\/?p=15999#primaryimage\"},\"thumbnailUrl\":\"https:\/\/nuevodigitaldeescobar.com.ar\/wp-content\/uploads\/2023\/10\/amia.jpg\",\"articleSection\":[\"Judiciales\"],\"inLanguage\":\"es\",\"potentialAction\":[{\"@type\":\"CommentAction\",\"name\":\"Comment\",\"target\":[\"https:\/\/nuevodigitaldeescobar.com.ar\/?p=15999#respond\"]}]},{\"@type\":\"WebPage\",\"@id\":\"https:\/\/nuevodigitaldeescobar.com.ar\/?p=15999\",\"url\":\"https:\/\/nuevodigitaldeescobar.com.ar\/?p=15999\",\"name\":\"Por primera vez en Argentina, se aplicar\u00e1 el juicio en ausencia para los acusados del atentado a la AMIA - Nuevo Digital de Escobar\",\"isPartOf\":{\"@id\":\"https:\/\/nuevodigitaldeescobar.com.ar\/#website\"},\"primaryImageOfPage\":{\"@id\":\"https:\/\/nuevodigitaldeescobar.com.ar\/?p=15999#primaryimage\"},\"image\":{\"@id\":\"https:\/\/nuevodigitaldeescobar.com.ar\/?p=15999#primaryimage\"},\"thumbnailUrl\":\"https:\/\/nuevodigitaldeescobar.com.ar\/wp-content\/uploads\/2023\/10\/amia.jpg\",\"datePublished\":\"2025-06-27T04:11:00+00:00\",\"dateModified\":\"2025-06-27T05:38:02+00:00\",\"breadcrumb\":{\"@id\":\"https:\/\/nuevodigitaldeescobar.com.ar\/?p=15999#breadcrumb\"},\"inLanguage\":\"es\",\"potentialAction\":[{\"@type\":\"ReadAction\",\"target\":[\"https:\/\/nuevodigitaldeescobar.com.ar\/?p=15999\"]}]},{\"@type\":\"ImageObject\",\"inLanguage\":\"es\",\"@id\":\"https:\/\/nuevodigitaldeescobar.com.ar\/?p=15999#primaryimage\",\"url\":\"https:\/\/nuevodigitaldeescobar.com.ar\/wp-content\/uploads\/2023\/10\/amia.jpg\",\"contentUrl\":\"https:\/\/nuevodigitaldeescobar.com.ar\/wp-content\/uploads\/2023\/10\/amia.jpg\",\"width\":768,\"height\":512},{\"@type\":\"BreadcrumbList\",\"@id\":\"https:\/\/nuevodigitaldeescobar.com.ar\/?p=15999#breadcrumb\",\"itemListElement\":[{\"@type\":\"ListItem\",\"position\":1,\"name\":\"Portada\",\"item\":\"https:\/\/nuevodigitaldeescobar.com.ar\/\"},{\"@type\":\"ListItem\",\"position\":2,\"name\":\"Por primera vez en Argentina, se aplicar\u00e1 el juicio en ausencia para los acusados del atentado a la AMIA\"}]},{\"@type\":\"WebSite\",\"@id\":\"https:\/\/nuevodigitaldeescobar.com.ar\/#website\",\"url\":\"https:\/\/nuevodigitaldeescobar.com.ar\/\",\"name\":\"Nuevo Digital de Escobar\",\"description\":\"La vida escobarense. Directora: Rosana Brunner\",\"publisher\":{\"@id\":\"https:\/\/nuevodigitaldeescobar.com.ar\/#organization\"},\"potentialAction\":[{\"@type\":\"SearchAction\",\"target\":{\"@type\":\"EntryPoint\",\"urlTemplate\":\"https:\/\/nuevodigitaldeescobar.com.ar\/?s={search_term_string}\"},\"query-input\":{\"@type\":\"PropertyValueSpecification\",\"valueRequired\":true,\"valueName\":\"search_term_string\"}}],\"inLanguage\":\"es\"},{\"@type\":\"Organization\",\"@id\":\"https:\/\/nuevodigitaldeescobar.com.ar\/#organization\",\"name\":\"Nuevo Digital de Escobar\",\"url\":\"https:\/\/nuevodigitaldeescobar.com.ar\/\",\"logo\":{\"@type\":\"ImageObject\",\"inLanguage\":\"es\",\"@id\":\"https:\/\/nuevodigitaldeescobar.com.ar\/#\/schema\/logo\/image\/\",\"url\":\"https:\/\/nuevodigitaldeescobar.com.ar\/wp-content\/uploads\/2025\/05\/cropped-logo-nuevo2.jpg\",\"contentUrl\":\"https:\/\/nuevodigitaldeescobar.com.ar\/wp-content\/uploads\/2025\/05\/cropped-logo-nuevo2.jpg\",\"width\":305,\"height\":305,\"caption\":\"Nuevo Digital de Escobar\"},\"image\":{\"@id\":\"https:\/\/nuevodigitaldeescobar.com.ar\/#\/schema\/logo\/image\/\"},\"sameAs\":[\"https:\/\/www.facebook.com\/NUEVODigitalDeEscobar\",\"https:\/\/x.com\/nuevodigescobar\",\"https:\/\/www.instagram.com\/nuevodigitaldeescobar\"]},{\"@type\":\"Person\",\"@id\":\"https:\/\/nuevodigitaldeescobar.com.ar\/#\/schema\/person\/035e90a8efe9a80e6eec22656ad6ea4c\",\"name\":\"Redacci\u00f3n\",\"image\":{\"@type\":\"ImageObject\",\"inLanguage\":\"es\",\"@id\":\"https:\/\/nuevodigitaldeescobar.com.ar\/#\/schema\/person\/image\/\",\"url\":\"https:\/\/secure.gravatar.com\/avatar\/8af8f40000c24e9eef3034f2be5998a372bb1389e64b1a4a36b3a7979142220d?s=96&d=mm&r=g\",\"contentUrl\":\"https:\/\/secure.gravatar.com\/avatar\/8af8f40000c24e9eef3034f2be5998a372bb1389e64b1a4a36b3a7979142220d?s=96&d=mm&r=g\",\"caption\":\"Redacci\u00f3n\"},\"sameAs\":[\"http:\/\/nuevodigitaldeescobar.com.ar\"],\"url\":\"https:\/\/nuevodigitaldeescobar.com.ar\/?author=1\"}]}<\/script>\n<!-- \/ Yoast SEO plugin. -->","yoast_head_json":{"title":"Por primera vez en Argentina, se aplicar\u00e1 el juicio en ausencia para los acusados del atentado a la AMIA - Nuevo Digital de Escobar","robots":{"index":"index","follow":"follow","max-snippet":"max-snippet:-1","max-image-preview":"max-image-preview:large","max-video-preview":"max-video-preview:-1"},"canonical":"https:\/\/nuevodigitaldeescobar.com.ar\/?p=15999","og_locale":"es_ES","og_type":"article","og_title":"Por primera vez en Argentina, se aplicar\u00e1 el juicio en ausencia para los acusados del atentado a la AMIA - Nuevo Digital de Escobar","og_description":"La Justicia Federal resolvi\u00f3 llevar a juicio a diez ciudadanos iran\u00edes y libaneses acusados por el atentado a la AMIA ocurrido en 1994, pese a [&hellip;]","og_url":"https:\/\/nuevodigitaldeescobar.com.ar\/?p=15999","og_site_name":"Nuevo Digital de Escobar","article_publisher":"https:\/\/www.facebook.com\/NUEVODigitalDeEscobar","article_published_time":"2025-06-27T04:11:00+00:00","article_modified_time":"2025-06-27T05:38:02+00:00","og_image":[{"width":768,"height":512,"url":"http:\/\/nuevodigitaldeescobar.com.ar\/wp-content\/uploads\/2023\/10\/amia.jpg","type":"image\/jpeg"}],"author":"Redacci\u00f3n","twitter_card":"summary_large_image","twitter_creator":"@nuevodigescobar","twitter_site":"@nuevodigescobar","twitter_misc":{"Escrito por":"Redacci\u00f3n","Tiempo de lectura":"3 minutos"},"schema":{"@context":"https:\/\/schema.org","@graph":[{"@type":"Article","@id":"https:\/\/nuevodigitaldeescobar.com.ar\/?p=15999#article","isPartOf":{"@id":"https:\/\/nuevodigitaldeescobar.com.ar\/?p=15999"},"author":{"name":"Redacci\u00f3n","@id":"https:\/\/nuevodigitaldeescobar.com.ar\/#\/schema\/person\/035e90a8efe9a80e6eec22656ad6ea4c"},"headline":"Por primera vez en Argentina, se aplicar\u00e1 el juicio en ausencia para los acusados del atentado a la AMIA","datePublished":"2025-06-27T04:11:00+00:00","dateModified":"2025-06-27T05:38:02+00:00","mainEntityOfPage":{"@id":"https:\/\/nuevodigitaldeescobar.com.ar\/?p=15999"},"wordCount":516,"commentCount":0,"publisher":{"@id":"https:\/\/nuevodigitaldeescobar.com.ar\/#organization"},"image":{"@id":"https:\/\/nuevodigitaldeescobar.com.ar\/?p=15999#primaryimage"},"thumbnailUrl":"https:\/\/nuevodigitaldeescobar.com.ar\/wp-content\/uploads\/2023\/10\/amia.jpg","articleSection":["Judiciales"],"inLanguage":"es","potentialAction":[{"@type":"CommentAction","name":"Comment","target":["https:\/\/nuevodigitaldeescobar.com.ar\/?p=15999#respond"]}]},{"@type":"WebPage","@id":"https:\/\/nuevodigitaldeescobar.com.ar\/?p=15999","url":"https:\/\/nuevodigitaldeescobar.com.ar\/?p=15999","name":"Por primera vez en Argentina, se aplicar\u00e1 el juicio en ausencia para los acusados del atentado a la AMIA - Nuevo Digital de Escobar","isPartOf":{"@id":"https:\/\/nuevodigitaldeescobar.com.ar\/#website"},"primaryImageOfPage":{"@id":"https:\/\/nuevodigitaldeescobar.com.ar\/?p=15999#primaryimage"},"image":{"@id":"https:\/\/nuevodigitaldeescobar.com.ar\/?p=15999#primaryimage"},"thumbnailUrl":"https:\/\/nuevodigitaldeescobar.com.ar\/wp-content\/uploads\/2023\/10\/amia.jpg","datePublished":"2025-06-27T04:11:00+00:00","dateModified":"2025-06-27T05:38:02+00:00","breadcrumb":{"@id":"https:\/\/nuevodigitaldeescobar.com.ar\/?p=15999#breadcrumb"},"inLanguage":"es","potentialAction":[{"@type":"ReadAction","target":["https:\/\/nuevodigitaldeescobar.com.ar\/?p=15999"]}]},{"@type":"ImageObject","inLanguage":"es","@id":"https:\/\/nuevodigitaldeescobar.com.ar\/?p=15999#primaryimage","url":"https:\/\/nuevodigitaldeescobar.com.ar\/wp-content\/uploads\/2023\/10\/amia.jpg","contentUrl":"https:\/\/nuevodigitaldeescobar.com.ar\/wp-content\/uploads\/2023\/10\/amia.jpg","width":768,"height":512},{"@type":"BreadcrumbList","@id":"https:\/\/nuevodigitaldeescobar.com.ar\/?p=15999#breadcrumb","itemListElement":[{"@type":"ListItem","position":1,"name":"Portada","item":"https:\/\/nuevodigitaldeescobar.com.ar\/"},{"@type":"ListItem","position":2,"name":"Por primera vez en Argentina, se aplicar\u00e1 el juicio en ausencia para los acusados del atentado a la AMIA"}]},{"@type":"WebSite","@id":"https:\/\/nuevodigitaldeescobar.com.ar\/#website","url":"https:\/\/nuevodigitaldeescobar.com.ar\/","name":"Nuevo Digital de Escobar","description":"La vida escobarense. Directora: Rosana Brunner","publisher":{"@id":"https:\/\/nuevodigitaldeescobar.com.ar\/#organization"},"potentialAction":[{"@type":"SearchAction","target":{"@type":"EntryPoint","urlTemplate":"https:\/\/nuevodigitaldeescobar.com.ar\/?s={search_term_string}"},"query-input":{"@type":"PropertyValueSpecification","valueRequired":true,"valueName":"search_term_string"}}],"inLanguage":"es"},{"@type":"Organization","@id":"https:\/\/nuevodigitaldeescobar.com.ar\/#organization","name":"Nuevo Digital de Escobar","url":"https:\/\/nuevodigitaldeescobar.com.ar\/","logo":{"@type":"ImageObject","inLanguage":"es","@id":"https:\/\/nuevodigitaldeescobar.com.ar\/#\/schema\/logo\/image\/","url":"https:\/\/nuevodigitaldeescobar.com.ar\/wp-content\/uploads\/2025\/05\/cropped-logo-nuevo2.jpg","contentUrl":"https:\/\/nuevodigitaldeescobar.com.ar\/wp-content\/uploads\/2025\/05\/cropped-logo-nuevo2.jpg","width":305,"height":305,"caption":"Nuevo Digital de Escobar"},"image":{"@id":"https:\/\/nuevodigitaldeescobar.com.ar\/#\/schema\/logo\/image\/"},"sameAs":["https:\/\/www.facebook.com\/NUEVODigitalDeEscobar","https:\/\/x.com\/nuevodigescobar","https:\/\/www.instagram.com\/nuevodigitaldeescobar"]},{"@type":"Person","@id":"https:\/\/nuevodigitaldeescobar.com.ar\/#\/schema\/person\/035e90a8efe9a80e6eec22656ad6ea4c","name":"Redacci\u00f3n","image":{"@type":"ImageObject","inLanguage":"es","@id":"https:\/\/nuevodigitaldeescobar.com.ar\/#\/schema\/person\/image\/","url":"https:\/\/secure.gravatar.com\/avatar\/8af8f40000c24e9eef3034f2be5998a372bb1389e64b1a4a36b3a7979142220d?s=96&d=mm&r=g","contentUrl":"https:\/\/secure.gravatar.com\/avatar\/8af8f40000c24e9eef3034f2be5998a372bb1389e64b1a4a36b3a7979142220d?s=96&d=mm&r=g","caption":"Redacci\u00f3n"},"sameAs":["http:\/\/nuevodigitaldeescobar.com.ar"],"url":"https:\/\/nuevodigitaldeescobar.com.ar\/?author=1"}]}},"featured_image_urls":{"full":["https:\/\/nuevodigitaldeescobar.com.ar\/wp-content\/uploads\/2023\/10\/amia.jpg",768,512,false],"thumbnail":["https:\/\/nuevodigitaldeescobar.com.ar\/wp-content\/uploads\/2023\/10\/amia-150x150.jpg",150,150,true],"medium":["https:\/\/nuevodigitaldeescobar.com.ar\/wp-content\/uploads\/2023\/10\/amia-300x200.jpg",300,200,true],"medium_large":["https:\/\/nuevodigitaldeescobar.com.ar\/wp-content\/uploads\/2023\/10\/amia.jpg",640,427,false],"large":["https:\/\/nuevodigitaldeescobar.com.ar\/wp-content\/uploads\/2023\/10\/amia.jpg",640,427,false],"1536x1536":["https:\/\/nuevodigitaldeescobar.com.ar\/wp-content\/uploads\/2023\/10\/amia.jpg",768,512,false],"2048x2048":["https:\/\/nuevodigitaldeescobar.com.ar\/wp-content\/uploads\/2023\/10\/amia.jpg",768,512,false]},"author_info":{"display_name":"Redacci\u00f3n","author_link":"https:\/\/nuevodigitaldeescobar.com.ar\/?author=1"},"category_info":"<a href=\"https:\/\/nuevodigitaldeescobar.com.ar\/?cat=235\" rel=\"category\">Judiciales<\/a>","tag_info":"Judiciales","comment_count":"0","_links":{"self":[{"href":"https:\/\/nuevodigitaldeescobar.com.ar\/index.php?rest_route=\/wp\/v2\/posts\/15999","targetHints":{"allow":["GET"]}}],"collection":[{"href":"https:\/\/nuevodigitaldeescobar.com.ar\/index.php?rest_route=\/wp\/v2\/posts"}],"about":[{"href":"https:\/\/nuevodigitaldeescobar.com.ar\/index.php?rest_route=\/wp\/v2\/types\/post"}],"author":[{"embeddable":true,"href":"https:\/\/nuevodigitaldeescobar.com.ar\/index.php?rest_route=\/wp\/v2\/users\/1"}],"replies":[{"embeddable":true,"href":"https:\/\/nuevodigitaldeescobar.com.ar\/index.php?rest_route=%2Fwp%2Fv2%2Fcomments&post=15999"}],"version-history":[{"count":1,"href":"https:\/\/nuevodigitaldeescobar.com.ar\/index.php?rest_route=\/wp\/v2\/posts\/15999\/revisions"}],"predecessor-version":[{"id":16001,"href":"https:\/\/nuevodigitaldeescobar.com.ar\/index.php?rest_route=\/wp\/v2\/posts\/15999\/revisions\/16001"}],"wp:featuredmedia":[{"embeddable":true,"href":"https:\/\/nuevodigitaldeescobar.com.ar\/index.php?rest_route=\/wp\/v2\/media\/246"}],"wp:attachment":[{"href":"https:\/\/nuevodigitaldeescobar.com.ar\/index.php?rest_route=%2Fwp%2Fv2%2Fmedia&parent=15999"}],"wp:term":[{"taxonomy":"category","embeddable":true,"href":"https:\/\/nuevodigitaldeescobar.com.ar\/index.php?rest_route=%2Fwp%2Fv2%2Fcategories&post=15999"},{"taxonomy":"post_tag","embeddable":true,"href":"https:\/\/nuevodigitaldeescobar.com.ar\/index.php?rest_route=%2Fwp%2Fv2%2Ftags&post=15999"}],"curies":[{"name":"wp","href":"https:\/\/api.w.org\/{rel}","templated":true}]}}