{"id":16011,"date":"2025-06-27T11:27:19","date_gmt":"2025-06-27T14:27:19","guid":{"rendered":"https:\/\/nuevodigitaldeescobar.com.ar\/?p=16011"},"modified":"2025-06-27T11:27:31","modified_gmt":"2025-06-27T14:27:31","slug":"finde-en-escobar-la-fogata-de-san-juan-y-el-espectaculo-el-cuarto-soda-son-los-eventos-destacados","status":"publish","type":"post","link":"https:\/\/nuevodigitaldeescobar.com.ar\/?p=16011","title":{"rendered":"Finde en Escobar: la Fogata de San Juan y el espect\u00e1culo \u201cEl Cuarto Soda\u201d son los eventos destacados"},"content":{"rendered":"\n<p>Una vez m\u00e1s, llega un nuevo fin de semana al partido de Escobar cargado de m\u00faltiples actividades ideales para vivir en familia o con amigos, como por ejemplo la jornada JuveActiva, una nueva edici\u00f3n de la Fogata de San Juan y el espect\u00e1culo \u201cEl Cuarto Soda\u201d, entre otras propuestas culturales.<\/p>\n\n\n\n<!--more-->\n\n\n\n<p>Las actividades comienzan este viernes, a las 16 horas en la Plaza Lambertuchi (Col\u00f3n y Ameghino, Bel\u00e9n de Escobar) con la jornada cultural JuveActiva que contar\u00e1 con competencias de Freestyle, BMX y Skate. Luego, a las 19 horas en la Casa de la Cultura (Mitre 450, Bel\u00e9n de Escobar) tendr\u00e1 lugar un taller de danza urbana. Adem\u00e1s, el Cine Italia (Mitre 451, Bel\u00e9n de Escobar) proyectar\u00e1 las pel\u00edculas \u201cLilo y Stitch\u201d a las 16 horas y \u201cC\u00f3mo Entrenar a Tu Drag\u00f3n\u201d a las 18:30 horas.<\/p>\n\n\n\n<p>El s\u00e1bado, a las 14 horas, se realizar\u00e1 un encuentro de m\u00fasica coral en el anfiteatro El Dorado (Av. El Dorado y Las Heras, Ingeniero Maschwitz) con la participaci\u00f3n del Ensamble Vocal Caleuche, el Coro Voces del Alma, el Coro de Ni\u00f1o, Ni\u00f1as y Adolescentes de Escobar y el Coro Popular Municipal de Escobar. M\u00e1s tarde, a partir de las 18 horas en el Parque Papa Francisco (El Dorado 1900, Ingeniero Maschwitz) se celebrar\u00e1 la 14\u00aa edici\u00f3n de la Fogata de San Juan que contar\u00e1 con la tradicional Procesi\u00f3n del Mu\u00f1eco.&nbsp;<\/p>\n\n\n<div class=\"wp-block-image\">\n<figure class=\"aligncenter size-large\"><img fetchpriority=\"high\" decoding=\"async\" width=\"1024\" height=\"683\" src=\"http:\/\/nuevodigitaldeescobar.com.ar\/wp-content\/uploads\/2025\/06\/fogonsanjuan_21-1024x683.jpg\" alt=\"\" class=\"wp-image-16012\" srcset=\"https:\/\/nuevodigitaldeescobar.com.ar\/wp-content\/uploads\/2025\/06\/fogonsanjuan_21-1024x683.jpg 1024w, https:\/\/nuevodigitaldeescobar.com.ar\/wp-content\/uploads\/2025\/06\/fogonsanjuan_21-300x200.jpg 300w, https:\/\/nuevodigitaldeescobar.com.ar\/wp-content\/uploads\/2025\/06\/fogonsanjuan_21-768x512.jpg 768w, https:\/\/nuevodigitaldeescobar.com.ar\/wp-content\/uploads\/2025\/06\/fogonsanjuan_21-1536x1024.jpg 1536w, https:\/\/nuevodigitaldeescobar.com.ar\/wp-content\/uploads\/2025\/06\/fogonsanjuan_21.jpg 1920w\" sizes=\"(max-width: 1024px) 100vw, 1024px\" \/><\/figure><\/div>\n\n\n<p>Tambi\u00e9n el s\u00e1bado, a las 19 horas en la Casa de la Cultura, se inaugurar\u00e1 la muestra de arte \u201cObjeto Sujeto\u201d a cargo de la artista visual Sara Polisano y con un cierre musical a cargo de Mat\u00edas Canchi y el grupo Entes de Contacto. La muestra, con entrada libre y gratuita, podr\u00e1 visitarse hasta el 10 de julio de lunes a viernes de 9 a 14 horas. Luego, a las 21:30 horas en el Teatro Seminari, se llevar\u00e1 adelante el espect\u00e1culo \u201cEl Cuarto Soda\u201d, un tributo a la banda de rock nacional Soda Stereo donde se interpretar\u00e1n los grandes \u00e9xitos del grupo musical liderado por Gustavo Cerati.<\/p>\n\n\n\n<p>El domingo, a las 19 horas, el Teatro Seminari contar\u00e1 con un concierto de la Orquesta de C\u00e1mara de Escobar dedicado \u00edntegramente a compositores del per\u00edodo rococ\u00f3. Lo recaudado en la funci\u00f3n ser\u00e1 destinado para colaborar con la reconstrucci\u00f3n de dos aulas de la escuela Arc\u00e1ngel Gabriel de Bel\u00e9n de Escobar. &nbsp;M\u00e1s tarde, a las 20:30 horas en el Seminari, se realizar\u00e1 el encuentro \u201cMilonga de Junio\u201d con muestras, clases abiertas y un cierre musical a cargo del conjunto Flor de L\u00edo.<\/p>\n","protected":false},"excerpt":{"rendered":"<p>Una vez m\u00e1s, llega un nuevo fin de semana al partido de Escobar cargado de m\u00faltiples actividades ideales para vivir en familia o con amigos, [&hellip;]<\/p>\n","protected":false},"author":1,"featured_media":16013,"comment_status":"open","ping_status":"open","sticky":false,"template":"","format":"standard","meta":{"footnotes":""},"categories":[11],"tags":[],"class_list":["post-16011","post","type-post","status-publish","format-standard","has-post-thumbnail","hentry","category-cultura-arte-y-espectaculos"],"better_featured_image":{"id":16013,"alt_text":"","caption":"","description":"","media_type":"image","media_details":{"width":1330,"height":880,"file":"2025\/06\/img_20250124_wa0060.jpg","filesize":93085,"sizes":{"medium":{"file":"img_20250124_wa0060-300x198.jpg","width":300,"height":198,"mime-type":"image\/jpeg","filesize":9610,"source_url":"https:\/\/nuevodigitaldeescobar.com.ar\/wp-content\/uploads\/2025\/06\/img_20250124_wa0060-300x198.jpg"},"large":{"file":"img_20250124_wa0060-1024x678.jpg","width":1024,"height":678,"mime-type":"image\/jpeg","filesize":66960,"source_url":"https:\/\/nuevodigitaldeescobar.com.ar\/wp-content\/uploads\/2025\/06\/img_20250124_wa0060-1024x678.jpg"},"thumbnail":{"file":"img_20250124_wa0060-150x150.jpg","width":150,"height":150,"mime-type":"image\/jpeg","filesize":5238,"source_url":"https:\/\/nuevodigitaldeescobar.com.ar\/wp-content\/uploads\/2025\/06\/img_20250124_wa0060-150x150.jpg"},"medium_large":{"file":"img_20250124_wa0060-768x508.jpg","width":768,"height":508,"mime-type":"image\/jpeg","filesize":41417,"source_url":"https:\/\/nuevodigitaldeescobar.com.ar\/wp-content\/uploads\/2025\/06\/img_20250124_wa0060-768x508.jpg"}},"image_meta":{"aperture":"0","credit":"","camera":"","caption":"","created_timestamp":"0","copyright":"","focal_length":"0","iso":"0","shutter_speed":"0","title":"","orientation":"0","keywords":[]}},"post":16011,"source_url":"https:\/\/nuevodigitaldeescobar.com.ar\/wp-content\/uploads\/2025\/06\/img_20250124_wa0060.jpg"},"yoast_head":"<!-- This site is optimized with the Yoast SEO plugin v26.1.1 - https:\/\/yoast.com\/wordpress\/plugins\/seo\/ -->\n<title>Finde en Escobar: la Fogata de San Juan y el espect\u00e1culo \u201cEl Cuarto Soda\u201d son los eventos destacados - Nuevo Digital de Escobar<\/title>\n<meta name=\"description\" content=\"Ma\u00f1ana se llevar\u00e1 adelante el espect\u00e1culo \u201cEl Cuarto Soda\u201d, un tributo a la banda de rock nacional Soda Stereo donde se interpretar\u00e1n los grandes \u00e9xitos del grupo musical liderado por Gustavo Cerati.\" \/>\n<meta name=\"robots\" content=\"index, follow, max-snippet:-1, max-image-preview:large, max-video-preview:-1\" \/>\n<link rel=\"canonical\" href=\"https:\/\/nuevodigitaldeescobar.com.ar\/?p=16011\" \/>\n<meta property=\"og:locale\" content=\"es_ES\" \/>\n<meta property=\"og:type\" content=\"article\" \/>\n<meta property=\"og:title\" content=\"La Fogata de San Juan y el espect\u00e1culo \u201cEl Cuarto Soda\u201d son los eventos destacados del finde\" \/>\n<meta property=\"og:description\" content=\"Ma\u00f1ana se llevar\u00e1 adelante el espect\u00e1culo \u201cEl Cuarto Soda\u201d, un tributo a la banda de rock nacional Soda Stereo donde se interpretar\u00e1n los grandes \u00e9xitos del grupo musical liderado por Gustavo Cerati.\" \/>\n<meta property=\"og:url\" content=\"https:\/\/nuevodigitaldeescobar.com.ar\/?p=16011\" \/>\n<meta property=\"og:site_name\" content=\"Nuevo Digital de Escobar\" \/>\n<meta property=\"article:publisher\" content=\"https:\/\/www.facebook.com\/NUEVODigitalDeEscobar\" \/>\n<meta property=\"article:published_time\" content=\"2025-06-27T14:27:19+00:00\" \/>\n<meta property=\"article:modified_time\" content=\"2025-06-27T14:27:31+00:00\" \/>\n<meta property=\"og:image\" content=\"http:\/\/nuevodigitaldeescobar.com.ar\/wp-content\/uploads\/2025\/06\/img_20250124_wa0060.jpg\" \/>\n\t<meta property=\"og:image:width\" content=\"1330\" \/>\n\t<meta property=\"og:image:height\" content=\"880\" \/>\n\t<meta property=\"og:image:type\" content=\"image\/jpeg\" \/>\n<meta name=\"author\" content=\"Redacci\u00f3n\" \/>\n<meta name=\"twitter:card\" content=\"summary_large_image\" \/>\n<meta name=\"twitter:creator\" content=\"@nuevodigescobar\" \/>\n<meta name=\"twitter:site\" content=\"@nuevodigescobar\" \/>\n<meta name=\"twitter:label1\" content=\"Escrito por\" \/>\n\t<meta name=\"twitter:data1\" content=\"Redacci\u00f3n\" \/>\n\t<meta name=\"twitter:label2\" content=\"Tiempo de lectura\" \/>\n\t<meta name=\"twitter:data2\" content=\"3 minutos\" \/>\n<script type=\"application\/ld+json\" class=\"yoast-schema-graph\">{\"@context\":\"https:\/\/schema.org\",\"@graph\":[{\"@type\":\"Article\",\"@id\":\"https:\/\/nuevodigitaldeescobar.com.ar\/?p=16011#article\",\"isPartOf\":{\"@id\":\"https:\/\/nuevodigitaldeescobar.com.ar\/?p=16011\"},\"author\":{\"name\":\"Redacci\u00f3n\",\"@id\":\"https:\/\/nuevodigitaldeescobar.com.ar\/#\/schema\/person\/035e90a8efe9a80e6eec22656ad6ea4c\"},\"headline\":\"Finde en Escobar: la Fogata de San Juan y el espect\u00e1culo \u201cEl Cuarto Soda\u201d son los eventos destacados\",\"datePublished\":\"2025-06-27T14:27:19+00:00\",\"dateModified\":\"2025-06-27T14:27:31+00:00\",\"mainEntityOfPage\":{\"@id\":\"https:\/\/nuevodigitaldeescobar.com.ar\/?p=16011\"},\"wordCount\":454,\"commentCount\":0,\"publisher\":{\"@id\":\"https:\/\/nuevodigitaldeescobar.com.ar\/#organization\"},\"image\":{\"@id\":\"https:\/\/nuevodigitaldeescobar.com.ar\/?p=16011#primaryimage\"},\"thumbnailUrl\":\"https:\/\/nuevodigitaldeescobar.com.ar\/wp-content\/uploads\/2025\/06\/img_20250124_wa0060.jpg\",\"articleSection\":[\"Cultura, Arte y Espect\u00e1culos\"],\"inLanguage\":\"es\",\"potentialAction\":[{\"@type\":\"CommentAction\",\"name\":\"Comment\",\"target\":[\"https:\/\/nuevodigitaldeescobar.com.ar\/?p=16011#respond\"]}]},{\"@type\":\"WebPage\",\"@id\":\"https:\/\/nuevodigitaldeescobar.com.ar\/?p=16011\",\"url\":\"https:\/\/nuevodigitaldeescobar.com.ar\/?p=16011\",\"name\":\"Finde en Escobar: la Fogata de San Juan y el espect\u00e1culo \u201cEl Cuarto Soda\u201d son los eventos destacados - Nuevo Digital de Escobar\",\"isPartOf\":{\"@id\":\"https:\/\/nuevodigitaldeescobar.com.ar\/#website\"},\"primaryImageOfPage\":{\"@id\":\"https:\/\/nuevodigitaldeescobar.com.ar\/?p=16011#primaryimage\"},\"image\":{\"@id\":\"https:\/\/nuevodigitaldeescobar.com.ar\/?p=16011#primaryimage\"},\"thumbnailUrl\":\"https:\/\/nuevodigitaldeescobar.com.ar\/wp-content\/uploads\/2025\/06\/img_20250124_wa0060.jpg\",\"datePublished\":\"2025-06-27T14:27:19+00:00\",\"dateModified\":\"2025-06-27T14:27:31+00:00\",\"description\":\"Ma\u00f1ana se llevar\u00e1 adelante el espect\u00e1culo \u201cEl Cuarto Soda\u201d, un tributo a la banda de rock nacional Soda Stereo donde se interpretar\u00e1n los grandes \u00e9xitos del grupo musical liderado por Gustavo Cerati.\",\"breadcrumb\":{\"@id\":\"https:\/\/nuevodigitaldeescobar.com.ar\/?p=16011#breadcrumb\"},\"inLanguage\":\"es\",\"potentialAction\":[{\"@type\":\"ReadAction\",\"target\":[\"https:\/\/nuevodigitaldeescobar.com.ar\/?p=16011\"]}]},{\"@type\":\"ImageObject\",\"inLanguage\":\"es\",\"@id\":\"https:\/\/nuevodigitaldeescobar.com.ar\/?p=16011#primaryimage\",\"url\":\"https:\/\/nuevodigitaldeescobar.com.ar\/wp-content\/uploads\/2025\/06\/img_20250124_wa0060.jpg\",\"contentUrl\":\"https:\/\/nuevodigitaldeescobar.com.ar\/wp-content\/uploads\/2025\/06\/img_20250124_wa0060.jpg\",\"width\":1330,\"height\":880},{\"@type\":\"BreadcrumbList\",\"@id\":\"https:\/\/nuevodigitaldeescobar.com.ar\/?p=16011#breadcrumb\",\"itemListElement\":[{\"@type\":\"ListItem\",\"position\":1,\"name\":\"Portada\",\"item\":\"https:\/\/nuevodigitaldeescobar.com.ar\/\"},{\"@type\":\"ListItem\",\"position\":2,\"name\":\"Finde en Escobar: la Fogata de San Juan y el espect\u00e1culo \u201cEl Cuarto Soda\u201d son los eventos destacados\"}]},{\"@type\":\"WebSite\",\"@id\":\"https:\/\/nuevodigitaldeescobar.com.ar\/#website\",\"url\":\"https:\/\/nuevodigitaldeescobar.com.ar\/\",\"name\":\"Nuevo Digital de Escobar\",\"description\":\"La vida escobarense. Directora: Rosana Brunner\",\"publisher\":{\"@id\":\"https:\/\/nuevodigitaldeescobar.com.ar\/#organization\"},\"potentialAction\":[{\"@type\":\"SearchAction\",\"target\":{\"@type\":\"EntryPoint\",\"urlTemplate\":\"https:\/\/nuevodigitaldeescobar.com.ar\/?s={search_term_string}\"},\"query-input\":{\"@type\":\"PropertyValueSpecification\",\"valueRequired\":true,\"valueName\":\"search_term_string\"}}],\"inLanguage\":\"es\"},{\"@type\":\"Organization\",\"@id\":\"https:\/\/nuevodigitaldeescobar.com.ar\/#organization\",\"name\":\"Nuevo Digital de Escobar\",\"url\":\"https:\/\/nuevodigitaldeescobar.com.ar\/\",\"logo\":{\"@type\":\"ImageObject\",\"inLanguage\":\"es\",\"@id\":\"https:\/\/nuevodigitaldeescobar.com.ar\/#\/schema\/logo\/image\/\",\"url\":\"https:\/\/nuevodigitaldeescobar.com.ar\/wp-content\/uploads\/2025\/05\/cropped-logo-nuevo2.jpg\",\"contentUrl\":\"https:\/\/nuevodigitaldeescobar.com.ar\/wp-content\/uploads\/2025\/05\/cropped-logo-nuevo2.jpg\",\"width\":305,\"height\":305,\"caption\":\"Nuevo Digital de Escobar\"},\"image\":{\"@id\":\"https:\/\/nuevodigitaldeescobar.com.ar\/#\/schema\/logo\/image\/\"},\"sameAs\":[\"https:\/\/www.facebook.com\/NUEVODigitalDeEscobar\",\"https:\/\/x.com\/nuevodigescobar\",\"https:\/\/www.instagram.com\/nuevodigitaldeescobar\"]},{\"@type\":\"Person\",\"@id\":\"https:\/\/nuevodigitaldeescobar.com.ar\/#\/schema\/person\/035e90a8efe9a80e6eec22656ad6ea4c\",\"name\":\"Redacci\u00f3n\",\"image\":{\"@type\":\"ImageObject\",\"inLanguage\":\"es\",\"@id\":\"https:\/\/nuevodigitaldeescobar.com.ar\/#\/schema\/person\/image\/\",\"url\":\"https:\/\/secure.gravatar.com\/avatar\/8af8f40000c24e9eef3034f2be5998a372bb1389e64b1a4a36b3a7979142220d?s=96&d=mm&r=g\",\"contentUrl\":\"https:\/\/secure.gravatar.com\/avatar\/8af8f40000c24e9eef3034f2be5998a372bb1389e64b1a4a36b3a7979142220d?s=96&d=mm&r=g\",\"caption\":\"Redacci\u00f3n\"},\"sameAs\":[\"http:\/\/nuevodigitaldeescobar.com.ar\"],\"url\":\"https:\/\/nuevodigitaldeescobar.com.ar\/?author=1\"}]}<\/script>\n<!-- \/ Yoast SEO plugin. -->","yoast_head_json":{"title":"Finde en Escobar: la Fogata de San Juan y el espect\u00e1culo \u201cEl Cuarto Soda\u201d son los eventos destacados - Nuevo Digital de Escobar","description":"Ma\u00f1ana se llevar\u00e1 adelante el espect\u00e1culo \u201cEl Cuarto Soda\u201d, un tributo a la banda de rock nacional Soda Stereo donde se interpretar\u00e1n los grandes \u00e9xitos del grupo musical liderado por Gustavo Cerati.","robots":{"index":"index","follow":"follow","max-snippet":"max-snippet:-1","max-image-preview":"max-image-preview:large","max-video-preview":"max-video-preview:-1"},"canonical":"https:\/\/nuevodigitaldeescobar.com.ar\/?p=16011","og_locale":"es_ES","og_type":"article","og_title":"La Fogata de San Juan y el espect\u00e1culo \u201cEl Cuarto Soda\u201d son los eventos destacados del finde","og_description":"Ma\u00f1ana se llevar\u00e1 adelante el espect\u00e1culo \u201cEl Cuarto Soda\u201d, un tributo a la banda de rock nacional Soda Stereo donde se interpretar\u00e1n los grandes \u00e9xitos del grupo musical liderado por Gustavo Cerati.","og_url":"https:\/\/nuevodigitaldeescobar.com.ar\/?p=16011","og_site_name":"Nuevo Digital de Escobar","article_publisher":"https:\/\/www.facebook.com\/NUEVODigitalDeEscobar","article_published_time":"2025-06-27T14:27:19+00:00","article_modified_time":"2025-06-27T14:27:31+00:00","og_image":[{"width":1330,"height":880,"url":"http:\/\/nuevodigitaldeescobar.com.ar\/wp-content\/uploads\/2025\/06\/img_20250124_wa0060.jpg","type":"image\/jpeg"}],"author":"Redacci\u00f3n","twitter_card":"summary_large_image","twitter_creator":"@nuevodigescobar","twitter_site":"@nuevodigescobar","twitter_misc":{"Escrito por":"Redacci\u00f3n","Tiempo de lectura":"3 minutos"},"schema":{"@context":"https:\/\/schema.org","@graph":[{"@type":"Article","@id":"https:\/\/nuevodigitaldeescobar.com.ar\/?p=16011#article","isPartOf":{"@id":"https:\/\/nuevodigitaldeescobar.com.ar\/?p=16011"},"author":{"name":"Redacci\u00f3n","@id":"https:\/\/nuevodigitaldeescobar.com.ar\/#\/schema\/person\/035e90a8efe9a80e6eec22656ad6ea4c"},"headline":"Finde en Escobar: la Fogata de San Juan y el espect\u00e1culo \u201cEl Cuarto Soda\u201d son los eventos destacados","datePublished":"2025-06-27T14:27:19+00:00","dateModified":"2025-06-27T14:27:31+00:00","mainEntityOfPage":{"@id":"https:\/\/nuevodigitaldeescobar.com.ar\/?p=16011"},"wordCount":454,"commentCount":0,"publisher":{"@id":"https:\/\/nuevodigitaldeescobar.com.ar\/#organization"},"image":{"@id":"https:\/\/nuevodigitaldeescobar.com.ar\/?p=16011#primaryimage"},"thumbnailUrl":"https:\/\/nuevodigitaldeescobar.com.ar\/wp-content\/uploads\/2025\/06\/img_20250124_wa0060.jpg","articleSection":["Cultura, Arte y Espect\u00e1culos"],"inLanguage":"es","potentialAction":[{"@type":"CommentAction","name":"Comment","target":["https:\/\/nuevodigitaldeescobar.com.ar\/?p=16011#respond"]}]},{"@type":"WebPage","@id":"https:\/\/nuevodigitaldeescobar.com.ar\/?p=16011","url":"https:\/\/nuevodigitaldeescobar.com.ar\/?p=16011","name":"Finde en Escobar: la Fogata de San Juan y el espect\u00e1culo \u201cEl Cuarto Soda\u201d son los eventos destacados - Nuevo Digital de Escobar","isPartOf":{"@id":"https:\/\/nuevodigitaldeescobar.com.ar\/#website"},"primaryImageOfPage":{"@id":"https:\/\/nuevodigitaldeescobar.com.ar\/?p=16011#primaryimage"},"image":{"@id":"https:\/\/nuevodigitaldeescobar.com.ar\/?p=16011#primaryimage"},"thumbnailUrl":"https:\/\/nuevodigitaldeescobar.com.ar\/wp-content\/uploads\/2025\/06\/img_20250124_wa0060.jpg","datePublished":"2025-06-27T14:27:19+00:00","dateModified":"2025-06-27T14:27:31+00:00","description":"Ma\u00f1ana se llevar\u00e1 adelante el espect\u00e1culo \u201cEl Cuarto Soda\u201d, un tributo a la banda de rock nacional Soda Stereo donde se interpretar\u00e1n los grandes \u00e9xitos del grupo musical liderado por Gustavo Cerati.","breadcrumb":{"@id":"https:\/\/nuevodigitaldeescobar.com.ar\/?p=16011#breadcrumb"},"inLanguage":"es","potentialAction":[{"@type":"ReadAction","target":["https:\/\/nuevodigitaldeescobar.com.ar\/?p=16011"]}]},{"@type":"ImageObject","inLanguage":"es","@id":"https:\/\/nuevodigitaldeescobar.com.ar\/?p=16011#primaryimage","url":"https:\/\/nuevodigitaldeescobar.com.ar\/wp-content\/uploads\/2025\/06\/img_20250124_wa0060.jpg","contentUrl":"https:\/\/nuevodigitaldeescobar.com.ar\/wp-content\/uploads\/2025\/06\/img_20250124_wa0060.jpg","width":1330,"height":880},{"@type":"BreadcrumbList","@id":"https:\/\/nuevodigitaldeescobar.com.ar\/?p=16011#breadcrumb","itemListElement":[{"@type":"ListItem","position":1,"name":"Portada","item":"https:\/\/nuevodigitaldeescobar.com.ar\/"},{"@type":"ListItem","position":2,"name":"Finde en Escobar: la Fogata de San Juan y el espect\u00e1culo \u201cEl Cuarto Soda\u201d son los eventos destacados"}]},{"@type":"WebSite","@id":"https:\/\/nuevodigitaldeescobar.com.ar\/#website","url":"https:\/\/nuevodigitaldeescobar.com.ar\/","name":"Nuevo Digital de Escobar","description":"La vida escobarense. Directora: Rosana Brunner","publisher":{"@id":"https:\/\/nuevodigitaldeescobar.com.ar\/#organization"},"potentialAction":[{"@type":"SearchAction","target":{"@type":"EntryPoint","urlTemplate":"https:\/\/nuevodigitaldeescobar.com.ar\/?s={search_term_string}"},"query-input":{"@type":"PropertyValueSpecification","valueRequired":true,"valueName":"search_term_string"}}],"inLanguage":"es"},{"@type":"Organization","@id":"https:\/\/nuevodigitaldeescobar.com.ar\/#organization","name":"Nuevo Digital de Escobar","url":"https:\/\/nuevodigitaldeescobar.com.ar\/","logo":{"@type":"ImageObject","inLanguage":"es","@id":"https:\/\/nuevodigitaldeescobar.com.ar\/#\/schema\/logo\/image\/","url":"https:\/\/nuevodigitaldeescobar.com.ar\/wp-content\/uploads\/2025\/05\/cropped-logo-nuevo2.jpg","contentUrl":"https:\/\/nuevodigitaldeescobar.com.ar\/wp-content\/uploads\/2025\/05\/cropped-logo-nuevo2.jpg","width":305,"height":305,"caption":"Nuevo Digital de Escobar"},"image":{"@id":"https:\/\/nuevodigitaldeescobar.com.ar\/#\/schema\/logo\/image\/"},"sameAs":["https:\/\/www.facebook.com\/NUEVODigitalDeEscobar","https:\/\/x.com\/nuevodigescobar","https:\/\/www.instagram.com\/nuevodigitaldeescobar"]},{"@type":"Person","@id":"https:\/\/nuevodigitaldeescobar.com.ar\/#\/schema\/person\/035e90a8efe9a80e6eec22656ad6ea4c","name":"Redacci\u00f3n","image":{"@type":"ImageObject","inLanguage":"es","@id":"https:\/\/nuevodigitaldeescobar.com.ar\/#\/schema\/person\/image\/","url":"https:\/\/secure.gravatar.com\/avatar\/8af8f40000c24e9eef3034f2be5998a372bb1389e64b1a4a36b3a7979142220d?s=96&d=mm&r=g","contentUrl":"https:\/\/secure.gravatar.com\/avatar\/8af8f40000c24e9eef3034f2be5998a372bb1389e64b1a4a36b3a7979142220d?s=96&d=mm&r=g","caption":"Redacci\u00f3n"},"sameAs":["http:\/\/nuevodigitaldeescobar.com.ar"],"url":"https:\/\/nuevodigitaldeescobar.com.ar\/?author=1"}]}},"featured_image_urls":{"full":["https:\/\/nuevodigitaldeescobar.com.ar\/wp-content\/uploads\/2025\/06\/img_20250124_wa0060.jpg",1330,880,false],"thumbnail":["https:\/\/nuevodigitaldeescobar.com.ar\/wp-content\/uploads\/2025\/06\/img_20250124_wa0060-150x150.jpg",150,150,true],"medium":["https:\/\/nuevodigitaldeescobar.com.ar\/wp-content\/uploads\/2025\/06\/img_20250124_wa0060-300x198.jpg",300,198,true],"medium_large":["https:\/\/nuevodigitaldeescobar.com.ar\/wp-content\/uploads\/2025\/06\/img_20250124_wa0060-768x508.jpg",640,423,true],"large":["https:\/\/nuevodigitaldeescobar.com.ar\/wp-content\/uploads\/2025\/06\/img_20250124_wa0060-1024x678.jpg",640,424,true],"1536x1536":["https:\/\/nuevodigitaldeescobar.com.ar\/wp-content\/uploads\/2025\/06\/img_20250124_wa0060.jpg",1330,880,false],"2048x2048":["https:\/\/nuevodigitaldeescobar.com.ar\/wp-content\/uploads\/2025\/06\/img_20250124_wa0060.jpg",1330,880,false]},"author_info":{"display_name":"Redacci\u00f3n","author_link":"https:\/\/nuevodigitaldeescobar.com.ar\/?author=1"},"category_info":"<a href=\"https:\/\/nuevodigitaldeescobar.com.ar\/?cat=11\" rel=\"category\">Cultura, Arte y Espect\u00e1culos<\/a>","tag_info":"Cultura, Arte y Espect\u00e1culos","comment_count":"0","_links":{"self":[{"href":"https:\/\/nuevodigitaldeescobar.com.ar\/index.php?rest_route=\/wp\/v2\/posts\/16011","targetHints":{"allow":["GET"]}}],"collection":[{"href":"https:\/\/nuevodigitaldeescobar.com.ar\/index.php?rest_route=\/wp\/v2\/posts"}],"about":[{"href":"https:\/\/nuevodigitaldeescobar.com.ar\/index.php?rest_route=\/wp\/v2\/types\/post"}],"author":[{"embeddable":true,"href":"https:\/\/nuevodigitaldeescobar.com.ar\/index.php?rest_route=\/wp\/v2\/users\/1"}],"replies":[{"embeddable":true,"href":"https:\/\/nuevodigitaldeescobar.com.ar\/index.php?rest_route=%2Fwp%2Fv2%2Fcomments&post=16011"}],"version-history":[{"count":1,"href":"https:\/\/nuevodigitaldeescobar.com.ar\/index.php?rest_route=\/wp\/v2\/posts\/16011\/revisions"}],"predecessor-version":[{"id":16014,"href":"https:\/\/nuevodigitaldeescobar.com.ar\/index.php?rest_route=\/wp\/v2\/posts\/16011\/revisions\/16014"}],"wp:featuredmedia":[{"embeddable":true,"href":"https:\/\/nuevodigitaldeescobar.com.ar\/index.php?rest_route=\/wp\/v2\/media\/16013"}],"wp:attachment":[{"href":"https:\/\/nuevodigitaldeescobar.com.ar\/index.php?rest_route=%2Fwp%2Fv2%2Fmedia&parent=16011"}],"wp:term":[{"taxonomy":"category","embeddable":true,"href":"https:\/\/nuevodigitaldeescobar.com.ar\/index.php?rest_route=%2Fwp%2Fv2%2Fcategories&post=16011"},{"taxonomy":"post_tag","embeddable":true,"href":"https:\/\/nuevodigitaldeescobar.com.ar\/index.php?rest_route=%2Fwp%2Fv2%2Ftags&post=16011"}],"curies":[{"name":"wp","href":"https:\/\/api.w.org\/{rel}","templated":true}]}}