{"id":16047,"date":"2025-06-30T02:36:45","date_gmt":"2025-06-30T05:36:45","guid":{"rendered":"https:\/\/nuevodigitaldeescobar.com.ar\/?p=16047"},"modified":"2025-06-30T02:36:47","modified_gmt":"2025-06-30T05:36:47","slug":"tragedia-en-junin-murieron-tres-chicos-en-un-incendio-y-hay-dos-adultos-internados-en-grave-estado","status":"publish","type":"post","link":"https:\/\/nuevodigitaldeescobar.com.ar\/?p=16047","title":{"rendered":"Tragedia en Jun\u00edn: murieron tres chicos en un incendio y hay dos adultos internados en grave estado"},"content":{"rendered":"\n<p class=\"has-vivid-cyan-blue-color has-text-color has-link-color wp-elements-9019f1a9a30b62bb3cba750be550e4be\"><em><strong>Un incendio desatado en una vivienda del barrio Suiza, en la ciudad bonaerense de Jun\u00edn, provoc\u00f3 la muerte de tres menores de edad y dej\u00f3 a dos adultos con graves lesiones. Las v\u00edctimas son dos hermanitas de 8 meses y 2 a\u00f1os, y un nene de 9. El siniestro ocurri\u00f3 en la madrugada del domingo y a\u00fan se investigan las causas, aunque los primeros peritajes apuntan a una estufa como posible origen del fuego.<\/strong><\/em><\/p>\n\n\n\n<!--more-->\n\n\n\n<p>El hecho tuvo lugar alrededor de las 5:20 de la madrugada en una casa ubicada en la calle Suiza al 1200. El llamado de emergencia ingres\u00f3 al 911, lo que activ\u00f3 la respuesta inmediata de patrulleros y unidades de bomberos.<\/p>\n\n\n\n<p>Al llegar, los agentes encontraron la vivienda completamente envuelta en llamas. En la vereda estaban algunos de los sobrevivientes: Jorge Oscar Alanis (45), en estado muy grave; su pareja, Nara Marilin Monje (34), madre del ni\u00f1o fallecido; una beba de un a\u00f1o y una ni\u00f1a de 11 a\u00f1os, ambas hijas de Monje, quienes lograron escapar del fuego con ayuda de vecinos.<\/p>\n\n\n\n<p>Los bomberos lograron ingresar al inmueble y rescataron a las dos hermanas, identificadas como <strong>Cataleya y Mahimara Acu\u00f1a<\/strong>, de 2 a\u00f1os y 8 meses respectivamente. Fueron encontradas inconscientes por inhalaci\u00f3n de mon\u00f3xido de carbono y trasladadas de urgencia al Hospital Interzonal General de Agudos \u201cDr. Abraham F\u00e9lix Pi\u00f1eyro\u201d, donde lamentablemente fallecieron.<\/p>\n\n\n\n<p>Minutos m\u00e1s tarde, la Polic\u00eda rescat\u00f3 a <strong>F\u00e9lix Alejandro Melo<\/strong>, de 9 a\u00f1os, quien tambi\u00e9n fue llevado de inmediato al hospital junto con su madre, pero no logr\u00f3 sobrevivir.<\/p>\n\n\n\n<h3 class=\"wp-block-heading has-text-color has-link-color wp-elements-0767f92d92316d54c21b4feeb2f491c1\" style=\"color:#1035de\"><em>Internados y heridos<\/em><\/h3>\n\n\n\n<p>Jorge Alanis, pareja de Monje, fue intervenido quir\u00fargicamente y permanece en estado cr\u00edtico, con quemaduras e intoxicaci\u00f3n por humo. Monje sufri\u00f3 quemaduras en un brazo y permanece internada junto a su hija menor y la nena de 11 a\u00f1os, que tambi\u00e9n present\u00f3 lesiones leves tras escapar del fuego.<\/p>\n\n\n\n<p>Carolina Castro, madre de las dos hermanitas fallecidas, logr\u00f3 salir con vida del incendio con heridas menores, pero se encuentra bajo contenci\u00f3n en el hospital.<\/p>\n\n\n\n<p>La investigaci\u00f3n qued\u00f3 en manos de la UFI N\u00b04 de Jun\u00edn, a cargo de la fiscal <strong>Pamela Ricci<\/strong>. Tambi\u00e9n intervinieron equipos de Asistencia a la V\u00edctima de la Fiscal\u00eda General y representantes del municipio.<\/p>\n\n\n\n<p>Seg\u00fan las primeras pericias, el fuego se habr\u00eda originado en la cocina, posiblemente a partir de una estufa en mal estado. Tambi\u00e9n se encontr\u00f3 una garrafa en el \u00e1rea afectada, lo que podr\u00eda haber agravado el siniestro.<\/p>\n\n\n\n<h3 class=\"wp-block-heading has-text-color has-link-color wp-elements-bf5a7688aba2c443bb43b0866a119619\" style=\"color:#1035de\"><em>Otro incendio en la ciudad, horas despu\u00e9s<\/em><\/h3>\n\n\n\n<p>En la misma jornada, Jun\u00edn volvi\u00f3 a ser noticia por otro incendio ocurrido horas m\u00e1s tarde en una vivienda de las calles Benito de Miguel y Pagella. En este caso no hubo v\u00edctimas, pero el fuego afect\u00f3 por completo la estructura del inmueble, propiedad de un jubilado de 80 a\u00f1os.<\/p>\n\n\n\n<p>El operativo de extinci\u00f3n demand\u00f3 apoyo adicional por la magnitud del fuego. La Comisar\u00eda Jun\u00edn Primera intervino en la escena y a\u00fan se investigan las causas del segundo incendio.<\/p>\n","protected":false},"excerpt":{"rendered":"<p>Un incendio desatado en una vivienda del barrio Suiza, en la ciudad bonaerense de Jun\u00edn, provoc\u00f3 la muerte de tres menores de edad y dej\u00f3 [&hellip;]<\/p>\n","protected":false},"author":1,"featured_media":16048,"comment_status":"open","ping_status":"open","sticky":false,"template":"","format":"standard","meta":{"footnotes":""},"categories":[13],"tags":[],"class_list":["post-16047","post","type-post","status-publish","format-standard","has-post-thumbnail","hentry","category-policiales"],"better_featured_image":{"id":16048,"alt_text":"","caption":"","description":"","media_type":"image","media_details":{"width":784,"height":464,"file":"2025\/06\/incendjunin287.png","filesize":717240,"sizes":{"medium":{"file":"incendjunin287-300x178.png","width":300,"height":178,"mime-type":"image\/png","filesize":41919,"source_url":"https:\/\/nuevodigitaldeescobar.com.ar\/wp-content\/uploads\/2025\/06\/incendjunin287-300x178.png"},"thumbnail":{"file":"incendjunin287-150x150.png","width":150,"height":150,"mime-type":"image\/png","filesize":19954,"source_url":"https:\/\/nuevodigitaldeescobar.com.ar\/wp-content\/uploads\/2025\/06\/incendjunin287-150x150.png"},"medium_large":{"file":"incendjunin287-768x455.png","width":768,"height":455,"mime-type":"image\/png","filesize":218700,"source_url":"https:\/\/nuevodigitaldeescobar.com.ar\/wp-content\/uploads\/2025\/06\/incendjunin287-768x455.png"}},"image_meta":{"aperture":"0","credit":"","camera":"","caption":"","created_timestamp":"0","copyright":"","focal_length":"0","iso":"0","shutter_speed":"0","title":"","orientation":"0","keywords":[]}},"post":16047,"source_url":"https:\/\/nuevodigitaldeescobar.com.ar\/wp-content\/uploads\/2025\/06\/incendjunin287.png"},"yoast_head":"<!-- This site is optimized with the Yoast SEO plugin v26.1.1 - https:\/\/yoast.com\/wordpress\/plugins\/seo\/ -->\n<title>Tragedia en Jun\u00edn: murieron tres chicos en un incendio y hay dos adultos internados en grave estado - Nuevo Digital de Escobar<\/title>\n<meta name=\"robots\" content=\"index, follow, max-snippet:-1, max-image-preview:large, max-video-preview:-1\" \/>\n<link rel=\"canonical\" href=\"https:\/\/nuevodigitaldeescobar.com.ar\/?p=16047\" \/>\n<meta property=\"og:locale\" content=\"es_ES\" \/>\n<meta property=\"og:type\" content=\"article\" \/>\n<meta property=\"og:title\" content=\"Tragedia en Jun\u00edn: murieron tres chicos en un incendio y hay dos adultos internados en grave estado - Nuevo Digital de Escobar\" \/>\n<meta property=\"og:description\" content=\"Un incendio desatado en una vivienda del barrio Suiza, en la ciudad bonaerense de Jun\u00edn, provoc\u00f3 la muerte de tres menores de edad y dej\u00f3 [&hellip;]\" \/>\n<meta property=\"og:url\" content=\"https:\/\/nuevodigitaldeescobar.com.ar\/?p=16047\" \/>\n<meta property=\"og:site_name\" content=\"Nuevo Digital de Escobar\" \/>\n<meta property=\"article:publisher\" content=\"https:\/\/www.facebook.com\/NUEVODigitalDeEscobar\" \/>\n<meta property=\"article:published_time\" content=\"2025-06-30T05:36:45+00:00\" \/>\n<meta property=\"article:modified_time\" content=\"2025-06-30T05:36:47+00:00\" \/>\n<meta property=\"og:image\" content=\"http:\/\/nuevodigitaldeescobar.com.ar\/wp-content\/uploads\/2025\/06\/incendjunin287.png\" \/>\n\t<meta property=\"og:image:width\" content=\"784\" \/>\n\t<meta property=\"og:image:height\" content=\"464\" \/>\n\t<meta property=\"og:image:type\" content=\"image\/png\" \/>\n<meta name=\"author\" content=\"Redacci\u00f3n\" \/>\n<meta name=\"twitter:card\" content=\"summary_large_image\" \/>\n<meta name=\"twitter:creator\" content=\"@nuevodigescobar\" \/>\n<meta name=\"twitter:site\" content=\"@nuevodigescobar\" \/>\n<meta name=\"twitter:label1\" content=\"Escrito por\" \/>\n\t<meta name=\"twitter:data1\" content=\"Redacci\u00f3n\" \/>\n\t<meta name=\"twitter:label2\" content=\"Tiempo de lectura\" \/>\n\t<meta name=\"twitter:data2\" content=\"3 minutos\" \/>\n<script type=\"application\/ld+json\" class=\"yoast-schema-graph\">{\"@context\":\"https:\/\/schema.org\",\"@graph\":[{\"@type\":\"Article\",\"@id\":\"https:\/\/nuevodigitaldeescobar.com.ar\/?p=16047#article\",\"isPartOf\":{\"@id\":\"https:\/\/nuevodigitaldeescobar.com.ar\/?p=16047\"},\"author\":{\"name\":\"Redacci\u00f3n\",\"@id\":\"https:\/\/nuevodigitaldeescobar.com.ar\/#\/schema\/person\/035e90a8efe9a80e6eec22656ad6ea4c\"},\"headline\":\"Tragedia en Jun\u00edn: murieron tres chicos en un incendio y hay dos adultos internados en grave estado\",\"datePublished\":\"2025-06-30T05:36:45+00:00\",\"dateModified\":\"2025-06-30T05:36:47+00:00\",\"mainEntityOfPage\":{\"@id\":\"https:\/\/nuevodigitaldeescobar.com.ar\/?p=16047\"},\"wordCount\":535,\"commentCount\":0,\"publisher\":{\"@id\":\"https:\/\/nuevodigitaldeescobar.com.ar\/#organization\"},\"image\":{\"@id\":\"https:\/\/nuevodigitaldeescobar.com.ar\/?p=16047#primaryimage\"},\"thumbnailUrl\":\"https:\/\/nuevodigitaldeescobar.com.ar\/wp-content\/uploads\/2025\/06\/incendjunin287.png\",\"articleSection\":[\"Policiales\"],\"inLanguage\":\"es\",\"potentialAction\":[{\"@type\":\"CommentAction\",\"name\":\"Comment\",\"target\":[\"https:\/\/nuevodigitaldeescobar.com.ar\/?p=16047#respond\"]}]},{\"@type\":\"WebPage\",\"@id\":\"https:\/\/nuevodigitaldeescobar.com.ar\/?p=16047\",\"url\":\"https:\/\/nuevodigitaldeescobar.com.ar\/?p=16047\",\"name\":\"Tragedia en Jun\u00edn: murieron tres chicos en un incendio y hay dos adultos internados en grave estado - Nuevo Digital de Escobar\",\"isPartOf\":{\"@id\":\"https:\/\/nuevodigitaldeescobar.com.ar\/#website\"},\"primaryImageOfPage\":{\"@id\":\"https:\/\/nuevodigitaldeescobar.com.ar\/?p=16047#primaryimage\"},\"image\":{\"@id\":\"https:\/\/nuevodigitaldeescobar.com.ar\/?p=16047#primaryimage\"},\"thumbnailUrl\":\"https:\/\/nuevodigitaldeescobar.com.ar\/wp-content\/uploads\/2025\/06\/incendjunin287.png\",\"datePublished\":\"2025-06-30T05:36:45+00:00\",\"dateModified\":\"2025-06-30T05:36:47+00:00\",\"breadcrumb\":{\"@id\":\"https:\/\/nuevodigitaldeescobar.com.ar\/?p=16047#breadcrumb\"},\"inLanguage\":\"es\",\"potentialAction\":[{\"@type\":\"ReadAction\",\"target\":[\"https:\/\/nuevodigitaldeescobar.com.ar\/?p=16047\"]}]},{\"@type\":\"ImageObject\",\"inLanguage\":\"es\",\"@id\":\"https:\/\/nuevodigitaldeescobar.com.ar\/?p=16047#primaryimage\",\"url\":\"https:\/\/nuevodigitaldeescobar.com.ar\/wp-content\/uploads\/2025\/06\/incendjunin287.png\",\"contentUrl\":\"https:\/\/nuevodigitaldeescobar.com.ar\/wp-content\/uploads\/2025\/06\/incendjunin287.png\",\"width\":784,\"height\":464},{\"@type\":\"BreadcrumbList\",\"@id\":\"https:\/\/nuevodigitaldeescobar.com.ar\/?p=16047#breadcrumb\",\"itemListElement\":[{\"@type\":\"ListItem\",\"position\":1,\"name\":\"Portada\",\"item\":\"https:\/\/nuevodigitaldeescobar.com.ar\/\"},{\"@type\":\"ListItem\",\"position\":2,\"name\":\"Tragedia en Jun\u00edn: murieron tres chicos en un incendio y hay dos adultos internados en grave estado\"}]},{\"@type\":\"WebSite\",\"@id\":\"https:\/\/nuevodigitaldeescobar.com.ar\/#website\",\"url\":\"https:\/\/nuevodigitaldeescobar.com.ar\/\",\"name\":\"Nuevo Digital de Escobar\",\"description\":\"La vida escobarense. Directora: Rosana Brunner\",\"publisher\":{\"@id\":\"https:\/\/nuevodigitaldeescobar.com.ar\/#organization\"},\"potentialAction\":[{\"@type\":\"SearchAction\",\"target\":{\"@type\":\"EntryPoint\",\"urlTemplate\":\"https:\/\/nuevodigitaldeescobar.com.ar\/?s={search_term_string}\"},\"query-input\":{\"@type\":\"PropertyValueSpecification\",\"valueRequired\":true,\"valueName\":\"search_term_string\"}}],\"inLanguage\":\"es\"},{\"@type\":\"Organization\",\"@id\":\"https:\/\/nuevodigitaldeescobar.com.ar\/#organization\",\"name\":\"Nuevo Digital de Escobar\",\"url\":\"https:\/\/nuevodigitaldeescobar.com.ar\/\",\"logo\":{\"@type\":\"ImageObject\",\"inLanguage\":\"es\",\"@id\":\"https:\/\/nuevodigitaldeescobar.com.ar\/#\/schema\/logo\/image\/\",\"url\":\"https:\/\/nuevodigitaldeescobar.com.ar\/wp-content\/uploads\/2025\/05\/cropped-logo-nuevo2.jpg\",\"contentUrl\":\"https:\/\/nuevodigitaldeescobar.com.ar\/wp-content\/uploads\/2025\/05\/cropped-logo-nuevo2.jpg\",\"width\":305,\"height\":305,\"caption\":\"Nuevo Digital de Escobar\"},\"image\":{\"@id\":\"https:\/\/nuevodigitaldeescobar.com.ar\/#\/schema\/logo\/image\/\"},\"sameAs\":[\"https:\/\/www.facebook.com\/NUEVODigitalDeEscobar\",\"https:\/\/x.com\/nuevodigescobar\",\"https:\/\/www.instagram.com\/nuevodigitaldeescobar\"]},{\"@type\":\"Person\",\"@id\":\"https:\/\/nuevodigitaldeescobar.com.ar\/#\/schema\/person\/035e90a8efe9a80e6eec22656ad6ea4c\",\"name\":\"Redacci\u00f3n\",\"image\":{\"@type\":\"ImageObject\",\"inLanguage\":\"es\",\"@id\":\"https:\/\/nuevodigitaldeescobar.com.ar\/#\/schema\/person\/image\/\",\"url\":\"https:\/\/secure.gravatar.com\/avatar\/8af8f40000c24e9eef3034f2be5998a372bb1389e64b1a4a36b3a7979142220d?s=96&d=mm&r=g\",\"contentUrl\":\"https:\/\/secure.gravatar.com\/avatar\/8af8f40000c24e9eef3034f2be5998a372bb1389e64b1a4a36b3a7979142220d?s=96&d=mm&r=g\",\"caption\":\"Redacci\u00f3n\"},\"sameAs\":[\"http:\/\/nuevodigitaldeescobar.com.ar\"],\"url\":\"https:\/\/nuevodigitaldeescobar.com.ar\/?author=1\"}]}<\/script>\n<!-- \/ Yoast SEO plugin. -->","yoast_head_json":{"title":"Tragedia en Jun\u00edn: murieron tres chicos en un incendio y hay dos adultos internados en grave estado - Nuevo Digital de Escobar","robots":{"index":"index","follow":"follow","max-snippet":"max-snippet:-1","max-image-preview":"max-image-preview:large","max-video-preview":"max-video-preview:-1"},"canonical":"https:\/\/nuevodigitaldeescobar.com.ar\/?p=16047","og_locale":"es_ES","og_type":"article","og_title":"Tragedia en Jun\u00edn: murieron tres chicos en un incendio y hay dos adultos internados en grave estado - Nuevo Digital de Escobar","og_description":"Un incendio desatado en una vivienda del barrio Suiza, en la ciudad bonaerense de Jun\u00edn, provoc\u00f3 la muerte de tres menores de edad y dej\u00f3 [&hellip;]","og_url":"https:\/\/nuevodigitaldeescobar.com.ar\/?p=16047","og_site_name":"Nuevo Digital de Escobar","article_publisher":"https:\/\/www.facebook.com\/NUEVODigitalDeEscobar","article_published_time":"2025-06-30T05:36:45+00:00","article_modified_time":"2025-06-30T05:36:47+00:00","og_image":[{"width":784,"height":464,"url":"http:\/\/nuevodigitaldeescobar.com.ar\/wp-content\/uploads\/2025\/06\/incendjunin287.png","type":"image\/png"}],"author":"Redacci\u00f3n","twitter_card":"summary_large_image","twitter_creator":"@nuevodigescobar","twitter_site":"@nuevodigescobar","twitter_misc":{"Escrito por":"Redacci\u00f3n","Tiempo de lectura":"3 minutos"},"schema":{"@context":"https:\/\/schema.org","@graph":[{"@type":"Article","@id":"https:\/\/nuevodigitaldeescobar.com.ar\/?p=16047#article","isPartOf":{"@id":"https:\/\/nuevodigitaldeescobar.com.ar\/?p=16047"},"author":{"name":"Redacci\u00f3n","@id":"https:\/\/nuevodigitaldeescobar.com.ar\/#\/schema\/person\/035e90a8efe9a80e6eec22656ad6ea4c"},"headline":"Tragedia en Jun\u00edn: murieron tres chicos en un incendio y hay dos adultos internados en grave estado","datePublished":"2025-06-30T05:36:45+00:00","dateModified":"2025-06-30T05:36:47+00:00","mainEntityOfPage":{"@id":"https:\/\/nuevodigitaldeescobar.com.ar\/?p=16047"},"wordCount":535,"commentCount":0,"publisher":{"@id":"https:\/\/nuevodigitaldeescobar.com.ar\/#organization"},"image":{"@id":"https:\/\/nuevodigitaldeescobar.com.ar\/?p=16047#primaryimage"},"thumbnailUrl":"https:\/\/nuevodigitaldeescobar.com.ar\/wp-content\/uploads\/2025\/06\/incendjunin287.png","articleSection":["Policiales"],"inLanguage":"es","potentialAction":[{"@type":"CommentAction","name":"Comment","target":["https:\/\/nuevodigitaldeescobar.com.ar\/?p=16047#respond"]}]},{"@type":"WebPage","@id":"https:\/\/nuevodigitaldeescobar.com.ar\/?p=16047","url":"https:\/\/nuevodigitaldeescobar.com.ar\/?p=16047","name":"Tragedia en Jun\u00edn: murieron tres chicos en un incendio y hay dos adultos internados en grave estado - Nuevo Digital de Escobar","isPartOf":{"@id":"https:\/\/nuevodigitaldeescobar.com.ar\/#website"},"primaryImageOfPage":{"@id":"https:\/\/nuevodigitaldeescobar.com.ar\/?p=16047#primaryimage"},"image":{"@id":"https:\/\/nuevodigitaldeescobar.com.ar\/?p=16047#primaryimage"},"thumbnailUrl":"https:\/\/nuevodigitaldeescobar.com.ar\/wp-content\/uploads\/2025\/06\/incendjunin287.png","datePublished":"2025-06-30T05:36:45+00:00","dateModified":"2025-06-30T05:36:47+00:00","breadcrumb":{"@id":"https:\/\/nuevodigitaldeescobar.com.ar\/?p=16047#breadcrumb"},"inLanguage":"es","potentialAction":[{"@type":"ReadAction","target":["https:\/\/nuevodigitaldeescobar.com.ar\/?p=16047"]}]},{"@type":"ImageObject","inLanguage":"es","@id":"https:\/\/nuevodigitaldeescobar.com.ar\/?p=16047#primaryimage","url":"https:\/\/nuevodigitaldeescobar.com.ar\/wp-content\/uploads\/2025\/06\/incendjunin287.png","contentUrl":"https:\/\/nuevodigitaldeescobar.com.ar\/wp-content\/uploads\/2025\/06\/incendjunin287.png","width":784,"height":464},{"@type":"BreadcrumbList","@id":"https:\/\/nuevodigitaldeescobar.com.ar\/?p=16047#breadcrumb","itemListElement":[{"@type":"ListItem","position":1,"name":"Portada","item":"https:\/\/nuevodigitaldeescobar.com.ar\/"},{"@type":"ListItem","position":2,"name":"Tragedia en Jun\u00edn: murieron tres chicos en un incendio y hay dos adultos internados en grave estado"}]},{"@type":"WebSite","@id":"https:\/\/nuevodigitaldeescobar.com.ar\/#website","url":"https:\/\/nuevodigitaldeescobar.com.ar\/","name":"Nuevo Digital de Escobar","description":"La vida escobarense. Directora: Rosana Brunner","publisher":{"@id":"https:\/\/nuevodigitaldeescobar.com.ar\/#organization"},"potentialAction":[{"@type":"SearchAction","target":{"@type":"EntryPoint","urlTemplate":"https:\/\/nuevodigitaldeescobar.com.ar\/?s={search_term_string}"},"query-input":{"@type":"PropertyValueSpecification","valueRequired":true,"valueName":"search_term_string"}}],"inLanguage":"es"},{"@type":"Organization","@id":"https:\/\/nuevodigitaldeescobar.com.ar\/#organization","name":"Nuevo Digital de Escobar","url":"https:\/\/nuevodigitaldeescobar.com.ar\/","logo":{"@type":"ImageObject","inLanguage":"es","@id":"https:\/\/nuevodigitaldeescobar.com.ar\/#\/schema\/logo\/image\/","url":"https:\/\/nuevodigitaldeescobar.com.ar\/wp-content\/uploads\/2025\/05\/cropped-logo-nuevo2.jpg","contentUrl":"https:\/\/nuevodigitaldeescobar.com.ar\/wp-content\/uploads\/2025\/05\/cropped-logo-nuevo2.jpg","width":305,"height":305,"caption":"Nuevo Digital de Escobar"},"image":{"@id":"https:\/\/nuevodigitaldeescobar.com.ar\/#\/schema\/logo\/image\/"},"sameAs":["https:\/\/www.facebook.com\/NUEVODigitalDeEscobar","https:\/\/x.com\/nuevodigescobar","https:\/\/www.instagram.com\/nuevodigitaldeescobar"]},{"@type":"Person","@id":"https:\/\/nuevodigitaldeescobar.com.ar\/#\/schema\/person\/035e90a8efe9a80e6eec22656ad6ea4c","name":"Redacci\u00f3n","image":{"@type":"ImageObject","inLanguage":"es","@id":"https:\/\/nuevodigitaldeescobar.com.ar\/#\/schema\/person\/image\/","url":"https:\/\/secure.gravatar.com\/avatar\/8af8f40000c24e9eef3034f2be5998a372bb1389e64b1a4a36b3a7979142220d?s=96&d=mm&r=g","contentUrl":"https:\/\/secure.gravatar.com\/avatar\/8af8f40000c24e9eef3034f2be5998a372bb1389e64b1a4a36b3a7979142220d?s=96&d=mm&r=g","caption":"Redacci\u00f3n"},"sameAs":["http:\/\/nuevodigitaldeescobar.com.ar"],"url":"https:\/\/nuevodigitaldeescobar.com.ar\/?author=1"}]}},"featured_image_urls":{"full":["https:\/\/nuevodigitaldeescobar.com.ar\/wp-content\/uploads\/2025\/06\/incendjunin287.png",784,464,false],"thumbnail":["https:\/\/nuevodigitaldeescobar.com.ar\/wp-content\/uploads\/2025\/06\/incendjunin287-150x150.png",150,150,true],"medium":["https:\/\/nuevodigitaldeescobar.com.ar\/wp-content\/uploads\/2025\/06\/incendjunin287-300x178.png",300,178,true],"medium_large":["https:\/\/nuevodigitaldeescobar.com.ar\/wp-content\/uploads\/2025\/06\/incendjunin287-768x455.png",640,379,true],"large":["https:\/\/nuevodigitaldeescobar.com.ar\/wp-content\/uploads\/2025\/06\/incendjunin287.png",640,379,false],"1536x1536":["https:\/\/nuevodigitaldeescobar.com.ar\/wp-content\/uploads\/2025\/06\/incendjunin287.png",784,464,false],"2048x2048":["https:\/\/nuevodigitaldeescobar.com.ar\/wp-content\/uploads\/2025\/06\/incendjunin287.png",784,464,false]},"author_info":{"display_name":"Redacci\u00f3n","author_link":"https:\/\/nuevodigitaldeescobar.com.ar\/?author=1"},"category_info":"<a href=\"https:\/\/nuevodigitaldeescobar.com.ar\/?cat=13\" rel=\"category\">Policiales<\/a>","tag_info":"Policiales","comment_count":"0","_links":{"self":[{"href":"https:\/\/nuevodigitaldeescobar.com.ar\/index.php?rest_route=\/wp\/v2\/posts\/16047","targetHints":{"allow":["GET"]}}],"collection":[{"href":"https:\/\/nuevodigitaldeescobar.com.ar\/index.php?rest_route=\/wp\/v2\/posts"}],"about":[{"href":"https:\/\/nuevodigitaldeescobar.com.ar\/index.php?rest_route=\/wp\/v2\/types\/post"}],"author":[{"embeddable":true,"href":"https:\/\/nuevodigitaldeescobar.com.ar\/index.php?rest_route=\/wp\/v2\/users\/1"}],"replies":[{"embeddable":true,"href":"https:\/\/nuevodigitaldeescobar.com.ar\/index.php?rest_route=%2Fwp%2Fv2%2Fcomments&post=16047"}],"version-history":[{"count":1,"href":"https:\/\/nuevodigitaldeescobar.com.ar\/index.php?rest_route=\/wp\/v2\/posts\/16047\/revisions"}],"predecessor-version":[{"id":16049,"href":"https:\/\/nuevodigitaldeescobar.com.ar\/index.php?rest_route=\/wp\/v2\/posts\/16047\/revisions\/16049"}],"wp:featuredmedia":[{"embeddable":true,"href":"https:\/\/nuevodigitaldeescobar.com.ar\/index.php?rest_route=\/wp\/v2\/media\/16048"}],"wp:attachment":[{"href":"https:\/\/nuevodigitaldeescobar.com.ar\/index.php?rest_route=%2Fwp%2Fv2%2Fmedia&parent=16047"}],"wp:term":[{"taxonomy":"category","embeddable":true,"href":"https:\/\/nuevodigitaldeescobar.com.ar\/index.php?rest_route=%2Fwp%2Fv2%2Fcategories&post=16047"},{"taxonomy":"post_tag","embeddable":true,"href":"https:\/\/nuevodigitaldeescobar.com.ar\/index.php?rest_route=%2Fwp%2Fv2%2Ftags&post=16047"}],"curies":[{"name":"wp","href":"https:\/\/api.w.org\/{rel}","templated":true}]}}