{"id":16050,"date":"2025-06-30T02:42:27","date_gmt":"2025-06-30T05:42:27","guid":{"rendered":"https:\/\/nuevodigitaldeescobar.com.ar\/?p=16050"},"modified":"2025-06-30T02:42:31","modified_gmt":"2025-06-30T05:42:31","slug":"elecciones-provinciales-en-formosa-y-santa-fe-dos-escenarios-distintos-pero-decisivos","status":"publish","type":"post","link":"https:\/\/nuevodigitaldeescobar.com.ar\/?p=16050","title":{"rendered":"Elecciones provinciales en Formosa y Santa Fe: dos escenarios distintos, pero decisivos"},"content":{"rendered":"\n<p class=\"has-vivid-cyan-blue-color has-text-color has-link-color wp-elements-6306cd8a7fae0b8e96e6abd7b4add49d\"><em><strong>Este domingo, las provincias de Formosa y Santa Fe celebraron elecciones claves con resultados que consolidaron liderazgos pol\u00edticos y marcaron el rumbo institucional en ambos territorios. Mientras Gildo Insfr\u00e1n reafirm\u00f3 su hegemon\u00eda en el norte del pa\u00eds, el gobernador santafesino Maximiliano Pullaro logr\u00f3 un amplio respaldo para avanzar con una reforma constitucional.<\/strong><\/em><\/p>\n\n\n\n<!--more-->\n\n\n\n<h2 class=\"wp-block-heading has-text-color has-link-color wp-elements-7a72a64b709c482660efb3ce3c5ee9ed\" style=\"color:#1935d2\">\ud83d\udccd Formosa: Insfr\u00e1n refuerza su r\u00e9gimen con la reforma constitucional<\/h2>\n\n\n\n<p>En <strong>Formosa<\/strong>, donde rige el controvertido sistema de <strong>ley de lemas<\/strong>, el oficialismo peronista encabezado por <strong>Gildo Insfr\u00e1n<\/strong> logr\u00f3 un contundente triunfo que le permitir\u00e1 impulsar una <strong>reforma constitucional<\/strong>. Esto sucede tras el fallo de la <strong>Corte Suprema de Justicia<\/strong>, que en diciembre pasado declar\u00f3 inconstitucional la <strong>reelecci\u00f3n indefinida del cargo de gobernador<\/strong>, figura que hab\u00eda habilitado a Insfr\u00e1n a gobernar desde 1995.<\/p>\n\n\n\n<ul class=\"wp-block-list\">\n<li>El <strong>Frente de la Victoria (PJ)<\/strong> gan\u00f3 con holgura y se qued\u00f3 con <strong>la mayor\u00eda de las 30 bancas de convencionales constituyentes<\/strong>.<\/li>\n\n\n\n<li>Adem\u00e1s, se renov\u00f3 <strong>la mitad de la Legislatura unicameral<\/strong> (15 diputados), con predominio del oficialismo.<\/li>\n\n\n\n<li>En <strong>27 municipios<\/strong>, tambi\u00e9n se vot\u00f3 para concejales: el PJ retuvo la mayor\u00eda de las <strong>62 bancas<\/strong> y otros 20 cargos en comisiones de fomento.<\/li>\n<\/ul>\n\n\n\n<h3 class=\"wp-block-heading has-text-color has-link-color wp-elements-5c10910471c2512a983abc5b58edecea\" style=\"color:#1935d2\">\ud83d\udd25 Denuncias y violencia pol\u00edtica<\/h3>\n\n\n\n<p>La campa\u00f1a no estuvo exenta de tensi\u00f3n. La oposici\u00f3n denunci\u00f3:<\/p>\n\n\n\n<ul class=\"wp-block-list\">\n<li><strong>Compra de votos<\/strong>, con entrega de alimentos a cambio del troquel electoral.<\/li>\n\n\n\n<li><strong>Agresiones f\u00edsicas<\/strong> a candidatos opositores como <strong>Agostina Villaggi<\/strong>, diputada radical atacada en un barrio humilde de la capital.<\/li>\n\n\n\n<li><strong>Intimidaciones<\/strong> a militantes y control sobre medios y redes sociales. La reforma buscar\u00eda incluir \u201cderechos digitales\u201d que, seg\u00fan referentes opositores, podr\u00edan <strong>limitar la libertad de expresi\u00f3n<\/strong>.<\/li>\n<\/ul>\n\n\n\n<p>El oficialismo celebr\u00f3 los resultados como un \u201crespaldo democr\u00e1tico\u201d, pero desde sectores opositores y organismos de derechos humanos se advierte que Formosa avanza hacia un modelo de <strong>control cuasi autoritario<\/strong> bajo una fachada electoral.<\/p>\n\n\n\n<hr class=\"wp-block-separator has-alpha-channel-opacity\"\/>\n\n\n\n<h2 class=\"wp-block-heading has-text-color has-link-color wp-elements-c9787861e8ec957d2e8a8b5297138bda\" style=\"color:#1935d2\">\ud83d\udccd Santa Fe: Pullaro arras\u00f3 en convencionales y avanza con la reforma<\/h2>\n\n\n\n<p>En un escenario totalmente distinto, <strong>Santa Fe<\/strong> tambi\u00e9n fue a las urnas para elegir <strong>convencionales constituyentes<\/strong> con el objetivo de modificar su Constituci\u00f3n, vigente desde 1962. El oficialismo provincial, liderado por <strong>Maximiliano Pullaro (Unidos para Cambiar Santa Fe)<\/strong>, obtuvo un triunfo arrollador.<\/p>\n\n\n\n<ul class=\"wp-block-list\">\n<li>La lista de Pullaro se qued\u00f3 con <strong>59 de las 69 bancas<\/strong> disponibles en la convenci\u00f3n constituyente.<\/li>\n\n\n\n<li>En la <strong>ciudad capital<\/strong>, se eligieron concejales con estos resultados:\n<ul class=\"wp-block-list\">\n<li>\ud83e\udd47 <strong>Mar\u00eda Luengo (Unidos)<\/strong>: 39.000 votos<\/li>\n\n\n\n<li>\ud83e\udd48 <strong>Ana Cantiani (La Libertad Avanza)<\/strong>: 24.444 votos<\/li>\n\n\n\n<li>\ud83e\udd49 <strong>Pedro Medei (PJ)<\/strong>: 14.989 votos<\/li>\n<\/ul>\n<\/li>\n<\/ul>\n\n\n\n<p>Tambi\u00e9n superaron el umbral:<\/p>\n\n\n\n<ul class=\"wp-block-list\">\n<li>\u201c<strong>Santa Fe en Com\u00fan<\/strong>\u201d (izquierda)<\/li>\n\n\n\n<li>\u201c<strong>Propuesta Federal<\/strong>\u201d<\/li>\n\n\n\n<li>\u201c<strong>Somos Vida y Libertad<\/strong>\u201d (espacio cristiano-conservador)<\/li>\n<\/ul>\n\n\n\n<p>De esta manera, en la capital provincial se renovar\u00e1n <strong>8 bancas del Concejo<\/strong>, con distribuci\u00f3n a\u00fan por definirse seg\u00fan el sistema D&#8217;Hondt.<\/p>\n\n\n\n<hr class=\"wp-block-separator has-alpha-channel-opacity\"\/>\n\n\n\n<h3 class=\"wp-block-heading has-text-color has-link-color wp-elements-9c8e8dee553feb5483c30a5ccadb552e\" style=\"color:#1935d2\">\ud83d\udcca Un pa\u00eds con dos realidades electorales<\/h3>\n\n\n\n<p>Mientras <strong>Formosa<\/strong> se mantiene bajo el dominio de un oficialismo que lleva casi 30 a\u00f1os en el poder con acusaciones de autoritarismo, <strong>Santa Fe<\/strong> se posiciona como una de las provincias m\u00e1s institucionalizadas del pa\u00eds, con alternancia pol\u00edtica y participaci\u00f3n amplia de fuerzas opositoras.<\/p>\n\n\n\n<hr class=\"wp-block-separator has-alpha-channel-opacity\"\/>\n\n\n\n<h2 class=\"wp-block-heading has-text-color has-link-color wp-elements-b3f2446c9bfbc5d2a2e06bf647efd383\" style=\"color:#1935d2\">\ud83e\udded \u00bfQu\u00e9 viene ahora?<\/h2>\n\n\n\n<ul class=\"wp-block-list\">\n<li>En <strong>Formosa<\/strong>, la Convenci\u00f3n Constituyente comenzar\u00e1 en las pr\u00f3ximas semanas con una mayor\u00eda autom\u00e1tica del PJ, lo que habilita a modificar art\u00edculos clave de la Constituci\u00f3n provincial. Hay alerta por posibles <strong>recortes a la libertad de expresi\u00f3n<\/strong> y nuevas maniobras para <strong>burlar el l\u00edmite de reelecciones<\/strong>.<\/li>\n\n\n\n<li>En <strong>Santa Fe<\/strong>, Pullaro prepara una reforma que podr\u00eda incluir la <strong>unificaci\u00f3n de elecciones municipales y provinciales<\/strong>, cambios en la <strong>estructura judicial<\/strong> y una modernizaci\u00f3n institucional reclamada hace d\u00e9cadas.<\/li>\n<\/ul>\n\n\n\n<hr class=\"wp-block-separator has-alpha-channel-opacity\"\/>\n\n\n\n<h2 class=\"wp-block-heading has-text-color has-link-color wp-elements-5dbd9a778967c70c7167b0b5ef86c3b6\" style=\"color:#1935d2\">\ud83d\udcf0 Seguiremos informando<\/h2>\n\n\n\n<p>Desde <em>El Nuevo Digital de Escobar<\/em>, seguiremos de cerca los pasos de ambas provincias, sus procesos de reforma constitucional y sus implicancias pol\u00edticas en el escenario nacional. Dos realidades, dos modelos, una misma Argentina en disputa.<\/p>\n","protected":false},"excerpt":{"rendered":"<p>Este domingo, las provincias de Formosa y Santa Fe celebraron elecciones claves con resultados que consolidaron liderazgos pol\u00edticos y marcaron el rumbo institucional en ambos [&hellip;]<\/p>\n","protected":false},"author":1,"featured_media":16051,"comment_status":"open","ping_status":"open","sticky":false,"template":"","format":"standard","meta":{"footnotes":""},"categories":[6],"tags":[],"class_list":["post-16050","post","type-post","status-publish","format-standard","has-post-thumbnail","hentry","category-politica"],"better_featured_image":{"id":16051,"alt_text":"","caption":"","description":"","media_type":"image","media_details":{"width":707,"height":290,"file":"2025\/06\/insfpull2-5.png","filesize":391660,"sizes":{"medium":{"file":"insfpull2-5-300x123.png","width":300,"height":123,"mime-type":"image\/png","filesize":27273,"source_url":"https:\/\/nuevodigitaldeescobar.com.ar\/wp-content\/uploads\/2025\/06\/insfpull2-5-300x123.png"},"thumbnail":{"file":"insfpull2-5-150x150.png","width":150,"height":150,"mime-type":"image\/png","filesize":11678,"source_url":"https:\/\/nuevodigitaldeescobar.com.ar\/wp-content\/uploads\/2025\/06\/insfpull2-5-150x150.png"}},"image_meta":{"aperture":"0","credit":"","camera":"","caption":"","created_timestamp":"0","copyright":"","focal_length":"0","iso":"0","shutter_speed":"0","title":"","orientation":"0","keywords":[]}},"post":16050,"source_url":"https:\/\/nuevodigitaldeescobar.com.ar\/wp-content\/uploads\/2025\/06\/insfpull2-5.png"},"yoast_head":"<!-- This site is optimized with the Yoast SEO plugin v26.1.1 - https:\/\/yoast.com\/wordpress\/plugins\/seo\/ -->\n<title>Elecciones provinciales en Formosa y Santa Fe: dos escenarios distintos, pero decisivos - Nuevo Digital de Escobar<\/title>\n<meta name=\"robots\" content=\"index, follow, max-snippet:-1, max-image-preview:large, max-video-preview:-1\" \/>\n<link rel=\"canonical\" href=\"https:\/\/nuevodigitaldeescobar.com.ar\/?p=16050\" \/>\n<meta property=\"og:locale\" content=\"es_ES\" \/>\n<meta property=\"og:type\" content=\"article\" \/>\n<meta property=\"og:title\" content=\"Elecciones provinciales en Formosa y Santa Fe: dos escenarios distintos, pero decisivos - Nuevo Digital de Escobar\" \/>\n<meta property=\"og:description\" content=\"Este domingo, las provincias de Formosa y Santa Fe celebraron elecciones claves con resultados que consolidaron liderazgos pol\u00edticos y marcaron el rumbo institucional en ambos [&hellip;]\" \/>\n<meta property=\"og:url\" content=\"https:\/\/nuevodigitaldeescobar.com.ar\/?p=16050\" \/>\n<meta property=\"og:site_name\" content=\"Nuevo Digital de Escobar\" \/>\n<meta property=\"article:publisher\" content=\"https:\/\/www.facebook.com\/NUEVODigitalDeEscobar\" \/>\n<meta property=\"article:published_time\" content=\"2025-06-30T05:42:27+00:00\" \/>\n<meta property=\"article:modified_time\" content=\"2025-06-30T05:42:31+00:00\" \/>\n<meta property=\"og:image\" content=\"http:\/\/nuevodigitaldeescobar.com.ar\/wp-content\/uploads\/2025\/06\/insfpull2-5.png\" \/>\n\t<meta property=\"og:image:width\" content=\"707\" \/>\n\t<meta property=\"og:image:height\" content=\"290\" \/>\n\t<meta property=\"og:image:type\" content=\"image\/png\" \/>\n<meta name=\"author\" content=\"Redacci\u00f3n\" \/>\n<meta name=\"twitter:card\" content=\"summary_large_image\" \/>\n<meta name=\"twitter:creator\" content=\"@nuevodigescobar\" \/>\n<meta name=\"twitter:site\" content=\"@nuevodigescobar\" \/>\n<meta name=\"twitter:label1\" content=\"Escrito por\" \/>\n\t<meta name=\"twitter:data1\" content=\"Redacci\u00f3n\" \/>\n\t<meta name=\"twitter:label2\" content=\"Tiempo de lectura\" \/>\n\t<meta name=\"twitter:data2\" content=\"3 minutos\" \/>\n<script type=\"application\/ld+json\" class=\"yoast-schema-graph\">{\"@context\":\"https:\/\/schema.org\",\"@graph\":[{\"@type\":\"Article\",\"@id\":\"https:\/\/nuevodigitaldeescobar.com.ar\/?p=16050#article\",\"isPartOf\":{\"@id\":\"https:\/\/nuevodigitaldeescobar.com.ar\/?p=16050\"},\"author\":{\"name\":\"Redacci\u00f3n\",\"@id\":\"https:\/\/nuevodigitaldeescobar.com.ar\/#\/schema\/person\/035e90a8efe9a80e6eec22656ad6ea4c\"},\"headline\":\"Elecciones provinciales en Formosa y Santa Fe: dos escenarios distintos, pero decisivos\",\"datePublished\":\"2025-06-30T05:42:27+00:00\",\"dateModified\":\"2025-06-30T05:42:31+00:00\",\"mainEntityOfPage\":{\"@id\":\"https:\/\/nuevodigitaldeescobar.com.ar\/?p=16050\"},\"wordCount\":643,\"commentCount\":0,\"publisher\":{\"@id\":\"https:\/\/nuevodigitaldeescobar.com.ar\/#organization\"},\"image\":{\"@id\":\"https:\/\/nuevodigitaldeescobar.com.ar\/?p=16050#primaryimage\"},\"thumbnailUrl\":\"https:\/\/nuevodigitaldeescobar.com.ar\/wp-content\/uploads\/2025\/06\/insfpull2-5.png\",\"articleSection\":[\"Pol\u00edtica\"],\"inLanguage\":\"es\",\"potentialAction\":[{\"@type\":\"CommentAction\",\"name\":\"Comment\",\"target\":[\"https:\/\/nuevodigitaldeescobar.com.ar\/?p=16050#respond\"]}]},{\"@type\":\"WebPage\",\"@id\":\"https:\/\/nuevodigitaldeescobar.com.ar\/?p=16050\",\"url\":\"https:\/\/nuevodigitaldeescobar.com.ar\/?p=16050\",\"name\":\"Elecciones provinciales en Formosa y Santa Fe: dos escenarios distintos, pero decisivos - Nuevo Digital de Escobar\",\"isPartOf\":{\"@id\":\"https:\/\/nuevodigitaldeescobar.com.ar\/#website\"},\"primaryImageOfPage\":{\"@id\":\"https:\/\/nuevodigitaldeescobar.com.ar\/?p=16050#primaryimage\"},\"image\":{\"@id\":\"https:\/\/nuevodigitaldeescobar.com.ar\/?p=16050#primaryimage\"},\"thumbnailUrl\":\"https:\/\/nuevodigitaldeescobar.com.ar\/wp-content\/uploads\/2025\/06\/insfpull2-5.png\",\"datePublished\":\"2025-06-30T05:42:27+00:00\",\"dateModified\":\"2025-06-30T05:42:31+00:00\",\"breadcrumb\":{\"@id\":\"https:\/\/nuevodigitaldeescobar.com.ar\/?p=16050#breadcrumb\"},\"inLanguage\":\"es\",\"potentialAction\":[{\"@type\":\"ReadAction\",\"target\":[\"https:\/\/nuevodigitaldeescobar.com.ar\/?p=16050\"]}]},{\"@type\":\"ImageObject\",\"inLanguage\":\"es\",\"@id\":\"https:\/\/nuevodigitaldeescobar.com.ar\/?p=16050#primaryimage\",\"url\":\"https:\/\/nuevodigitaldeescobar.com.ar\/wp-content\/uploads\/2025\/06\/insfpull2-5.png\",\"contentUrl\":\"https:\/\/nuevodigitaldeescobar.com.ar\/wp-content\/uploads\/2025\/06\/insfpull2-5.png\",\"width\":707,\"height\":290},{\"@type\":\"BreadcrumbList\",\"@id\":\"https:\/\/nuevodigitaldeescobar.com.ar\/?p=16050#breadcrumb\",\"itemListElement\":[{\"@type\":\"ListItem\",\"position\":1,\"name\":\"Portada\",\"item\":\"https:\/\/nuevodigitaldeescobar.com.ar\/\"},{\"@type\":\"ListItem\",\"position\":2,\"name\":\"Elecciones provinciales en Formosa y Santa Fe: dos escenarios distintos, pero decisivos\"}]},{\"@type\":\"WebSite\",\"@id\":\"https:\/\/nuevodigitaldeescobar.com.ar\/#website\",\"url\":\"https:\/\/nuevodigitaldeescobar.com.ar\/\",\"name\":\"Nuevo Digital de Escobar\",\"description\":\"La vida escobarense. Directora: Rosana Brunner\",\"publisher\":{\"@id\":\"https:\/\/nuevodigitaldeescobar.com.ar\/#organization\"},\"potentialAction\":[{\"@type\":\"SearchAction\",\"target\":{\"@type\":\"EntryPoint\",\"urlTemplate\":\"https:\/\/nuevodigitaldeescobar.com.ar\/?s={search_term_string}\"},\"query-input\":{\"@type\":\"PropertyValueSpecification\",\"valueRequired\":true,\"valueName\":\"search_term_string\"}}],\"inLanguage\":\"es\"},{\"@type\":\"Organization\",\"@id\":\"https:\/\/nuevodigitaldeescobar.com.ar\/#organization\",\"name\":\"Nuevo Digital de Escobar\",\"url\":\"https:\/\/nuevodigitaldeescobar.com.ar\/\",\"logo\":{\"@type\":\"ImageObject\",\"inLanguage\":\"es\",\"@id\":\"https:\/\/nuevodigitaldeescobar.com.ar\/#\/schema\/logo\/image\/\",\"url\":\"https:\/\/nuevodigitaldeescobar.com.ar\/wp-content\/uploads\/2025\/05\/cropped-logo-nuevo2.jpg\",\"contentUrl\":\"https:\/\/nuevodigitaldeescobar.com.ar\/wp-content\/uploads\/2025\/05\/cropped-logo-nuevo2.jpg\",\"width\":305,\"height\":305,\"caption\":\"Nuevo Digital de Escobar\"},\"image\":{\"@id\":\"https:\/\/nuevodigitaldeescobar.com.ar\/#\/schema\/logo\/image\/\"},\"sameAs\":[\"https:\/\/www.facebook.com\/NUEVODigitalDeEscobar\",\"https:\/\/x.com\/nuevodigescobar\",\"https:\/\/www.instagram.com\/nuevodigitaldeescobar\"]},{\"@type\":\"Person\",\"@id\":\"https:\/\/nuevodigitaldeescobar.com.ar\/#\/schema\/person\/035e90a8efe9a80e6eec22656ad6ea4c\",\"name\":\"Redacci\u00f3n\",\"image\":{\"@type\":\"ImageObject\",\"inLanguage\":\"es\",\"@id\":\"https:\/\/nuevodigitaldeescobar.com.ar\/#\/schema\/person\/image\/\",\"url\":\"https:\/\/secure.gravatar.com\/avatar\/8af8f40000c24e9eef3034f2be5998a372bb1389e64b1a4a36b3a7979142220d?s=96&d=mm&r=g\",\"contentUrl\":\"https:\/\/secure.gravatar.com\/avatar\/8af8f40000c24e9eef3034f2be5998a372bb1389e64b1a4a36b3a7979142220d?s=96&d=mm&r=g\",\"caption\":\"Redacci\u00f3n\"},\"sameAs\":[\"http:\/\/nuevodigitaldeescobar.com.ar\"],\"url\":\"https:\/\/nuevodigitaldeescobar.com.ar\/?author=1\"}]}<\/script>\n<!-- \/ Yoast SEO plugin. -->","yoast_head_json":{"title":"Elecciones provinciales en Formosa y Santa Fe: dos escenarios distintos, pero decisivos - Nuevo Digital de Escobar","robots":{"index":"index","follow":"follow","max-snippet":"max-snippet:-1","max-image-preview":"max-image-preview:large","max-video-preview":"max-video-preview:-1"},"canonical":"https:\/\/nuevodigitaldeescobar.com.ar\/?p=16050","og_locale":"es_ES","og_type":"article","og_title":"Elecciones provinciales en Formosa y Santa Fe: dos escenarios distintos, pero decisivos - Nuevo Digital de Escobar","og_description":"Este domingo, las provincias de Formosa y Santa Fe celebraron elecciones claves con resultados que consolidaron liderazgos pol\u00edticos y marcaron el rumbo institucional en ambos [&hellip;]","og_url":"https:\/\/nuevodigitaldeescobar.com.ar\/?p=16050","og_site_name":"Nuevo Digital de Escobar","article_publisher":"https:\/\/www.facebook.com\/NUEVODigitalDeEscobar","article_published_time":"2025-06-30T05:42:27+00:00","article_modified_time":"2025-06-30T05:42:31+00:00","og_image":[{"width":707,"height":290,"url":"http:\/\/nuevodigitaldeescobar.com.ar\/wp-content\/uploads\/2025\/06\/insfpull2-5.png","type":"image\/png"}],"author":"Redacci\u00f3n","twitter_card":"summary_large_image","twitter_creator":"@nuevodigescobar","twitter_site":"@nuevodigescobar","twitter_misc":{"Escrito por":"Redacci\u00f3n","Tiempo de lectura":"3 minutos"},"schema":{"@context":"https:\/\/schema.org","@graph":[{"@type":"Article","@id":"https:\/\/nuevodigitaldeescobar.com.ar\/?p=16050#article","isPartOf":{"@id":"https:\/\/nuevodigitaldeescobar.com.ar\/?p=16050"},"author":{"name":"Redacci\u00f3n","@id":"https:\/\/nuevodigitaldeescobar.com.ar\/#\/schema\/person\/035e90a8efe9a80e6eec22656ad6ea4c"},"headline":"Elecciones provinciales en Formosa y Santa Fe: dos escenarios distintos, pero decisivos","datePublished":"2025-06-30T05:42:27+00:00","dateModified":"2025-06-30T05:42:31+00:00","mainEntityOfPage":{"@id":"https:\/\/nuevodigitaldeescobar.com.ar\/?p=16050"},"wordCount":643,"commentCount":0,"publisher":{"@id":"https:\/\/nuevodigitaldeescobar.com.ar\/#organization"},"image":{"@id":"https:\/\/nuevodigitaldeescobar.com.ar\/?p=16050#primaryimage"},"thumbnailUrl":"https:\/\/nuevodigitaldeescobar.com.ar\/wp-content\/uploads\/2025\/06\/insfpull2-5.png","articleSection":["Pol\u00edtica"],"inLanguage":"es","potentialAction":[{"@type":"CommentAction","name":"Comment","target":["https:\/\/nuevodigitaldeescobar.com.ar\/?p=16050#respond"]}]},{"@type":"WebPage","@id":"https:\/\/nuevodigitaldeescobar.com.ar\/?p=16050","url":"https:\/\/nuevodigitaldeescobar.com.ar\/?p=16050","name":"Elecciones provinciales en Formosa y Santa Fe: dos escenarios distintos, pero decisivos - Nuevo Digital de Escobar","isPartOf":{"@id":"https:\/\/nuevodigitaldeescobar.com.ar\/#website"},"primaryImageOfPage":{"@id":"https:\/\/nuevodigitaldeescobar.com.ar\/?p=16050#primaryimage"},"image":{"@id":"https:\/\/nuevodigitaldeescobar.com.ar\/?p=16050#primaryimage"},"thumbnailUrl":"https:\/\/nuevodigitaldeescobar.com.ar\/wp-content\/uploads\/2025\/06\/insfpull2-5.png","datePublished":"2025-06-30T05:42:27+00:00","dateModified":"2025-06-30T05:42:31+00:00","breadcrumb":{"@id":"https:\/\/nuevodigitaldeescobar.com.ar\/?p=16050#breadcrumb"},"inLanguage":"es","potentialAction":[{"@type":"ReadAction","target":["https:\/\/nuevodigitaldeescobar.com.ar\/?p=16050"]}]},{"@type":"ImageObject","inLanguage":"es","@id":"https:\/\/nuevodigitaldeescobar.com.ar\/?p=16050#primaryimage","url":"https:\/\/nuevodigitaldeescobar.com.ar\/wp-content\/uploads\/2025\/06\/insfpull2-5.png","contentUrl":"https:\/\/nuevodigitaldeescobar.com.ar\/wp-content\/uploads\/2025\/06\/insfpull2-5.png","width":707,"height":290},{"@type":"BreadcrumbList","@id":"https:\/\/nuevodigitaldeescobar.com.ar\/?p=16050#breadcrumb","itemListElement":[{"@type":"ListItem","position":1,"name":"Portada","item":"https:\/\/nuevodigitaldeescobar.com.ar\/"},{"@type":"ListItem","position":2,"name":"Elecciones provinciales en Formosa y Santa Fe: dos escenarios distintos, pero decisivos"}]},{"@type":"WebSite","@id":"https:\/\/nuevodigitaldeescobar.com.ar\/#website","url":"https:\/\/nuevodigitaldeescobar.com.ar\/","name":"Nuevo Digital de Escobar","description":"La vida escobarense. Directora: Rosana Brunner","publisher":{"@id":"https:\/\/nuevodigitaldeescobar.com.ar\/#organization"},"potentialAction":[{"@type":"SearchAction","target":{"@type":"EntryPoint","urlTemplate":"https:\/\/nuevodigitaldeescobar.com.ar\/?s={search_term_string}"},"query-input":{"@type":"PropertyValueSpecification","valueRequired":true,"valueName":"search_term_string"}}],"inLanguage":"es"},{"@type":"Organization","@id":"https:\/\/nuevodigitaldeescobar.com.ar\/#organization","name":"Nuevo Digital de Escobar","url":"https:\/\/nuevodigitaldeescobar.com.ar\/","logo":{"@type":"ImageObject","inLanguage":"es","@id":"https:\/\/nuevodigitaldeescobar.com.ar\/#\/schema\/logo\/image\/","url":"https:\/\/nuevodigitaldeescobar.com.ar\/wp-content\/uploads\/2025\/05\/cropped-logo-nuevo2.jpg","contentUrl":"https:\/\/nuevodigitaldeescobar.com.ar\/wp-content\/uploads\/2025\/05\/cropped-logo-nuevo2.jpg","width":305,"height":305,"caption":"Nuevo Digital de Escobar"},"image":{"@id":"https:\/\/nuevodigitaldeescobar.com.ar\/#\/schema\/logo\/image\/"},"sameAs":["https:\/\/www.facebook.com\/NUEVODigitalDeEscobar","https:\/\/x.com\/nuevodigescobar","https:\/\/www.instagram.com\/nuevodigitaldeescobar"]},{"@type":"Person","@id":"https:\/\/nuevodigitaldeescobar.com.ar\/#\/schema\/person\/035e90a8efe9a80e6eec22656ad6ea4c","name":"Redacci\u00f3n","image":{"@type":"ImageObject","inLanguage":"es","@id":"https:\/\/nuevodigitaldeescobar.com.ar\/#\/schema\/person\/image\/","url":"https:\/\/secure.gravatar.com\/avatar\/8af8f40000c24e9eef3034f2be5998a372bb1389e64b1a4a36b3a7979142220d?s=96&d=mm&r=g","contentUrl":"https:\/\/secure.gravatar.com\/avatar\/8af8f40000c24e9eef3034f2be5998a372bb1389e64b1a4a36b3a7979142220d?s=96&d=mm&r=g","caption":"Redacci\u00f3n"},"sameAs":["http:\/\/nuevodigitaldeescobar.com.ar"],"url":"https:\/\/nuevodigitaldeescobar.com.ar\/?author=1"}]}},"featured_image_urls":{"full":["https:\/\/nuevodigitaldeescobar.com.ar\/wp-content\/uploads\/2025\/06\/insfpull2-5.png",707,290,false],"thumbnail":["https:\/\/nuevodigitaldeescobar.com.ar\/wp-content\/uploads\/2025\/06\/insfpull2-5-150x150.png",150,150,true],"medium":["https:\/\/nuevodigitaldeescobar.com.ar\/wp-content\/uploads\/2025\/06\/insfpull2-5-300x123.png",300,123,true],"medium_large":["https:\/\/nuevodigitaldeescobar.com.ar\/wp-content\/uploads\/2025\/06\/insfpull2-5.png",640,263,false],"large":["https:\/\/nuevodigitaldeescobar.com.ar\/wp-content\/uploads\/2025\/06\/insfpull2-5.png",640,263,false],"1536x1536":["https:\/\/nuevodigitaldeescobar.com.ar\/wp-content\/uploads\/2025\/06\/insfpull2-5.png",707,290,false],"2048x2048":["https:\/\/nuevodigitaldeescobar.com.ar\/wp-content\/uploads\/2025\/06\/insfpull2-5.png",707,290,false]},"author_info":{"display_name":"Redacci\u00f3n","author_link":"https:\/\/nuevodigitaldeescobar.com.ar\/?author=1"},"category_info":"<a href=\"https:\/\/nuevodigitaldeescobar.com.ar\/?cat=6\" rel=\"category\">Pol\u00edtica<\/a>","tag_info":"Pol\u00edtica","comment_count":"0","_links":{"self":[{"href":"https:\/\/nuevodigitaldeescobar.com.ar\/index.php?rest_route=\/wp\/v2\/posts\/16050","targetHints":{"allow":["GET"]}}],"collection":[{"href":"https:\/\/nuevodigitaldeescobar.com.ar\/index.php?rest_route=\/wp\/v2\/posts"}],"about":[{"href":"https:\/\/nuevodigitaldeescobar.com.ar\/index.php?rest_route=\/wp\/v2\/types\/post"}],"author":[{"embeddable":true,"href":"https:\/\/nuevodigitaldeescobar.com.ar\/index.php?rest_route=\/wp\/v2\/users\/1"}],"replies":[{"embeddable":true,"href":"https:\/\/nuevodigitaldeescobar.com.ar\/index.php?rest_route=%2Fwp%2Fv2%2Fcomments&post=16050"}],"version-history":[{"count":1,"href":"https:\/\/nuevodigitaldeescobar.com.ar\/index.php?rest_route=\/wp\/v2\/posts\/16050\/revisions"}],"predecessor-version":[{"id":16052,"href":"https:\/\/nuevodigitaldeescobar.com.ar\/index.php?rest_route=\/wp\/v2\/posts\/16050\/revisions\/16052"}],"wp:featuredmedia":[{"embeddable":true,"href":"https:\/\/nuevodigitaldeescobar.com.ar\/index.php?rest_route=\/wp\/v2\/media\/16051"}],"wp:attachment":[{"href":"https:\/\/nuevodigitaldeescobar.com.ar\/index.php?rest_route=%2Fwp%2Fv2%2Fmedia&parent=16050"}],"wp:term":[{"taxonomy":"category","embeddable":true,"href":"https:\/\/nuevodigitaldeescobar.com.ar\/index.php?rest_route=%2Fwp%2Fv2%2Fcategories&post=16050"},{"taxonomy":"post_tag","embeddable":true,"href":"https:\/\/nuevodigitaldeescobar.com.ar\/index.php?rest_route=%2Fwp%2Fv2%2Ftags&post=16050"}],"curies":[{"name":"wp","href":"https:\/\/api.w.org\/{rel}","templated":true}]}}