{"id":16085,"date":"2025-07-01T00:20:26","date_gmt":"2025-07-01T03:20:26","guid":{"rendered":"https:\/\/nuevodigitaldeescobar.com.ar\/?p=16085"},"modified":"2025-07-01T00:20:30","modified_gmt":"2025-07-01T03:20:30","slug":"geriatrico-del-horror-en-belgrano-llega-el-veredicto-por-la-muerte-de-10-adultos-mayores-durante-la-pandemia","status":"publish","type":"post","link":"https:\/\/nuevodigitaldeescobar.com.ar\/?p=16085","title":{"rendered":"Geri\u00e1trico del horror en Belgrano: llega el veredicto por la muerte de 10 adultos mayores durante la pandemia"},"content":{"rendered":"\n<p class=\"has-vivid-cyan-blue-color has-text-color has-link-color wp-elements-6b1efdd641dcf8702ef41d30d9c2667b\"><strong><em>Este lunes se conocer\u00e1 el veredicto del juicio por la muerte de 10 residentes del geri\u00e1trico Apart Los Incas, en el barrio porte\u00f1o de Belgrano, quienes fallecieron en medio de un brote de coronavirus ocurrido en abril de 2020, en plena emergencia sanitaria.<\/em><\/strong><\/p>\n\n\n\n<!--more-->\n\n\n\n<p>El caso \u2014uno de los m\u00e1s graves registrados en instituciones para adultos mayores durante la pandemia\u2014 involucra a <strong>cuatro imputados<\/strong>: los apoderados del geri\u00e1trico, <strong>Luis Daniel Megyes<\/strong> y <strong>Hugo Visca<\/strong>, la directora m\u00e9dica <strong>Carla Raffo<\/strong>, y la exfuncionaria porte\u00f1a <strong>Paula Trunzo<\/strong>.<\/p>\n\n\n\n<p>La fiscal\u00eda y la querella solicitaron <strong>penas de entre 3 y 4 a\u00f1os de prisi\u00f3n efectiva<\/strong> para los tres primeros, acusados de <strong>homicidio culposo agravado, lesiones culposas y violaci\u00f3n de medidas sanitarias<\/strong>. Para Trunzo, exfuncionaria encargada del \u00e1rea de fiscalizaci\u00f3n, la imputaci\u00f3n es por <strong>incumplimiento de los deberes de funcionaria p\u00fablica<\/strong>.<\/p>\n\n\n\n<h3 class=\"wp-block-heading has-text-color has-link-color wp-elements-48c28beb89c2fc0956eab4a32360181b\" style=\"color:#0b2dc4\">Las claves del caso<\/h3>\n\n\n\n<p>El 21 de abril de 2020, un brote de COVID-19 en el geri\u00e1trico <strong>Apart Los Incas<\/strong>, ubicado en la intersecci\u00f3n de Av. de los Incas y Zapiola, dej\u00f3 un saldo de <strong>28 residentes contagiados de un total de 33<\/strong>, y <strong>10 muertes<\/strong>. Adem\u00e1s, <strong>10 de los 14 empleados tambi\u00e9n se infectaron<\/strong>.<\/p>\n\n\n\n<p>Seg\u00fan la investigaci\u00f3n judicial, hubo al menos <strong>nueve irregularidades graves<\/strong> que facilitaron la propagaci\u00f3n del virus: entre ellas, <strong>no tomar la temperatura a los residentes<\/strong>, <strong>presionar al personal a seguir trabajando con s\u00edntomas<\/strong>, <strong>historias cl\u00ednicas desactualizadas<\/strong>, y <strong>ausencia de hisopados<\/strong>.<\/p>\n\n\n\n<p>Los familiares de las v\u00edctimas aseguran que <strong>los s\u00edntomas comenzaron una semana antes<\/strong> de que se activara alg\u00fan protocolo. La notificaci\u00f3n formal reci\u00e9n lleg\u00f3 <strong>dos d\u00edas antes de que se clausurara el geri\u00e1trico<\/strong>, a trav\u00e9s de un correo electr\u00f3nico.<\/p>\n\n\n\n<p><em>\u201cHace rato que ten\u00eda que haber cerrado\u201d<\/em>, declar\u00f3 en su momento la hija de una paciente de 94 a\u00f1os. <em>\u201cNos enteramos de que la asistente de mi mam\u00e1 ya llevaba tres d\u00edas internada en el Sanatorio G\u00fcemes\u201d<\/em>, dijo.<\/p>\n\n\n\n<h3 class=\"wp-block-heading has-text-color has-link-color wp-elements-41149a417875e5f50c9e7c678c122a4f\" style=\"color:#0b2dc4\">Un s\u00edmbolo del abandono<\/h3>\n\n\n\n<p>El caso de <strong>Apart Los Incas<\/strong> se convirti\u00f3 en un s\u00edmbolo del <strong>abandono institucional y la falta de controles estatales<\/strong> durante la primera etapa de la pandemia. Fue el primero de varios geri\u00e1tricos en la Ciudad de Buenos Aires que quedaron en la mira por similares situaciones.<\/p>\n\n\n\n<p>Uno de los impulsores del reclamo fue el periodista y exfuncionario nacional <strong>Sergio Federovisky<\/strong>, cuya madre tambi\u00e9n viv\u00eda en el lugar. <em>\u201cPedimos condena para los due\u00f1os, la m\u00e9dica y la funcionaria que no actu\u00f3 cuando deb\u00eda\u201d<\/em>, expres\u00f3 p\u00fablicamente.<\/p>\n\n\n\n<h3 class=\"wp-block-heading has-text-color has-link-color wp-elements-318be6c0d7426652f0643910fbc7e6dd\" style=\"color:#0b2dc4\">El juicio y el cierre<\/h3>\n\n\n\n<p>Durante las \u00faltimas jornadas se presentaron los <strong>alegatos de la fiscal\u00eda y la querella<\/strong>, y este lunes se completaron los de la defensa. Se espera que el <strong>Juzgado Penal, Contravencional y de Faltas N\u00b0 12<\/strong> de la Ciudad de Buenos Aires anuncie <strong>el veredicto en las pr\u00f3ximas horas<\/strong>.<\/p>\n\n\n\n<p>Para las esposas de los due\u00f1os del geri\u00e1trico, quienes tambi\u00e9n integraban el staff, se solicit\u00f3 <strong>pena en suspenso<\/strong>.<\/p>\n\n\n\n<p>El juicio no solo busca justicia para los familiares de las v\u00edctimas, sino tambi\u00e9n marcar un precedente sobre <strong>la responsabilidad de los responsables sanitarios y del Estado<\/strong> ante situaciones de emergencia en instituciones cerradas.<\/p>\n","protected":false},"excerpt":{"rendered":"<p>Este lunes se conocer\u00e1 el veredicto del juicio por la muerte de 10 residentes del geri\u00e1trico Apart Los Incas, en el barrio porte\u00f1o de Belgrano, [&hellip;]<\/p>\n","protected":false},"author":1,"featured_media":16086,"comment_status":"open","ping_status":"open","sticky":false,"template":"","format":"standard","meta":{"footnotes":""},"categories":[13],"tags":[],"class_list":["post-16085","post","type-post","status-publish","format-standard","has-post-thumbnail","hentry","category-policiales"],"better_featured_image":{"id":16086,"alt_text":"","caption":"","description":"","media_type":"image","media_details":{"width":804,"height":473,"file":"2025\/07\/geriatricoincas23.png","filesize":800972,"sizes":{"medium":{"file":"geriatricoincas23-300x176.png","width":300,"height":176,"mime-type":"image\/png","filesize":41916,"source_url":"https:\/\/nuevodigitaldeescobar.com.ar\/wp-content\/uploads\/2025\/07\/geriatricoincas23-300x176.png"},"thumbnail":{"file":"geriatricoincas23-150x150.png","width":150,"height":150,"mime-type":"image\/png","filesize":20573,"source_url":"https:\/\/nuevodigitaldeescobar.com.ar\/wp-content\/uploads\/2025\/07\/geriatricoincas23-150x150.png"},"medium_large":{"file":"geriatricoincas23-768x452.png","width":768,"height":452,"mime-type":"image\/png","filesize":214641,"source_url":"https:\/\/nuevodigitaldeescobar.com.ar\/wp-content\/uploads\/2025\/07\/geriatricoincas23-768x452.png"}},"image_meta":{"aperture":"0","credit":"","camera":"","caption":"","created_timestamp":"0","copyright":"","focal_length":"0","iso":"0","shutter_speed":"0","title":"","orientation":"0","keywords":[]}},"post":16085,"source_url":"https:\/\/nuevodigitaldeescobar.com.ar\/wp-content\/uploads\/2025\/07\/geriatricoincas23.png"},"yoast_head":"<!-- This site is optimized with the Yoast SEO plugin v26.1.1 - https:\/\/yoast.com\/wordpress\/plugins\/seo\/ -->\n<title>Geri\u00e1trico del horror en Belgrano: llega el veredicto por la muerte de 10 adultos mayores durante la pandemia - Nuevo Digital de Escobar<\/title>\n<meta name=\"robots\" content=\"index, follow, max-snippet:-1, max-image-preview:large, max-video-preview:-1\" \/>\n<link rel=\"canonical\" href=\"https:\/\/nuevodigitaldeescobar.com.ar\/?p=16085\" \/>\n<meta property=\"og:locale\" content=\"es_ES\" \/>\n<meta property=\"og:type\" content=\"article\" \/>\n<meta property=\"og:title\" content=\"Geri\u00e1trico del horror en Belgrano: llega el veredicto por la muerte de 10 adultos mayores durante la pandemia - Nuevo Digital de Escobar\" \/>\n<meta property=\"og:description\" content=\"Este lunes se conocer\u00e1 el veredicto del juicio por la muerte de 10 residentes del geri\u00e1trico Apart Los Incas, en el barrio porte\u00f1o de Belgrano, [&hellip;]\" \/>\n<meta property=\"og:url\" content=\"https:\/\/nuevodigitaldeescobar.com.ar\/?p=16085\" \/>\n<meta property=\"og:site_name\" content=\"Nuevo Digital de Escobar\" \/>\n<meta property=\"article:publisher\" content=\"https:\/\/www.facebook.com\/NUEVODigitalDeEscobar\" \/>\n<meta property=\"article:published_time\" content=\"2025-07-01T03:20:26+00:00\" \/>\n<meta property=\"article:modified_time\" content=\"2025-07-01T03:20:30+00:00\" \/>\n<meta property=\"og:image\" content=\"http:\/\/nuevodigitaldeescobar.com.ar\/wp-content\/uploads\/2025\/07\/geriatricoincas23.png\" \/>\n\t<meta property=\"og:image:width\" content=\"804\" \/>\n\t<meta property=\"og:image:height\" content=\"473\" \/>\n\t<meta property=\"og:image:type\" content=\"image\/png\" \/>\n<meta name=\"author\" content=\"Redacci\u00f3n\" \/>\n<meta name=\"twitter:card\" content=\"summary_large_image\" \/>\n<meta name=\"twitter:creator\" content=\"@nuevodigescobar\" \/>\n<meta name=\"twitter:site\" content=\"@nuevodigescobar\" \/>\n<meta name=\"twitter:label1\" content=\"Escrito por\" \/>\n\t<meta name=\"twitter:data1\" content=\"Redacci\u00f3n\" \/>\n\t<meta name=\"twitter:label2\" content=\"Tiempo de lectura\" \/>\n\t<meta name=\"twitter:data2\" content=\"3 minutos\" \/>\n<script type=\"application\/ld+json\" class=\"yoast-schema-graph\">{\"@context\":\"https:\/\/schema.org\",\"@graph\":[{\"@type\":\"Article\",\"@id\":\"https:\/\/nuevodigitaldeescobar.com.ar\/?p=16085#article\",\"isPartOf\":{\"@id\":\"https:\/\/nuevodigitaldeescobar.com.ar\/?p=16085\"},\"author\":{\"name\":\"Redacci\u00f3n\",\"@id\":\"https:\/\/nuevodigitaldeescobar.com.ar\/#\/schema\/person\/035e90a8efe9a80e6eec22656ad6ea4c\"},\"headline\":\"Geri\u00e1trico del horror en Belgrano: llega el veredicto por la muerte de 10 adultos mayores durante la pandemia\",\"datePublished\":\"2025-07-01T03:20:26+00:00\",\"dateModified\":\"2025-07-01T03:20:30+00:00\",\"mainEntityOfPage\":{\"@id\":\"https:\/\/nuevodigitaldeescobar.com.ar\/?p=16085\"},\"wordCount\":557,\"commentCount\":0,\"publisher\":{\"@id\":\"https:\/\/nuevodigitaldeescobar.com.ar\/#organization\"},\"image\":{\"@id\":\"https:\/\/nuevodigitaldeescobar.com.ar\/?p=16085#primaryimage\"},\"thumbnailUrl\":\"https:\/\/nuevodigitaldeescobar.com.ar\/wp-content\/uploads\/2025\/07\/geriatricoincas23.png\",\"articleSection\":[\"Policiales\"],\"inLanguage\":\"es\",\"potentialAction\":[{\"@type\":\"CommentAction\",\"name\":\"Comment\",\"target\":[\"https:\/\/nuevodigitaldeescobar.com.ar\/?p=16085#respond\"]}]},{\"@type\":\"WebPage\",\"@id\":\"https:\/\/nuevodigitaldeescobar.com.ar\/?p=16085\",\"url\":\"https:\/\/nuevodigitaldeescobar.com.ar\/?p=16085\",\"name\":\"Geri\u00e1trico del horror en Belgrano: llega el veredicto por la muerte de 10 adultos mayores durante la pandemia - Nuevo Digital de Escobar\",\"isPartOf\":{\"@id\":\"https:\/\/nuevodigitaldeescobar.com.ar\/#website\"},\"primaryImageOfPage\":{\"@id\":\"https:\/\/nuevodigitaldeescobar.com.ar\/?p=16085#primaryimage\"},\"image\":{\"@id\":\"https:\/\/nuevodigitaldeescobar.com.ar\/?p=16085#primaryimage\"},\"thumbnailUrl\":\"https:\/\/nuevodigitaldeescobar.com.ar\/wp-content\/uploads\/2025\/07\/geriatricoincas23.png\",\"datePublished\":\"2025-07-01T03:20:26+00:00\",\"dateModified\":\"2025-07-01T03:20:30+00:00\",\"breadcrumb\":{\"@id\":\"https:\/\/nuevodigitaldeescobar.com.ar\/?p=16085#breadcrumb\"},\"inLanguage\":\"es\",\"potentialAction\":[{\"@type\":\"ReadAction\",\"target\":[\"https:\/\/nuevodigitaldeescobar.com.ar\/?p=16085\"]}]},{\"@type\":\"ImageObject\",\"inLanguage\":\"es\",\"@id\":\"https:\/\/nuevodigitaldeescobar.com.ar\/?p=16085#primaryimage\",\"url\":\"https:\/\/nuevodigitaldeescobar.com.ar\/wp-content\/uploads\/2025\/07\/geriatricoincas23.png\",\"contentUrl\":\"https:\/\/nuevodigitaldeescobar.com.ar\/wp-content\/uploads\/2025\/07\/geriatricoincas23.png\",\"width\":804,\"height\":473},{\"@type\":\"BreadcrumbList\",\"@id\":\"https:\/\/nuevodigitaldeescobar.com.ar\/?p=16085#breadcrumb\",\"itemListElement\":[{\"@type\":\"ListItem\",\"position\":1,\"name\":\"Portada\",\"item\":\"https:\/\/nuevodigitaldeescobar.com.ar\/\"},{\"@type\":\"ListItem\",\"position\":2,\"name\":\"Geri\u00e1trico del horror en Belgrano: llega el veredicto por la muerte de 10 adultos mayores durante la pandemia\"}]},{\"@type\":\"WebSite\",\"@id\":\"https:\/\/nuevodigitaldeescobar.com.ar\/#website\",\"url\":\"https:\/\/nuevodigitaldeescobar.com.ar\/\",\"name\":\"Nuevo Digital de Escobar\",\"description\":\"La vida escobarense. Directora: Rosana Brunner\",\"publisher\":{\"@id\":\"https:\/\/nuevodigitaldeescobar.com.ar\/#organization\"},\"potentialAction\":[{\"@type\":\"SearchAction\",\"target\":{\"@type\":\"EntryPoint\",\"urlTemplate\":\"https:\/\/nuevodigitaldeescobar.com.ar\/?s={search_term_string}\"},\"query-input\":{\"@type\":\"PropertyValueSpecification\",\"valueRequired\":true,\"valueName\":\"search_term_string\"}}],\"inLanguage\":\"es\"},{\"@type\":\"Organization\",\"@id\":\"https:\/\/nuevodigitaldeescobar.com.ar\/#organization\",\"name\":\"Nuevo Digital de Escobar\",\"url\":\"https:\/\/nuevodigitaldeescobar.com.ar\/\",\"logo\":{\"@type\":\"ImageObject\",\"inLanguage\":\"es\",\"@id\":\"https:\/\/nuevodigitaldeescobar.com.ar\/#\/schema\/logo\/image\/\",\"url\":\"https:\/\/nuevodigitaldeescobar.com.ar\/wp-content\/uploads\/2025\/05\/cropped-logo-nuevo2.jpg\",\"contentUrl\":\"https:\/\/nuevodigitaldeescobar.com.ar\/wp-content\/uploads\/2025\/05\/cropped-logo-nuevo2.jpg\",\"width\":305,\"height\":305,\"caption\":\"Nuevo Digital de Escobar\"},\"image\":{\"@id\":\"https:\/\/nuevodigitaldeescobar.com.ar\/#\/schema\/logo\/image\/\"},\"sameAs\":[\"https:\/\/www.facebook.com\/NUEVODigitalDeEscobar\",\"https:\/\/x.com\/nuevodigescobar\",\"https:\/\/www.instagram.com\/nuevodigitaldeescobar\"]},{\"@type\":\"Person\",\"@id\":\"https:\/\/nuevodigitaldeescobar.com.ar\/#\/schema\/person\/035e90a8efe9a80e6eec22656ad6ea4c\",\"name\":\"Redacci\u00f3n\",\"image\":{\"@type\":\"ImageObject\",\"inLanguage\":\"es\",\"@id\":\"https:\/\/nuevodigitaldeescobar.com.ar\/#\/schema\/person\/image\/\",\"url\":\"https:\/\/secure.gravatar.com\/avatar\/8af8f40000c24e9eef3034f2be5998a372bb1389e64b1a4a36b3a7979142220d?s=96&d=mm&r=g\",\"contentUrl\":\"https:\/\/secure.gravatar.com\/avatar\/8af8f40000c24e9eef3034f2be5998a372bb1389e64b1a4a36b3a7979142220d?s=96&d=mm&r=g\",\"caption\":\"Redacci\u00f3n\"},\"sameAs\":[\"http:\/\/nuevodigitaldeescobar.com.ar\"],\"url\":\"https:\/\/nuevodigitaldeescobar.com.ar\/?author=1\"}]}<\/script>\n<!-- \/ Yoast SEO plugin. -->","yoast_head_json":{"title":"Geri\u00e1trico del horror en Belgrano: llega el veredicto por la muerte de 10 adultos mayores durante la pandemia - Nuevo Digital de Escobar","robots":{"index":"index","follow":"follow","max-snippet":"max-snippet:-1","max-image-preview":"max-image-preview:large","max-video-preview":"max-video-preview:-1"},"canonical":"https:\/\/nuevodigitaldeescobar.com.ar\/?p=16085","og_locale":"es_ES","og_type":"article","og_title":"Geri\u00e1trico del horror en Belgrano: llega el veredicto por la muerte de 10 adultos mayores durante la pandemia - Nuevo Digital de Escobar","og_description":"Este lunes se conocer\u00e1 el veredicto del juicio por la muerte de 10 residentes del geri\u00e1trico Apart Los Incas, en el barrio porte\u00f1o de Belgrano, [&hellip;]","og_url":"https:\/\/nuevodigitaldeescobar.com.ar\/?p=16085","og_site_name":"Nuevo Digital de Escobar","article_publisher":"https:\/\/www.facebook.com\/NUEVODigitalDeEscobar","article_published_time":"2025-07-01T03:20:26+00:00","article_modified_time":"2025-07-01T03:20:30+00:00","og_image":[{"width":804,"height":473,"url":"http:\/\/nuevodigitaldeescobar.com.ar\/wp-content\/uploads\/2025\/07\/geriatricoincas23.png","type":"image\/png"}],"author":"Redacci\u00f3n","twitter_card":"summary_large_image","twitter_creator":"@nuevodigescobar","twitter_site":"@nuevodigescobar","twitter_misc":{"Escrito por":"Redacci\u00f3n","Tiempo de lectura":"3 minutos"},"schema":{"@context":"https:\/\/schema.org","@graph":[{"@type":"Article","@id":"https:\/\/nuevodigitaldeescobar.com.ar\/?p=16085#article","isPartOf":{"@id":"https:\/\/nuevodigitaldeescobar.com.ar\/?p=16085"},"author":{"name":"Redacci\u00f3n","@id":"https:\/\/nuevodigitaldeescobar.com.ar\/#\/schema\/person\/035e90a8efe9a80e6eec22656ad6ea4c"},"headline":"Geri\u00e1trico del horror en Belgrano: llega el veredicto por la muerte de 10 adultos mayores durante la pandemia","datePublished":"2025-07-01T03:20:26+00:00","dateModified":"2025-07-01T03:20:30+00:00","mainEntityOfPage":{"@id":"https:\/\/nuevodigitaldeescobar.com.ar\/?p=16085"},"wordCount":557,"commentCount":0,"publisher":{"@id":"https:\/\/nuevodigitaldeescobar.com.ar\/#organization"},"image":{"@id":"https:\/\/nuevodigitaldeescobar.com.ar\/?p=16085#primaryimage"},"thumbnailUrl":"https:\/\/nuevodigitaldeescobar.com.ar\/wp-content\/uploads\/2025\/07\/geriatricoincas23.png","articleSection":["Policiales"],"inLanguage":"es","potentialAction":[{"@type":"CommentAction","name":"Comment","target":["https:\/\/nuevodigitaldeescobar.com.ar\/?p=16085#respond"]}]},{"@type":"WebPage","@id":"https:\/\/nuevodigitaldeescobar.com.ar\/?p=16085","url":"https:\/\/nuevodigitaldeescobar.com.ar\/?p=16085","name":"Geri\u00e1trico del horror en Belgrano: llega el veredicto por la muerte de 10 adultos mayores durante la pandemia - Nuevo Digital de Escobar","isPartOf":{"@id":"https:\/\/nuevodigitaldeescobar.com.ar\/#website"},"primaryImageOfPage":{"@id":"https:\/\/nuevodigitaldeescobar.com.ar\/?p=16085#primaryimage"},"image":{"@id":"https:\/\/nuevodigitaldeescobar.com.ar\/?p=16085#primaryimage"},"thumbnailUrl":"https:\/\/nuevodigitaldeescobar.com.ar\/wp-content\/uploads\/2025\/07\/geriatricoincas23.png","datePublished":"2025-07-01T03:20:26+00:00","dateModified":"2025-07-01T03:20:30+00:00","breadcrumb":{"@id":"https:\/\/nuevodigitaldeescobar.com.ar\/?p=16085#breadcrumb"},"inLanguage":"es","potentialAction":[{"@type":"ReadAction","target":["https:\/\/nuevodigitaldeescobar.com.ar\/?p=16085"]}]},{"@type":"ImageObject","inLanguage":"es","@id":"https:\/\/nuevodigitaldeescobar.com.ar\/?p=16085#primaryimage","url":"https:\/\/nuevodigitaldeescobar.com.ar\/wp-content\/uploads\/2025\/07\/geriatricoincas23.png","contentUrl":"https:\/\/nuevodigitaldeescobar.com.ar\/wp-content\/uploads\/2025\/07\/geriatricoincas23.png","width":804,"height":473},{"@type":"BreadcrumbList","@id":"https:\/\/nuevodigitaldeescobar.com.ar\/?p=16085#breadcrumb","itemListElement":[{"@type":"ListItem","position":1,"name":"Portada","item":"https:\/\/nuevodigitaldeescobar.com.ar\/"},{"@type":"ListItem","position":2,"name":"Geri\u00e1trico del horror en Belgrano: llega el veredicto por la muerte de 10 adultos mayores durante la pandemia"}]},{"@type":"WebSite","@id":"https:\/\/nuevodigitaldeescobar.com.ar\/#website","url":"https:\/\/nuevodigitaldeescobar.com.ar\/","name":"Nuevo Digital de Escobar","description":"La vida escobarense. Directora: Rosana Brunner","publisher":{"@id":"https:\/\/nuevodigitaldeescobar.com.ar\/#organization"},"potentialAction":[{"@type":"SearchAction","target":{"@type":"EntryPoint","urlTemplate":"https:\/\/nuevodigitaldeescobar.com.ar\/?s={search_term_string}"},"query-input":{"@type":"PropertyValueSpecification","valueRequired":true,"valueName":"search_term_string"}}],"inLanguage":"es"},{"@type":"Organization","@id":"https:\/\/nuevodigitaldeescobar.com.ar\/#organization","name":"Nuevo Digital de Escobar","url":"https:\/\/nuevodigitaldeescobar.com.ar\/","logo":{"@type":"ImageObject","inLanguage":"es","@id":"https:\/\/nuevodigitaldeescobar.com.ar\/#\/schema\/logo\/image\/","url":"https:\/\/nuevodigitaldeescobar.com.ar\/wp-content\/uploads\/2025\/05\/cropped-logo-nuevo2.jpg","contentUrl":"https:\/\/nuevodigitaldeescobar.com.ar\/wp-content\/uploads\/2025\/05\/cropped-logo-nuevo2.jpg","width":305,"height":305,"caption":"Nuevo Digital de Escobar"},"image":{"@id":"https:\/\/nuevodigitaldeescobar.com.ar\/#\/schema\/logo\/image\/"},"sameAs":["https:\/\/www.facebook.com\/NUEVODigitalDeEscobar","https:\/\/x.com\/nuevodigescobar","https:\/\/www.instagram.com\/nuevodigitaldeescobar"]},{"@type":"Person","@id":"https:\/\/nuevodigitaldeescobar.com.ar\/#\/schema\/person\/035e90a8efe9a80e6eec22656ad6ea4c","name":"Redacci\u00f3n","image":{"@type":"ImageObject","inLanguage":"es","@id":"https:\/\/nuevodigitaldeescobar.com.ar\/#\/schema\/person\/image\/","url":"https:\/\/secure.gravatar.com\/avatar\/8af8f40000c24e9eef3034f2be5998a372bb1389e64b1a4a36b3a7979142220d?s=96&d=mm&r=g","contentUrl":"https:\/\/secure.gravatar.com\/avatar\/8af8f40000c24e9eef3034f2be5998a372bb1389e64b1a4a36b3a7979142220d?s=96&d=mm&r=g","caption":"Redacci\u00f3n"},"sameAs":["http:\/\/nuevodigitaldeescobar.com.ar"],"url":"https:\/\/nuevodigitaldeescobar.com.ar\/?author=1"}]}},"featured_image_urls":{"full":["https:\/\/nuevodigitaldeescobar.com.ar\/wp-content\/uploads\/2025\/07\/geriatricoincas23.png",804,473,false],"thumbnail":["https:\/\/nuevodigitaldeescobar.com.ar\/wp-content\/uploads\/2025\/07\/geriatricoincas23-150x150.png",150,150,true],"medium":["https:\/\/nuevodigitaldeescobar.com.ar\/wp-content\/uploads\/2025\/07\/geriatricoincas23-300x176.png",300,176,true],"medium_large":["https:\/\/nuevodigitaldeescobar.com.ar\/wp-content\/uploads\/2025\/07\/geriatricoincas23-768x452.png",640,377,true],"large":["https:\/\/nuevodigitaldeescobar.com.ar\/wp-content\/uploads\/2025\/07\/geriatricoincas23.png",640,377,false],"1536x1536":["https:\/\/nuevodigitaldeescobar.com.ar\/wp-content\/uploads\/2025\/07\/geriatricoincas23.png",804,473,false],"2048x2048":["https:\/\/nuevodigitaldeescobar.com.ar\/wp-content\/uploads\/2025\/07\/geriatricoincas23.png",804,473,false]},"author_info":{"display_name":"Redacci\u00f3n","author_link":"https:\/\/nuevodigitaldeescobar.com.ar\/?author=1"},"category_info":"<a href=\"https:\/\/nuevodigitaldeescobar.com.ar\/?cat=13\" rel=\"category\">Policiales<\/a>","tag_info":"Policiales","comment_count":"0","_links":{"self":[{"href":"https:\/\/nuevodigitaldeescobar.com.ar\/index.php?rest_route=\/wp\/v2\/posts\/16085","targetHints":{"allow":["GET"]}}],"collection":[{"href":"https:\/\/nuevodigitaldeescobar.com.ar\/index.php?rest_route=\/wp\/v2\/posts"}],"about":[{"href":"https:\/\/nuevodigitaldeescobar.com.ar\/index.php?rest_route=\/wp\/v2\/types\/post"}],"author":[{"embeddable":true,"href":"https:\/\/nuevodigitaldeescobar.com.ar\/index.php?rest_route=\/wp\/v2\/users\/1"}],"replies":[{"embeddable":true,"href":"https:\/\/nuevodigitaldeescobar.com.ar\/index.php?rest_route=%2Fwp%2Fv2%2Fcomments&post=16085"}],"version-history":[{"count":1,"href":"https:\/\/nuevodigitaldeescobar.com.ar\/index.php?rest_route=\/wp\/v2\/posts\/16085\/revisions"}],"predecessor-version":[{"id":16087,"href":"https:\/\/nuevodigitaldeescobar.com.ar\/index.php?rest_route=\/wp\/v2\/posts\/16085\/revisions\/16087"}],"wp:featuredmedia":[{"embeddable":true,"href":"https:\/\/nuevodigitaldeescobar.com.ar\/index.php?rest_route=\/wp\/v2\/media\/16086"}],"wp:attachment":[{"href":"https:\/\/nuevodigitaldeescobar.com.ar\/index.php?rest_route=%2Fwp%2Fv2%2Fmedia&parent=16085"}],"wp:term":[{"taxonomy":"category","embeddable":true,"href":"https:\/\/nuevodigitaldeescobar.com.ar\/index.php?rest_route=%2Fwp%2Fv2%2Fcategories&post=16085"},{"taxonomy":"post_tag","embeddable":true,"href":"https:\/\/nuevodigitaldeescobar.com.ar\/index.php?rest_route=%2Fwp%2Fv2%2Ftags&post=16085"}],"curies":[{"name":"wp","href":"https:\/\/api.w.org\/{rel}","templated":true}]}}