{"id":16154,"date":"2025-07-03T10:20:35","date_gmt":"2025-07-03T13:20:35","guid":{"rendered":"https:\/\/nuevodigitaldeescobar.com.ar\/?p=16154"},"modified":"2025-07-03T11:26:49","modified_gmt":"2025-07-03T14:26:49","slug":"quien-era-diogo-jota-el-jugador-de-futbol-que-fallecio-en-un-accidente-de-transito","status":"publish","type":"post","link":"https:\/\/nuevodigitaldeescobar.com.ar\/?p=16154","title":{"rendered":"Qui\u00e9n era Diogo Jota, el jugador de f\u00fatbol que falleci\u00f3 en un accidente de tr\u00e1nsito"},"content":{"rendered":"\n<p>El delantero portugu\u00e9s del <u><strong>Liverpool<\/strong><\/u><\/a>, <strong>Diogo Jota<\/strong>, de <strong>28 a\u00f1os<\/strong>, y su hermano <strong>Andr\u00e9<\/strong>, de <strong>26<\/strong>, murieron en un tr\u00e1gico <strong>accidente de tr\u00e1nsito<\/strong> en la provincia de <strong>Zamora<\/strong>, <strong>Espa\u00f1a<\/strong>. <strong>Ambos viajaban juntos cuando su Lamborghini se despist\u00f3<\/strong>, <strong>provocando un incendio que consumi\u00f3 el veh\u00edculo y se propag\u00f3 a la zona<\/strong>.<\/p>\n\n<img \n<\/div>\n<\/div>\n<p><strong>El club ingl\u00e9s confirm\u00f3 la noticia<\/strong> <strong>y pidi\u00f3 respeto por la privacidad de la familia, amigos y compa\u00f1eros mientras intentan asimilar una p\u00e9rdida \u00abinimaginable\u00bb<\/strong>. El fatal siniestro ocurri\u00f3 cuando Jota disfrutaba de sus <strong>vacaciones tras haberse casado hace apenas 11 d\u00edas con Rute Cardoso<\/strong>, madre de sus <strong>tres hijos<\/strong>, y en la antesala de reincorporarse a la pretemporada del Liverpool.<\/p>\n<figure><img decoding=\"async\" src=\"https:\/\/derechadiario.com.ar\/filesedc\/uploads\/image\/post\/2025\/07\/captura-de-pantalla-2025-07-03-091313_1200_800.webp\" class=\"img-responsive lazyload\" alt=\"Publicaci\u00f3n en redes sociales de Liverpool FC en blanco y negro mostrando a un futbolista con expresi\u00f3n seria y un mensaje de luto\" title=\"Publicaci\u00f3n en redes sociales de Liverpool FC en blanco y negro mostrando a un futbolista con expresi\u00f3n seria y un mensaje de luto\" \/><\/figure>\n<p>Tambi\u00e9n <strong>Porto<\/strong>, el club donde los hermanos se formaron profesionalmente, <strong>manifest\u00f3 su dolor con un mensaje de condolencias y deseos de descanso en paz<\/strong>.<\/p>\n<figure><img decoding=\"async\" src=\"https:\/\/derechadiario.com.ar\/filesedc\/uploads\/image\/post\/2025\/07\/captura-de-pantalla-2025-07-03-091338_1200_800.webp\" class=\"img-responsive lazyload\" alt=\"Publicaci\u00f3n en redes sociales del FC Porto en la que expresan sus condolencias por el fallecimiento de un exjugador de sus categor\u00edas formativas, acompa\u00f1ada de dos fotos en blanco y negro de j\u00f3venes futbolistas con el uniforme del club.\" title=\"Publicaci\u00f3n en redes sociales del FC Porto en la que expresan sus condolencias por el fallecimiento de un exjugador de sus categor\u00edas formativas, acompa\u00f1ada de dos fotos en blanco y negro de j\u00f3venes futbolistas con el uniforme del club.\" \/><\/figure>\n<h2><strong>Una carrera marcada por el talento<\/strong><\/h2>\n<p>Diogo Jota naci\u00f3 en Porto y se inici\u00f3 en el <strong>Gondomar<\/strong>, antes de dar el salto al <strong>Pa\u00e7os de Ferreira<\/strong> en juveniles. Su talento llam\u00f3 la atenci\u00f3n del <strong>Atl\u00e9tico de Madrid<\/strong>, que lo fich\u00f3 en <strong>2016<\/strong>. Sin embargo, <strong>nunca lleg\u00f3 a debutar oficialmente en el Colchonero\u00a0y pas\u00f3 cedido por Porto y Wolverhampton<\/strong>.<\/p>\n<figure><img decoding=\"async\" src=\"https:\/\/derechadiario.com.ar\/filesedc\/uploads\/image\/post\/2025\/07\/1084950346jpg0_1200_800.webp\" class=\"img-responsive lazyload\" alt=\"Futbolista del Wolverhampton celebrando un gol con los brazos extendidos en un estadio lleno de aficionados\" title=\"Futbolista del Wolverhampton celebrando un gol con los brazos extendidos en un estadio lleno de aficionados\" \/><\/figure>\n<p><strong>En los Wolves brill\u00f3<\/strong>, lo que llev\u00f3 al <strong>Liverpool<\/strong> a invertir <strong>14 millones de euros<\/strong> para sumarlo en 2020. En Anfield disput\u00f3 <strong>182 partidos y marc\u00f3 65 goles<\/strong>, consagr\u00e1ndose campe\u00f3n de la <strong>Premier League<\/strong> este a\u00f1o, adem\u00e1s de ganar la\u00a0<strong>FA Cup<\/strong>\u00a0<strong>2022<\/strong>\u00a0 y dos <strong>Copas de la Liga<\/strong>\u00a0 (2022-2024).<\/p>\n<aside class=\"whatsappChannelText\"><a href=\"https:\/\/whatsapp.com\/channel\/0029VagEjILGE56eKjedWF2U\"  class=\"lazyload\" data-src=\"\/filesedc\/uploads\/other\/whatsapp_icon_mid_article.png\" width=\"32\" height=\"32\" \/><\/a> <a h\n<figure><img decoding=\"async\" src=\"https:\/\/derechadiario.com.ar\/filesedc\/uploads\/image\/post\/2025\/07\/goal---blank-web---facebook---2025-07-03t103614745jpg_1200_800.webp\" class=\"img-responsive lazyload\" alt=\"Futbolista del Liverpool sonr\u00ede mientras sostiene el trofeo de la Premier League\" title=\"Futbolista del Liverpool sonr\u00ede mientras sostiene el trofeo de la Premier League\" \/><\/figure>\n<p>Con la <strong>selecci\u00f3n de Portugal<\/strong>, sum\u00f3 \u00a0<strong>49 partidos<\/strong> y form\u00f3 parte del equipo que <strong>gan\u00f3 la Liga de las Naciones en 2019<\/strong> <strong>y nuevamente en 2025<\/strong>, cuando vencieron a Espa\u00f1a en la final del pasado 8 de junio.<\/p>\n<p>La tragedia conmocion\u00f3 no solo a Inglaterra y Portugal, sino a todo el mundo del f\u00fatbol, que llora la partida de <strong>un futbolista querido, talentoso y a\u00fan con mucho camino por delante<\/strong>.<\/p>\n<figure><img decoding=\"async\" src=\"https:\/\/derechadiario.com.ar\/filesedc\/uploads\/image\/post\/2025\/07\/diogo-jota-trophy-090625-da2a6e70b3efb890d4e9df4df98606e1_1200_800.webp\" class=\"img-responsive lazyload\" alt=\"Futbolista con uniforme rojo sosteniendo un trofeo plateado y una medalla en un estadio\" title=\"Futbolista con uniforme rojo sosteniendo un trofeo plateado y una medalla en un estadio\" \/><\/figure>\n","protected":false},"excerpt":{"rendered":"<p>El delantero portugu\u00e9s del Liverpool, Diogo Jota, de 28 a\u00f1os, y su hermano Andr\u00e9, de 26, murieron en un tr\u00e1gico accidente de tr\u00e1nsito en la [&hellip;]<\/p>\n","protected":false},"author":1,"featured_media":16155,"comment_status":"open","ping_status":"open","sticky":false,"template":"","format":"standard","meta":{"footnotes":""},"categories":[8],"tags":[],"class_list":["post-16154","post","type-post","status-publish","format-standard","has-post-thumbnail","hentry","category-deportes"],"better_featured_image":{"id":16155,"alt_text":"","caption":"","description":"","media_type":"image","media_details":{"width":1600,"height":1067,"file":"2025\/07\/3-1751545258925_1600_1067-anBmRJ.jpg","filesize":41681,"sizes":{"medium":{"file":"3-1751545258925_1600_1067-anBmRJ-300x200.jpg","width":300,"height":200,"mime-type":"image\/jpeg","filesize":6152,"source_url":"https:\/\/nuevodigitaldeescobar.com.ar\/wp-content\/uploads\/2025\/07\/3-1751545258925_1600_1067-anBmRJ-300x200.jpg"},"large":{"file":"3-1751545258925_1600_1067-anBmRJ-1024x683.jpg","width":1024,"height":683,"mime-type":"image\/jpeg","filesize":32997,"source_url":"https:\/\/nuevodigitaldeescobar.com.ar\/wp-content\/uploads\/2025\/07\/3-1751545258925_1600_1067-anBmRJ-1024x683.jpg"},"thumbnail":{"file":"3-1751545258925_1600_1067-anBmRJ-150x150.jpg","width":150,"height":150,"mime-type":"image\/jpeg","filesize":3572,"source_url":"https:\/\/nuevodigitaldeescobar.com.ar\/wp-content\/uploads\/2025\/07\/3-1751545258925_1600_1067-anBmRJ-150x150.jpg"},"medium_large":{"file":"3-1751545258925_1600_1067-anBmRJ-768x512.jpg","width":768,"height":512,"mime-type":"image\/jpeg","filesize":22360,"source_url":"https:\/\/nuevodigitaldeescobar.com.ar\/wp-content\/uploads\/2025\/07\/3-1751545258925_1600_1067-anBmRJ-768x512.jpg"},"1536x1536":{"file":"3-1751545258925_1600_1067-anBmRJ-1536x1024.jpg","width":1536,"height":1024,"mime-type":"image\/jpeg","filesize":56621,"source_url":"https:\/\/nuevodigitaldeescobar.com.ar\/wp-content\/uploads\/2025\/07\/3-1751545258925_1600_1067-anBmRJ-1536x1024.jpg"}},"image_meta":{"aperture":"0","credit":"","camera":"","caption":"","created_timestamp":"0","copyright":"","focal_length":"0","iso":"0","shutter_speed":"0","title":"","orientation":"0","keywords":[]}},"post":16154,"source_url":"https:\/\/nuevodigitaldeescobar.com.ar\/wp-content\/uploads\/2025\/07\/3-1751545258925_1600_1067-anBmRJ.jpg"},"yoast_head":"<!-- This site is optimized with the Yoast SEO plugin v26.1.1 - https:\/\/yoast.com\/wordpress\/plugins\/seo\/ -->\n<title>Qui\u00e9n era Diogo Jota, el jugador de f\u00fatbol que falleci\u00f3 en un accidente de tr\u00e1nsito - Nuevo Digital de Escobar<\/title>\n<meta name=\"robots\" content=\"index, follow, max-snippet:-1, max-image-preview:large, max-video-preview:-1\" \/>\n<link rel=\"canonical\" href=\"https:\/\/nuevodigitaldeescobar.com.ar\/?p=16154\" \/>\n<meta property=\"og:locale\" content=\"es_ES\" \/>\n<meta property=\"og:type\" content=\"article\" \/>\n<meta property=\"og:title\" content=\"Qui\u00e9n era Diogo Jota, el jugador de f\u00fatbol que falleci\u00f3 en un accidente de tr\u00e1nsito - Nuevo Digital de Escobar\" \/>\n<meta property=\"og:description\" content=\"El delantero portugu\u00e9s del Liverpool, Diogo Jota, de 28 a\u00f1os, y su hermano Andr\u00e9, de 26, murieron en un tr\u00e1gico accidente de tr\u00e1nsito en la [&hellip;]\" \/>\n<meta property=\"og:url\" content=\"https:\/\/nuevodigitaldeescobar.com.ar\/?p=16154\" \/>\n<meta property=\"og:site_name\" content=\"Nuevo Digital de Escobar\" \/>\n<meta property=\"article:publisher\" content=\"https:\/\/www.facebook.com\/NUEVODigitalDeEscobar\" \/>\n<meta property=\"article:published_time\" content=\"2025-07-03T13:20:35+00:00\" \/>\n<meta property=\"article:modified_time\" content=\"2025-07-03T14:26:49+00:00\" \/>\n<meta property=\"og:image\" content=\"http:\/\/nuevodigitaldeescobar.com.ar\/wp-content\/uploads\/2025\/07\/3-1751545258925_1600_1067-anBmRJ.jpg\" \/>\n\t<meta property=\"og:image:width\" content=\"1600\" \/>\n\t<meta property=\"og:image:height\" content=\"1067\" \/>\n\t<meta property=\"og:image:type\" content=\"image\/jpeg\" \/>\n<meta name=\"author\" content=\"Redacci\u00f3n\" \/>\n<meta name=\"twitter:card\" content=\"summary_large_image\" \/>\n<meta name=\"twitter:creator\" content=\"@nuevodigescobar\" \/>\n<meta name=\"twitter:site\" content=\"@nuevodigescobar\" \/>\n<meta name=\"twitter:label1\" content=\"Escrito por\" \/>\n\t<meta name=\"twitter:data1\" content=\"Redacci\u00f3n\" \/>\n\t<meta name=\"twitter:label2\" content=\"Tiempo de lectura\" \/>\n\t<meta name=\"twitter:data2\" content=\"3 minutos\" \/>\n<script type=\"application\/ld+json\" class=\"yoast-schema-graph\">{\"@context\":\"https:\/\/schema.org\",\"@graph\":[{\"@type\":\"Article\",\"@id\":\"https:\/\/nuevodigitaldeescobar.com.ar\/?p=16154#article\",\"isPartOf\":{\"@id\":\"https:\/\/nuevodigitaldeescobar.com.ar\/?p=16154\"},\"author\":{\"name\":\"Redacci\u00f3n\",\"@id\":\"https:\/\/nuevodigitaldeescobar.com.ar\/#\/schema\/person\/035e90a8efe9a80e6eec22656ad6ea4c\"},\"headline\":\"Qui\u00e9n era Diogo Jota, el jugador de f\u00fatbol que falleci\u00f3 en un accidente de tr\u00e1nsito\",\"datePublished\":\"2025-07-03T13:20:35+00:00\",\"dateModified\":\"2025-07-03T14:26:49+00:00\",\"mainEntityOfPage\":{\"@id\":\"https:\/\/nuevodigitaldeescobar.com.ar\/?p=16154\"},\"wordCount\":72,\"commentCount\":0,\"publisher\":{\"@id\":\"https:\/\/nuevodigitaldeescobar.com.ar\/#organization\"},\"image\":{\"@id\":\"https:\/\/nuevodigitaldeescobar.com.ar\/?p=16154#primaryimage\"},\"thumbnailUrl\":\"https:\/\/nuevodigitaldeescobar.com.ar\/wp-content\/uploads\/2025\/07\/3-1751545258925_1600_1067-anBmRJ.jpg\",\"articleSection\":[\"Deportes\"],\"inLanguage\":\"es\",\"potentialAction\":[{\"@type\":\"CommentAction\",\"name\":\"Comment\",\"target\":[\"https:\/\/nuevodigitaldeescobar.com.ar\/?p=16154#respond\"]}]},{\"@type\":\"WebPage\",\"@id\":\"https:\/\/nuevodigitaldeescobar.com.ar\/?p=16154\",\"url\":\"https:\/\/nuevodigitaldeescobar.com.ar\/?p=16154\",\"name\":\"Qui\u00e9n era Diogo Jota, el jugador de f\u00fatbol que falleci\u00f3 en un accidente de tr\u00e1nsito - Nuevo Digital de Escobar\",\"isPartOf\":{\"@id\":\"https:\/\/nuevodigitaldeescobar.com.ar\/#website\"},\"primaryImageOfPage\":{\"@id\":\"https:\/\/nuevodigitaldeescobar.com.ar\/?p=16154#primaryimage\"},\"image\":{\"@id\":\"https:\/\/nuevodigitaldeescobar.com.ar\/?p=16154#primaryimage\"},\"thumbnailUrl\":\"https:\/\/nuevodigitaldeescobar.com.ar\/wp-content\/uploads\/2025\/07\/3-1751545258925_1600_1067-anBmRJ.jpg\",\"datePublished\":\"2025-07-03T13:20:35+00:00\",\"dateModified\":\"2025-07-03T14:26:49+00:00\",\"breadcrumb\":{\"@id\":\"https:\/\/nuevodigitaldeescobar.com.ar\/?p=16154#breadcrumb\"},\"inLanguage\":\"es\",\"potentialAction\":[{\"@type\":\"ReadAction\",\"target\":[\"https:\/\/nuevodigitaldeescobar.com.ar\/?p=16154\"]}]},{\"@type\":\"ImageObject\",\"inLanguage\":\"es\",\"@id\":\"https:\/\/nuevodigitaldeescobar.com.ar\/?p=16154#primaryimage\",\"url\":\"https:\/\/nuevodigitaldeescobar.com.ar\/wp-content\/uploads\/2025\/07\/3-1751545258925_1600_1067-anBmRJ.jpg\",\"contentUrl\":\"https:\/\/nuevodigitaldeescobar.com.ar\/wp-content\/uploads\/2025\/07\/3-1751545258925_1600_1067-anBmRJ.jpg\",\"width\":1600,\"height\":1067},{\"@type\":\"BreadcrumbList\",\"@id\":\"https:\/\/nuevodigitaldeescobar.com.ar\/?p=16154#breadcrumb\",\"itemListElement\":[{\"@type\":\"ListItem\",\"position\":1,\"name\":\"Portada\",\"item\":\"https:\/\/nuevodigitaldeescobar.com.ar\/\"},{\"@type\":\"ListItem\",\"position\":2,\"name\":\"Qui\u00e9n era Diogo Jota, el jugador de f\u00fatbol que falleci\u00f3 en un accidente de tr\u00e1nsito\"}]},{\"@type\":\"WebSite\",\"@id\":\"https:\/\/nuevodigitaldeescobar.com.ar\/#website\",\"url\":\"https:\/\/nuevodigitaldeescobar.com.ar\/\",\"name\":\"Nuevo Digital de Escobar\",\"description\":\"La vida escobarense. Directora: Rosana Brunner\",\"publisher\":{\"@id\":\"https:\/\/nuevodigitaldeescobar.com.ar\/#organization\"},\"potentialAction\":[{\"@type\":\"SearchAction\",\"target\":{\"@type\":\"EntryPoint\",\"urlTemplate\":\"https:\/\/nuevodigitaldeescobar.com.ar\/?s={search_term_string}\"},\"query-input\":{\"@type\":\"PropertyValueSpecification\",\"valueRequired\":true,\"valueName\":\"search_term_string\"}}],\"inLanguage\":\"es\"},{\"@type\":\"Organization\",\"@id\":\"https:\/\/nuevodigitaldeescobar.com.ar\/#organization\",\"name\":\"Nuevo Digital de Escobar\",\"url\":\"https:\/\/nuevodigitaldeescobar.com.ar\/\",\"logo\":{\"@type\":\"ImageObject\",\"inLanguage\":\"es\",\"@id\":\"https:\/\/nuevodigitaldeescobar.com.ar\/#\/schema\/logo\/image\/\",\"url\":\"https:\/\/nuevodigitaldeescobar.com.ar\/wp-content\/uploads\/2025\/05\/cropped-logo-nuevo2.jpg\",\"contentUrl\":\"https:\/\/nuevodigitaldeescobar.com.ar\/wp-content\/uploads\/2025\/05\/cropped-logo-nuevo2.jpg\",\"width\":305,\"height\":305,\"caption\":\"Nuevo Digital de Escobar\"},\"image\":{\"@id\":\"https:\/\/nuevodigitaldeescobar.com.ar\/#\/schema\/logo\/image\/\"},\"sameAs\":[\"https:\/\/www.facebook.com\/NUEVODigitalDeEscobar\",\"https:\/\/x.com\/nuevodigescobar\",\"https:\/\/www.instagram.com\/nuevodigitaldeescobar\"]},{\"@type\":\"Person\",\"@id\":\"https:\/\/nuevodigitaldeescobar.com.ar\/#\/schema\/person\/035e90a8efe9a80e6eec22656ad6ea4c\",\"name\":\"Redacci\u00f3n\",\"image\":{\"@type\":\"ImageObject\",\"inLanguage\":\"es\",\"@id\":\"https:\/\/nuevodigitaldeescobar.com.ar\/#\/schema\/person\/image\/\",\"url\":\"https:\/\/secure.gravatar.com\/avatar\/8af8f40000c24e9eef3034f2be5998a372bb1389e64b1a4a36b3a7979142220d?s=96&d=mm&r=g\",\"contentUrl\":\"https:\/\/secure.gravatar.com\/avatar\/8af8f40000c24e9eef3034f2be5998a372bb1389e64b1a4a36b3a7979142220d?s=96&d=mm&r=g\",\"caption\":\"Redacci\u00f3n\"},\"sameAs\":[\"http:\/\/nuevodigitaldeescobar.com.ar\"],\"url\":\"https:\/\/nuevodigitaldeescobar.com.ar\/?author=1\"}]}<\/script>\n<!-- \/ Yoast SEO plugin. -->","yoast_head_json":{"title":"Qui\u00e9n era Diogo Jota, el jugador de f\u00fatbol que falleci\u00f3 en un accidente de tr\u00e1nsito - Nuevo Digital de Escobar","robots":{"index":"index","follow":"follow","max-snippet":"max-snippet:-1","max-image-preview":"max-image-preview:large","max-video-preview":"max-video-preview:-1"},"canonical":"https:\/\/nuevodigitaldeescobar.com.ar\/?p=16154","og_locale":"es_ES","og_type":"article","og_title":"Qui\u00e9n era Diogo Jota, el jugador de f\u00fatbol que falleci\u00f3 en un accidente de tr\u00e1nsito - Nuevo Digital de Escobar","og_description":"El delantero portugu\u00e9s del Liverpool, Diogo Jota, de 28 a\u00f1os, y su hermano Andr\u00e9, de 26, murieron en un tr\u00e1gico accidente de tr\u00e1nsito en la [&hellip;]","og_url":"https:\/\/nuevodigitaldeescobar.com.ar\/?p=16154","og_site_name":"Nuevo Digital de Escobar","article_publisher":"https:\/\/www.facebook.com\/NUEVODigitalDeEscobar","article_published_time":"2025-07-03T13:20:35+00:00","article_modified_time":"2025-07-03T14:26:49+00:00","og_image":[{"width":1600,"height":1067,"url":"http:\/\/nuevodigitaldeescobar.com.ar\/wp-content\/uploads\/2025\/07\/3-1751545258925_1600_1067-anBmRJ.jpg","type":"image\/jpeg"}],"author":"Redacci\u00f3n","twitter_card":"summary_large_image","twitter_creator":"@nuevodigescobar","twitter_site":"@nuevodigescobar","twitter_misc":{"Escrito por":"Redacci\u00f3n","Tiempo de lectura":"3 minutos"},"schema":{"@context":"https:\/\/schema.org","@graph":[{"@type":"Article","@id":"https:\/\/nuevodigitaldeescobar.com.ar\/?p=16154#article","isPartOf":{"@id":"https:\/\/nuevodigitaldeescobar.com.ar\/?p=16154"},"author":{"name":"Redacci\u00f3n","@id":"https:\/\/nuevodigitaldeescobar.com.ar\/#\/schema\/person\/035e90a8efe9a80e6eec22656ad6ea4c"},"headline":"Qui\u00e9n era Diogo Jota, el jugador de f\u00fatbol que falleci\u00f3 en un accidente de tr\u00e1nsito","datePublished":"2025-07-03T13:20:35+00:00","dateModified":"2025-07-03T14:26:49+00:00","mainEntityOfPage":{"@id":"https:\/\/nuevodigitaldeescobar.com.ar\/?p=16154"},"wordCount":72,"commentCount":0,"publisher":{"@id":"https:\/\/nuevodigitaldeescobar.com.ar\/#organization"},"image":{"@id":"https:\/\/nuevodigitaldeescobar.com.ar\/?p=16154#primaryimage"},"thumbnailUrl":"https:\/\/nuevodigitaldeescobar.com.ar\/wp-content\/uploads\/2025\/07\/3-1751545258925_1600_1067-anBmRJ.jpg","articleSection":["Deportes"],"inLanguage":"es","potentialAction":[{"@type":"CommentAction","name":"Comment","target":["https:\/\/nuevodigitaldeescobar.com.ar\/?p=16154#respond"]}]},{"@type":"WebPage","@id":"https:\/\/nuevodigitaldeescobar.com.ar\/?p=16154","url":"https:\/\/nuevodigitaldeescobar.com.ar\/?p=16154","name":"Qui\u00e9n era Diogo Jota, el jugador de f\u00fatbol que falleci\u00f3 en un accidente de tr\u00e1nsito - Nuevo Digital de Escobar","isPartOf":{"@id":"https:\/\/nuevodigitaldeescobar.com.ar\/#website"},"primaryImageOfPage":{"@id":"https:\/\/nuevodigitaldeescobar.com.ar\/?p=16154#primaryimage"},"image":{"@id":"https:\/\/nuevodigitaldeescobar.com.ar\/?p=16154#primaryimage"},"thumbnailUrl":"https:\/\/nuevodigitaldeescobar.com.ar\/wp-content\/uploads\/2025\/07\/3-1751545258925_1600_1067-anBmRJ.jpg","datePublished":"2025-07-03T13:20:35+00:00","dateModified":"2025-07-03T14:26:49+00:00","breadcrumb":{"@id":"https:\/\/nuevodigitaldeescobar.com.ar\/?p=16154#breadcrumb"},"inLanguage":"es","potentialAction":[{"@type":"ReadAction","target":["https:\/\/nuevodigitaldeescobar.com.ar\/?p=16154"]}]},{"@type":"ImageObject","inLanguage":"es","@id":"https:\/\/nuevodigitaldeescobar.com.ar\/?p=16154#primaryimage","url":"https:\/\/nuevodigitaldeescobar.com.ar\/wp-content\/uploads\/2025\/07\/3-1751545258925_1600_1067-anBmRJ.jpg","contentUrl":"https:\/\/nuevodigitaldeescobar.com.ar\/wp-content\/uploads\/2025\/07\/3-1751545258925_1600_1067-anBmRJ.jpg","width":1600,"height":1067},{"@type":"BreadcrumbList","@id":"https:\/\/nuevodigitaldeescobar.com.ar\/?p=16154#breadcrumb","itemListElement":[{"@type":"ListItem","position":1,"name":"Portada","item":"https:\/\/nuevodigitaldeescobar.com.ar\/"},{"@type":"ListItem","position":2,"name":"Qui\u00e9n era Diogo Jota, el jugador de f\u00fatbol que falleci\u00f3 en un accidente de tr\u00e1nsito"}]},{"@type":"WebSite","@id":"https:\/\/nuevodigitaldeescobar.com.ar\/#website","url":"https:\/\/nuevodigitaldeescobar.com.ar\/","name":"Nuevo Digital de Escobar","description":"La vida escobarense. Directora: Rosana Brunner","publisher":{"@id":"https:\/\/nuevodigitaldeescobar.com.ar\/#organization"},"potentialAction":[{"@type":"SearchAction","target":{"@type":"EntryPoint","urlTemplate":"https:\/\/nuevodigitaldeescobar.com.ar\/?s={search_term_string}"},"query-input":{"@type":"PropertyValueSpecification","valueRequired":true,"valueName":"search_term_string"}}],"inLanguage":"es"},{"@type":"Organization","@id":"https:\/\/nuevodigitaldeescobar.com.ar\/#organization","name":"Nuevo Digital de Escobar","url":"https:\/\/nuevodigitaldeescobar.com.ar\/","logo":{"@type":"ImageObject","inLanguage":"es","@id":"https:\/\/nuevodigitaldeescobar.com.ar\/#\/schema\/logo\/image\/","url":"https:\/\/nuevodigitaldeescobar.com.ar\/wp-content\/uploads\/2025\/05\/cropped-logo-nuevo2.jpg","contentUrl":"https:\/\/nuevodigitaldeescobar.com.ar\/wp-content\/uploads\/2025\/05\/cropped-logo-nuevo2.jpg","width":305,"height":305,"caption":"Nuevo Digital de Escobar"},"image":{"@id":"https:\/\/nuevodigitaldeescobar.com.ar\/#\/schema\/logo\/image\/"},"sameAs":["https:\/\/www.facebook.com\/NUEVODigitalDeEscobar","https:\/\/x.com\/nuevodigescobar","https:\/\/www.instagram.com\/nuevodigitaldeescobar"]},{"@type":"Person","@id":"https:\/\/nuevodigitaldeescobar.com.ar\/#\/schema\/person\/035e90a8efe9a80e6eec22656ad6ea4c","name":"Redacci\u00f3n","image":{"@type":"ImageObject","inLanguage":"es","@id":"https:\/\/nuevodigitaldeescobar.com.ar\/#\/schema\/person\/image\/","url":"https:\/\/secure.gravatar.com\/avatar\/8af8f40000c24e9eef3034f2be5998a372bb1389e64b1a4a36b3a7979142220d?s=96&d=mm&r=g","contentUrl":"https:\/\/secure.gravatar.com\/avatar\/8af8f40000c24e9eef3034f2be5998a372bb1389e64b1a4a36b3a7979142220d?s=96&d=mm&r=g","caption":"Redacci\u00f3n"},"sameAs":["http:\/\/nuevodigitaldeescobar.com.ar"],"url":"https:\/\/nuevodigitaldeescobar.com.ar\/?author=1"}]}},"featured_image_urls":{"full":["https:\/\/nuevodigitaldeescobar.com.ar\/wp-content\/uploads\/2025\/07\/3-1751545258925_1600_1067-anBmRJ.jpg",1600,1067,false],"thumbnail":["https:\/\/nuevodigitaldeescobar.com.ar\/wp-content\/uploads\/2025\/07\/3-1751545258925_1600_1067-anBmRJ-150x150.jpg",150,150,true],"medium":["https:\/\/nuevodigitaldeescobar.com.ar\/wp-content\/uploads\/2025\/07\/3-1751545258925_1600_1067-anBmRJ-300x200.jpg",300,200,true],"medium_large":["https:\/\/nuevodigitaldeescobar.com.ar\/wp-content\/uploads\/2025\/07\/3-1751545258925_1600_1067-anBmRJ-768x512.jpg",640,427,true],"large":["https:\/\/nuevodigitaldeescobar.com.ar\/wp-content\/uploads\/2025\/07\/3-1751545258925_1600_1067-anBmRJ-1024x683.jpg",640,427,true],"1536x1536":["https:\/\/nuevodigitaldeescobar.com.ar\/wp-content\/uploads\/2025\/07\/3-1751545258925_1600_1067-anBmRJ-1536x1024.jpg",1536,1024,true],"2048x2048":["https:\/\/nuevodigitaldeescobar.com.ar\/wp-content\/uploads\/2025\/07\/3-1751545258925_1600_1067-anBmRJ.jpg",1600,1067,false]},"author_info":{"display_name":"Redacci\u00f3n","author_link":"https:\/\/nuevodigitaldeescobar.com.ar\/?author=1"},"category_info":"<a href=\"https:\/\/nuevodigitaldeescobar.com.ar\/?cat=8\" rel=\"category\">Deportes<\/a>","tag_info":"Deportes","comment_count":"0","_links":{"self":[{"href":"https:\/\/nuevodigitaldeescobar.com.ar\/index.php?rest_route=\/wp\/v2\/posts\/16154","targetHints":{"allow":["GET"]}}],"collection":[{"href":"https:\/\/nuevodigitaldeescobar.com.ar\/index.php?rest_route=\/wp\/v2\/posts"}],"about":[{"href":"https:\/\/nuevodigitaldeescobar.com.ar\/index.php?rest_route=\/wp\/v2\/types\/post"}],"author":[{"embeddable":true,"href":"https:\/\/nuevodigitaldeescobar.com.ar\/index.php?rest_route=\/wp\/v2\/users\/1"}],"replies":[{"embeddable":true,"href":"https:\/\/nuevodigitaldeescobar.com.ar\/index.php?rest_route=%2Fwp%2Fv2%2Fcomments&post=16154"}],"version-history":[{"count":2,"href":"https:\/\/nuevodigitaldeescobar.com.ar\/index.php?rest_route=\/wp\/v2\/posts\/16154\/revisions"}],"predecessor-version":[{"id":16160,"href":"https:\/\/nuevodigitaldeescobar.com.ar\/index.php?rest_route=\/wp\/v2\/posts\/16154\/revisions\/16160"}],"wp:featuredmedia":[{"embeddable":true,"href":"https:\/\/nuevodigitaldeescobar.com.ar\/index.php?rest_route=\/wp\/v2\/media\/16155"}],"wp:attachment":[{"href":"https:\/\/nuevodigitaldeescobar.com.ar\/index.php?rest_route=%2Fwp%2Fv2%2Fmedia&parent=16154"}],"wp:term":[{"taxonomy":"category","embeddable":true,"href":"https:\/\/nuevodigitaldeescobar.com.ar\/index.php?rest_route=%2Fwp%2Fv2%2Fcategories&post=16154"},{"taxonomy":"post_tag","embeddable":true,"href":"https:\/\/nuevodigitaldeescobar.com.ar\/index.php?rest_route=%2Fwp%2Fv2%2Ftags&post=16154"}],"curies":[{"name":"wp","href":"https:\/\/api.w.org\/{rel}","templated":true}]}}