{"id":1619,"date":"2023-12-07T07:00:00","date_gmt":"2023-12-07T10:00:00","guid":{"rendered":"https:\/\/nuevodigitaldeescobar.com.ar\/?p=1619"},"modified":"2023-12-06T19:35:35","modified_gmt":"2023-12-06T22:35:35","slug":"agustin-rossi-dispuso-el-pase-a-planta-permanente-de-96-empleados-de-la-jefatura-de-gabinete","status":"publish","type":"post","link":"https:\/\/nuevodigitaldeescobar.com.ar\/?p=1619","title":{"rendered":"Agust\u00edn Rossi dispuso el pase a planta permanente de 96 empleados de la Jefatura de Gabinete"},"content":{"rendered":"<p><span style=\"color: #003366;\"><strong><em>En una resoluci\u00f3n publicada hoy, se efectivizaron profesionales y administrativos; desde el Gobierno afirman que se trata de \u201cconcursos que llevan mucho tiempo\u201d y que abarca a empleados con antig\u00fcedad.<\/em><\/strong><\/span><\/p>\n<p><!--more--><\/p>\n<hr \/>\n<p>El jefe de gabinete, Agust\u00edn Rossi, se despidi\u00f3 este martes de sus secretarios y otros empleados en plena Casa Rosada. Horas antes del saludo final, en el que recibi\u00f3 aplausos, el propio ministro coordinador y excandidato a vicepresidente de Uni\u00f3n por la Patria hab\u00eda firmado el pase a planta permanente de 96 agentes estatales, que pasar\u00e1n a engrosar el presupuesto del nuevo presidente, el libertario Javier Milei. El nombramiento se concreta cuando faltan cuatro d\u00edas para dejar el gobierno.<\/p>\n<p><em>\u201cDes\u00edgnanse en la Planta Permanente de la jefatura de gabinete de ministros, a los agentes consignados en el Anexo IF-2023-144477262-APN-DAYGP#JGM que forma parte integrante de la presente medida, en el cargo, grado, agrupamiento y tramo que para cada caso se detallan, a efectos de cubrir noventa y seis cargos vacantes y financiados del sistema nacional de empleo p\u00fablico (Sinep) aprobado por el Convenio Colectivo de Trabajo Sectorial del Personal, homologado por el Decreto N\u00ba 2098 del 3 de diciembre de 2008 y sus modificatorios\u201d<\/em>, afirma el art\u00edculo 1\u00b0 de la <a href=\"https:\/\/www.boletinoficial.gob.ar\/detalleAviso\/primera\/300038\/20231206\">resoluci\u00f3n 1077\/2023<\/a>, publicada este mi\u00e9rcoles en el Bolet\u00edn Oficial.<\/p>\n<p>En los considerandos de la resoluci\u00f3n, se destaca que el 1\u00b0 de noviembre del a\u00f1o pasado <em>\u201cse asignaron a la jefatura de gabinete de ministros doscientos cinco cargos vacantes y autorizados para su cobertura, lo que deber\u00eda ser realizado mediante convocatoria interna\u201d<\/em>. De esos 205 cargos, seg\u00fan confirman fuentes de la propia jefatura de gabinete, se efectivizaron estos 96, entre profesionales (la mayor\u00eda de ellos) y administrativos, seg\u00fan la planilla anexa de la resoluci\u00f3n.<\/p>\n<figure id=\"attachment_1621\" aria-describedby=\"caption-attachment-1621\" style=\"width: 720px\" class=\"wp-caption alignnone\"><img fetchpriority=\"high\" decoding=\"async\" class=\"size-full wp-image-1621\" src=\"http:\/\/nuevodigitaldeescobar.com.ar\/wp-content\/uploads\/2023\/12\/rossi-fernandez-massa.jpg\" alt=\"\" width=\"720\" height=\"480\" srcset=\"https:\/\/nuevodigitaldeescobar.com.ar\/wp-content\/uploads\/2023\/12\/rossi-fernandez-massa.jpg 720w, https:\/\/nuevodigitaldeescobar.com.ar\/wp-content\/uploads\/2023\/12\/rossi-fernandez-massa-300x200.jpg 300w\" sizes=\"(max-width: 720px) 100vw, 720px\" \/><figcaption id=\"caption-attachment-1621\" class=\"wp-caption-text\">Alberto Fern\u00e1ndez, Sergio Massa y Agust\u00edn Rossi.<\/figcaption><\/figure>\n<p>En el conjunto de nuevos incorporados hay asesores legales, dise\u00f1adores, analistas de presupuesto, referentes en comunicaci\u00f3n y hasta bibliotecarios, seg\u00fan se desprende de los datos oficiales.<\/p>\n<p><em>\u201cEs un proceso que se inici\u00f3 a fines del a\u00f1o pasado. Y todos son empleados con m\u00ednimo cinco a\u00f1os de actividad, en el caso de los profesionales, y por los menos diez a\u00f1os en el caso de los administrativos\u201d<\/em>, ampliaron cerca de Rossi en defensa de la medida, que consideraron <em>\u201cl\u00f3gica y justa\u201d<\/em>. \u00bfPor qu\u00e9 cuatro d\u00edas antes? Desde el Gobierno afirmaron que el proceso, desde el concurso de antecedentes en adelante, <em>\u201cllevan su tiempo\u201d<\/em>, y por eso se demoraron hasta hoy.<\/p>\n<p>No se trata, por cierto, de un hecho aislado. Un an\u00e1lisis del Bolet\u00edn Oficial realizado a fines de septiembre en el que se puso el foco sobre el llamado a concursos y designaciones efectivas, se determin\u00f3 un crecimiento de 199,35% en los cargos en expedientes administrativos entre julio y agosto pasados. En julio, entre apertura de nuevas vacantes y puestos confirmados, se movieron 17 procesos que conten\u00edan 924 lugares de planta permanente. En agosto, y especialmente despu\u00e9s de las PASO, ese n\u00famero creci\u00f3 a 28 expedientes, con 2766 cargos en cuesti\u00f3n. En aquel momento, desde el Gobierno argumentaron de modo similar al actual, y adujeron que se trataba de procedimientos previstos hace tiempo y que la correlaci\u00f3n temporal con las elecciones es una mera coincidencia.<\/p>\n<p>Ante aquellos nombramientos, y a\u00fan antes de su triunfo en el balotaje, desde La Libertad Avanza radicaron un amparo en la Justicia para detener contrataciones, licitaciones, designaciones y adjudicaciones, a trav\u00e9s del abogado, Diego Spagnuolo, quien tambi\u00e9n realiz\u00f3 una presentaci\u00f3n similar en mesa de entradas de la Casa Rosada.<\/p>\n<p><em>(La Naci\u00f3n)<\/em><\/p>\n","protected":false},"excerpt":{"rendered":"<p>En una resoluci\u00f3n publicada hoy, se efectivizaron profesionales y administrativos; desde el Gobierno afirman que se trata de \u201cconcursos que llevan mucho tiempo\u201d y que [&hellip;]<\/p>\n","protected":false},"author":1,"featured_media":1620,"comment_status":"open","ping_status":"closed","sticky":false,"template":"","format":"standard","meta":{"footnotes":""},"categories":[10,6],"tags":[],"class_list":["post-1619","post","type-post","status-publish","format-standard","has-post-thumbnail","hentry","category-economia","category-politica"],"better_featured_image":{"id":1620,"alt_text":"","caption":"","description":"","media_type":"image","media_details":{"width":720,"height":480,"file":"2023\/12\/agustin-rossi.jpg","filesize":37846,"sizes":{"medium":{"file":"agustin-rossi-300x200.jpg","width":300,"height":200,"mime-type":"image\/jpeg","filesize":13665,"source_url":"https:\/\/nuevodigitaldeescobar.com.ar\/wp-content\/uploads\/2023\/12\/agustin-rossi-300x200.jpg"},"thumbnail":{"file":"agustin-rossi-150x150.jpg","width":150,"height":150,"mime-type":"image\/jpeg","filesize":8389,"source_url":"https:\/\/nuevodigitaldeescobar.com.ar\/wp-content\/uploads\/2023\/12\/agustin-rossi-150x150.jpg"},"covernews-medium":{"file":"agustin-rossi-540x340.jpg","width":540,"height":340,"mime-type":"image\/jpeg","filesize":26554,"source_url":"https:\/\/nuevodigitaldeescobar.com.ar\/wp-content\/uploads\/2023\/12\/agustin-rossi-540x340.jpg"},"covernews-medium-square":{"file":"agustin-rossi-400x250.jpg","width":400,"height":250,"mime-type":"image\/jpeg","filesize":18301,"source_url":"https:\/\/nuevodigitaldeescobar.com.ar\/wp-content\/uploads\/2023\/12\/agustin-rossi-400x250.jpg"}},"image_meta":{"aperture":"0","credit":"","camera":"","caption":"","created_timestamp":"0","copyright":"","focal_length":"0","iso":"0","shutter_speed":"0","title":"","orientation":"0","keywords":[]}},"post":1619,"source_url":"https:\/\/nuevodigitaldeescobar.com.ar\/wp-content\/uploads\/2023\/12\/agustin-rossi.jpg"},"yoast_head":"<!-- This site is optimized with the Yoast SEO plugin v26.1.1 - https:\/\/yoast.com\/wordpress\/plugins\/seo\/ -->\n<title>Agust\u00edn Rossi dispuso el pase a planta permanente de 96 empleados de la Jefatura de Gabinete - Nuevo Digital de Escobar<\/title>\n<meta name=\"robots\" content=\"index, follow, max-snippet:-1, max-image-preview:large, max-video-preview:-1\" \/>\n<link rel=\"canonical\" href=\"https:\/\/nuevodigitaldeescobar.com.ar\/?p=1619\" \/>\n<meta property=\"og:locale\" content=\"es_ES\" \/>\n<meta property=\"og:type\" content=\"article\" \/>\n<meta property=\"og:title\" content=\"Agust\u00edn Rossi dispuso el pase a planta permanente de 96 empleados de la Jefatura de Gabinete - Nuevo Digital de Escobar\" \/>\n<meta property=\"og:description\" content=\"En una resoluci\u00f3n publicada hoy, se efectivizaron profesionales y administrativos; desde el Gobierno afirman que se trata de \u201cconcursos que llevan mucho tiempo\u201d y que [&hellip;]\" \/>\n<meta property=\"og:url\" content=\"https:\/\/nuevodigitaldeescobar.com.ar\/?p=1619\" \/>\n<meta property=\"og:site_name\" content=\"Nuevo Digital de Escobar\" \/>\n<meta property=\"article:publisher\" content=\"https:\/\/www.facebook.com\/NUEVODigitalDeEscobar\" \/>\n<meta property=\"article:published_time\" content=\"2023-12-07T10:00:00+00:00\" \/>\n<meta property=\"og:image\" content=\"https:\/\/nuevodigitaldeescobar.com.ar\/wp-content\/uploads\/2023\/12\/agustin-rossi.jpg\" \/>\n\t<meta property=\"og:image:width\" content=\"720\" \/>\n\t<meta property=\"og:image:height\" content=\"480\" \/>\n\t<meta property=\"og:image:type\" content=\"image\/jpeg\" \/>\n<meta name=\"author\" content=\"Redacci\u00f3n\" \/>\n<meta name=\"twitter:card\" content=\"summary_large_image\" \/>\n<meta name=\"twitter:creator\" content=\"@nuevodigescobar\" \/>\n<meta name=\"twitter:site\" content=\"@nuevodigescobar\" \/>\n<meta name=\"twitter:label1\" content=\"Escrito por\" \/>\n\t<meta name=\"twitter:data1\" content=\"Redacci\u00f3n\" \/>\n\t<meta name=\"twitter:label2\" content=\"Tiempo de lectura\" \/>\n\t<meta name=\"twitter:data2\" content=\"3 minutos\" \/>\n<script type=\"application\/ld+json\" class=\"yoast-schema-graph\">{\"@context\":\"https:\/\/schema.org\",\"@graph\":[{\"@type\":\"Article\",\"@id\":\"https:\/\/nuevodigitaldeescobar.com.ar\/?p=1619#article\",\"isPartOf\":{\"@id\":\"https:\/\/nuevodigitaldeescobar.com.ar\/?p=1619\"},\"author\":{\"name\":\"Redacci\u00f3n\",\"@id\":\"https:\/\/nuevodigitaldeescobar.com.ar\/#\/schema\/person\/035e90a8efe9a80e6eec22656ad6ea4c\"},\"headline\":\"Agust\u00edn Rossi dispuso el pase a planta permanente de 96 empleados de la Jefatura de Gabinete\",\"datePublished\":\"2023-12-07T10:00:00+00:00\",\"mainEntityOfPage\":{\"@id\":\"https:\/\/nuevodigitaldeescobar.com.ar\/?p=1619\"},\"wordCount\":628,\"commentCount\":0,\"publisher\":{\"@id\":\"https:\/\/nuevodigitaldeescobar.com.ar\/#organization\"},\"image\":{\"@id\":\"https:\/\/nuevodigitaldeescobar.com.ar\/?p=1619#primaryimage\"},\"thumbnailUrl\":\"https:\/\/nuevodigitaldeescobar.com.ar\/wp-content\/uploads\/2023\/12\/agustin-rossi.jpg\",\"articleSection\":[\"Econom\u00eda\",\"Pol\u00edtica\"],\"inLanguage\":\"es\",\"potentialAction\":[{\"@type\":\"CommentAction\",\"name\":\"Comment\",\"target\":[\"https:\/\/nuevodigitaldeescobar.com.ar\/?p=1619#respond\"]}]},{\"@type\":\"WebPage\",\"@id\":\"https:\/\/nuevodigitaldeescobar.com.ar\/?p=1619\",\"url\":\"https:\/\/nuevodigitaldeescobar.com.ar\/?p=1619\",\"name\":\"Agust\u00edn Rossi dispuso el pase a planta permanente de 96 empleados de la Jefatura de Gabinete - Nuevo Digital de Escobar\",\"isPartOf\":{\"@id\":\"https:\/\/nuevodigitaldeescobar.com.ar\/#website\"},\"primaryImageOfPage\":{\"@id\":\"https:\/\/nuevodigitaldeescobar.com.ar\/?p=1619#primaryimage\"},\"image\":{\"@id\":\"https:\/\/nuevodigitaldeescobar.com.ar\/?p=1619#primaryimage\"},\"thumbnailUrl\":\"https:\/\/nuevodigitaldeescobar.com.ar\/wp-content\/uploads\/2023\/12\/agustin-rossi.jpg\",\"datePublished\":\"2023-12-07T10:00:00+00:00\",\"breadcrumb\":{\"@id\":\"https:\/\/nuevodigitaldeescobar.com.ar\/?p=1619#breadcrumb\"},\"inLanguage\":\"es\",\"potentialAction\":[{\"@type\":\"ReadAction\",\"target\":[\"https:\/\/nuevodigitaldeescobar.com.ar\/?p=1619\"]}]},{\"@type\":\"ImageObject\",\"inLanguage\":\"es\",\"@id\":\"https:\/\/nuevodigitaldeescobar.com.ar\/?p=1619#primaryimage\",\"url\":\"https:\/\/nuevodigitaldeescobar.com.ar\/wp-content\/uploads\/2023\/12\/agustin-rossi.jpg\",\"contentUrl\":\"https:\/\/nuevodigitaldeescobar.com.ar\/wp-content\/uploads\/2023\/12\/agustin-rossi.jpg\",\"width\":720,\"height\":480},{\"@type\":\"BreadcrumbList\",\"@id\":\"https:\/\/nuevodigitaldeescobar.com.ar\/?p=1619#breadcrumb\",\"itemListElement\":[{\"@type\":\"ListItem\",\"position\":1,\"name\":\"Portada\",\"item\":\"https:\/\/nuevodigitaldeescobar.com.ar\/\"},{\"@type\":\"ListItem\",\"position\":2,\"name\":\"Agust\u00edn Rossi dispuso el pase a planta permanente de 96 empleados de la Jefatura de Gabinete\"}]},{\"@type\":\"WebSite\",\"@id\":\"https:\/\/nuevodigitaldeescobar.com.ar\/#website\",\"url\":\"https:\/\/nuevodigitaldeescobar.com.ar\/\",\"name\":\"Nuevo Digital de Escobar\",\"description\":\"La vida escobarense. Directora: Rosana Brunner\",\"publisher\":{\"@id\":\"https:\/\/nuevodigitaldeescobar.com.ar\/#organization\"},\"potentialAction\":[{\"@type\":\"SearchAction\",\"target\":{\"@type\":\"EntryPoint\",\"urlTemplate\":\"https:\/\/nuevodigitaldeescobar.com.ar\/?s={search_term_string}\"},\"query-input\":{\"@type\":\"PropertyValueSpecification\",\"valueRequired\":true,\"valueName\":\"search_term_string\"}}],\"inLanguage\":\"es\"},{\"@type\":\"Organization\",\"@id\":\"https:\/\/nuevodigitaldeescobar.com.ar\/#organization\",\"name\":\"Nuevo Digital de Escobar\",\"url\":\"https:\/\/nuevodigitaldeescobar.com.ar\/\",\"logo\":{\"@type\":\"ImageObject\",\"inLanguage\":\"es\",\"@id\":\"https:\/\/nuevodigitaldeescobar.com.ar\/#\/schema\/logo\/image\/\",\"url\":\"https:\/\/nuevodigitaldeescobar.com.ar\/wp-content\/uploads\/2025\/05\/cropped-logo-nuevo2.jpg\",\"contentUrl\":\"https:\/\/nuevodigitaldeescobar.com.ar\/wp-content\/uploads\/2025\/05\/cropped-logo-nuevo2.jpg\",\"width\":305,\"height\":305,\"caption\":\"Nuevo Digital de Escobar\"},\"image\":{\"@id\":\"https:\/\/nuevodigitaldeescobar.com.ar\/#\/schema\/logo\/image\/\"},\"sameAs\":[\"https:\/\/www.facebook.com\/NUEVODigitalDeEscobar\",\"https:\/\/x.com\/nuevodigescobar\",\"https:\/\/www.instagram.com\/nuevodigitaldeescobar\"]},{\"@type\":\"Person\",\"@id\":\"https:\/\/nuevodigitaldeescobar.com.ar\/#\/schema\/person\/035e90a8efe9a80e6eec22656ad6ea4c\",\"name\":\"Redacci\u00f3n\",\"image\":{\"@type\":\"ImageObject\",\"inLanguage\":\"es\",\"@id\":\"https:\/\/nuevodigitaldeescobar.com.ar\/#\/schema\/person\/image\/\",\"url\":\"https:\/\/secure.gravatar.com\/avatar\/8af8f40000c24e9eef3034f2be5998a372bb1389e64b1a4a36b3a7979142220d?s=96&d=mm&r=g\",\"contentUrl\":\"https:\/\/secure.gravatar.com\/avatar\/8af8f40000c24e9eef3034f2be5998a372bb1389e64b1a4a36b3a7979142220d?s=96&d=mm&r=g\",\"caption\":\"Redacci\u00f3n\"},\"sameAs\":[\"http:\/\/nuevodigitaldeescobar.com.ar\"],\"url\":\"https:\/\/nuevodigitaldeescobar.com.ar\/?author=1\"}]}<\/script>\n<!-- \/ Yoast SEO plugin. -->","yoast_head_json":{"title":"Agust\u00edn Rossi dispuso el pase a planta permanente de 96 empleados de la Jefatura de Gabinete - Nuevo Digital de Escobar","robots":{"index":"index","follow":"follow","max-snippet":"max-snippet:-1","max-image-preview":"max-image-preview:large","max-video-preview":"max-video-preview:-1"},"canonical":"https:\/\/nuevodigitaldeescobar.com.ar\/?p=1619","og_locale":"es_ES","og_type":"article","og_title":"Agust\u00edn Rossi dispuso el pase a planta permanente de 96 empleados de la Jefatura de Gabinete - Nuevo Digital de Escobar","og_description":"En una resoluci\u00f3n publicada hoy, se efectivizaron profesionales y administrativos; desde el Gobierno afirman que se trata de \u201cconcursos que llevan mucho tiempo\u201d y que [&hellip;]","og_url":"https:\/\/nuevodigitaldeescobar.com.ar\/?p=1619","og_site_name":"Nuevo Digital de Escobar","article_publisher":"https:\/\/www.facebook.com\/NUEVODigitalDeEscobar","article_published_time":"2023-12-07T10:00:00+00:00","og_image":[{"width":720,"height":480,"url":"https:\/\/nuevodigitaldeescobar.com.ar\/wp-content\/uploads\/2023\/12\/agustin-rossi.jpg","type":"image\/jpeg"}],"author":"Redacci\u00f3n","twitter_card":"summary_large_image","twitter_creator":"@nuevodigescobar","twitter_site":"@nuevodigescobar","twitter_misc":{"Escrito por":"Redacci\u00f3n","Tiempo de lectura":"3 minutos"},"schema":{"@context":"https:\/\/schema.org","@graph":[{"@type":"Article","@id":"https:\/\/nuevodigitaldeescobar.com.ar\/?p=1619#article","isPartOf":{"@id":"https:\/\/nuevodigitaldeescobar.com.ar\/?p=1619"},"author":{"name":"Redacci\u00f3n","@id":"https:\/\/nuevodigitaldeescobar.com.ar\/#\/schema\/person\/035e90a8efe9a80e6eec22656ad6ea4c"},"headline":"Agust\u00edn Rossi dispuso el pase a planta permanente de 96 empleados de la Jefatura de Gabinete","datePublished":"2023-12-07T10:00:00+00:00","mainEntityOfPage":{"@id":"https:\/\/nuevodigitaldeescobar.com.ar\/?p=1619"},"wordCount":628,"commentCount":0,"publisher":{"@id":"https:\/\/nuevodigitaldeescobar.com.ar\/#organization"},"image":{"@id":"https:\/\/nuevodigitaldeescobar.com.ar\/?p=1619#primaryimage"},"thumbnailUrl":"https:\/\/nuevodigitaldeescobar.com.ar\/wp-content\/uploads\/2023\/12\/agustin-rossi.jpg","articleSection":["Econom\u00eda","Pol\u00edtica"],"inLanguage":"es","potentialAction":[{"@type":"CommentAction","name":"Comment","target":["https:\/\/nuevodigitaldeescobar.com.ar\/?p=1619#respond"]}]},{"@type":"WebPage","@id":"https:\/\/nuevodigitaldeescobar.com.ar\/?p=1619","url":"https:\/\/nuevodigitaldeescobar.com.ar\/?p=1619","name":"Agust\u00edn Rossi dispuso el pase a planta permanente de 96 empleados de la Jefatura de Gabinete - Nuevo Digital de Escobar","isPartOf":{"@id":"https:\/\/nuevodigitaldeescobar.com.ar\/#website"},"primaryImageOfPage":{"@id":"https:\/\/nuevodigitaldeescobar.com.ar\/?p=1619#primaryimage"},"image":{"@id":"https:\/\/nuevodigitaldeescobar.com.ar\/?p=1619#primaryimage"},"thumbnailUrl":"https:\/\/nuevodigitaldeescobar.com.ar\/wp-content\/uploads\/2023\/12\/agustin-rossi.jpg","datePublished":"2023-12-07T10:00:00+00:00","breadcrumb":{"@id":"https:\/\/nuevodigitaldeescobar.com.ar\/?p=1619#breadcrumb"},"inLanguage":"es","potentialAction":[{"@type":"ReadAction","target":["https:\/\/nuevodigitaldeescobar.com.ar\/?p=1619"]}]},{"@type":"ImageObject","inLanguage":"es","@id":"https:\/\/nuevodigitaldeescobar.com.ar\/?p=1619#primaryimage","url":"https:\/\/nuevodigitaldeescobar.com.ar\/wp-content\/uploads\/2023\/12\/agustin-rossi.jpg","contentUrl":"https:\/\/nuevodigitaldeescobar.com.ar\/wp-content\/uploads\/2023\/12\/agustin-rossi.jpg","width":720,"height":480},{"@type":"BreadcrumbList","@id":"https:\/\/nuevodigitaldeescobar.com.ar\/?p=1619#breadcrumb","itemListElement":[{"@type":"ListItem","position":1,"name":"Portada","item":"https:\/\/nuevodigitaldeescobar.com.ar\/"},{"@type":"ListItem","position":2,"name":"Agust\u00edn Rossi dispuso el pase a planta permanente de 96 empleados de la Jefatura de Gabinete"}]},{"@type":"WebSite","@id":"https:\/\/nuevodigitaldeescobar.com.ar\/#website","url":"https:\/\/nuevodigitaldeescobar.com.ar\/","name":"Nuevo Digital de Escobar","description":"La vida escobarense. Directora: Rosana Brunner","publisher":{"@id":"https:\/\/nuevodigitaldeescobar.com.ar\/#organization"},"potentialAction":[{"@type":"SearchAction","target":{"@type":"EntryPoint","urlTemplate":"https:\/\/nuevodigitaldeescobar.com.ar\/?s={search_term_string}"},"query-input":{"@type":"PropertyValueSpecification","valueRequired":true,"valueName":"search_term_string"}}],"inLanguage":"es"},{"@type":"Organization","@id":"https:\/\/nuevodigitaldeescobar.com.ar\/#organization","name":"Nuevo Digital de Escobar","url":"https:\/\/nuevodigitaldeescobar.com.ar\/","logo":{"@type":"ImageObject","inLanguage":"es","@id":"https:\/\/nuevodigitaldeescobar.com.ar\/#\/schema\/logo\/image\/","url":"https:\/\/nuevodigitaldeescobar.com.ar\/wp-content\/uploads\/2025\/05\/cropped-logo-nuevo2.jpg","contentUrl":"https:\/\/nuevodigitaldeescobar.com.ar\/wp-content\/uploads\/2025\/05\/cropped-logo-nuevo2.jpg","width":305,"height":305,"caption":"Nuevo Digital de Escobar"},"image":{"@id":"https:\/\/nuevodigitaldeescobar.com.ar\/#\/schema\/logo\/image\/"},"sameAs":["https:\/\/www.facebook.com\/NUEVODigitalDeEscobar","https:\/\/x.com\/nuevodigescobar","https:\/\/www.instagram.com\/nuevodigitaldeescobar"]},{"@type":"Person","@id":"https:\/\/nuevodigitaldeescobar.com.ar\/#\/schema\/person\/035e90a8efe9a80e6eec22656ad6ea4c","name":"Redacci\u00f3n","image":{"@type":"ImageObject","inLanguage":"es","@id":"https:\/\/nuevodigitaldeescobar.com.ar\/#\/schema\/person\/image\/","url":"https:\/\/secure.gravatar.com\/avatar\/8af8f40000c24e9eef3034f2be5998a372bb1389e64b1a4a36b3a7979142220d?s=96&d=mm&r=g","contentUrl":"https:\/\/secure.gravatar.com\/avatar\/8af8f40000c24e9eef3034f2be5998a372bb1389e64b1a4a36b3a7979142220d?s=96&d=mm&r=g","caption":"Redacci\u00f3n"},"sameAs":["http:\/\/nuevodigitaldeescobar.com.ar"],"url":"https:\/\/nuevodigitaldeescobar.com.ar\/?author=1"}]}},"featured_image_urls":{"full":["https:\/\/nuevodigitaldeescobar.com.ar\/wp-content\/uploads\/2023\/12\/agustin-rossi.jpg",720,480,false],"thumbnail":["https:\/\/nuevodigitaldeescobar.com.ar\/wp-content\/uploads\/2023\/12\/agustin-rossi-150x150.jpg",150,150,true],"medium":["https:\/\/nuevodigitaldeescobar.com.ar\/wp-content\/uploads\/2023\/12\/agustin-rossi-300x200.jpg",300,200,true],"medium_large":["https:\/\/nuevodigitaldeescobar.com.ar\/wp-content\/uploads\/2023\/12\/agustin-rossi.jpg",640,427,false],"large":["https:\/\/nuevodigitaldeescobar.com.ar\/wp-content\/uploads\/2023\/12\/agustin-rossi.jpg",640,427,false],"1536x1536":["https:\/\/nuevodigitaldeescobar.com.ar\/wp-content\/uploads\/2023\/12\/agustin-rossi.jpg",720,480,false],"2048x2048":["https:\/\/nuevodigitaldeescobar.com.ar\/wp-content\/uploads\/2023\/12\/agustin-rossi.jpg",720,480,false]},"author_info":{"display_name":"Redacci\u00f3n","author_link":"https:\/\/nuevodigitaldeescobar.com.ar\/?author=1"},"category_info":"<a href=\"https:\/\/nuevodigitaldeescobar.com.ar\/?cat=10\" rel=\"category\">Econom\u00eda<\/a> <a href=\"https:\/\/nuevodigitaldeescobar.com.ar\/?cat=6\" rel=\"category\">Pol\u00edtica<\/a>","tag_info":"Pol\u00edtica","comment_count":"0","_links":{"self":[{"href":"https:\/\/nuevodigitaldeescobar.com.ar\/index.php?rest_route=\/wp\/v2\/posts\/1619","targetHints":{"allow":["GET"]}}],"collection":[{"href":"https:\/\/nuevodigitaldeescobar.com.ar\/index.php?rest_route=\/wp\/v2\/posts"}],"about":[{"href":"https:\/\/nuevodigitaldeescobar.com.ar\/index.php?rest_route=\/wp\/v2\/types\/post"}],"author":[{"embeddable":true,"href":"https:\/\/nuevodigitaldeescobar.com.ar\/index.php?rest_route=\/wp\/v2\/users\/1"}],"replies":[{"embeddable":true,"href":"https:\/\/nuevodigitaldeescobar.com.ar\/index.php?rest_route=%2Fwp%2Fv2%2Fcomments&post=1619"}],"version-history":[{"count":1,"href":"https:\/\/nuevodigitaldeescobar.com.ar\/index.php?rest_route=\/wp\/v2\/posts\/1619\/revisions"}],"predecessor-version":[{"id":1622,"href":"https:\/\/nuevodigitaldeescobar.com.ar\/index.php?rest_route=\/wp\/v2\/posts\/1619\/revisions\/1622"}],"wp:featuredmedia":[{"embeddable":true,"href":"https:\/\/nuevodigitaldeescobar.com.ar\/index.php?rest_route=\/wp\/v2\/media\/1620"}],"wp:attachment":[{"href":"https:\/\/nuevodigitaldeescobar.com.ar\/index.php?rest_route=%2Fwp%2Fv2%2Fmedia&parent=1619"}],"wp:term":[{"taxonomy":"category","embeddable":true,"href":"https:\/\/nuevodigitaldeescobar.com.ar\/index.php?rest_route=%2Fwp%2Fv2%2Fcategories&post=1619"},{"taxonomy":"post_tag","embeddable":true,"href":"https:\/\/nuevodigitaldeescobar.com.ar\/index.php?rest_route=%2Fwp%2Fv2%2Ftags&post=1619"}],"curies":[{"name":"wp","href":"https:\/\/api.w.org\/{rel}","templated":true}]}}