{"id":16196,"date":"2025-07-04T00:50:05","date_gmt":"2025-07-04T03:50:05","guid":{"rendered":"https:\/\/nuevodigitaldeescobar.com.ar\/?p=16196"},"modified":"2025-07-04T00:50:17","modified_gmt":"2025-07-04T03:50:17","slug":"causa-seguros-casanello-cito-a-alberto-fernandez-para-ampliar-su-declaracion-en-medio-de-fuertes-sospechas-de-corrupcion","status":"publish","type":"post","link":"https:\/\/nuevodigitaldeescobar.com.ar\/?p=16196","title":{"rendered":"Causa Seguros: Casanello cit\u00f3 a Alberto Fern\u00e1ndez para ampliar su declaraci\u00f3n en medio de fuertes sospechas de corrupci\u00f3n"},"content":{"rendered":"\n<p class=\"has-vivid-cyan-blue-color has-text-color has-link-color wp-elements-6a3f276b6e6f1c3d296d01473ca79832\"><em><strong>El juez federal Sebasti\u00e1n Casanello cit\u00f3 al ex presidente Alberto Fern\u00e1ndez para ampliar su declaraci\u00f3n indagatoria este viernes a las 10 de la ma\u00f1ana en el marco de la investigaci\u00f3n por presuntas irregularidades en el manejo del sistema de seguros durante su gesti\u00f3n. La causa apunta al posible direccionamiento de millonarios contratos de seguros estatales, triangulados con brokers privados cercanos al entonces mandatario.<\/strong><\/em><\/p>\n\n\n\n<!--more-->\n\n\n\n<p>Fern\u00e1ndez ya hab\u00eda declarado en noviembre de 2024, cuando el caso estaba en manos del juez Juli\u00e1n Ercolini. En aquella oportunidad, defendi\u00f3 la validez del decreto 823, que elimin\u00f3 el sistema de coaseguro para concentrar las p\u00f3lizas del Estado en Naci\u00f3n Seguros. Sin embargo, evit\u00f3 responder preguntas ajenas a su defensa y trat\u00f3 de despegarse del rol de los intermediarios. <em>\u201cFui el mayor enemigo de los productores de seguros\u201d<\/em>, afirm\u00f3 entonces.<\/p>\n\n\n\n<p>La ampliaci\u00f3n de su indagatoria llega a pedido de su defensa, que busca responder antes de una eventual definici\u00f3n procesal. La rapidez en la citaci\u00f3n responde, seg\u00fan fuentes judiciales, a un viaje previsto por el ex mandatario.<\/p>\n\n\n\n<h3 class=\"wp-block-heading has-text-color has-link-color wp-elements-ce89333f5a610d43ed312296386b8c85\" style=\"color:#172dd3\">\u2757 Fallo clave de la C\u00e1mara: revocaron las inhibiciones a los acusados<\/h3>\n\n\n\n<p>En paralelo, la C\u00e1mara Federal revoc\u00f3 las inhibiciones de bienes dispuestas por Casanello en abril, una medida que afectaba a 51 personas y empresas, entre ellas ex funcionarios, brokers y compa\u00f1\u00edas vinculadas al negocio de los seguros estatales. La resoluci\u00f3n, dividida, cuestion\u00f3 la falta de fundamentos para aplicar semejantes restricciones patrimoniales sin avances en las imputaciones.<\/p>\n\n\n\n<p>El camarista Mart\u00edn Irurzun consider\u00f3 que las medidas <em>\u201ccarecen de la debida fundamentaci\u00f3n\u201d<\/em> y su colega Eduardo Farah apunt\u00f3 que <em>\u201cno hay indicios de ocultamiento de bienes\u201d<\/em>. En disidencia, Roberto Boico vot\u00f3 por mantenerlas.<\/p>\n\n\n\n<h3 class=\"wp-block-heading has-text-color has-link-color wp-elements-b0288675bc1fbc501f352539a42574eb\" style=\"color:#172dd3\">\ud83d\udcc2 La causa y las pruebas<\/h3>\n\n\n\n<p>El expediente cambi\u00f3 de juez en febrero de 2025, cuando venci\u00f3 la subrogancia de Ercolini y asumi\u00f3 Casanello. Desde entonces, el magistrado revis\u00f3 el expediente completo, pidi\u00f3 nuevas pruebas y profundiz\u00f3 la l\u00ednea investigativa.<\/p>\n\n\n\n<p>Entre los nuevos apuntados figura Daniel \u201cEl Gordo\u201d Rodr\u00edguez, un ex polic\u00eda cercano a Fern\u00e1ndez que administr\u00f3 la Quinta de Olivos durante su mandato. Casanello orden\u00f3 levantar su secreto fiscal y pidi\u00f3 a la Agencia de Recaudaci\u00f3n y Control Aduanero un informe completo de su patrimonio desde 2015.<\/p>\n\n\n\n<p>Uno de los elementos clave es un extenso informe de la PROCELAC (la Procuradur\u00eda de Criminalidad Econ\u00f3mica), que revel\u00f3 que Fern\u00e1ndez le factur\u00f3 a la firma del broker H\u00e9ctor \u201cHecky\u201d Mart\u00ednez Sosa m\u00e1s de 4,2 millones de pesos entre 2010 y 2019 por supuestos \u201cservicios profesionales\u201d, incluyendo una \u00faltima factura fechada cuatro d\u00edas antes de asumir la Presidencia.<\/p>\n\n\n\n<p>Mart\u00ednez Sosa, su esposa, empresas intermediarias como Bachellier, San Ignacio y San Germ\u00e1n, y la hist\u00f3rica secretaria del ex presidente tambi\u00e9n est\u00e1n bajo la lupa judicial.<\/p>\n\n\n\n<h3 class=\"wp-block-heading has-text-color has-link-color wp-elements-2ca672eda16f5b41cf00871c518d1eef\" style=\"color:#172dd3\">\ud83d\udd0d \u00bfQu\u00e9 est\u00e1 en juego?<\/h3>\n\n\n\n<p>La causa podr\u00eda convertirse en una de las investigaciones por corrupci\u00f3n m\u00e1s sensibles del \u00faltimo tiempo, por su alcance y porque compromete directamente al expresidente y su c\u00edrculo \u00edntimo. Las pr\u00f3ximas semanas ser\u00e1n decisivas: Casanello deber\u00e1 definir si procesa, sobresee o profundiza a\u00fan m\u00e1s las pesquisas.<\/p>\n\n\n\n<p>Desde el entorno del ex presidente insisten en su inocencia, mientras que el gobierno actual, encabezado por Javier Milei, aprovecha cada avance judicial para cargar p\u00fablicamente contra la gesti\u00f3n kirchnerista.<\/p>\n","protected":false},"excerpt":{"rendered":"<p>El juez federal Sebasti\u00e1n Casanello cit\u00f3 al ex presidente Alberto Fern\u00e1ndez para ampliar su declaraci\u00f3n indagatoria este viernes a las 10 de la ma\u00f1ana en [&hellip;]<\/p>\n","protected":false},"author":1,"featured_media":5793,"comment_status":"open","ping_status":"open","sticky":false,"template":"","format":"standard","meta":{"footnotes":""},"categories":[6],"tags":[],"class_list":["post-16196","post","type-post","status-publish","format-standard","has-post-thumbnail","hentry","category-politica"],"better_featured_image":{"id":5793,"alt_text":"","caption":"","description":"","media_type":"image","media_details":{"width":640,"height":358,"file":"2024\/05\/fernandez-alberto.jpg","filesize":28753,"sizes":{"medium":{"file":"fernandez-alberto-300x168.jpg","width":300,"height":168,"mime-type":"image\/jpeg","filesize":6723,"source_url":"https:\/\/nuevodigitaldeescobar.com.ar\/wp-content\/uploads\/2024\/05\/fernandez-alberto-300x168.jpg"},"thumbnail":{"file":"fernandez-alberto-150x150.jpg","width":150,"height":150,"mime-type":"image\/jpeg","filesize":4117,"source_url":"https:\/\/nuevodigitaldeescobar.com.ar\/wp-content\/uploads\/2024\/05\/fernandez-alberto-150x150.jpg"}},"image_meta":{"aperture":"0","credit":"","camera":"","caption":"","created_timestamp":"0","copyright":"","focal_length":"0","iso":"0","shutter_speed":"0","title":"","orientation":"0","keywords":[]}},"post":5792,"source_url":"https:\/\/nuevodigitaldeescobar.com.ar\/wp-content\/uploads\/2024\/05\/fernandez-alberto.jpg"},"yoast_head":"<!-- This site is optimized with the Yoast SEO plugin v26.1.1 - https:\/\/yoast.com\/wordpress\/plugins\/seo\/ -->\n<title>Causa Seguros: Casanello cit\u00f3 a Alberto Fern\u00e1ndez para ampliar su declaraci\u00f3n en medio de fuertes sospechas de corrupci\u00f3n - Nuevo Digital de Escobar<\/title>\n<meta name=\"robots\" content=\"index, follow, max-snippet:-1, max-image-preview:large, max-video-preview:-1\" \/>\n<link rel=\"canonical\" href=\"https:\/\/nuevodigitaldeescobar.com.ar\/?p=16196\" \/>\n<meta property=\"og:locale\" content=\"es_ES\" \/>\n<meta property=\"og:type\" content=\"article\" \/>\n<meta property=\"og:title\" content=\"Causa Seguros: Casanello cit\u00f3 a Alberto Fern\u00e1ndez para ampliar su declaraci\u00f3n en medio de fuertes sospechas de corrupci\u00f3n - Nuevo Digital de Escobar\" \/>\n<meta property=\"og:description\" content=\"El juez federal Sebasti\u00e1n Casanello cit\u00f3 al ex presidente Alberto Fern\u00e1ndez para ampliar su declaraci\u00f3n indagatoria este viernes a las 10 de la ma\u00f1ana en [&hellip;]\" \/>\n<meta property=\"og:url\" content=\"https:\/\/nuevodigitaldeescobar.com.ar\/?p=16196\" \/>\n<meta property=\"og:site_name\" content=\"Nuevo Digital de Escobar\" \/>\n<meta property=\"article:publisher\" content=\"https:\/\/www.facebook.com\/NUEVODigitalDeEscobar\" \/>\n<meta property=\"article:published_time\" content=\"2025-07-04T03:50:05+00:00\" \/>\n<meta property=\"article:modified_time\" content=\"2025-07-04T03:50:17+00:00\" \/>\n<meta property=\"og:image\" content=\"http:\/\/nuevodigitaldeescobar.com.ar\/wp-content\/uploads\/2024\/05\/fernandez-alberto.jpg\" \/>\n\t<meta property=\"og:image:width\" content=\"640\" \/>\n\t<meta property=\"og:image:height\" content=\"358\" \/>\n\t<meta property=\"og:image:type\" content=\"image\/jpeg\" \/>\n<meta name=\"author\" content=\"Redacci\u00f3n\" \/>\n<meta name=\"twitter:card\" content=\"summary_large_image\" \/>\n<meta name=\"twitter:creator\" content=\"@nuevodigescobar\" \/>\n<meta name=\"twitter:site\" content=\"@nuevodigescobar\" \/>\n<meta name=\"twitter:label1\" content=\"Escrito por\" \/>\n\t<meta name=\"twitter:data1\" content=\"Redacci\u00f3n\" \/>\n\t<meta name=\"twitter:label2\" content=\"Tiempo de lectura\" \/>\n\t<meta name=\"twitter:data2\" content=\"3 minutos\" \/>\n<script type=\"application\/ld+json\" class=\"yoast-schema-graph\">{\"@context\":\"https:\/\/schema.org\",\"@graph\":[{\"@type\":\"Article\",\"@id\":\"https:\/\/nuevodigitaldeescobar.com.ar\/?p=16196#article\",\"isPartOf\":{\"@id\":\"https:\/\/nuevodigitaldeescobar.com.ar\/?p=16196\"},\"author\":{\"name\":\"Redacci\u00f3n\",\"@id\":\"https:\/\/nuevodigitaldeescobar.com.ar\/#\/schema\/person\/035e90a8efe9a80e6eec22656ad6ea4c\"},\"headline\":\"Causa Seguros: Casanello cit\u00f3 a Alberto Fern\u00e1ndez para ampliar su declaraci\u00f3n en medio de fuertes sospechas de corrupci\u00f3n\",\"datePublished\":\"2025-07-04T03:50:05+00:00\",\"dateModified\":\"2025-07-04T03:50:17+00:00\",\"mainEntityOfPage\":{\"@id\":\"https:\/\/nuevodigitaldeescobar.com.ar\/?p=16196\"},\"wordCount\":583,\"commentCount\":0,\"publisher\":{\"@id\":\"https:\/\/nuevodigitaldeescobar.com.ar\/#organization\"},\"image\":{\"@id\":\"https:\/\/nuevodigitaldeescobar.com.ar\/?p=16196#primaryimage\"},\"thumbnailUrl\":\"https:\/\/nuevodigitaldeescobar.com.ar\/wp-content\/uploads\/2024\/05\/fernandez-alberto.jpg\",\"articleSection\":[\"Pol\u00edtica\"],\"inLanguage\":\"es\",\"potentialAction\":[{\"@type\":\"CommentAction\",\"name\":\"Comment\",\"target\":[\"https:\/\/nuevodigitaldeescobar.com.ar\/?p=16196#respond\"]}]},{\"@type\":\"WebPage\",\"@id\":\"https:\/\/nuevodigitaldeescobar.com.ar\/?p=16196\",\"url\":\"https:\/\/nuevodigitaldeescobar.com.ar\/?p=16196\",\"name\":\"Causa Seguros: Casanello cit\u00f3 a Alberto Fern\u00e1ndez para ampliar su declaraci\u00f3n en medio de fuertes sospechas de corrupci\u00f3n - Nuevo Digital de Escobar\",\"isPartOf\":{\"@id\":\"https:\/\/nuevodigitaldeescobar.com.ar\/#website\"},\"primaryImageOfPage\":{\"@id\":\"https:\/\/nuevodigitaldeescobar.com.ar\/?p=16196#primaryimage\"},\"image\":{\"@id\":\"https:\/\/nuevodigitaldeescobar.com.ar\/?p=16196#primaryimage\"},\"thumbnailUrl\":\"https:\/\/nuevodigitaldeescobar.com.ar\/wp-content\/uploads\/2024\/05\/fernandez-alberto.jpg\",\"datePublished\":\"2025-07-04T03:50:05+00:00\",\"dateModified\":\"2025-07-04T03:50:17+00:00\",\"breadcrumb\":{\"@id\":\"https:\/\/nuevodigitaldeescobar.com.ar\/?p=16196#breadcrumb\"},\"inLanguage\":\"es\",\"potentialAction\":[{\"@type\":\"ReadAction\",\"target\":[\"https:\/\/nuevodigitaldeescobar.com.ar\/?p=16196\"]}]},{\"@type\":\"ImageObject\",\"inLanguage\":\"es\",\"@id\":\"https:\/\/nuevodigitaldeescobar.com.ar\/?p=16196#primaryimage\",\"url\":\"https:\/\/nuevodigitaldeescobar.com.ar\/wp-content\/uploads\/2024\/05\/fernandez-alberto.jpg\",\"contentUrl\":\"https:\/\/nuevodigitaldeescobar.com.ar\/wp-content\/uploads\/2024\/05\/fernandez-alberto.jpg\",\"width\":640,\"height\":358},{\"@type\":\"BreadcrumbList\",\"@id\":\"https:\/\/nuevodigitaldeescobar.com.ar\/?p=16196#breadcrumb\",\"itemListElement\":[{\"@type\":\"ListItem\",\"position\":1,\"name\":\"Portada\",\"item\":\"https:\/\/nuevodigitaldeescobar.com.ar\/\"},{\"@type\":\"ListItem\",\"position\":2,\"name\":\"Causa Seguros: Casanello cit\u00f3 a Alberto Fern\u00e1ndez para ampliar su declaraci\u00f3n en medio de fuertes sospechas de corrupci\u00f3n\"}]},{\"@type\":\"WebSite\",\"@id\":\"https:\/\/nuevodigitaldeescobar.com.ar\/#website\",\"url\":\"https:\/\/nuevodigitaldeescobar.com.ar\/\",\"name\":\"Nuevo Digital de Escobar\",\"description\":\"La vida escobarense. Directora: Rosana Brunner\",\"publisher\":{\"@id\":\"https:\/\/nuevodigitaldeescobar.com.ar\/#organization\"},\"potentialAction\":[{\"@type\":\"SearchAction\",\"target\":{\"@type\":\"EntryPoint\",\"urlTemplate\":\"https:\/\/nuevodigitaldeescobar.com.ar\/?s={search_term_string}\"},\"query-input\":{\"@type\":\"PropertyValueSpecification\",\"valueRequired\":true,\"valueName\":\"search_term_string\"}}],\"inLanguage\":\"es\"},{\"@type\":\"Organization\",\"@id\":\"https:\/\/nuevodigitaldeescobar.com.ar\/#organization\",\"name\":\"Nuevo Digital de Escobar\",\"url\":\"https:\/\/nuevodigitaldeescobar.com.ar\/\",\"logo\":{\"@type\":\"ImageObject\",\"inLanguage\":\"es\",\"@id\":\"https:\/\/nuevodigitaldeescobar.com.ar\/#\/schema\/logo\/image\/\",\"url\":\"https:\/\/nuevodigitaldeescobar.com.ar\/wp-content\/uploads\/2025\/05\/cropped-logo-nuevo2.jpg\",\"contentUrl\":\"https:\/\/nuevodigitaldeescobar.com.ar\/wp-content\/uploads\/2025\/05\/cropped-logo-nuevo2.jpg\",\"width\":305,\"height\":305,\"caption\":\"Nuevo Digital de Escobar\"},\"image\":{\"@id\":\"https:\/\/nuevodigitaldeescobar.com.ar\/#\/schema\/logo\/image\/\"},\"sameAs\":[\"https:\/\/www.facebook.com\/NUEVODigitalDeEscobar\",\"https:\/\/x.com\/nuevodigescobar\",\"https:\/\/www.instagram.com\/nuevodigitaldeescobar\"]},{\"@type\":\"Person\",\"@id\":\"https:\/\/nuevodigitaldeescobar.com.ar\/#\/schema\/person\/035e90a8efe9a80e6eec22656ad6ea4c\",\"name\":\"Redacci\u00f3n\",\"image\":{\"@type\":\"ImageObject\",\"inLanguage\":\"es\",\"@id\":\"https:\/\/nuevodigitaldeescobar.com.ar\/#\/schema\/person\/image\/\",\"url\":\"https:\/\/secure.gravatar.com\/avatar\/8af8f40000c24e9eef3034f2be5998a372bb1389e64b1a4a36b3a7979142220d?s=96&d=mm&r=g\",\"contentUrl\":\"https:\/\/secure.gravatar.com\/avatar\/8af8f40000c24e9eef3034f2be5998a372bb1389e64b1a4a36b3a7979142220d?s=96&d=mm&r=g\",\"caption\":\"Redacci\u00f3n\"},\"sameAs\":[\"http:\/\/nuevodigitaldeescobar.com.ar\"],\"url\":\"https:\/\/nuevodigitaldeescobar.com.ar\/?author=1\"}]}<\/script>\n<!-- \/ Yoast SEO plugin. -->","yoast_head_json":{"title":"Causa Seguros: Casanello cit\u00f3 a Alberto Fern\u00e1ndez para ampliar su declaraci\u00f3n en medio de fuertes sospechas de corrupci\u00f3n - Nuevo Digital de Escobar","robots":{"index":"index","follow":"follow","max-snippet":"max-snippet:-1","max-image-preview":"max-image-preview:large","max-video-preview":"max-video-preview:-1"},"canonical":"https:\/\/nuevodigitaldeescobar.com.ar\/?p=16196","og_locale":"es_ES","og_type":"article","og_title":"Causa Seguros: Casanello cit\u00f3 a Alberto Fern\u00e1ndez para ampliar su declaraci\u00f3n en medio de fuertes sospechas de corrupci\u00f3n - Nuevo Digital de Escobar","og_description":"El juez federal Sebasti\u00e1n Casanello cit\u00f3 al ex presidente Alberto Fern\u00e1ndez para ampliar su declaraci\u00f3n indagatoria este viernes a las 10 de la ma\u00f1ana en [&hellip;]","og_url":"https:\/\/nuevodigitaldeescobar.com.ar\/?p=16196","og_site_name":"Nuevo Digital de Escobar","article_publisher":"https:\/\/www.facebook.com\/NUEVODigitalDeEscobar","article_published_time":"2025-07-04T03:50:05+00:00","article_modified_time":"2025-07-04T03:50:17+00:00","og_image":[{"width":640,"height":358,"url":"http:\/\/nuevodigitaldeescobar.com.ar\/wp-content\/uploads\/2024\/05\/fernandez-alberto.jpg","type":"image\/jpeg"}],"author":"Redacci\u00f3n","twitter_card":"summary_large_image","twitter_creator":"@nuevodigescobar","twitter_site":"@nuevodigescobar","twitter_misc":{"Escrito por":"Redacci\u00f3n","Tiempo de lectura":"3 minutos"},"schema":{"@context":"https:\/\/schema.org","@graph":[{"@type":"Article","@id":"https:\/\/nuevodigitaldeescobar.com.ar\/?p=16196#article","isPartOf":{"@id":"https:\/\/nuevodigitaldeescobar.com.ar\/?p=16196"},"author":{"name":"Redacci\u00f3n","@id":"https:\/\/nuevodigitaldeescobar.com.ar\/#\/schema\/person\/035e90a8efe9a80e6eec22656ad6ea4c"},"headline":"Causa Seguros: Casanello cit\u00f3 a Alberto Fern\u00e1ndez para ampliar su declaraci\u00f3n en medio de fuertes sospechas de corrupci\u00f3n","datePublished":"2025-07-04T03:50:05+00:00","dateModified":"2025-07-04T03:50:17+00:00","mainEntityOfPage":{"@id":"https:\/\/nuevodigitaldeescobar.com.ar\/?p=16196"},"wordCount":583,"commentCount":0,"publisher":{"@id":"https:\/\/nuevodigitaldeescobar.com.ar\/#organization"},"image":{"@id":"https:\/\/nuevodigitaldeescobar.com.ar\/?p=16196#primaryimage"},"thumbnailUrl":"https:\/\/nuevodigitaldeescobar.com.ar\/wp-content\/uploads\/2024\/05\/fernandez-alberto.jpg","articleSection":["Pol\u00edtica"],"inLanguage":"es","potentialAction":[{"@type":"CommentAction","name":"Comment","target":["https:\/\/nuevodigitaldeescobar.com.ar\/?p=16196#respond"]}]},{"@type":"WebPage","@id":"https:\/\/nuevodigitaldeescobar.com.ar\/?p=16196","url":"https:\/\/nuevodigitaldeescobar.com.ar\/?p=16196","name":"Causa Seguros: Casanello cit\u00f3 a Alberto Fern\u00e1ndez para ampliar su declaraci\u00f3n en medio de fuertes sospechas de corrupci\u00f3n - Nuevo Digital de Escobar","isPartOf":{"@id":"https:\/\/nuevodigitaldeescobar.com.ar\/#website"},"primaryImageOfPage":{"@id":"https:\/\/nuevodigitaldeescobar.com.ar\/?p=16196#primaryimage"},"image":{"@id":"https:\/\/nuevodigitaldeescobar.com.ar\/?p=16196#primaryimage"},"thumbnailUrl":"https:\/\/nuevodigitaldeescobar.com.ar\/wp-content\/uploads\/2024\/05\/fernandez-alberto.jpg","datePublished":"2025-07-04T03:50:05+00:00","dateModified":"2025-07-04T03:50:17+00:00","breadcrumb":{"@id":"https:\/\/nuevodigitaldeescobar.com.ar\/?p=16196#breadcrumb"},"inLanguage":"es","potentialAction":[{"@type":"ReadAction","target":["https:\/\/nuevodigitaldeescobar.com.ar\/?p=16196"]}]},{"@type":"ImageObject","inLanguage":"es","@id":"https:\/\/nuevodigitaldeescobar.com.ar\/?p=16196#primaryimage","url":"https:\/\/nuevodigitaldeescobar.com.ar\/wp-content\/uploads\/2024\/05\/fernandez-alberto.jpg","contentUrl":"https:\/\/nuevodigitaldeescobar.com.ar\/wp-content\/uploads\/2024\/05\/fernandez-alberto.jpg","width":640,"height":358},{"@type":"BreadcrumbList","@id":"https:\/\/nuevodigitaldeescobar.com.ar\/?p=16196#breadcrumb","itemListElement":[{"@type":"ListItem","position":1,"name":"Portada","item":"https:\/\/nuevodigitaldeescobar.com.ar\/"},{"@type":"ListItem","position":2,"name":"Causa Seguros: Casanello cit\u00f3 a Alberto Fern\u00e1ndez para ampliar su declaraci\u00f3n en medio de fuertes sospechas de corrupci\u00f3n"}]},{"@type":"WebSite","@id":"https:\/\/nuevodigitaldeescobar.com.ar\/#website","url":"https:\/\/nuevodigitaldeescobar.com.ar\/","name":"Nuevo Digital de Escobar","description":"La vida escobarense. Directora: Rosana Brunner","publisher":{"@id":"https:\/\/nuevodigitaldeescobar.com.ar\/#organization"},"potentialAction":[{"@type":"SearchAction","target":{"@type":"EntryPoint","urlTemplate":"https:\/\/nuevodigitaldeescobar.com.ar\/?s={search_term_string}"},"query-input":{"@type":"PropertyValueSpecification","valueRequired":true,"valueName":"search_term_string"}}],"inLanguage":"es"},{"@type":"Organization","@id":"https:\/\/nuevodigitaldeescobar.com.ar\/#organization","name":"Nuevo Digital de Escobar","url":"https:\/\/nuevodigitaldeescobar.com.ar\/","logo":{"@type":"ImageObject","inLanguage":"es","@id":"https:\/\/nuevodigitaldeescobar.com.ar\/#\/schema\/logo\/image\/","url":"https:\/\/nuevodigitaldeescobar.com.ar\/wp-content\/uploads\/2025\/05\/cropped-logo-nuevo2.jpg","contentUrl":"https:\/\/nuevodigitaldeescobar.com.ar\/wp-content\/uploads\/2025\/05\/cropped-logo-nuevo2.jpg","width":305,"height":305,"caption":"Nuevo Digital de Escobar"},"image":{"@id":"https:\/\/nuevodigitaldeescobar.com.ar\/#\/schema\/logo\/image\/"},"sameAs":["https:\/\/www.facebook.com\/NUEVODigitalDeEscobar","https:\/\/x.com\/nuevodigescobar","https:\/\/www.instagram.com\/nuevodigitaldeescobar"]},{"@type":"Person","@id":"https:\/\/nuevodigitaldeescobar.com.ar\/#\/schema\/person\/035e90a8efe9a80e6eec22656ad6ea4c","name":"Redacci\u00f3n","image":{"@type":"ImageObject","inLanguage":"es","@id":"https:\/\/nuevodigitaldeescobar.com.ar\/#\/schema\/person\/image\/","url":"https:\/\/secure.gravatar.com\/avatar\/8af8f40000c24e9eef3034f2be5998a372bb1389e64b1a4a36b3a7979142220d?s=96&d=mm&r=g","contentUrl":"https:\/\/secure.gravatar.com\/avatar\/8af8f40000c24e9eef3034f2be5998a372bb1389e64b1a4a36b3a7979142220d?s=96&d=mm&r=g","caption":"Redacci\u00f3n"},"sameAs":["http:\/\/nuevodigitaldeescobar.com.ar"],"url":"https:\/\/nuevodigitaldeescobar.com.ar\/?author=1"}]}},"featured_image_urls":{"full":["https:\/\/nuevodigitaldeescobar.com.ar\/wp-content\/uploads\/2024\/05\/fernandez-alberto.jpg",640,358,false],"thumbnail":["https:\/\/nuevodigitaldeescobar.com.ar\/wp-content\/uploads\/2024\/05\/fernandez-alberto-150x150.jpg",150,150,true],"medium":["https:\/\/nuevodigitaldeescobar.com.ar\/wp-content\/uploads\/2024\/05\/fernandez-alberto-300x168.jpg",300,168,true],"medium_large":["https:\/\/nuevodigitaldeescobar.com.ar\/wp-content\/uploads\/2024\/05\/fernandez-alberto.jpg",640,358,false],"large":["https:\/\/nuevodigitaldeescobar.com.ar\/wp-content\/uploads\/2024\/05\/fernandez-alberto.jpg",640,358,false],"1536x1536":["https:\/\/nuevodigitaldeescobar.com.ar\/wp-content\/uploads\/2024\/05\/fernandez-alberto.jpg",640,358,false],"2048x2048":["https:\/\/nuevodigitaldeescobar.com.ar\/wp-content\/uploads\/2024\/05\/fernandez-alberto.jpg",640,358,false]},"author_info":{"display_name":"Redacci\u00f3n","author_link":"https:\/\/nuevodigitaldeescobar.com.ar\/?author=1"},"category_info":"<a href=\"https:\/\/nuevodigitaldeescobar.com.ar\/?cat=6\" rel=\"category\">Pol\u00edtica<\/a>","tag_info":"Pol\u00edtica","comment_count":"0","_links":{"self":[{"href":"https:\/\/nuevodigitaldeescobar.com.ar\/index.php?rest_route=\/wp\/v2\/posts\/16196","targetHints":{"allow":["GET"]}}],"collection":[{"href":"https:\/\/nuevodigitaldeescobar.com.ar\/index.php?rest_route=\/wp\/v2\/posts"}],"about":[{"href":"https:\/\/nuevodigitaldeescobar.com.ar\/index.php?rest_route=\/wp\/v2\/types\/post"}],"author":[{"embeddable":true,"href":"https:\/\/nuevodigitaldeescobar.com.ar\/index.php?rest_route=\/wp\/v2\/users\/1"}],"replies":[{"embeddable":true,"href":"https:\/\/nuevodigitaldeescobar.com.ar\/index.php?rest_route=%2Fwp%2Fv2%2Fcomments&post=16196"}],"version-history":[{"count":1,"href":"https:\/\/nuevodigitaldeescobar.com.ar\/index.php?rest_route=\/wp\/v2\/posts\/16196\/revisions"}],"predecessor-version":[{"id":16197,"href":"https:\/\/nuevodigitaldeescobar.com.ar\/index.php?rest_route=\/wp\/v2\/posts\/16196\/revisions\/16197"}],"wp:featuredmedia":[{"embeddable":true,"href":"https:\/\/nuevodigitaldeescobar.com.ar\/index.php?rest_route=\/wp\/v2\/media\/5793"}],"wp:attachment":[{"href":"https:\/\/nuevodigitaldeescobar.com.ar\/index.php?rest_route=%2Fwp%2Fv2%2Fmedia&parent=16196"}],"wp:term":[{"taxonomy":"category","embeddable":true,"href":"https:\/\/nuevodigitaldeescobar.com.ar\/index.php?rest_route=%2Fwp%2Fv2%2Fcategories&post=16196"},{"taxonomy":"post_tag","embeddable":true,"href":"https:\/\/nuevodigitaldeescobar.com.ar\/index.php?rest_route=%2Fwp%2Fv2%2Ftags&post=16196"}],"curies":[{"name":"wp","href":"https:\/\/api.w.org\/{rel}","templated":true}]}}