{"id":16209,"date":"2025-07-05T00:09:15","date_gmt":"2025-07-05T03:09:15","guid":{"rendered":"https:\/\/nuevodigitaldeescobar.com.ar\/?p=16209"},"modified":"2025-07-05T00:09:18","modified_gmt":"2025-07-05T03:09:18","slug":"escobar-fue-anfitrion-del-3er-encuentro-de-la-coalicion-de-ciudades-por-la-ia","status":"publish","type":"post","link":"https:\/\/nuevodigitaldeescobar.com.ar\/?p=16209","title":{"rendered":"Escobar fue anfitri\u00f3n del 3er Encuentro de la Coalici\u00f3n de Ciudades por la IA"},"content":{"rendered":"\n<p>El partido de Escobar fue sede este viernes del 3er Encuentro de la Coalici\u00f3n de Ciudades por la IA (CIIAR), una alianza estrat\u00e9gica de la que participan las m\u00e1s importantes urbes del pa\u00eds que trabajan en la implementaci\u00f3n real de inteligencia artificial aplicada a pol\u00edticas p\u00fablicas.<\/p>\n\n\n\n<!--more-->\n\n\n\n<p>El intendente Ariel Sujarchuk recibi\u00f3 a jefes y jefas comunales de distintas ciudades de la Argentina, quienes recorrieron espacios estrat\u00e9gicos, intercambiaron experiencias de gesti\u00f3n y los avances de los proyectos tecnol\u00f3gicos de cada ciudad en una jornada de trabajo centrada en innovaci\u00f3n, seguridad, salud, educaci\u00f3n y planificaci\u00f3n urbana sostenible. <\/p>\n\n\n\n<p>Participaron del evento los intendentes Daniel Passerini (C\u00f3rdoba), Ulpiano Su\u00e1rez (Mendoza), Mariano Gaido (Neuqu\u00e9n), Federico Ach\u00e1val (Pilar), Rossana Chahla (San Miguel de Tucum\u00e1n) y Diego Valenzuela (Tres de Febrero), quienes firmaron compromisos conjuntos y destacaron el trabajo realizado en Escobar. <\/p>\n\n\n\n<p>Tambi\u00e9n formaron parte funcionarios y funcionarias de otras ciudades que integran la CIIAR, como Rosario y Salta. Durante el encuentro se constituy\u00f3 formalmente el Consejo Directivo de la Coalici\u00f3n, que tendr\u00e1 a su cargo la definici\u00f3n de prioridades estrat\u00e9gicas y la supervisi\u00f3n de proyectos conjuntos basados en inteligencia artificial.<\/p>\n\n\n<div class=\"wp-block-image\">\n<figure class=\"aligncenter size-large\"><img fetchpriority=\"high\" decoding=\"async\" width=\"1024\" height=\"682\" src=\"http:\/\/nuevodigitaldeescobar.com.ar\/wp-content\/uploads\/2025\/07\/whatsapp_image_2025_07_04_at_12_14_43-1024x682.jpeg\" alt=\"\" class=\"wp-image-16210\" srcset=\"https:\/\/nuevodigitaldeescobar.com.ar\/wp-content\/uploads\/2025\/07\/whatsapp_image_2025_07_04_at_12_14_43-1024x682.jpeg 1024w, https:\/\/nuevodigitaldeescobar.com.ar\/wp-content\/uploads\/2025\/07\/whatsapp_image_2025_07_04_at_12_14_43-300x200.jpeg 300w, https:\/\/nuevodigitaldeescobar.com.ar\/wp-content\/uploads\/2025\/07\/whatsapp_image_2025_07_04_at_12_14_43-768x511.jpeg 768w, https:\/\/nuevodigitaldeescobar.com.ar\/wp-content\/uploads\/2025\/07\/whatsapp_image_2025_07_04_at_12_14_43-1536x1022.jpeg 1536w, https:\/\/nuevodigitaldeescobar.com.ar\/wp-content\/uploads\/2025\/07\/whatsapp_image_2025_07_04_at_12_14_43.jpeg 1920w\" sizes=\"(max-width: 1024px) 100vw, 1024px\" \/><\/figure><\/div>\n\n\n<p>\u201cEscobar es una ciudad que crece, que pas\u00f3 de ser semi-rural a urbana y ahora busca proyectarse al futuro con educaci\u00f3n, tecnolog\u00eda y desarrollo sostenible. Creamos nuestro propio ecosistema del conocimiento, apostamos a formar ciudadanos inteligentes que puedan convivir con la inteligencia artificial, y trabajamos para que la tecnolog\u00eda mejore la calidad de vida sin da\u00f1ar el ambiente. Es un orgullo recibirlos en nuestra casa\u201d, afirm\u00f3 Sujarchuk. <\/p>\n\n\n\n<p>En el marco de esta jornada, se desarrollaron presentaciones a cargo de Delfina Irazusta, directora de RIL Global, sobre la aplicaci\u00f3n de agentes de IA para la gesti\u00f3n p\u00fablica; y de Luciano Crisafulli, director de CIIAR, quien expuso los avances del Consejo y las l\u00edneas de acci\u00f3n previstas para los pr\u00f3ximos meses. Adem\u00e1s, Ariel Sujarchuk firm\u00f3 la adhesi\u00f3n del Municipio de Escobar a la Declaraci\u00f3n de Barranquilla, promovida por el CAF &#8211; Banco de Desarrollo de Am\u00e9rica Latina y el Caribe. En representaci\u00f3n de este organismo particip\u00f3 su vicepresidente corporativo, Christian Asinelli, quien present\u00f3 los ejes de la agenda institucional en materia de inteligencia artificial, cuidado del ambiente y planificaci\u00f3n urbana sostenible.<\/p>\n\n\n\n<p>La agenda tambi\u00e9n incluy\u00f3 recorridas al Polo Judicial de Escobar, la Unidad de Diagn\u00f3stico Precoz Dr. Carlos Guevara \u2014que en su primer mes ya atendi\u00f3 m\u00e1s de 6.300 consultas\u2014 y el Colegio Preuniversitario UBA Ram\u00f3n Cereijo, modelo educativo \u00fanico en la provincia.<\/p>\n\n\n\n<p>Tambi\u00e9n visitaron Pixart, empresa radicada en Escobar que produce tecnolog\u00eda con rob\u00f3tica inteligente, y conocieron distintos prototipos de robots aplicados a seguridad, salud y atenci\u00f3n ciudadana.<\/p>\n","protected":false},"excerpt":{"rendered":"<p>El partido de Escobar fue sede este viernes del 3er Encuentro de la Coalici\u00f3n de Ciudades por la IA (CIIAR), una alianza estrat\u00e9gica de la [&hellip;]<\/p>\n","protected":false},"author":1,"featured_media":16211,"comment_status":"open","ping_status":"open","sticky":false,"template":"","format":"standard","meta":{"footnotes":""},"categories":[7],"tags":[],"class_list":["post-16209","post","type-post","status-publish","format-standard","has-post-thumbnail","hentry","category-interes-general"],"better_featured_image":{"id":16211,"alt_text":"","caption":"","description":"","media_type":"image","media_details":{"width":1920,"height":1280,"file":"2025\/07\/whatsapp_image_2025_07_04_at_11_20_05.jpeg","filesize":331581,"sizes":{"medium":{"file":"whatsapp_image_2025_07_04_at_11_20_05-300x200.jpeg","width":300,"height":200,"mime-type":"image\/jpeg","filesize":15697,"source_url":"https:\/\/nuevodigitaldeescobar.com.ar\/wp-content\/uploads\/2025\/07\/whatsapp_image_2025_07_04_at_11_20_05-300x200.jpeg"},"large":{"file":"whatsapp_image_2025_07_04_at_11_20_05-1024x683.jpeg","width":1024,"height":683,"mime-type":"image\/jpeg","filesize":125468,"source_url":"https:\/\/nuevodigitaldeescobar.com.ar\/wp-content\/uploads\/2025\/07\/whatsapp_image_2025_07_04_at_11_20_05-1024x683.jpeg"},"thumbnail":{"file":"whatsapp_image_2025_07_04_at_11_20_05-150x150.jpeg","width":150,"height":150,"mime-type":"image\/jpeg","filesize":7023,"source_url":"https:\/\/nuevodigitaldeescobar.com.ar\/wp-content\/uploads\/2025\/07\/whatsapp_image_2025_07_04_at_11_20_05-150x150.jpeg"},"medium_large":{"file":"whatsapp_image_2025_07_04_at_11_20_05-768x512.jpeg","width":768,"height":512,"mime-type":"image\/jpeg","filesize":76234,"source_url":"https:\/\/nuevodigitaldeescobar.com.ar\/wp-content\/uploads\/2025\/07\/whatsapp_image_2025_07_04_at_11_20_05-768x512.jpeg"},"1536x1536":{"file":"whatsapp_image_2025_07_04_at_11_20_05-1536x1024.jpeg","width":1536,"height":1024,"mime-type":"image\/jpeg","filesize":249391,"source_url":"https:\/\/nuevodigitaldeescobar.com.ar\/wp-content\/uploads\/2025\/07\/whatsapp_image_2025_07_04_at_11_20_05-1536x1024.jpeg"}},"image_meta":{"aperture":"0","credit":"","camera":"","caption":"","created_timestamp":"0","copyright":"","focal_length":"0","iso":"0","shutter_speed":"0","title":"","orientation":"0","keywords":[]}},"post":16209,"source_url":"https:\/\/nuevodigitaldeescobar.com.ar\/wp-content\/uploads\/2025\/07\/whatsapp_image_2025_07_04_at_11_20_05.jpeg"},"yoast_head":"<!-- This site is optimized with the Yoast SEO plugin v26.1.1 - https:\/\/yoast.com\/wordpress\/plugins\/seo\/ -->\n<title>Escobar fue anfitri\u00f3n del 3er Encuentro de la Coalici\u00f3n de Ciudades por la IA - Nuevo Digital de Escobar<\/title>\n<meta name=\"description\" content=\"El partido de Escobar fue sede este viernes del 3er Encuentro de la Coalici\u00f3n de Ciudades por la IA (CIIAR), una alianza estrat\u00e9gica de la que participan las m\u00e1s importantes urbes del pa\u00eds que trabajan en la implementaci\u00f3n real de inteligencia artificial aplicada a pol\u00edticas p\u00fablicas.\" \/>\n<meta name=\"robots\" content=\"index, follow, max-snippet:-1, max-image-preview:large, max-video-preview:-1\" \/>\n<link rel=\"canonical\" href=\"https:\/\/nuevodigitaldeescobar.com.ar\/?p=16209\" \/>\n<meta property=\"og:locale\" content=\"es_ES\" \/>\n<meta property=\"og:type\" content=\"article\" \/>\n<meta property=\"og:title\" content=\"Escobar fue anfitri\u00f3n del 3er Encuentro de la Coalici\u00f3n de Ciudades por la IA\" \/>\n<meta property=\"og:description\" content=\"El partido de Escobar fue sede este viernes del 3er Encuentro de la Coalici\u00f3n de Ciudades por la IA (CIIAR), una alianza estrat\u00e9gica de la que participan las m\u00e1s importantes urbes del pa\u00eds que trabajan en la implementaci\u00f3n real de inteligencia artificial aplicada a pol\u00edticas p\u00fablicas.\" \/>\n<meta property=\"og:url\" content=\"https:\/\/nuevodigitaldeescobar.com.ar\/?p=16209\" \/>\n<meta property=\"og:site_name\" content=\"Nuevo Digital de Escobar\" \/>\n<meta property=\"article:publisher\" content=\"https:\/\/www.facebook.com\/NUEVODigitalDeEscobar\" \/>\n<meta property=\"article:published_time\" content=\"2025-07-05T03:09:15+00:00\" \/>\n<meta property=\"article:modified_time\" content=\"2025-07-05T03:09:18+00:00\" \/>\n<meta property=\"og:image\" content=\"http:\/\/nuevodigitaldeescobar.com.ar\/wp-content\/uploads\/2025\/07\/whatsapp_image_2025_07_04_at_12_14_43.jpeg\" \/>\n\t<meta property=\"og:image:width\" content=\"1920\" \/>\n\t<meta property=\"og:image:height\" content=\"1278\" \/>\n\t<meta property=\"og:image:type\" content=\"image\/jpeg\" \/>\n<meta name=\"author\" content=\"Redacci\u00f3n\" \/>\n<meta name=\"twitter:card\" content=\"summary_large_image\" \/>\n<meta name=\"twitter:creator\" content=\"@nuevodigescobar\" \/>\n<meta name=\"twitter:site\" content=\"@nuevodigescobar\" \/>\n<meta name=\"twitter:label1\" content=\"Escrito por\" \/>\n\t<meta name=\"twitter:data1\" content=\"Redacci\u00f3n\" \/>\n\t<meta name=\"twitter:label2\" content=\"Tiempo de lectura\" \/>\n\t<meta name=\"twitter:data2\" content=\"3 minutos\" \/>\n<script type=\"application\/ld+json\" class=\"yoast-schema-graph\">{\"@context\":\"https:\/\/schema.org\",\"@graph\":[{\"@type\":\"Article\",\"@id\":\"https:\/\/nuevodigitaldeescobar.com.ar\/?p=16209#article\",\"isPartOf\":{\"@id\":\"https:\/\/nuevodigitaldeescobar.com.ar\/?p=16209\"},\"author\":{\"name\":\"Redacci\u00f3n\",\"@id\":\"https:\/\/nuevodigitaldeescobar.com.ar\/#\/schema\/person\/035e90a8efe9a80e6eec22656ad6ea4c\"},\"headline\":\"Escobar fue anfitri\u00f3n del 3er Encuentro de la Coalici\u00f3n de Ciudades por la IA\",\"datePublished\":\"2025-07-05T03:09:15+00:00\",\"dateModified\":\"2025-07-05T03:09:18+00:00\",\"mainEntityOfPage\":{\"@id\":\"https:\/\/nuevodigitaldeescobar.com.ar\/?p=16209\"},\"wordCount\":493,\"commentCount\":0,\"publisher\":{\"@id\":\"https:\/\/nuevodigitaldeescobar.com.ar\/#organization\"},\"image\":{\"@id\":\"https:\/\/nuevodigitaldeescobar.com.ar\/?p=16209#primaryimage\"},\"thumbnailUrl\":\"https:\/\/nuevodigitaldeescobar.com.ar\/wp-content\/uploads\/2025\/07\/whatsapp_image_2025_07_04_at_11_20_05.jpeg\",\"articleSection\":[\"Inter\u00e9s general\"],\"inLanguage\":\"es\",\"potentialAction\":[{\"@type\":\"CommentAction\",\"name\":\"Comment\",\"target\":[\"https:\/\/nuevodigitaldeescobar.com.ar\/?p=16209#respond\"]}]},{\"@type\":\"WebPage\",\"@id\":\"https:\/\/nuevodigitaldeescobar.com.ar\/?p=16209\",\"url\":\"https:\/\/nuevodigitaldeescobar.com.ar\/?p=16209\",\"name\":\"Escobar fue anfitri\u00f3n del 3er Encuentro de la Coalici\u00f3n de Ciudades por la IA - Nuevo Digital de Escobar\",\"isPartOf\":{\"@id\":\"https:\/\/nuevodigitaldeescobar.com.ar\/#website\"},\"primaryImageOfPage\":{\"@id\":\"https:\/\/nuevodigitaldeescobar.com.ar\/?p=16209#primaryimage\"},\"image\":{\"@id\":\"https:\/\/nuevodigitaldeescobar.com.ar\/?p=16209#primaryimage\"},\"thumbnailUrl\":\"https:\/\/nuevodigitaldeescobar.com.ar\/wp-content\/uploads\/2025\/07\/whatsapp_image_2025_07_04_at_11_20_05.jpeg\",\"datePublished\":\"2025-07-05T03:09:15+00:00\",\"dateModified\":\"2025-07-05T03:09:18+00:00\",\"description\":\"El partido de Escobar fue sede este viernes del 3er Encuentro de la Coalici\u00f3n de Ciudades por la IA (CIIAR), una alianza estrat\u00e9gica de la que participan las m\u00e1s importantes urbes del pa\u00eds que trabajan en la implementaci\u00f3n real de inteligencia artificial aplicada a pol\u00edticas p\u00fablicas.\",\"breadcrumb\":{\"@id\":\"https:\/\/nuevodigitaldeescobar.com.ar\/?p=16209#breadcrumb\"},\"inLanguage\":\"es\",\"potentialAction\":[{\"@type\":\"ReadAction\",\"target\":[\"https:\/\/nuevodigitaldeescobar.com.ar\/?p=16209\"]}]},{\"@type\":\"ImageObject\",\"inLanguage\":\"es\",\"@id\":\"https:\/\/nuevodigitaldeescobar.com.ar\/?p=16209#primaryimage\",\"url\":\"https:\/\/nuevodigitaldeescobar.com.ar\/wp-content\/uploads\/2025\/07\/whatsapp_image_2025_07_04_at_11_20_05.jpeg\",\"contentUrl\":\"https:\/\/nuevodigitaldeescobar.com.ar\/wp-content\/uploads\/2025\/07\/whatsapp_image_2025_07_04_at_11_20_05.jpeg\",\"width\":1920,\"height\":1280},{\"@type\":\"BreadcrumbList\",\"@id\":\"https:\/\/nuevodigitaldeescobar.com.ar\/?p=16209#breadcrumb\",\"itemListElement\":[{\"@type\":\"ListItem\",\"position\":1,\"name\":\"Portada\",\"item\":\"https:\/\/nuevodigitaldeescobar.com.ar\/\"},{\"@type\":\"ListItem\",\"position\":2,\"name\":\"Escobar fue anfitri\u00f3n del 3er Encuentro de la Coalici\u00f3n de Ciudades por la IA\"}]},{\"@type\":\"WebSite\",\"@id\":\"https:\/\/nuevodigitaldeescobar.com.ar\/#website\",\"url\":\"https:\/\/nuevodigitaldeescobar.com.ar\/\",\"name\":\"Nuevo Digital de Escobar\",\"description\":\"La vida escobarense. Directora: Rosana Brunner\",\"publisher\":{\"@id\":\"https:\/\/nuevodigitaldeescobar.com.ar\/#organization\"},\"potentialAction\":[{\"@type\":\"SearchAction\",\"target\":{\"@type\":\"EntryPoint\",\"urlTemplate\":\"https:\/\/nuevodigitaldeescobar.com.ar\/?s={search_term_string}\"},\"query-input\":{\"@type\":\"PropertyValueSpecification\",\"valueRequired\":true,\"valueName\":\"search_term_string\"}}],\"inLanguage\":\"es\"},{\"@type\":\"Organization\",\"@id\":\"https:\/\/nuevodigitaldeescobar.com.ar\/#organization\",\"name\":\"Nuevo Digital de Escobar\",\"url\":\"https:\/\/nuevodigitaldeescobar.com.ar\/\",\"logo\":{\"@type\":\"ImageObject\",\"inLanguage\":\"es\",\"@id\":\"https:\/\/nuevodigitaldeescobar.com.ar\/#\/schema\/logo\/image\/\",\"url\":\"https:\/\/nuevodigitaldeescobar.com.ar\/wp-content\/uploads\/2025\/05\/cropped-logo-nuevo2.jpg\",\"contentUrl\":\"https:\/\/nuevodigitaldeescobar.com.ar\/wp-content\/uploads\/2025\/05\/cropped-logo-nuevo2.jpg\",\"width\":305,\"height\":305,\"caption\":\"Nuevo Digital de Escobar\"},\"image\":{\"@id\":\"https:\/\/nuevodigitaldeescobar.com.ar\/#\/schema\/logo\/image\/\"},\"sameAs\":[\"https:\/\/www.facebook.com\/NUEVODigitalDeEscobar\",\"https:\/\/x.com\/nuevodigescobar\",\"https:\/\/www.instagram.com\/nuevodigitaldeescobar\"]},{\"@type\":\"Person\",\"@id\":\"https:\/\/nuevodigitaldeescobar.com.ar\/#\/schema\/person\/035e90a8efe9a80e6eec22656ad6ea4c\",\"name\":\"Redacci\u00f3n\",\"image\":{\"@type\":\"ImageObject\",\"inLanguage\":\"es\",\"@id\":\"https:\/\/nuevodigitaldeescobar.com.ar\/#\/schema\/person\/image\/\",\"url\":\"https:\/\/secure.gravatar.com\/avatar\/8af8f40000c24e9eef3034f2be5998a372bb1389e64b1a4a36b3a7979142220d?s=96&d=mm&r=g\",\"contentUrl\":\"https:\/\/secure.gravatar.com\/avatar\/8af8f40000c24e9eef3034f2be5998a372bb1389e64b1a4a36b3a7979142220d?s=96&d=mm&r=g\",\"caption\":\"Redacci\u00f3n\"},\"sameAs\":[\"http:\/\/nuevodigitaldeescobar.com.ar\"],\"url\":\"https:\/\/nuevodigitaldeescobar.com.ar\/?author=1\"}]}<\/script>\n<!-- \/ Yoast SEO plugin. -->","yoast_head_json":{"title":"Escobar fue anfitri\u00f3n del 3er Encuentro de la Coalici\u00f3n de Ciudades por la IA - Nuevo Digital de Escobar","description":"El partido de Escobar fue sede este viernes del 3er Encuentro de la Coalici\u00f3n de Ciudades por la IA (CIIAR), una alianza estrat\u00e9gica de la que participan las m\u00e1s importantes urbes del pa\u00eds que trabajan en la implementaci\u00f3n real de inteligencia artificial aplicada a pol\u00edticas p\u00fablicas.","robots":{"index":"index","follow":"follow","max-snippet":"max-snippet:-1","max-image-preview":"max-image-preview:large","max-video-preview":"max-video-preview:-1"},"canonical":"https:\/\/nuevodigitaldeescobar.com.ar\/?p=16209","og_locale":"es_ES","og_type":"article","og_title":"Escobar fue anfitri\u00f3n del 3er Encuentro de la Coalici\u00f3n de Ciudades por la IA","og_description":"El partido de Escobar fue sede este viernes del 3er Encuentro de la Coalici\u00f3n de Ciudades por la IA (CIIAR), una alianza estrat\u00e9gica de la que participan las m\u00e1s importantes urbes del pa\u00eds que trabajan en la implementaci\u00f3n real de inteligencia artificial aplicada a pol\u00edticas p\u00fablicas.","og_url":"https:\/\/nuevodigitaldeescobar.com.ar\/?p=16209","og_site_name":"Nuevo Digital de Escobar","article_publisher":"https:\/\/www.facebook.com\/NUEVODigitalDeEscobar","article_published_time":"2025-07-05T03:09:15+00:00","article_modified_time":"2025-07-05T03:09:18+00:00","og_image":[{"width":1920,"height":1278,"url":"http:\/\/nuevodigitaldeescobar.com.ar\/wp-content\/uploads\/2025\/07\/whatsapp_image_2025_07_04_at_12_14_43.jpeg","type":"image\/jpeg"}],"author":"Redacci\u00f3n","twitter_card":"summary_large_image","twitter_creator":"@nuevodigescobar","twitter_site":"@nuevodigescobar","twitter_misc":{"Escrito por":"Redacci\u00f3n","Tiempo de lectura":"3 minutos"},"schema":{"@context":"https:\/\/schema.org","@graph":[{"@type":"Article","@id":"https:\/\/nuevodigitaldeescobar.com.ar\/?p=16209#article","isPartOf":{"@id":"https:\/\/nuevodigitaldeescobar.com.ar\/?p=16209"},"author":{"name":"Redacci\u00f3n","@id":"https:\/\/nuevodigitaldeescobar.com.ar\/#\/schema\/person\/035e90a8efe9a80e6eec22656ad6ea4c"},"headline":"Escobar fue anfitri\u00f3n del 3er Encuentro de la Coalici\u00f3n de Ciudades por la IA","datePublished":"2025-07-05T03:09:15+00:00","dateModified":"2025-07-05T03:09:18+00:00","mainEntityOfPage":{"@id":"https:\/\/nuevodigitaldeescobar.com.ar\/?p=16209"},"wordCount":493,"commentCount":0,"publisher":{"@id":"https:\/\/nuevodigitaldeescobar.com.ar\/#organization"},"image":{"@id":"https:\/\/nuevodigitaldeescobar.com.ar\/?p=16209#primaryimage"},"thumbnailUrl":"https:\/\/nuevodigitaldeescobar.com.ar\/wp-content\/uploads\/2025\/07\/whatsapp_image_2025_07_04_at_11_20_05.jpeg","articleSection":["Inter\u00e9s general"],"inLanguage":"es","potentialAction":[{"@type":"CommentAction","name":"Comment","target":["https:\/\/nuevodigitaldeescobar.com.ar\/?p=16209#respond"]}]},{"@type":"WebPage","@id":"https:\/\/nuevodigitaldeescobar.com.ar\/?p=16209","url":"https:\/\/nuevodigitaldeescobar.com.ar\/?p=16209","name":"Escobar fue anfitri\u00f3n del 3er Encuentro de la Coalici\u00f3n de Ciudades por la IA - Nuevo Digital de Escobar","isPartOf":{"@id":"https:\/\/nuevodigitaldeescobar.com.ar\/#website"},"primaryImageOfPage":{"@id":"https:\/\/nuevodigitaldeescobar.com.ar\/?p=16209#primaryimage"},"image":{"@id":"https:\/\/nuevodigitaldeescobar.com.ar\/?p=16209#primaryimage"},"thumbnailUrl":"https:\/\/nuevodigitaldeescobar.com.ar\/wp-content\/uploads\/2025\/07\/whatsapp_image_2025_07_04_at_11_20_05.jpeg","datePublished":"2025-07-05T03:09:15+00:00","dateModified":"2025-07-05T03:09:18+00:00","description":"El partido de Escobar fue sede este viernes del 3er Encuentro de la Coalici\u00f3n de Ciudades por la IA (CIIAR), una alianza estrat\u00e9gica de la que participan las m\u00e1s importantes urbes del pa\u00eds que trabajan en la implementaci\u00f3n real de inteligencia artificial aplicada a pol\u00edticas p\u00fablicas.","breadcrumb":{"@id":"https:\/\/nuevodigitaldeescobar.com.ar\/?p=16209#breadcrumb"},"inLanguage":"es","potentialAction":[{"@type":"ReadAction","target":["https:\/\/nuevodigitaldeescobar.com.ar\/?p=16209"]}]},{"@type":"ImageObject","inLanguage":"es","@id":"https:\/\/nuevodigitaldeescobar.com.ar\/?p=16209#primaryimage","url":"https:\/\/nuevodigitaldeescobar.com.ar\/wp-content\/uploads\/2025\/07\/whatsapp_image_2025_07_04_at_11_20_05.jpeg","contentUrl":"https:\/\/nuevodigitaldeescobar.com.ar\/wp-content\/uploads\/2025\/07\/whatsapp_image_2025_07_04_at_11_20_05.jpeg","width":1920,"height":1280},{"@type":"BreadcrumbList","@id":"https:\/\/nuevodigitaldeescobar.com.ar\/?p=16209#breadcrumb","itemListElement":[{"@type":"ListItem","position":1,"name":"Portada","item":"https:\/\/nuevodigitaldeescobar.com.ar\/"},{"@type":"ListItem","position":2,"name":"Escobar fue anfitri\u00f3n del 3er Encuentro de la Coalici\u00f3n de Ciudades por la IA"}]},{"@type":"WebSite","@id":"https:\/\/nuevodigitaldeescobar.com.ar\/#website","url":"https:\/\/nuevodigitaldeescobar.com.ar\/","name":"Nuevo Digital de Escobar","description":"La vida escobarense. Directora: Rosana Brunner","publisher":{"@id":"https:\/\/nuevodigitaldeescobar.com.ar\/#organization"},"potentialAction":[{"@type":"SearchAction","target":{"@type":"EntryPoint","urlTemplate":"https:\/\/nuevodigitaldeescobar.com.ar\/?s={search_term_string}"},"query-input":{"@type":"PropertyValueSpecification","valueRequired":true,"valueName":"search_term_string"}}],"inLanguage":"es"},{"@type":"Organization","@id":"https:\/\/nuevodigitaldeescobar.com.ar\/#organization","name":"Nuevo Digital de Escobar","url":"https:\/\/nuevodigitaldeescobar.com.ar\/","logo":{"@type":"ImageObject","inLanguage":"es","@id":"https:\/\/nuevodigitaldeescobar.com.ar\/#\/schema\/logo\/image\/","url":"https:\/\/nuevodigitaldeescobar.com.ar\/wp-content\/uploads\/2025\/05\/cropped-logo-nuevo2.jpg","contentUrl":"https:\/\/nuevodigitaldeescobar.com.ar\/wp-content\/uploads\/2025\/05\/cropped-logo-nuevo2.jpg","width":305,"height":305,"caption":"Nuevo Digital de Escobar"},"image":{"@id":"https:\/\/nuevodigitaldeescobar.com.ar\/#\/schema\/logo\/image\/"},"sameAs":["https:\/\/www.facebook.com\/NUEVODigitalDeEscobar","https:\/\/x.com\/nuevodigescobar","https:\/\/www.instagram.com\/nuevodigitaldeescobar"]},{"@type":"Person","@id":"https:\/\/nuevodigitaldeescobar.com.ar\/#\/schema\/person\/035e90a8efe9a80e6eec22656ad6ea4c","name":"Redacci\u00f3n","image":{"@type":"ImageObject","inLanguage":"es","@id":"https:\/\/nuevodigitaldeescobar.com.ar\/#\/schema\/person\/image\/","url":"https:\/\/secure.gravatar.com\/avatar\/8af8f40000c24e9eef3034f2be5998a372bb1389e64b1a4a36b3a7979142220d?s=96&d=mm&r=g","contentUrl":"https:\/\/secure.gravatar.com\/avatar\/8af8f40000c24e9eef3034f2be5998a372bb1389e64b1a4a36b3a7979142220d?s=96&d=mm&r=g","caption":"Redacci\u00f3n"},"sameAs":["http:\/\/nuevodigitaldeescobar.com.ar"],"url":"https:\/\/nuevodigitaldeescobar.com.ar\/?author=1"}]}},"featured_image_urls":{"full":["https:\/\/nuevodigitaldeescobar.com.ar\/wp-content\/uploads\/2025\/07\/whatsapp_image_2025_07_04_at_11_20_05.jpeg",1920,1280,false],"thumbnail":["https:\/\/nuevodigitaldeescobar.com.ar\/wp-content\/uploads\/2025\/07\/whatsapp_image_2025_07_04_at_11_20_05-150x150.jpeg",150,150,true],"medium":["https:\/\/nuevodigitaldeescobar.com.ar\/wp-content\/uploads\/2025\/07\/whatsapp_image_2025_07_04_at_11_20_05-300x200.jpeg",300,200,true],"medium_large":["https:\/\/nuevodigitaldeescobar.com.ar\/wp-content\/uploads\/2025\/07\/whatsapp_image_2025_07_04_at_11_20_05-768x512.jpeg",640,427,true],"large":["https:\/\/nuevodigitaldeescobar.com.ar\/wp-content\/uploads\/2025\/07\/whatsapp_image_2025_07_04_at_11_20_05-1024x683.jpeg",640,427,true],"1536x1536":["https:\/\/nuevodigitaldeescobar.com.ar\/wp-content\/uploads\/2025\/07\/whatsapp_image_2025_07_04_at_11_20_05-1536x1024.jpeg",1536,1024,true],"2048x2048":["https:\/\/nuevodigitaldeescobar.com.ar\/wp-content\/uploads\/2025\/07\/whatsapp_image_2025_07_04_at_11_20_05.jpeg",1920,1280,false]},"author_info":{"display_name":"Redacci\u00f3n","author_link":"https:\/\/nuevodigitaldeescobar.com.ar\/?author=1"},"category_info":"<a href=\"https:\/\/nuevodigitaldeescobar.com.ar\/?cat=7\" rel=\"category\">Inter\u00e9s general<\/a>","tag_info":"Inter\u00e9s general","comment_count":"0","_links":{"self":[{"href":"https:\/\/nuevodigitaldeescobar.com.ar\/index.php?rest_route=\/wp\/v2\/posts\/16209","targetHints":{"allow":["GET"]}}],"collection":[{"href":"https:\/\/nuevodigitaldeescobar.com.ar\/index.php?rest_route=\/wp\/v2\/posts"}],"about":[{"href":"https:\/\/nuevodigitaldeescobar.com.ar\/index.php?rest_route=\/wp\/v2\/types\/post"}],"author":[{"embeddable":true,"href":"https:\/\/nuevodigitaldeescobar.com.ar\/index.php?rest_route=\/wp\/v2\/users\/1"}],"replies":[{"embeddable":true,"href":"https:\/\/nuevodigitaldeescobar.com.ar\/index.php?rest_route=%2Fwp%2Fv2%2Fcomments&post=16209"}],"version-history":[{"count":1,"href":"https:\/\/nuevodigitaldeescobar.com.ar\/index.php?rest_route=\/wp\/v2\/posts\/16209\/revisions"}],"predecessor-version":[{"id":16212,"href":"https:\/\/nuevodigitaldeescobar.com.ar\/index.php?rest_route=\/wp\/v2\/posts\/16209\/revisions\/16212"}],"wp:featuredmedia":[{"embeddable":true,"href":"https:\/\/nuevodigitaldeescobar.com.ar\/index.php?rest_route=\/wp\/v2\/media\/16211"}],"wp:attachment":[{"href":"https:\/\/nuevodigitaldeescobar.com.ar\/index.php?rest_route=%2Fwp%2Fv2%2Fmedia&parent=16209"}],"wp:term":[{"taxonomy":"category","embeddable":true,"href":"https:\/\/nuevodigitaldeescobar.com.ar\/index.php?rest_route=%2Fwp%2Fv2%2Fcategories&post=16209"},{"taxonomy":"post_tag","embeddable":true,"href":"https:\/\/nuevodigitaldeescobar.com.ar\/index.php?rest_route=%2Fwp%2Fv2%2Ftags&post=16209"}],"curies":[{"name":"wp","href":"https:\/\/api.w.org\/{rel}","templated":true}]}}