{"id":1623,"date":"2023-12-07T07:00:00","date_gmt":"2023-12-07T10:00:00","guid":{"rendered":"https:\/\/nuevodigitaldeescobar.com.ar\/?p=1623"},"modified":"2023-12-06T20:00:48","modified_gmt":"2023-12-06T23:00:48","slug":"crimen-de-lucio-dupuy-comienza-el-juicio-politico-a-la-jueza-que-dejo-al-nino-al-cuidado-de-la-madre","status":"publish","type":"post","link":"https:\/\/nuevodigitaldeescobar.com.ar\/?p=1623","title":{"rendered":"Crimen de Lucio Dupuy: comienza el juicio pol\u00edtico a la jueza que dej\u00f3 al ni\u00f1o al cuidado de la madre"},"content":{"rendered":"<p><span style=\"color: #003366;\"><strong><em>Se espera la declaraci\u00f3n de 46 testigos y la sentencia podr\u00eda conocerse ante de Navidad.<\/em><\/strong><\/span><\/p>\n<p><!--more--><\/p>\n<hr \/>\n<p>El martes pr\u00f3ximo comenzar\u00e1 el juicio pol\u00edtico donde se debatir\u00e1 si hubo mal desempe\u00f1o en la actuaci\u00f3n de la jueza de Familia, Ni\u00f1os, Ni\u00f1as y Adolescentes de General Pico, Ana Clara P\u00e9rez Ballester, y de la asesora de Ni\u00f1os, Ni\u00f1as y Adolescentes Elisa Alejandra Cat\u00e1n, funcionarias que intervinieron en la tramitaci\u00f3n del expediente sobre el cuidado personal del ni\u00f1o Lucio Dupuy, asesinado a golpes en Santa Rosa, donde se aval\u00f3 darle la tenencia a su madre, quien, junto a su pareja, lo asesin\u00f3 el 26 de noviembre de 2021, hecho por el que ambas fueron condenadas a prisi\u00f3n perpetua, informaron fuentes judiciales.<\/p>\n<p>El Jurado de Enjuiciamiento, integrado por ministro del Superior Tribunal de Justicia -a cargo de la presidencia-, Fabricio Luis Losi, las diputadas Mar\u00eda Silvia Larreta y Mar\u00eda Andrea Valderrama Calvo y las abogadas por la matr\u00edcula, Mar\u00eda Natalia Gaccio y Silvina Mar\u00eda Garro comenzar\u00e1 a debatir a las 8 en la sala de sesiones de la C\u00e1mara de Diputados de La Pampa.<\/p>\n<p>En un principio, el inicio del juicio pol\u00edtico estaba pautado para el lunes pr\u00f3ximo, pero hoy se decidi\u00f3 postergar un d\u00eda el comienzo.<\/p>\n<p><em>\u201cLa resoluci\u00f3n fue adoptada hoy por el Jurado de Enjuiciamiento, durante una audiencia con las partes (Procuraci\u00f3n General y defensas), en donde se resolvieron de com\u00fan acuerdo cuestiones relacionadas con el procedimiento del jury. En la audiencia se convino adecuar algunos aspectos de la ley provincial 313 de Jurado de Enjuiciamiento \u2013una norma de vieja data\u2013 con el C\u00f3digo Procesal Penal de La Pampa para, entre otras cosas, darle m\u00e1s agilidad al debate\u201d<\/em>, inform\u00f3 la Oficina de Comunicaci\u00f3n Institucional del Tribunal Superior de Justicia de La Pampa.<\/p>\n<p>En la audiencia de hoy estuvieron presentes los cinco integrantes del jurado, el procurador subrogante, Guillermo Sancho; P\u00e9rez Ballester, y su defensor particular, Pablo Rodr\u00edguez Salto; y las defensoras oficiales de Cat\u00e1n, la defensora general, Carina Ganuza, y Ana Carolina D\u00edaz.<\/p>\n<p>Adem\u00e1s de las declaraciones de las dos acusadas, se esperan, durante dos semanas, la presentaci\u00f3n de 46 testigos. La sentencia del jurado, que podr\u00eda decidir la destituci\u00f3n de las dos acusadas, deber\u00eda estar el 22 de este mes.<\/p>\n<figure id=\"attachment_1625\" aria-describedby=\"caption-attachment-1625\" style=\"width: 720px\" class=\"wp-caption alignnone\"><img fetchpriority=\"high\" decoding=\"async\" class=\"size-full wp-image-1625\" src=\"http:\/\/nuevodigitaldeescobar.com.ar\/wp-content\/uploads\/2023\/12\/La-jueza-Ana-Clara-Perez-Ballester.jpg\" alt=\"\" width=\"720\" height=\"492\" srcset=\"https:\/\/nuevodigitaldeescobar.com.ar\/wp-content\/uploads\/2023\/12\/La-jueza-Ana-Clara-Perez-Ballester.jpg 720w, https:\/\/nuevodigitaldeescobar.com.ar\/wp-content\/uploads\/2023\/12\/La-jueza-Ana-Clara-Perez-Ballester-300x205.jpg 300w\" sizes=\"(max-width: 720px) 100vw, 720px\" \/><figcaption id=\"caption-attachment-1625\" class=\"wp-caption-text\">La jueza Ana Clara P\u00e9rez Ballester.<\/figcaption><\/figure>\n<p>La acusaci\u00f3n contra las dos funcionarias por <em>\u201cmal desempe\u00f1o\u201d<\/em> fue presentada hace dos meses por el procurador general de La Pampa, Mario Oscar Bongianino.<\/p>\n<p>La jueza P\u00e9rez Ballester y la asesora Cat\u00e1n est\u00e1n bajo investigaci\u00f3n por ser quienes intervinieron en el pedido de tenencia realizado por la madre del ni\u00f1o, Magdalena Esp\u00f3sito Valenti, cuando la tutela estaba a cargo de una de sus t\u00edas.<\/p>\n<p>En ese momento, la t\u00eda -cu\u00f1ada del padre de Lucio, Cristian Dupuy- consider\u00f3 que era pertinente y dio el aval para que el ni\u00f1o regresara a vivir con Valenti y su pareja, Abigail P\u00e1ez.<\/p>\n<p>En septiembre pasado, el Tribunal de Impugnaci\u00f3n Penal confirm\u00f3 las penas de prisi\u00f3n perpetua para la madre del ni\u00f1o y para P\u00e1ez.<\/p>\n<figure id=\"attachment_1626\" aria-describedby=\"caption-attachment-1626\" style=\"width: 720px\" class=\"wp-caption alignnone\"><img decoding=\"async\" class=\"size-full wp-image-1626\" src=\"http:\/\/nuevodigitaldeescobar.com.ar\/wp-content\/uploads\/2023\/12\/lucio-dupuy.jpg\" alt=\"\" width=\"720\" height=\"480\" srcset=\"https:\/\/nuevodigitaldeescobar.com.ar\/wp-content\/uploads\/2023\/12\/lucio-dupuy.jpg 720w, https:\/\/nuevodigitaldeescobar.com.ar\/wp-content\/uploads\/2023\/12\/lucio-dupuy-300x200.jpg 300w\" sizes=\"(max-width: 720px) 100vw, 720px\" \/><figcaption id=\"caption-attachment-1626\" class=\"wp-caption-text\">Lucio Dupuy fue asesinado a golpes el 26 de noviembre de 2021.<\/figcaption><\/figure>\n<p>En febrero pasado, el Tribunal de Audiencias de Santa Rosa hab\u00eda condenado a ambas mujeres a las penas de prisi\u00f3n perpetua. P\u00e1ez, de 29 a\u00f1os, hab\u00eda sido hallada culpable de homicidio doblemente calificado por alevos\u00eda y ensa\u00f1amiento, en concurso real con el delito de abuso sexual con acceso carnal por v\u00eda anal, ejecutado con un objeto f\u00e1lico, agravado por tratarse de la guardadora y por haberse cometido contra un menor de 18 a\u00f1os de edad, aprovechando la situaci\u00f3n de convivencia preexistente.<\/p>\n<p>Esp\u00f3sito Valenti, de 26 a\u00f1os, hab\u00eda sido condenada por homicidio triplemente calificado por el v\u00ednculo, alevos\u00eda y ensa\u00f1amiento, pero en esa primera instancia hab\u00eda sido absuelta por el abuso sexual que hab\u00eda sufrido su hijo, de cinco a\u00f1os.<\/p>\n<p>Cuando impugnaron la sentencia, las fiscales Mar\u00eda M\u00f3nica Rivero y Ver\u00f3nica Ferrero consideraron que la Audiencia de Juicio hab\u00eda valorado err\u00f3neamente una serie de pruebas y sostuvieron que s\u00ed hab\u00edan quedado probados los abusos sexuales sufridos por el chico, en el \u00e1mbito intrafamiliar, por parte de ambas mujeres.<\/p>\n<p>Seg\u00fan inform\u00f3 la Oficina de Comunicaci\u00f3n Institucional del Tribunal Superior de Justicia de La Pampa, la Sala A del Tribunal de Impugnaci\u00f3n Penal, integrada por los jueces Mar\u00eda Eugenia Schijvarger y Mauricio Piombi, acept\u00f3 todos los planteos de la fiscal\u00eda, admiti\u00f3 parcialmente los de la querella y rechaz\u00f3 los cuestionamientos de las defensas de las imputadas.<\/p>\n<p><em>\u201cNo se nos oculta que no solo del resultado de las pericias, sino de toda la prueba producida en juicio, se denota el rechazo a Lucio y el rechazo a su familia paterna, el maltrato infantil que \u00e9l sufri\u00f3, con un grado de crueldad realmente inusitado y donde, claramente, ese v\u00ednculo que ambas mantuvieron con el ni\u00f1o lejos estaba de estar signado por el amor\u201d<\/em>, sostuvieron los jueces Schijvarger y Piombi.<\/p>\n<p><em>(La Naci\u00f3n)<\/em><\/p>\n","protected":false},"excerpt":{"rendered":"<p>Se espera la declaraci\u00f3n de 46 testigos y la sentencia podr\u00eda conocerse ante de Navidad.<\/p>\n","protected":false},"author":1,"featured_media":1624,"comment_status":"open","ping_status":"closed","sticky":false,"template":"","format":"standard","meta":{"footnotes":""},"categories":[7],"tags":[],"class_list":["post-1623","post","type-post","status-publish","format-standard","has-post-thumbnail","hentry","category-interes-general"],"better_featured_image":{"id":1624,"alt_text":"","caption":"","description":"","media_type":"image","media_details":{"width":720,"height":480,"file":"2023\/12\/asesinas-lucio-dupuy.jpg","filesize":45715,"sizes":{"medium":{"file":"asesinas-lucio-dupuy-300x200.jpg","width":300,"height":200,"mime-type":"image\/jpeg","filesize":15224,"source_url":"https:\/\/nuevodigitaldeescobar.com.ar\/wp-content\/uploads\/2023\/12\/asesinas-lucio-dupuy-300x200.jpg"},"thumbnail":{"file":"asesinas-lucio-dupuy-150x150.jpg","width":150,"height":150,"mime-type":"image\/jpeg","filesize":8259,"source_url":"https:\/\/nuevodigitaldeescobar.com.ar\/wp-content\/uploads\/2023\/12\/asesinas-lucio-dupuy-150x150.jpg"},"covernews-medium":{"file":"asesinas-lucio-dupuy-540x340.jpg","width":540,"height":340,"mime-type":"image\/jpeg","filesize":30315,"source_url":"https:\/\/nuevodigitaldeescobar.com.ar\/wp-content\/uploads\/2023\/12\/asesinas-lucio-dupuy-540x340.jpg"},"covernews-medium-square":{"file":"asesinas-lucio-dupuy-400x250.jpg","width":400,"height":250,"mime-type":"image\/jpeg","filesize":20679,"source_url":"https:\/\/nuevodigitaldeescobar.com.ar\/wp-content\/uploads\/2023\/12\/asesinas-lucio-dupuy-400x250.jpg"}},"image_meta":{"aperture":"0","credit":"","camera":"","caption":"","created_timestamp":"0","copyright":"","focal_length":"0","iso":"0","shutter_speed":"0","title":"","orientation":"0","keywords":[]}},"post":1623,"source_url":"https:\/\/nuevodigitaldeescobar.com.ar\/wp-content\/uploads\/2023\/12\/asesinas-lucio-dupuy.jpg"},"yoast_head":"<!-- This site is optimized with the Yoast SEO plugin v26.1.1 - https:\/\/yoast.com\/wordpress\/plugins\/seo\/ -->\n<title>Crimen de Lucio Dupuy: comienza el juicio pol\u00edtico a la jueza que dej\u00f3 al ni\u00f1o al cuidado de la madre - Nuevo Digital de Escobar<\/title>\n<meta name=\"robots\" content=\"index, follow, max-snippet:-1, max-image-preview:large, max-video-preview:-1\" \/>\n<link rel=\"canonical\" href=\"https:\/\/nuevodigitaldeescobar.com.ar\/?p=1623\" \/>\n<meta property=\"og:locale\" content=\"es_ES\" \/>\n<meta property=\"og:type\" content=\"article\" \/>\n<meta property=\"og:title\" content=\"Crimen de Lucio Dupuy: comienza el juicio pol\u00edtico a la jueza que dej\u00f3 al ni\u00f1o al cuidado de la madre - Nuevo Digital de Escobar\" \/>\n<meta property=\"og:description\" content=\"Se espera la declaraci\u00f3n de 46 testigos y la sentencia podr\u00eda conocerse ante de Navidad.\" \/>\n<meta property=\"og:url\" content=\"https:\/\/nuevodigitaldeescobar.com.ar\/?p=1623\" \/>\n<meta property=\"og:site_name\" content=\"Nuevo Digital de Escobar\" \/>\n<meta property=\"article:publisher\" content=\"https:\/\/www.facebook.com\/NUEVODigitalDeEscobar\" \/>\n<meta property=\"article:published_time\" content=\"2023-12-07T10:00:00+00:00\" \/>\n<meta property=\"og:image\" content=\"https:\/\/nuevodigitaldeescobar.com.ar\/wp-content\/uploads\/2023\/12\/asesinas-lucio-dupuy.jpg\" \/>\n\t<meta property=\"og:image:width\" content=\"720\" \/>\n\t<meta property=\"og:image:height\" content=\"480\" \/>\n\t<meta property=\"og:image:type\" content=\"image\/jpeg\" \/>\n<meta name=\"author\" content=\"Redacci\u00f3n\" \/>\n<meta name=\"twitter:card\" content=\"summary_large_image\" \/>\n<meta name=\"twitter:creator\" content=\"@nuevodigescobar\" \/>\n<meta name=\"twitter:site\" content=\"@nuevodigescobar\" \/>\n<meta name=\"twitter:label1\" content=\"Escrito por\" \/>\n\t<meta name=\"twitter:data1\" content=\"Redacci\u00f3n\" \/>\n\t<meta name=\"twitter:label2\" content=\"Tiempo de lectura\" \/>\n\t<meta name=\"twitter:data2\" content=\"4 minutos\" \/>\n<script type=\"application\/ld+json\" class=\"yoast-schema-graph\">{\"@context\":\"https:\/\/schema.org\",\"@graph\":[{\"@type\":\"Article\",\"@id\":\"https:\/\/nuevodigitaldeescobar.com.ar\/?p=1623#article\",\"isPartOf\":{\"@id\":\"https:\/\/nuevodigitaldeescobar.com.ar\/?p=1623\"},\"author\":{\"name\":\"Redacci\u00f3n\",\"@id\":\"https:\/\/nuevodigitaldeescobar.com.ar\/#\/schema\/person\/035e90a8efe9a80e6eec22656ad6ea4c\"},\"headline\":\"Crimen de Lucio Dupuy: comienza el juicio pol\u00edtico a la jueza que dej\u00f3 al ni\u00f1o al cuidado de la madre\",\"datePublished\":\"2023-12-07T10:00:00+00:00\",\"mainEntityOfPage\":{\"@id\":\"https:\/\/nuevodigitaldeescobar.com.ar\/?p=1623\"},\"wordCount\":917,\"commentCount\":0,\"publisher\":{\"@id\":\"https:\/\/nuevodigitaldeescobar.com.ar\/#organization\"},\"image\":{\"@id\":\"https:\/\/nuevodigitaldeescobar.com.ar\/?p=1623#primaryimage\"},\"thumbnailUrl\":\"https:\/\/nuevodigitaldeescobar.com.ar\/wp-content\/uploads\/2023\/12\/asesinas-lucio-dupuy.jpg\",\"articleSection\":[\"Inter\u00e9s general\"],\"inLanguage\":\"es\",\"potentialAction\":[{\"@type\":\"CommentAction\",\"name\":\"Comment\",\"target\":[\"https:\/\/nuevodigitaldeescobar.com.ar\/?p=1623#respond\"]}]},{\"@type\":\"WebPage\",\"@id\":\"https:\/\/nuevodigitaldeescobar.com.ar\/?p=1623\",\"url\":\"https:\/\/nuevodigitaldeescobar.com.ar\/?p=1623\",\"name\":\"Crimen de Lucio Dupuy: comienza el juicio pol\u00edtico a la jueza que dej\u00f3 al ni\u00f1o al cuidado de la madre - Nuevo Digital de Escobar\",\"isPartOf\":{\"@id\":\"https:\/\/nuevodigitaldeescobar.com.ar\/#website\"},\"primaryImageOfPage\":{\"@id\":\"https:\/\/nuevodigitaldeescobar.com.ar\/?p=1623#primaryimage\"},\"image\":{\"@id\":\"https:\/\/nuevodigitaldeescobar.com.ar\/?p=1623#primaryimage\"},\"thumbnailUrl\":\"https:\/\/nuevodigitaldeescobar.com.ar\/wp-content\/uploads\/2023\/12\/asesinas-lucio-dupuy.jpg\",\"datePublished\":\"2023-12-07T10:00:00+00:00\",\"breadcrumb\":{\"@id\":\"https:\/\/nuevodigitaldeescobar.com.ar\/?p=1623#breadcrumb\"},\"inLanguage\":\"es\",\"potentialAction\":[{\"@type\":\"ReadAction\",\"target\":[\"https:\/\/nuevodigitaldeescobar.com.ar\/?p=1623\"]}]},{\"@type\":\"ImageObject\",\"inLanguage\":\"es\",\"@id\":\"https:\/\/nuevodigitaldeescobar.com.ar\/?p=1623#primaryimage\",\"url\":\"https:\/\/nuevodigitaldeescobar.com.ar\/wp-content\/uploads\/2023\/12\/asesinas-lucio-dupuy.jpg\",\"contentUrl\":\"https:\/\/nuevodigitaldeescobar.com.ar\/wp-content\/uploads\/2023\/12\/asesinas-lucio-dupuy.jpg\",\"width\":720,\"height\":480},{\"@type\":\"BreadcrumbList\",\"@id\":\"https:\/\/nuevodigitaldeescobar.com.ar\/?p=1623#breadcrumb\",\"itemListElement\":[{\"@type\":\"ListItem\",\"position\":1,\"name\":\"Portada\",\"item\":\"https:\/\/nuevodigitaldeescobar.com.ar\/\"},{\"@type\":\"ListItem\",\"position\":2,\"name\":\"Crimen de Lucio Dupuy: comienza el juicio pol\u00edtico a la jueza que dej\u00f3 al ni\u00f1o al cuidado de la madre\"}]},{\"@type\":\"WebSite\",\"@id\":\"https:\/\/nuevodigitaldeescobar.com.ar\/#website\",\"url\":\"https:\/\/nuevodigitaldeescobar.com.ar\/\",\"name\":\"Nuevo Digital de Escobar\",\"description\":\"La vida escobarense. Directora: Rosana Brunner\",\"publisher\":{\"@id\":\"https:\/\/nuevodigitaldeescobar.com.ar\/#organization\"},\"potentialAction\":[{\"@type\":\"SearchAction\",\"target\":{\"@type\":\"EntryPoint\",\"urlTemplate\":\"https:\/\/nuevodigitaldeescobar.com.ar\/?s={search_term_string}\"},\"query-input\":{\"@type\":\"PropertyValueSpecification\",\"valueRequired\":true,\"valueName\":\"search_term_string\"}}],\"inLanguage\":\"es\"},{\"@type\":\"Organization\",\"@id\":\"https:\/\/nuevodigitaldeescobar.com.ar\/#organization\",\"name\":\"Nuevo Digital de Escobar\",\"url\":\"https:\/\/nuevodigitaldeescobar.com.ar\/\",\"logo\":{\"@type\":\"ImageObject\",\"inLanguage\":\"es\",\"@id\":\"https:\/\/nuevodigitaldeescobar.com.ar\/#\/schema\/logo\/image\/\",\"url\":\"https:\/\/nuevodigitaldeescobar.com.ar\/wp-content\/uploads\/2025\/05\/cropped-logo-nuevo2.jpg\",\"contentUrl\":\"https:\/\/nuevodigitaldeescobar.com.ar\/wp-content\/uploads\/2025\/05\/cropped-logo-nuevo2.jpg\",\"width\":305,\"height\":305,\"caption\":\"Nuevo Digital de Escobar\"},\"image\":{\"@id\":\"https:\/\/nuevodigitaldeescobar.com.ar\/#\/schema\/logo\/image\/\"},\"sameAs\":[\"https:\/\/www.facebook.com\/NUEVODigitalDeEscobar\",\"https:\/\/x.com\/nuevodigescobar\",\"https:\/\/www.instagram.com\/nuevodigitaldeescobar\"]},{\"@type\":\"Person\",\"@id\":\"https:\/\/nuevodigitaldeescobar.com.ar\/#\/schema\/person\/035e90a8efe9a80e6eec22656ad6ea4c\",\"name\":\"Redacci\u00f3n\",\"image\":{\"@type\":\"ImageObject\",\"inLanguage\":\"es\",\"@id\":\"https:\/\/nuevodigitaldeescobar.com.ar\/#\/schema\/person\/image\/\",\"url\":\"https:\/\/secure.gravatar.com\/avatar\/8af8f40000c24e9eef3034f2be5998a372bb1389e64b1a4a36b3a7979142220d?s=96&d=mm&r=g\",\"contentUrl\":\"https:\/\/secure.gravatar.com\/avatar\/8af8f40000c24e9eef3034f2be5998a372bb1389e64b1a4a36b3a7979142220d?s=96&d=mm&r=g\",\"caption\":\"Redacci\u00f3n\"},\"sameAs\":[\"http:\/\/nuevodigitaldeescobar.com.ar\"],\"url\":\"https:\/\/nuevodigitaldeescobar.com.ar\/?author=1\"}]}<\/script>\n<!-- \/ Yoast SEO plugin. -->","yoast_head_json":{"title":"Crimen de Lucio Dupuy: comienza el juicio pol\u00edtico a la jueza que dej\u00f3 al ni\u00f1o al cuidado de la madre - Nuevo Digital de Escobar","robots":{"index":"index","follow":"follow","max-snippet":"max-snippet:-1","max-image-preview":"max-image-preview:large","max-video-preview":"max-video-preview:-1"},"canonical":"https:\/\/nuevodigitaldeescobar.com.ar\/?p=1623","og_locale":"es_ES","og_type":"article","og_title":"Crimen de Lucio Dupuy: comienza el juicio pol\u00edtico a la jueza que dej\u00f3 al ni\u00f1o al cuidado de la madre - Nuevo Digital de Escobar","og_description":"Se espera la declaraci\u00f3n de 46 testigos y la sentencia podr\u00eda conocerse ante de Navidad.","og_url":"https:\/\/nuevodigitaldeescobar.com.ar\/?p=1623","og_site_name":"Nuevo Digital de Escobar","article_publisher":"https:\/\/www.facebook.com\/NUEVODigitalDeEscobar","article_published_time":"2023-12-07T10:00:00+00:00","og_image":[{"width":720,"height":480,"url":"https:\/\/nuevodigitaldeescobar.com.ar\/wp-content\/uploads\/2023\/12\/asesinas-lucio-dupuy.jpg","type":"image\/jpeg"}],"author":"Redacci\u00f3n","twitter_card":"summary_large_image","twitter_creator":"@nuevodigescobar","twitter_site":"@nuevodigescobar","twitter_misc":{"Escrito por":"Redacci\u00f3n","Tiempo de lectura":"4 minutos"},"schema":{"@context":"https:\/\/schema.org","@graph":[{"@type":"Article","@id":"https:\/\/nuevodigitaldeescobar.com.ar\/?p=1623#article","isPartOf":{"@id":"https:\/\/nuevodigitaldeescobar.com.ar\/?p=1623"},"author":{"name":"Redacci\u00f3n","@id":"https:\/\/nuevodigitaldeescobar.com.ar\/#\/schema\/person\/035e90a8efe9a80e6eec22656ad6ea4c"},"headline":"Crimen de Lucio Dupuy: comienza el juicio pol\u00edtico a la jueza que dej\u00f3 al ni\u00f1o al cuidado de la madre","datePublished":"2023-12-07T10:00:00+00:00","mainEntityOfPage":{"@id":"https:\/\/nuevodigitaldeescobar.com.ar\/?p=1623"},"wordCount":917,"commentCount":0,"publisher":{"@id":"https:\/\/nuevodigitaldeescobar.com.ar\/#organization"},"image":{"@id":"https:\/\/nuevodigitaldeescobar.com.ar\/?p=1623#primaryimage"},"thumbnailUrl":"https:\/\/nuevodigitaldeescobar.com.ar\/wp-content\/uploads\/2023\/12\/asesinas-lucio-dupuy.jpg","articleSection":["Inter\u00e9s general"],"inLanguage":"es","potentialAction":[{"@type":"CommentAction","name":"Comment","target":["https:\/\/nuevodigitaldeescobar.com.ar\/?p=1623#respond"]}]},{"@type":"WebPage","@id":"https:\/\/nuevodigitaldeescobar.com.ar\/?p=1623","url":"https:\/\/nuevodigitaldeescobar.com.ar\/?p=1623","name":"Crimen de Lucio Dupuy: comienza el juicio pol\u00edtico a la jueza que dej\u00f3 al ni\u00f1o al cuidado de la madre - Nuevo Digital de Escobar","isPartOf":{"@id":"https:\/\/nuevodigitaldeescobar.com.ar\/#website"},"primaryImageOfPage":{"@id":"https:\/\/nuevodigitaldeescobar.com.ar\/?p=1623#primaryimage"},"image":{"@id":"https:\/\/nuevodigitaldeescobar.com.ar\/?p=1623#primaryimage"},"thumbnailUrl":"https:\/\/nuevodigitaldeescobar.com.ar\/wp-content\/uploads\/2023\/12\/asesinas-lucio-dupuy.jpg","datePublished":"2023-12-07T10:00:00+00:00","breadcrumb":{"@id":"https:\/\/nuevodigitaldeescobar.com.ar\/?p=1623#breadcrumb"},"inLanguage":"es","potentialAction":[{"@type":"ReadAction","target":["https:\/\/nuevodigitaldeescobar.com.ar\/?p=1623"]}]},{"@type":"ImageObject","inLanguage":"es","@id":"https:\/\/nuevodigitaldeescobar.com.ar\/?p=1623#primaryimage","url":"https:\/\/nuevodigitaldeescobar.com.ar\/wp-content\/uploads\/2023\/12\/asesinas-lucio-dupuy.jpg","contentUrl":"https:\/\/nuevodigitaldeescobar.com.ar\/wp-content\/uploads\/2023\/12\/asesinas-lucio-dupuy.jpg","width":720,"height":480},{"@type":"BreadcrumbList","@id":"https:\/\/nuevodigitaldeescobar.com.ar\/?p=1623#breadcrumb","itemListElement":[{"@type":"ListItem","position":1,"name":"Portada","item":"https:\/\/nuevodigitaldeescobar.com.ar\/"},{"@type":"ListItem","position":2,"name":"Crimen de Lucio Dupuy: comienza el juicio pol\u00edtico a la jueza que dej\u00f3 al ni\u00f1o al cuidado de la madre"}]},{"@type":"WebSite","@id":"https:\/\/nuevodigitaldeescobar.com.ar\/#website","url":"https:\/\/nuevodigitaldeescobar.com.ar\/","name":"Nuevo Digital de Escobar","description":"La vida escobarense. Directora: Rosana Brunner","publisher":{"@id":"https:\/\/nuevodigitaldeescobar.com.ar\/#organization"},"potentialAction":[{"@type":"SearchAction","target":{"@type":"EntryPoint","urlTemplate":"https:\/\/nuevodigitaldeescobar.com.ar\/?s={search_term_string}"},"query-input":{"@type":"PropertyValueSpecification","valueRequired":true,"valueName":"search_term_string"}}],"inLanguage":"es"},{"@type":"Organization","@id":"https:\/\/nuevodigitaldeescobar.com.ar\/#organization","name":"Nuevo Digital de Escobar","url":"https:\/\/nuevodigitaldeescobar.com.ar\/","logo":{"@type":"ImageObject","inLanguage":"es","@id":"https:\/\/nuevodigitaldeescobar.com.ar\/#\/schema\/logo\/image\/","url":"https:\/\/nuevodigitaldeescobar.com.ar\/wp-content\/uploads\/2025\/05\/cropped-logo-nuevo2.jpg","contentUrl":"https:\/\/nuevodigitaldeescobar.com.ar\/wp-content\/uploads\/2025\/05\/cropped-logo-nuevo2.jpg","width":305,"height":305,"caption":"Nuevo Digital de Escobar"},"image":{"@id":"https:\/\/nuevodigitaldeescobar.com.ar\/#\/schema\/logo\/image\/"},"sameAs":["https:\/\/www.facebook.com\/NUEVODigitalDeEscobar","https:\/\/x.com\/nuevodigescobar","https:\/\/www.instagram.com\/nuevodigitaldeescobar"]},{"@type":"Person","@id":"https:\/\/nuevodigitaldeescobar.com.ar\/#\/schema\/person\/035e90a8efe9a80e6eec22656ad6ea4c","name":"Redacci\u00f3n","image":{"@type":"ImageObject","inLanguage":"es","@id":"https:\/\/nuevodigitaldeescobar.com.ar\/#\/schema\/person\/image\/","url":"https:\/\/secure.gravatar.com\/avatar\/8af8f40000c24e9eef3034f2be5998a372bb1389e64b1a4a36b3a7979142220d?s=96&d=mm&r=g","contentUrl":"https:\/\/secure.gravatar.com\/avatar\/8af8f40000c24e9eef3034f2be5998a372bb1389e64b1a4a36b3a7979142220d?s=96&d=mm&r=g","caption":"Redacci\u00f3n"},"sameAs":["http:\/\/nuevodigitaldeescobar.com.ar"],"url":"https:\/\/nuevodigitaldeescobar.com.ar\/?author=1"}]}},"featured_image_urls":{"full":["https:\/\/nuevodigitaldeescobar.com.ar\/wp-content\/uploads\/2023\/12\/asesinas-lucio-dupuy.jpg",720,480,false],"thumbnail":["https:\/\/nuevodigitaldeescobar.com.ar\/wp-content\/uploads\/2023\/12\/asesinas-lucio-dupuy-150x150.jpg",150,150,true],"medium":["https:\/\/nuevodigitaldeescobar.com.ar\/wp-content\/uploads\/2023\/12\/asesinas-lucio-dupuy-300x200.jpg",300,200,true],"medium_large":["https:\/\/nuevodigitaldeescobar.com.ar\/wp-content\/uploads\/2023\/12\/asesinas-lucio-dupuy.jpg",640,427,false],"large":["https:\/\/nuevodigitaldeescobar.com.ar\/wp-content\/uploads\/2023\/12\/asesinas-lucio-dupuy.jpg",640,427,false],"1536x1536":["https:\/\/nuevodigitaldeescobar.com.ar\/wp-content\/uploads\/2023\/12\/asesinas-lucio-dupuy.jpg",720,480,false],"2048x2048":["https:\/\/nuevodigitaldeescobar.com.ar\/wp-content\/uploads\/2023\/12\/asesinas-lucio-dupuy.jpg",720,480,false]},"author_info":{"display_name":"Redacci\u00f3n","author_link":"https:\/\/nuevodigitaldeescobar.com.ar\/?author=1"},"category_info":"<a href=\"https:\/\/nuevodigitaldeescobar.com.ar\/?cat=7\" rel=\"category\">Inter\u00e9s general<\/a>","tag_info":"Inter\u00e9s general","comment_count":"0","_links":{"self":[{"href":"https:\/\/nuevodigitaldeescobar.com.ar\/index.php?rest_route=\/wp\/v2\/posts\/1623","targetHints":{"allow":["GET"]}}],"collection":[{"href":"https:\/\/nuevodigitaldeescobar.com.ar\/index.php?rest_route=\/wp\/v2\/posts"}],"about":[{"href":"https:\/\/nuevodigitaldeescobar.com.ar\/index.php?rest_route=\/wp\/v2\/types\/post"}],"author":[{"embeddable":true,"href":"https:\/\/nuevodigitaldeescobar.com.ar\/index.php?rest_route=\/wp\/v2\/users\/1"}],"replies":[{"embeddable":true,"href":"https:\/\/nuevodigitaldeescobar.com.ar\/index.php?rest_route=%2Fwp%2Fv2%2Fcomments&post=1623"}],"version-history":[{"count":1,"href":"https:\/\/nuevodigitaldeescobar.com.ar\/index.php?rest_route=\/wp\/v2\/posts\/1623\/revisions"}],"predecessor-version":[{"id":1627,"href":"https:\/\/nuevodigitaldeescobar.com.ar\/index.php?rest_route=\/wp\/v2\/posts\/1623\/revisions\/1627"}],"wp:featuredmedia":[{"embeddable":true,"href":"https:\/\/nuevodigitaldeescobar.com.ar\/index.php?rest_route=\/wp\/v2\/media\/1624"}],"wp:attachment":[{"href":"https:\/\/nuevodigitaldeescobar.com.ar\/index.php?rest_route=%2Fwp%2Fv2%2Fmedia&parent=1623"}],"wp:term":[{"taxonomy":"category","embeddable":true,"href":"https:\/\/nuevodigitaldeescobar.com.ar\/index.php?rest_route=%2Fwp%2Fv2%2Fcategories&post=1623"},{"taxonomy":"post_tag","embeddable":true,"href":"https:\/\/nuevodigitaldeescobar.com.ar\/index.php?rest_route=%2Fwp%2Fv2%2Ftags&post=1623"}],"curies":[{"name":"wp","href":"https:\/\/api.w.org\/{rel}","templated":true}]}}