{"id":16254,"date":"2025-07-07T02:05:29","date_gmt":"2025-07-07T05:05:29","guid":{"rendered":"https:\/\/nuevodigitaldeescobar.com.ar\/?p=16254"},"modified":"2025-07-07T02:05:32","modified_gmt":"2025-07-07T05:05:32","slug":"el-peronismo-bonaerense-en-tension-kicillof-y-la-campora-negocian-contrarreloj-el-cierre-de-listas","status":"publish","type":"post","link":"https:\/\/nuevodigitaldeescobar.com.ar\/?p=16254","title":{"rendered":"El peronismo bonaerense en tensi\u00f3n: Kicillof y La C\u00e1mpora negocian contrarreloj el cierre de listas"},"content":{"rendered":"\n<p class=\"has-vivid-cyan-blue-color has-text-color has-link-color wp-elements-2d1a93e25f8a9c9337cd52fc948e2589\"><strong><em>En la antesala del cierre de alianzas y listas, el peronismo de la provincia de Buenos Aires transita d\u00edas de alta tensi\u00f3n pol\u00edtica. A solo cinco d\u00edas del plazo para inscribir frentes electorales y quince para presentar candidaturas, las principales figuras del espacio \u2014Axel Kicillof, M\u00e1ximo Kirchner y Sergio Massa\u2014 intensifican las negociaciones para definir qu\u00e9 lugar ocupar\u00e1 cada sector en la disputa electoral de este a\u00f1o.<\/em><\/strong><\/p>\n\n\n\n<!--more-->\n\n\n\n<h3 class=\"wp-block-heading has-text-color has-link-color wp-elements-e3d0d208b90b1399fa7fe6740544ccd2\" style=\"color:#0d3ac0\">Unidad en crisis y pulseada interna<\/h3>\n\n\n\n<p>Aunque desde todos los sectores coinciden en la necesidad de evitar una fractura, la unidad parece, por ahora, m\u00e1s formal que real. La discusi\u00f3n ya no gira en torno a un proyecto pol\u00edtico com\u00fan, sino a la proporci\u00f3n del reparto de las listas. El Movimiento Derecho al Futuro (MDF), que responde a Kicillof, exige el 50% de la representaci\u00f3n seccional y un rol central del gobernador en la estrategia de campa\u00f1a.<\/p>\n\n\n\n<p>Del otro lado, el cristinismo \u2014conducido por La C\u00e1mpora\u2014 sostiene la necesidad de reclamar la libertad de Cristina Fern\u00e1ndez como bandera de campa\u00f1a. Esta postura no convence a varios intendentes que consideran que ese enfoque no sintoniza con las urgencias econ\u00f3micas de la poblaci\u00f3n. <em>\u00abNo pod\u00e9s hablarle a la gente de Cristina mientras les cierran los negocios\u00bb<\/em>, expres\u00f3 un intendente alineado con el mandatario provincial.<\/p>\n\n\n\n<h3 class=\"wp-block-heading has-text-color has-link-color wp-elements-e50877431661bd73b8a1d0336802aea8\" style=\"color:#0d3ac0\">Nombres en danza y fracturas posibles<\/h3>\n\n\n\n<p>La pelea por las listas ya tiene nombres propios. En la Primera Secci\u00f3n Electoral, resuenan los intendentes Leonardo Nardini (Malvinas Argentinas), Federico Achaval (Pilar) y el ministro Gabriel Katopodis. En la Tercera Secci\u00f3n, los nombres que suenan fuerte son Mayra Mendoza (Quilmes), Mariano Cascallares (Almirante Brown) y la vicegobernadora Ver\u00f3nica Magario, esta \u00faltima vista como figura de consenso.<\/p>\n\n\n\n<p>Sin embargo, la amenaza de fractura interna sigue latente. Los intendentes Julio Zamora (Tigre) y Fernando Gray (Esteban Echeverr\u00eda), hist\u00f3ricamente enfrentados con La C\u00e1mpora, eval\u00faan encabezar boletas por fuera del armado oficialista. Una jugada que podr\u00eda restarle votos claves al peronismo unificado.<\/p>\n\n\n\n<p>A esto se suman conflictos en territorios calientes como Mor\u00f3n \u2014donde se enfrentan Lucas Ghi y Mart\u00edn Sabbatella\u2014 y en distritos como Avellaneda, Lan\u00fas y Quilmes, donde los roces entre Jorge Ferraresi, Juli\u00e1n \u00c1lvarez y Mendoza complican los cierres.<\/p>\n\n\n\n<h3 class=\"wp-block-heading has-text-color has-link-color wp-elements-a7685e2aaa42880d0d40f5637f9c9daa\" style=\"color:#0d3ac0\">Desdoblamiento, Cristina y 2027<\/h3>\n\n\n\n<p>Otra pol\u00e9mica abierta es el desdoblamiento de las elecciones bonaerenses, impulsado por Kicillof. Mientras algunos intendentes kirchneristas presionan para alinearlas con el calendario nacional, el gobernador se aferra a la decisi\u00f3n como estrategia de diferenciaci\u00f3n y proyecci\u00f3n presidencial hacia 2027.<\/p>\n\n\n\n<p>Kicillof busca consolidar un camino propio, aut\u00f3nomo del kirchnerismo duro, y sin el <em>\u201cdedo\u201d<\/em> de Cristina. No quiere ser <em>\u201cel candidato de CFK\u201d<\/em>, sino <em>\u201cel candidato del peronismo\u201d<\/em>. All\u00ed radica la disputa m\u00e1s profunda.<\/p>\n\n\n\n<h3 class=\"wp-block-heading has-text-color has-link-color wp-elements-b3c5291655dbca85ee79d74f0b77e5ce\" style=\"color:#0d3ac0\">Una tregua fr\u00e1gil<\/h3>\n\n\n\n<p>En las \u00faltimas horas, la designaci\u00f3n de los apoderados del nuevo frente electoral \u2014con Ver\u00f3nica Magario y Katopodis por parte de Kicillof, y Federico Oterm\u00edn y Mariel Fern\u00e1ndez por el cristinismo\u2014 sirvi\u00f3 para calmar moment\u00e1neamente las aguas.<\/p>\n\n\n\n<p>Pero todos saben que la unidad es fr\u00e1gil y que las pr\u00f3ximas horas ser\u00e1n decisivas. Lo que est\u00e1 en juego no es solo una elecci\u00f3n, sino la conducci\u00f3n del espacio de cara a 2027.<\/p>\n","protected":false},"excerpt":{"rendered":"<p>En la antesala del cierre de alianzas y listas, el peronismo de la provincia de Buenos Aires transita d\u00edas de alta tensi\u00f3n pol\u00edtica. A solo [&hellip;]<\/p>\n","protected":false},"author":1,"featured_media":15162,"comment_status":"open","ping_status":"open","sticky":false,"template":"","format":"standard","meta":{"footnotes":""},"categories":[6],"tags":[],"class_list":["post-16254","post","type-post","status-publish","format-standard","has-post-thumbnail","hentry","category-politica"],"better_featured_image":{"id":15162,"alt_text":"","caption":"","description":"","media_type":"image","media_details":{"width":794,"height":545,"file":"2025\/06\/axelkici111.png","filesize":590878,"sizes":{"medium":{"file":"axelkici111-300x206.png","width":300,"height":206,"mime-type":"image\/png","filesize":71128,"source_url":"https:\/\/nuevodigitaldeescobar.com.ar\/wp-content\/uploads\/2025\/06\/axelkici111-300x206.png"},"thumbnail":{"file":"axelkici111-150x150.png","width":150,"height":150,"mime-type":"image\/png","filesize":32358,"source_url":"https:\/\/nuevodigitaldeescobar.com.ar\/wp-content\/uploads\/2025\/06\/axelkici111-150x150.png"},"medium_large":{"file":"axelkici111-768x527.png","width":768,"height":527,"mime-type":"image\/png","filesize":311447,"source_url":"https:\/\/nuevodigitaldeescobar.com.ar\/wp-content\/uploads\/2025\/06\/axelkici111-768x527.png"}},"image_meta":{"aperture":"0","credit":"","camera":"","caption":"","created_timestamp":"0","copyright":"","focal_length":"0","iso":"0","shutter_speed":"0","title":"","orientation":"0","keywords":[]}},"post":15161,"source_url":"https:\/\/nuevodigitaldeescobar.com.ar\/wp-content\/uploads\/2025\/06\/axelkici111.png"},"yoast_head":"<!-- This site is optimized with the Yoast SEO plugin v26.1.1 - https:\/\/yoast.com\/wordpress\/plugins\/seo\/ -->\n<title>El peronismo bonaerense en tensi\u00f3n: Kicillof y La C\u00e1mpora negocian contrarreloj el cierre de listas - Nuevo Digital de Escobar<\/title>\n<meta name=\"robots\" content=\"index, follow, max-snippet:-1, max-image-preview:large, max-video-preview:-1\" \/>\n<link rel=\"canonical\" href=\"https:\/\/nuevodigitaldeescobar.com.ar\/?p=16254\" \/>\n<meta property=\"og:locale\" content=\"es_ES\" \/>\n<meta property=\"og:type\" content=\"article\" \/>\n<meta property=\"og:title\" content=\"El peronismo bonaerense en tensi\u00f3n: Kicillof y La C\u00e1mpora negocian contrarreloj el cierre de listas - Nuevo Digital de Escobar\" \/>\n<meta property=\"og:description\" content=\"En la antesala del cierre de alianzas y listas, el peronismo de la provincia de Buenos Aires transita d\u00edas de alta tensi\u00f3n pol\u00edtica. A solo [&hellip;]\" \/>\n<meta property=\"og:url\" content=\"https:\/\/nuevodigitaldeescobar.com.ar\/?p=16254\" \/>\n<meta property=\"og:site_name\" content=\"Nuevo Digital de Escobar\" \/>\n<meta property=\"article:publisher\" content=\"https:\/\/www.facebook.com\/NUEVODigitalDeEscobar\" \/>\n<meta property=\"article:published_time\" content=\"2025-07-07T05:05:29+00:00\" \/>\n<meta property=\"article:modified_time\" content=\"2025-07-07T05:05:32+00:00\" \/>\n<meta property=\"og:image\" content=\"http:\/\/nuevodigitaldeescobar.com.ar\/wp-content\/uploads\/2025\/06\/axelkici111.png\" \/>\n\t<meta property=\"og:image:width\" content=\"794\" \/>\n\t<meta property=\"og:image:height\" content=\"545\" \/>\n\t<meta property=\"og:image:type\" content=\"image\/png\" \/>\n<meta name=\"author\" content=\"Redacci\u00f3n\" \/>\n<meta name=\"twitter:card\" content=\"summary_large_image\" \/>\n<meta name=\"twitter:creator\" content=\"@nuevodigescobar\" \/>\n<meta name=\"twitter:site\" content=\"@nuevodigescobar\" \/>\n<meta name=\"twitter:label1\" content=\"Escrito por\" \/>\n\t<meta name=\"twitter:data1\" content=\"Redacci\u00f3n\" \/>\n\t<meta name=\"twitter:label2\" content=\"Tiempo de lectura\" \/>\n\t<meta name=\"twitter:data2\" content=\"3 minutos\" \/>\n<script type=\"application\/ld+json\" class=\"yoast-schema-graph\">{\"@context\":\"https:\/\/schema.org\",\"@graph\":[{\"@type\":\"Article\",\"@id\":\"https:\/\/nuevodigitaldeescobar.com.ar\/?p=16254#article\",\"isPartOf\":{\"@id\":\"https:\/\/nuevodigitaldeescobar.com.ar\/?p=16254\"},\"author\":{\"name\":\"Redacci\u00f3n\",\"@id\":\"https:\/\/nuevodigitaldeescobar.com.ar\/#\/schema\/person\/035e90a8efe9a80e6eec22656ad6ea4c\"},\"headline\":\"El peronismo bonaerense en tensi\u00f3n: Kicillof y La C\u00e1mpora negocian contrarreloj el cierre de listas\",\"datePublished\":\"2025-07-07T05:05:29+00:00\",\"dateModified\":\"2025-07-07T05:05:32+00:00\",\"mainEntityOfPage\":{\"@id\":\"https:\/\/nuevodigitaldeescobar.com.ar\/?p=16254\"},\"wordCount\":567,\"commentCount\":0,\"publisher\":{\"@id\":\"https:\/\/nuevodigitaldeescobar.com.ar\/#organization\"},\"image\":{\"@id\":\"https:\/\/nuevodigitaldeescobar.com.ar\/?p=16254#primaryimage\"},\"thumbnailUrl\":\"https:\/\/nuevodigitaldeescobar.com.ar\/wp-content\/uploads\/2025\/06\/axelkici111.png\",\"articleSection\":[\"Pol\u00edtica\"],\"inLanguage\":\"es\",\"potentialAction\":[{\"@type\":\"CommentAction\",\"name\":\"Comment\",\"target\":[\"https:\/\/nuevodigitaldeescobar.com.ar\/?p=16254#respond\"]}]},{\"@type\":\"WebPage\",\"@id\":\"https:\/\/nuevodigitaldeescobar.com.ar\/?p=16254\",\"url\":\"https:\/\/nuevodigitaldeescobar.com.ar\/?p=16254\",\"name\":\"El peronismo bonaerense en tensi\u00f3n: Kicillof y La C\u00e1mpora negocian contrarreloj el cierre de listas - Nuevo Digital de Escobar\",\"isPartOf\":{\"@id\":\"https:\/\/nuevodigitaldeescobar.com.ar\/#website\"},\"primaryImageOfPage\":{\"@id\":\"https:\/\/nuevodigitaldeescobar.com.ar\/?p=16254#primaryimage\"},\"image\":{\"@id\":\"https:\/\/nuevodigitaldeescobar.com.ar\/?p=16254#primaryimage\"},\"thumbnailUrl\":\"https:\/\/nuevodigitaldeescobar.com.ar\/wp-content\/uploads\/2025\/06\/axelkici111.png\",\"datePublished\":\"2025-07-07T05:05:29+00:00\",\"dateModified\":\"2025-07-07T05:05:32+00:00\",\"breadcrumb\":{\"@id\":\"https:\/\/nuevodigitaldeescobar.com.ar\/?p=16254#breadcrumb\"},\"inLanguage\":\"es\",\"potentialAction\":[{\"@type\":\"ReadAction\",\"target\":[\"https:\/\/nuevodigitaldeescobar.com.ar\/?p=16254\"]}]},{\"@type\":\"ImageObject\",\"inLanguage\":\"es\",\"@id\":\"https:\/\/nuevodigitaldeescobar.com.ar\/?p=16254#primaryimage\",\"url\":\"https:\/\/nuevodigitaldeescobar.com.ar\/wp-content\/uploads\/2025\/06\/axelkici111.png\",\"contentUrl\":\"https:\/\/nuevodigitaldeescobar.com.ar\/wp-content\/uploads\/2025\/06\/axelkici111.png\",\"width\":794,\"height\":545},{\"@type\":\"BreadcrumbList\",\"@id\":\"https:\/\/nuevodigitaldeescobar.com.ar\/?p=16254#breadcrumb\",\"itemListElement\":[{\"@type\":\"ListItem\",\"position\":1,\"name\":\"Portada\",\"item\":\"https:\/\/nuevodigitaldeescobar.com.ar\/\"},{\"@type\":\"ListItem\",\"position\":2,\"name\":\"El peronismo bonaerense en tensi\u00f3n: Kicillof y La C\u00e1mpora negocian contrarreloj el cierre de listas\"}]},{\"@type\":\"WebSite\",\"@id\":\"https:\/\/nuevodigitaldeescobar.com.ar\/#website\",\"url\":\"https:\/\/nuevodigitaldeescobar.com.ar\/\",\"name\":\"Nuevo Digital de Escobar\",\"description\":\"La vida escobarense. Directora: Rosana Brunner\",\"publisher\":{\"@id\":\"https:\/\/nuevodigitaldeescobar.com.ar\/#organization\"},\"potentialAction\":[{\"@type\":\"SearchAction\",\"target\":{\"@type\":\"EntryPoint\",\"urlTemplate\":\"https:\/\/nuevodigitaldeescobar.com.ar\/?s={search_term_string}\"},\"query-input\":{\"@type\":\"PropertyValueSpecification\",\"valueRequired\":true,\"valueName\":\"search_term_string\"}}],\"inLanguage\":\"es\"},{\"@type\":\"Organization\",\"@id\":\"https:\/\/nuevodigitaldeescobar.com.ar\/#organization\",\"name\":\"Nuevo Digital de Escobar\",\"url\":\"https:\/\/nuevodigitaldeescobar.com.ar\/\",\"logo\":{\"@type\":\"ImageObject\",\"inLanguage\":\"es\",\"@id\":\"https:\/\/nuevodigitaldeescobar.com.ar\/#\/schema\/logo\/image\/\",\"url\":\"https:\/\/nuevodigitaldeescobar.com.ar\/wp-content\/uploads\/2025\/05\/cropped-logo-nuevo2.jpg\",\"contentUrl\":\"https:\/\/nuevodigitaldeescobar.com.ar\/wp-content\/uploads\/2025\/05\/cropped-logo-nuevo2.jpg\",\"width\":305,\"height\":305,\"caption\":\"Nuevo Digital de Escobar\"},\"image\":{\"@id\":\"https:\/\/nuevodigitaldeescobar.com.ar\/#\/schema\/logo\/image\/\"},\"sameAs\":[\"https:\/\/www.facebook.com\/NUEVODigitalDeEscobar\",\"https:\/\/x.com\/nuevodigescobar\",\"https:\/\/www.instagram.com\/nuevodigitaldeescobar\"]},{\"@type\":\"Person\",\"@id\":\"https:\/\/nuevodigitaldeescobar.com.ar\/#\/schema\/person\/035e90a8efe9a80e6eec22656ad6ea4c\",\"name\":\"Redacci\u00f3n\",\"image\":{\"@type\":\"ImageObject\",\"inLanguage\":\"es\",\"@id\":\"https:\/\/nuevodigitaldeescobar.com.ar\/#\/schema\/person\/image\/\",\"url\":\"https:\/\/secure.gravatar.com\/avatar\/8af8f40000c24e9eef3034f2be5998a372bb1389e64b1a4a36b3a7979142220d?s=96&d=mm&r=g\",\"contentUrl\":\"https:\/\/secure.gravatar.com\/avatar\/8af8f40000c24e9eef3034f2be5998a372bb1389e64b1a4a36b3a7979142220d?s=96&d=mm&r=g\",\"caption\":\"Redacci\u00f3n\"},\"sameAs\":[\"http:\/\/nuevodigitaldeescobar.com.ar\"],\"url\":\"https:\/\/nuevodigitaldeescobar.com.ar\/?author=1\"}]}<\/script>\n<!-- \/ Yoast SEO plugin. -->","yoast_head_json":{"title":"El peronismo bonaerense en tensi\u00f3n: Kicillof y La C\u00e1mpora negocian contrarreloj el cierre de listas - Nuevo Digital de Escobar","robots":{"index":"index","follow":"follow","max-snippet":"max-snippet:-1","max-image-preview":"max-image-preview:large","max-video-preview":"max-video-preview:-1"},"canonical":"https:\/\/nuevodigitaldeescobar.com.ar\/?p=16254","og_locale":"es_ES","og_type":"article","og_title":"El peronismo bonaerense en tensi\u00f3n: Kicillof y La C\u00e1mpora negocian contrarreloj el cierre de listas - Nuevo Digital de Escobar","og_description":"En la antesala del cierre de alianzas y listas, el peronismo de la provincia de Buenos Aires transita d\u00edas de alta tensi\u00f3n pol\u00edtica. A solo [&hellip;]","og_url":"https:\/\/nuevodigitaldeescobar.com.ar\/?p=16254","og_site_name":"Nuevo Digital de Escobar","article_publisher":"https:\/\/www.facebook.com\/NUEVODigitalDeEscobar","article_published_time":"2025-07-07T05:05:29+00:00","article_modified_time":"2025-07-07T05:05:32+00:00","og_image":[{"width":794,"height":545,"url":"http:\/\/nuevodigitaldeescobar.com.ar\/wp-content\/uploads\/2025\/06\/axelkici111.png","type":"image\/png"}],"author":"Redacci\u00f3n","twitter_card":"summary_large_image","twitter_creator":"@nuevodigescobar","twitter_site":"@nuevodigescobar","twitter_misc":{"Escrito por":"Redacci\u00f3n","Tiempo de lectura":"3 minutos"},"schema":{"@context":"https:\/\/schema.org","@graph":[{"@type":"Article","@id":"https:\/\/nuevodigitaldeescobar.com.ar\/?p=16254#article","isPartOf":{"@id":"https:\/\/nuevodigitaldeescobar.com.ar\/?p=16254"},"author":{"name":"Redacci\u00f3n","@id":"https:\/\/nuevodigitaldeescobar.com.ar\/#\/schema\/person\/035e90a8efe9a80e6eec22656ad6ea4c"},"headline":"El peronismo bonaerense en tensi\u00f3n: Kicillof y La C\u00e1mpora negocian contrarreloj el cierre de listas","datePublished":"2025-07-07T05:05:29+00:00","dateModified":"2025-07-07T05:05:32+00:00","mainEntityOfPage":{"@id":"https:\/\/nuevodigitaldeescobar.com.ar\/?p=16254"},"wordCount":567,"commentCount":0,"publisher":{"@id":"https:\/\/nuevodigitaldeescobar.com.ar\/#organization"},"image":{"@id":"https:\/\/nuevodigitaldeescobar.com.ar\/?p=16254#primaryimage"},"thumbnailUrl":"https:\/\/nuevodigitaldeescobar.com.ar\/wp-content\/uploads\/2025\/06\/axelkici111.png","articleSection":["Pol\u00edtica"],"inLanguage":"es","potentialAction":[{"@type":"CommentAction","name":"Comment","target":["https:\/\/nuevodigitaldeescobar.com.ar\/?p=16254#respond"]}]},{"@type":"WebPage","@id":"https:\/\/nuevodigitaldeescobar.com.ar\/?p=16254","url":"https:\/\/nuevodigitaldeescobar.com.ar\/?p=16254","name":"El peronismo bonaerense en tensi\u00f3n: Kicillof y La C\u00e1mpora negocian contrarreloj el cierre de listas - Nuevo Digital de Escobar","isPartOf":{"@id":"https:\/\/nuevodigitaldeescobar.com.ar\/#website"},"primaryImageOfPage":{"@id":"https:\/\/nuevodigitaldeescobar.com.ar\/?p=16254#primaryimage"},"image":{"@id":"https:\/\/nuevodigitaldeescobar.com.ar\/?p=16254#primaryimage"},"thumbnailUrl":"https:\/\/nuevodigitaldeescobar.com.ar\/wp-content\/uploads\/2025\/06\/axelkici111.png","datePublished":"2025-07-07T05:05:29+00:00","dateModified":"2025-07-07T05:05:32+00:00","breadcrumb":{"@id":"https:\/\/nuevodigitaldeescobar.com.ar\/?p=16254#breadcrumb"},"inLanguage":"es","potentialAction":[{"@type":"ReadAction","target":["https:\/\/nuevodigitaldeescobar.com.ar\/?p=16254"]}]},{"@type":"ImageObject","inLanguage":"es","@id":"https:\/\/nuevodigitaldeescobar.com.ar\/?p=16254#primaryimage","url":"https:\/\/nuevodigitaldeescobar.com.ar\/wp-content\/uploads\/2025\/06\/axelkici111.png","contentUrl":"https:\/\/nuevodigitaldeescobar.com.ar\/wp-content\/uploads\/2025\/06\/axelkici111.png","width":794,"height":545},{"@type":"BreadcrumbList","@id":"https:\/\/nuevodigitaldeescobar.com.ar\/?p=16254#breadcrumb","itemListElement":[{"@type":"ListItem","position":1,"name":"Portada","item":"https:\/\/nuevodigitaldeescobar.com.ar\/"},{"@type":"ListItem","position":2,"name":"El peronismo bonaerense en tensi\u00f3n: Kicillof y La C\u00e1mpora negocian contrarreloj el cierre de listas"}]},{"@type":"WebSite","@id":"https:\/\/nuevodigitaldeescobar.com.ar\/#website","url":"https:\/\/nuevodigitaldeescobar.com.ar\/","name":"Nuevo Digital de Escobar","description":"La vida escobarense. Directora: Rosana Brunner","publisher":{"@id":"https:\/\/nuevodigitaldeescobar.com.ar\/#organization"},"potentialAction":[{"@type":"SearchAction","target":{"@type":"EntryPoint","urlTemplate":"https:\/\/nuevodigitaldeescobar.com.ar\/?s={search_term_string}"},"query-input":{"@type":"PropertyValueSpecification","valueRequired":true,"valueName":"search_term_string"}}],"inLanguage":"es"},{"@type":"Organization","@id":"https:\/\/nuevodigitaldeescobar.com.ar\/#organization","name":"Nuevo Digital de Escobar","url":"https:\/\/nuevodigitaldeescobar.com.ar\/","logo":{"@type":"ImageObject","inLanguage":"es","@id":"https:\/\/nuevodigitaldeescobar.com.ar\/#\/schema\/logo\/image\/","url":"https:\/\/nuevodigitaldeescobar.com.ar\/wp-content\/uploads\/2025\/05\/cropped-logo-nuevo2.jpg","contentUrl":"https:\/\/nuevodigitaldeescobar.com.ar\/wp-content\/uploads\/2025\/05\/cropped-logo-nuevo2.jpg","width":305,"height":305,"caption":"Nuevo Digital de Escobar"},"image":{"@id":"https:\/\/nuevodigitaldeescobar.com.ar\/#\/schema\/logo\/image\/"},"sameAs":["https:\/\/www.facebook.com\/NUEVODigitalDeEscobar","https:\/\/x.com\/nuevodigescobar","https:\/\/www.instagram.com\/nuevodigitaldeescobar"]},{"@type":"Person","@id":"https:\/\/nuevodigitaldeescobar.com.ar\/#\/schema\/person\/035e90a8efe9a80e6eec22656ad6ea4c","name":"Redacci\u00f3n","image":{"@type":"ImageObject","inLanguage":"es","@id":"https:\/\/nuevodigitaldeescobar.com.ar\/#\/schema\/person\/image\/","url":"https:\/\/secure.gravatar.com\/avatar\/8af8f40000c24e9eef3034f2be5998a372bb1389e64b1a4a36b3a7979142220d?s=96&d=mm&r=g","contentUrl":"https:\/\/secure.gravatar.com\/avatar\/8af8f40000c24e9eef3034f2be5998a372bb1389e64b1a4a36b3a7979142220d?s=96&d=mm&r=g","caption":"Redacci\u00f3n"},"sameAs":["http:\/\/nuevodigitaldeescobar.com.ar"],"url":"https:\/\/nuevodigitaldeescobar.com.ar\/?author=1"}]}},"featured_image_urls":{"full":["https:\/\/nuevodigitaldeescobar.com.ar\/wp-content\/uploads\/2025\/06\/axelkici111.png",794,545,false],"thumbnail":["https:\/\/nuevodigitaldeescobar.com.ar\/wp-content\/uploads\/2025\/06\/axelkici111-150x150.png",150,150,true],"medium":["https:\/\/nuevodigitaldeescobar.com.ar\/wp-content\/uploads\/2025\/06\/axelkici111-300x206.png",300,206,true],"medium_large":["https:\/\/nuevodigitaldeescobar.com.ar\/wp-content\/uploads\/2025\/06\/axelkici111-768x527.png",640,439,true],"large":["https:\/\/nuevodigitaldeescobar.com.ar\/wp-content\/uploads\/2025\/06\/axelkici111.png",640,439,false],"1536x1536":["https:\/\/nuevodigitaldeescobar.com.ar\/wp-content\/uploads\/2025\/06\/axelkici111.png",794,545,false],"2048x2048":["https:\/\/nuevodigitaldeescobar.com.ar\/wp-content\/uploads\/2025\/06\/axelkici111.png",794,545,false]},"author_info":{"display_name":"Redacci\u00f3n","author_link":"https:\/\/nuevodigitaldeescobar.com.ar\/?author=1"},"category_info":"<a href=\"https:\/\/nuevodigitaldeescobar.com.ar\/?cat=6\" rel=\"category\">Pol\u00edtica<\/a>","tag_info":"Pol\u00edtica","comment_count":"0","_links":{"self":[{"href":"https:\/\/nuevodigitaldeescobar.com.ar\/index.php?rest_route=\/wp\/v2\/posts\/16254","targetHints":{"allow":["GET"]}}],"collection":[{"href":"https:\/\/nuevodigitaldeescobar.com.ar\/index.php?rest_route=\/wp\/v2\/posts"}],"about":[{"href":"https:\/\/nuevodigitaldeescobar.com.ar\/index.php?rest_route=\/wp\/v2\/types\/post"}],"author":[{"embeddable":true,"href":"https:\/\/nuevodigitaldeescobar.com.ar\/index.php?rest_route=\/wp\/v2\/users\/1"}],"replies":[{"embeddable":true,"href":"https:\/\/nuevodigitaldeescobar.com.ar\/index.php?rest_route=%2Fwp%2Fv2%2Fcomments&post=16254"}],"version-history":[{"count":1,"href":"https:\/\/nuevodigitaldeescobar.com.ar\/index.php?rest_route=\/wp\/v2\/posts\/16254\/revisions"}],"predecessor-version":[{"id":16255,"href":"https:\/\/nuevodigitaldeescobar.com.ar\/index.php?rest_route=\/wp\/v2\/posts\/16254\/revisions\/16255"}],"wp:featuredmedia":[{"embeddable":true,"href":"https:\/\/nuevodigitaldeescobar.com.ar\/index.php?rest_route=\/wp\/v2\/media\/15162"}],"wp:attachment":[{"href":"https:\/\/nuevodigitaldeescobar.com.ar\/index.php?rest_route=%2Fwp%2Fv2%2Fmedia&parent=16254"}],"wp:term":[{"taxonomy":"category","embeddable":true,"href":"https:\/\/nuevodigitaldeescobar.com.ar\/index.php?rest_route=%2Fwp%2Fv2%2Fcategories&post=16254"},{"taxonomy":"post_tag","embeddable":true,"href":"https:\/\/nuevodigitaldeescobar.com.ar\/index.php?rest_route=%2Fwp%2Fv2%2Ftags&post=16254"}],"curies":[{"name":"wp","href":"https:\/\/api.w.org\/{rel}","templated":true}]}}