{"id":16312,"date":"2025-07-08T20:20:24","date_gmt":"2025-07-08T23:20:24","guid":{"rendered":"https:\/\/nuevodigitaldeescobar.com.ar\/?p=16312"},"modified":"2025-07-08T20:20:24","modified_gmt":"2025-07-08T23:20:24","slug":"talleres-eligio-a-carlos-tevez-como-nuevo-dt","status":"publish","type":"post","link":"https:\/\/nuevodigitaldeescobar.com.ar\/?p=16312","title":{"rendered":"Talleres eligi\u00f3 a Carlos T\u00e9vez como nuevo DT"},"content":{"rendered":"<p><strong>Carlos T\u00e9vez fue confirmado como nuevo entrenador de <a href=\"https:\/\/derechadiario.com.ar\/deportes\/cordoba-merlos-evito-juicio-por-agresion-al-vice-talleres-y-recibio-probation\" title=\"C\u00f3rdoba: Merlos evit\u00f3 juicio por agresi\u00f3n al vice de Talleres y recibi\u00f3 probation\">Talleres de C\u00f3rdoba<\/a><\/strong> y debutar\u00e1 este viernes ante San Lorenzo. Asume tras la sorpresiva renuncia de Diego Cocca, quien se fue sin dirigir ni un solo partido. El cambio se da a d\u00edas del inicio del torneo local.<\/p>\n<p><strong>T\u00e9vez ser\u00e1 presentado este mi\u00e9rcoles por la ma\u00f1ana en el CARD<\/strong>, con presencia del plantel profesional. La decisi\u00f3n fue tomada con la celeridad que ameritaba por parte la dirigencia. Desde el club confirmaron que <strong>el anuncio oficial se realizar\u00e1 a trav\u00e9s de sus redes sociales.<\/strong><\/p>\n<p>La \u201cT\u201d vuelve a apostar por un perfil medi\u00e1tico, tras un semestre deportivo con resultados por debajo de lo esperado. En ese per\u00edodo, el equipo qued\u00f3 eliminado de tres competencias. Esto a\u00fan con\u00a0la alegr\u00eda presente de la Supercopa ganada\u00a0ante River.<\/p>\n<div class=\"inter_image image_horizontal\">\n<img decoding=\"async\" src=\"https:\/\/derechadiario.com.ar\/filesedc\/uploads\/image\/post\/2025\/07\/386_1200_800.webp\" class=\"img-responsive lazyload\" alt=\"Entrenador de f\u00fatbol en la cancha sosteniendo una pelota junto al escudo del club Talleres de C\u00f3rdoba\" title=\"Entrenador de f\u00fatbol en la cancha sosteniendo una pelota junto al escudo del club Talleres de C\u00f3rdoba\" \/>\n<div>\n<span class=\"img_footer\">Carlos Tevez confirmado como nuevo DT del club cordob\u00e9s. <\/span>| <span class=\"img_author\">La Derecha Diario<\/span>\n<\/div>\n<\/div>\n<h2>Una respuesta ejecutiva<\/h2>\n<p>El Torneo Clausura ser\u00e1 clave para que Talleres recupere posiciones en la tabla general. El equipo buscar\u00e1 consolidarse en la categor\u00eda y pelear m\u00e1s arriba. El nuevo cuerpo t\u00e9cnico asume con el objetivo de sumar desde el arranque.<\/p>\n<p>En ese contexto, Andr\u00e9s Fassi reactiv\u00f3 la negociaci\u00f3n con T\u00e9vez, quien ya hab\u00eda sido considerado antes de la llegada de <a href=\"https:\/\/derechadiario.com.ar\/deportes\/diego-cocca-renuncio-talleres-sin-siquiera-debutar-torneo-clausura\" title=\"Diego Cocca renunci\u00f3 en Talleres sin siquiera debutar en el Torneo Clausura\">Cocca<\/a>. <strong>El presidente actu\u00f3 con rapidez<\/strong> para no perder tiempo ni puntos. <strong>Busc\u00f3 un nombre fuerte y con liderazgo<\/strong> para reencauzar el semestre.<\/p>\n<p>Cocca hab\u00eda sido elegido por su experiencia internacional, pero su ciclo nunca lleg\u00f3 a concretarse. Este\u00a0martes por la ma\u00f1ana <strong>present\u00f3 su renuncia de forma inesperada.<\/strong> La dirigencia, liderada por <a href=\"https:\/\/derechadiario.com.ar\/deportes\/fassi-proyectar-cordoba-importancia-competir-y-sus-10-anos-talleres\" title=\"Fassi en Proyectar C\u00f3rdoba: la importancia de competir y sus 10 a\u00f1os en Talleres\">Fassi<\/a>, respondi\u00f3 en cuesti\u00f3n de horas.<\/p>\n<figure><img decoding=\"async\" src=\"https:\/\/derechadiario.com.ar\/filesedc\/uploads\/image\/post\/2025\/07\/385_1200_800.webp\" class=\"img-responsive lazyload\" alt=\"Hombre de pie en el campo de f\u00fatbol con expresi\u00f3n pensativa y fondo de estadio lleno de p\u00fablico\" title=\"Hombre de pie en el campo de f\u00fatbol con expresi\u00f3n pensativa y fondo de estadio lleno de p\u00fablico\" \/><\/figure>\n<aside class=\"whatsappChannelText\"><a href=\"https:\/\/whatsapp.com\/channel\/0029VagEjILGE56eKjedWF2U\" rel=\"nofollow\" title=\"WhatsApp Link\"><img alt=\"Logo de WhatsApp\" class=\"lazyload\" data-src=\"\/filesedc\/uploads\/other\/whatsapp_icon_mid_article.png\" width=\"32\" height=\"32\" \/><\/a> <a href=\"https:\/\/whatsapp.com\/channel\/0029VagEjILGE56eKjedWF2U\" rel=\"nofollow\" title=\"WhatsApp Link\"><strong>NO SE PIERDAN NINGUNA NOTICIA<\/strong>: Click aqu\u00ed para sumarte <strong>GRATIS<\/strong> al canal de noticias de <strong>La Derecha Diario en WhatsApp.<\/strong><\/a><\/aside>\n<h2>El Apache y un desaf\u00edo inmediato<\/h2>\n<p>T\u00e9vez llega a la \u201cT\u201d tras su paso por Independiente y Rosario Central. Estaba sin dirigir desde hac\u00eda m\u00e1s de un a\u00f1o. Su llegada representa una apuesta por su car\u00e1cter y su conocimiento del f\u00fatbol argentino.<\/p>\n<p>Hace pocas semanas, el propio T\u00e9vez hab\u00eda dicho que esperaba un proyecto serio y con respaldo. \u201cEso en Argentina es muy dif\u00edcil\u201d, hab\u00eda declarado. Finalmente, <strong>acept\u00f3 el desaf\u00edo de trabajar en un club con estructura y proyecci\u00f3n.<\/strong><\/p>\n<p>El debut ser\u00e1 este viernes a las 20 en el Mario Alberto Kempes, frente a San Lorenzo. T\u00e9vez tendr\u00e1 apenas dos entrenamientos para preparar el partido. La conducci\u00f3n institucional de Fassi se enfocar\u00e1 ahora en darle estabilidad al nuevo ciclo.<\/p>","protected":false},"excerpt":{"rendered":"<p>Carlos T\u00e9vez fue confirmado como nuevo entrenador de Talleres de C\u00f3rdoba y debutar\u00e1 este viernes ante San Lorenzo. Asume tras la sorpresiva renuncia de Diego [&hellip;]<\/p>\n","protected":false},"author":1,"featured_media":16313,"comment_status":"open","ping_status":"open","sticky":false,"template":"","format":"standard","meta":{"footnotes":""},"categories":[8],"tags":[],"class_list":["post-16312","post","type-post","status-publish","format-standard","has-post-thumbnail","hentry","category-deportes"],"better_featured_image":{"id":16313,"alt_text":"","caption":"","description":"","media_type":"image","media_details":{"width":1600,"height":1067,"file":"2025\/07\/384_1600_1067-4sbMDO.jpg","filesize":166158,"sizes":{"medium":{"file":"384_1600_1067-4sbMDO-300x200.jpg","width":300,"height":200,"mime-type":"image\/jpeg","filesize":18681,"source_url":"https:\/\/nuevodigitaldeescobar.com.ar\/wp-content\/uploads\/2025\/07\/384_1600_1067-4sbMDO-300x200.jpg"},"large":{"file":"384_1600_1067-4sbMDO-1024x683.jpg","width":1024,"height":683,"mime-type":"image\/jpeg","filesize":126116,"source_url":"https:\/\/nuevodigitaldeescobar.com.ar\/wp-content\/uploads\/2025\/07\/384_1600_1067-4sbMDO-1024x683.jpg"},"thumbnail":{"file":"384_1600_1067-4sbMDO-150x150.jpg","width":150,"height":150,"mime-type":"image\/jpeg","filesize":8680,"source_url":"https:\/\/nuevodigitaldeescobar.com.ar\/wp-content\/uploads\/2025\/07\/384_1600_1067-4sbMDO-150x150.jpg"},"medium_large":{"file":"384_1600_1067-4sbMDO-768x512.jpg","width":768,"height":512,"mime-type":"image\/jpeg","filesize":80508,"source_url":"https:\/\/nuevodigitaldeescobar.com.ar\/wp-content\/uploads\/2025\/07\/384_1600_1067-4sbMDO-768x512.jpg"},"1536x1536":{"file":"384_1600_1067-4sbMDO-1536x1024.jpg","width":1536,"height":1024,"mime-type":"image\/jpeg","filesize":230604,"source_url":"https:\/\/nuevodigitaldeescobar.com.ar\/wp-content\/uploads\/2025\/07\/384_1600_1067-4sbMDO-1536x1024.jpg"}},"image_meta":{"aperture":"0","credit":"","camera":"","caption":"","created_timestamp":"0","copyright":"","focal_length":"0","iso":"0","shutter_speed":"0","title":"","orientation":"0","keywords":[]}},"post":16312,"source_url":"https:\/\/nuevodigitaldeescobar.com.ar\/wp-content\/uploads\/2025\/07\/384_1600_1067-4sbMDO.jpg"},"yoast_head":"<!-- This site is optimized with the Yoast SEO plugin v26.1.1 - https:\/\/yoast.com\/wordpress\/plugins\/seo\/ -->\n<title>Talleres eligi\u00f3 a Carlos T\u00e9vez como nuevo DT - Nuevo Digital de Escobar<\/title>\n<meta name=\"robots\" content=\"index, follow, max-snippet:-1, max-image-preview:large, max-video-preview:-1\" \/>\n<link rel=\"canonical\" href=\"https:\/\/nuevodigitaldeescobar.com.ar\/?p=16312\" \/>\n<meta property=\"og:locale\" content=\"es_ES\" \/>\n<meta property=\"og:type\" content=\"article\" \/>\n<meta property=\"og:title\" content=\"Talleres eligi\u00f3 a Carlos T\u00e9vez como nuevo DT - Nuevo Digital de Escobar\" \/>\n<meta property=\"og:description\" content=\"Carlos T\u00e9vez fue confirmado como nuevo entrenador de Talleres de C\u00f3rdoba y debutar\u00e1 este viernes ante San Lorenzo. Asume tras la sorpresiva renuncia de Diego [&hellip;]\" \/>\n<meta property=\"og:url\" content=\"https:\/\/nuevodigitaldeescobar.com.ar\/?p=16312\" \/>\n<meta property=\"og:site_name\" content=\"Nuevo Digital de Escobar\" \/>\n<meta property=\"article:publisher\" content=\"https:\/\/www.facebook.com\/NUEVODigitalDeEscobar\" \/>\n<meta property=\"article:published_time\" content=\"2025-07-08T23:20:24+00:00\" \/>\n<meta property=\"og:image\" content=\"https:\/\/derechadiario.com.ar\/filesedc\/uploads\/image\/post\/2025\/07\/386_1200_800.webp\" \/>\n<meta name=\"author\" content=\"Redacci\u00f3n\" \/>\n<meta name=\"twitter:card\" content=\"summary_large_image\" \/>\n<meta name=\"twitter:creator\" content=\"@nuevodigescobar\" \/>\n<meta name=\"twitter:site\" content=\"@nuevodigescobar\" \/>\n<meta name=\"twitter:label1\" content=\"Escrito por\" \/>\n\t<meta name=\"twitter:data1\" content=\"Redacci\u00f3n\" \/>\n\t<meta name=\"twitter:label2\" content=\"Tiempo de lectura\" \/>\n\t<meta name=\"twitter:data2\" content=\"2 minutos\" \/>\n<script type=\"application\/ld+json\" class=\"yoast-schema-graph\">{\"@context\":\"https:\/\/schema.org\",\"@graph\":[{\"@type\":\"Article\",\"@id\":\"https:\/\/nuevodigitaldeescobar.com.ar\/?p=16312#article\",\"isPartOf\":{\"@id\":\"https:\/\/nuevodigitaldeescobar.com.ar\/?p=16312\"},\"author\":{\"name\":\"Redacci\u00f3n\",\"@id\":\"https:\/\/nuevodigitaldeescobar.com.ar\/#\/schema\/person\/035e90a8efe9a80e6eec22656ad6ea4c\"},\"headline\":\"Talleres eligi\u00f3 a Carlos T\u00e9vez como nuevo DT\",\"datePublished\":\"2025-07-08T23:20:24+00:00\",\"mainEntityOfPage\":{\"@id\":\"https:\/\/nuevodigitaldeescobar.com.ar\/?p=16312\"},\"wordCount\":450,\"commentCount\":0,\"publisher\":{\"@id\":\"https:\/\/nuevodigitaldeescobar.com.ar\/#organization\"},\"image\":{\"@id\":\"https:\/\/nuevodigitaldeescobar.com.ar\/?p=16312#primaryimage\"},\"thumbnailUrl\":\"https:\/\/nuevodigitaldeescobar.com.ar\/wp-content\/uploads\/2025\/07\/384_1600_1067-4sbMDO.jpg\",\"articleSection\":[\"Deportes\"],\"inLanguage\":\"es\",\"potentialAction\":[{\"@type\":\"CommentAction\",\"name\":\"Comment\",\"target\":[\"https:\/\/nuevodigitaldeescobar.com.ar\/?p=16312#respond\"]}]},{\"@type\":\"WebPage\",\"@id\":\"https:\/\/nuevodigitaldeescobar.com.ar\/?p=16312\",\"url\":\"https:\/\/nuevodigitaldeescobar.com.ar\/?p=16312\",\"name\":\"Talleres eligi\u00f3 a Carlos T\u00e9vez como nuevo DT - Nuevo Digital de Escobar\",\"isPartOf\":{\"@id\":\"https:\/\/nuevodigitaldeescobar.com.ar\/#website\"},\"primaryImageOfPage\":{\"@id\":\"https:\/\/nuevodigitaldeescobar.com.ar\/?p=16312#primaryimage\"},\"image\":{\"@id\":\"https:\/\/nuevodigitaldeescobar.com.ar\/?p=16312#primaryimage\"},\"thumbnailUrl\":\"https:\/\/nuevodigitaldeescobar.com.ar\/wp-content\/uploads\/2025\/07\/384_1600_1067-4sbMDO.jpg\",\"datePublished\":\"2025-07-08T23:20:24+00:00\",\"breadcrumb\":{\"@id\":\"https:\/\/nuevodigitaldeescobar.com.ar\/?p=16312#breadcrumb\"},\"inLanguage\":\"es\",\"potentialAction\":[{\"@type\":\"ReadAction\",\"target\":[\"https:\/\/nuevodigitaldeescobar.com.ar\/?p=16312\"]}]},{\"@type\":\"ImageObject\",\"inLanguage\":\"es\",\"@id\":\"https:\/\/nuevodigitaldeescobar.com.ar\/?p=16312#primaryimage\",\"url\":\"https:\/\/nuevodigitaldeescobar.com.ar\/wp-content\/uploads\/2025\/07\/384_1600_1067-4sbMDO.jpg\",\"contentUrl\":\"https:\/\/nuevodigitaldeescobar.com.ar\/wp-content\/uploads\/2025\/07\/384_1600_1067-4sbMDO.jpg\",\"width\":1600,\"height\":1067},{\"@type\":\"BreadcrumbList\",\"@id\":\"https:\/\/nuevodigitaldeescobar.com.ar\/?p=16312#breadcrumb\",\"itemListElement\":[{\"@type\":\"ListItem\",\"position\":1,\"name\":\"Portada\",\"item\":\"https:\/\/nuevodigitaldeescobar.com.ar\/\"},{\"@type\":\"ListItem\",\"position\":2,\"name\":\"Talleres eligi\u00f3 a Carlos T\u00e9vez como nuevo DT\"}]},{\"@type\":\"WebSite\",\"@id\":\"https:\/\/nuevodigitaldeescobar.com.ar\/#website\",\"url\":\"https:\/\/nuevodigitaldeescobar.com.ar\/\",\"name\":\"Nuevo Digital de Escobar\",\"description\":\"La vida escobarense. Directora: Rosana Brunner\",\"publisher\":{\"@id\":\"https:\/\/nuevodigitaldeescobar.com.ar\/#organization\"},\"potentialAction\":[{\"@type\":\"SearchAction\",\"target\":{\"@type\":\"EntryPoint\",\"urlTemplate\":\"https:\/\/nuevodigitaldeescobar.com.ar\/?s={search_term_string}\"},\"query-input\":{\"@type\":\"PropertyValueSpecification\",\"valueRequired\":true,\"valueName\":\"search_term_string\"}}],\"inLanguage\":\"es\"},{\"@type\":\"Organization\",\"@id\":\"https:\/\/nuevodigitaldeescobar.com.ar\/#organization\",\"name\":\"Nuevo Digital de Escobar\",\"url\":\"https:\/\/nuevodigitaldeescobar.com.ar\/\",\"logo\":{\"@type\":\"ImageObject\",\"inLanguage\":\"es\",\"@id\":\"https:\/\/nuevodigitaldeescobar.com.ar\/#\/schema\/logo\/image\/\",\"url\":\"https:\/\/nuevodigitaldeescobar.com.ar\/wp-content\/uploads\/2025\/05\/cropped-logo-nuevo2.jpg\",\"contentUrl\":\"https:\/\/nuevodigitaldeescobar.com.ar\/wp-content\/uploads\/2025\/05\/cropped-logo-nuevo2.jpg\",\"width\":305,\"height\":305,\"caption\":\"Nuevo Digital de Escobar\"},\"image\":{\"@id\":\"https:\/\/nuevodigitaldeescobar.com.ar\/#\/schema\/logo\/image\/\"},\"sameAs\":[\"https:\/\/www.facebook.com\/NUEVODigitalDeEscobar\",\"https:\/\/x.com\/nuevodigescobar\",\"https:\/\/www.instagram.com\/nuevodigitaldeescobar\"]},{\"@type\":\"Person\",\"@id\":\"https:\/\/nuevodigitaldeescobar.com.ar\/#\/schema\/person\/035e90a8efe9a80e6eec22656ad6ea4c\",\"name\":\"Redacci\u00f3n\",\"image\":{\"@type\":\"ImageObject\",\"inLanguage\":\"es\",\"@id\":\"https:\/\/nuevodigitaldeescobar.com.ar\/#\/schema\/person\/image\/\",\"url\":\"https:\/\/secure.gravatar.com\/avatar\/8af8f40000c24e9eef3034f2be5998a372bb1389e64b1a4a36b3a7979142220d?s=96&d=mm&r=g\",\"contentUrl\":\"https:\/\/secure.gravatar.com\/avatar\/8af8f40000c24e9eef3034f2be5998a372bb1389e64b1a4a36b3a7979142220d?s=96&d=mm&r=g\",\"caption\":\"Redacci\u00f3n\"},\"sameAs\":[\"http:\/\/nuevodigitaldeescobar.com.ar\"],\"url\":\"https:\/\/nuevodigitaldeescobar.com.ar\/?author=1\"}]}<\/script>\n<!-- \/ Yoast SEO plugin. -->","yoast_head_json":{"title":"Talleres eligi\u00f3 a Carlos T\u00e9vez como nuevo DT - Nuevo Digital de Escobar","robots":{"index":"index","follow":"follow","max-snippet":"max-snippet:-1","max-image-preview":"max-image-preview:large","max-video-preview":"max-video-preview:-1"},"canonical":"https:\/\/nuevodigitaldeescobar.com.ar\/?p=16312","og_locale":"es_ES","og_type":"article","og_title":"Talleres eligi\u00f3 a Carlos T\u00e9vez como nuevo DT - Nuevo Digital de Escobar","og_description":"Carlos T\u00e9vez fue confirmado como nuevo entrenador de Talleres de C\u00f3rdoba y debutar\u00e1 este viernes ante San Lorenzo. Asume tras la sorpresiva renuncia de Diego [&hellip;]","og_url":"https:\/\/nuevodigitaldeescobar.com.ar\/?p=16312","og_site_name":"Nuevo Digital de Escobar","article_publisher":"https:\/\/www.facebook.com\/NUEVODigitalDeEscobar","article_published_time":"2025-07-08T23:20:24+00:00","og_image":[{"url":"https:\/\/derechadiario.com.ar\/filesedc\/uploads\/image\/post\/2025\/07\/386_1200_800.webp","type":"","width":"","height":""}],"author":"Redacci\u00f3n","twitter_card":"summary_large_image","twitter_creator":"@nuevodigescobar","twitter_site":"@nuevodigescobar","twitter_misc":{"Escrito por":"Redacci\u00f3n","Tiempo de lectura":"2 minutos"},"schema":{"@context":"https:\/\/schema.org","@graph":[{"@type":"Article","@id":"https:\/\/nuevodigitaldeescobar.com.ar\/?p=16312#article","isPartOf":{"@id":"https:\/\/nuevodigitaldeescobar.com.ar\/?p=16312"},"author":{"name":"Redacci\u00f3n","@id":"https:\/\/nuevodigitaldeescobar.com.ar\/#\/schema\/person\/035e90a8efe9a80e6eec22656ad6ea4c"},"headline":"Talleres eligi\u00f3 a Carlos T\u00e9vez como nuevo DT","datePublished":"2025-07-08T23:20:24+00:00","mainEntityOfPage":{"@id":"https:\/\/nuevodigitaldeescobar.com.ar\/?p=16312"},"wordCount":450,"commentCount":0,"publisher":{"@id":"https:\/\/nuevodigitaldeescobar.com.ar\/#organization"},"image":{"@id":"https:\/\/nuevodigitaldeescobar.com.ar\/?p=16312#primaryimage"},"thumbnailUrl":"https:\/\/nuevodigitaldeescobar.com.ar\/wp-content\/uploads\/2025\/07\/384_1600_1067-4sbMDO.jpg","articleSection":["Deportes"],"inLanguage":"es","potentialAction":[{"@type":"CommentAction","name":"Comment","target":["https:\/\/nuevodigitaldeescobar.com.ar\/?p=16312#respond"]}]},{"@type":"WebPage","@id":"https:\/\/nuevodigitaldeescobar.com.ar\/?p=16312","url":"https:\/\/nuevodigitaldeescobar.com.ar\/?p=16312","name":"Talleres eligi\u00f3 a Carlos T\u00e9vez como nuevo DT - Nuevo Digital de Escobar","isPartOf":{"@id":"https:\/\/nuevodigitaldeescobar.com.ar\/#website"},"primaryImageOfPage":{"@id":"https:\/\/nuevodigitaldeescobar.com.ar\/?p=16312#primaryimage"},"image":{"@id":"https:\/\/nuevodigitaldeescobar.com.ar\/?p=16312#primaryimage"},"thumbnailUrl":"https:\/\/nuevodigitaldeescobar.com.ar\/wp-content\/uploads\/2025\/07\/384_1600_1067-4sbMDO.jpg","datePublished":"2025-07-08T23:20:24+00:00","breadcrumb":{"@id":"https:\/\/nuevodigitaldeescobar.com.ar\/?p=16312#breadcrumb"},"inLanguage":"es","potentialAction":[{"@type":"ReadAction","target":["https:\/\/nuevodigitaldeescobar.com.ar\/?p=16312"]}]},{"@type":"ImageObject","inLanguage":"es","@id":"https:\/\/nuevodigitaldeescobar.com.ar\/?p=16312#primaryimage","url":"https:\/\/nuevodigitaldeescobar.com.ar\/wp-content\/uploads\/2025\/07\/384_1600_1067-4sbMDO.jpg","contentUrl":"https:\/\/nuevodigitaldeescobar.com.ar\/wp-content\/uploads\/2025\/07\/384_1600_1067-4sbMDO.jpg","width":1600,"height":1067},{"@type":"BreadcrumbList","@id":"https:\/\/nuevodigitaldeescobar.com.ar\/?p=16312#breadcrumb","itemListElement":[{"@type":"ListItem","position":1,"name":"Portada","item":"https:\/\/nuevodigitaldeescobar.com.ar\/"},{"@type":"ListItem","position":2,"name":"Talleres eligi\u00f3 a Carlos T\u00e9vez como nuevo DT"}]},{"@type":"WebSite","@id":"https:\/\/nuevodigitaldeescobar.com.ar\/#website","url":"https:\/\/nuevodigitaldeescobar.com.ar\/","name":"Nuevo Digital de Escobar","description":"La vida escobarense. Directora: Rosana Brunner","publisher":{"@id":"https:\/\/nuevodigitaldeescobar.com.ar\/#organization"},"potentialAction":[{"@type":"SearchAction","target":{"@type":"EntryPoint","urlTemplate":"https:\/\/nuevodigitaldeescobar.com.ar\/?s={search_term_string}"},"query-input":{"@type":"PropertyValueSpecification","valueRequired":true,"valueName":"search_term_string"}}],"inLanguage":"es"},{"@type":"Organization","@id":"https:\/\/nuevodigitaldeescobar.com.ar\/#organization","name":"Nuevo Digital de Escobar","url":"https:\/\/nuevodigitaldeescobar.com.ar\/","logo":{"@type":"ImageObject","inLanguage":"es","@id":"https:\/\/nuevodigitaldeescobar.com.ar\/#\/schema\/logo\/image\/","url":"https:\/\/nuevodigitaldeescobar.com.ar\/wp-content\/uploads\/2025\/05\/cropped-logo-nuevo2.jpg","contentUrl":"https:\/\/nuevodigitaldeescobar.com.ar\/wp-content\/uploads\/2025\/05\/cropped-logo-nuevo2.jpg","width":305,"height":305,"caption":"Nuevo Digital de Escobar"},"image":{"@id":"https:\/\/nuevodigitaldeescobar.com.ar\/#\/schema\/logo\/image\/"},"sameAs":["https:\/\/www.facebook.com\/NUEVODigitalDeEscobar","https:\/\/x.com\/nuevodigescobar","https:\/\/www.instagram.com\/nuevodigitaldeescobar"]},{"@type":"Person","@id":"https:\/\/nuevodigitaldeescobar.com.ar\/#\/schema\/person\/035e90a8efe9a80e6eec22656ad6ea4c","name":"Redacci\u00f3n","image":{"@type":"ImageObject","inLanguage":"es","@id":"https:\/\/nuevodigitaldeescobar.com.ar\/#\/schema\/person\/image\/","url":"https:\/\/secure.gravatar.com\/avatar\/8af8f40000c24e9eef3034f2be5998a372bb1389e64b1a4a36b3a7979142220d?s=96&d=mm&r=g","contentUrl":"https:\/\/secure.gravatar.com\/avatar\/8af8f40000c24e9eef3034f2be5998a372bb1389e64b1a4a36b3a7979142220d?s=96&d=mm&r=g","caption":"Redacci\u00f3n"},"sameAs":["http:\/\/nuevodigitaldeescobar.com.ar"],"url":"https:\/\/nuevodigitaldeescobar.com.ar\/?author=1"}]}},"featured_image_urls":{"full":["https:\/\/nuevodigitaldeescobar.com.ar\/wp-content\/uploads\/2025\/07\/384_1600_1067-4sbMDO.jpg",1600,1067,false],"thumbnail":["https:\/\/nuevodigitaldeescobar.com.ar\/wp-content\/uploads\/2025\/07\/384_1600_1067-4sbMDO-150x150.jpg",150,150,true],"medium":["https:\/\/nuevodigitaldeescobar.com.ar\/wp-content\/uploads\/2025\/07\/384_1600_1067-4sbMDO-300x200.jpg",300,200,true],"medium_large":["https:\/\/nuevodigitaldeescobar.com.ar\/wp-content\/uploads\/2025\/07\/384_1600_1067-4sbMDO-768x512.jpg",640,427,true],"large":["https:\/\/nuevodigitaldeescobar.com.ar\/wp-content\/uploads\/2025\/07\/384_1600_1067-4sbMDO-1024x683.jpg",640,427,true],"1536x1536":["https:\/\/nuevodigitaldeescobar.com.ar\/wp-content\/uploads\/2025\/07\/384_1600_1067-4sbMDO-1536x1024.jpg",1536,1024,true],"2048x2048":["https:\/\/nuevodigitaldeescobar.com.ar\/wp-content\/uploads\/2025\/07\/384_1600_1067-4sbMDO.jpg",1600,1067,false]},"author_info":{"display_name":"Redacci\u00f3n","author_link":"https:\/\/nuevodigitaldeescobar.com.ar\/?author=1"},"category_info":"<a href=\"https:\/\/nuevodigitaldeescobar.com.ar\/?cat=8\" rel=\"category\">Deportes<\/a>","tag_info":"Deportes","comment_count":"0","_links":{"self":[{"href":"https:\/\/nuevodigitaldeescobar.com.ar\/index.php?rest_route=\/wp\/v2\/posts\/16312","targetHints":{"allow":["GET"]}}],"collection":[{"href":"https:\/\/nuevodigitaldeescobar.com.ar\/index.php?rest_route=\/wp\/v2\/posts"}],"about":[{"href":"https:\/\/nuevodigitaldeescobar.com.ar\/index.php?rest_route=\/wp\/v2\/types\/post"}],"author":[{"embeddable":true,"href":"https:\/\/nuevodigitaldeescobar.com.ar\/index.php?rest_route=\/wp\/v2\/users\/1"}],"replies":[{"embeddable":true,"href":"https:\/\/nuevodigitaldeescobar.com.ar\/index.php?rest_route=%2Fwp%2Fv2%2Fcomments&post=16312"}],"version-history":[{"count":0,"href":"https:\/\/nuevodigitaldeescobar.com.ar\/index.php?rest_route=\/wp\/v2\/posts\/16312\/revisions"}],"wp:featuredmedia":[{"embeddable":true,"href":"https:\/\/nuevodigitaldeescobar.com.ar\/index.php?rest_route=\/wp\/v2\/media\/16313"}],"wp:attachment":[{"href":"https:\/\/nuevodigitaldeescobar.com.ar\/index.php?rest_route=%2Fwp%2Fv2%2Fmedia&parent=16312"}],"wp:term":[{"taxonomy":"category","embeddable":true,"href":"https:\/\/nuevodigitaldeescobar.com.ar\/index.php?rest_route=%2Fwp%2Fv2%2Fcategories&post=16312"},{"taxonomy":"post_tag","embeddable":true,"href":"https:\/\/nuevodigitaldeescobar.com.ar\/index.php?rest_route=%2Fwp%2Fv2%2Ftags&post=16312"}],"curies":[{"name":"wp","href":"https:\/\/api.w.org\/{rel}","templated":true}]}}