{"id":16317,"date":"2025-07-09T01:21:47","date_gmt":"2025-07-09T04:21:47","guid":{"rendered":"https:\/\/nuevodigitaldeescobar.com.ar\/?p=16317"},"modified":"2025-07-09T01:22:18","modified_gmt":"2025-07-09T04:22:18","slug":"fuerte-reconfiguracion-politica-en-provincia-libertarios-y-peronistas-cierran-alianzas-de-cara-al-7-de-septiembre","status":"publish","type":"post","link":"https:\/\/nuevodigitaldeescobar.com.ar\/?p=16317","title":{"rendered":"Fuerte reconfiguraci\u00f3n pol\u00edtica en Provincia: libertarios y peronistas cierran alianzas de cara al 7 de septiembre"},"content":{"rendered":"\n<p class=\"has-vivid-cyan-blue-color has-text-color has-link-color wp-elements-cc01dcd80494b722706cdd65deb38ecf\"><strong><em>En las \u00faltimas 48 horas, las principales fuerzas pol\u00edticas de la provincia de Buenos Aires aceleraron las negociaciones para presentar sus frentes electorales antes del vencimiento del plazo legal. Tanto La Libertad Avanza junto al PRO, como el peronismo liderado por Axel Kicillof, Sergio Massa y M\u00e1ximo Kirchner, definieron acuerdos clave de cara al cierre de listas del 19 de julio.<\/em><\/strong><\/p>\n\n\n\n<!--more-->\n\n\n\n<p><strong>Del lado libertario<\/strong>, los equipos de Sebasti\u00e1n Pareja (LLA) y Cristian Ritondo (PRO) mantuvieron reuniones intensas para sellar una coalici\u00f3n que ser\u00e1 presentada formalmente este mi\u00e9rcoles ante la Justicia Electoral. El armado contempla tambi\u00e9n al Partido Dem\u00f3crata y a numerosos partidos vecinales como adherentes.<\/p>\n\n\n\n<p>Aunque el frente llevar\u00e1 el nombre y sello de <em>La Libertad Avanza<\/em>, el PRO acept\u00f3 integrarse bajo el color violeta. Se pact\u00f3 que los intendentes del PRO conservar\u00e1n el control en sus distritos y que la integraci\u00f3n de listas ser\u00e1 negociada distrito por distrito. Karina Milei tendr\u00e1 la \u00faltima palabra en la definici\u00f3n de candidaturas.<\/p>\n\n\n\n<p>Entre los nombres en disputa, figuran Diego Santilli, que busca encabezar en la Primera Secci\u00f3n, y Diego Valenzuela, intendente de Tres de Febrero. Desde el espacio libertario aseguran que buscan mostrar un mapa <em>\u201cpintado de violeta\u201d<\/em>, aun si no logran la mayor\u00eda de votos a nivel total.<\/p>\n\n\n\n<p><strong>Mientras tanto, en La Plata<\/strong>, el gobernador Axel Kicillof, Sergio Massa y M\u00e1ximo Kirchner mantuvieron un encuentro clave para afinar la creaci\u00f3n de un frente \u00fanico peronista. Aunque reina el hermetismo, se confirm\u00f3 que habr\u00e1 un reglamento com\u00fan y que cada decisi\u00f3n se tomar\u00e1 con un sistema de <em>\u201capoderados cruzados\u201d<\/em>, para garantizar equilibrio entre las distintas corrientes internas: kirchnerismo, massismo y el Movimiento Derecho al Futuro.<\/p>\n\n\n\n<p>El frente incluir\u00e1 al PJ, el Frente Renovador, Nuevo Encuentro, Kolina, Unidad Popular y otras agrupaciones distritales. A\u00fan se trabaja en c\u00f3mo se definir\u00e1n las candidaturas, pero el objetivo es lograr listas \u00fanicas en las ocho secciones electorales.<\/p>\n\n\n\n<p>En ese marco, Kicillof comenz\u00f3 a marcar terreno en modo campa\u00f1a. <em>\u201cLo que tenemos que decidir es si queremos una Provincia con m\u00e1s salud, m\u00e1s educaci\u00f3n, m\u00e1s producci\u00f3n, o si queremos que todo se derrumbe\u201d<\/em>, expres\u00f3 el gobernador desde Pilar.<\/p>\n\n\n\n<p>Mientras tanto, persiste una inquietud com\u00fan a todos los espacios: la decisi\u00f3n de la Junta Electoral de autorizar boletas con fotos de hasta dos candidatos y en colores, lo que podr\u00eda beneficiar a LLA, que competir\u00e1 con boleta violeta.<\/p>\n","protected":false},"excerpt":{"rendered":"<p>En las \u00faltimas 48 horas, las principales fuerzas pol\u00edticas de la provincia de Buenos Aires aceleraron las negociaciones para presentar sus frentes electorales antes del [&hellip;]<\/p>\n","protected":false},"author":1,"featured_media":16318,"comment_status":"open","ping_status":"open","sticky":false,"template":"","format":"standard","meta":{"footnotes":""},"categories":[6],"tags":[],"class_list":["post-16317","post","type-post","status-publish","format-standard","has-post-thumbnail","hentry","category-politica"],"better_featured_image":{"id":16318,"alt_text":"","caption":"","description":"","media_type":"image","media_details":{"width":733,"height":567,"file":"2025\/07\/rearmepolitico3.png","filesize":1011330,"sizes":{"medium":{"file":"rearmepolitico3-300x232.png","width":300,"height":232,"mime-type":"image\/png","filesize":57505,"source_url":"https:\/\/nuevodigitaldeescobar.com.ar\/wp-content\/uploads\/2025\/07\/rearmepolitico3-300x232.png"},"thumbnail":{"file":"rearmepolitico3-150x150.png","width":150,"height":150,"mime-type":"image\/png","filesize":21256,"source_url":"https:\/\/nuevodigitaldeescobar.com.ar\/wp-content\/uploads\/2025\/07\/rearmepolitico3-150x150.png"}},"image_meta":{"aperture":"0","credit":"","camera":"","caption":"","created_timestamp":"0","copyright":"","focal_length":"0","iso":"0","shutter_speed":"0","title":"","orientation":"0","keywords":[]}},"post":16317,"source_url":"https:\/\/nuevodigitaldeescobar.com.ar\/wp-content\/uploads\/2025\/07\/rearmepolitico3.png"},"yoast_head":"<!-- This site is optimized with the Yoast SEO plugin v26.1.1 - https:\/\/yoast.com\/wordpress\/plugins\/seo\/ -->\n<title>Fuerte reconfiguraci\u00f3n pol\u00edtica en Provincia: libertarios y peronistas cierran alianzas de cara al 7 de septiembre - Nuevo Digital de Escobar<\/title>\n<meta name=\"robots\" content=\"index, follow, max-snippet:-1, max-image-preview:large, max-video-preview:-1\" \/>\n<link rel=\"canonical\" href=\"https:\/\/nuevodigitaldeescobar.com.ar\/?p=16317\" \/>\n<meta property=\"og:locale\" content=\"es_ES\" \/>\n<meta property=\"og:type\" content=\"article\" \/>\n<meta property=\"og:title\" content=\"Fuerte reconfiguraci\u00f3n pol\u00edtica en Provincia: libertarios y peronistas cierran alianzas de cara al 7 de septiembre - Nuevo Digital de Escobar\" \/>\n<meta property=\"og:description\" content=\"En las \u00faltimas 48 horas, las principales fuerzas pol\u00edticas de la provincia de Buenos Aires aceleraron las negociaciones para presentar sus frentes electorales antes del [&hellip;]\" \/>\n<meta property=\"og:url\" content=\"https:\/\/nuevodigitaldeescobar.com.ar\/?p=16317\" \/>\n<meta property=\"og:site_name\" content=\"Nuevo Digital de Escobar\" \/>\n<meta property=\"article:publisher\" content=\"https:\/\/www.facebook.com\/NUEVODigitalDeEscobar\" \/>\n<meta property=\"article:published_time\" content=\"2025-07-09T04:21:47+00:00\" \/>\n<meta property=\"article:modified_time\" content=\"2025-07-09T04:22:18+00:00\" \/>\n<meta property=\"og:image\" content=\"http:\/\/nuevodigitaldeescobar.com.ar\/wp-content\/uploads\/2025\/07\/rearmepolitico3.png\" \/>\n\t<meta property=\"og:image:width\" content=\"733\" \/>\n\t<meta property=\"og:image:height\" content=\"567\" \/>\n\t<meta property=\"og:image:type\" content=\"image\/png\" \/>\n<meta name=\"author\" content=\"Redacci\u00f3n\" \/>\n<meta name=\"twitter:card\" content=\"summary_large_image\" \/>\n<meta name=\"twitter:creator\" content=\"@nuevodigescobar\" \/>\n<meta name=\"twitter:site\" content=\"@nuevodigescobar\" \/>\n<meta name=\"twitter:label1\" content=\"Escrito por\" \/>\n\t<meta name=\"twitter:data1\" content=\"Redacci\u00f3n\" \/>\n\t<meta name=\"twitter:label2\" content=\"Tiempo de lectura\" \/>\n\t<meta name=\"twitter:data2\" content=\"2 minutos\" \/>\n<script type=\"application\/ld+json\" class=\"yoast-schema-graph\">{\"@context\":\"https:\/\/schema.org\",\"@graph\":[{\"@type\":\"Article\",\"@id\":\"https:\/\/nuevodigitaldeescobar.com.ar\/?p=16317#article\",\"isPartOf\":{\"@id\":\"https:\/\/nuevodigitaldeescobar.com.ar\/?p=16317\"},\"author\":{\"name\":\"Redacci\u00f3n\",\"@id\":\"https:\/\/nuevodigitaldeescobar.com.ar\/#\/schema\/person\/035e90a8efe9a80e6eec22656ad6ea4c\"},\"headline\":\"Fuerte reconfiguraci\u00f3n pol\u00edtica en Provincia: libertarios y peronistas cierran alianzas de cara al 7 de septiembre\",\"datePublished\":\"2025-07-09T04:21:47+00:00\",\"dateModified\":\"2025-07-09T04:22:18+00:00\",\"mainEntityOfPage\":{\"@id\":\"https:\/\/nuevodigitaldeescobar.com.ar\/?p=16317\"},\"wordCount\":433,\"commentCount\":0,\"publisher\":{\"@id\":\"https:\/\/nuevodigitaldeescobar.com.ar\/#organization\"},\"image\":{\"@id\":\"https:\/\/nuevodigitaldeescobar.com.ar\/?p=16317#primaryimage\"},\"thumbnailUrl\":\"https:\/\/nuevodigitaldeescobar.com.ar\/wp-content\/uploads\/2025\/07\/rearmepolitico3.png\",\"articleSection\":[\"Pol\u00edtica\"],\"inLanguage\":\"es\",\"potentialAction\":[{\"@type\":\"CommentAction\",\"name\":\"Comment\",\"target\":[\"https:\/\/nuevodigitaldeescobar.com.ar\/?p=16317#respond\"]}]},{\"@type\":\"WebPage\",\"@id\":\"https:\/\/nuevodigitaldeescobar.com.ar\/?p=16317\",\"url\":\"https:\/\/nuevodigitaldeescobar.com.ar\/?p=16317\",\"name\":\"Fuerte reconfiguraci\u00f3n pol\u00edtica en Provincia: libertarios y peronistas cierran alianzas de cara al 7 de septiembre - Nuevo Digital de Escobar\",\"isPartOf\":{\"@id\":\"https:\/\/nuevodigitaldeescobar.com.ar\/#website\"},\"primaryImageOfPage\":{\"@id\":\"https:\/\/nuevodigitaldeescobar.com.ar\/?p=16317#primaryimage\"},\"image\":{\"@id\":\"https:\/\/nuevodigitaldeescobar.com.ar\/?p=16317#primaryimage\"},\"thumbnailUrl\":\"https:\/\/nuevodigitaldeescobar.com.ar\/wp-content\/uploads\/2025\/07\/rearmepolitico3.png\",\"datePublished\":\"2025-07-09T04:21:47+00:00\",\"dateModified\":\"2025-07-09T04:22:18+00:00\",\"breadcrumb\":{\"@id\":\"https:\/\/nuevodigitaldeescobar.com.ar\/?p=16317#breadcrumb\"},\"inLanguage\":\"es\",\"potentialAction\":[{\"@type\":\"ReadAction\",\"target\":[\"https:\/\/nuevodigitaldeescobar.com.ar\/?p=16317\"]}]},{\"@type\":\"ImageObject\",\"inLanguage\":\"es\",\"@id\":\"https:\/\/nuevodigitaldeescobar.com.ar\/?p=16317#primaryimage\",\"url\":\"https:\/\/nuevodigitaldeescobar.com.ar\/wp-content\/uploads\/2025\/07\/rearmepolitico3.png\",\"contentUrl\":\"https:\/\/nuevodigitaldeescobar.com.ar\/wp-content\/uploads\/2025\/07\/rearmepolitico3.png\",\"width\":733,\"height\":567},{\"@type\":\"BreadcrumbList\",\"@id\":\"https:\/\/nuevodigitaldeescobar.com.ar\/?p=16317#breadcrumb\",\"itemListElement\":[{\"@type\":\"ListItem\",\"position\":1,\"name\":\"Portada\",\"item\":\"https:\/\/nuevodigitaldeescobar.com.ar\/\"},{\"@type\":\"ListItem\",\"position\":2,\"name\":\"Fuerte reconfiguraci\u00f3n pol\u00edtica en Provincia: libertarios y peronistas cierran alianzas de cara al 7 de septiembre\"}]},{\"@type\":\"WebSite\",\"@id\":\"https:\/\/nuevodigitaldeescobar.com.ar\/#website\",\"url\":\"https:\/\/nuevodigitaldeescobar.com.ar\/\",\"name\":\"Nuevo Digital de Escobar\",\"description\":\"La vida escobarense. Directora: Rosana Brunner\",\"publisher\":{\"@id\":\"https:\/\/nuevodigitaldeescobar.com.ar\/#organization\"},\"potentialAction\":[{\"@type\":\"SearchAction\",\"target\":{\"@type\":\"EntryPoint\",\"urlTemplate\":\"https:\/\/nuevodigitaldeescobar.com.ar\/?s={search_term_string}\"},\"query-input\":{\"@type\":\"PropertyValueSpecification\",\"valueRequired\":true,\"valueName\":\"search_term_string\"}}],\"inLanguage\":\"es\"},{\"@type\":\"Organization\",\"@id\":\"https:\/\/nuevodigitaldeescobar.com.ar\/#organization\",\"name\":\"Nuevo Digital de Escobar\",\"url\":\"https:\/\/nuevodigitaldeescobar.com.ar\/\",\"logo\":{\"@type\":\"ImageObject\",\"inLanguage\":\"es\",\"@id\":\"https:\/\/nuevodigitaldeescobar.com.ar\/#\/schema\/logo\/image\/\",\"url\":\"https:\/\/nuevodigitaldeescobar.com.ar\/wp-content\/uploads\/2025\/05\/cropped-logo-nuevo2.jpg\",\"contentUrl\":\"https:\/\/nuevodigitaldeescobar.com.ar\/wp-content\/uploads\/2025\/05\/cropped-logo-nuevo2.jpg\",\"width\":305,\"height\":305,\"caption\":\"Nuevo Digital de Escobar\"},\"image\":{\"@id\":\"https:\/\/nuevodigitaldeescobar.com.ar\/#\/schema\/logo\/image\/\"},\"sameAs\":[\"https:\/\/www.facebook.com\/NUEVODigitalDeEscobar\",\"https:\/\/x.com\/nuevodigescobar\",\"https:\/\/www.instagram.com\/nuevodigitaldeescobar\"]},{\"@type\":\"Person\",\"@id\":\"https:\/\/nuevodigitaldeescobar.com.ar\/#\/schema\/person\/035e90a8efe9a80e6eec22656ad6ea4c\",\"name\":\"Redacci\u00f3n\",\"image\":{\"@type\":\"ImageObject\",\"inLanguage\":\"es\",\"@id\":\"https:\/\/nuevodigitaldeescobar.com.ar\/#\/schema\/person\/image\/\",\"url\":\"https:\/\/secure.gravatar.com\/avatar\/8af8f40000c24e9eef3034f2be5998a372bb1389e64b1a4a36b3a7979142220d?s=96&d=mm&r=g\",\"contentUrl\":\"https:\/\/secure.gravatar.com\/avatar\/8af8f40000c24e9eef3034f2be5998a372bb1389e64b1a4a36b3a7979142220d?s=96&d=mm&r=g\",\"caption\":\"Redacci\u00f3n\"},\"sameAs\":[\"http:\/\/nuevodigitaldeescobar.com.ar\"],\"url\":\"https:\/\/nuevodigitaldeescobar.com.ar\/?author=1\"}]}<\/script>\n<!-- \/ Yoast SEO plugin. -->","yoast_head_json":{"title":"Fuerte reconfiguraci\u00f3n pol\u00edtica en Provincia: libertarios y peronistas cierran alianzas de cara al 7 de septiembre - Nuevo Digital de Escobar","robots":{"index":"index","follow":"follow","max-snippet":"max-snippet:-1","max-image-preview":"max-image-preview:large","max-video-preview":"max-video-preview:-1"},"canonical":"https:\/\/nuevodigitaldeescobar.com.ar\/?p=16317","og_locale":"es_ES","og_type":"article","og_title":"Fuerte reconfiguraci\u00f3n pol\u00edtica en Provincia: libertarios y peronistas cierran alianzas de cara al 7 de septiembre - Nuevo Digital de Escobar","og_description":"En las \u00faltimas 48 horas, las principales fuerzas pol\u00edticas de la provincia de Buenos Aires aceleraron las negociaciones para presentar sus frentes electorales antes del [&hellip;]","og_url":"https:\/\/nuevodigitaldeescobar.com.ar\/?p=16317","og_site_name":"Nuevo Digital de Escobar","article_publisher":"https:\/\/www.facebook.com\/NUEVODigitalDeEscobar","article_published_time":"2025-07-09T04:21:47+00:00","article_modified_time":"2025-07-09T04:22:18+00:00","og_image":[{"width":733,"height":567,"url":"http:\/\/nuevodigitaldeescobar.com.ar\/wp-content\/uploads\/2025\/07\/rearmepolitico3.png","type":"image\/png"}],"author":"Redacci\u00f3n","twitter_card":"summary_large_image","twitter_creator":"@nuevodigescobar","twitter_site":"@nuevodigescobar","twitter_misc":{"Escrito por":"Redacci\u00f3n","Tiempo de lectura":"2 minutos"},"schema":{"@context":"https:\/\/schema.org","@graph":[{"@type":"Article","@id":"https:\/\/nuevodigitaldeescobar.com.ar\/?p=16317#article","isPartOf":{"@id":"https:\/\/nuevodigitaldeescobar.com.ar\/?p=16317"},"author":{"name":"Redacci\u00f3n","@id":"https:\/\/nuevodigitaldeescobar.com.ar\/#\/schema\/person\/035e90a8efe9a80e6eec22656ad6ea4c"},"headline":"Fuerte reconfiguraci\u00f3n pol\u00edtica en Provincia: libertarios y peronistas cierran alianzas de cara al 7 de septiembre","datePublished":"2025-07-09T04:21:47+00:00","dateModified":"2025-07-09T04:22:18+00:00","mainEntityOfPage":{"@id":"https:\/\/nuevodigitaldeescobar.com.ar\/?p=16317"},"wordCount":433,"commentCount":0,"publisher":{"@id":"https:\/\/nuevodigitaldeescobar.com.ar\/#organization"},"image":{"@id":"https:\/\/nuevodigitaldeescobar.com.ar\/?p=16317#primaryimage"},"thumbnailUrl":"https:\/\/nuevodigitaldeescobar.com.ar\/wp-content\/uploads\/2025\/07\/rearmepolitico3.png","articleSection":["Pol\u00edtica"],"inLanguage":"es","potentialAction":[{"@type":"CommentAction","name":"Comment","target":["https:\/\/nuevodigitaldeescobar.com.ar\/?p=16317#respond"]}]},{"@type":"WebPage","@id":"https:\/\/nuevodigitaldeescobar.com.ar\/?p=16317","url":"https:\/\/nuevodigitaldeescobar.com.ar\/?p=16317","name":"Fuerte reconfiguraci\u00f3n pol\u00edtica en Provincia: libertarios y peronistas cierran alianzas de cara al 7 de septiembre - Nuevo Digital de Escobar","isPartOf":{"@id":"https:\/\/nuevodigitaldeescobar.com.ar\/#website"},"primaryImageOfPage":{"@id":"https:\/\/nuevodigitaldeescobar.com.ar\/?p=16317#primaryimage"},"image":{"@id":"https:\/\/nuevodigitaldeescobar.com.ar\/?p=16317#primaryimage"},"thumbnailUrl":"https:\/\/nuevodigitaldeescobar.com.ar\/wp-content\/uploads\/2025\/07\/rearmepolitico3.png","datePublished":"2025-07-09T04:21:47+00:00","dateModified":"2025-07-09T04:22:18+00:00","breadcrumb":{"@id":"https:\/\/nuevodigitaldeescobar.com.ar\/?p=16317#breadcrumb"},"inLanguage":"es","potentialAction":[{"@type":"ReadAction","target":["https:\/\/nuevodigitaldeescobar.com.ar\/?p=16317"]}]},{"@type":"ImageObject","inLanguage":"es","@id":"https:\/\/nuevodigitaldeescobar.com.ar\/?p=16317#primaryimage","url":"https:\/\/nuevodigitaldeescobar.com.ar\/wp-content\/uploads\/2025\/07\/rearmepolitico3.png","contentUrl":"https:\/\/nuevodigitaldeescobar.com.ar\/wp-content\/uploads\/2025\/07\/rearmepolitico3.png","width":733,"height":567},{"@type":"BreadcrumbList","@id":"https:\/\/nuevodigitaldeescobar.com.ar\/?p=16317#breadcrumb","itemListElement":[{"@type":"ListItem","position":1,"name":"Portada","item":"https:\/\/nuevodigitaldeescobar.com.ar\/"},{"@type":"ListItem","position":2,"name":"Fuerte reconfiguraci\u00f3n pol\u00edtica en Provincia: libertarios y peronistas cierran alianzas de cara al 7 de septiembre"}]},{"@type":"WebSite","@id":"https:\/\/nuevodigitaldeescobar.com.ar\/#website","url":"https:\/\/nuevodigitaldeescobar.com.ar\/","name":"Nuevo Digital de Escobar","description":"La vida escobarense. Directora: Rosana Brunner","publisher":{"@id":"https:\/\/nuevodigitaldeescobar.com.ar\/#organization"},"potentialAction":[{"@type":"SearchAction","target":{"@type":"EntryPoint","urlTemplate":"https:\/\/nuevodigitaldeescobar.com.ar\/?s={search_term_string}"},"query-input":{"@type":"PropertyValueSpecification","valueRequired":true,"valueName":"search_term_string"}}],"inLanguage":"es"},{"@type":"Organization","@id":"https:\/\/nuevodigitaldeescobar.com.ar\/#organization","name":"Nuevo Digital de Escobar","url":"https:\/\/nuevodigitaldeescobar.com.ar\/","logo":{"@type":"ImageObject","inLanguage":"es","@id":"https:\/\/nuevodigitaldeescobar.com.ar\/#\/schema\/logo\/image\/","url":"https:\/\/nuevodigitaldeescobar.com.ar\/wp-content\/uploads\/2025\/05\/cropped-logo-nuevo2.jpg","contentUrl":"https:\/\/nuevodigitaldeescobar.com.ar\/wp-content\/uploads\/2025\/05\/cropped-logo-nuevo2.jpg","width":305,"height":305,"caption":"Nuevo Digital de Escobar"},"image":{"@id":"https:\/\/nuevodigitaldeescobar.com.ar\/#\/schema\/logo\/image\/"},"sameAs":["https:\/\/www.facebook.com\/NUEVODigitalDeEscobar","https:\/\/x.com\/nuevodigescobar","https:\/\/www.instagram.com\/nuevodigitaldeescobar"]},{"@type":"Person","@id":"https:\/\/nuevodigitaldeescobar.com.ar\/#\/schema\/person\/035e90a8efe9a80e6eec22656ad6ea4c","name":"Redacci\u00f3n","image":{"@type":"ImageObject","inLanguage":"es","@id":"https:\/\/nuevodigitaldeescobar.com.ar\/#\/schema\/person\/image\/","url":"https:\/\/secure.gravatar.com\/avatar\/8af8f40000c24e9eef3034f2be5998a372bb1389e64b1a4a36b3a7979142220d?s=96&d=mm&r=g","contentUrl":"https:\/\/secure.gravatar.com\/avatar\/8af8f40000c24e9eef3034f2be5998a372bb1389e64b1a4a36b3a7979142220d?s=96&d=mm&r=g","caption":"Redacci\u00f3n"},"sameAs":["http:\/\/nuevodigitaldeescobar.com.ar"],"url":"https:\/\/nuevodigitaldeescobar.com.ar\/?author=1"}]}},"featured_image_urls":{"full":["https:\/\/nuevodigitaldeescobar.com.ar\/wp-content\/uploads\/2025\/07\/rearmepolitico3.png",733,567,false],"thumbnail":["https:\/\/nuevodigitaldeescobar.com.ar\/wp-content\/uploads\/2025\/07\/rearmepolitico3-150x150.png",150,150,true],"medium":["https:\/\/nuevodigitaldeescobar.com.ar\/wp-content\/uploads\/2025\/07\/rearmepolitico3-300x232.png",300,232,true],"medium_large":["https:\/\/nuevodigitaldeescobar.com.ar\/wp-content\/uploads\/2025\/07\/rearmepolitico3.png",640,495,false],"large":["https:\/\/nuevodigitaldeescobar.com.ar\/wp-content\/uploads\/2025\/07\/rearmepolitico3.png",640,495,false],"1536x1536":["https:\/\/nuevodigitaldeescobar.com.ar\/wp-content\/uploads\/2025\/07\/rearmepolitico3.png",733,567,false],"2048x2048":["https:\/\/nuevodigitaldeescobar.com.ar\/wp-content\/uploads\/2025\/07\/rearmepolitico3.png",733,567,false]},"author_info":{"display_name":"Redacci\u00f3n","author_link":"https:\/\/nuevodigitaldeescobar.com.ar\/?author=1"},"category_info":"<a href=\"https:\/\/nuevodigitaldeescobar.com.ar\/?cat=6\" rel=\"category\">Pol\u00edtica<\/a>","tag_info":"Pol\u00edtica","comment_count":"0","_links":{"self":[{"href":"https:\/\/nuevodigitaldeescobar.com.ar\/index.php?rest_route=\/wp\/v2\/posts\/16317","targetHints":{"allow":["GET"]}}],"collection":[{"href":"https:\/\/nuevodigitaldeescobar.com.ar\/index.php?rest_route=\/wp\/v2\/posts"}],"about":[{"href":"https:\/\/nuevodigitaldeescobar.com.ar\/index.php?rest_route=\/wp\/v2\/types\/post"}],"author":[{"embeddable":true,"href":"https:\/\/nuevodigitaldeescobar.com.ar\/index.php?rest_route=\/wp\/v2\/users\/1"}],"replies":[{"embeddable":true,"href":"https:\/\/nuevodigitaldeescobar.com.ar\/index.php?rest_route=%2Fwp%2Fv2%2Fcomments&post=16317"}],"version-history":[{"count":1,"href":"https:\/\/nuevodigitaldeescobar.com.ar\/index.php?rest_route=\/wp\/v2\/posts\/16317\/revisions"}],"predecessor-version":[{"id":16319,"href":"https:\/\/nuevodigitaldeescobar.com.ar\/index.php?rest_route=\/wp\/v2\/posts\/16317\/revisions\/16319"}],"wp:featuredmedia":[{"embeddable":true,"href":"https:\/\/nuevodigitaldeescobar.com.ar\/index.php?rest_route=\/wp\/v2\/media\/16318"}],"wp:attachment":[{"href":"https:\/\/nuevodigitaldeescobar.com.ar\/index.php?rest_route=%2Fwp%2Fv2%2Fmedia&parent=16317"}],"wp:term":[{"taxonomy":"category","embeddable":true,"href":"https:\/\/nuevodigitaldeescobar.com.ar\/index.php?rest_route=%2Fwp%2Fv2%2Fcategories&post=16317"},{"taxonomy":"post_tag","embeddable":true,"href":"https:\/\/nuevodigitaldeescobar.com.ar\/index.php?rest_route=%2Fwp%2Fv2%2Ftags&post=16317"}],"curies":[{"name":"wp","href":"https:\/\/api.w.org\/{rel}","templated":true}]}}