{"id":16372,"date":"2025-07-11T00:48:04","date_gmt":"2025-07-11T03:48:04","guid":{"rendered":"https:\/\/nuevodigitaldeescobar.com.ar\/?p=16372"},"modified":"2025-07-11T00:52:30","modified_gmt":"2025-07-11T03:52:30","slug":"procesaron-a-alberto-fernandez-por-presuntas-maniobras-con-contratos-de-seguros-lo-embargaron-por-mas-de-14-mil-millones-de-pesos","status":"publish","type":"post","link":"https:\/\/nuevodigitaldeescobar.com.ar\/?p=16372","title":{"rendered":"Procesaron a Alberto Fern\u00e1ndez por presuntas maniobras con contratos de seguros: lo embargaron por m\u00e1s de 14 mil millones de pesos"},"content":{"rendered":"\n<p class=\"has-vivid-cyan-blue-color has-text-color has-link-color wp-elements-0ae9a2396aab7990021e718e36a8e766\"><em><strong>El ex presidente Alberto Fern\u00e1ndez fue procesado este mi\u00e9rcoles por el juez federal Sebasti\u00e1n Casanello, acusado del delito de negociaciones incompatibles con la funci\u00f3n p\u00fablica, en el marco de la causa que investiga presuntas irregularidades en la contrataci\u00f3n de seguros durante su mandato. El magistrado tambi\u00e9n orden\u00f3 un embargo multimillonario sobre sus bienes, por un total de $14.634.220.283.<\/strong><\/em><\/p>\n\n\n\n<!--more-->\n\n\n\n<p>La causa, conocida como <em>\u201cSeguros\u201d<\/em>, gira en torno a un decreto firmado en 2021 (el 823\/21), que <strong>oblig\u00f3 a todos los ministerios y organismos estatales<\/strong> a contratar exclusivamente con Naci\u00f3n Seguros. La investigaci\u00f3n judicial sostiene que, detr\u00e1s de esa norma, <strong>hubo una estructura montada para favorecer a un grupo empresario vinculado al propio ex presidente<\/strong>.<\/p>\n\n\n\n<p>Uno de los nombres clave es <strong>H\u00e9ctor Mart\u00ednez Sosa<\/strong>, broker de seguros y amigo personal de Fern\u00e1ndez, quien tambi\u00e9n fue procesado junto a su pareja, <strong>Mar\u00eda Cantero<\/strong>, hist\u00f3rica secretaria privada del entonces jefe de Estado.<\/p>\n\n\n<div class=\"wp-block-image is-style-default\">\n<figure class=\"aligncenter size-full\"><img fetchpriority=\"high\" decoding=\"async\" width=\"991\" height=\"557\" src=\"https:\/\/nuevodigitaldeescobar.com.ar\/wp-content\/uploads\/2025\/07\/albertseguros27.png\" alt=\"\" class=\"wp-image-16374\" srcset=\"https:\/\/nuevodigitaldeescobar.com.ar\/wp-content\/uploads\/2025\/07\/albertseguros27.png 991w, https:\/\/nuevodigitaldeescobar.com.ar\/wp-content\/uploads\/2025\/07\/albertseguros27-300x169.png 300w, https:\/\/nuevodigitaldeescobar.com.ar\/wp-content\/uploads\/2025\/07\/albertseguros27-768x432.png 768w\" sizes=\"(max-width: 991px) 100vw, 991px\" \/><figcaption class=\"wp-element-caption\"><em>Fuente: Infobae<\/em><\/figcaption><\/figure><\/div>\n\n\n<p>Seg\u00fan el fallo, Cantero <strong>ocupaba un rol doble<\/strong>: por un lado, era funcionaria de m\u00e1xima confianza en Casa Rosada; por otro, realizaba gestiones para beneficiar a su pareja en contrataciones con el Estado. <em>\u201cEstaba claramente de los dos lados del mostrador\u201d<\/em>, afirm\u00f3 el juez.<\/p>\n\n\n\n<p>Durante el gobierno del Frente de Todos, <strong>la empresa de Mart\u00ednez Sosa acumul\u00f3 contratos con al menos 19 organismos estatales<\/strong>, cobrando casi <strong>$417 millones en comisiones<\/strong> solo entre 2019 y 2024. Entre los entes figuran Vialidad Nacional, Casa de la Moneda, Corredores Viales SA, el Fondo Nacional de las Artes e incluso la Corte Suprema.<\/p>\n\n\n\n<p>Pero eso no fue todo: seg\u00fan Casanello, Fern\u00e1ndez y Mart\u00ednez Sosa <strong>manten\u00edan v\u00ednculos financieros previos a la presidencia<\/strong>. La PROCELAC (Procuradur\u00eda especializada en lavado de activos) detect\u00f3 que entre 2010 y 2019, Fern\u00e1ndez le factur\u00f3 m\u00e1s de <strong>$4 millones<\/strong> al empresario, supuestamente por informes sobre coyuntura pol\u00edtica y econ\u00f3mica.<\/p>\n\n\n\n<p>La causa cuenta con abundante evidencia recolectada de los <strong>tel\u00e9fonos personales de los imputados<\/strong>, incluyendo chats entre Cantero y Mart\u00ednez Sosa que revelan el nivel de coordinaci\u00f3n y confianza entre ambos. En uno de esos mensajes, ella le asegura: <em>\u201cTen\u00e9s un amigo Presidente. Esto pasa una vez en la vida. Somos equipo, no necesitamos m\u00e1s que eso\u201d<\/em>.<\/p>\n\n\n\n<p>Tambi\u00e9n fueron procesados ex funcionarios de Naci\u00f3n Seguros, como <strong>Alberto Pagliano<\/strong> (ex titular del organismo), varios directores, y ex responsables del Fondo de Garant\u00eda de Sustentabilidad de la ANSES, quienes habr\u00edan facilitado las maniobras.<\/p>\n\n\n\n<p>Adem\u00e1s, el juez orden\u00f3 <strong>allanamientos simult\u00e1neos<\/strong> en diversas empresas de seguros y consultoras presuntamente involucradas en la maniobra, con el objetivo de seguir la pista del dinero y las conexiones.<\/p>\n\n\n\n<p>Casanello resolvi\u00f3 <strong>no dictar prisi\u00f3n preventiva<\/strong>, pero mantiene abiertas otras l\u00edneas de investigaci\u00f3n. El expediente podr\u00eda derivar en un juicio oral de alto impacto pol\u00edtico.<\/p>\n\n\n\n<p>Mientras tanto, Fern\u00e1ndez no hizo declaraciones p\u00fablicas, aunque sus allegados aseguran que se trata de una <em>\u201cpersecuci\u00f3n pol\u00edtica\u201d<\/em>. Desde la Justicia, en cambio, aseguran que se trat\u00f3 de una <em>\u201cestructura montada para enriquecer a un c\u00edrculo \u00edntimo con recursos del Estado\u201d<\/em>.<\/p>\n","protected":false},"excerpt":{"rendered":"<p>El ex presidente Alberto Fern\u00e1ndez fue procesado este mi\u00e9rcoles por el juez federal Sebasti\u00e1n Casanello, acusado del delito de negociaciones incompatibles con la funci\u00f3n p\u00fablica, [&hellip;]<\/p>\n","protected":false},"author":1,"featured_media":5793,"comment_status":"open","ping_status":"open","sticky":false,"template":"","format":"standard","meta":{"footnotes":""},"categories":[235],"tags":[],"class_list":["post-16372","post","type-post","status-publish","format-standard","has-post-thumbnail","hentry","category-judiciales"],"better_featured_image":{"id":5793,"alt_text":"","caption":"","description":"","media_type":"image","media_details":{"width":640,"height":358,"file":"2024\/05\/fernandez-alberto.jpg","filesize":28753,"sizes":{"medium":{"file":"fernandez-alberto-300x168.jpg","width":300,"height":168,"mime-type":"image\/jpeg","filesize":6723,"source_url":"https:\/\/nuevodigitaldeescobar.com.ar\/wp-content\/uploads\/2024\/05\/fernandez-alberto-300x168.jpg"},"thumbnail":{"file":"fernandez-alberto-150x150.jpg","width":150,"height":150,"mime-type":"image\/jpeg","filesize":4117,"source_url":"https:\/\/nuevodigitaldeescobar.com.ar\/wp-content\/uploads\/2024\/05\/fernandez-alberto-150x150.jpg"}},"image_meta":{"aperture":"0","credit":"","camera":"","caption":"","created_timestamp":"0","copyright":"","focal_length":"0","iso":"0","shutter_speed":"0","title":"","orientation":"0","keywords":[]}},"post":5792,"source_url":"https:\/\/nuevodigitaldeescobar.com.ar\/wp-content\/uploads\/2024\/05\/fernandez-alberto.jpg"},"yoast_head":"<!-- This site is optimized with the Yoast SEO plugin v26.1.1 - https:\/\/yoast.com\/wordpress\/plugins\/seo\/ -->\n<title>Procesaron a Alberto Fern\u00e1ndez por presuntas maniobras con contratos de seguros: lo embargaron por m\u00e1s de 14 mil millones de pesos - Nuevo Digital de Escobar<\/title>\n<meta name=\"robots\" content=\"index, follow, max-snippet:-1, max-image-preview:large, max-video-preview:-1\" \/>\n<link rel=\"canonical\" href=\"https:\/\/nuevodigitaldeescobar.com.ar\/?p=16372\" \/>\n<meta property=\"og:locale\" content=\"es_ES\" \/>\n<meta property=\"og:type\" content=\"article\" \/>\n<meta property=\"og:title\" content=\"Procesaron a Alberto Fern\u00e1ndez por presuntas maniobras con contratos de seguros: lo embargaron por m\u00e1s de 14 mil millones de pesos - Nuevo Digital de Escobar\" \/>\n<meta property=\"og:description\" content=\"El ex presidente Alberto Fern\u00e1ndez fue procesado este mi\u00e9rcoles por el juez federal Sebasti\u00e1n Casanello, acusado del delito de negociaciones incompatibles con la funci\u00f3n p\u00fablica, [&hellip;]\" \/>\n<meta property=\"og:url\" content=\"https:\/\/nuevodigitaldeescobar.com.ar\/?p=16372\" \/>\n<meta property=\"og:site_name\" content=\"Nuevo Digital de Escobar\" \/>\n<meta property=\"article:publisher\" content=\"https:\/\/www.facebook.com\/NUEVODigitalDeEscobar\" \/>\n<meta property=\"article:published_time\" content=\"2025-07-11T03:48:04+00:00\" \/>\n<meta property=\"article:modified_time\" content=\"2025-07-11T03:52:30+00:00\" \/>\n<meta property=\"og:image\" content=\"http:\/\/nuevodigitaldeescobar.com.ar\/wp-content\/uploads\/2024\/05\/fernandez-alberto.jpg\" \/>\n\t<meta property=\"og:image:width\" content=\"640\" \/>\n\t<meta property=\"og:image:height\" content=\"358\" \/>\n\t<meta property=\"og:image:type\" content=\"image\/jpeg\" \/>\n<meta name=\"author\" content=\"Redacci\u00f3n\" \/>\n<meta name=\"twitter:card\" content=\"summary_large_image\" \/>\n<meta name=\"twitter:creator\" content=\"@nuevodigescobar\" \/>\n<meta name=\"twitter:site\" content=\"@nuevodigescobar\" \/>\n<meta name=\"twitter:label1\" content=\"Escrito por\" \/>\n\t<meta name=\"twitter:data1\" content=\"Redacci\u00f3n\" \/>\n\t<meta name=\"twitter:label2\" content=\"Tiempo de lectura\" \/>\n\t<meta name=\"twitter:data2\" content=\"3 minutos\" \/>\n<script type=\"application\/ld+json\" class=\"yoast-schema-graph\">{\"@context\":\"https:\/\/schema.org\",\"@graph\":[{\"@type\":\"Article\",\"@id\":\"https:\/\/nuevodigitaldeescobar.com.ar\/?p=16372#article\",\"isPartOf\":{\"@id\":\"https:\/\/nuevodigitaldeescobar.com.ar\/?p=16372\"},\"author\":{\"name\":\"Redacci\u00f3n\",\"@id\":\"https:\/\/nuevodigitaldeescobar.com.ar\/#\/schema\/person\/035e90a8efe9a80e6eec22656ad6ea4c\"},\"headline\":\"Procesaron a Alberto Fern\u00e1ndez por presuntas maniobras con contratos de seguros: lo embargaron por m\u00e1s de 14 mil millones de pesos\",\"datePublished\":\"2025-07-11T03:48:04+00:00\",\"dateModified\":\"2025-07-11T03:52:30+00:00\",\"mainEntityOfPage\":{\"@id\":\"https:\/\/nuevodigitaldeescobar.com.ar\/?p=16372\"},\"wordCount\":547,\"commentCount\":0,\"publisher\":{\"@id\":\"https:\/\/nuevodigitaldeescobar.com.ar\/#organization\"},\"image\":{\"@id\":\"https:\/\/nuevodigitaldeescobar.com.ar\/?p=16372#primaryimage\"},\"thumbnailUrl\":\"https:\/\/nuevodigitaldeescobar.com.ar\/wp-content\/uploads\/2024\/05\/fernandez-alberto.jpg\",\"articleSection\":[\"Judiciales\"],\"inLanguage\":\"es\",\"potentialAction\":[{\"@type\":\"CommentAction\",\"name\":\"Comment\",\"target\":[\"https:\/\/nuevodigitaldeescobar.com.ar\/?p=16372#respond\"]}]},{\"@type\":\"WebPage\",\"@id\":\"https:\/\/nuevodigitaldeescobar.com.ar\/?p=16372\",\"url\":\"https:\/\/nuevodigitaldeescobar.com.ar\/?p=16372\",\"name\":\"Procesaron a Alberto Fern\u00e1ndez por presuntas maniobras con contratos de seguros: lo embargaron por m\u00e1s de 14 mil millones de pesos - Nuevo Digital de Escobar\",\"isPartOf\":{\"@id\":\"https:\/\/nuevodigitaldeescobar.com.ar\/#website\"},\"primaryImageOfPage\":{\"@id\":\"https:\/\/nuevodigitaldeescobar.com.ar\/?p=16372#primaryimage\"},\"image\":{\"@id\":\"https:\/\/nuevodigitaldeescobar.com.ar\/?p=16372#primaryimage\"},\"thumbnailUrl\":\"https:\/\/nuevodigitaldeescobar.com.ar\/wp-content\/uploads\/2024\/05\/fernandez-alberto.jpg\",\"datePublished\":\"2025-07-11T03:48:04+00:00\",\"dateModified\":\"2025-07-11T03:52:30+00:00\",\"breadcrumb\":{\"@id\":\"https:\/\/nuevodigitaldeescobar.com.ar\/?p=16372#breadcrumb\"},\"inLanguage\":\"es\",\"potentialAction\":[{\"@type\":\"ReadAction\",\"target\":[\"https:\/\/nuevodigitaldeescobar.com.ar\/?p=16372\"]}]},{\"@type\":\"ImageObject\",\"inLanguage\":\"es\",\"@id\":\"https:\/\/nuevodigitaldeescobar.com.ar\/?p=16372#primaryimage\",\"url\":\"https:\/\/nuevodigitaldeescobar.com.ar\/wp-content\/uploads\/2024\/05\/fernandez-alberto.jpg\",\"contentUrl\":\"https:\/\/nuevodigitaldeescobar.com.ar\/wp-content\/uploads\/2024\/05\/fernandez-alberto.jpg\",\"width\":640,\"height\":358},{\"@type\":\"BreadcrumbList\",\"@id\":\"https:\/\/nuevodigitaldeescobar.com.ar\/?p=16372#breadcrumb\",\"itemListElement\":[{\"@type\":\"ListItem\",\"position\":1,\"name\":\"Portada\",\"item\":\"https:\/\/nuevodigitaldeescobar.com.ar\/\"},{\"@type\":\"ListItem\",\"position\":2,\"name\":\"Procesaron a Alberto Fern\u00e1ndez por presuntas maniobras con contratos de seguros: lo embargaron por m\u00e1s de 14 mil millones de pesos\"}]},{\"@type\":\"WebSite\",\"@id\":\"https:\/\/nuevodigitaldeescobar.com.ar\/#website\",\"url\":\"https:\/\/nuevodigitaldeescobar.com.ar\/\",\"name\":\"Nuevo Digital de Escobar\",\"description\":\"La vida escobarense. Directora: Rosana Brunner\",\"publisher\":{\"@id\":\"https:\/\/nuevodigitaldeescobar.com.ar\/#organization\"},\"potentialAction\":[{\"@type\":\"SearchAction\",\"target\":{\"@type\":\"EntryPoint\",\"urlTemplate\":\"https:\/\/nuevodigitaldeescobar.com.ar\/?s={search_term_string}\"},\"query-input\":{\"@type\":\"PropertyValueSpecification\",\"valueRequired\":true,\"valueName\":\"search_term_string\"}}],\"inLanguage\":\"es\"},{\"@type\":\"Organization\",\"@id\":\"https:\/\/nuevodigitaldeescobar.com.ar\/#organization\",\"name\":\"Nuevo Digital de Escobar\",\"url\":\"https:\/\/nuevodigitaldeescobar.com.ar\/\",\"logo\":{\"@type\":\"ImageObject\",\"inLanguage\":\"es\",\"@id\":\"https:\/\/nuevodigitaldeescobar.com.ar\/#\/schema\/logo\/image\/\",\"url\":\"https:\/\/nuevodigitaldeescobar.com.ar\/wp-content\/uploads\/2025\/05\/cropped-logo-nuevo2.jpg\",\"contentUrl\":\"https:\/\/nuevodigitaldeescobar.com.ar\/wp-content\/uploads\/2025\/05\/cropped-logo-nuevo2.jpg\",\"width\":305,\"height\":305,\"caption\":\"Nuevo Digital de Escobar\"},\"image\":{\"@id\":\"https:\/\/nuevodigitaldeescobar.com.ar\/#\/schema\/logo\/image\/\"},\"sameAs\":[\"https:\/\/www.facebook.com\/NUEVODigitalDeEscobar\",\"https:\/\/x.com\/nuevodigescobar\",\"https:\/\/www.instagram.com\/nuevodigitaldeescobar\"]},{\"@type\":\"Person\",\"@id\":\"https:\/\/nuevodigitaldeescobar.com.ar\/#\/schema\/person\/035e90a8efe9a80e6eec22656ad6ea4c\",\"name\":\"Redacci\u00f3n\",\"image\":{\"@type\":\"ImageObject\",\"inLanguage\":\"es\",\"@id\":\"https:\/\/nuevodigitaldeescobar.com.ar\/#\/schema\/person\/image\/\",\"url\":\"https:\/\/secure.gravatar.com\/avatar\/8af8f40000c24e9eef3034f2be5998a372bb1389e64b1a4a36b3a7979142220d?s=96&d=mm&r=g\",\"contentUrl\":\"https:\/\/secure.gravatar.com\/avatar\/8af8f40000c24e9eef3034f2be5998a372bb1389e64b1a4a36b3a7979142220d?s=96&d=mm&r=g\",\"caption\":\"Redacci\u00f3n\"},\"sameAs\":[\"http:\/\/nuevodigitaldeescobar.com.ar\"],\"url\":\"https:\/\/nuevodigitaldeescobar.com.ar\/?author=1\"}]}<\/script>\n<!-- \/ Yoast SEO plugin. -->","yoast_head_json":{"title":"Procesaron a Alberto Fern\u00e1ndez por presuntas maniobras con contratos de seguros: lo embargaron por m\u00e1s de 14 mil millones de pesos - Nuevo Digital de Escobar","robots":{"index":"index","follow":"follow","max-snippet":"max-snippet:-1","max-image-preview":"max-image-preview:large","max-video-preview":"max-video-preview:-1"},"canonical":"https:\/\/nuevodigitaldeescobar.com.ar\/?p=16372","og_locale":"es_ES","og_type":"article","og_title":"Procesaron a Alberto Fern\u00e1ndez por presuntas maniobras con contratos de seguros: lo embargaron por m\u00e1s de 14 mil millones de pesos - Nuevo Digital de Escobar","og_description":"El ex presidente Alberto Fern\u00e1ndez fue procesado este mi\u00e9rcoles por el juez federal Sebasti\u00e1n Casanello, acusado del delito de negociaciones incompatibles con la funci\u00f3n p\u00fablica, [&hellip;]","og_url":"https:\/\/nuevodigitaldeescobar.com.ar\/?p=16372","og_site_name":"Nuevo Digital de Escobar","article_publisher":"https:\/\/www.facebook.com\/NUEVODigitalDeEscobar","article_published_time":"2025-07-11T03:48:04+00:00","article_modified_time":"2025-07-11T03:52:30+00:00","og_image":[{"width":640,"height":358,"url":"http:\/\/nuevodigitaldeescobar.com.ar\/wp-content\/uploads\/2024\/05\/fernandez-alberto.jpg","type":"image\/jpeg"}],"author":"Redacci\u00f3n","twitter_card":"summary_large_image","twitter_creator":"@nuevodigescobar","twitter_site":"@nuevodigescobar","twitter_misc":{"Escrito por":"Redacci\u00f3n","Tiempo de lectura":"3 minutos"},"schema":{"@context":"https:\/\/schema.org","@graph":[{"@type":"Article","@id":"https:\/\/nuevodigitaldeescobar.com.ar\/?p=16372#article","isPartOf":{"@id":"https:\/\/nuevodigitaldeescobar.com.ar\/?p=16372"},"author":{"name":"Redacci\u00f3n","@id":"https:\/\/nuevodigitaldeescobar.com.ar\/#\/schema\/person\/035e90a8efe9a80e6eec22656ad6ea4c"},"headline":"Procesaron a Alberto Fern\u00e1ndez por presuntas maniobras con contratos de seguros: lo embargaron por m\u00e1s de 14 mil millones de pesos","datePublished":"2025-07-11T03:48:04+00:00","dateModified":"2025-07-11T03:52:30+00:00","mainEntityOfPage":{"@id":"https:\/\/nuevodigitaldeescobar.com.ar\/?p=16372"},"wordCount":547,"commentCount":0,"publisher":{"@id":"https:\/\/nuevodigitaldeescobar.com.ar\/#organization"},"image":{"@id":"https:\/\/nuevodigitaldeescobar.com.ar\/?p=16372#primaryimage"},"thumbnailUrl":"https:\/\/nuevodigitaldeescobar.com.ar\/wp-content\/uploads\/2024\/05\/fernandez-alberto.jpg","articleSection":["Judiciales"],"inLanguage":"es","potentialAction":[{"@type":"CommentAction","name":"Comment","target":["https:\/\/nuevodigitaldeescobar.com.ar\/?p=16372#respond"]}]},{"@type":"WebPage","@id":"https:\/\/nuevodigitaldeescobar.com.ar\/?p=16372","url":"https:\/\/nuevodigitaldeescobar.com.ar\/?p=16372","name":"Procesaron a Alberto Fern\u00e1ndez por presuntas maniobras con contratos de seguros: lo embargaron por m\u00e1s de 14 mil millones de pesos - Nuevo Digital de Escobar","isPartOf":{"@id":"https:\/\/nuevodigitaldeescobar.com.ar\/#website"},"primaryImageOfPage":{"@id":"https:\/\/nuevodigitaldeescobar.com.ar\/?p=16372#primaryimage"},"image":{"@id":"https:\/\/nuevodigitaldeescobar.com.ar\/?p=16372#primaryimage"},"thumbnailUrl":"https:\/\/nuevodigitaldeescobar.com.ar\/wp-content\/uploads\/2024\/05\/fernandez-alberto.jpg","datePublished":"2025-07-11T03:48:04+00:00","dateModified":"2025-07-11T03:52:30+00:00","breadcrumb":{"@id":"https:\/\/nuevodigitaldeescobar.com.ar\/?p=16372#breadcrumb"},"inLanguage":"es","potentialAction":[{"@type":"ReadAction","target":["https:\/\/nuevodigitaldeescobar.com.ar\/?p=16372"]}]},{"@type":"ImageObject","inLanguage":"es","@id":"https:\/\/nuevodigitaldeescobar.com.ar\/?p=16372#primaryimage","url":"https:\/\/nuevodigitaldeescobar.com.ar\/wp-content\/uploads\/2024\/05\/fernandez-alberto.jpg","contentUrl":"https:\/\/nuevodigitaldeescobar.com.ar\/wp-content\/uploads\/2024\/05\/fernandez-alberto.jpg","width":640,"height":358},{"@type":"BreadcrumbList","@id":"https:\/\/nuevodigitaldeescobar.com.ar\/?p=16372#breadcrumb","itemListElement":[{"@type":"ListItem","position":1,"name":"Portada","item":"https:\/\/nuevodigitaldeescobar.com.ar\/"},{"@type":"ListItem","position":2,"name":"Procesaron a Alberto Fern\u00e1ndez por presuntas maniobras con contratos de seguros: lo embargaron por m\u00e1s de 14 mil millones de pesos"}]},{"@type":"WebSite","@id":"https:\/\/nuevodigitaldeescobar.com.ar\/#website","url":"https:\/\/nuevodigitaldeescobar.com.ar\/","name":"Nuevo Digital de Escobar","description":"La vida escobarense. Directora: Rosana Brunner","publisher":{"@id":"https:\/\/nuevodigitaldeescobar.com.ar\/#organization"},"potentialAction":[{"@type":"SearchAction","target":{"@type":"EntryPoint","urlTemplate":"https:\/\/nuevodigitaldeescobar.com.ar\/?s={search_term_string}"},"query-input":{"@type":"PropertyValueSpecification","valueRequired":true,"valueName":"search_term_string"}}],"inLanguage":"es"},{"@type":"Organization","@id":"https:\/\/nuevodigitaldeescobar.com.ar\/#organization","name":"Nuevo Digital de Escobar","url":"https:\/\/nuevodigitaldeescobar.com.ar\/","logo":{"@type":"ImageObject","inLanguage":"es","@id":"https:\/\/nuevodigitaldeescobar.com.ar\/#\/schema\/logo\/image\/","url":"https:\/\/nuevodigitaldeescobar.com.ar\/wp-content\/uploads\/2025\/05\/cropped-logo-nuevo2.jpg","contentUrl":"https:\/\/nuevodigitaldeescobar.com.ar\/wp-content\/uploads\/2025\/05\/cropped-logo-nuevo2.jpg","width":305,"height":305,"caption":"Nuevo Digital de Escobar"},"image":{"@id":"https:\/\/nuevodigitaldeescobar.com.ar\/#\/schema\/logo\/image\/"},"sameAs":["https:\/\/www.facebook.com\/NUEVODigitalDeEscobar","https:\/\/x.com\/nuevodigescobar","https:\/\/www.instagram.com\/nuevodigitaldeescobar"]},{"@type":"Person","@id":"https:\/\/nuevodigitaldeescobar.com.ar\/#\/schema\/person\/035e90a8efe9a80e6eec22656ad6ea4c","name":"Redacci\u00f3n","image":{"@type":"ImageObject","inLanguage":"es","@id":"https:\/\/nuevodigitaldeescobar.com.ar\/#\/schema\/person\/image\/","url":"https:\/\/secure.gravatar.com\/avatar\/8af8f40000c24e9eef3034f2be5998a372bb1389e64b1a4a36b3a7979142220d?s=96&d=mm&r=g","contentUrl":"https:\/\/secure.gravatar.com\/avatar\/8af8f40000c24e9eef3034f2be5998a372bb1389e64b1a4a36b3a7979142220d?s=96&d=mm&r=g","caption":"Redacci\u00f3n"},"sameAs":["http:\/\/nuevodigitaldeescobar.com.ar"],"url":"https:\/\/nuevodigitaldeescobar.com.ar\/?author=1"}]}},"featured_image_urls":{"full":["https:\/\/nuevodigitaldeescobar.com.ar\/wp-content\/uploads\/2024\/05\/fernandez-alberto.jpg",640,358,false],"thumbnail":["https:\/\/nuevodigitaldeescobar.com.ar\/wp-content\/uploads\/2024\/05\/fernandez-alberto-150x150.jpg",150,150,true],"medium":["https:\/\/nuevodigitaldeescobar.com.ar\/wp-content\/uploads\/2024\/05\/fernandez-alberto-300x168.jpg",300,168,true],"medium_large":["https:\/\/nuevodigitaldeescobar.com.ar\/wp-content\/uploads\/2024\/05\/fernandez-alberto.jpg",640,358,false],"large":["https:\/\/nuevodigitaldeescobar.com.ar\/wp-content\/uploads\/2024\/05\/fernandez-alberto.jpg",640,358,false],"1536x1536":["https:\/\/nuevodigitaldeescobar.com.ar\/wp-content\/uploads\/2024\/05\/fernandez-alberto.jpg",640,358,false],"2048x2048":["https:\/\/nuevodigitaldeescobar.com.ar\/wp-content\/uploads\/2024\/05\/fernandez-alberto.jpg",640,358,false]},"author_info":{"display_name":"Redacci\u00f3n","author_link":"https:\/\/nuevodigitaldeescobar.com.ar\/?author=1"},"category_info":"<a href=\"https:\/\/nuevodigitaldeescobar.com.ar\/?cat=235\" rel=\"category\">Judiciales<\/a>","tag_info":"Judiciales","comment_count":"0","_links":{"self":[{"href":"https:\/\/nuevodigitaldeescobar.com.ar\/index.php?rest_route=\/wp\/v2\/posts\/16372","targetHints":{"allow":["GET"]}}],"collection":[{"href":"https:\/\/nuevodigitaldeescobar.com.ar\/index.php?rest_route=\/wp\/v2\/posts"}],"about":[{"href":"https:\/\/nuevodigitaldeescobar.com.ar\/index.php?rest_route=\/wp\/v2\/types\/post"}],"author":[{"embeddable":true,"href":"https:\/\/nuevodigitaldeescobar.com.ar\/index.php?rest_route=\/wp\/v2\/users\/1"}],"replies":[{"embeddable":true,"href":"https:\/\/nuevodigitaldeescobar.com.ar\/index.php?rest_route=%2Fwp%2Fv2%2Fcomments&post=16372"}],"version-history":[{"count":2,"href":"https:\/\/nuevodigitaldeescobar.com.ar\/index.php?rest_route=\/wp\/v2\/posts\/16372\/revisions"}],"predecessor-version":[{"id":16376,"href":"https:\/\/nuevodigitaldeescobar.com.ar\/index.php?rest_route=\/wp\/v2\/posts\/16372\/revisions\/16376"}],"wp:featuredmedia":[{"embeddable":true,"href":"https:\/\/nuevodigitaldeescobar.com.ar\/index.php?rest_route=\/wp\/v2\/media\/5793"}],"wp:attachment":[{"href":"https:\/\/nuevodigitaldeescobar.com.ar\/index.php?rest_route=%2Fwp%2Fv2%2Fmedia&parent=16372"}],"wp:term":[{"taxonomy":"category","embeddable":true,"href":"https:\/\/nuevodigitaldeescobar.com.ar\/index.php?rest_route=%2Fwp%2Fv2%2Fcategories&post=16372"},{"taxonomy":"post_tag","embeddable":true,"href":"https:\/\/nuevodigitaldeescobar.com.ar\/index.php?rest_route=%2Fwp%2Fv2%2Ftags&post=16372"}],"curies":[{"name":"wp","href":"https:\/\/api.w.org\/{rel}","templated":true}]}}