{"id":16401,"date":"2025-07-13T05:55:00","date_gmt":"2025-07-13T08:55:00","guid":{"rendered":"https:\/\/nuevodigitaldeescobar.com.ar\/?p=16401"},"modified":"2025-07-13T00:58:59","modified_gmt":"2025-07-13T03:58:59","slug":"se-viene-una-ciclogenesis-advierten-por-tormentas-fuertes-en-escobar-y-alrededores","status":"publish","type":"post","link":"https:\/\/nuevodigitaldeescobar.com.ar\/?p=16401","title":{"rendered":"Se viene una ciclog\u00e9nesis: advierten por tormentas fuertes en Escobar y alrededores"},"content":{"rendered":"\n<p class=\"has-vivid-cyan-blue-color has-text-color has-link-color wp-elements-e037b38665e8909848dc999a84d3da7c\"><strong><em>Tras un fin de semana templado que record\u00f3 al inicio de la primavera, se espera un cambio brusco en las condiciones meteorol\u00f3gicas que podr\u00eda impactar de lleno en el partido de Escobar y buena parte del AMBA. Especialistas alertan por la formaci\u00f3n de una ciclog\u00e9nesis, un fen\u00f3meno poco frecuente en esta \u00e9poca del a\u00f1o que podr\u00eda traer fuertes lluvias, viento y tormentas el\u00e9ctricas entre el martes 15 y el mi\u00e9rcoles 16 de julio.<\/em><\/strong><\/p>\n\n\n\n<!--more-->\n\n\n\n<p>El fen\u00f3meno fue anticipado por el sitio especializado <em>Meteored<\/em>, que se\u00f1al\u00f3 que la inestabilidad comenzar\u00eda a notarse a partir del martes por la tarde, cuando el ingreso de aire templado y h\u00famedo desde el Litoral genere condiciones propicias para tormentas intensas. Las r\u00e1fagas de viento y las lluvias podr\u00edan intensificarse durante la noche y continuar hasta el mediod\u00eda del mi\u00e9rcoles.<\/p>\n\n\n\n<h3 class=\"wp-block-heading has-text-color has-link-color wp-elements-60277f2668208555403d4214b76e8450\" style=\"color:#0936bc\"><em>\u00bfQu\u00e9 es una ciclog\u00e9nesis y por qu\u00e9 nos afecta?<\/em><\/h3>\n\n\n\n<p>La <em>ciclog\u00e9nesis<\/em> es el proceso mediante el cual se forma un sistema de baja presi\u00f3n intenso, similar a una borrasca. En nuestra regi\u00f3n, puede derivar en tormentas severas, lluvias generalizadas, actividad el\u00e9ctrica y viento fuerte. Seg\u00fan los modelos clim\u00e1ticos europeos, el centro de este sistema se formar\u00eda entre el sur del Litoral y Uruguay, con influencia directa en el noreste de Buenos Aires, incluyendo Escobar, Tigre, Pilar, San Miguel y toda la zona norte del conurbano.<\/p>\n\n\n\n<p>Adem\u00e1s de la lluvia, el fen\u00f3meno podr\u00eda implicar un cambio abrupto en las temperaturas, rotaci\u00f3n del viento al sector sur y un marcado descenso t\u00e9rmico.<\/p>\n\n\n\n<h3 class=\"wp-block-heading has-text-color has-link-color wp-elements-17e93fb144eefc0d4808aaaa4966dd52\" style=\"color:#0936bc\"><em>Escenario local: qu\u00e9 esperar en Escobar<\/em><\/h3>\n\n\n\n<p>En Escobar, los efectos podr\u00edan sentirse especialmente durante la noche del martes, con r\u00e1fagas de viento, lluvias intensas y posibles anegamientos en zonas vulnerables. Se espera una gran amplitud t\u00e9rmica: temperaturas suaves durante el d\u00eda y un descenso marcado hacia la noche.<\/p>\n\n\n\n<p>Desde el municipio y los organismos de Defensa Civil se recomienda a la poblaci\u00f3n extremar los cuidados y estar atentos a los avisos del Servicio Meteorol\u00f3gico Nacional. Tambi\u00e9n es fundamental evitar salir durante el momento de mayor intensidad, asegurar objetos sueltos en balcones o jardines, y no refugiarse debajo de \u00e1rboles o postes.<\/p>\n\n\n\n<h3 class=\"wp-block-heading has-text-color has-link-color wp-elements-dad321bf1aa17b184416085df5fd28a3\" style=\"color:#0936bc\"><em>Recomendaciones ante la alerta<\/em><\/h3>\n\n\n\n<ul class=\"wp-block-list\">\n<li><strong>Evitar actividades al aire libre durante la tormenta<\/strong><\/li>\n\n\n\n<li><strong>Asegurar elementos sueltos que puedan volarse<\/strong><\/li>\n\n\n\n<li><strong>No refugiarse bajo \u00e1rboles ni estructuras met\u00e1licas<\/strong><\/li>\n\n\n\n<li><strong>Tener preparada una mochila de emergencia<\/strong> con linterna, celular cargado, botiqu\u00edn b\u00e1sico y documentaci\u00f3n<\/li>\n\n\n\n<li><strong>Seguir los canales oficiales de informaci\u00f3n del SMN y Defensa Civil Escobar<\/strong><\/li>\n\n\n\n<li><strong>Circular solo si es indispensable<\/strong> y evitar zonas con riesgo de anegamiento<\/li>\n<\/ul>\n\n\n\n<p>Si bien todav\u00eda restan ajustes a los modelos, todo indica que el fen\u00f3meno se desarrollar\u00e1 entre el martes 15 y el mi\u00e9rcoles 16 de julio. Desde <em>El Nuevo Digital de Escobar<\/em> recomendamos mantenerse atentos y priorizar la prevenci\u00f3n.<br>Porque cuando el clima habla fuerte, el cuidado empieza en casa.<\/p>\n","protected":false},"excerpt":{"rendered":"<p>Tras un fin de semana templado que record\u00f3 al inicio de la primavera, se espera un cambio brusco en las condiciones meteorol\u00f3gicas que podr\u00eda impactar [&hellip;]<\/p>\n","protected":false},"author":1,"featured_media":16402,"comment_status":"open","ping_status":"open","sticky":false,"template":"","format":"standard","meta":{"footnotes":""},"categories":[14],"tags":[],"class_list":["post-16401","post","type-post","status-publish","format-standard","has-post-thumbnail","hentry","category-clima-medioambiente-y-sostenibilidad"],"better_featured_image":{"id":16402,"alt_text":"","caption":"","description":"","media_type":"image","media_details":{"width":966,"height":519,"file":"2025\/07\/tiempo223.png","filesize":786671,"sizes":{"medium":{"file":"tiempo223-300x161.png","width":300,"height":161,"mime-type":"image\/png","filesize":38427,"source_url":"https:\/\/nuevodigitaldeescobar.com.ar\/wp-content\/uploads\/2025\/07\/tiempo223-300x161.png"},"thumbnail":{"file":"tiempo223-150x150.png","width":150,"height":150,"mime-type":"image\/png","filesize":19632,"source_url":"https:\/\/nuevodigitaldeescobar.com.ar\/wp-content\/uploads\/2025\/07\/tiempo223-150x150.png"},"medium_large":{"file":"tiempo223-768x413.png","width":768,"height":413,"mime-type":"image\/png","filesize":207374,"source_url":"https:\/\/nuevodigitaldeescobar.com.ar\/wp-content\/uploads\/2025\/07\/tiempo223-768x413.png"}},"image_meta":{"aperture":"0","credit":"","camera":"","caption":"","created_timestamp":"0","copyright":"","focal_length":"0","iso":"0","shutter_speed":"0","title":"","orientation":"0","keywords":[]}},"post":16401,"source_url":"https:\/\/nuevodigitaldeescobar.com.ar\/wp-content\/uploads\/2025\/07\/tiempo223.png"},"yoast_head":"<!-- This site is optimized with the Yoast SEO plugin v26.1.1 - https:\/\/yoast.com\/wordpress\/plugins\/seo\/ -->\n<title>Se viene una ciclog\u00e9nesis: advierten por tormentas fuertes en Escobar y alrededores - Nuevo Digital de Escobar<\/title>\n<meta name=\"robots\" content=\"index, follow, max-snippet:-1, max-image-preview:large, max-video-preview:-1\" \/>\n<link rel=\"canonical\" href=\"https:\/\/nuevodigitaldeescobar.com.ar\/?p=16401\" \/>\n<meta property=\"og:locale\" content=\"es_ES\" \/>\n<meta property=\"og:type\" content=\"article\" \/>\n<meta property=\"og:title\" content=\"Se viene una ciclog\u00e9nesis: advierten por tormentas fuertes en Escobar y alrededores - Nuevo Digital de Escobar\" \/>\n<meta property=\"og:description\" content=\"Tras un fin de semana templado que record\u00f3 al inicio de la primavera, se espera un cambio brusco en las condiciones meteorol\u00f3gicas que podr\u00eda impactar [&hellip;]\" \/>\n<meta property=\"og:url\" content=\"https:\/\/nuevodigitaldeescobar.com.ar\/?p=16401\" \/>\n<meta property=\"og:site_name\" content=\"Nuevo Digital de Escobar\" \/>\n<meta property=\"article:publisher\" content=\"https:\/\/www.facebook.com\/NUEVODigitalDeEscobar\" \/>\n<meta property=\"article:published_time\" content=\"2025-07-13T08:55:00+00:00\" \/>\n<meta property=\"og:image\" content=\"https:\/\/nuevodigitaldeescobar.com.ar\/wp-content\/uploads\/2025\/07\/tiempo223.png\" \/>\n\t<meta property=\"og:image:width\" content=\"966\" \/>\n\t<meta property=\"og:image:height\" content=\"519\" \/>\n\t<meta property=\"og:image:type\" content=\"image\/png\" \/>\n<meta name=\"author\" content=\"Redacci\u00f3n\" \/>\n<meta name=\"twitter:card\" content=\"summary_large_image\" \/>\n<meta name=\"twitter:creator\" content=\"@nuevodigescobar\" \/>\n<meta name=\"twitter:site\" content=\"@nuevodigescobar\" \/>\n<meta name=\"twitter:label1\" content=\"Escrito por\" \/>\n\t<meta name=\"twitter:data1\" content=\"Redacci\u00f3n\" \/>\n\t<meta name=\"twitter:label2\" content=\"Tiempo de lectura\" \/>\n\t<meta name=\"twitter:data2\" content=\"3 minutos\" \/>\n<script type=\"application\/ld+json\" class=\"yoast-schema-graph\">{\"@context\":\"https:\/\/schema.org\",\"@graph\":[{\"@type\":\"Article\",\"@id\":\"https:\/\/nuevodigitaldeescobar.com.ar\/?p=16401#article\",\"isPartOf\":{\"@id\":\"https:\/\/nuevodigitaldeescobar.com.ar\/?p=16401\"},\"author\":{\"name\":\"Redacci\u00f3n\",\"@id\":\"https:\/\/nuevodigitaldeescobar.com.ar\/#\/schema\/person\/035e90a8efe9a80e6eec22656ad6ea4c\"},\"headline\":\"Se viene una ciclog\u00e9nesis: advierten por tormentas fuertes en Escobar y alrededores\",\"datePublished\":\"2025-07-13T08:55:00+00:00\",\"mainEntityOfPage\":{\"@id\":\"https:\/\/nuevodigitaldeescobar.com.ar\/?p=16401\"},\"wordCount\":511,\"commentCount\":0,\"publisher\":{\"@id\":\"https:\/\/nuevodigitaldeescobar.com.ar\/#organization\"},\"image\":{\"@id\":\"https:\/\/nuevodigitaldeescobar.com.ar\/?p=16401#primaryimage\"},\"thumbnailUrl\":\"https:\/\/nuevodigitaldeescobar.com.ar\/wp-content\/uploads\/2025\/07\/tiempo223.png\",\"articleSection\":[\"Clima, Medioambiente y Sostenibilidad\"],\"inLanguage\":\"es\",\"potentialAction\":[{\"@type\":\"CommentAction\",\"name\":\"Comment\",\"target\":[\"https:\/\/nuevodigitaldeescobar.com.ar\/?p=16401#respond\"]}]},{\"@type\":\"WebPage\",\"@id\":\"https:\/\/nuevodigitaldeescobar.com.ar\/?p=16401\",\"url\":\"https:\/\/nuevodigitaldeescobar.com.ar\/?p=16401\",\"name\":\"Se viene una ciclog\u00e9nesis: advierten por tormentas fuertes en Escobar y alrededores - Nuevo Digital de Escobar\",\"isPartOf\":{\"@id\":\"https:\/\/nuevodigitaldeescobar.com.ar\/#website\"},\"primaryImageOfPage\":{\"@id\":\"https:\/\/nuevodigitaldeescobar.com.ar\/?p=16401#primaryimage\"},\"image\":{\"@id\":\"https:\/\/nuevodigitaldeescobar.com.ar\/?p=16401#primaryimage\"},\"thumbnailUrl\":\"https:\/\/nuevodigitaldeescobar.com.ar\/wp-content\/uploads\/2025\/07\/tiempo223.png\",\"datePublished\":\"2025-07-13T08:55:00+00:00\",\"breadcrumb\":{\"@id\":\"https:\/\/nuevodigitaldeescobar.com.ar\/?p=16401#breadcrumb\"},\"inLanguage\":\"es\",\"potentialAction\":[{\"@type\":\"ReadAction\",\"target\":[\"https:\/\/nuevodigitaldeescobar.com.ar\/?p=16401\"]}]},{\"@type\":\"ImageObject\",\"inLanguage\":\"es\",\"@id\":\"https:\/\/nuevodigitaldeescobar.com.ar\/?p=16401#primaryimage\",\"url\":\"https:\/\/nuevodigitaldeescobar.com.ar\/wp-content\/uploads\/2025\/07\/tiempo223.png\",\"contentUrl\":\"https:\/\/nuevodigitaldeescobar.com.ar\/wp-content\/uploads\/2025\/07\/tiempo223.png\",\"width\":966,\"height\":519},{\"@type\":\"BreadcrumbList\",\"@id\":\"https:\/\/nuevodigitaldeescobar.com.ar\/?p=16401#breadcrumb\",\"itemListElement\":[{\"@type\":\"ListItem\",\"position\":1,\"name\":\"Portada\",\"item\":\"https:\/\/nuevodigitaldeescobar.com.ar\/\"},{\"@type\":\"ListItem\",\"position\":2,\"name\":\"Se viene una ciclog\u00e9nesis: advierten por tormentas fuertes en Escobar y alrededores\"}]},{\"@type\":\"WebSite\",\"@id\":\"https:\/\/nuevodigitaldeescobar.com.ar\/#website\",\"url\":\"https:\/\/nuevodigitaldeescobar.com.ar\/\",\"name\":\"Nuevo Digital de Escobar\",\"description\":\"La vida escobarense. Directora: Rosana Brunner\",\"publisher\":{\"@id\":\"https:\/\/nuevodigitaldeescobar.com.ar\/#organization\"},\"potentialAction\":[{\"@type\":\"SearchAction\",\"target\":{\"@type\":\"EntryPoint\",\"urlTemplate\":\"https:\/\/nuevodigitaldeescobar.com.ar\/?s={search_term_string}\"},\"query-input\":{\"@type\":\"PropertyValueSpecification\",\"valueRequired\":true,\"valueName\":\"search_term_string\"}}],\"inLanguage\":\"es\"},{\"@type\":\"Organization\",\"@id\":\"https:\/\/nuevodigitaldeescobar.com.ar\/#organization\",\"name\":\"Nuevo Digital de Escobar\",\"url\":\"https:\/\/nuevodigitaldeescobar.com.ar\/\",\"logo\":{\"@type\":\"ImageObject\",\"inLanguage\":\"es\",\"@id\":\"https:\/\/nuevodigitaldeescobar.com.ar\/#\/schema\/logo\/image\/\",\"url\":\"https:\/\/nuevodigitaldeescobar.com.ar\/wp-content\/uploads\/2025\/05\/cropped-logo-nuevo2.jpg\",\"contentUrl\":\"https:\/\/nuevodigitaldeescobar.com.ar\/wp-content\/uploads\/2025\/05\/cropped-logo-nuevo2.jpg\",\"width\":305,\"height\":305,\"caption\":\"Nuevo Digital de Escobar\"},\"image\":{\"@id\":\"https:\/\/nuevodigitaldeescobar.com.ar\/#\/schema\/logo\/image\/\"},\"sameAs\":[\"https:\/\/www.facebook.com\/NUEVODigitalDeEscobar\",\"https:\/\/x.com\/nuevodigescobar\",\"https:\/\/www.instagram.com\/nuevodigitaldeescobar\"]},{\"@type\":\"Person\",\"@id\":\"https:\/\/nuevodigitaldeescobar.com.ar\/#\/schema\/person\/035e90a8efe9a80e6eec22656ad6ea4c\",\"name\":\"Redacci\u00f3n\",\"image\":{\"@type\":\"ImageObject\",\"inLanguage\":\"es\",\"@id\":\"https:\/\/nuevodigitaldeescobar.com.ar\/#\/schema\/person\/image\/\",\"url\":\"https:\/\/secure.gravatar.com\/avatar\/8af8f40000c24e9eef3034f2be5998a372bb1389e64b1a4a36b3a7979142220d?s=96&d=mm&r=g\",\"contentUrl\":\"https:\/\/secure.gravatar.com\/avatar\/8af8f40000c24e9eef3034f2be5998a372bb1389e64b1a4a36b3a7979142220d?s=96&d=mm&r=g\",\"caption\":\"Redacci\u00f3n\"},\"sameAs\":[\"http:\/\/nuevodigitaldeescobar.com.ar\"],\"url\":\"https:\/\/nuevodigitaldeescobar.com.ar\/?author=1\"}]}<\/script>\n<!-- \/ Yoast SEO plugin. -->","yoast_head_json":{"title":"Se viene una ciclog\u00e9nesis: advierten por tormentas fuertes en Escobar y alrededores - Nuevo Digital de Escobar","robots":{"index":"index","follow":"follow","max-snippet":"max-snippet:-1","max-image-preview":"max-image-preview:large","max-video-preview":"max-video-preview:-1"},"canonical":"https:\/\/nuevodigitaldeescobar.com.ar\/?p=16401","og_locale":"es_ES","og_type":"article","og_title":"Se viene una ciclog\u00e9nesis: advierten por tormentas fuertes en Escobar y alrededores - Nuevo Digital de Escobar","og_description":"Tras un fin de semana templado que record\u00f3 al inicio de la primavera, se espera un cambio brusco en las condiciones meteorol\u00f3gicas que podr\u00eda impactar [&hellip;]","og_url":"https:\/\/nuevodigitaldeescobar.com.ar\/?p=16401","og_site_name":"Nuevo Digital de Escobar","article_publisher":"https:\/\/www.facebook.com\/NUEVODigitalDeEscobar","article_published_time":"2025-07-13T08:55:00+00:00","og_image":[{"width":966,"height":519,"url":"https:\/\/nuevodigitaldeescobar.com.ar\/wp-content\/uploads\/2025\/07\/tiempo223.png","type":"image\/png"}],"author":"Redacci\u00f3n","twitter_card":"summary_large_image","twitter_creator":"@nuevodigescobar","twitter_site":"@nuevodigescobar","twitter_misc":{"Escrito por":"Redacci\u00f3n","Tiempo de lectura":"3 minutos"},"schema":{"@context":"https:\/\/schema.org","@graph":[{"@type":"Article","@id":"https:\/\/nuevodigitaldeescobar.com.ar\/?p=16401#article","isPartOf":{"@id":"https:\/\/nuevodigitaldeescobar.com.ar\/?p=16401"},"author":{"name":"Redacci\u00f3n","@id":"https:\/\/nuevodigitaldeescobar.com.ar\/#\/schema\/person\/035e90a8efe9a80e6eec22656ad6ea4c"},"headline":"Se viene una ciclog\u00e9nesis: advierten por tormentas fuertes en Escobar y alrededores","datePublished":"2025-07-13T08:55:00+00:00","mainEntityOfPage":{"@id":"https:\/\/nuevodigitaldeescobar.com.ar\/?p=16401"},"wordCount":511,"commentCount":0,"publisher":{"@id":"https:\/\/nuevodigitaldeescobar.com.ar\/#organization"},"image":{"@id":"https:\/\/nuevodigitaldeescobar.com.ar\/?p=16401#primaryimage"},"thumbnailUrl":"https:\/\/nuevodigitaldeescobar.com.ar\/wp-content\/uploads\/2025\/07\/tiempo223.png","articleSection":["Clima, Medioambiente y Sostenibilidad"],"inLanguage":"es","potentialAction":[{"@type":"CommentAction","name":"Comment","target":["https:\/\/nuevodigitaldeescobar.com.ar\/?p=16401#respond"]}]},{"@type":"WebPage","@id":"https:\/\/nuevodigitaldeescobar.com.ar\/?p=16401","url":"https:\/\/nuevodigitaldeescobar.com.ar\/?p=16401","name":"Se viene una ciclog\u00e9nesis: advierten por tormentas fuertes en Escobar y alrededores - Nuevo Digital de Escobar","isPartOf":{"@id":"https:\/\/nuevodigitaldeescobar.com.ar\/#website"},"primaryImageOfPage":{"@id":"https:\/\/nuevodigitaldeescobar.com.ar\/?p=16401#primaryimage"},"image":{"@id":"https:\/\/nuevodigitaldeescobar.com.ar\/?p=16401#primaryimage"},"thumbnailUrl":"https:\/\/nuevodigitaldeescobar.com.ar\/wp-content\/uploads\/2025\/07\/tiempo223.png","datePublished":"2025-07-13T08:55:00+00:00","breadcrumb":{"@id":"https:\/\/nuevodigitaldeescobar.com.ar\/?p=16401#breadcrumb"},"inLanguage":"es","potentialAction":[{"@type":"ReadAction","target":["https:\/\/nuevodigitaldeescobar.com.ar\/?p=16401"]}]},{"@type":"ImageObject","inLanguage":"es","@id":"https:\/\/nuevodigitaldeescobar.com.ar\/?p=16401#primaryimage","url":"https:\/\/nuevodigitaldeescobar.com.ar\/wp-content\/uploads\/2025\/07\/tiempo223.png","contentUrl":"https:\/\/nuevodigitaldeescobar.com.ar\/wp-content\/uploads\/2025\/07\/tiempo223.png","width":966,"height":519},{"@type":"BreadcrumbList","@id":"https:\/\/nuevodigitaldeescobar.com.ar\/?p=16401#breadcrumb","itemListElement":[{"@type":"ListItem","position":1,"name":"Portada","item":"https:\/\/nuevodigitaldeescobar.com.ar\/"},{"@type":"ListItem","position":2,"name":"Se viene una ciclog\u00e9nesis: advierten por tormentas fuertes en Escobar y alrededores"}]},{"@type":"WebSite","@id":"https:\/\/nuevodigitaldeescobar.com.ar\/#website","url":"https:\/\/nuevodigitaldeescobar.com.ar\/","name":"Nuevo Digital de Escobar","description":"La vida escobarense. Directora: Rosana Brunner","publisher":{"@id":"https:\/\/nuevodigitaldeescobar.com.ar\/#organization"},"potentialAction":[{"@type":"SearchAction","target":{"@type":"EntryPoint","urlTemplate":"https:\/\/nuevodigitaldeescobar.com.ar\/?s={search_term_string}"},"query-input":{"@type":"PropertyValueSpecification","valueRequired":true,"valueName":"search_term_string"}}],"inLanguage":"es"},{"@type":"Organization","@id":"https:\/\/nuevodigitaldeescobar.com.ar\/#organization","name":"Nuevo Digital de Escobar","url":"https:\/\/nuevodigitaldeescobar.com.ar\/","logo":{"@type":"ImageObject","inLanguage":"es","@id":"https:\/\/nuevodigitaldeescobar.com.ar\/#\/schema\/logo\/image\/","url":"https:\/\/nuevodigitaldeescobar.com.ar\/wp-content\/uploads\/2025\/05\/cropped-logo-nuevo2.jpg","contentUrl":"https:\/\/nuevodigitaldeescobar.com.ar\/wp-content\/uploads\/2025\/05\/cropped-logo-nuevo2.jpg","width":305,"height":305,"caption":"Nuevo Digital de Escobar"},"image":{"@id":"https:\/\/nuevodigitaldeescobar.com.ar\/#\/schema\/logo\/image\/"},"sameAs":["https:\/\/www.facebook.com\/NUEVODigitalDeEscobar","https:\/\/x.com\/nuevodigescobar","https:\/\/www.instagram.com\/nuevodigitaldeescobar"]},{"@type":"Person","@id":"https:\/\/nuevodigitaldeescobar.com.ar\/#\/schema\/person\/035e90a8efe9a80e6eec22656ad6ea4c","name":"Redacci\u00f3n","image":{"@type":"ImageObject","inLanguage":"es","@id":"https:\/\/nuevodigitaldeescobar.com.ar\/#\/schema\/person\/image\/","url":"https:\/\/secure.gravatar.com\/avatar\/8af8f40000c24e9eef3034f2be5998a372bb1389e64b1a4a36b3a7979142220d?s=96&d=mm&r=g","contentUrl":"https:\/\/secure.gravatar.com\/avatar\/8af8f40000c24e9eef3034f2be5998a372bb1389e64b1a4a36b3a7979142220d?s=96&d=mm&r=g","caption":"Redacci\u00f3n"},"sameAs":["http:\/\/nuevodigitaldeescobar.com.ar"],"url":"https:\/\/nuevodigitaldeescobar.com.ar\/?author=1"}]}},"featured_image_urls":{"full":["https:\/\/nuevodigitaldeescobar.com.ar\/wp-content\/uploads\/2025\/07\/tiempo223.png",966,519,false],"thumbnail":["https:\/\/nuevodigitaldeescobar.com.ar\/wp-content\/uploads\/2025\/07\/tiempo223-150x150.png",150,150,true],"medium":["https:\/\/nuevodigitaldeescobar.com.ar\/wp-content\/uploads\/2025\/07\/tiempo223-300x161.png",300,161,true],"medium_large":["https:\/\/nuevodigitaldeescobar.com.ar\/wp-content\/uploads\/2025\/07\/tiempo223-768x413.png",640,344,true],"large":["https:\/\/nuevodigitaldeescobar.com.ar\/wp-content\/uploads\/2025\/07\/tiempo223.png",640,344,false],"1536x1536":["https:\/\/nuevodigitaldeescobar.com.ar\/wp-content\/uploads\/2025\/07\/tiempo223.png",966,519,false],"2048x2048":["https:\/\/nuevodigitaldeescobar.com.ar\/wp-content\/uploads\/2025\/07\/tiempo223.png",966,519,false]},"author_info":{"display_name":"Redacci\u00f3n","author_link":"https:\/\/nuevodigitaldeescobar.com.ar\/?author=1"},"category_info":"<a href=\"https:\/\/nuevodigitaldeescobar.com.ar\/?cat=14\" rel=\"category\">Clima, Medioambiente y Sostenibilidad<\/a>","tag_info":"Clima, Medioambiente y Sostenibilidad","comment_count":"0","_links":{"self":[{"href":"https:\/\/nuevodigitaldeescobar.com.ar\/index.php?rest_route=\/wp\/v2\/posts\/16401","targetHints":{"allow":["GET"]}}],"collection":[{"href":"https:\/\/nuevodigitaldeescobar.com.ar\/index.php?rest_route=\/wp\/v2\/posts"}],"about":[{"href":"https:\/\/nuevodigitaldeescobar.com.ar\/index.php?rest_route=\/wp\/v2\/types\/post"}],"author":[{"embeddable":true,"href":"https:\/\/nuevodigitaldeescobar.com.ar\/index.php?rest_route=\/wp\/v2\/users\/1"}],"replies":[{"embeddable":true,"href":"https:\/\/nuevodigitaldeescobar.com.ar\/index.php?rest_route=%2Fwp%2Fv2%2Fcomments&post=16401"}],"version-history":[{"count":1,"href":"https:\/\/nuevodigitaldeescobar.com.ar\/index.php?rest_route=\/wp\/v2\/posts\/16401\/revisions"}],"predecessor-version":[{"id":16403,"href":"https:\/\/nuevodigitaldeescobar.com.ar\/index.php?rest_route=\/wp\/v2\/posts\/16401\/revisions\/16403"}],"wp:featuredmedia":[{"embeddable":true,"href":"https:\/\/nuevodigitaldeescobar.com.ar\/index.php?rest_route=\/wp\/v2\/media\/16402"}],"wp:attachment":[{"href":"https:\/\/nuevodigitaldeescobar.com.ar\/index.php?rest_route=%2Fwp%2Fv2%2Fmedia&parent=16401"}],"wp:term":[{"taxonomy":"category","embeddable":true,"href":"https:\/\/nuevodigitaldeescobar.com.ar\/index.php?rest_route=%2Fwp%2Fv2%2Fcategories&post=16401"},{"taxonomy":"post_tag","embeddable":true,"href":"https:\/\/nuevodigitaldeescobar.com.ar\/index.php?rest_route=%2Fwp%2Fv2%2Ftags&post=16401"}],"curies":[{"name":"wp","href":"https:\/\/api.w.org\/{rel}","templated":true}]}}