{"id":16407,"date":"2025-07-13T01:09:05","date_gmt":"2025-07-13T04:09:05","guid":{"rendered":"https:\/\/nuevodigitaldeescobar.com.ar\/?p=16407"},"modified":"2025-07-13T01:09:09","modified_gmt":"2025-07-13T04:09:09","slug":"fuerte-rechazo-a-la-reforma-jubilatoria-advierten-que-pone-en-jaque-al-financiamiento-pyme-y-amenaza-al-empleo","status":"publish","type":"post","link":"https:\/\/nuevodigitaldeescobar.com.ar\/?p=16407","title":{"rendered":"Fuerte rechazo a la reforma jubilatoria: advierten que pone en jaque al financiamiento pyme y amenaza al empleo"},"content":{"rendered":"\n<p class=\"has-vivid-cyan-blue-color has-text-color has-link-color wp-elements-9234fa592d97df8431236c7c49fbb051\"><strong><em>Doce bolsas de comercio de todo el pa\u00eds, incluyendo las de Buenos Aires, Rosario, C\u00f3rdoba y Mendoza, manifestaron su rechazo a una medida que podr\u00eda dejar sin financiamiento a miles de peque\u00f1as y medianas empresas argentinas.<\/em><\/strong><\/p>\n\n\n\n<!--more-->\n\n\n\n<p>Una amplia red de entidades burs\u00e1tiles y financieras del pa\u00eds lanz\u00f3 un duro comunicado contra uno de los art\u00edculos de la reforma jubilatoria sancionada el jueves por el Senado. Se trata de un cambio en el r\u00e9gimen fiscal de las Sociedades de Garant\u00eda Rec\u00edproca (SGR), clave para el acceso al cr\u00e9dito formal por parte de las pymes. El pronunciamiento fue contundente: <em>\u201c<strong>Es una amenaza directa al financiamiento productivo y al empleo formal<\/strong>\u201d<\/em>.<\/p>\n\n\n\n<p>La medida, que fue incluida en el art\u00edculo 10 de la nueva ley, elimina exenciones impositivas para quienes aportan capital a las SGR, organizaciones que hoy avalan uno de cada tres cr\u00e9ditos otorgados a peque\u00f1as empresas en la Argentina. Esto, seg\u00fan los referentes del sector, podr\u00eda desfinanciar el sistema y poner en riesgo una red que lleva tres d\u00e9cadas sosteniendo a m\u00e1s de 100.000 MiPyMEs en todo el pa\u00eds, incluyendo muchas de nuestra regi\u00f3n.<\/p>\n\n\n\n<h3 class=\"wp-block-heading has-text-color has-link-color wp-elements-25ff5bf96c738368cd7f85d337224def\" style=\"color:#0b2dc8\"><em>Un sistema probado que funciona<\/em><\/h3>\n\n\n\n<p>En el texto conjunto, las Bolsas de Comercio de Buenos Aires, Rosario, C\u00f3rdoba, Mendoza, Santa Fe, Bah\u00eda Blanca, Chaco, Corrientes, y la Caja de Valores, entre otras entidades, recordaron que las SGR movilizaron m\u00e1s de 3,8 billones de pesos en cr\u00e9dito productivo, sosteniendo m\u00e1s de medio mill\u00f3n de puestos de trabajo formales.<\/p>\n\n\n\n<p><em>\u201cEl supuesto \u2018costo fiscal\u2019 que se busca eliminar representa apenas el 0,02% del PBI\u201d<\/em>, remarcaron. Y a\u00f1adieron: \u201cEs un sistema virtuoso, con fuerte impacto federal y una eficiencia fiscal probada. Sin estas herramientas, muchas pymes no podr\u00edan acceder al cr\u00e9dito ni crecer\u201d.<\/p>\n\n\n\n<p>Desde la C\u00e1mara Argentina de Sociedades y Fondos de Garant\u00eda (Casfog), su secretario Ignacio P\u00e9rez Riba tambi\u00e9n se pronunci\u00f3 con preocupaci\u00f3n: <em>\u201cLas pymes financiadas por las SGR tributan IVA, Ganancias, aportes y contribuciones. Lo que el Estado \u2018pierde\u2019 en exenciones, lo recupera con creces por el movimiento econ\u00f3mico que genera\u201d<\/em>.<\/p>\n\n\n\n<h3 class=\"wp-block-heading has-text-color has-link-color wp-elements-41b13009c41d1549006f71c9282d20f4\" style=\"color:#0b2dc8\"><em>\u00bfQu\u00e9 impacto tendr\u00eda en Escobar?<\/em><\/h3>\n\n\n\n<p>En un distrito con fuerte desarrollo pyme como Escobar, donde miles de emprendedores, comerciantes y empresas dependen del cr\u00e9dito para crecer y sostener empleos, la eliminaci\u00f3n de estos beneficios impositivos podr\u00eda impactar de forma directa. Las SGR no solo garantizan acceso a financiamiento a tasas razonables, sino que representan muchas veces el \u00fanico puente entre un peque\u00f1o empresario y el sistema financiero.<\/p>\n\n\n\n<h3 class=\"wp-block-heading has-text-color has-link-color wp-elements-dc83ffe79da93a1e5767d9a0de2795e1\" style=\"color:#0b2dc8\"><em>Un conflicto legislativo con impacto real<\/em><\/h3>\n\n\n\n<p>La norma fue aprobada en el marco de un paquete legislativo impulsado por un sector opositor que incluy\u00f3 al kirchnerismo y otros bloques, con el objetivo principal de mejorar los haberes jubilatorios. Sin embargo, el art\u00edculo que afecta a las SGR no fue debatido ni consultado con el sector productivo, lo que gener\u00f3 el fuerte rechazo de las bolsas.<\/p>\n\n\n\n<p>El presidente Javier Milei, por su parte, ya anticip\u00f3 que vetar\u00e1 la ley completa, lo que podr\u00eda abrir un nuevo cap\u00edtulo en la disputa pol\u00edtica. Mientras tanto, desde el mundo pyme y burs\u00e1til piden \u201crevisar urgente\u201d la modificaci\u00f3n fiscal y <strong>preservar un esquema de financiamiento que ha demostrado ser eficiente, inclusivo y federal<\/strong>.<\/p>\n","protected":false},"excerpt":{"rendered":"<p>Doce bolsas de comercio de todo el pa\u00eds, incluyendo las de Buenos Aires, Rosario, C\u00f3rdoba y Mendoza, manifestaron su rechazo a una medida que podr\u00eda [&hellip;]<\/p>\n","protected":false},"author":1,"featured_media":16408,"comment_status":"open","ping_status":"open","sticky":false,"template":"","format":"standard","meta":{"footnotes":""},"categories":[10],"tags":[],"class_list":["post-16407","post","type-post","status-publish","format-standard","has-post-thumbnail","hentry","category-economia"],"better_featured_image":{"id":16408,"alt_text":"","caption":"","description":"","media_type":"image","media_details":{"width":857,"height":514,"file":"2025\/07\/pymejubilacion21.png","filesize":855242,"sizes":{"medium":{"file":"pymejubilacion21-300x180.png","width":300,"height":180,"mime-type":"image\/png","filesize":39300,"source_url":"https:\/\/nuevodigitaldeescobar.com.ar\/wp-content\/uploads\/2025\/07\/pymejubilacion21-300x180.png"},"thumbnail":{"file":"pymejubilacion21-150x150.png","width":150,"height":150,"mime-type":"image\/png","filesize":17758,"source_url":"https:\/\/nuevodigitaldeescobar.com.ar\/wp-content\/uploads\/2025\/07\/pymejubilacion21-150x150.png"},"medium_large":{"file":"pymejubilacion21-768x461.png","width":768,"height":461,"mime-type":"image\/png","filesize":212058,"source_url":"https:\/\/nuevodigitaldeescobar.com.ar\/wp-content\/uploads\/2025\/07\/pymejubilacion21-768x461.png"}},"image_meta":{"aperture":"0","credit":"","camera":"","caption":"","created_timestamp":"0","copyright":"","focal_length":"0","iso":"0","shutter_speed":"0","title":"","orientation":"0","keywords":[]}},"post":16407,"source_url":"https:\/\/nuevodigitaldeescobar.com.ar\/wp-content\/uploads\/2025\/07\/pymejubilacion21.png"},"yoast_head":"<!-- This site is optimized with the Yoast SEO plugin v26.1.1 - https:\/\/yoast.com\/wordpress\/plugins\/seo\/ -->\n<title>Fuerte rechazo a la reforma jubilatoria: advierten que pone en jaque al financiamiento pyme y amenaza al empleo - Nuevo Digital de Escobar<\/title>\n<meta name=\"robots\" content=\"index, follow, max-snippet:-1, max-image-preview:large, max-video-preview:-1\" \/>\n<link rel=\"canonical\" href=\"https:\/\/nuevodigitaldeescobar.com.ar\/?p=16407\" \/>\n<meta property=\"og:locale\" content=\"es_ES\" \/>\n<meta property=\"og:type\" content=\"article\" \/>\n<meta property=\"og:title\" content=\"Fuerte rechazo a la reforma jubilatoria: advierten que pone en jaque al financiamiento pyme y amenaza al empleo - Nuevo Digital de Escobar\" \/>\n<meta property=\"og:description\" content=\"Doce bolsas de comercio de todo el pa\u00eds, incluyendo las de Buenos Aires, Rosario, C\u00f3rdoba y Mendoza, manifestaron su rechazo a una medida que podr\u00eda [&hellip;]\" \/>\n<meta property=\"og:url\" content=\"https:\/\/nuevodigitaldeescobar.com.ar\/?p=16407\" \/>\n<meta property=\"og:site_name\" content=\"Nuevo Digital de Escobar\" \/>\n<meta property=\"article:publisher\" content=\"https:\/\/www.facebook.com\/NUEVODigitalDeEscobar\" \/>\n<meta property=\"article:published_time\" content=\"2025-07-13T04:09:05+00:00\" \/>\n<meta property=\"article:modified_time\" content=\"2025-07-13T04:09:09+00:00\" \/>\n<meta property=\"og:image\" content=\"http:\/\/nuevodigitaldeescobar.com.ar\/wp-content\/uploads\/2025\/07\/pymejubilacion21.png\" \/>\n\t<meta property=\"og:image:width\" content=\"857\" \/>\n\t<meta property=\"og:image:height\" content=\"514\" \/>\n\t<meta property=\"og:image:type\" content=\"image\/png\" \/>\n<meta name=\"author\" content=\"Redacci\u00f3n\" \/>\n<meta name=\"twitter:card\" content=\"summary_large_image\" \/>\n<meta name=\"twitter:creator\" content=\"@nuevodigescobar\" \/>\n<meta name=\"twitter:site\" content=\"@nuevodigescobar\" \/>\n<meta name=\"twitter:label1\" content=\"Escrito por\" \/>\n\t<meta name=\"twitter:data1\" content=\"Redacci\u00f3n\" \/>\n\t<meta name=\"twitter:label2\" content=\"Tiempo de lectura\" \/>\n\t<meta name=\"twitter:data2\" content=\"3 minutos\" \/>\n<script type=\"application\/ld+json\" class=\"yoast-schema-graph\">{\"@context\":\"https:\/\/schema.org\",\"@graph\":[{\"@type\":\"Article\",\"@id\":\"https:\/\/nuevodigitaldeescobar.com.ar\/?p=16407#article\",\"isPartOf\":{\"@id\":\"https:\/\/nuevodigitaldeescobar.com.ar\/?p=16407\"},\"author\":{\"name\":\"Redacci\u00f3n\",\"@id\":\"https:\/\/nuevodigitaldeescobar.com.ar\/#\/schema\/person\/035e90a8efe9a80e6eec22656ad6ea4c\"},\"headline\":\"Fuerte rechazo a la reforma jubilatoria: advierten que pone en jaque al financiamiento pyme y amenaza al empleo\",\"datePublished\":\"2025-07-13T04:09:05+00:00\",\"dateModified\":\"2025-07-13T04:09:09+00:00\",\"mainEntityOfPage\":{\"@id\":\"https:\/\/nuevodigitaldeescobar.com.ar\/?p=16407\"},\"wordCount\":576,\"commentCount\":0,\"publisher\":{\"@id\":\"https:\/\/nuevodigitaldeescobar.com.ar\/#organization\"},\"image\":{\"@id\":\"https:\/\/nuevodigitaldeescobar.com.ar\/?p=16407#primaryimage\"},\"thumbnailUrl\":\"https:\/\/nuevodigitaldeescobar.com.ar\/wp-content\/uploads\/2025\/07\/pymejubilacion21.png\",\"articleSection\":[\"Econom\u00eda\"],\"inLanguage\":\"es\",\"potentialAction\":[{\"@type\":\"CommentAction\",\"name\":\"Comment\",\"target\":[\"https:\/\/nuevodigitaldeescobar.com.ar\/?p=16407#respond\"]}]},{\"@type\":\"WebPage\",\"@id\":\"https:\/\/nuevodigitaldeescobar.com.ar\/?p=16407\",\"url\":\"https:\/\/nuevodigitaldeescobar.com.ar\/?p=16407\",\"name\":\"Fuerte rechazo a la reforma jubilatoria: advierten que pone en jaque al financiamiento pyme y amenaza al empleo - Nuevo Digital de Escobar\",\"isPartOf\":{\"@id\":\"https:\/\/nuevodigitaldeescobar.com.ar\/#website\"},\"primaryImageOfPage\":{\"@id\":\"https:\/\/nuevodigitaldeescobar.com.ar\/?p=16407#primaryimage\"},\"image\":{\"@id\":\"https:\/\/nuevodigitaldeescobar.com.ar\/?p=16407#primaryimage\"},\"thumbnailUrl\":\"https:\/\/nuevodigitaldeescobar.com.ar\/wp-content\/uploads\/2025\/07\/pymejubilacion21.png\",\"datePublished\":\"2025-07-13T04:09:05+00:00\",\"dateModified\":\"2025-07-13T04:09:09+00:00\",\"breadcrumb\":{\"@id\":\"https:\/\/nuevodigitaldeescobar.com.ar\/?p=16407#breadcrumb\"},\"inLanguage\":\"es\",\"potentialAction\":[{\"@type\":\"ReadAction\",\"target\":[\"https:\/\/nuevodigitaldeescobar.com.ar\/?p=16407\"]}]},{\"@type\":\"ImageObject\",\"inLanguage\":\"es\",\"@id\":\"https:\/\/nuevodigitaldeescobar.com.ar\/?p=16407#primaryimage\",\"url\":\"https:\/\/nuevodigitaldeescobar.com.ar\/wp-content\/uploads\/2025\/07\/pymejubilacion21.png\",\"contentUrl\":\"https:\/\/nuevodigitaldeescobar.com.ar\/wp-content\/uploads\/2025\/07\/pymejubilacion21.png\",\"width\":857,\"height\":514},{\"@type\":\"BreadcrumbList\",\"@id\":\"https:\/\/nuevodigitaldeescobar.com.ar\/?p=16407#breadcrumb\",\"itemListElement\":[{\"@type\":\"ListItem\",\"position\":1,\"name\":\"Portada\",\"item\":\"https:\/\/nuevodigitaldeescobar.com.ar\/\"},{\"@type\":\"ListItem\",\"position\":2,\"name\":\"Fuerte rechazo a la reforma jubilatoria: advierten que pone en jaque al financiamiento pyme y amenaza al empleo\"}]},{\"@type\":\"WebSite\",\"@id\":\"https:\/\/nuevodigitaldeescobar.com.ar\/#website\",\"url\":\"https:\/\/nuevodigitaldeescobar.com.ar\/\",\"name\":\"Nuevo Digital de Escobar\",\"description\":\"La vida escobarense. Directora: Rosana Brunner\",\"publisher\":{\"@id\":\"https:\/\/nuevodigitaldeescobar.com.ar\/#organization\"},\"potentialAction\":[{\"@type\":\"SearchAction\",\"target\":{\"@type\":\"EntryPoint\",\"urlTemplate\":\"https:\/\/nuevodigitaldeescobar.com.ar\/?s={search_term_string}\"},\"query-input\":{\"@type\":\"PropertyValueSpecification\",\"valueRequired\":true,\"valueName\":\"search_term_string\"}}],\"inLanguage\":\"es\"},{\"@type\":\"Organization\",\"@id\":\"https:\/\/nuevodigitaldeescobar.com.ar\/#organization\",\"name\":\"Nuevo Digital de Escobar\",\"url\":\"https:\/\/nuevodigitaldeescobar.com.ar\/\",\"logo\":{\"@type\":\"ImageObject\",\"inLanguage\":\"es\",\"@id\":\"https:\/\/nuevodigitaldeescobar.com.ar\/#\/schema\/logo\/image\/\",\"url\":\"https:\/\/nuevodigitaldeescobar.com.ar\/wp-content\/uploads\/2025\/05\/cropped-logo-nuevo2.jpg\",\"contentUrl\":\"https:\/\/nuevodigitaldeescobar.com.ar\/wp-content\/uploads\/2025\/05\/cropped-logo-nuevo2.jpg\",\"width\":305,\"height\":305,\"caption\":\"Nuevo Digital de Escobar\"},\"image\":{\"@id\":\"https:\/\/nuevodigitaldeescobar.com.ar\/#\/schema\/logo\/image\/\"},\"sameAs\":[\"https:\/\/www.facebook.com\/NUEVODigitalDeEscobar\",\"https:\/\/x.com\/nuevodigescobar\",\"https:\/\/www.instagram.com\/nuevodigitaldeescobar\"]},{\"@type\":\"Person\",\"@id\":\"https:\/\/nuevodigitaldeescobar.com.ar\/#\/schema\/person\/035e90a8efe9a80e6eec22656ad6ea4c\",\"name\":\"Redacci\u00f3n\",\"image\":{\"@type\":\"ImageObject\",\"inLanguage\":\"es\",\"@id\":\"https:\/\/nuevodigitaldeescobar.com.ar\/#\/schema\/person\/image\/\",\"url\":\"https:\/\/secure.gravatar.com\/avatar\/8af8f40000c24e9eef3034f2be5998a372bb1389e64b1a4a36b3a7979142220d?s=96&d=mm&r=g\",\"contentUrl\":\"https:\/\/secure.gravatar.com\/avatar\/8af8f40000c24e9eef3034f2be5998a372bb1389e64b1a4a36b3a7979142220d?s=96&d=mm&r=g\",\"caption\":\"Redacci\u00f3n\"},\"sameAs\":[\"http:\/\/nuevodigitaldeescobar.com.ar\"],\"url\":\"https:\/\/nuevodigitaldeescobar.com.ar\/?author=1\"}]}<\/script>\n<!-- \/ Yoast SEO plugin. -->","yoast_head_json":{"title":"Fuerte rechazo a la reforma jubilatoria: advierten que pone en jaque al financiamiento pyme y amenaza al empleo - Nuevo Digital de Escobar","robots":{"index":"index","follow":"follow","max-snippet":"max-snippet:-1","max-image-preview":"max-image-preview:large","max-video-preview":"max-video-preview:-1"},"canonical":"https:\/\/nuevodigitaldeescobar.com.ar\/?p=16407","og_locale":"es_ES","og_type":"article","og_title":"Fuerte rechazo a la reforma jubilatoria: advierten que pone en jaque al financiamiento pyme y amenaza al empleo - Nuevo Digital de Escobar","og_description":"Doce bolsas de comercio de todo el pa\u00eds, incluyendo las de Buenos Aires, Rosario, C\u00f3rdoba y Mendoza, manifestaron su rechazo a una medida que podr\u00eda [&hellip;]","og_url":"https:\/\/nuevodigitaldeescobar.com.ar\/?p=16407","og_site_name":"Nuevo Digital de Escobar","article_publisher":"https:\/\/www.facebook.com\/NUEVODigitalDeEscobar","article_published_time":"2025-07-13T04:09:05+00:00","article_modified_time":"2025-07-13T04:09:09+00:00","og_image":[{"width":857,"height":514,"url":"http:\/\/nuevodigitaldeescobar.com.ar\/wp-content\/uploads\/2025\/07\/pymejubilacion21.png","type":"image\/png"}],"author":"Redacci\u00f3n","twitter_card":"summary_large_image","twitter_creator":"@nuevodigescobar","twitter_site":"@nuevodigescobar","twitter_misc":{"Escrito por":"Redacci\u00f3n","Tiempo de lectura":"3 minutos"},"schema":{"@context":"https:\/\/schema.org","@graph":[{"@type":"Article","@id":"https:\/\/nuevodigitaldeescobar.com.ar\/?p=16407#article","isPartOf":{"@id":"https:\/\/nuevodigitaldeescobar.com.ar\/?p=16407"},"author":{"name":"Redacci\u00f3n","@id":"https:\/\/nuevodigitaldeescobar.com.ar\/#\/schema\/person\/035e90a8efe9a80e6eec22656ad6ea4c"},"headline":"Fuerte rechazo a la reforma jubilatoria: advierten que pone en jaque al financiamiento pyme y amenaza al empleo","datePublished":"2025-07-13T04:09:05+00:00","dateModified":"2025-07-13T04:09:09+00:00","mainEntityOfPage":{"@id":"https:\/\/nuevodigitaldeescobar.com.ar\/?p=16407"},"wordCount":576,"commentCount":0,"publisher":{"@id":"https:\/\/nuevodigitaldeescobar.com.ar\/#organization"},"image":{"@id":"https:\/\/nuevodigitaldeescobar.com.ar\/?p=16407#primaryimage"},"thumbnailUrl":"https:\/\/nuevodigitaldeescobar.com.ar\/wp-content\/uploads\/2025\/07\/pymejubilacion21.png","articleSection":["Econom\u00eda"],"inLanguage":"es","potentialAction":[{"@type":"CommentAction","name":"Comment","target":["https:\/\/nuevodigitaldeescobar.com.ar\/?p=16407#respond"]}]},{"@type":"WebPage","@id":"https:\/\/nuevodigitaldeescobar.com.ar\/?p=16407","url":"https:\/\/nuevodigitaldeescobar.com.ar\/?p=16407","name":"Fuerte rechazo a la reforma jubilatoria: advierten que pone en jaque al financiamiento pyme y amenaza al empleo - Nuevo Digital de Escobar","isPartOf":{"@id":"https:\/\/nuevodigitaldeescobar.com.ar\/#website"},"primaryImageOfPage":{"@id":"https:\/\/nuevodigitaldeescobar.com.ar\/?p=16407#primaryimage"},"image":{"@id":"https:\/\/nuevodigitaldeescobar.com.ar\/?p=16407#primaryimage"},"thumbnailUrl":"https:\/\/nuevodigitaldeescobar.com.ar\/wp-content\/uploads\/2025\/07\/pymejubilacion21.png","datePublished":"2025-07-13T04:09:05+00:00","dateModified":"2025-07-13T04:09:09+00:00","breadcrumb":{"@id":"https:\/\/nuevodigitaldeescobar.com.ar\/?p=16407#breadcrumb"},"inLanguage":"es","potentialAction":[{"@type":"ReadAction","target":["https:\/\/nuevodigitaldeescobar.com.ar\/?p=16407"]}]},{"@type":"ImageObject","inLanguage":"es","@id":"https:\/\/nuevodigitaldeescobar.com.ar\/?p=16407#primaryimage","url":"https:\/\/nuevodigitaldeescobar.com.ar\/wp-content\/uploads\/2025\/07\/pymejubilacion21.png","contentUrl":"https:\/\/nuevodigitaldeescobar.com.ar\/wp-content\/uploads\/2025\/07\/pymejubilacion21.png","width":857,"height":514},{"@type":"BreadcrumbList","@id":"https:\/\/nuevodigitaldeescobar.com.ar\/?p=16407#breadcrumb","itemListElement":[{"@type":"ListItem","position":1,"name":"Portada","item":"https:\/\/nuevodigitaldeescobar.com.ar\/"},{"@type":"ListItem","position":2,"name":"Fuerte rechazo a la reforma jubilatoria: advierten que pone en jaque al financiamiento pyme y amenaza al empleo"}]},{"@type":"WebSite","@id":"https:\/\/nuevodigitaldeescobar.com.ar\/#website","url":"https:\/\/nuevodigitaldeescobar.com.ar\/","name":"Nuevo Digital de Escobar","description":"La vida escobarense. Directora: Rosana Brunner","publisher":{"@id":"https:\/\/nuevodigitaldeescobar.com.ar\/#organization"},"potentialAction":[{"@type":"SearchAction","target":{"@type":"EntryPoint","urlTemplate":"https:\/\/nuevodigitaldeescobar.com.ar\/?s={search_term_string}"},"query-input":{"@type":"PropertyValueSpecification","valueRequired":true,"valueName":"search_term_string"}}],"inLanguage":"es"},{"@type":"Organization","@id":"https:\/\/nuevodigitaldeescobar.com.ar\/#organization","name":"Nuevo Digital de Escobar","url":"https:\/\/nuevodigitaldeescobar.com.ar\/","logo":{"@type":"ImageObject","inLanguage":"es","@id":"https:\/\/nuevodigitaldeescobar.com.ar\/#\/schema\/logo\/image\/","url":"https:\/\/nuevodigitaldeescobar.com.ar\/wp-content\/uploads\/2025\/05\/cropped-logo-nuevo2.jpg","contentUrl":"https:\/\/nuevodigitaldeescobar.com.ar\/wp-content\/uploads\/2025\/05\/cropped-logo-nuevo2.jpg","width":305,"height":305,"caption":"Nuevo Digital de Escobar"},"image":{"@id":"https:\/\/nuevodigitaldeescobar.com.ar\/#\/schema\/logo\/image\/"},"sameAs":["https:\/\/www.facebook.com\/NUEVODigitalDeEscobar","https:\/\/x.com\/nuevodigescobar","https:\/\/www.instagram.com\/nuevodigitaldeescobar"]},{"@type":"Person","@id":"https:\/\/nuevodigitaldeescobar.com.ar\/#\/schema\/person\/035e90a8efe9a80e6eec22656ad6ea4c","name":"Redacci\u00f3n","image":{"@type":"ImageObject","inLanguage":"es","@id":"https:\/\/nuevodigitaldeescobar.com.ar\/#\/schema\/person\/image\/","url":"https:\/\/secure.gravatar.com\/avatar\/8af8f40000c24e9eef3034f2be5998a372bb1389e64b1a4a36b3a7979142220d?s=96&d=mm&r=g","contentUrl":"https:\/\/secure.gravatar.com\/avatar\/8af8f40000c24e9eef3034f2be5998a372bb1389e64b1a4a36b3a7979142220d?s=96&d=mm&r=g","caption":"Redacci\u00f3n"},"sameAs":["http:\/\/nuevodigitaldeescobar.com.ar"],"url":"https:\/\/nuevodigitaldeescobar.com.ar\/?author=1"}]}},"featured_image_urls":{"full":["https:\/\/nuevodigitaldeescobar.com.ar\/wp-content\/uploads\/2025\/07\/pymejubilacion21.png",857,514,false],"thumbnail":["https:\/\/nuevodigitaldeescobar.com.ar\/wp-content\/uploads\/2025\/07\/pymejubilacion21-150x150.png",150,150,true],"medium":["https:\/\/nuevodigitaldeescobar.com.ar\/wp-content\/uploads\/2025\/07\/pymejubilacion21-300x180.png",300,180,true],"medium_large":["https:\/\/nuevodigitaldeescobar.com.ar\/wp-content\/uploads\/2025\/07\/pymejubilacion21-768x461.png",640,384,true],"large":["https:\/\/nuevodigitaldeescobar.com.ar\/wp-content\/uploads\/2025\/07\/pymejubilacion21.png",640,384,false],"1536x1536":["https:\/\/nuevodigitaldeescobar.com.ar\/wp-content\/uploads\/2025\/07\/pymejubilacion21.png",857,514,false],"2048x2048":["https:\/\/nuevodigitaldeescobar.com.ar\/wp-content\/uploads\/2025\/07\/pymejubilacion21.png",857,514,false]},"author_info":{"display_name":"Redacci\u00f3n","author_link":"https:\/\/nuevodigitaldeescobar.com.ar\/?author=1"},"category_info":"<a href=\"https:\/\/nuevodigitaldeescobar.com.ar\/?cat=10\" rel=\"category\">Econom\u00eda<\/a>","tag_info":"Econom\u00eda","comment_count":"0","_links":{"self":[{"href":"https:\/\/nuevodigitaldeescobar.com.ar\/index.php?rest_route=\/wp\/v2\/posts\/16407","targetHints":{"allow":["GET"]}}],"collection":[{"href":"https:\/\/nuevodigitaldeescobar.com.ar\/index.php?rest_route=\/wp\/v2\/posts"}],"about":[{"href":"https:\/\/nuevodigitaldeescobar.com.ar\/index.php?rest_route=\/wp\/v2\/types\/post"}],"author":[{"embeddable":true,"href":"https:\/\/nuevodigitaldeescobar.com.ar\/index.php?rest_route=\/wp\/v2\/users\/1"}],"replies":[{"embeddable":true,"href":"https:\/\/nuevodigitaldeescobar.com.ar\/index.php?rest_route=%2Fwp%2Fv2%2Fcomments&post=16407"}],"version-history":[{"count":1,"href":"https:\/\/nuevodigitaldeescobar.com.ar\/index.php?rest_route=\/wp\/v2\/posts\/16407\/revisions"}],"predecessor-version":[{"id":16409,"href":"https:\/\/nuevodigitaldeescobar.com.ar\/index.php?rest_route=\/wp\/v2\/posts\/16407\/revisions\/16409"}],"wp:featuredmedia":[{"embeddable":true,"href":"https:\/\/nuevodigitaldeescobar.com.ar\/index.php?rest_route=\/wp\/v2\/media\/16408"}],"wp:attachment":[{"href":"https:\/\/nuevodigitaldeescobar.com.ar\/index.php?rest_route=%2Fwp%2Fv2%2Fmedia&parent=16407"}],"wp:term":[{"taxonomy":"category","embeddable":true,"href":"https:\/\/nuevodigitaldeescobar.com.ar\/index.php?rest_route=%2Fwp%2Fv2%2Fcategories&post=16407"},{"taxonomy":"post_tag","embeddable":true,"href":"https:\/\/nuevodigitaldeescobar.com.ar\/index.php?rest_route=%2Fwp%2Fv2%2Ftags&post=16407"}],"curies":[{"name":"wp","href":"https:\/\/api.w.org\/{rel}","templated":true}]}}