{"id":16421,"date":"2025-07-14T07:55:00","date_gmt":"2025-07-14T10:55:00","guid":{"rendered":"https:\/\/nuevodigitaldeescobar.com.ar\/?p=16421"},"modified":"2025-07-13T20:58:37","modified_gmt":"2025-07-13T23:58:37","slug":"fallo-judicial-a-favor-del-municipio-en-su-disputa-con-el-gobierno-nacional-por-el-cobro-de-tasas","status":"publish","type":"post","link":"https:\/\/nuevodigitaldeescobar.com.ar\/?p=16421","title":{"rendered":"Fallo judicial a favor del Municipio en su disputa con el gobierno nacional por el cobro de tasas"},"content":{"rendered":"\n<p>La C\u00e1mara Federal de San Mart\u00edn le dio la raz\u00f3n a la Municipalidad de Escobar al declarar inconstitucional la resoluci\u00f3n del Ministerio de Econom\u00eda de la Naci\u00f3n que intentaba restringir el cobro de tasas municipales. Esta decisi\u00f3n de segunda instancia, que confirma lo establecido por el Juzgado Federal de Campana, ratifica tambi\u00e9n la autonom\u00eda de los gobiernos locales.<\/p>\n\n\n\n<!--more-->\n\n\n\n<p>Fuentes municipales subrayaron que \u00abeste fallo resulta trascendental porque de haberse mantenido dicha resoluci\u00f3n, hubiera tenido un severo impacto en el desarrollo del partido de Escobar, ya que limitaba la capacidad del Municipio no solo para financiar los costos de los servicios b\u00e1sicos como el alumbrado p\u00fablico, la recolecci\u00f3n de residuos y el mantenimiento de las calles, sino tambi\u00e9n la realizaci\u00f3n de inversiones clave vinculadas a la salud, la educaci\u00f3n y la seguridad. Al mismo tiempo, hubiera impedido la continuidad con fondos municipales de muchas de las obras que le correspond\u00edan finalizar al propio gobierno nacional y que fueron abandonadas desde diciembre de 2023\u00bb. \u00a0<br><br>La pol\u00e9mica surgi\u00f3 en septiembre de 2024, cuando la Secretar\u00eda de Industria y Comercio, dependiente del Ministerio de Econom\u00eda, emiti\u00f3 la Resoluci\u00f3n N\u00ba 267, mediante la cual se prohib\u00eda que las tasas incluyeran cualquier concepto que no correspondiera al precio contratado por el consumidor. En aquel momento, el intendente Ariel Sujarchuk le pidi\u00f3 al ministro Luis Caputo que deje de lado \u201clas bravuconadas y los ataques a los municipios\u201d y lo invit\u00f3 \u201ca trabajar juntos pensando c\u00f3mo mejorar la calidad de vida de nuestra gente\u00bb.<\/p>\n\n\n\n<p>Con este fallo, la Justicia dej\u00f3 claro una vez m\u00e1s que la resoluci\u00f3n emitida por orden del ministro de Econom\u00eda, Luis Caputo, no solo conllevaba un grave perjuicio social sino tambi\u00e9n una inusitada gravedad inconstitucional.&nbsp;<br><br>Este precedente sienta las bases para una relaci\u00f3n m\u00e1s equitativa entre el Poder Ejecutivo Nacional y los gobiernos locales, garantizando que el Municipio pueda seguir administrando los fondos propios de su distrito para devolverlos en servicios de calidad para sus vecinos y vecinas.<\/p>\n","protected":false},"excerpt":{"rendered":"<p>La C\u00e1mara Federal de San Mart\u00edn le dio la raz\u00f3n a la Municipalidad de Escobar al declarar inconstitucional la resoluci\u00f3n del Ministerio de Econom\u00eda de [&hellip;]<\/p>\n","protected":false},"author":1,"featured_media":16422,"comment_status":"open","ping_status":"open","sticky":false,"template":"","format":"standard","meta":{"footnotes":""},"categories":[235],"tags":[],"class_list":["post-16421","post","type-post","status-publish","format-standard","has-post-thumbnail","hentry","category-judiciales"],"better_featured_image":{"id":16422,"alt_text":"","caption":"","description":"","media_type":"image","media_details":{"width":1200,"height":800,"file":"2025\/07\/whatsapp_image_2025_07_11_at_15_00_25.jpeg","filesize":304918,"sizes":{"medium":{"file":"whatsapp_image_2025_07_11_at_15_00_25-300x200.jpeg","width":300,"height":200,"mime-type":"image\/jpeg","filesize":14537,"source_url":"https:\/\/nuevodigitaldeescobar.com.ar\/wp-content\/uploads\/2025\/07\/whatsapp_image_2025_07_11_at_15_00_25-300x200.jpeg"},"large":{"file":"whatsapp_image_2025_07_11_at_15_00_25-1024x683.jpeg","width":1024,"height":683,"mime-type":"image\/jpeg","filesize":118430,"source_url":"https:\/\/nuevodigitaldeescobar.com.ar\/wp-content\/uploads\/2025\/07\/whatsapp_image_2025_07_11_at_15_00_25-1024x683.jpeg"},"thumbnail":{"file":"whatsapp_image_2025_07_11_at_15_00_25-150x150.jpeg","width":150,"height":150,"mime-type":"image\/jpeg","filesize":6773,"source_url":"https:\/\/nuevodigitaldeescobar.com.ar\/wp-content\/uploads\/2025\/07\/whatsapp_image_2025_07_11_at_15_00_25-150x150.jpeg"},"medium_large":{"file":"whatsapp_image_2025_07_11_at_15_00_25-768x512.jpeg","width":768,"height":512,"mime-type":"image\/jpeg","filesize":69274,"source_url":"https:\/\/nuevodigitaldeescobar.com.ar\/wp-content\/uploads\/2025\/07\/whatsapp_image_2025_07_11_at_15_00_25-768x512.jpeg"}},"image_meta":{"aperture":"0","credit":"","camera":"","caption":"","created_timestamp":"0","copyright":"","focal_length":"0","iso":"0","shutter_speed":"0","title":"","orientation":"0","keywords":[]}},"post":16421,"source_url":"https:\/\/nuevodigitaldeescobar.com.ar\/wp-content\/uploads\/2025\/07\/whatsapp_image_2025_07_11_at_15_00_25.jpeg"},"yoast_head":"<!-- This site is optimized with the Yoast SEO plugin v26.1.1 - https:\/\/yoast.com\/wordpress\/plugins\/seo\/ -->\n<title>Fallo judicial a favor del Municipio en su disputa con el gobierno nacional por el cobro de tasas - Nuevo Digital de Escobar<\/title>\n<meta name=\"description\" content=\"La pol\u00e9mica surgi\u00f3 en septiembre de 2024, cuando la Secretar\u00eda de Industria y Comercio, dependiente del Ministerio de Econom\u00eda, emiti\u00f3 la Resoluci\u00f3n N\u00ba 267, mediante la cual se prohib\u00eda que las tasas incluyeran cualquier concepto que no correspondiera al precio contratado por el consumidor.\" \/>\n<meta name=\"robots\" content=\"index, follow, max-snippet:-1, max-image-preview:large, max-video-preview:-1\" \/>\n<link rel=\"canonical\" href=\"https:\/\/nuevodigitaldeescobar.com.ar\/?p=16421\" \/>\n<meta property=\"og:locale\" content=\"es_ES\" \/>\n<meta property=\"og:type\" content=\"article\" \/>\n<meta property=\"og:title\" content=\"Fallo judicial a favor del Municipio en su disputa con el gobierno nacional por el cobro de tasas\" \/>\n<meta property=\"og:description\" content=\"La pol\u00e9mica surgi\u00f3 en septiembre de 2024, cuando la Secretar\u00eda de Industria y Comercio, dependiente del Ministerio de Econom\u00eda, emiti\u00f3 la Resoluci\u00f3n N\u00ba 267, mediante la cual se prohib\u00eda que las tasas incluyeran cualquier concepto que no correspondiera al precio contratado por el consumidor.\" \/>\n<meta property=\"og:url\" content=\"https:\/\/nuevodigitaldeescobar.com.ar\/?p=16421\" \/>\n<meta property=\"og:site_name\" content=\"Nuevo Digital de Escobar\" \/>\n<meta property=\"article:publisher\" content=\"https:\/\/www.facebook.com\/NUEVODigitalDeEscobar\" \/>\n<meta property=\"article:published_time\" content=\"2025-07-14T10:55:00+00:00\" \/>\n<meta property=\"og:image\" content=\"https:\/\/nuevodigitaldeescobar.com.ar\/wp-content\/uploads\/2025\/07\/whatsapp_image_2025_07_11_at_15_00_25.jpeg\" \/>\n\t<meta property=\"og:image:width\" content=\"1200\" \/>\n\t<meta property=\"og:image:height\" content=\"800\" \/>\n\t<meta property=\"og:image:type\" content=\"image\/jpeg\" \/>\n<meta name=\"author\" content=\"Redacci\u00f3n\" \/>\n<meta name=\"twitter:card\" content=\"summary_large_image\" \/>\n<meta name=\"twitter:title\" content=\"Fallo judicial a favor del Municipio en su disputa con el gobierno nacional por el cobro de tasas\" \/>\n<meta name=\"twitter:image\" content=\"https:\/\/nuevodigitaldeescobar.com.ar\/wp-content\/uploads\/2025\/07\/whatsapp_image_2025_07_11_at_15_00_25.jpeg\" \/>\n<meta name=\"twitter:creator\" content=\"@nuevodigescobar\" \/>\n<meta name=\"twitter:site\" content=\"@nuevodigescobar\" \/>\n<meta name=\"twitter:label1\" content=\"Escrito por\" \/>\n\t<meta name=\"twitter:data1\" content=\"Redacci\u00f3n\" \/>\n\t<meta name=\"twitter:label2\" content=\"Tiempo de lectura\" \/>\n\t<meta name=\"twitter:data2\" content=\"2 minutos\" \/>\n<script type=\"application\/ld+json\" class=\"yoast-schema-graph\">{\"@context\":\"https:\/\/schema.org\",\"@graph\":[{\"@type\":\"Article\",\"@id\":\"https:\/\/nuevodigitaldeescobar.com.ar\/?p=16421#article\",\"isPartOf\":{\"@id\":\"https:\/\/nuevodigitaldeescobar.com.ar\/?p=16421\"},\"author\":{\"name\":\"Redacci\u00f3n\",\"@id\":\"https:\/\/nuevodigitaldeescobar.com.ar\/#\/schema\/person\/035e90a8efe9a80e6eec22656ad6ea4c\"},\"headline\":\"Fallo judicial a favor del Municipio en su disputa con el gobierno nacional por el cobro de tasas\",\"datePublished\":\"2025-07-14T10:55:00+00:00\",\"mainEntityOfPage\":{\"@id\":\"https:\/\/nuevodigitaldeescobar.com.ar\/?p=16421\"},\"wordCount\":370,\"commentCount\":0,\"publisher\":{\"@id\":\"https:\/\/nuevodigitaldeescobar.com.ar\/#organization\"},\"image\":{\"@id\":\"https:\/\/nuevodigitaldeescobar.com.ar\/?p=16421#primaryimage\"},\"thumbnailUrl\":\"https:\/\/nuevodigitaldeescobar.com.ar\/wp-content\/uploads\/2025\/07\/whatsapp_image_2025_07_11_at_15_00_25.jpeg\",\"articleSection\":[\"Judiciales\"],\"inLanguage\":\"es\",\"potentialAction\":[{\"@type\":\"CommentAction\",\"name\":\"Comment\",\"target\":[\"https:\/\/nuevodigitaldeescobar.com.ar\/?p=16421#respond\"]}]},{\"@type\":\"WebPage\",\"@id\":\"https:\/\/nuevodigitaldeescobar.com.ar\/?p=16421\",\"url\":\"https:\/\/nuevodigitaldeescobar.com.ar\/?p=16421\",\"name\":\"Fallo judicial a favor del Municipio en su disputa con el gobierno nacional por el cobro de tasas - Nuevo Digital de Escobar\",\"isPartOf\":{\"@id\":\"https:\/\/nuevodigitaldeescobar.com.ar\/#website\"},\"primaryImageOfPage\":{\"@id\":\"https:\/\/nuevodigitaldeescobar.com.ar\/?p=16421#primaryimage\"},\"image\":{\"@id\":\"https:\/\/nuevodigitaldeescobar.com.ar\/?p=16421#primaryimage\"},\"thumbnailUrl\":\"https:\/\/nuevodigitaldeescobar.com.ar\/wp-content\/uploads\/2025\/07\/whatsapp_image_2025_07_11_at_15_00_25.jpeg\",\"datePublished\":\"2025-07-14T10:55:00+00:00\",\"description\":\"La pol\u00e9mica surgi\u00f3 en septiembre de 2024, cuando la Secretar\u00eda de Industria y Comercio, dependiente del Ministerio de Econom\u00eda, emiti\u00f3 la Resoluci\u00f3n N\u00ba 267, mediante la cual se prohib\u00eda que las tasas incluyeran cualquier concepto que no correspondiera al precio contratado por el consumidor.\",\"breadcrumb\":{\"@id\":\"https:\/\/nuevodigitaldeescobar.com.ar\/?p=16421#breadcrumb\"},\"inLanguage\":\"es\",\"potentialAction\":[{\"@type\":\"ReadAction\",\"target\":[\"https:\/\/nuevodigitaldeescobar.com.ar\/?p=16421\"]}]},{\"@type\":\"ImageObject\",\"inLanguage\":\"es\",\"@id\":\"https:\/\/nuevodigitaldeescobar.com.ar\/?p=16421#primaryimage\",\"url\":\"https:\/\/nuevodigitaldeescobar.com.ar\/wp-content\/uploads\/2025\/07\/whatsapp_image_2025_07_11_at_15_00_25.jpeg\",\"contentUrl\":\"https:\/\/nuevodigitaldeescobar.com.ar\/wp-content\/uploads\/2025\/07\/whatsapp_image_2025_07_11_at_15_00_25.jpeg\",\"width\":1200,\"height\":800},{\"@type\":\"BreadcrumbList\",\"@id\":\"https:\/\/nuevodigitaldeescobar.com.ar\/?p=16421#breadcrumb\",\"itemListElement\":[{\"@type\":\"ListItem\",\"position\":1,\"name\":\"Portada\",\"item\":\"https:\/\/nuevodigitaldeescobar.com.ar\/\"},{\"@type\":\"ListItem\",\"position\":2,\"name\":\"Fallo judicial a favor del Municipio en su disputa con el gobierno nacional por el cobro de tasas\"}]},{\"@type\":\"WebSite\",\"@id\":\"https:\/\/nuevodigitaldeescobar.com.ar\/#website\",\"url\":\"https:\/\/nuevodigitaldeescobar.com.ar\/\",\"name\":\"Nuevo Digital de Escobar\",\"description\":\"La vida escobarense. Directora: Rosana Brunner\",\"publisher\":{\"@id\":\"https:\/\/nuevodigitaldeescobar.com.ar\/#organization\"},\"potentialAction\":[{\"@type\":\"SearchAction\",\"target\":{\"@type\":\"EntryPoint\",\"urlTemplate\":\"https:\/\/nuevodigitaldeescobar.com.ar\/?s={search_term_string}\"},\"query-input\":{\"@type\":\"PropertyValueSpecification\",\"valueRequired\":true,\"valueName\":\"search_term_string\"}}],\"inLanguage\":\"es\"},{\"@type\":\"Organization\",\"@id\":\"https:\/\/nuevodigitaldeescobar.com.ar\/#organization\",\"name\":\"Nuevo Digital de Escobar\",\"url\":\"https:\/\/nuevodigitaldeescobar.com.ar\/\",\"logo\":{\"@type\":\"ImageObject\",\"inLanguage\":\"es\",\"@id\":\"https:\/\/nuevodigitaldeescobar.com.ar\/#\/schema\/logo\/image\/\",\"url\":\"https:\/\/nuevodigitaldeescobar.com.ar\/wp-content\/uploads\/2025\/05\/cropped-logo-nuevo2.jpg\",\"contentUrl\":\"https:\/\/nuevodigitaldeescobar.com.ar\/wp-content\/uploads\/2025\/05\/cropped-logo-nuevo2.jpg\",\"width\":305,\"height\":305,\"caption\":\"Nuevo Digital de Escobar\"},\"image\":{\"@id\":\"https:\/\/nuevodigitaldeescobar.com.ar\/#\/schema\/logo\/image\/\"},\"sameAs\":[\"https:\/\/www.facebook.com\/NUEVODigitalDeEscobar\",\"https:\/\/x.com\/nuevodigescobar\",\"https:\/\/www.instagram.com\/nuevodigitaldeescobar\"]},{\"@type\":\"Person\",\"@id\":\"https:\/\/nuevodigitaldeescobar.com.ar\/#\/schema\/person\/035e90a8efe9a80e6eec22656ad6ea4c\",\"name\":\"Redacci\u00f3n\",\"image\":{\"@type\":\"ImageObject\",\"inLanguage\":\"es\",\"@id\":\"https:\/\/nuevodigitaldeescobar.com.ar\/#\/schema\/person\/image\/\",\"url\":\"https:\/\/secure.gravatar.com\/avatar\/8af8f40000c24e9eef3034f2be5998a372bb1389e64b1a4a36b3a7979142220d?s=96&d=mm&r=g\",\"contentUrl\":\"https:\/\/secure.gravatar.com\/avatar\/8af8f40000c24e9eef3034f2be5998a372bb1389e64b1a4a36b3a7979142220d?s=96&d=mm&r=g\",\"caption\":\"Redacci\u00f3n\"},\"sameAs\":[\"http:\/\/nuevodigitaldeescobar.com.ar\"],\"url\":\"https:\/\/nuevodigitaldeescobar.com.ar\/?author=1\"}]}<\/script>\n<!-- \/ Yoast SEO plugin. -->","yoast_head_json":{"title":"Fallo judicial a favor del Municipio en su disputa con el gobierno nacional por el cobro de tasas - Nuevo Digital de Escobar","description":"La pol\u00e9mica surgi\u00f3 en septiembre de 2024, cuando la Secretar\u00eda de Industria y Comercio, dependiente del Ministerio de Econom\u00eda, emiti\u00f3 la Resoluci\u00f3n N\u00ba 267, mediante la cual se prohib\u00eda que las tasas incluyeran cualquier concepto que no correspondiera al precio contratado por el consumidor.","robots":{"index":"index","follow":"follow","max-snippet":"max-snippet:-1","max-image-preview":"max-image-preview:large","max-video-preview":"max-video-preview:-1"},"canonical":"https:\/\/nuevodigitaldeescobar.com.ar\/?p=16421","og_locale":"es_ES","og_type":"article","og_title":"Fallo judicial a favor del Municipio en su disputa con el gobierno nacional por el cobro de tasas","og_description":"La pol\u00e9mica surgi\u00f3 en septiembre de 2024, cuando la Secretar\u00eda de Industria y Comercio, dependiente del Ministerio de Econom\u00eda, emiti\u00f3 la Resoluci\u00f3n N\u00ba 267, mediante la cual se prohib\u00eda que las tasas incluyeran cualquier concepto que no correspondiera al precio contratado por el consumidor.","og_url":"https:\/\/nuevodigitaldeescobar.com.ar\/?p=16421","og_site_name":"Nuevo Digital de Escobar","article_publisher":"https:\/\/www.facebook.com\/NUEVODigitalDeEscobar","article_published_time":"2025-07-14T10:55:00+00:00","og_image":[{"width":1200,"height":800,"url":"https:\/\/nuevodigitaldeescobar.com.ar\/wp-content\/uploads\/2025\/07\/whatsapp_image_2025_07_11_at_15_00_25.jpeg","type":"image\/jpeg"}],"author":"Redacci\u00f3n","twitter_card":"summary_large_image","twitter_title":"Fallo judicial a favor del Municipio en su disputa con el gobierno nacional por el cobro de tasas","twitter_image":"https:\/\/nuevodigitaldeescobar.com.ar\/wp-content\/uploads\/2025\/07\/whatsapp_image_2025_07_11_at_15_00_25.jpeg","twitter_creator":"@nuevodigescobar","twitter_site":"@nuevodigescobar","twitter_misc":{"Escrito por":"Redacci\u00f3n","Tiempo de lectura":"2 minutos"},"schema":{"@context":"https:\/\/schema.org","@graph":[{"@type":"Article","@id":"https:\/\/nuevodigitaldeescobar.com.ar\/?p=16421#article","isPartOf":{"@id":"https:\/\/nuevodigitaldeescobar.com.ar\/?p=16421"},"author":{"name":"Redacci\u00f3n","@id":"https:\/\/nuevodigitaldeescobar.com.ar\/#\/schema\/person\/035e90a8efe9a80e6eec22656ad6ea4c"},"headline":"Fallo judicial a favor del Municipio en su disputa con el gobierno nacional por el cobro de tasas","datePublished":"2025-07-14T10:55:00+00:00","mainEntityOfPage":{"@id":"https:\/\/nuevodigitaldeescobar.com.ar\/?p=16421"},"wordCount":370,"commentCount":0,"publisher":{"@id":"https:\/\/nuevodigitaldeescobar.com.ar\/#organization"},"image":{"@id":"https:\/\/nuevodigitaldeescobar.com.ar\/?p=16421#primaryimage"},"thumbnailUrl":"https:\/\/nuevodigitaldeescobar.com.ar\/wp-content\/uploads\/2025\/07\/whatsapp_image_2025_07_11_at_15_00_25.jpeg","articleSection":["Judiciales"],"inLanguage":"es","potentialAction":[{"@type":"CommentAction","name":"Comment","target":["https:\/\/nuevodigitaldeescobar.com.ar\/?p=16421#respond"]}]},{"@type":"WebPage","@id":"https:\/\/nuevodigitaldeescobar.com.ar\/?p=16421","url":"https:\/\/nuevodigitaldeescobar.com.ar\/?p=16421","name":"Fallo judicial a favor del Municipio en su disputa con el gobierno nacional por el cobro de tasas - Nuevo Digital de Escobar","isPartOf":{"@id":"https:\/\/nuevodigitaldeescobar.com.ar\/#website"},"primaryImageOfPage":{"@id":"https:\/\/nuevodigitaldeescobar.com.ar\/?p=16421#primaryimage"},"image":{"@id":"https:\/\/nuevodigitaldeescobar.com.ar\/?p=16421#primaryimage"},"thumbnailUrl":"https:\/\/nuevodigitaldeescobar.com.ar\/wp-content\/uploads\/2025\/07\/whatsapp_image_2025_07_11_at_15_00_25.jpeg","datePublished":"2025-07-14T10:55:00+00:00","description":"La pol\u00e9mica surgi\u00f3 en septiembre de 2024, cuando la Secretar\u00eda de Industria y Comercio, dependiente del Ministerio de Econom\u00eda, emiti\u00f3 la Resoluci\u00f3n N\u00ba 267, mediante la cual se prohib\u00eda que las tasas incluyeran cualquier concepto que no correspondiera al precio contratado por el consumidor.","breadcrumb":{"@id":"https:\/\/nuevodigitaldeescobar.com.ar\/?p=16421#breadcrumb"},"inLanguage":"es","potentialAction":[{"@type":"ReadAction","target":["https:\/\/nuevodigitaldeescobar.com.ar\/?p=16421"]}]},{"@type":"ImageObject","inLanguage":"es","@id":"https:\/\/nuevodigitaldeescobar.com.ar\/?p=16421#primaryimage","url":"https:\/\/nuevodigitaldeescobar.com.ar\/wp-content\/uploads\/2025\/07\/whatsapp_image_2025_07_11_at_15_00_25.jpeg","contentUrl":"https:\/\/nuevodigitaldeescobar.com.ar\/wp-content\/uploads\/2025\/07\/whatsapp_image_2025_07_11_at_15_00_25.jpeg","width":1200,"height":800},{"@type":"BreadcrumbList","@id":"https:\/\/nuevodigitaldeescobar.com.ar\/?p=16421#breadcrumb","itemListElement":[{"@type":"ListItem","position":1,"name":"Portada","item":"https:\/\/nuevodigitaldeescobar.com.ar\/"},{"@type":"ListItem","position":2,"name":"Fallo judicial a favor del Municipio en su disputa con el gobierno nacional por el cobro de tasas"}]},{"@type":"WebSite","@id":"https:\/\/nuevodigitaldeescobar.com.ar\/#website","url":"https:\/\/nuevodigitaldeescobar.com.ar\/","name":"Nuevo Digital de Escobar","description":"La vida escobarense. Directora: Rosana Brunner","publisher":{"@id":"https:\/\/nuevodigitaldeescobar.com.ar\/#organization"},"potentialAction":[{"@type":"SearchAction","target":{"@type":"EntryPoint","urlTemplate":"https:\/\/nuevodigitaldeescobar.com.ar\/?s={search_term_string}"},"query-input":{"@type":"PropertyValueSpecification","valueRequired":true,"valueName":"search_term_string"}}],"inLanguage":"es"},{"@type":"Organization","@id":"https:\/\/nuevodigitaldeescobar.com.ar\/#organization","name":"Nuevo Digital de Escobar","url":"https:\/\/nuevodigitaldeescobar.com.ar\/","logo":{"@type":"ImageObject","inLanguage":"es","@id":"https:\/\/nuevodigitaldeescobar.com.ar\/#\/schema\/logo\/image\/","url":"https:\/\/nuevodigitaldeescobar.com.ar\/wp-content\/uploads\/2025\/05\/cropped-logo-nuevo2.jpg","contentUrl":"https:\/\/nuevodigitaldeescobar.com.ar\/wp-content\/uploads\/2025\/05\/cropped-logo-nuevo2.jpg","width":305,"height":305,"caption":"Nuevo Digital de Escobar"},"image":{"@id":"https:\/\/nuevodigitaldeescobar.com.ar\/#\/schema\/logo\/image\/"},"sameAs":["https:\/\/www.facebook.com\/NUEVODigitalDeEscobar","https:\/\/x.com\/nuevodigescobar","https:\/\/www.instagram.com\/nuevodigitaldeescobar"]},{"@type":"Person","@id":"https:\/\/nuevodigitaldeescobar.com.ar\/#\/schema\/person\/035e90a8efe9a80e6eec22656ad6ea4c","name":"Redacci\u00f3n","image":{"@type":"ImageObject","inLanguage":"es","@id":"https:\/\/nuevodigitaldeescobar.com.ar\/#\/schema\/person\/image\/","url":"https:\/\/secure.gravatar.com\/avatar\/8af8f40000c24e9eef3034f2be5998a372bb1389e64b1a4a36b3a7979142220d?s=96&d=mm&r=g","contentUrl":"https:\/\/secure.gravatar.com\/avatar\/8af8f40000c24e9eef3034f2be5998a372bb1389e64b1a4a36b3a7979142220d?s=96&d=mm&r=g","caption":"Redacci\u00f3n"},"sameAs":["http:\/\/nuevodigitaldeescobar.com.ar"],"url":"https:\/\/nuevodigitaldeescobar.com.ar\/?author=1"}]}},"featured_image_urls":{"full":["https:\/\/nuevodigitaldeescobar.com.ar\/wp-content\/uploads\/2025\/07\/whatsapp_image_2025_07_11_at_15_00_25.jpeg",1200,800,false],"thumbnail":["https:\/\/nuevodigitaldeescobar.com.ar\/wp-content\/uploads\/2025\/07\/whatsapp_image_2025_07_11_at_15_00_25-150x150.jpeg",150,150,true],"medium":["https:\/\/nuevodigitaldeescobar.com.ar\/wp-content\/uploads\/2025\/07\/whatsapp_image_2025_07_11_at_15_00_25-300x200.jpeg",300,200,true],"medium_large":["https:\/\/nuevodigitaldeescobar.com.ar\/wp-content\/uploads\/2025\/07\/whatsapp_image_2025_07_11_at_15_00_25-768x512.jpeg",640,427,true],"large":["https:\/\/nuevodigitaldeescobar.com.ar\/wp-content\/uploads\/2025\/07\/whatsapp_image_2025_07_11_at_15_00_25-1024x683.jpeg",640,427,true],"1536x1536":["https:\/\/nuevodigitaldeescobar.com.ar\/wp-content\/uploads\/2025\/07\/whatsapp_image_2025_07_11_at_15_00_25.jpeg",1200,800,false],"2048x2048":["https:\/\/nuevodigitaldeescobar.com.ar\/wp-content\/uploads\/2025\/07\/whatsapp_image_2025_07_11_at_15_00_25.jpeg",1200,800,false]},"author_info":{"display_name":"Redacci\u00f3n","author_link":"https:\/\/nuevodigitaldeescobar.com.ar\/?author=1"},"category_info":"<a href=\"https:\/\/nuevodigitaldeescobar.com.ar\/?cat=235\" rel=\"category\">Judiciales<\/a>","tag_info":"Judiciales","comment_count":"0","_links":{"self":[{"href":"https:\/\/nuevodigitaldeescobar.com.ar\/index.php?rest_route=\/wp\/v2\/posts\/16421","targetHints":{"allow":["GET"]}}],"collection":[{"href":"https:\/\/nuevodigitaldeescobar.com.ar\/index.php?rest_route=\/wp\/v2\/posts"}],"about":[{"href":"https:\/\/nuevodigitaldeescobar.com.ar\/index.php?rest_route=\/wp\/v2\/types\/post"}],"author":[{"embeddable":true,"href":"https:\/\/nuevodigitaldeescobar.com.ar\/index.php?rest_route=\/wp\/v2\/users\/1"}],"replies":[{"embeddable":true,"href":"https:\/\/nuevodigitaldeescobar.com.ar\/index.php?rest_route=%2Fwp%2Fv2%2Fcomments&post=16421"}],"version-history":[{"count":1,"href":"https:\/\/nuevodigitaldeescobar.com.ar\/index.php?rest_route=\/wp\/v2\/posts\/16421\/revisions"}],"predecessor-version":[{"id":16423,"href":"https:\/\/nuevodigitaldeescobar.com.ar\/index.php?rest_route=\/wp\/v2\/posts\/16421\/revisions\/16423"}],"wp:featuredmedia":[{"embeddable":true,"href":"https:\/\/nuevodigitaldeescobar.com.ar\/index.php?rest_route=\/wp\/v2\/media\/16422"}],"wp:attachment":[{"href":"https:\/\/nuevodigitaldeescobar.com.ar\/index.php?rest_route=%2Fwp%2Fv2%2Fmedia&parent=16421"}],"wp:term":[{"taxonomy":"category","embeddable":true,"href":"https:\/\/nuevodigitaldeescobar.com.ar\/index.php?rest_route=%2Fwp%2Fv2%2Fcategories&post=16421"},{"taxonomy":"post_tag","embeddable":true,"href":"https:\/\/nuevodigitaldeescobar.com.ar\/index.php?rest_route=%2Fwp%2Fv2%2Ftags&post=16421"}],"curies":[{"name":"wp","href":"https:\/\/api.w.org\/{rel}","templated":true}]}}