{"id":16433,"date":"2025-07-14T00:53:25","date_gmt":"2025-07-14T03:53:25","guid":{"rendered":"https:\/\/nuevodigitaldeescobar.com.ar\/?p=16433"},"modified":"2025-07-14T00:53:28","modified_gmt":"2025-07-14T03:53:28","slug":"justicia-revierte-una-polemica-absolucion-y-condena-a-un-abusador-serial-a-25-anos-de-prision","status":"publish","type":"post","link":"https:\/\/nuevodigitaldeescobar.com.ar\/?p=16433","title":{"rendered":"Justicia revierte una pol\u00e9mica absoluci\u00f3n y condena a un abusador serial a 25 a\u00f1os de prisi\u00f3n"},"content":{"rendered":"\n<p class=\"has-vivid-cyan-blue-color has-text-color has-link-color wp-elements-edeac13c6f6da7e1c7d3419b61b0fb48\"><strong><em>El fallo original hab\u00eda desestimado m\u00faltiples denuncias de abuso sexual y violencia. Ahora, la C\u00e1mara de Casaci\u00f3n corrigi\u00f3 la sentencia y lo encontr\u00f3 culpable por violaciones, corrupci\u00f3n de menores, amenazas y otros delitos.<\/em><\/strong><\/p>\n\n\n\n<!--more-->\n\n\n\n<p>La Sala III de la C\u00e1mara Nacional de Casaci\u00f3n en lo Criminal y Correccional conden\u00f3 a <strong>25 a\u00f1os de prisi\u00f3n a Juan \u00c1ngel Tolaba<\/strong>, quien hab\u00eda sido previamente <strong>absuelto por un tribunal oral<\/strong>, pese a las m\u00faltiples denuncias de abuso sexual presentadas por su ex pareja, su hijastra y sus propios nietos. La sentencia anterior fue revocada por considerarse arbitraria y carente de perspectiva de g\u00e9nero y derechos de la infancia.<\/p>\n\n\n\n<h3 class=\"wp-block-heading has-text-color has-link-color wp-elements-7a1f0109b20649cb71cd784b35fbd368\" style=\"color:#0642c4\">\ud83d\udd0e Qu\u00e9 se investig\u00f3<\/h3>\n\n\n\n<p>Los hechos ocurrieron entre 2014 y febrero de 2020 en distintos domicilios de la Ciudad de Buenos Aires. Tolaba fue acusado de <strong>abuso sexual con acceso carnal reiterado<\/strong>, <strong>promoci\u00f3n de la corrupci\u00f3n de menores<\/strong>, <strong>coacci\u00f3n<\/strong>, <strong>privaci\u00f3n ilegal de la libertad<\/strong>, y amenazas. Las v\u00edctimas fueron su exesposa, una hijastra y cuatro nietos, algunos de los cuales eran menores de edad al momento de los abusos.<\/p>\n\n\n\n<p>El caso sali\u00f3 a la luz por una primera denuncia en 2019, impulsada por una de las hijastras del acusado tras una recomendaci\u00f3n escolar. Luego se sumaron las declaraciones de ex parejas, hijas y nueras del acusado, quienes aportaron testimonios coincidentes sobre abusos, violencia f\u00edsica y encierros forzados.<\/p>\n\n\n\n<h3 class=\"wp-block-heading has-text-color has-link-color wp-elements-491501c0a3aa518596e6e3ae831dbc4c\" style=\"color:#0642c4\">\u274c La pol\u00e9mica absoluci\u00f3n<\/h3>\n\n\n\n<p>En un fallo muy criticado, el <strong>Tribunal Oral en lo Criminal y Correccional N\u00b0 8<\/strong> hab\u00eda desestimado gran parte de la prueba, argumentando supuestas inconsistencias en los relatos y sugiriendo incluso una posible \u201cconfabulaci\u00f3n\u201d de las denunciantes.<\/p>\n\n\n\n<p>El tribunal minimiz\u00f3 la validez de las c\u00e1maras Gesell realizadas a menores, calific\u00f3 de \u201cescuetos\u201d sus testimonios, y descart\u00f3 informes psicol\u00f3gicos por considerarlos basados \u00fanicamente en los dichos de las v\u00edctimas. Esta interpretaci\u00f3n fue revertida por Casaci\u00f3n, que consider\u00f3 que el fallo ignor\u00f3 est\u00e1ndares internacionales y nacionales sobre violencia sexual, de g\u00e9nero e infantil.<\/p>\n\n\n\n<h3 class=\"wp-block-heading has-text-color has-link-color wp-elements-ed60438b0e7bf8141a94516722eea972\" style=\"color:#0642c4\">\u2696\ufe0f Una condena con perspectiva de derechos<\/h3>\n\n\n\n<p>La C\u00e1mara de Casaci\u00f3n, integrada por los jueces <strong>Pablo Jantus, Alberto Huarte Petite y Horacio Dias<\/strong>, analiz\u00f3 el caso con una perspectiva integral. Destac\u00f3 que los abusos fueron cometidos en un <strong>entorno familiar de sometimiento<\/strong>, donde las v\u00edctimas conviv\u00edan con el agresor bajo constantes amenazas, encierros, y violencia psicol\u00f3gica.<\/p>\n\n\n\n<p>Se consideraron especialmente relevantes los testimonios persistentes de las v\u00edctimas, su coherencia entre s\u00ed y el patr\u00f3n de conducta que se repet\u00eda con distintas personas en distintos momentos.<\/p>\n\n\n\n<p>Adem\u00e1s, los jueces remarcaron que no es razonable cuestionar el silencio inicial de las v\u00edctimas ni exigir un comportamiento \u201cesperable\u201d seg\u00fan estereotipos sociales o de g\u00e9nero.<\/p>\n\n\n\n<h3 class=\"wp-block-heading has-text-color has-link-color wp-elements-9af2bbb8e8180aabe5f63fd34853040c\" style=\"color:#0642c4\">\ud83d\udc69\u200d\u2696\ufe0f El nuevo fallo y sus fundamentos<\/h3>\n\n\n\n<p>Tolaba fue condenado por:<\/p>\n\n\n\n<ul class=\"wp-block-list\">\n<li><strong>Abuso sexual con acceso carnal agravado<\/strong> por el v\u00ednculo y la guarda.<\/li>\n\n\n\n<li><strong>Promoci\u00f3n de la corrupci\u00f3n de menores agravada<\/strong>.<\/li>\n\n\n\n<li><strong>Coacci\u00f3n agravada<\/strong>.<\/li>\n\n\n\n<li><strong>Privaci\u00f3n ilegal de la libertad reiterada<\/strong>.<\/li>\n<\/ul>\n\n\n\n<p>Los magistrados tambi\u00e9n ordenaron tomar el <strong>perfil gen\u00e9tico del condenado<\/strong> para ingresarlo al Banco Nacional de Datos Gen\u00e9ticos.<\/p>\n\n\n\n<p>Entre los agravantes se contemplaron la reiteraci\u00f3n de los hechos, el da\u00f1o psicol\u00f3gico causado a las v\u00edctimas, el uso de amenazas y el alto nivel de violencia. Como atenuantes, se consider\u00f3 que Tolaba no ten\u00eda antecedentes penales y su bajo nivel sociocultural.<\/p>\n\n\n\n<hr class=\"wp-block-separator has-alpha-channel-opacity\"\/>\n\n\n\n<h3 class=\"wp-block-heading has-text-color has-link-color wp-elements-c3461b94f2d15fbdc710647fdc5003ec\" style=\"color:#0642c4\">\ud83d\udccc Una sentencia que marca posici\u00f3n<\/h3>\n\n\n\n<p>Este fallo marca un antecedente relevante en la Justicia argentina. No s\u00f3lo por la severidad de la condena, sino tambi\u00e9n porque pone de relieve la <strong>importancia de evaluar las denuncias de abuso con perspectiva de g\u00e9nero y derechos de ni\u00f1os, ni\u00f1as y adolescentes<\/strong>, sin caer en estigmas ni estereotipos.<\/p>\n\n\n\n<p>La revisi\u00f3n del caso por parte de Casaci\u00f3n evit\u00f3 que una decisi\u00f3n judicial deficiente dejara impune una cadena de abusos y violencias que se extendieron durante a\u00f1os, y que afectaron gravemente a varias generaciones dentro de un mismo n\u00facleo familiar.<\/p>\n\n\n\n<p><\/p>\n","protected":false},"excerpt":{"rendered":"<p>El fallo original hab\u00eda desestimado m\u00faltiples denuncias de abuso sexual y violencia. Ahora, la C\u00e1mara de Casaci\u00f3n corrigi\u00f3 la sentencia y lo encontr\u00f3 culpable por [&hellip;]<\/p>\n","protected":false},"author":1,"featured_media":16434,"comment_status":"open","ping_status":"open","sticky":false,"template":"","format":"standard","meta":{"footnotes":""},"categories":[235],"tags":[],"class_list":["post-16433","post","type-post","status-publish","format-standard","has-post-thumbnail","hentry","category-judiciales"],"better_featured_image":{"id":16434,"alt_text":"","caption":"","description":"","media_type":"image","media_details":{"width":992,"height":558,"file":"2025\/07\/abusadorabs23.png","filesize":1059052,"sizes":{"medium":{"file":"abusadorabs23-300x169.png","width":300,"height":169,"mime-type":"image\/png","filesize":42999,"source_url":"https:\/\/nuevodigitaldeescobar.com.ar\/wp-content\/uploads\/2025\/07\/abusadorabs23-300x169.png"},"thumbnail":{"file":"abusadorabs23-150x150.png","width":150,"height":150,"mime-type":"image\/png","filesize":20509,"source_url":"https:\/\/nuevodigitaldeescobar.com.ar\/wp-content\/uploads\/2025\/07\/abusadorabs23-150x150.png"},"medium_large":{"file":"abusadorabs23-768x432.png","width":768,"height":432,"mime-type":"image\/png","filesize":246861,"source_url":"https:\/\/nuevodigitaldeescobar.com.ar\/wp-content\/uploads\/2025\/07\/abusadorabs23-768x432.png"}},"image_meta":{"aperture":"0","credit":"","camera":"","caption":"","created_timestamp":"0","copyright":"","focal_length":"0","iso":"0","shutter_speed":"0","title":"","orientation":"0","keywords":[]}},"post":16433,"source_url":"https:\/\/nuevodigitaldeescobar.com.ar\/wp-content\/uploads\/2025\/07\/abusadorabs23.png"},"yoast_head":"<!-- This site is optimized with the Yoast SEO plugin v26.1.1 - https:\/\/yoast.com\/wordpress\/plugins\/seo\/ -->\n<title>Justicia revierte una pol\u00e9mica absoluci\u00f3n y condena a un abusador serial a 25 a\u00f1os de prisi\u00f3n - Nuevo Digital de Escobar<\/title>\n<meta name=\"robots\" content=\"index, follow, max-snippet:-1, max-image-preview:large, max-video-preview:-1\" \/>\n<link rel=\"canonical\" href=\"https:\/\/nuevodigitaldeescobar.com.ar\/?p=16433\" \/>\n<meta property=\"og:locale\" content=\"es_ES\" \/>\n<meta property=\"og:type\" content=\"article\" \/>\n<meta property=\"og:title\" content=\"Justicia revierte una pol\u00e9mica absoluci\u00f3n y condena a un abusador serial a 25 a\u00f1os de prisi\u00f3n - Nuevo Digital de Escobar\" \/>\n<meta property=\"og:description\" content=\"El fallo original hab\u00eda desestimado m\u00faltiples denuncias de abuso sexual y violencia. Ahora, la C\u00e1mara de Casaci\u00f3n corrigi\u00f3 la sentencia y lo encontr\u00f3 culpable por [&hellip;]\" \/>\n<meta property=\"og:url\" content=\"https:\/\/nuevodigitaldeescobar.com.ar\/?p=16433\" \/>\n<meta property=\"og:site_name\" content=\"Nuevo Digital de Escobar\" \/>\n<meta property=\"article:publisher\" content=\"https:\/\/www.facebook.com\/NUEVODigitalDeEscobar\" \/>\n<meta property=\"article:published_time\" content=\"2025-07-14T03:53:25+00:00\" \/>\n<meta property=\"article:modified_time\" content=\"2025-07-14T03:53:28+00:00\" \/>\n<meta property=\"og:image\" content=\"http:\/\/nuevodigitaldeescobar.com.ar\/wp-content\/uploads\/2025\/07\/abusadorabs23.png\" \/>\n\t<meta property=\"og:image:width\" content=\"992\" \/>\n\t<meta property=\"og:image:height\" content=\"558\" \/>\n\t<meta property=\"og:image:type\" content=\"image\/png\" \/>\n<meta name=\"author\" content=\"Redacci\u00f3n\" \/>\n<meta name=\"twitter:card\" content=\"summary_large_image\" \/>\n<meta name=\"twitter:creator\" content=\"@nuevodigescobar\" \/>\n<meta name=\"twitter:site\" content=\"@nuevodigescobar\" \/>\n<meta name=\"twitter:label1\" content=\"Escrito por\" \/>\n\t<meta name=\"twitter:data1\" content=\"Redacci\u00f3n\" \/>\n\t<meta name=\"twitter:label2\" content=\"Tiempo de lectura\" \/>\n\t<meta name=\"twitter:data2\" content=\"4 minutos\" \/>\n<script type=\"application\/ld+json\" class=\"yoast-schema-graph\">{\"@context\":\"https:\/\/schema.org\",\"@graph\":[{\"@type\":\"Article\",\"@id\":\"https:\/\/nuevodigitaldeescobar.com.ar\/?p=16433#article\",\"isPartOf\":{\"@id\":\"https:\/\/nuevodigitaldeescobar.com.ar\/?p=16433\"},\"author\":{\"name\":\"Redacci\u00f3n\",\"@id\":\"https:\/\/nuevodigitaldeescobar.com.ar\/#\/schema\/person\/035e90a8efe9a80e6eec22656ad6ea4c\"},\"headline\":\"Justicia revierte una pol\u00e9mica absoluci\u00f3n y condena a un abusador serial a 25 a\u00f1os de prisi\u00f3n\",\"datePublished\":\"2025-07-14T03:53:25+00:00\",\"dateModified\":\"2025-07-14T03:53:28+00:00\",\"mainEntityOfPage\":{\"@id\":\"https:\/\/nuevodigitaldeescobar.com.ar\/?p=16433\"},\"wordCount\":694,\"commentCount\":0,\"publisher\":{\"@id\":\"https:\/\/nuevodigitaldeescobar.com.ar\/#organization\"},\"image\":{\"@id\":\"https:\/\/nuevodigitaldeescobar.com.ar\/?p=16433#primaryimage\"},\"thumbnailUrl\":\"https:\/\/nuevodigitaldeescobar.com.ar\/wp-content\/uploads\/2025\/07\/abusadorabs23.png\",\"articleSection\":[\"Judiciales\"],\"inLanguage\":\"es\",\"potentialAction\":[{\"@type\":\"CommentAction\",\"name\":\"Comment\",\"target\":[\"https:\/\/nuevodigitaldeescobar.com.ar\/?p=16433#respond\"]}]},{\"@type\":\"WebPage\",\"@id\":\"https:\/\/nuevodigitaldeescobar.com.ar\/?p=16433\",\"url\":\"https:\/\/nuevodigitaldeescobar.com.ar\/?p=16433\",\"name\":\"Justicia revierte una pol\u00e9mica absoluci\u00f3n y condena a un abusador serial a 25 a\u00f1os de prisi\u00f3n - Nuevo Digital de Escobar\",\"isPartOf\":{\"@id\":\"https:\/\/nuevodigitaldeescobar.com.ar\/#website\"},\"primaryImageOfPage\":{\"@id\":\"https:\/\/nuevodigitaldeescobar.com.ar\/?p=16433#primaryimage\"},\"image\":{\"@id\":\"https:\/\/nuevodigitaldeescobar.com.ar\/?p=16433#primaryimage\"},\"thumbnailUrl\":\"https:\/\/nuevodigitaldeescobar.com.ar\/wp-content\/uploads\/2025\/07\/abusadorabs23.png\",\"datePublished\":\"2025-07-14T03:53:25+00:00\",\"dateModified\":\"2025-07-14T03:53:28+00:00\",\"breadcrumb\":{\"@id\":\"https:\/\/nuevodigitaldeescobar.com.ar\/?p=16433#breadcrumb\"},\"inLanguage\":\"es\",\"potentialAction\":[{\"@type\":\"ReadAction\",\"target\":[\"https:\/\/nuevodigitaldeescobar.com.ar\/?p=16433\"]}]},{\"@type\":\"ImageObject\",\"inLanguage\":\"es\",\"@id\":\"https:\/\/nuevodigitaldeescobar.com.ar\/?p=16433#primaryimage\",\"url\":\"https:\/\/nuevodigitaldeescobar.com.ar\/wp-content\/uploads\/2025\/07\/abusadorabs23.png\",\"contentUrl\":\"https:\/\/nuevodigitaldeescobar.com.ar\/wp-content\/uploads\/2025\/07\/abusadorabs23.png\",\"width\":992,\"height\":558},{\"@type\":\"BreadcrumbList\",\"@id\":\"https:\/\/nuevodigitaldeescobar.com.ar\/?p=16433#breadcrumb\",\"itemListElement\":[{\"@type\":\"ListItem\",\"position\":1,\"name\":\"Portada\",\"item\":\"https:\/\/nuevodigitaldeescobar.com.ar\/\"},{\"@type\":\"ListItem\",\"position\":2,\"name\":\"Justicia revierte una pol\u00e9mica absoluci\u00f3n y condena a un abusador serial a 25 a\u00f1os de prisi\u00f3n\"}]},{\"@type\":\"WebSite\",\"@id\":\"https:\/\/nuevodigitaldeescobar.com.ar\/#website\",\"url\":\"https:\/\/nuevodigitaldeescobar.com.ar\/\",\"name\":\"Nuevo Digital de Escobar\",\"description\":\"La vida escobarense. Directora: Rosana Brunner\",\"publisher\":{\"@id\":\"https:\/\/nuevodigitaldeescobar.com.ar\/#organization\"},\"potentialAction\":[{\"@type\":\"SearchAction\",\"target\":{\"@type\":\"EntryPoint\",\"urlTemplate\":\"https:\/\/nuevodigitaldeescobar.com.ar\/?s={search_term_string}\"},\"query-input\":{\"@type\":\"PropertyValueSpecification\",\"valueRequired\":true,\"valueName\":\"search_term_string\"}}],\"inLanguage\":\"es\"},{\"@type\":\"Organization\",\"@id\":\"https:\/\/nuevodigitaldeescobar.com.ar\/#organization\",\"name\":\"Nuevo Digital de Escobar\",\"url\":\"https:\/\/nuevodigitaldeescobar.com.ar\/\",\"logo\":{\"@type\":\"ImageObject\",\"inLanguage\":\"es\",\"@id\":\"https:\/\/nuevodigitaldeescobar.com.ar\/#\/schema\/logo\/image\/\",\"url\":\"https:\/\/nuevodigitaldeescobar.com.ar\/wp-content\/uploads\/2025\/05\/cropped-logo-nuevo2.jpg\",\"contentUrl\":\"https:\/\/nuevodigitaldeescobar.com.ar\/wp-content\/uploads\/2025\/05\/cropped-logo-nuevo2.jpg\",\"width\":305,\"height\":305,\"caption\":\"Nuevo Digital de Escobar\"},\"image\":{\"@id\":\"https:\/\/nuevodigitaldeescobar.com.ar\/#\/schema\/logo\/image\/\"},\"sameAs\":[\"https:\/\/www.facebook.com\/NUEVODigitalDeEscobar\",\"https:\/\/x.com\/nuevodigescobar\",\"https:\/\/www.instagram.com\/nuevodigitaldeescobar\"]},{\"@type\":\"Person\",\"@id\":\"https:\/\/nuevodigitaldeescobar.com.ar\/#\/schema\/person\/035e90a8efe9a80e6eec22656ad6ea4c\",\"name\":\"Redacci\u00f3n\",\"image\":{\"@type\":\"ImageObject\",\"inLanguage\":\"es\",\"@id\":\"https:\/\/nuevodigitaldeescobar.com.ar\/#\/schema\/person\/image\/\",\"url\":\"https:\/\/secure.gravatar.com\/avatar\/8af8f40000c24e9eef3034f2be5998a372bb1389e64b1a4a36b3a7979142220d?s=96&d=mm&r=g\",\"contentUrl\":\"https:\/\/secure.gravatar.com\/avatar\/8af8f40000c24e9eef3034f2be5998a372bb1389e64b1a4a36b3a7979142220d?s=96&d=mm&r=g\",\"caption\":\"Redacci\u00f3n\"},\"sameAs\":[\"http:\/\/nuevodigitaldeescobar.com.ar\"],\"url\":\"https:\/\/nuevodigitaldeescobar.com.ar\/?author=1\"}]}<\/script>\n<!-- \/ Yoast SEO plugin. -->","yoast_head_json":{"title":"Justicia revierte una pol\u00e9mica absoluci\u00f3n y condena a un abusador serial a 25 a\u00f1os de prisi\u00f3n - Nuevo Digital de Escobar","robots":{"index":"index","follow":"follow","max-snippet":"max-snippet:-1","max-image-preview":"max-image-preview:large","max-video-preview":"max-video-preview:-1"},"canonical":"https:\/\/nuevodigitaldeescobar.com.ar\/?p=16433","og_locale":"es_ES","og_type":"article","og_title":"Justicia revierte una pol\u00e9mica absoluci\u00f3n y condena a un abusador serial a 25 a\u00f1os de prisi\u00f3n - Nuevo Digital de Escobar","og_description":"El fallo original hab\u00eda desestimado m\u00faltiples denuncias de abuso sexual y violencia. Ahora, la C\u00e1mara de Casaci\u00f3n corrigi\u00f3 la sentencia y lo encontr\u00f3 culpable por [&hellip;]","og_url":"https:\/\/nuevodigitaldeescobar.com.ar\/?p=16433","og_site_name":"Nuevo Digital de Escobar","article_publisher":"https:\/\/www.facebook.com\/NUEVODigitalDeEscobar","article_published_time":"2025-07-14T03:53:25+00:00","article_modified_time":"2025-07-14T03:53:28+00:00","og_image":[{"width":992,"height":558,"url":"http:\/\/nuevodigitaldeescobar.com.ar\/wp-content\/uploads\/2025\/07\/abusadorabs23.png","type":"image\/png"}],"author":"Redacci\u00f3n","twitter_card":"summary_large_image","twitter_creator":"@nuevodigescobar","twitter_site":"@nuevodigescobar","twitter_misc":{"Escrito por":"Redacci\u00f3n","Tiempo de lectura":"4 minutos"},"schema":{"@context":"https:\/\/schema.org","@graph":[{"@type":"Article","@id":"https:\/\/nuevodigitaldeescobar.com.ar\/?p=16433#article","isPartOf":{"@id":"https:\/\/nuevodigitaldeescobar.com.ar\/?p=16433"},"author":{"name":"Redacci\u00f3n","@id":"https:\/\/nuevodigitaldeescobar.com.ar\/#\/schema\/person\/035e90a8efe9a80e6eec22656ad6ea4c"},"headline":"Justicia revierte una pol\u00e9mica absoluci\u00f3n y condena a un abusador serial a 25 a\u00f1os de prisi\u00f3n","datePublished":"2025-07-14T03:53:25+00:00","dateModified":"2025-07-14T03:53:28+00:00","mainEntityOfPage":{"@id":"https:\/\/nuevodigitaldeescobar.com.ar\/?p=16433"},"wordCount":694,"commentCount":0,"publisher":{"@id":"https:\/\/nuevodigitaldeescobar.com.ar\/#organization"},"image":{"@id":"https:\/\/nuevodigitaldeescobar.com.ar\/?p=16433#primaryimage"},"thumbnailUrl":"https:\/\/nuevodigitaldeescobar.com.ar\/wp-content\/uploads\/2025\/07\/abusadorabs23.png","articleSection":["Judiciales"],"inLanguage":"es","potentialAction":[{"@type":"CommentAction","name":"Comment","target":["https:\/\/nuevodigitaldeescobar.com.ar\/?p=16433#respond"]}]},{"@type":"WebPage","@id":"https:\/\/nuevodigitaldeescobar.com.ar\/?p=16433","url":"https:\/\/nuevodigitaldeescobar.com.ar\/?p=16433","name":"Justicia revierte una pol\u00e9mica absoluci\u00f3n y condena a un abusador serial a 25 a\u00f1os de prisi\u00f3n - Nuevo Digital de Escobar","isPartOf":{"@id":"https:\/\/nuevodigitaldeescobar.com.ar\/#website"},"primaryImageOfPage":{"@id":"https:\/\/nuevodigitaldeescobar.com.ar\/?p=16433#primaryimage"},"image":{"@id":"https:\/\/nuevodigitaldeescobar.com.ar\/?p=16433#primaryimage"},"thumbnailUrl":"https:\/\/nuevodigitaldeescobar.com.ar\/wp-content\/uploads\/2025\/07\/abusadorabs23.png","datePublished":"2025-07-14T03:53:25+00:00","dateModified":"2025-07-14T03:53:28+00:00","breadcrumb":{"@id":"https:\/\/nuevodigitaldeescobar.com.ar\/?p=16433#breadcrumb"},"inLanguage":"es","potentialAction":[{"@type":"ReadAction","target":["https:\/\/nuevodigitaldeescobar.com.ar\/?p=16433"]}]},{"@type":"ImageObject","inLanguage":"es","@id":"https:\/\/nuevodigitaldeescobar.com.ar\/?p=16433#primaryimage","url":"https:\/\/nuevodigitaldeescobar.com.ar\/wp-content\/uploads\/2025\/07\/abusadorabs23.png","contentUrl":"https:\/\/nuevodigitaldeescobar.com.ar\/wp-content\/uploads\/2025\/07\/abusadorabs23.png","width":992,"height":558},{"@type":"BreadcrumbList","@id":"https:\/\/nuevodigitaldeescobar.com.ar\/?p=16433#breadcrumb","itemListElement":[{"@type":"ListItem","position":1,"name":"Portada","item":"https:\/\/nuevodigitaldeescobar.com.ar\/"},{"@type":"ListItem","position":2,"name":"Justicia revierte una pol\u00e9mica absoluci\u00f3n y condena a un abusador serial a 25 a\u00f1os de prisi\u00f3n"}]},{"@type":"WebSite","@id":"https:\/\/nuevodigitaldeescobar.com.ar\/#website","url":"https:\/\/nuevodigitaldeescobar.com.ar\/","name":"Nuevo Digital de Escobar","description":"La vida escobarense. Directora: Rosana Brunner","publisher":{"@id":"https:\/\/nuevodigitaldeescobar.com.ar\/#organization"},"potentialAction":[{"@type":"SearchAction","target":{"@type":"EntryPoint","urlTemplate":"https:\/\/nuevodigitaldeescobar.com.ar\/?s={search_term_string}"},"query-input":{"@type":"PropertyValueSpecification","valueRequired":true,"valueName":"search_term_string"}}],"inLanguage":"es"},{"@type":"Organization","@id":"https:\/\/nuevodigitaldeescobar.com.ar\/#organization","name":"Nuevo Digital de Escobar","url":"https:\/\/nuevodigitaldeescobar.com.ar\/","logo":{"@type":"ImageObject","inLanguage":"es","@id":"https:\/\/nuevodigitaldeescobar.com.ar\/#\/schema\/logo\/image\/","url":"https:\/\/nuevodigitaldeescobar.com.ar\/wp-content\/uploads\/2025\/05\/cropped-logo-nuevo2.jpg","contentUrl":"https:\/\/nuevodigitaldeescobar.com.ar\/wp-content\/uploads\/2025\/05\/cropped-logo-nuevo2.jpg","width":305,"height":305,"caption":"Nuevo Digital de Escobar"},"image":{"@id":"https:\/\/nuevodigitaldeescobar.com.ar\/#\/schema\/logo\/image\/"},"sameAs":["https:\/\/www.facebook.com\/NUEVODigitalDeEscobar","https:\/\/x.com\/nuevodigescobar","https:\/\/www.instagram.com\/nuevodigitaldeescobar"]},{"@type":"Person","@id":"https:\/\/nuevodigitaldeescobar.com.ar\/#\/schema\/person\/035e90a8efe9a80e6eec22656ad6ea4c","name":"Redacci\u00f3n","image":{"@type":"ImageObject","inLanguage":"es","@id":"https:\/\/nuevodigitaldeescobar.com.ar\/#\/schema\/person\/image\/","url":"https:\/\/secure.gravatar.com\/avatar\/8af8f40000c24e9eef3034f2be5998a372bb1389e64b1a4a36b3a7979142220d?s=96&d=mm&r=g","contentUrl":"https:\/\/secure.gravatar.com\/avatar\/8af8f40000c24e9eef3034f2be5998a372bb1389e64b1a4a36b3a7979142220d?s=96&d=mm&r=g","caption":"Redacci\u00f3n"},"sameAs":["http:\/\/nuevodigitaldeescobar.com.ar"],"url":"https:\/\/nuevodigitaldeescobar.com.ar\/?author=1"}]}},"featured_image_urls":{"full":["https:\/\/nuevodigitaldeescobar.com.ar\/wp-content\/uploads\/2025\/07\/abusadorabs23.png",992,558,false],"thumbnail":["https:\/\/nuevodigitaldeescobar.com.ar\/wp-content\/uploads\/2025\/07\/abusadorabs23-150x150.png",150,150,true],"medium":["https:\/\/nuevodigitaldeescobar.com.ar\/wp-content\/uploads\/2025\/07\/abusadorabs23-300x169.png",300,169,true],"medium_large":["https:\/\/nuevodigitaldeescobar.com.ar\/wp-content\/uploads\/2025\/07\/abusadorabs23-768x432.png",640,360,true],"large":["https:\/\/nuevodigitaldeescobar.com.ar\/wp-content\/uploads\/2025\/07\/abusadorabs23.png",640,360,false],"1536x1536":["https:\/\/nuevodigitaldeescobar.com.ar\/wp-content\/uploads\/2025\/07\/abusadorabs23.png",992,558,false],"2048x2048":["https:\/\/nuevodigitaldeescobar.com.ar\/wp-content\/uploads\/2025\/07\/abusadorabs23.png",992,558,false]},"author_info":{"display_name":"Redacci\u00f3n","author_link":"https:\/\/nuevodigitaldeescobar.com.ar\/?author=1"},"category_info":"<a href=\"https:\/\/nuevodigitaldeescobar.com.ar\/?cat=235\" rel=\"category\">Judiciales<\/a>","tag_info":"Judiciales","comment_count":"0","_links":{"self":[{"href":"https:\/\/nuevodigitaldeescobar.com.ar\/index.php?rest_route=\/wp\/v2\/posts\/16433","targetHints":{"allow":["GET"]}}],"collection":[{"href":"https:\/\/nuevodigitaldeescobar.com.ar\/index.php?rest_route=\/wp\/v2\/posts"}],"about":[{"href":"https:\/\/nuevodigitaldeescobar.com.ar\/index.php?rest_route=\/wp\/v2\/types\/post"}],"author":[{"embeddable":true,"href":"https:\/\/nuevodigitaldeescobar.com.ar\/index.php?rest_route=\/wp\/v2\/users\/1"}],"replies":[{"embeddable":true,"href":"https:\/\/nuevodigitaldeescobar.com.ar\/index.php?rest_route=%2Fwp%2Fv2%2Fcomments&post=16433"}],"version-history":[{"count":1,"href":"https:\/\/nuevodigitaldeescobar.com.ar\/index.php?rest_route=\/wp\/v2\/posts\/16433\/revisions"}],"predecessor-version":[{"id":16435,"href":"https:\/\/nuevodigitaldeescobar.com.ar\/index.php?rest_route=\/wp\/v2\/posts\/16433\/revisions\/16435"}],"wp:featuredmedia":[{"embeddable":true,"href":"https:\/\/nuevodigitaldeescobar.com.ar\/index.php?rest_route=\/wp\/v2\/media\/16434"}],"wp:attachment":[{"href":"https:\/\/nuevodigitaldeescobar.com.ar\/index.php?rest_route=%2Fwp%2Fv2%2Fmedia&parent=16433"}],"wp:term":[{"taxonomy":"category","embeddable":true,"href":"https:\/\/nuevodigitaldeescobar.com.ar\/index.php?rest_route=%2Fwp%2Fv2%2Fcategories&post=16433"},{"taxonomy":"post_tag","embeddable":true,"href":"https:\/\/nuevodigitaldeescobar.com.ar\/index.php?rest_route=%2Fwp%2Fv2%2Ftags&post=16433"}],"curies":[{"name":"wp","href":"https:\/\/api.w.org\/{rel}","templated":true}]}}