{"id":16508,"date":"2025-07-16T08:20:39","date_gmt":"2025-07-16T11:20:39","guid":{"rendered":"https:\/\/nuevodigitaldeescobar.com.ar\/?p=16508"},"modified":"2025-07-16T08:20:41","modified_gmt":"2025-07-16T11:20:41","slug":"hallan-con-vida-al-joven-desaparecido-tras-mas-de-24-horas-de-busqueda","status":"publish","type":"post","link":"https:\/\/nuevodigitaldeescobar.com.ar\/?p=16508","title":{"rendered":"Hallan con vida al joven desaparecido, tras m\u00e1s de 24 horas de b\u00fasqueda"},"content":{"rendered":"\n<p>Un alivio para la familia, pero tambi\u00e9n para la comunidad\u202f. Tras m\u00e1s de 24 horas de intensa b\u00fasqueda, las autoridades y vecinos de Ingeniero Maschwitz encontraron en buen estado de salud a un joven, aparentemente desorientado, en inmediaciones de las v\u00edas del ferrocarril.<\/p>\n\n\n\n<!--more-->\n\n\n\n<p>Seg\u00fan las primeras informaciones, el joven hab\u00eda sido reportado como desaparecido el d\u00eda anterior, y la alarma moviliz\u00f3 a la comisar\u00eda local, bomberos voluntarios y m\u00faltiples equipos de b\u00fasqueda, que rastrillaron diversas zonas. En estas \u00faltimas horas, se vio finalmente al chico sentando sobre la circulaci\u00f3n ferroviaria, cerca de la Reserva Natural.<\/p>\n\n\n\n<p>El hallazgo ocurri\u00f3 poco despu\u00e9s de pasada una jornada completa desde su desaparici\u00f3n, y si bien presentaba signos de fatiga y desorientaci\u00f3n, no se reportaron heridas de gravedad. Fuentes policiales confirmaron que se activaron los protocolos de \u201caveriguaci\u00f3n de causales de desaparici\u00f3n\u201d y fue trasladado a un centro de salud local para evaluaci\u00f3n, especialmente desde el enfoque psicol\u00f3gico, ya que se presume que podr\u00eda haber sufrido un episodio de crisis o confusi\u00f3n.<\/p>\n\n\n\n<p>La desaparici\u00f3n de Ivo Darrigo hab\u00eda alertado a miles de vecinos que compartieron im\u00e1genes de su b\u00fasqueda en redes sociales. Hijo de un conocido arquitecto de El Cazador, su desaparici\u00f3n alert\u00f3 a la comunidad que tras conocerse la buena nueva expres\u00f3 su alegr\u00eda.<\/p>\n","protected":false},"excerpt":{"rendered":"<p>Un alivio para la familia, pero tambi\u00e9n para la comunidad\u202f. Tras m\u00e1s de 24 horas de intensa b\u00fasqueda, las autoridades y vecinos de Ingeniero Maschwitz [&hellip;]<\/p>\n","protected":false},"author":1,"featured_media":16509,"comment_status":"open","ping_status":"open","sticky":false,"template":"","format":"standard","meta":{"footnotes":""},"categories":[7],"tags":[],"class_list":["post-16508","post","type-post","status-publish","format-standard","has-post-thumbnail","hentry","category-interes-general"],"better_featured_image":{"id":16509,"alt_text":"","caption":"","description":"","media_type":"image","media_details":{"width":590,"height":597,"file":"2025\/07\/a62f874b-f3ad-4ff3-8551-2fb295612f31-e1752664819333.jpg","filesize":51860,"sizes":{"medium":{"file":"a62f874b-f3ad-4ff3-8551-2fb295612f31-e1752664819333-296x300.jpg","width":296,"height":300,"mime-type":"image\/jpeg","filesize":16535,"source_url":"https:\/\/nuevodigitaldeescobar.com.ar\/wp-content\/uploads\/2025\/07\/a62f874b-f3ad-4ff3-8551-2fb295612f31-e1752664819333-296x300.jpg"},"large":{"file":"a62f874b-f3ad-4ff3-8551-2fb295612f31-472x1024.jpg","width":472,"height":1024,"mime-type":"image\/jpeg","filesize":68059,"source_url":"https:\/\/nuevodigitaldeescobar.com.ar\/wp-content\/uploads\/2025\/07\/a62f874b-f3ad-4ff3-8551-2fb295612f31-472x1024.jpg"},"thumbnail":{"file":"a62f874b-f3ad-4ff3-8551-2fb295612f31-e1752664819333-150x150.jpg","width":150,"height":150,"mime-type":"image\/jpeg","filesize":5638,"source_url":"https:\/\/nuevodigitaldeescobar.com.ar\/wp-content\/uploads\/2025\/07\/a62f874b-f3ad-4ff3-8551-2fb295612f31-e1752664819333-150x150.jpg"}},"image_meta":{"aperture":"0","credit":"","camera":"","caption":"","created_timestamp":"0","copyright":"","focal_length":"0","iso":"0","shutter_speed":"0","title":"","orientation":"0","keywords":[]}},"post":16508,"source_url":"https:\/\/nuevodigitaldeescobar.com.ar\/wp-content\/uploads\/2025\/07\/a62f874b-f3ad-4ff3-8551-2fb295612f31-e1752664819333.jpg"},"yoast_head":"<!-- This site is optimized with the Yoast SEO plugin v26.1.1 - https:\/\/yoast.com\/wordpress\/plugins\/seo\/ -->\n<title>Hallan con vida al joven desaparecido, tras m\u00e1s de 24 horas de b\u00fasqueda - Nuevo Digital de Escobar<\/title>\n<meta name=\"description\" content=\"La desaparici\u00f3n de Ivo Darrigo hab\u00eda alertado a miles de vecinos que compartieron im\u00e1genes de su b\u00fasqueda en redes sociales. Hijo de un conocido arquitecto de El Cazador, su desaparici\u00f3n alert\u00f3 a la comunidad que tras conocerse la buena nueva expres\u00f3 su alegr\u00eda.\" \/>\n<meta name=\"robots\" content=\"index, follow, max-snippet:-1, max-image-preview:large, max-video-preview:-1\" \/>\n<link rel=\"canonical\" href=\"https:\/\/nuevodigitaldeescobar.com.ar\/?p=16508\" \/>\n<meta property=\"og:locale\" content=\"es_ES\" \/>\n<meta property=\"og:type\" content=\"article\" \/>\n<meta property=\"og:title\" content=\"Hallan con vida al joven desaparecido, tras m\u00e1s de 24 horas de b\u00fasqueda\" \/>\n<meta property=\"og:description\" content=\"La desaparici\u00f3n de Ivo Darrigo hab\u00eda alertado a miles de vecinos que compartieron im\u00e1genes de su b\u00fasqueda en redes sociales. Hijo de un conocido arquitecto de El Cazador, su desaparici\u00f3n alert\u00f3 a la comunidad que tras conocerse la buena nueva expres\u00f3 su alegr\u00eda.\" \/>\n<meta property=\"og:url\" content=\"https:\/\/nuevodigitaldeescobar.com.ar\/?p=16508\" \/>\n<meta property=\"og:site_name\" content=\"Nuevo Digital de Escobar\" \/>\n<meta property=\"article:publisher\" content=\"https:\/\/www.facebook.com\/NUEVODigitalDeEscobar\" \/>\n<meta property=\"article:published_time\" content=\"2025-07-16T11:20:39+00:00\" \/>\n<meta property=\"article:modified_time\" content=\"2025-07-16T11:20:41+00:00\" \/>\n<meta property=\"og:image\" content=\"http:\/\/nuevodigitaldeescobar.com.ar\/wp-content\/uploads\/2025\/07\/a62f874b-f3ad-4ff3-8551-2fb295612f31-e1752664819333.jpg\" \/>\n\t<meta property=\"og:image:width\" content=\"590\" \/>\n\t<meta property=\"og:image:height\" content=\"597\" \/>\n\t<meta property=\"og:image:type\" content=\"image\/jpeg\" \/>\n<meta name=\"author\" content=\"Redacci\u00f3n\" \/>\n<meta name=\"twitter:card\" content=\"summary_large_image\" \/>\n<meta name=\"twitter:creator\" content=\"@nuevodigescobar\" \/>\n<meta name=\"twitter:site\" content=\"@nuevodigescobar\" \/>\n<meta name=\"twitter:label1\" content=\"Escrito por\" \/>\n\t<meta name=\"twitter:data1\" content=\"Redacci\u00f3n\" \/>\n\t<meta name=\"twitter:label2\" content=\"Tiempo de lectura\" \/>\n\t<meta name=\"twitter:data2\" content=\"2 minutos\" \/>\n<script type=\"application\/ld+json\" class=\"yoast-schema-graph\">{\"@context\":\"https:\/\/schema.org\",\"@graph\":[{\"@type\":\"Article\",\"@id\":\"https:\/\/nuevodigitaldeescobar.com.ar\/?p=16508#article\",\"isPartOf\":{\"@id\":\"https:\/\/nuevodigitaldeescobar.com.ar\/?p=16508\"},\"author\":{\"name\":\"Redacci\u00f3n\",\"@id\":\"https:\/\/nuevodigitaldeescobar.com.ar\/#\/schema\/person\/035e90a8efe9a80e6eec22656ad6ea4c\"},\"headline\":\"Hallan con vida al joven desaparecido, tras m\u00e1s de 24 horas de b\u00fasqueda\",\"datePublished\":\"2025-07-16T11:20:39+00:00\",\"dateModified\":\"2025-07-16T11:20:41+00:00\",\"mainEntityOfPage\":{\"@id\":\"https:\/\/nuevodigitaldeescobar.com.ar\/?p=16508\"},\"wordCount\":249,\"commentCount\":0,\"publisher\":{\"@id\":\"https:\/\/nuevodigitaldeescobar.com.ar\/#organization\"},\"image\":{\"@id\":\"https:\/\/nuevodigitaldeescobar.com.ar\/?p=16508#primaryimage\"},\"thumbnailUrl\":\"https:\/\/nuevodigitaldeescobar.com.ar\/wp-content\/uploads\/2025\/07\/a62f874b-f3ad-4ff3-8551-2fb295612f31-e1752664819333.jpg\",\"articleSection\":[\"Inter\u00e9s general\"],\"inLanguage\":\"es\",\"potentialAction\":[{\"@type\":\"CommentAction\",\"name\":\"Comment\",\"target\":[\"https:\/\/nuevodigitaldeescobar.com.ar\/?p=16508#respond\"]}]},{\"@type\":\"WebPage\",\"@id\":\"https:\/\/nuevodigitaldeescobar.com.ar\/?p=16508\",\"url\":\"https:\/\/nuevodigitaldeescobar.com.ar\/?p=16508\",\"name\":\"Hallan con vida al joven desaparecido, tras m\u00e1s de 24 horas de b\u00fasqueda - Nuevo Digital de Escobar\",\"isPartOf\":{\"@id\":\"https:\/\/nuevodigitaldeescobar.com.ar\/#website\"},\"primaryImageOfPage\":{\"@id\":\"https:\/\/nuevodigitaldeescobar.com.ar\/?p=16508#primaryimage\"},\"image\":{\"@id\":\"https:\/\/nuevodigitaldeescobar.com.ar\/?p=16508#primaryimage\"},\"thumbnailUrl\":\"https:\/\/nuevodigitaldeescobar.com.ar\/wp-content\/uploads\/2025\/07\/a62f874b-f3ad-4ff3-8551-2fb295612f31-e1752664819333.jpg\",\"datePublished\":\"2025-07-16T11:20:39+00:00\",\"dateModified\":\"2025-07-16T11:20:41+00:00\",\"description\":\"La desaparici\u00f3n de Ivo Darrigo hab\u00eda alertado a miles de vecinos que compartieron im\u00e1genes de su b\u00fasqueda en redes sociales. Hijo de un conocido arquitecto de El Cazador, su desaparici\u00f3n alert\u00f3 a la comunidad que tras conocerse la buena nueva expres\u00f3 su alegr\u00eda.\",\"breadcrumb\":{\"@id\":\"https:\/\/nuevodigitaldeescobar.com.ar\/?p=16508#breadcrumb\"},\"inLanguage\":\"es\",\"potentialAction\":[{\"@type\":\"ReadAction\",\"target\":[\"https:\/\/nuevodigitaldeescobar.com.ar\/?p=16508\"]}]},{\"@type\":\"ImageObject\",\"inLanguage\":\"es\",\"@id\":\"https:\/\/nuevodigitaldeescobar.com.ar\/?p=16508#primaryimage\",\"url\":\"https:\/\/nuevodigitaldeescobar.com.ar\/wp-content\/uploads\/2025\/07\/a62f874b-f3ad-4ff3-8551-2fb295612f31-e1752664819333.jpg\",\"contentUrl\":\"https:\/\/nuevodigitaldeescobar.com.ar\/wp-content\/uploads\/2025\/07\/a62f874b-f3ad-4ff3-8551-2fb295612f31-e1752664819333.jpg\",\"width\":590,\"height\":597},{\"@type\":\"BreadcrumbList\",\"@id\":\"https:\/\/nuevodigitaldeescobar.com.ar\/?p=16508#breadcrumb\",\"itemListElement\":[{\"@type\":\"ListItem\",\"position\":1,\"name\":\"Portada\",\"item\":\"https:\/\/nuevodigitaldeescobar.com.ar\/\"},{\"@type\":\"ListItem\",\"position\":2,\"name\":\"Hallan con vida al joven desaparecido, tras m\u00e1s de 24 horas de b\u00fasqueda\"}]},{\"@type\":\"WebSite\",\"@id\":\"https:\/\/nuevodigitaldeescobar.com.ar\/#website\",\"url\":\"https:\/\/nuevodigitaldeescobar.com.ar\/\",\"name\":\"Nuevo Digital de Escobar\",\"description\":\"La vida escobarense. Directora: Rosana Brunner\",\"publisher\":{\"@id\":\"https:\/\/nuevodigitaldeescobar.com.ar\/#organization\"},\"potentialAction\":[{\"@type\":\"SearchAction\",\"target\":{\"@type\":\"EntryPoint\",\"urlTemplate\":\"https:\/\/nuevodigitaldeescobar.com.ar\/?s={search_term_string}\"},\"query-input\":{\"@type\":\"PropertyValueSpecification\",\"valueRequired\":true,\"valueName\":\"search_term_string\"}}],\"inLanguage\":\"es\"},{\"@type\":\"Organization\",\"@id\":\"https:\/\/nuevodigitaldeescobar.com.ar\/#organization\",\"name\":\"Nuevo Digital de Escobar\",\"url\":\"https:\/\/nuevodigitaldeescobar.com.ar\/\",\"logo\":{\"@type\":\"ImageObject\",\"inLanguage\":\"es\",\"@id\":\"https:\/\/nuevodigitaldeescobar.com.ar\/#\/schema\/logo\/image\/\",\"url\":\"https:\/\/nuevodigitaldeescobar.com.ar\/wp-content\/uploads\/2025\/05\/cropped-logo-nuevo2.jpg\",\"contentUrl\":\"https:\/\/nuevodigitaldeescobar.com.ar\/wp-content\/uploads\/2025\/05\/cropped-logo-nuevo2.jpg\",\"width\":305,\"height\":305,\"caption\":\"Nuevo Digital de Escobar\"},\"image\":{\"@id\":\"https:\/\/nuevodigitaldeescobar.com.ar\/#\/schema\/logo\/image\/\"},\"sameAs\":[\"https:\/\/www.facebook.com\/NUEVODigitalDeEscobar\",\"https:\/\/x.com\/nuevodigescobar\",\"https:\/\/www.instagram.com\/nuevodigitaldeescobar\"]},{\"@type\":\"Person\",\"@id\":\"https:\/\/nuevodigitaldeescobar.com.ar\/#\/schema\/person\/035e90a8efe9a80e6eec22656ad6ea4c\",\"name\":\"Redacci\u00f3n\",\"image\":{\"@type\":\"ImageObject\",\"inLanguage\":\"es\",\"@id\":\"https:\/\/nuevodigitaldeescobar.com.ar\/#\/schema\/person\/image\/\",\"url\":\"https:\/\/secure.gravatar.com\/avatar\/8af8f40000c24e9eef3034f2be5998a372bb1389e64b1a4a36b3a7979142220d?s=96&d=mm&r=g\",\"contentUrl\":\"https:\/\/secure.gravatar.com\/avatar\/8af8f40000c24e9eef3034f2be5998a372bb1389e64b1a4a36b3a7979142220d?s=96&d=mm&r=g\",\"caption\":\"Redacci\u00f3n\"},\"sameAs\":[\"http:\/\/nuevodigitaldeescobar.com.ar\"],\"url\":\"https:\/\/nuevodigitaldeescobar.com.ar\/?author=1\"}]}<\/script>\n<!-- \/ Yoast SEO plugin. -->","yoast_head_json":{"title":"Hallan con vida al joven desaparecido, tras m\u00e1s de 24 horas de b\u00fasqueda - Nuevo Digital de Escobar","description":"La desaparici\u00f3n de Ivo Darrigo hab\u00eda alertado a miles de vecinos que compartieron im\u00e1genes de su b\u00fasqueda en redes sociales. Hijo de un conocido arquitecto de El Cazador, su desaparici\u00f3n alert\u00f3 a la comunidad que tras conocerse la buena nueva expres\u00f3 su alegr\u00eda.","robots":{"index":"index","follow":"follow","max-snippet":"max-snippet:-1","max-image-preview":"max-image-preview:large","max-video-preview":"max-video-preview:-1"},"canonical":"https:\/\/nuevodigitaldeescobar.com.ar\/?p=16508","og_locale":"es_ES","og_type":"article","og_title":"Hallan con vida al joven desaparecido, tras m\u00e1s de 24 horas de b\u00fasqueda","og_description":"La desaparici\u00f3n de Ivo Darrigo hab\u00eda alertado a miles de vecinos que compartieron im\u00e1genes de su b\u00fasqueda en redes sociales. Hijo de un conocido arquitecto de El Cazador, su desaparici\u00f3n alert\u00f3 a la comunidad que tras conocerse la buena nueva expres\u00f3 su alegr\u00eda.","og_url":"https:\/\/nuevodigitaldeescobar.com.ar\/?p=16508","og_site_name":"Nuevo Digital de Escobar","article_publisher":"https:\/\/www.facebook.com\/NUEVODigitalDeEscobar","article_published_time":"2025-07-16T11:20:39+00:00","article_modified_time":"2025-07-16T11:20:41+00:00","og_image":[{"width":590,"height":597,"url":"http:\/\/nuevodigitaldeescobar.com.ar\/wp-content\/uploads\/2025\/07\/a62f874b-f3ad-4ff3-8551-2fb295612f31-e1752664819333.jpg","type":"image\/jpeg"}],"author":"Redacci\u00f3n","twitter_card":"summary_large_image","twitter_creator":"@nuevodigescobar","twitter_site":"@nuevodigescobar","twitter_misc":{"Escrito por":"Redacci\u00f3n","Tiempo de lectura":"2 minutos"},"schema":{"@context":"https:\/\/schema.org","@graph":[{"@type":"Article","@id":"https:\/\/nuevodigitaldeescobar.com.ar\/?p=16508#article","isPartOf":{"@id":"https:\/\/nuevodigitaldeescobar.com.ar\/?p=16508"},"author":{"name":"Redacci\u00f3n","@id":"https:\/\/nuevodigitaldeescobar.com.ar\/#\/schema\/person\/035e90a8efe9a80e6eec22656ad6ea4c"},"headline":"Hallan con vida al joven desaparecido, tras m\u00e1s de 24 horas de b\u00fasqueda","datePublished":"2025-07-16T11:20:39+00:00","dateModified":"2025-07-16T11:20:41+00:00","mainEntityOfPage":{"@id":"https:\/\/nuevodigitaldeescobar.com.ar\/?p=16508"},"wordCount":249,"commentCount":0,"publisher":{"@id":"https:\/\/nuevodigitaldeescobar.com.ar\/#organization"},"image":{"@id":"https:\/\/nuevodigitaldeescobar.com.ar\/?p=16508#primaryimage"},"thumbnailUrl":"https:\/\/nuevodigitaldeescobar.com.ar\/wp-content\/uploads\/2025\/07\/a62f874b-f3ad-4ff3-8551-2fb295612f31-e1752664819333.jpg","articleSection":["Inter\u00e9s general"],"inLanguage":"es","potentialAction":[{"@type":"CommentAction","name":"Comment","target":["https:\/\/nuevodigitaldeescobar.com.ar\/?p=16508#respond"]}]},{"@type":"WebPage","@id":"https:\/\/nuevodigitaldeescobar.com.ar\/?p=16508","url":"https:\/\/nuevodigitaldeescobar.com.ar\/?p=16508","name":"Hallan con vida al joven desaparecido, tras m\u00e1s de 24 horas de b\u00fasqueda - Nuevo Digital de Escobar","isPartOf":{"@id":"https:\/\/nuevodigitaldeescobar.com.ar\/#website"},"primaryImageOfPage":{"@id":"https:\/\/nuevodigitaldeescobar.com.ar\/?p=16508#primaryimage"},"image":{"@id":"https:\/\/nuevodigitaldeescobar.com.ar\/?p=16508#primaryimage"},"thumbnailUrl":"https:\/\/nuevodigitaldeescobar.com.ar\/wp-content\/uploads\/2025\/07\/a62f874b-f3ad-4ff3-8551-2fb295612f31-e1752664819333.jpg","datePublished":"2025-07-16T11:20:39+00:00","dateModified":"2025-07-16T11:20:41+00:00","description":"La desaparici\u00f3n de Ivo Darrigo hab\u00eda alertado a miles de vecinos que compartieron im\u00e1genes de su b\u00fasqueda en redes sociales. Hijo de un conocido arquitecto de El Cazador, su desaparici\u00f3n alert\u00f3 a la comunidad que tras conocerse la buena nueva expres\u00f3 su alegr\u00eda.","breadcrumb":{"@id":"https:\/\/nuevodigitaldeescobar.com.ar\/?p=16508#breadcrumb"},"inLanguage":"es","potentialAction":[{"@type":"ReadAction","target":["https:\/\/nuevodigitaldeescobar.com.ar\/?p=16508"]}]},{"@type":"ImageObject","inLanguage":"es","@id":"https:\/\/nuevodigitaldeescobar.com.ar\/?p=16508#primaryimage","url":"https:\/\/nuevodigitaldeescobar.com.ar\/wp-content\/uploads\/2025\/07\/a62f874b-f3ad-4ff3-8551-2fb295612f31-e1752664819333.jpg","contentUrl":"https:\/\/nuevodigitaldeescobar.com.ar\/wp-content\/uploads\/2025\/07\/a62f874b-f3ad-4ff3-8551-2fb295612f31-e1752664819333.jpg","width":590,"height":597},{"@type":"BreadcrumbList","@id":"https:\/\/nuevodigitaldeescobar.com.ar\/?p=16508#breadcrumb","itemListElement":[{"@type":"ListItem","position":1,"name":"Portada","item":"https:\/\/nuevodigitaldeescobar.com.ar\/"},{"@type":"ListItem","position":2,"name":"Hallan con vida al joven desaparecido, tras m\u00e1s de 24 horas de b\u00fasqueda"}]},{"@type":"WebSite","@id":"https:\/\/nuevodigitaldeescobar.com.ar\/#website","url":"https:\/\/nuevodigitaldeescobar.com.ar\/","name":"Nuevo Digital de Escobar","description":"La vida escobarense. Directora: Rosana Brunner","publisher":{"@id":"https:\/\/nuevodigitaldeescobar.com.ar\/#organization"},"potentialAction":[{"@type":"SearchAction","target":{"@type":"EntryPoint","urlTemplate":"https:\/\/nuevodigitaldeescobar.com.ar\/?s={search_term_string}"},"query-input":{"@type":"PropertyValueSpecification","valueRequired":true,"valueName":"search_term_string"}}],"inLanguage":"es"},{"@type":"Organization","@id":"https:\/\/nuevodigitaldeescobar.com.ar\/#organization","name":"Nuevo Digital de Escobar","url":"https:\/\/nuevodigitaldeescobar.com.ar\/","logo":{"@type":"ImageObject","inLanguage":"es","@id":"https:\/\/nuevodigitaldeescobar.com.ar\/#\/schema\/logo\/image\/","url":"https:\/\/nuevodigitaldeescobar.com.ar\/wp-content\/uploads\/2025\/05\/cropped-logo-nuevo2.jpg","contentUrl":"https:\/\/nuevodigitaldeescobar.com.ar\/wp-content\/uploads\/2025\/05\/cropped-logo-nuevo2.jpg","width":305,"height":305,"caption":"Nuevo Digital de Escobar"},"image":{"@id":"https:\/\/nuevodigitaldeescobar.com.ar\/#\/schema\/logo\/image\/"},"sameAs":["https:\/\/www.facebook.com\/NUEVODigitalDeEscobar","https:\/\/x.com\/nuevodigescobar","https:\/\/www.instagram.com\/nuevodigitaldeescobar"]},{"@type":"Person","@id":"https:\/\/nuevodigitaldeescobar.com.ar\/#\/schema\/person\/035e90a8efe9a80e6eec22656ad6ea4c","name":"Redacci\u00f3n","image":{"@type":"ImageObject","inLanguage":"es","@id":"https:\/\/nuevodigitaldeescobar.com.ar\/#\/schema\/person\/image\/","url":"https:\/\/secure.gravatar.com\/avatar\/8af8f40000c24e9eef3034f2be5998a372bb1389e64b1a4a36b3a7979142220d?s=96&d=mm&r=g","contentUrl":"https:\/\/secure.gravatar.com\/avatar\/8af8f40000c24e9eef3034f2be5998a372bb1389e64b1a4a36b3a7979142220d?s=96&d=mm&r=g","caption":"Redacci\u00f3n"},"sameAs":["http:\/\/nuevodigitaldeescobar.com.ar"],"url":"https:\/\/nuevodigitaldeescobar.com.ar\/?author=1"}]}},"featured_image_urls":{"full":["https:\/\/nuevodigitaldeescobar.com.ar\/wp-content\/uploads\/2025\/07\/a62f874b-f3ad-4ff3-8551-2fb295612f31-e1752664819333.jpg",590,597,false],"thumbnail":["https:\/\/nuevodigitaldeescobar.com.ar\/wp-content\/uploads\/2025\/07\/a62f874b-f3ad-4ff3-8551-2fb295612f31-e1752664819333-150x150.jpg",150,150,true],"medium":["https:\/\/nuevodigitaldeescobar.com.ar\/wp-content\/uploads\/2025\/07\/a62f874b-f3ad-4ff3-8551-2fb295612f31-e1752664819333-296x300.jpg",296,300,true],"medium_large":["https:\/\/nuevodigitaldeescobar.com.ar\/wp-content\/uploads\/2025\/07\/a62f874b-f3ad-4ff3-8551-2fb295612f31-e1752664819333.jpg",590,597,false],"large":["https:\/\/nuevodigitaldeescobar.com.ar\/wp-content\/uploads\/2025\/07\/a62f874b-f3ad-4ff3-8551-2fb295612f31-472x1024.jpg",472,1024,true],"1536x1536":["https:\/\/nuevodigitaldeescobar.com.ar\/wp-content\/uploads\/2025\/07\/a62f874b-f3ad-4ff3-8551-2fb295612f31-e1752664819333.jpg",590,597,false],"2048x2048":["https:\/\/nuevodigitaldeescobar.com.ar\/wp-content\/uploads\/2025\/07\/a62f874b-f3ad-4ff3-8551-2fb295612f31-e1752664819333.jpg",590,597,false]},"author_info":{"display_name":"Redacci\u00f3n","author_link":"https:\/\/nuevodigitaldeescobar.com.ar\/?author=1"},"category_info":"<a href=\"https:\/\/nuevodigitaldeescobar.com.ar\/?cat=7\" rel=\"category\">Inter\u00e9s general<\/a>","tag_info":"Inter\u00e9s general","comment_count":"0","_links":{"self":[{"href":"https:\/\/nuevodigitaldeescobar.com.ar\/index.php?rest_route=\/wp\/v2\/posts\/16508","targetHints":{"allow":["GET"]}}],"collection":[{"href":"https:\/\/nuevodigitaldeescobar.com.ar\/index.php?rest_route=\/wp\/v2\/posts"}],"about":[{"href":"https:\/\/nuevodigitaldeescobar.com.ar\/index.php?rest_route=\/wp\/v2\/types\/post"}],"author":[{"embeddable":true,"href":"https:\/\/nuevodigitaldeescobar.com.ar\/index.php?rest_route=\/wp\/v2\/users\/1"}],"replies":[{"embeddable":true,"href":"https:\/\/nuevodigitaldeescobar.com.ar\/index.php?rest_route=%2Fwp%2Fv2%2Fcomments&post=16508"}],"version-history":[{"count":1,"href":"https:\/\/nuevodigitaldeescobar.com.ar\/index.php?rest_route=\/wp\/v2\/posts\/16508\/revisions"}],"predecessor-version":[{"id":16510,"href":"https:\/\/nuevodigitaldeescobar.com.ar\/index.php?rest_route=\/wp\/v2\/posts\/16508\/revisions\/16510"}],"wp:featuredmedia":[{"embeddable":true,"href":"https:\/\/nuevodigitaldeescobar.com.ar\/index.php?rest_route=\/wp\/v2\/media\/16509"}],"wp:attachment":[{"href":"https:\/\/nuevodigitaldeescobar.com.ar\/index.php?rest_route=%2Fwp%2Fv2%2Fmedia&parent=16508"}],"wp:term":[{"taxonomy":"category","embeddable":true,"href":"https:\/\/nuevodigitaldeescobar.com.ar\/index.php?rest_route=%2Fwp%2Fv2%2Fcategories&post=16508"},{"taxonomy":"post_tag","embeddable":true,"href":"https:\/\/nuevodigitaldeescobar.com.ar\/index.php?rest_route=%2Fwp%2Fv2%2Ftags&post=16508"}],"curies":[{"name":"wp","href":"https:\/\/api.w.org\/{rel}","templated":true}]}}