{"id":16556,"date":"2025-07-18T17:57:00","date_gmt":"2025-07-18T20:57:00","guid":{"rendered":"https:\/\/nuevodigitaldeescobar.com.ar\/?p=16556"},"modified":"2025-07-18T19:07:04","modified_gmt":"2025-07-18T22:07:04","slug":"abrieron-escopark-y-el-mercado-de-oportunidades","status":"publish","type":"post","link":"https:\/\/nuevodigitaldeescobar.com.ar\/?p=16556","title":{"rendered":"Abrieron Escopark y el Mercado de Oportunidades"},"content":{"rendered":"\n<p>Escobar dio la bienvenida a las vacaciones de invierno con dos grandes propuestas para toda la familia: Escopark y el Mercado de Oportunidades, ambas en el Predio Floral (Mateo Gelves 1050, Bel\u00e9n de Escobar). El intendente Ariel Sujarchuk inaugur\u00f3 oficialmente las actividades junto a cientos de vecinos que fueron a disfrutar del evento.<\/p>\n\n\n\n<!--more-->\n\n\n\n<p>\u201cCon inclusi\u00f3n, con cultura, impulsando el mercado y el consumo, pensando en las familias y en las infancias, es como se saca Escobar adelante. Y as\u00ed tambi\u00e9n se saca adelante la Provincia y el pa\u00eds. No ajustando, sino agrandando la torta para que nadie se quede fuera de la mesa de los argentinos\u201d, explic\u00f3 Sujarchuk.&nbsp;<\/p>\n\n\n\n<p>Escopark funcionar\u00e1 hasta el domingo 3 de agosto con entrada general libre y gratuita. Entre las atracciones se destacan inflables gigantes, juegos de kermesse, pista de scalextric, palestra inflable, maquillaje art\u00edstico, circo, juegos de mesa, propuestas de arte y espacios de juego. Todos los inflables ubicados dentro del predio tambi\u00e9n ser\u00e1n gratuitos.<\/p>\n\n\n\n<p>Entre las propuestas aranceladas se encuentran: paintball grupal (hasta diez personas), pista de patinaje sobre hielo ecol\u00f3gico, juegos de l\u00e1ser y experiencias de realidad virtual. Las actividades se extienden tambi\u00e9n al predio ubicado cruzando la calle Gelves, donde habr\u00e1 shows en vivo, food trucks y m\u00e1s propuestas recreativas para toda la familia.&nbsp;<\/p>\n\n\n<div class=\"wp-block-image\">\n<figure class=\"aligncenter size-large\"><img fetchpriority=\"high\" decoding=\"async\" width=\"1024\" height=\"682\" src=\"http:\/\/nuevodigitaldeescobar.com.ar\/wp-content\/uploads\/2025\/07\/e56dcc78_bc16_4241_8e65_94f117994f23-1024x682.jpg\" alt=\"\" class=\"wp-image-16558\" srcset=\"https:\/\/nuevodigitaldeescobar.com.ar\/wp-content\/uploads\/2025\/07\/e56dcc78_bc16_4241_8e65_94f117994f23-1024x682.jpg 1024w, https:\/\/nuevodigitaldeescobar.com.ar\/wp-content\/uploads\/2025\/07\/e56dcc78_bc16_4241_8e65_94f117994f23-300x200.jpg 300w, https:\/\/nuevodigitaldeescobar.com.ar\/wp-content\/uploads\/2025\/07\/e56dcc78_bc16_4241_8e65_94f117994f23-768x512.jpg 768w, https:\/\/nuevodigitaldeescobar.com.ar\/wp-content\/uploads\/2025\/07\/e56dcc78_bc16_4241_8e65_94f117994f23-1536x1023.jpg 1536w, https:\/\/nuevodigitaldeescobar.com.ar\/wp-content\/uploads\/2025\/07\/e56dcc78_bc16_4241_8e65_94f117994f23.jpg 1600w\" sizes=\"(max-width: 1024px) 100vw, 1024px\" \/><\/figure><\/div>\n\n\n<p>Por su parte, el Mercado de Oportunidades reabre hasta el 20 de julio, de 10 a 18 horas, con m\u00e1s de 100 stands de diversos rubros y descuentos de hasta el 70% en carnicer\u00eda, fiambrer\u00eda, perfumer\u00eda, muebles, verduler\u00eda, ferreter\u00eda y mucho m\u00e1s. Tambi\u00e9n habr\u00e1 comercios adheridos a los descuentos del Banco Provincia y sorteos de \u00f3rdenes de compra, vouchers y productos.&nbsp;<\/p>\n\n\n<div class=\"wp-block-image\">\n<figure class=\"aligncenter size-large\"><img decoding=\"async\" width=\"1024\" height=\"682\" src=\"http:\/\/nuevodigitaldeescobar.com.ar\/wp-content\/uploads\/2025\/07\/855bee80_a49e_4cf7_ae7c_c38083011e9b-1024x682.jpg\" alt=\"\" class=\"wp-image-16557\" srcset=\"https:\/\/nuevodigitaldeescobar.com.ar\/wp-content\/uploads\/2025\/07\/855bee80_a49e_4cf7_ae7c_c38083011e9b-1024x682.jpg 1024w, https:\/\/nuevodigitaldeescobar.com.ar\/wp-content\/uploads\/2025\/07\/855bee80_a49e_4cf7_ae7c_c38083011e9b-300x200.jpg 300w, https:\/\/nuevodigitaldeescobar.com.ar\/wp-content\/uploads\/2025\/07\/855bee80_a49e_4cf7_ae7c_c38083011e9b-768x512.jpg 768w, https:\/\/nuevodigitaldeescobar.com.ar\/wp-content\/uploads\/2025\/07\/855bee80_a49e_4cf7_ae7c_c38083011e9b-1536x1023.jpg 1536w, https:\/\/nuevodigitaldeescobar.com.ar\/wp-content\/uploads\/2025\/07\/855bee80_a49e_4cf7_ae7c_c38083011e9b.jpg 1600w\" sizes=\"(max-width: 1024px) 100vw, 1024px\" \/><\/figure><\/div>\n\n\n<p>Si bien la entrada al Predio Floral es libre y gratuita, se invita a los visitantes a colaborar con un alimento no perecedero para el programa Escobar Hambre Cero. Tambi\u00e9n se recibir\u00e1n donaciones de ropa de abrigo en el marco de la Campa\u00f1a del Fr\u00edo, destinada a ayudar a quienes m\u00e1s lo necesitan.<\/p>\n","protected":false},"excerpt":{"rendered":"<p>Escobar dio la bienvenida a las vacaciones de invierno con dos grandes propuestas para toda la familia: Escopark y el Mercado de Oportunidades, ambas en [&hellip;]<\/p>\n","protected":false},"author":1,"featured_media":16559,"comment_status":"open","ping_status":"open","sticky":false,"template":"","format":"standard","meta":{"footnotes":""},"categories":[7],"tags":[],"class_list":["post-16556","post","type-post","status-publish","format-standard","has-post-thumbnail","hentry","category-interes-general"],"better_featured_image":{"id":16559,"alt_text":"","caption":"","description":"","media_type":"image","media_details":{"width":1600,"height":1066,"file":"2025\/07\/5c1fcaed_c26b_4376_93b4_2ccf6e2d01b1.jpg","filesize":476254,"sizes":{"medium":{"file":"5c1fcaed_c26b_4376_93b4_2ccf6e2d01b1-300x200.jpg","width":300,"height":200,"mime-type":"image\/jpeg","filesize":17388,"source_url":"https:\/\/nuevodigitaldeescobar.com.ar\/wp-content\/uploads\/2025\/07\/5c1fcaed_c26b_4376_93b4_2ccf6e2d01b1-300x200.jpg"},"large":{"file":"5c1fcaed_c26b_4376_93b4_2ccf6e2d01b1-1024x682.jpg","width":1024,"height":682,"mime-type":"image\/jpeg","filesize":133826,"source_url":"https:\/\/nuevodigitaldeescobar.com.ar\/wp-content\/uploads\/2025\/07\/5c1fcaed_c26b_4376_93b4_2ccf6e2d01b1-1024x682.jpg"},"thumbnail":{"file":"5c1fcaed_c26b_4376_93b4_2ccf6e2d01b1-150x150.jpg","width":150,"height":150,"mime-type":"image\/jpeg","filesize":7706,"source_url":"https:\/\/nuevodigitaldeescobar.com.ar\/wp-content\/uploads\/2025\/07\/5c1fcaed_c26b_4376_93b4_2ccf6e2d01b1-150x150.jpg"},"medium_large":{"file":"5c1fcaed_c26b_4376_93b4_2ccf6e2d01b1-768x512.jpg","width":768,"height":512,"mime-type":"image\/jpeg","filesize":82247,"source_url":"https:\/\/nuevodigitaldeescobar.com.ar\/wp-content\/uploads\/2025\/07\/5c1fcaed_c26b_4376_93b4_2ccf6e2d01b1-768x512.jpg"},"1536x1536":{"file":"5c1fcaed_c26b_4376_93b4_2ccf6e2d01b1-1536x1023.jpg","width":1536,"height":1023,"mime-type":"image\/jpeg","filesize":262138,"source_url":"https:\/\/nuevodigitaldeescobar.com.ar\/wp-content\/uploads\/2025\/07\/5c1fcaed_c26b_4376_93b4_2ccf6e2d01b1-1536x1023.jpg"}},"image_meta":{"aperture":"0","credit":"","camera":"","caption":"","created_timestamp":"0","copyright":"","focal_length":"0","iso":"0","shutter_speed":"0","title":"","orientation":"0","keywords":[]}},"post":16556,"source_url":"https:\/\/nuevodigitaldeescobar.com.ar\/wp-content\/uploads\/2025\/07\/5c1fcaed_c26b_4376_93b4_2ccf6e2d01b1.jpg"},"yoast_head":"<!-- This site is optimized with the Yoast SEO plugin v26.1.1 - https:\/\/yoast.com\/wordpress\/plugins\/seo\/ -->\n<title>Abrieron Escopark y el Mercado de Oportunidades - Nuevo Digital de Escobar<\/title>\n<meta name=\"description\" content=\"El intendente Ariel Sujarchuk inaugur\u00f3 oficialmente las actividades junto a cientos de vecinos que fueron a disfrutar del evento\" \/>\n<meta name=\"robots\" content=\"index, follow, max-snippet:-1, max-image-preview:large, max-video-preview:-1\" \/>\n<link rel=\"canonical\" href=\"https:\/\/nuevodigitaldeescobar.com.ar\/?p=16556\" \/>\n<meta property=\"og:locale\" content=\"es_ES\" \/>\n<meta property=\"og:type\" content=\"article\" \/>\n<meta property=\"og:title\" content=\"Abrieron Escopark y el Mercado de Oportunidades\" \/>\n<meta property=\"og:description\" content=\"El intendente Ariel Sujarchuk inaugur\u00f3 oficialmente las actividades junto a cientos de vecinos que fueron a disfrutar del evento\" \/>\n<meta property=\"og:url\" content=\"https:\/\/nuevodigitaldeescobar.com.ar\/?p=16556\" \/>\n<meta property=\"og:site_name\" content=\"Nuevo Digital de Escobar\" \/>\n<meta property=\"article:publisher\" content=\"https:\/\/www.facebook.com\/NUEVODigitalDeEscobar\" \/>\n<meta property=\"article:published_time\" content=\"2025-07-18T20:57:00+00:00\" \/>\n<meta property=\"article:modified_time\" content=\"2025-07-18T22:07:04+00:00\" \/>\n<meta property=\"og:image\" content=\"http:\/\/nuevodigitaldeescobar.com.ar\/wp-content\/uploads\/2025\/07\/e56dcc78_bc16_4241_8e65_94f117994f23.jpg\" \/>\n\t<meta property=\"og:image:width\" content=\"1600\" \/>\n\t<meta property=\"og:image:height\" content=\"1066\" \/>\n\t<meta property=\"og:image:type\" content=\"image\/jpeg\" \/>\n<meta name=\"author\" content=\"Redacci\u00f3n\" \/>\n<meta name=\"twitter:card\" content=\"summary_large_image\" \/>\n<meta name=\"twitter:creator\" content=\"@nuevodigescobar\" \/>\n<meta name=\"twitter:site\" content=\"@nuevodigescobar\" \/>\n<meta name=\"twitter:label1\" content=\"Escrito por\" \/>\n\t<meta name=\"twitter:data1\" content=\"Redacci\u00f3n\" \/>\n\t<meta name=\"twitter:label2\" content=\"Tiempo de lectura\" \/>\n\t<meta name=\"twitter:data2\" content=\"3 minutos\" \/>\n<script type=\"application\/ld+json\" class=\"yoast-schema-graph\">{\"@context\":\"https:\/\/schema.org\",\"@graph\":[{\"@type\":\"Article\",\"@id\":\"https:\/\/nuevodigitaldeescobar.com.ar\/?p=16556#article\",\"isPartOf\":{\"@id\":\"https:\/\/nuevodigitaldeescobar.com.ar\/?p=16556\"},\"author\":{\"name\":\"Redacci\u00f3n\",\"@id\":\"https:\/\/nuevodigitaldeescobar.com.ar\/#\/schema\/person\/035e90a8efe9a80e6eec22656ad6ea4c\"},\"headline\":\"Abrieron Escopark y el Mercado de Oportunidades\",\"datePublished\":\"2025-07-18T20:57:00+00:00\",\"dateModified\":\"2025-07-18T22:07:04+00:00\",\"mainEntityOfPage\":{\"@id\":\"https:\/\/nuevodigitaldeescobar.com.ar\/?p=16556\"},\"wordCount\":353,\"commentCount\":0,\"publisher\":{\"@id\":\"https:\/\/nuevodigitaldeescobar.com.ar\/#organization\"},\"image\":{\"@id\":\"https:\/\/nuevodigitaldeescobar.com.ar\/?p=16556#primaryimage\"},\"thumbnailUrl\":\"https:\/\/nuevodigitaldeescobar.com.ar\/wp-content\/uploads\/2025\/07\/5c1fcaed_c26b_4376_93b4_2ccf6e2d01b1.jpg\",\"articleSection\":[\"Inter\u00e9s general\"],\"inLanguage\":\"es\",\"potentialAction\":[{\"@type\":\"CommentAction\",\"name\":\"Comment\",\"target\":[\"https:\/\/nuevodigitaldeescobar.com.ar\/?p=16556#respond\"]}]},{\"@type\":\"WebPage\",\"@id\":\"https:\/\/nuevodigitaldeescobar.com.ar\/?p=16556\",\"url\":\"https:\/\/nuevodigitaldeescobar.com.ar\/?p=16556\",\"name\":\"Abrieron Escopark y el Mercado de Oportunidades - Nuevo Digital de Escobar\",\"isPartOf\":{\"@id\":\"https:\/\/nuevodigitaldeescobar.com.ar\/#website\"},\"primaryImageOfPage\":{\"@id\":\"https:\/\/nuevodigitaldeescobar.com.ar\/?p=16556#primaryimage\"},\"image\":{\"@id\":\"https:\/\/nuevodigitaldeescobar.com.ar\/?p=16556#primaryimage\"},\"thumbnailUrl\":\"https:\/\/nuevodigitaldeescobar.com.ar\/wp-content\/uploads\/2025\/07\/5c1fcaed_c26b_4376_93b4_2ccf6e2d01b1.jpg\",\"datePublished\":\"2025-07-18T20:57:00+00:00\",\"dateModified\":\"2025-07-18T22:07:04+00:00\",\"description\":\"El intendente Ariel Sujarchuk inaugur\u00f3 oficialmente las actividades junto a cientos de vecinos que fueron a disfrutar del evento\",\"breadcrumb\":{\"@id\":\"https:\/\/nuevodigitaldeescobar.com.ar\/?p=16556#breadcrumb\"},\"inLanguage\":\"es\",\"potentialAction\":[{\"@type\":\"ReadAction\",\"target\":[\"https:\/\/nuevodigitaldeescobar.com.ar\/?p=16556\"]}]},{\"@type\":\"ImageObject\",\"inLanguage\":\"es\",\"@id\":\"https:\/\/nuevodigitaldeescobar.com.ar\/?p=16556#primaryimage\",\"url\":\"https:\/\/nuevodigitaldeescobar.com.ar\/wp-content\/uploads\/2025\/07\/5c1fcaed_c26b_4376_93b4_2ccf6e2d01b1.jpg\",\"contentUrl\":\"https:\/\/nuevodigitaldeescobar.com.ar\/wp-content\/uploads\/2025\/07\/5c1fcaed_c26b_4376_93b4_2ccf6e2d01b1.jpg\",\"width\":1600,\"height\":1066},{\"@type\":\"BreadcrumbList\",\"@id\":\"https:\/\/nuevodigitaldeescobar.com.ar\/?p=16556#breadcrumb\",\"itemListElement\":[{\"@type\":\"ListItem\",\"position\":1,\"name\":\"Portada\",\"item\":\"https:\/\/nuevodigitaldeescobar.com.ar\/\"},{\"@type\":\"ListItem\",\"position\":2,\"name\":\"Abrieron Escopark y el Mercado de Oportunidades\"}]},{\"@type\":\"WebSite\",\"@id\":\"https:\/\/nuevodigitaldeescobar.com.ar\/#website\",\"url\":\"https:\/\/nuevodigitaldeescobar.com.ar\/\",\"name\":\"Nuevo Digital de Escobar\",\"description\":\"La vida escobarense. Directora: Rosana Brunner\",\"publisher\":{\"@id\":\"https:\/\/nuevodigitaldeescobar.com.ar\/#organization\"},\"potentialAction\":[{\"@type\":\"SearchAction\",\"target\":{\"@type\":\"EntryPoint\",\"urlTemplate\":\"https:\/\/nuevodigitaldeescobar.com.ar\/?s={search_term_string}\"},\"query-input\":{\"@type\":\"PropertyValueSpecification\",\"valueRequired\":true,\"valueName\":\"search_term_string\"}}],\"inLanguage\":\"es\"},{\"@type\":\"Organization\",\"@id\":\"https:\/\/nuevodigitaldeescobar.com.ar\/#organization\",\"name\":\"Nuevo Digital de Escobar\",\"url\":\"https:\/\/nuevodigitaldeescobar.com.ar\/\",\"logo\":{\"@type\":\"ImageObject\",\"inLanguage\":\"es\",\"@id\":\"https:\/\/nuevodigitaldeescobar.com.ar\/#\/schema\/logo\/image\/\",\"url\":\"https:\/\/nuevodigitaldeescobar.com.ar\/wp-content\/uploads\/2025\/05\/cropped-logo-nuevo2.jpg\",\"contentUrl\":\"https:\/\/nuevodigitaldeescobar.com.ar\/wp-content\/uploads\/2025\/05\/cropped-logo-nuevo2.jpg\",\"width\":305,\"height\":305,\"caption\":\"Nuevo Digital de Escobar\"},\"image\":{\"@id\":\"https:\/\/nuevodigitaldeescobar.com.ar\/#\/schema\/logo\/image\/\"},\"sameAs\":[\"https:\/\/www.facebook.com\/NUEVODigitalDeEscobar\",\"https:\/\/x.com\/nuevodigescobar\",\"https:\/\/www.instagram.com\/nuevodigitaldeescobar\"]},{\"@type\":\"Person\",\"@id\":\"https:\/\/nuevodigitaldeescobar.com.ar\/#\/schema\/person\/035e90a8efe9a80e6eec22656ad6ea4c\",\"name\":\"Redacci\u00f3n\",\"image\":{\"@type\":\"ImageObject\",\"inLanguage\":\"es\",\"@id\":\"https:\/\/nuevodigitaldeescobar.com.ar\/#\/schema\/person\/image\/\",\"url\":\"https:\/\/secure.gravatar.com\/avatar\/8af8f40000c24e9eef3034f2be5998a372bb1389e64b1a4a36b3a7979142220d?s=96&d=mm&r=g\",\"contentUrl\":\"https:\/\/secure.gravatar.com\/avatar\/8af8f40000c24e9eef3034f2be5998a372bb1389e64b1a4a36b3a7979142220d?s=96&d=mm&r=g\",\"caption\":\"Redacci\u00f3n\"},\"sameAs\":[\"http:\/\/nuevodigitaldeescobar.com.ar\"],\"url\":\"https:\/\/nuevodigitaldeescobar.com.ar\/?author=1\"}]}<\/script>\n<!-- \/ Yoast SEO plugin. -->","yoast_head_json":{"title":"Abrieron Escopark y el Mercado de Oportunidades - Nuevo Digital de Escobar","description":"El intendente Ariel Sujarchuk inaugur\u00f3 oficialmente las actividades junto a cientos de vecinos que fueron a disfrutar del evento","robots":{"index":"index","follow":"follow","max-snippet":"max-snippet:-1","max-image-preview":"max-image-preview:large","max-video-preview":"max-video-preview:-1"},"canonical":"https:\/\/nuevodigitaldeescobar.com.ar\/?p=16556","og_locale":"es_ES","og_type":"article","og_title":"Abrieron Escopark y el Mercado de Oportunidades","og_description":"El intendente Ariel Sujarchuk inaugur\u00f3 oficialmente las actividades junto a cientos de vecinos que fueron a disfrutar del evento","og_url":"https:\/\/nuevodigitaldeescobar.com.ar\/?p=16556","og_site_name":"Nuevo Digital de Escobar","article_publisher":"https:\/\/www.facebook.com\/NUEVODigitalDeEscobar","article_published_time":"2025-07-18T20:57:00+00:00","article_modified_time":"2025-07-18T22:07:04+00:00","og_image":[{"width":1600,"height":1066,"url":"http:\/\/nuevodigitaldeescobar.com.ar\/wp-content\/uploads\/2025\/07\/e56dcc78_bc16_4241_8e65_94f117994f23.jpg","type":"image\/jpeg"}],"author":"Redacci\u00f3n","twitter_card":"summary_large_image","twitter_creator":"@nuevodigescobar","twitter_site":"@nuevodigescobar","twitter_misc":{"Escrito por":"Redacci\u00f3n","Tiempo de lectura":"3 minutos"},"schema":{"@context":"https:\/\/schema.org","@graph":[{"@type":"Article","@id":"https:\/\/nuevodigitaldeescobar.com.ar\/?p=16556#article","isPartOf":{"@id":"https:\/\/nuevodigitaldeescobar.com.ar\/?p=16556"},"author":{"name":"Redacci\u00f3n","@id":"https:\/\/nuevodigitaldeescobar.com.ar\/#\/schema\/person\/035e90a8efe9a80e6eec22656ad6ea4c"},"headline":"Abrieron Escopark y el Mercado de Oportunidades","datePublished":"2025-07-18T20:57:00+00:00","dateModified":"2025-07-18T22:07:04+00:00","mainEntityOfPage":{"@id":"https:\/\/nuevodigitaldeescobar.com.ar\/?p=16556"},"wordCount":353,"commentCount":0,"publisher":{"@id":"https:\/\/nuevodigitaldeescobar.com.ar\/#organization"},"image":{"@id":"https:\/\/nuevodigitaldeescobar.com.ar\/?p=16556#primaryimage"},"thumbnailUrl":"https:\/\/nuevodigitaldeescobar.com.ar\/wp-content\/uploads\/2025\/07\/5c1fcaed_c26b_4376_93b4_2ccf6e2d01b1.jpg","articleSection":["Inter\u00e9s general"],"inLanguage":"es","potentialAction":[{"@type":"CommentAction","name":"Comment","target":["https:\/\/nuevodigitaldeescobar.com.ar\/?p=16556#respond"]}]},{"@type":"WebPage","@id":"https:\/\/nuevodigitaldeescobar.com.ar\/?p=16556","url":"https:\/\/nuevodigitaldeescobar.com.ar\/?p=16556","name":"Abrieron Escopark y el Mercado de Oportunidades - Nuevo Digital de Escobar","isPartOf":{"@id":"https:\/\/nuevodigitaldeescobar.com.ar\/#website"},"primaryImageOfPage":{"@id":"https:\/\/nuevodigitaldeescobar.com.ar\/?p=16556#primaryimage"},"image":{"@id":"https:\/\/nuevodigitaldeescobar.com.ar\/?p=16556#primaryimage"},"thumbnailUrl":"https:\/\/nuevodigitaldeescobar.com.ar\/wp-content\/uploads\/2025\/07\/5c1fcaed_c26b_4376_93b4_2ccf6e2d01b1.jpg","datePublished":"2025-07-18T20:57:00+00:00","dateModified":"2025-07-18T22:07:04+00:00","description":"El intendente Ariel Sujarchuk inaugur\u00f3 oficialmente las actividades junto a cientos de vecinos que fueron a disfrutar del evento","breadcrumb":{"@id":"https:\/\/nuevodigitaldeescobar.com.ar\/?p=16556#breadcrumb"},"inLanguage":"es","potentialAction":[{"@type":"ReadAction","target":["https:\/\/nuevodigitaldeescobar.com.ar\/?p=16556"]}]},{"@type":"ImageObject","inLanguage":"es","@id":"https:\/\/nuevodigitaldeescobar.com.ar\/?p=16556#primaryimage","url":"https:\/\/nuevodigitaldeescobar.com.ar\/wp-content\/uploads\/2025\/07\/5c1fcaed_c26b_4376_93b4_2ccf6e2d01b1.jpg","contentUrl":"https:\/\/nuevodigitaldeescobar.com.ar\/wp-content\/uploads\/2025\/07\/5c1fcaed_c26b_4376_93b4_2ccf6e2d01b1.jpg","width":1600,"height":1066},{"@type":"BreadcrumbList","@id":"https:\/\/nuevodigitaldeescobar.com.ar\/?p=16556#breadcrumb","itemListElement":[{"@type":"ListItem","position":1,"name":"Portada","item":"https:\/\/nuevodigitaldeescobar.com.ar\/"},{"@type":"ListItem","position":2,"name":"Abrieron Escopark y el Mercado de Oportunidades"}]},{"@type":"WebSite","@id":"https:\/\/nuevodigitaldeescobar.com.ar\/#website","url":"https:\/\/nuevodigitaldeescobar.com.ar\/","name":"Nuevo Digital de Escobar","description":"La vida escobarense. Directora: Rosana Brunner","publisher":{"@id":"https:\/\/nuevodigitaldeescobar.com.ar\/#organization"},"potentialAction":[{"@type":"SearchAction","target":{"@type":"EntryPoint","urlTemplate":"https:\/\/nuevodigitaldeescobar.com.ar\/?s={search_term_string}"},"query-input":{"@type":"PropertyValueSpecification","valueRequired":true,"valueName":"search_term_string"}}],"inLanguage":"es"},{"@type":"Organization","@id":"https:\/\/nuevodigitaldeescobar.com.ar\/#organization","name":"Nuevo Digital de Escobar","url":"https:\/\/nuevodigitaldeescobar.com.ar\/","logo":{"@type":"ImageObject","inLanguage":"es","@id":"https:\/\/nuevodigitaldeescobar.com.ar\/#\/schema\/logo\/image\/","url":"https:\/\/nuevodigitaldeescobar.com.ar\/wp-content\/uploads\/2025\/05\/cropped-logo-nuevo2.jpg","contentUrl":"https:\/\/nuevodigitaldeescobar.com.ar\/wp-content\/uploads\/2025\/05\/cropped-logo-nuevo2.jpg","width":305,"height":305,"caption":"Nuevo Digital de Escobar"},"image":{"@id":"https:\/\/nuevodigitaldeescobar.com.ar\/#\/schema\/logo\/image\/"},"sameAs":["https:\/\/www.facebook.com\/NUEVODigitalDeEscobar","https:\/\/x.com\/nuevodigescobar","https:\/\/www.instagram.com\/nuevodigitaldeescobar"]},{"@type":"Person","@id":"https:\/\/nuevodigitaldeescobar.com.ar\/#\/schema\/person\/035e90a8efe9a80e6eec22656ad6ea4c","name":"Redacci\u00f3n","image":{"@type":"ImageObject","inLanguage":"es","@id":"https:\/\/nuevodigitaldeescobar.com.ar\/#\/schema\/person\/image\/","url":"https:\/\/secure.gravatar.com\/avatar\/8af8f40000c24e9eef3034f2be5998a372bb1389e64b1a4a36b3a7979142220d?s=96&d=mm&r=g","contentUrl":"https:\/\/secure.gravatar.com\/avatar\/8af8f40000c24e9eef3034f2be5998a372bb1389e64b1a4a36b3a7979142220d?s=96&d=mm&r=g","caption":"Redacci\u00f3n"},"sameAs":["http:\/\/nuevodigitaldeescobar.com.ar"],"url":"https:\/\/nuevodigitaldeescobar.com.ar\/?author=1"}]}},"featured_image_urls":{"full":["https:\/\/nuevodigitaldeescobar.com.ar\/wp-content\/uploads\/2025\/07\/5c1fcaed_c26b_4376_93b4_2ccf6e2d01b1.jpg",1600,1066,false],"thumbnail":["https:\/\/nuevodigitaldeescobar.com.ar\/wp-content\/uploads\/2025\/07\/5c1fcaed_c26b_4376_93b4_2ccf6e2d01b1-150x150.jpg",150,150,true],"medium":["https:\/\/nuevodigitaldeescobar.com.ar\/wp-content\/uploads\/2025\/07\/5c1fcaed_c26b_4376_93b4_2ccf6e2d01b1-300x200.jpg",300,200,true],"medium_large":["https:\/\/nuevodigitaldeescobar.com.ar\/wp-content\/uploads\/2025\/07\/5c1fcaed_c26b_4376_93b4_2ccf6e2d01b1-768x512.jpg",640,427,true],"large":["https:\/\/nuevodigitaldeescobar.com.ar\/wp-content\/uploads\/2025\/07\/5c1fcaed_c26b_4376_93b4_2ccf6e2d01b1-1024x682.jpg",640,426,true],"1536x1536":["https:\/\/nuevodigitaldeescobar.com.ar\/wp-content\/uploads\/2025\/07\/5c1fcaed_c26b_4376_93b4_2ccf6e2d01b1-1536x1023.jpg",1536,1023,true],"2048x2048":["https:\/\/nuevodigitaldeescobar.com.ar\/wp-content\/uploads\/2025\/07\/5c1fcaed_c26b_4376_93b4_2ccf6e2d01b1.jpg",1600,1066,false]},"author_info":{"display_name":"Redacci\u00f3n","author_link":"https:\/\/nuevodigitaldeescobar.com.ar\/?author=1"},"category_info":"<a href=\"https:\/\/nuevodigitaldeescobar.com.ar\/?cat=7\" rel=\"category\">Inter\u00e9s general<\/a>","tag_info":"Inter\u00e9s general","comment_count":"0","_links":{"self":[{"href":"https:\/\/nuevodigitaldeescobar.com.ar\/index.php?rest_route=\/wp\/v2\/posts\/16556","targetHints":{"allow":["GET"]}}],"collection":[{"href":"https:\/\/nuevodigitaldeescobar.com.ar\/index.php?rest_route=\/wp\/v2\/posts"}],"about":[{"href":"https:\/\/nuevodigitaldeescobar.com.ar\/index.php?rest_route=\/wp\/v2\/types\/post"}],"author":[{"embeddable":true,"href":"https:\/\/nuevodigitaldeescobar.com.ar\/index.php?rest_route=\/wp\/v2\/users\/1"}],"replies":[{"embeddable":true,"href":"https:\/\/nuevodigitaldeescobar.com.ar\/index.php?rest_route=%2Fwp%2Fv2%2Fcomments&post=16556"}],"version-history":[{"count":2,"href":"https:\/\/nuevodigitaldeescobar.com.ar\/index.php?rest_route=\/wp\/v2\/posts\/16556\/revisions"}],"predecessor-version":[{"id":16561,"href":"https:\/\/nuevodigitaldeescobar.com.ar\/index.php?rest_route=\/wp\/v2\/posts\/16556\/revisions\/16561"}],"wp:featuredmedia":[{"embeddable":true,"href":"https:\/\/nuevodigitaldeescobar.com.ar\/index.php?rest_route=\/wp\/v2\/media\/16559"}],"wp:attachment":[{"href":"https:\/\/nuevodigitaldeescobar.com.ar\/index.php?rest_route=%2Fwp%2Fv2%2Fmedia&parent=16556"}],"wp:term":[{"taxonomy":"category","embeddable":true,"href":"https:\/\/nuevodigitaldeescobar.com.ar\/index.php?rest_route=%2Fwp%2Fv2%2Fcategories&post=16556"},{"taxonomy":"post_tag","embeddable":true,"href":"https:\/\/nuevodigitaldeescobar.com.ar\/index.php?rest_route=%2Fwp%2Fv2%2Ftags&post=16556"}],"curies":[{"name":"wp","href":"https:\/\/api.w.org\/{rel}","templated":true}]}}