{"id":1663,"date":"2023-12-07T18:58:02","date_gmt":"2023-12-07T21:58:02","guid":{"rendered":"https:\/\/nuevodigitaldeescobar.com.ar\/?p=1663"},"modified":"2023-12-07T18:58:13","modified_gmt":"2023-12-07T21:58:13","slug":"se-realizo-el-acto-de-jura-de-concejales","status":"publish","type":"post","link":"https:\/\/nuevodigitaldeescobar.com.ar\/?p=1663","title":{"rendered":"Se realiz\u00f3 el acto de jura de Concejales"},"content":{"rendered":"<p><span style=\"color: #003366;\"><strong><em>Hoy, en Honorable Concejo Deliberante de Escobar, se llev\u00f3 a cabo la Sesi\u00f3n Preparatoria en la que se concret\u00f3 la Jura de Concejales y la asunci\u00f3n de autoridades del Departamento Deliberativo.<\/em><\/strong><\/span><\/p>\n<p><!--more--><\/p>\n<hr \/>\n<p>En el encuentro estuvo presente el Intendente Ariel Sujarchuk, junto a funcionarios de la Municipalidad de Escobar.<\/p>\n<p>En el cierre, Sujarchuk se refiri\u00f3 al modo en que funciona el HCD: <em>\u201cUna tradici\u00f3n que tiene es Concejo Deliberante es trabajar con familiaridad\u201d<\/em>, explic\u00f3. A su vez, destac\u00f3 la importancia del debate entre las fuerzas pol\u00edticas. <em>\u201cYo creo que la diversidad es una virtud\u201d<\/em>, agreg\u00f3.<\/p>\n<p><img fetchpriority=\"high\" decoding=\"async\" class=\"alignnone size-full wp-image-1665\" src=\"http:\/\/nuevodigitaldeescobar.com.ar\/wp-content\/uploads\/2023\/12\/hcd-2-e1701986249311.jpg\" alt=\"\" width=\"720\" height=\"377\" \/><\/p>\n<h3><span style=\"color: #003366;\"><strong>Renovaci\u00f3n del HCD<\/strong><\/span><\/h3>\n<p>A partir del resultado de las elecciones de este a\u00f1o y la renovaci\u00f3n de la mitad de las bancas del HCD \u2013de acuerdo a lo que prev\u00e9 la Ley Org\u00e1nica de las Municipalidades-, la composici\u00f3n de los Bloques es la siguiente:<\/p>\n<h4><span style=\"color: #003366;\"><strong>Bloque Uni\u00f3n por la Patria<\/strong><\/span><\/h4>\n<ul>\n<li>Flavia Battistiol<\/li>\n<li>Jonatan Cruz<\/li>\n<li>Andrea Gonz\u00e1lez<\/li>\n<li>Laura Guazzaroni<\/li>\n<li>Marcelo Ibarra<\/li>\n<li>Claudia Ledesma<\/li>\n<li>Brian Parsons<\/li>\n<li>Mat\u00edas Peralta<\/li>\n<li>Javier Rehl (Presidente del Bloque)<\/li>\n<li>Silvia Riedel<\/li>\n<li>Yanina Sotelo<\/li>\n<li>Lorena Vogel<\/li>\n<li>Carolina Yba\u00f1ez<\/li>\n<\/ul>\n<h4><span style=\"color: #003366;\"><strong>Proyecto Escobar<\/strong><\/span><\/h4>\n<ul>\n<li>Diego Castagnaro (Presidente del bloque)<\/li>\n<li>Mar\u00eda Gabriela Hern\u00e1ndez<\/li>\n<li>Florencia Campo Dall Orto<\/li>\n<\/ul>\n<h4><span style=\"color: #003366;\"><strong>La Libertad Avanza<\/strong><\/span><\/h4>\n<ul>\n<li>Sandra De Boeuf<\/li>\n<li>Mariana Huber (Presidenta de Bloque)<\/li>\n<li>Diego Muzzio<\/li>\n<\/ul>\n<h4><span style=\"color: #003366;\"><strong>Juntos Escobar<\/strong><\/span><\/h4>\n<ul>\n<li>Patricia Froy<\/li>\n<li>Ram\u00f3n \u00c1lvarez<\/li>\n<li>Leandro Goroyesky (Presidente de Bloque)<\/li>\n<\/ul>\n<h4><span style=\"color: #003366;\"><strong>Uni\u00f3n Liberal<\/strong><\/span><\/h4>\n<ul>\n<li>Griselda Romariz de Aristi<\/li>\n<\/ul>\n<h4><span style=\"color: #003366;\"><strong>Compromiso con Escobar<\/strong><\/span><\/h4>\n<ul>\n<li>Carina Chmit<\/li>\n<\/ul>\n<h4><span style=\"color: #003366;\"><strong>Autoridades:<\/strong><\/span><\/h4>\n<ul>\n<li>Presidenta, Mar\u00eda Laura Guazzaroni<\/li>\n<li>Vicepresidente 1\u00b0, Jonatan Cruz<\/li>\n<li>Vicepresidenta 2a, Griselda Romariz de Aristi<\/li>\n<li>Vicepresidente 3\u00b0, Ram\u00f3n \u00c1lvarez<\/li>\n<li>Secretario Legislativo, Luis Carranza<\/li>\n<li>Prosecretario Legislativo, Diego L\u00f3pez<\/li>\n<li>Secretaria Administrativa, Guillermina Capomasi<\/li>\n<li>Prosecretario Administrativo, Daniel Girotti<\/li>\n<li>Secretario de Desarrollo Institucional, Daniel Ciaccia<\/li>\n<li>Prosecretario Institucional, Diego Delsemme<\/li>\n<\/ul>\n","protected":false},"excerpt":{"rendered":"<p>Hoy, en Honorable Concejo Deliberante de Escobar, se llev\u00f3 a cabo la Sesi\u00f3n Preparatoria en la que se concret\u00f3 la Jura de Concejales y la [&hellip;]<\/p>\n","protected":false},"author":1,"featured_media":1664,"comment_status":"open","ping_status":"closed","sticky":false,"template":"","format":"standard","meta":{"footnotes":""},"categories":[12],"tags":[],"class_list":["post-1663","post","type-post","status-publish","format-standard","has-post-thumbnail","hentry","category-legislativas"],"better_featured_image":{"id":1664,"alt_text":"","caption":"","description":"","media_type":"image","media_details":{"width":720,"height":377,"file":"2023\/12\/hcd-1-e1701986274808.jpg","filesize":700829,"sizes":{"medium":{"file":"hcd-1-300x157.jpg","width":300,"height":157,"mime-type":"image\/jpeg","filesize":59158,"source_url":"https:\/\/nuevodigitaldeescobar.com.ar\/wp-content\/uploads\/2023\/12\/hcd-1-300x157.jpg"},"large":{"file":"hcd-1-1024x536.jpg","width":1024,"height":536,"mime-type":"image\/jpeg","filesize":178796,"source_url":"https:\/\/nuevodigitaldeescobar.com.ar\/wp-content\/uploads\/2023\/12\/hcd-1-1024x536.jpg"},"thumbnail":{"file":"hcd-1-150x150.jpg","width":150,"height":150,"mime-type":"image\/jpeg","filesize":48921,"source_url":"https:\/\/nuevodigitaldeescobar.com.ar\/wp-content\/uploads\/2023\/12\/hcd-1-150x150.jpg"},"medium_large":{"file":"hcd-1-768x402.jpg","width":768,"height":402,"mime-type":"image\/jpeg","filesize":127419,"source_url":"https:\/\/nuevodigitaldeescobar.com.ar\/wp-content\/uploads\/2023\/12\/hcd-1-768x402.jpg"},"covernews-slider-full":{"file":"hcd-1-1115x628.jpg","width":1115,"height":628,"mime-type":"image\/jpeg","filesize":227623,"source_url":"https:\/\/nuevodigitaldeescobar.com.ar\/wp-content\/uploads\/2023\/12\/hcd-1-1115x628.jpg"},"covernews-slider-center":{"file":"hcd-1-800x500.jpg","width":800,"height":500,"mime-type":"image\/jpeg","filesize":143414,"source_url":"https:\/\/nuevodigitaldeescobar.com.ar\/wp-content\/uploads\/2023\/12\/hcd-1-800x500.jpg"},"covernews-featured":{"file":"hcd-1-1024x536.jpg","width":1024,"height":536,"mime-type":"image\/jpeg","filesize":178796,"source_url":"https:\/\/nuevodigitaldeescobar.com.ar\/wp-content\/uploads\/2023\/12\/hcd-1-1024x536.jpg"},"covernews-medium":{"file":"hcd-1-540x340.jpg","width":540,"height":340,"mime-type":"image\/jpeg","filesize":95042,"source_url":"https:\/\/nuevodigitaldeescobar.com.ar\/wp-content\/uploads\/2023\/12\/hcd-1-540x340.jpg"},"covernews-medium-square":{"file":"hcd-1-400x250.jpg","width":400,"height":250,"mime-type":"image\/jpeg","filesize":73137,"source_url":"https:\/\/nuevodigitaldeescobar.com.ar\/wp-content\/uploads\/2023\/12\/hcd-1-400x250.jpg"}},"image_meta":{"aperture":"0","credit":"","camera":"","caption":"","created_timestamp":"0","copyright":"","focal_length":"0","iso":"0","shutter_speed":"0","title":"","orientation":"0","keywords":[]}},"post":1663,"source_url":"https:\/\/nuevodigitaldeescobar.com.ar\/wp-content\/uploads\/2023\/12\/hcd-1-e1701986274808.jpg"},"yoast_head":"<!-- This site is optimized with the Yoast SEO plugin v26.1.1 - https:\/\/yoast.com\/wordpress\/plugins\/seo\/ -->\n<title>Se realiz\u00f3 el acto de jura de Concejales - Nuevo Digital de Escobar<\/title>\n<meta name=\"robots\" content=\"index, follow, max-snippet:-1, max-image-preview:large, max-video-preview:-1\" \/>\n<link rel=\"canonical\" href=\"https:\/\/nuevodigitaldeescobar.com.ar\/?p=1663\" \/>\n<meta property=\"og:locale\" content=\"es_ES\" \/>\n<meta property=\"og:type\" content=\"article\" \/>\n<meta property=\"og:title\" content=\"Se realiz\u00f3 el acto de jura de Concejales - Nuevo Digital de Escobar\" \/>\n<meta property=\"og:description\" content=\"Hoy, en Honorable Concejo Deliberante de Escobar, se llev\u00f3 a cabo la Sesi\u00f3n Preparatoria en la que se concret\u00f3 la Jura de Concejales y la [&hellip;]\" \/>\n<meta property=\"og:url\" content=\"https:\/\/nuevodigitaldeescobar.com.ar\/?p=1663\" \/>\n<meta property=\"og:site_name\" content=\"Nuevo Digital de Escobar\" \/>\n<meta property=\"article:publisher\" content=\"https:\/\/www.facebook.com\/NUEVODigitalDeEscobar\" \/>\n<meta property=\"article:published_time\" content=\"2023-12-07T21:58:02+00:00\" \/>\n<meta property=\"article:modified_time\" content=\"2023-12-07T21:58:13+00:00\" \/>\n<meta property=\"og:image\" content=\"https:\/\/nuevodigitaldeescobar.com.ar\/wp-content\/uploads\/2023\/12\/hcd-1-e1701986274808.jpg\" \/>\n\t<meta property=\"og:image:width\" content=\"720\" \/>\n\t<meta property=\"og:image:height\" content=\"377\" \/>\n\t<meta property=\"og:image:type\" content=\"image\/jpeg\" \/>\n<meta name=\"author\" content=\"Redacci\u00f3n\" \/>\n<meta name=\"twitter:card\" content=\"summary_large_image\" \/>\n<meta name=\"twitter:creator\" content=\"@nuevodigescobar\" \/>\n<meta name=\"twitter:site\" content=\"@nuevodigescobar\" \/>\n<meta name=\"twitter:label1\" content=\"Escrito por\" \/>\n\t<meta name=\"twitter:data1\" content=\"Redacci\u00f3n\" \/>\n\t<meta name=\"twitter:label2\" content=\"Tiempo de lectura\" \/>\n\t<meta name=\"twitter:data2\" content=\"1 minuto\" \/>\n<script type=\"application\/ld+json\" class=\"yoast-schema-graph\">{\"@context\":\"https:\/\/schema.org\",\"@graph\":[{\"@type\":\"Article\",\"@id\":\"https:\/\/nuevodigitaldeescobar.com.ar\/?p=1663#article\",\"isPartOf\":{\"@id\":\"https:\/\/nuevodigitaldeescobar.com.ar\/?p=1663\"},\"author\":{\"name\":\"Redacci\u00f3n\",\"@id\":\"https:\/\/nuevodigitaldeescobar.com.ar\/#\/schema\/person\/035e90a8efe9a80e6eec22656ad6ea4c\"},\"headline\":\"Se realiz\u00f3 el acto de jura de Concejales\",\"datePublished\":\"2023-12-07T21:58:02+00:00\",\"dateModified\":\"2023-12-07T21:58:13+00:00\",\"mainEntityOfPage\":{\"@id\":\"https:\/\/nuevodigitaldeescobar.com.ar\/?p=1663\"},\"wordCount\":292,\"commentCount\":0,\"publisher\":{\"@id\":\"https:\/\/nuevodigitaldeescobar.com.ar\/#organization\"},\"image\":{\"@id\":\"https:\/\/nuevodigitaldeescobar.com.ar\/?p=1663#primaryimage\"},\"thumbnailUrl\":\"https:\/\/nuevodigitaldeescobar.com.ar\/wp-content\/uploads\/2023\/12\/hcd-1-e1701986274808.jpg\",\"articleSection\":[\"Legislativas\"],\"inLanguage\":\"es\",\"potentialAction\":[{\"@type\":\"CommentAction\",\"name\":\"Comment\",\"target\":[\"https:\/\/nuevodigitaldeescobar.com.ar\/?p=1663#respond\"]}]},{\"@type\":\"WebPage\",\"@id\":\"https:\/\/nuevodigitaldeescobar.com.ar\/?p=1663\",\"url\":\"https:\/\/nuevodigitaldeescobar.com.ar\/?p=1663\",\"name\":\"Se realiz\u00f3 el acto de jura de Concejales - Nuevo Digital de Escobar\",\"isPartOf\":{\"@id\":\"https:\/\/nuevodigitaldeescobar.com.ar\/#website\"},\"primaryImageOfPage\":{\"@id\":\"https:\/\/nuevodigitaldeescobar.com.ar\/?p=1663#primaryimage\"},\"image\":{\"@id\":\"https:\/\/nuevodigitaldeescobar.com.ar\/?p=1663#primaryimage\"},\"thumbnailUrl\":\"https:\/\/nuevodigitaldeescobar.com.ar\/wp-content\/uploads\/2023\/12\/hcd-1-e1701986274808.jpg\",\"datePublished\":\"2023-12-07T21:58:02+00:00\",\"dateModified\":\"2023-12-07T21:58:13+00:00\",\"breadcrumb\":{\"@id\":\"https:\/\/nuevodigitaldeescobar.com.ar\/?p=1663#breadcrumb\"},\"inLanguage\":\"es\",\"potentialAction\":[{\"@type\":\"ReadAction\",\"target\":[\"https:\/\/nuevodigitaldeescobar.com.ar\/?p=1663\"]}]},{\"@type\":\"ImageObject\",\"inLanguage\":\"es\",\"@id\":\"https:\/\/nuevodigitaldeescobar.com.ar\/?p=1663#primaryimage\",\"url\":\"https:\/\/nuevodigitaldeescobar.com.ar\/wp-content\/uploads\/2023\/12\/hcd-1-e1701986274808.jpg\",\"contentUrl\":\"https:\/\/nuevodigitaldeescobar.com.ar\/wp-content\/uploads\/2023\/12\/hcd-1-e1701986274808.jpg\",\"width\":720,\"height\":377},{\"@type\":\"BreadcrumbList\",\"@id\":\"https:\/\/nuevodigitaldeescobar.com.ar\/?p=1663#breadcrumb\",\"itemListElement\":[{\"@type\":\"ListItem\",\"position\":1,\"name\":\"Portada\",\"item\":\"https:\/\/nuevodigitaldeescobar.com.ar\/\"},{\"@type\":\"ListItem\",\"position\":2,\"name\":\"Se realiz\u00f3 el acto de jura de Concejales\"}]},{\"@type\":\"WebSite\",\"@id\":\"https:\/\/nuevodigitaldeescobar.com.ar\/#website\",\"url\":\"https:\/\/nuevodigitaldeescobar.com.ar\/\",\"name\":\"Nuevo Digital de Escobar\",\"description\":\"La vida escobarense. Directora: Rosana Brunner\",\"publisher\":{\"@id\":\"https:\/\/nuevodigitaldeescobar.com.ar\/#organization\"},\"potentialAction\":[{\"@type\":\"SearchAction\",\"target\":{\"@type\":\"EntryPoint\",\"urlTemplate\":\"https:\/\/nuevodigitaldeescobar.com.ar\/?s={search_term_string}\"},\"query-input\":{\"@type\":\"PropertyValueSpecification\",\"valueRequired\":true,\"valueName\":\"search_term_string\"}}],\"inLanguage\":\"es\"},{\"@type\":\"Organization\",\"@id\":\"https:\/\/nuevodigitaldeescobar.com.ar\/#organization\",\"name\":\"Nuevo Digital de Escobar\",\"url\":\"https:\/\/nuevodigitaldeescobar.com.ar\/\",\"logo\":{\"@type\":\"ImageObject\",\"inLanguage\":\"es\",\"@id\":\"https:\/\/nuevodigitaldeescobar.com.ar\/#\/schema\/logo\/image\/\",\"url\":\"https:\/\/nuevodigitaldeescobar.com.ar\/wp-content\/uploads\/2025\/05\/cropped-logo-nuevo2.jpg\",\"contentUrl\":\"https:\/\/nuevodigitaldeescobar.com.ar\/wp-content\/uploads\/2025\/05\/cropped-logo-nuevo2.jpg\",\"width\":305,\"height\":305,\"caption\":\"Nuevo Digital de Escobar\"},\"image\":{\"@id\":\"https:\/\/nuevodigitaldeescobar.com.ar\/#\/schema\/logo\/image\/\"},\"sameAs\":[\"https:\/\/www.facebook.com\/NUEVODigitalDeEscobar\",\"https:\/\/x.com\/nuevodigescobar\",\"https:\/\/www.instagram.com\/nuevodigitaldeescobar\"]},{\"@type\":\"Person\",\"@id\":\"https:\/\/nuevodigitaldeescobar.com.ar\/#\/schema\/person\/035e90a8efe9a80e6eec22656ad6ea4c\",\"name\":\"Redacci\u00f3n\",\"image\":{\"@type\":\"ImageObject\",\"inLanguage\":\"es\",\"@id\":\"https:\/\/nuevodigitaldeescobar.com.ar\/#\/schema\/person\/image\/\",\"url\":\"https:\/\/secure.gravatar.com\/avatar\/8af8f40000c24e9eef3034f2be5998a372bb1389e64b1a4a36b3a7979142220d?s=96&d=mm&r=g\",\"contentUrl\":\"https:\/\/secure.gravatar.com\/avatar\/8af8f40000c24e9eef3034f2be5998a372bb1389e64b1a4a36b3a7979142220d?s=96&d=mm&r=g\",\"caption\":\"Redacci\u00f3n\"},\"sameAs\":[\"http:\/\/nuevodigitaldeescobar.com.ar\"],\"url\":\"https:\/\/nuevodigitaldeescobar.com.ar\/?author=1\"}]}<\/script>\n<!-- \/ Yoast SEO plugin. -->","yoast_head_json":{"title":"Se realiz\u00f3 el acto de jura de Concejales - Nuevo Digital de Escobar","robots":{"index":"index","follow":"follow","max-snippet":"max-snippet:-1","max-image-preview":"max-image-preview:large","max-video-preview":"max-video-preview:-1"},"canonical":"https:\/\/nuevodigitaldeescobar.com.ar\/?p=1663","og_locale":"es_ES","og_type":"article","og_title":"Se realiz\u00f3 el acto de jura de Concejales - Nuevo Digital de Escobar","og_description":"Hoy, en Honorable Concejo Deliberante de Escobar, se llev\u00f3 a cabo la Sesi\u00f3n Preparatoria en la que se concret\u00f3 la Jura de Concejales y la [&hellip;]","og_url":"https:\/\/nuevodigitaldeescobar.com.ar\/?p=1663","og_site_name":"Nuevo Digital de Escobar","article_publisher":"https:\/\/www.facebook.com\/NUEVODigitalDeEscobar","article_published_time":"2023-12-07T21:58:02+00:00","article_modified_time":"2023-12-07T21:58:13+00:00","og_image":[{"width":720,"height":377,"url":"https:\/\/nuevodigitaldeescobar.com.ar\/wp-content\/uploads\/2023\/12\/hcd-1-e1701986274808.jpg","type":"image\/jpeg"}],"author":"Redacci\u00f3n","twitter_card":"summary_large_image","twitter_creator":"@nuevodigescobar","twitter_site":"@nuevodigescobar","twitter_misc":{"Escrito por":"Redacci\u00f3n","Tiempo de lectura":"1 minuto"},"schema":{"@context":"https:\/\/schema.org","@graph":[{"@type":"Article","@id":"https:\/\/nuevodigitaldeescobar.com.ar\/?p=1663#article","isPartOf":{"@id":"https:\/\/nuevodigitaldeescobar.com.ar\/?p=1663"},"author":{"name":"Redacci\u00f3n","@id":"https:\/\/nuevodigitaldeescobar.com.ar\/#\/schema\/person\/035e90a8efe9a80e6eec22656ad6ea4c"},"headline":"Se realiz\u00f3 el acto de jura de Concejales","datePublished":"2023-12-07T21:58:02+00:00","dateModified":"2023-12-07T21:58:13+00:00","mainEntityOfPage":{"@id":"https:\/\/nuevodigitaldeescobar.com.ar\/?p=1663"},"wordCount":292,"commentCount":0,"publisher":{"@id":"https:\/\/nuevodigitaldeescobar.com.ar\/#organization"},"image":{"@id":"https:\/\/nuevodigitaldeescobar.com.ar\/?p=1663#primaryimage"},"thumbnailUrl":"https:\/\/nuevodigitaldeescobar.com.ar\/wp-content\/uploads\/2023\/12\/hcd-1-e1701986274808.jpg","articleSection":["Legislativas"],"inLanguage":"es","potentialAction":[{"@type":"CommentAction","name":"Comment","target":["https:\/\/nuevodigitaldeescobar.com.ar\/?p=1663#respond"]}]},{"@type":"WebPage","@id":"https:\/\/nuevodigitaldeescobar.com.ar\/?p=1663","url":"https:\/\/nuevodigitaldeescobar.com.ar\/?p=1663","name":"Se realiz\u00f3 el acto de jura de Concejales - Nuevo Digital de Escobar","isPartOf":{"@id":"https:\/\/nuevodigitaldeescobar.com.ar\/#website"},"primaryImageOfPage":{"@id":"https:\/\/nuevodigitaldeescobar.com.ar\/?p=1663#primaryimage"},"image":{"@id":"https:\/\/nuevodigitaldeescobar.com.ar\/?p=1663#primaryimage"},"thumbnailUrl":"https:\/\/nuevodigitaldeescobar.com.ar\/wp-content\/uploads\/2023\/12\/hcd-1-e1701986274808.jpg","datePublished":"2023-12-07T21:58:02+00:00","dateModified":"2023-12-07T21:58:13+00:00","breadcrumb":{"@id":"https:\/\/nuevodigitaldeescobar.com.ar\/?p=1663#breadcrumb"},"inLanguage":"es","potentialAction":[{"@type":"ReadAction","target":["https:\/\/nuevodigitaldeescobar.com.ar\/?p=1663"]}]},{"@type":"ImageObject","inLanguage":"es","@id":"https:\/\/nuevodigitaldeescobar.com.ar\/?p=1663#primaryimage","url":"https:\/\/nuevodigitaldeescobar.com.ar\/wp-content\/uploads\/2023\/12\/hcd-1-e1701986274808.jpg","contentUrl":"https:\/\/nuevodigitaldeescobar.com.ar\/wp-content\/uploads\/2023\/12\/hcd-1-e1701986274808.jpg","width":720,"height":377},{"@type":"BreadcrumbList","@id":"https:\/\/nuevodigitaldeescobar.com.ar\/?p=1663#breadcrumb","itemListElement":[{"@type":"ListItem","position":1,"name":"Portada","item":"https:\/\/nuevodigitaldeescobar.com.ar\/"},{"@type":"ListItem","position":2,"name":"Se realiz\u00f3 el acto de jura de Concejales"}]},{"@type":"WebSite","@id":"https:\/\/nuevodigitaldeescobar.com.ar\/#website","url":"https:\/\/nuevodigitaldeescobar.com.ar\/","name":"Nuevo Digital de Escobar","description":"La vida escobarense. Directora: Rosana Brunner","publisher":{"@id":"https:\/\/nuevodigitaldeescobar.com.ar\/#organization"},"potentialAction":[{"@type":"SearchAction","target":{"@type":"EntryPoint","urlTemplate":"https:\/\/nuevodigitaldeescobar.com.ar\/?s={search_term_string}"},"query-input":{"@type":"PropertyValueSpecification","valueRequired":true,"valueName":"search_term_string"}}],"inLanguage":"es"},{"@type":"Organization","@id":"https:\/\/nuevodigitaldeescobar.com.ar\/#organization","name":"Nuevo Digital de Escobar","url":"https:\/\/nuevodigitaldeescobar.com.ar\/","logo":{"@type":"ImageObject","inLanguage":"es","@id":"https:\/\/nuevodigitaldeescobar.com.ar\/#\/schema\/logo\/image\/","url":"https:\/\/nuevodigitaldeescobar.com.ar\/wp-content\/uploads\/2025\/05\/cropped-logo-nuevo2.jpg","contentUrl":"https:\/\/nuevodigitaldeescobar.com.ar\/wp-content\/uploads\/2025\/05\/cropped-logo-nuevo2.jpg","width":305,"height":305,"caption":"Nuevo Digital de Escobar"},"image":{"@id":"https:\/\/nuevodigitaldeescobar.com.ar\/#\/schema\/logo\/image\/"},"sameAs":["https:\/\/www.facebook.com\/NUEVODigitalDeEscobar","https:\/\/x.com\/nuevodigescobar","https:\/\/www.instagram.com\/nuevodigitaldeescobar"]},{"@type":"Person","@id":"https:\/\/nuevodigitaldeescobar.com.ar\/#\/schema\/person\/035e90a8efe9a80e6eec22656ad6ea4c","name":"Redacci\u00f3n","image":{"@type":"ImageObject","inLanguage":"es","@id":"https:\/\/nuevodigitaldeescobar.com.ar\/#\/schema\/person\/image\/","url":"https:\/\/secure.gravatar.com\/avatar\/8af8f40000c24e9eef3034f2be5998a372bb1389e64b1a4a36b3a7979142220d?s=96&d=mm&r=g","contentUrl":"https:\/\/secure.gravatar.com\/avatar\/8af8f40000c24e9eef3034f2be5998a372bb1389e64b1a4a36b3a7979142220d?s=96&d=mm&r=g","caption":"Redacci\u00f3n"},"sameAs":["http:\/\/nuevodigitaldeescobar.com.ar"],"url":"https:\/\/nuevodigitaldeescobar.com.ar\/?author=1"}]}},"featured_image_urls":{"full":["https:\/\/nuevodigitaldeescobar.com.ar\/wp-content\/uploads\/2023\/12\/hcd-1-e1701986274808.jpg",720,377,false],"thumbnail":["https:\/\/nuevodigitaldeescobar.com.ar\/wp-content\/uploads\/2023\/12\/hcd-1-150x150.jpg",150,150,true],"medium":["https:\/\/nuevodigitaldeescobar.com.ar\/wp-content\/uploads\/2023\/12\/hcd-1-300x157.jpg",300,157,true],"medium_large":["https:\/\/nuevodigitaldeescobar.com.ar\/wp-content\/uploads\/2023\/12\/hcd-1-768x402.jpg",640,335,true],"large":["https:\/\/nuevodigitaldeescobar.com.ar\/wp-content\/uploads\/2023\/12\/hcd-1-1024x536.jpg",640,335,true],"1536x1536":["https:\/\/nuevodigitaldeescobar.com.ar\/wp-content\/uploads\/2023\/12\/hcd-1-e1701986274808.jpg",720,377,false],"2048x2048":["https:\/\/nuevodigitaldeescobar.com.ar\/wp-content\/uploads\/2023\/12\/hcd-1-e1701986274808.jpg",720,377,false]},"author_info":{"display_name":"Redacci\u00f3n","author_link":"https:\/\/nuevodigitaldeescobar.com.ar\/?author=1"},"category_info":"<a href=\"https:\/\/nuevodigitaldeescobar.com.ar\/?cat=12\" rel=\"category\">Legislativas<\/a>","tag_info":"Legislativas","comment_count":"0","_links":{"self":[{"href":"https:\/\/nuevodigitaldeescobar.com.ar\/index.php?rest_route=\/wp\/v2\/posts\/1663","targetHints":{"allow":["GET"]}}],"collection":[{"href":"https:\/\/nuevodigitaldeescobar.com.ar\/index.php?rest_route=\/wp\/v2\/posts"}],"about":[{"href":"https:\/\/nuevodigitaldeescobar.com.ar\/index.php?rest_route=\/wp\/v2\/types\/post"}],"author":[{"embeddable":true,"href":"https:\/\/nuevodigitaldeescobar.com.ar\/index.php?rest_route=\/wp\/v2\/users\/1"}],"replies":[{"embeddable":true,"href":"https:\/\/nuevodigitaldeescobar.com.ar\/index.php?rest_route=%2Fwp%2Fv2%2Fcomments&post=1663"}],"version-history":[{"count":1,"href":"https:\/\/nuevodigitaldeescobar.com.ar\/index.php?rest_route=\/wp\/v2\/posts\/1663\/revisions"}],"predecessor-version":[{"id":1666,"href":"https:\/\/nuevodigitaldeescobar.com.ar\/index.php?rest_route=\/wp\/v2\/posts\/1663\/revisions\/1666"}],"wp:featuredmedia":[{"embeddable":true,"href":"https:\/\/nuevodigitaldeescobar.com.ar\/index.php?rest_route=\/wp\/v2\/media\/1664"}],"wp:attachment":[{"href":"https:\/\/nuevodigitaldeescobar.com.ar\/index.php?rest_route=%2Fwp%2Fv2%2Fmedia&parent=1663"}],"wp:term":[{"taxonomy":"category","embeddable":true,"href":"https:\/\/nuevodigitaldeescobar.com.ar\/index.php?rest_route=%2Fwp%2Fv2%2Fcategories&post=1663"},{"taxonomy":"post_tag","embeddable":true,"href":"https:\/\/nuevodigitaldeescobar.com.ar\/index.php?rest_route=%2Fwp%2Fv2%2Ftags&post=1663"}],"curies":[{"name":"wp","href":"https:\/\/api.w.org\/{rel}","templated":true}]}}